{"id":73671,"date":"2026-09-03T11:03:38","date_gmt":"2026-09-03T09:03:38","guid":{"rendered":"https:\/\/serbia.com\/?p=73671"},"modified":"2026-09-03T11:03:39","modified_gmt":"2026-09-03T09:03:39","slug":"7-mesta-u-srbiji-gde-leto-traje-malo-duze","status":"publish","type":"post","link":"https:\/\/serbia.com\/srpski\/7-mesta-u-srbiji-gde-leto-traje-malo-duze\/","title":{"rendered":"7 mesta u Srbiji gde leto traje malo du\u017ee"},"content":{"rendered":"\n<h3 class=\"wp-block-heading\"><em>Kada se avgust zavr\u0161i, Srbija se ne okrene odmah jeseni. Kraj mirnih jezera, \u0161irokih reka i \u0161umovitih planinskih padina, septembar \u010desto deluje kao ne\u017eniji nastavak leta &#8211; samo sa manje gu\u017eve i vi\u0161e prostora da se uspori.<\/em><\/h3>\n\n\n\n<p class=\"wp-block-paragraph\">Septembar u Srbiju sti\u017ee tiho. Po\u010dinje \u0161kolska godina, gradske ulice vra\u0107aju se svom poznatom ritmu, a na pijacama se pojavljuju prve korpe pune gro\u017e\u0111a i paprike. Ipak, izvan gradova, leto \u010desto jo\u0161 nije ni blizu kraja.<\/p>\n\n\n\n<p class=\"wp-block-paragraph\">Dani mogu ostati topli i vedri, ba\u0161te restorana i dalje rade, a mnoge destinacije uz reke i jezera postaju prijatnije \u010dim pro\u0111u najprometnije nedelje godi\u0161njih odmora. Razlika se ne svodi samo na manji broj posetilaca. Menja se \u010ditav ritam. Jutra su mirnija, \u0161etnje prijatnije, a dan pored vode vi\u0161e ne mora da se vrti oko potrage za slobodnim mestom na prepunoj pla\u017ei.<\/p>\n\n\n\n<p class=\"wp-block-paragraph\">Ovo nije lista mesta na kojima je kupanje u septembru zagarantovano. Temperatura vode i vremenske prilike mogu brzo da se promene, naro\u010dito na planinama. Ovo su, pre svega, krajevi u kojima se ose\u0107aj leta zadr\u017eava ne\u0161to du\u017ee &#8211; destinacije oblikovane vodom, otvorenim pejza\u017eima, ru\u010dkovima napolju i dugim popodnevima koja pozivaju da ostanete jo\u0161 malo.<\/p>\n\n\n\n<h2 class=\"wp-block-heading\">1. Bela Crkva: Miran odmor kraj jezera u ju\u017enom Banatu<\/h2>\n\n\n\n<p class=\"wp-block-paragraph\">Nedaleko od granice Srbije sa Rumunijom, <strong><a href=\"https:\/\/serbia.com\/srpski\/bela-crkva-vojvodanska-venecija\/\" data-type=\"post\" data-id=\"29248\" target=\"_blank\" rel=\"noreferrer noopener\">Belu Crkvu<\/a><\/strong> okru\u017euje nekoliko <strong><a href=\"https:\/\/serbia.com\/srpski\/belocrkvanska-jezera-letnja-oaza-srbije\/\" data-type=\"post\" data-id=\"72299\" target=\"_blank\" rel=\"noreferrer noopener\">jezera<\/a><\/strong> nastalih na mestima nekada\u0161njih kopova \u0161ljunka. Tokom jula i avgusta njihove pla\u017ee privla\u010de kupa\u010de i vikend-posetioce iz \u010ditave <strong><a href=\"https:\/\/serbia.com\/srpski\/region\/vojvodina-srpski\/\" data-type=\"region\" data-id=\"7158\" target=\"_blank\" rel=\"noreferrer noopener\">Vojvodine<\/a><\/strong>. Po\u010detkom septembra isti pejza\u017e dobija mnogo mirniji karakter.<\/p>\n\n\n\n<p class=\"wp-block-paragraph\"><strong>Gradsko jezero, najpoznatije me\u0111u belocrkvanskim jezerima<\/strong>, nalazi se blizu centra i predstavlja najjednostavniju polaznu ta\u010dku za upoznavanje ovog kraja. <strong>Vra\u010devgajsko jezero <\/strong>ima prostraniju, odmarali\u0161nu atmosferu, dok druga jezera u okolini privla\u010de ribolovce, kampere i putnike koji tra\u017ee manje ure\u0111ene obale.<\/p>\n\n\n\n<p class=\"wp-block-paragraph\">Tokom toplog septembarskog dana jo\u0161 se mo\u017ee ukazati<strong> prilika za kupanje ili odmor pored vode.<\/strong> Me\u0111utim, <strong><a href=\"https:\/\/serbia.com\/srpski\/bela-crkva-vojvodanska-venecija\/\" data-type=\"post\" data-id=\"29248\" target=\"_blank\" rel=\"noreferrer noopener\">Bela Crkva<\/a><\/strong> je podjednako prijatna i kada vreme vi\u0161e odgovara \u0161etnji. Jezera se mogu obilaziti bez \u017eurbe, uz pauze za kafu, ru\u010dak ili lenjo popodne u gradu. <strong>Ulice pod kro\u0161njama, stare fasade i ravni\u010darski banatski pejza\u017e <\/strong>daju joj karakter potpuno druga\u010diji od srpskih planinskih odmarali\u0161ta.<\/p>\n\n\n\n<figure class=\"wp-block-gallery has-nested-images columns-default is-cropped wp-block-gallery-1 is-layout-flex wp-block-gallery-is-layout-flex\">\n<figure class=\"wp-block-image size-large\"><img loading=\"lazy\" decoding=\"async\" width=\"1280\" height=\"853\" data-id=\"72300\" src=\"https:\/\/serbia.com\/wp-content\/uploads\/2026\/07\/ChatGPT-Image-Jul-13-2026-02_39_36-PM-1-1280x853.jpg\" alt=\"\" class=\"wp-image-72300\" srcset=\"https:\/\/serbia.com\/wp-content\/uploads\/2026\/07\/ChatGPT-Image-Jul-13-2026-02_39_36-PM-1-1280x853.jpg 1280w, https:\/\/serbia.com\/wp-content\/uploads\/2026\/07\/ChatGPT-Image-Jul-13-2026-02_39_36-PM-1-300x200.jpg 300w, https:\/\/serbia.com\/wp-content\/uploads\/2026\/07\/ChatGPT-Image-Jul-13-2026-02_39_36-PM-1-768x512.jpg 768w, https:\/\/serbia.com\/wp-content\/uploads\/2026\/07\/ChatGPT-Image-Jul-13-2026-02_39_36-PM-1-760x507.jpg 760w, https:\/\/serbia.com\/wp-content\/uploads\/2026\/07\/ChatGPT-Image-Jul-13-2026-02_39_36-PM-1-1500x1000.jpg 1500w, https:\/\/serbia.com\/wp-content\/uploads\/2026\/07\/ChatGPT-Image-Jul-13-2026-02_39_36-PM-1-750x500.jpg 750w, https:\/\/serbia.com\/wp-content\/uploads\/2026\/07\/ChatGPT-Image-Jul-13-2026-02_39_36-PM-1.jpg 1536w\" sizes=\"auto, (max-width: 1280px) 100vw, 1280px\" \/><figcaption class=\"wp-element-caption\">Belocrkvanska jezera<\/figcaption><\/figure>\n\n\n\n<figure class=\"wp-block-image size-large\"><img loading=\"lazy\" decoding=\"async\" width=\"1280\" height=\"960\" data-id=\"61059\" src=\"https:\/\/serbia.com\/wp-content\/uploads\/2025\/06\/Bela_crkva_Karanska-1280x960.jpg\" alt=\"\" class=\"wp-image-61059\" srcset=\"https:\/\/serbia.com\/wp-content\/uploads\/2025\/06\/Bela_crkva_Karanska-1280x960.jpg 1280w, https:\/\/serbia.com\/wp-content\/uploads\/2025\/06\/Bela_crkva_Karanska-300x225.jpg 300w, https:\/\/serbia.com\/wp-content\/uploads\/2025\/06\/Bela_crkva_Karanska-768x576.jpg 768w, https:\/\/serbia.com\/wp-content\/uploads\/2025\/06\/Bela_crkva_Karanska-1536x1152.jpg 1536w, https:\/\/serbia.com\/wp-content\/uploads\/2025\/06\/Bela_crkva_Karanska-760x570.jpg 760w, https:\/\/serbia.com\/wp-content\/uploads\/2025\/06\/Bela_crkva_Karanska-1333x1000.jpg 1333w, https:\/\/serbia.com\/wp-content\/uploads\/2025\/06\/Bela_crkva_Karanska-667x500.jpg 667w, https:\/\/serbia.com\/wp-content\/uploads\/2025\/06\/Bela_crkva_Karanska.jpg 1597w\" sizes=\"auto, (max-width: 1280px) 100vw, 1280px\" \/><figcaption class=\"wp-element-caption\">Bela Crkva, foto: Vera Bukvic, CC BY-SA 3.0\u00a0<a href=\"https:\/\/creativecommons.org\/licenses\/by-sa\/3.0\">https:\/\/creativecommons.org\/licenses\/by-sa\/3.0<\/a><\/figcaption><\/figure>\n<\/figure>\n\n\n\n<p class=\"wp-block-paragraph\"><\/p>\n\n\n\n<p class=\"wp-block-paragraph\">Septembar ubla\u017eava i o\u0161tar kontrast izme\u0111u \u017eivih pla\u017ea i uspavanog gradi\u0107a. Bez gu\u017eve iz vrhunca sezone, Bela Crkva manje li\u010di na klasi\u010dno letovali\u0161te, a vi\u0161e na mali srednjoevropski grad koji na svom pragu ima neobi\u010dno veliki broj jezera.<\/p>\n\n\n\n<p class=\"wp-block-paragraph\"><strong>Najbolje za:<\/strong> Opu\u0161ten vikend, \u0161etnje pored jezera i putnike koji vole manje gradove<br><strong>Ako ostajete du\u017ee:<\/strong> Spojite Belu Crkvu sa Deliblatskom pe\u0161\u010darom ili predelima uz reku Neru<br><strong>Imajte u vidu:<\/strong> Uslovi i dostupni sadr\u017eaji razlikuju se od jezera do jezera, a zvani\u010dna kupali\u0161na sezona mo\u017ee da se zavr\u0161i pre toplog vremena<\/p>\n\n\n\n<h2 class=\"wp-block-heading\">2. Srebrno jezero i Ram: Tamo gde Dunav jo\u0161 miri\u0161e na leto<\/h2>\n\n\n\n<p class=\"wp-block-paragraph\"><strong><a href=\"https:\/\/serbia.com\/srpski\/srebrno-jezero-najbolje-cuvana-tajna-srbije-za-ljubitelje-prirode\/\" data-type=\"post\" data-id=\"64816\" target=\"_blank\" rel=\"noreferrer noopener\">Srebrno jezero<\/a><\/strong> jedno je od klasi\u010dnih letnjih uto\u010di\u0161ta <strong><a href=\"https:\/\/serbia.com\/srpski\/region\/istocna-srbija-rs\/\" data-type=\"region\" data-id=\"7149\" target=\"_blank\" rel=\"noreferrer noopener\">isto\u010dne Srbije<\/a><\/strong>, ali po\u010detak septembra mo\u017eda je jo\u0161 bolji trenutak da ga upoznate. \u0160etali\u0161te je mirnije, lak\u0161e se pronalazi sto u restoranu, a ravne staze uz obalu pozivaju na duge \u0161etnje ili laganu vo\u017enju bicikla.<\/p>\n\n\n\n<p class=\"wp-block-paragraph\">Jezero je nastalo pregra\u0111ivanjem nekada\u0161njeg rukavca Dunava i od glavnog re\u010dnog toka odvojeno je nasipom. <strong>Mirna povr\u0161ina, otvoren horizont i \u010duveni zalasci sunca <\/strong>stvaraju nepogre\u0161ivo letnju atmosferu, \u010dak i kada ve\u010deri po\u010dnu da postaju sve\u017eije.<\/p>\n\n\n\n<p class=\"wp-block-paragraph\">Prava vrednost boravka na ovom mestu, me\u0111utim, le\u017ei u \u0161irem pejza\u017eu. Na kratkoj udaljenosti od jezera, <strong><a href=\"https:\/\/serbia.com\/srpski\/tvrdava-ram-petougaono-cudo-na-dunavu\/\" data-type=\"post\" data-id=\"56628\" target=\"_blank\" rel=\"noreferrer noopener\">Ramska tvr\u0111ava<\/a><\/strong> uzdi\u017ee se na strmoj obali Dunava. Obnovljeno kameno utvr\u0111enje gleda na jedan od naj\u0161irih delova reke, gde suprotna obala deluje gotovo nestvarno daleko. Svetlost kasnog popodneva posebno je lepa, ali pogled vredi do\u017eiveti u bilo koje doba dana.<\/p>\n\n\n\n<figure class=\"wp-block-gallery has-nested-images columns-default is-cropped wp-block-gallery-2 is-layout-flex wp-block-gallery-is-layout-flex\">\n<figure class=\"wp-block-image size-large\"><img loading=\"lazy\" decoding=\"async\" width=\"1280\" height=\"720\" data-id=\"69408\" src=\"https:\/\/serbia.com\/wp-content\/uploads\/2026\/04\/ChatGPT-Image-Apr-17-2026-02_09_38-PM-1280x720.jpg\" alt=\"\" class=\"wp-image-69408\" srcset=\"https:\/\/serbia.com\/wp-content\/uploads\/2026\/04\/ChatGPT-Image-Apr-17-2026-02_09_38-PM-1280x720.jpg 1280w, https:\/\/serbia.com\/wp-content\/uploads\/2026\/04\/ChatGPT-Image-Apr-17-2026-02_09_38-PM-300x169.jpg 300w, https:\/\/serbia.com\/wp-content\/uploads\/2026\/04\/ChatGPT-Image-Apr-17-2026-02_09_38-PM-768x432.jpg 768w, https:\/\/serbia.com\/wp-content\/uploads\/2026\/04\/ChatGPT-Image-Apr-17-2026-02_09_38-PM-1536x864.jpg 1536w, https:\/\/serbia.com\/wp-content\/uploads\/2026\/04\/ChatGPT-Image-Apr-17-2026-02_09_38-PM-760x428.jpg 760w, https:\/\/serbia.com\/wp-content\/uploads\/2026\/04\/ChatGPT-Image-Apr-17-2026-02_09_38-PM-888x500.jpg 888w, https:\/\/serbia.com\/wp-content\/uploads\/2026\/04\/ChatGPT-Image-Apr-17-2026-02_09_38-PM.jpg 1672w\" sizes=\"auto, (max-width: 1280px) 100vw, 1280px\" \/><figcaption class=\"wp-element-caption\">Srebrno jezero<\/figcaption><\/figure>\n\n\n\n<figure class=\"wp-block-image size-large\"><img loading=\"lazy\" decoding=\"async\" width=\"1280\" height=\"853\" data-id=\"73668\" src=\"https:\/\/serbia.com\/wp-content\/uploads\/2026\/09\/Untitled-2250-x-1500-px-2026-09-03T093350.235-1280x853.png\" alt=\"\" class=\"wp-image-73668\" srcset=\"https:\/\/serbia.com\/wp-content\/uploads\/2026\/09\/Untitled-2250-x-1500-px-2026-09-03T093350.235-1280x853.png 1280w, https:\/\/serbia.com\/wp-content\/uploads\/2026\/09\/Untitled-2250-x-1500-px-2026-09-03T093350.235-300x200.png 300w, https:\/\/serbia.com\/wp-content\/uploads\/2026\/09\/Untitled-2250-x-1500-px-2026-09-03T093350.235-768x512.png 768w, https:\/\/serbia.com\/wp-content\/uploads\/2026\/09\/Untitled-2250-x-1500-px-2026-09-03T093350.235-1536x1024.png 1536w, https:\/\/serbia.com\/wp-content\/uploads\/2026\/09\/Untitled-2250-x-1500-px-2026-09-03T093350.235-2048x1365.png 2048w, https:\/\/serbia.com\/wp-content\/uploads\/2026\/09\/Untitled-2250-x-1500-px-2026-09-03T093350.235-760x507.png 760w, https:\/\/serbia.com\/wp-content\/uploads\/2026\/09\/Untitled-2250-x-1500-px-2026-09-03T093350.235-1500x1000.png 1500w, https:\/\/serbia.com\/wp-content\/uploads\/2026\/09\/Untitled-2250-x-1500-px-2026-09-03T093350.235-750x500.png 750w\" sizes=\"auto, (max-width: 1280px) 100vw, 1280px\" \/><figcaption class=\"wp-element-caption\">Tvr\u0111ava Ram<\/figcaption><\/figure>\n<\/figure>\n\n\n\n<p class=\"wp-block-paragraph\"><\/p>\n\n\n\n<p class=\"wp-block-paragraph\"><strong><a href=\"https:\/\/serbia.com\/srpski\/srebrno-jezero-najbolje-cuvana-tajna-srbije-za-ljubitelje-prirode\/\" data-type=\"post\" data-id=\"64816\" target=\"_blank\" rel=\"noreferrer noopener\">Srebrno jezero<\/a> i <a href=\"https:\/\/serbia.com\/srpski\/tvrdava-ram-petougaono-cudo-na-dunavu\/\" data-type=\"post\" data-id=\"56628\" target=\"_blank\" rel=\"noreferrer noopener\">Ram<\/a> zajedno pru\u017eaju mnogo vi\u0161e od poslednjeg vikenda pored vode.<\/strong> Od njih se mo\u017ee napraviti malo putovanje kroz prirodu i istoriju: doru\u010dak kraj jezera, vo\u017enja bicikla ili \u0161etnja uz obalu, ru\u010dak sa pogledom na Dunav i zalazak sunca kod tvr\u0111ave.<\/p>\n\n\n\n<p class=\"wp-block-paragraph\"><strong>Najbolje za:<\/strong> Parove, bicikliste i jednostavan dvodnevni beg<br><strong>Ne propustite:<\/strong> Ramsku tvr\u0111avu i \u0161irok pogled preko Dunava<br><strong>Alternativni plan:<\/strong> Ako je dan previ\u0161e sve\u017e za pla\u017eu, obi\u0111ite Veliko Gradi\u0161te i nastavite ka Golupcu<\/p>\n\n\n\n<h2 class=\"wp-block-heading\">3. Donji Milanovac: Dugi dani na Dunavu<\/h2>\n\n\n\n<p class=\"wp-block-paragraph\">Postoje mesta na kojima je Dunav deo pejza\u017ea, a onda postoji <strong><a href=\"https:\/\/serbia.com\/srpski\/donji-milanovac-savrsena-junska-destinacija-u-srcu-derdapa\/\" data-type=\"post\" data-id=\"71080\" target=\"_blank\" rel=\"noreferrer noopener\">Donji Milanovac<\/a><\/strong>, gde reka kao da odre\u0111uje \u010ditav horizont.<\/p>\n\n\n\n<p class=\"wp-block-paragraph\">Sme\u0161ten unutar <strong><a href=\"https:\/\/serbia.com\/srpski\/posetite-srbiju\/prirodne-lepote\/reke-i-jezera\/derdap-magicni-spoj-prirode-i-kulture\/\" data-type=\"page\" data-id=\"32676\" target=\"_blank\" rel=\"noreferrer noopener\">Nacionalnog parka \u0110erdap<\/a><\/strong>, mali grad izlazi na izuzetno \u0161irok deo Dunava. Njegova obala stvorena je za spore septembarske dane: jutarnju kafu sa pogledom na reku, \u0161etnju promenadom i ve\u010deru na otvorenom dok brodovi prolaze izme\u0111u Srbije i Rumunije.<\/p>\n\n\n\n<p class=\"wp-block-paragraph\">Donji Milanovac je i prakti\u010dna baza za upoznavanje nekih od najzna\u010dajnijih mesta <strong><a href=\"https:\/\/serbia.com\/srpski\/region\/istocna-srbija-rs\/\" data-type=\"region\" data-id=\"7149\" target=\"_blank\" rel=\"noreferrer noopener\">isto\u010dne Srbije<\/a><\/strong>. Arheolo\u0161ki lokalitet <strong><a href=\"https:\/\/serbia.com\/srpski\/posetite-srbiju\/kulturne-atrakcije\/arheoloska-nalazista\/lepenski-vir-najstarije-urbano-naselje-u-evropi\/\" data-type=\"page\" data-id=\"31656\" target=\"_blank\" rel=\"noreferrer noopener\">Lepenski Vir<\/a><\/strong> \u010duva pri\u010du o praistorijskom naselju koje je pre vi\u0161e hiljada godina nastalo na obali Dunava. Nacionalni park u okru\u017eenju nudi \u0161umske staze i dramati\u010dne vidikovce, dok vo\u017enja brodom otkriva sasvim druga\u010diji pogled na <strong><a href=\"https:\/\/serbia.com\/srpski\/posetite-srbiju\/prirodne-lepote\/reke-i-jezera\/derdap-magicni-spoj-prirode-i-kulture\/\" data-type=\"page\" data-id=\"32676\" target=\"_blank\" rel=\"noreferrer noopener\">\u0110erdapsku klisuru<\/a><\/strong>.<\/p>\n\n\n\n<figure class=\"wp-block-gallery has-nested-images columns-default is-cropped wp-block-gallery-3 is-layout-flex wp-block-gallery-is-layout-flex\">\n<figure class=\"wp-block-image size-large\"><img loading=\"lazy\" decoding=\"async\" width=\"1280\" height=\"853\" data-id=\"71078\" src=\"https:\/\/serbia.com\/wp-content\/uploads\/2026\/06\/ChatGPT-Image-Jun-2-2026-12_06_58-PM-1280x853.jpg\" alt=\"\" class=\"wp-image-71078\" srcset=\"https:\/\/serbia.com\/wp-content\/uploads\/2026\/06\/ChatGPT-Image-Jun-2-2026-12_06_58-PM-1280x853.jpg 1280w, https:\/\/serbia.com\/wp-content\/uploads\/2026\/06\/ChatGPT-Image-Jun-2-2026-12_06_58-PM-300x200.jpg 300w, https:\/\/serbia.com\/wp-content\/uploads\/2026\/06\/ChatGPT-Image-Jun-2-2026-12_06_58-PM-768x512.jpg 768w, https:\/\/serbia.com\/wp-content\/uploads\/2026\/06\/ChatGPT-Image-Jun-2-2026-12_06_58-PM-760x507.jpg 760w, https:\/\/serbia.com\/wp-content\/uploads\/2026\/06\/ChatGPT-Image-Jun-2-2026-12_06_58-PM-1500x1000.jpg 1500w, https:\/\/serbia.com\/wp-content\/uploads\/2026\/06\/ChatGPT-Image-Jun-2-2026-12_06_58-PM-750x500.jpg 750w, https:\/\/serbia.com\/wp-content\/uploads\/2026\/06\/ChatGPT-Image-Jun-2-2026-12_06_58-PM.jpg 1536w\" sizes=\"auto, (max-width: 1280px) 100vw, 1280px\" \/><figcaption class=\"wp-element-caption\">Donji Milanovac, ph: \u0412\u0430\u043d\u0438\u043b\u0438\u0446\u0430, CC BY-SA 4.0\u00a0<a href=\"https:\/\/creativecommons.org\/licenses\/by-sa\/4.0\">https:\/\/creativecommons.org\/licenses\/by-sa\/4.0<\/a>,<\/figcaption><\/figure>\n\n\n\n<figure class=\"wp-block-image size-large\"><img loading=\"lazy\" decoding=\"async\" width=\"1280\" height=\"853\" data-id=\"71902\" src=\"https:\/\/serbia.com\/wp-content\/uploads\/2026\/06\/ChatGPT-Image-Jun-29-2026-09_57_49-AM-1280x853.jpg\" alt=\"\" class=\"wp-image-71902\" srcset=\"https:\/\/serbia.com\/wp-content\/uploads\/2026\/06\/ChatGPT-Image-Jun-29-2026-09_57_49-AM-1280x853.jpg 1280w, https:\/\/serbia.com\/wp-content\/uploads\/2026\/06\/ChatGPT-Image-Jun-29-2026-09_57_49-AM-300x200.jpg 300w, https:\/\/serbia.com\/wp-content\/uploads\/2026\/06\/ChatGPT-Image-Jun-29-2026-09_57_49-AM-768x512.jpg 768w, https:\/\/serbia.com\/wp-content\/uploads\/2026\/06\/ChatGPT-Image-Jun-29-2026-09_57_49-AM-760x507.jpg 760w, https:\/\/serbia.com\/wp-content\/uploads\/2026\/06\/ChatGPT-Image-Jun-29-2026-09_57_49-AM-1500x1000.jpg 1500w, https:\/\/serbia.com\/wp-content\/uploads\/2026\/06\/ChatGPT-Image-Jun-29-2026-09_57_49-AM-750x500.jpg 750w, https:\/\/serbia.com\/wp-content\/uploads\/2026\/06\/ChatGPT-Image-Jun-29-2026-09_57_49-AM.jpg 1536w\" sizes=\"auto, (max-width: 1280px) 100vw, 1280px\" \/><figcaption class=\"wp-element-caption\">Nacionalni park \u0110erdap<\/figcaption><\/figure>\n<\/figure>\n\n\n\n<p class=\"wp-block-paragraph\"><\/p>\n\n\n\n<p class=\"wp-block-paragraph\">U jeku leta ovaj kraj mo\u017ee biti veoma topao i prometan. Septembar aktivne dane \u010dini prijatnijim. Tada je lak\u0161e spojiti boravak na obali sa posetom muzeju, pe\u0161a\u010denjem ili vo\u017enjom kroz klisuru, bez organizovanja \u010ditavog dana oko najve\u0107e podnevne vru\u0107ine.<\/p>\n\n\n\n<p class=\"wp-block-paragraph\">Donji Milanovac nije mesto na kojem treba sakupiti \u0161to vi\u0161e znamenitosti. Njegova najve\u0107a dra\u017e je ose\u0107aj prostora: planine iza vas, voda ispred vas i dovoljno vremena da do\u017eivite i jedno i drugo.<\/p>\n\n\n\n<p class=\"wp-block-paragraph\"><strong>Najbolje za:<\/strong> Dunav, arheologiju i road trip kroz isto\u010dnu Srbiju<br><strong>Ne propustite:<\/strong> Lepenski Vir i makar jedan pogled na reku sa visine<br><strong>Ako ostajete du\u017ee:<\/strong> Nastavite ka Golupcu na jednu ili Kladovu na drugu stranu<\/p>\n\n\n\n<h2 class=\"wp-block-heading\">4. Ov\u010dar Banja: Sporija strana Zapadne Morave<\/h2>\n\n\n\n<p class=\"wp-block-paragraph\"><strong><a href=\"https:\/\/serbia.com\/srpski\/ovcar-banja-tajno-utociste-za-ljubitelje-prirode-i-wellnessa\/\" data-type=\"post\" data-id=\"55812\" target=\"_blank\" rel=\"noreferrer noopener\">Ov\u010dar Banja<\/a><\/strong> nalazi se u jednom od najupe\u010datljivijih pejza\u017ea Srbije, tamo gde Zapadna Morava vijuga izme\u0111u planina <strong><a href=\"https:\/\/serbia.com\/srpski\/ovcarsko-kablarska-klisura-srpska-sveta-gora\/\" data-type=\"post\" data-id=\"35796\" target=\"_blank\" rel=\"noreferrer noopener\">Ov\u010dar i Kablar<\/a><\/strong>. Re\u010dni meandri, \u0161umovite padine i manastiri skriveni \u0161irom klisure \u010dine ovaj kraj mnogo zanimljivijim od uobi\u010dajene banjske stanice.<\/p>\n\n\n\n<p class=\"wp-block-paragraph\">Po\u010detkom septembra priroda je jo\u0161 uvek prete\u017eno zelena. Popodneva mogu ostati topla, ali su \u0161etnja i pe\u0161a\u010denje obi\u010dno prijatniji nego tokom najvrelijih letnjih nedelja. Posetioci mogu da biraju izme\u0111u mirnog dana pored reke i aktivnije rute koja vodi do nekog od vidikovaca iznad meandara.<\/p>\n\n\n\n<p class=\"wp-block-paragraph\"><strong>Manastiri ovom putovanju daju dodatnu dimenziju.<\/strong> Ne bi ih trebalo posmatrati kao znamenitosti koje treba \u201esakupiti\u201d u jednom danu, ve\u0107 kao \u017eive verske zajednice utkane u pejza\u017e. Poseta jednom ili dvama manastirima, uz prikladnu ode\u0107u i po\u0161tovanje bogoslu\u017eenja i mona\u0161kog \u017eivota, pru\u017ea smisleniji do\u017eivljaj od \u017eurbe kroz \u010ditavu grupu svetinja.<\/p>\n\n\n\n<p class=\"wp-block-paragraph\">Za opu\u0161ten dan spojite jutarnju \u0161etnju ili vo\u017enju \u010damcem sa ru\u010dkom i vremenom kraj vode. Iskusniji planinari mogu krenuti prema <strong><a href=\"https:\/\/serbia.com\/srpski\/vidikovac-kablar-zakoracite-iznad-najlepse-klisure-srbije\/\" data-type=\"post\" data-id=\"72063\" target=\"_blank\" rel=\"noreferrer noopener\">vidikovcu na Kablaru<\/a><\/strong>, ali pre polaska obavezno treba proveriti rutu, stanje terena i vremenske uslove.<\/p>\n\n\n\n<figure class=\"wp-block-gallery has-nested-images columns-default is-cropped wp-block-gallery-4 is-layout-flex wp-block-gallery-is-layout-flex\">\n<figure class=\"wp-block-image size-large\"><img loading=\"lazy\" decoding=\"async\" width=\"1280\" height=\"853\" data-id=\"73658\" src=\"https:\/\/serbia.com\/wp-content\/uploads\/2026\/09\/Ovcar_Banja_79-1280x853.jpg\" alt=\"\" class=\"wp-image-73658\" srcset=\"https:\/\/serbia.com\/wp-content\/uploads\/2026\/09\/Ovcar_Banja_79-1280x853.jpg 1280w, https:\/\/serbia.com\/wp-content\/uploads\/2026\/09\/Ovcar_Banja_79-300x200.jpg 300w, https:\/\/serbia.com\/wp-content\/uploads\/2026\/09\/Ovcar_Banja_79-768x512.jpg 768w, https:\/\/serbia.com\/wp-content\/uploads\/2026\/09\/Ovcar_Banja_79-1536x1024.jpg 1536w, https:\/\/serbia.com\/wp-content\/uploads\/2026\/09\/Ovcar_Banja_79-760x507.jpg 760w, https:\/\/serbia.com\/wp-content\/uploads\/2026\/09\/Ovcar_Banja_79-1500x1000.jpg 1500w, https:\/\/serbia.com\/wp-content\/uploads\/2026\/09\/Ovcar_Banja_79-750x500.jpg 750w, https:\/\/serbia.com\/wp-content\/uploads\/2026\/09\/Ovcar_Banja_79.jpg 1920w\" sizes=\"auto, (max-width: 1280px) 100vw, 1280px\" \/><figcaption class=\"wp-element-caption\">Ov\u010dar Banja, ph: BrankaVV, CC BY-SA 4.0\u00a0<a href=\"https:\/\/creativecommons.org\/licenses\/by-sa\/4.0\">https:\/\/creativecommons.org\/licenses\/by-sa\/4.0<\/a><\/figcaption><\/figure>\n\n\n\n<figure class=\"wp-block-image size-large\"><img loading=\"lazy\" decoding=\"async\" width=\"1280\" height=\"853\" data-id=\"54144\" src=\"https:\/\/serbia.com\/wp-content\/uploads\/2016\/08\/iStock-691971762-1280x853.jpg\" alt=\"Serbian Nature\" class=\"wp-image-54144\" srcset=\"https:\/\/serbia.com\/wp-content\/uploads\/2016\/08\/iStock-691971762-1280x853.jpg 1280w, https:\/\/serbia.com\/wp-content\/uploads\/2016\/08\/iStock-691971762-300x200.jpg 300w, https:\/\/serbia.com\/wp-content\/uploads\/2016\/08\/iStock-691971762-768x512.jpg 768w, https:\/\/serbia.com\/wp-content\/uploads\/2016\/08\/iStock-691971762-1536x1024.jpg 1536w, https:\/\/serbia.com\/wp-content\/uploads\/2016\/08\/iStock-691971762-2048x1365.jpg 2048w, https:\/\/serbia.com\/wp-content\/uploads\/2016\/08\/iStock-691971762-760x507.jpg 760w, https:\/\/serbia.com\/wp-content\/uploads\/2016\/08\/iStock-691971762-1500x1000.jpg 1500w, https:\/\/serbia.com\/wp-content\/uploads\/2016\/08\/iStock-691971762-750x500.jpg 750w\" sizes=\"auto, (max-width: 1280px) 100vw, 1280px\" \/><figcaption class=\"wp-element-caption\">Ov\u010darsko Kablarska klisura<\/figcaption><\/figure>\n<\/figure>\n\n\n\n<p class=\"wp-block-paragraph\"><\/p>\n\n\n\n<p class=\"wp-block-paragraph\"><strong><a href=\"https:\/\/serbia.com\/srpski\/ovcar-banja-tajno-utociste-za-ljubitelje-prirode-i-wellnessa\/\" data-type=\"post\" data-id=\"55812\" target=\"_blank\" rel=\"noreferrer noopener\">Ov\u010dar Banja<\/a><\/strong> je mesto na kojem kasno leto ne nestaje, ve\u0107 postaje ti\u0161e. Voda, \u0161ume i tople stene klisure zadr\u017eavaju njegov trag, dok sve\u017eija jutra najavljuju ono \u0161to tek dolazi.<\/p>\n\n\n\n<p class=\"wp-block-paragraph\"><strong>Najbolje za:<\/strong> Prirodu, manastire i spoj odmora i aktivnosti<br><strong>Izaberite svoj ritam:<\/strong> Dan pored reke, izlet \u010damcem ili uspon iznad klisure<br><strong>Imajte u vidu:<\/strong> Staze se znatno razlikuju po te\u017eini; odgovaraju\u0107a obu\u0107a i sve\u017ee lokalne informacije veoma su va\u017eni<\/p>\n\n\n\n<h2 class=\"wp-block-heading\">5. Pali\u0107: Septembar pod platanima<\/h2>\n\n\n\n<p class=\"wp-block-paragraph\"><strong><a href=\"https:\/\/serbia.com\/srpski\/zasto-bi-palic-mogao-biti-najneocekivaniji-letnji-beg-u-srbiji\/\" data-type=\"post\" data-id=\"70358\" target=\"_blank\" rel=\"noreferrer noopener\">Pali\u0107<\/a><\/strong> se naj\u010de\u0161\u0107e vezuje za <strong>rasko\u0161ne vile, promenadu pored jezera i elegantnu arhitekturu sa po\u010detka 20. veka<\/strong>. Upravo u septembru te njegove osobine ponovo dolaze u prvi plan.<\/p>\n\n\n\n<p class=\"wp-block-paragraph\">Letnja gu\u017eva po\u010dinje da jenjava, ali park ostaje zelen, a kafi\u0107i pored jezera i dalje pozivaju na duge, spore pauze. Dok \u0161etate pod platanima i prolazite pored <strong>Vodotornja, Velike terase i \u017denskog \u0161tranda<\/strong>, lako je razumeti za\u0161to se Pali\u0107 razvio kao mondensko odmarali\u0161te.<\/p>\n\n\n\n<p class=\"wp-block-paragraph\">Najbolje ga je do\u017eiveti bez preambicioznog rasporeda. Pro\u0161etajte ili vozite bicikl kraj jezera, upoznajte istorijske gra\u0111evine i ostavite dovoljno vremena za ru\u010dak. Porodice posetu mogu spojiti sa<strong> Zoolo\u0161kim vrtom Pali\u0107<\/strong>, dok putnici zainteresovani za arhitekturu mogu nastaviti do obli\u017enje Subotice i njenih izuzetnih secesijskih zdanja.<\/p>\n\n\n\n<figure class=\"wp-block-gallery has-nested-images columns-default is-cropped wp-block-gallery-5 is-layout-flex wp-block-gallery-is-layout-flex\">\n<figure class=\"wp-block-image size-large\"><img loading=\"lazy\" decoding=\"async\" width=\"1280\" height=\"578\" data-id=\"70362\" src=\"https:\/\/serbia.com\/wp-content\/uploads\/2026\/05\/Untitled-2250-x-1500-px-2026-05-16T201227.592-2-e1778957677327-1280x578.jpg\" alt=\"\" class=\"wp-image-70362\" srcset=\"https:\/\/serbia.com\/wp-content\/uploads\/2026\/05\/Untitled-2250-x-1500-px-2026-05-16T201227.592-2-e1778957677327-1280x578.jpg 1280w, https:\/\/serbia.com\/wp-content\/uploads\/2026\/05\/Untitled-2250-x-1500-px-2026-05-16T201227.592-2-e1778957677327-300x135.jpg 300w, https:\/\/serbia.com\/wp-content\/uploads\/2026\/05\/Untitled-2250-x-1500-px-2026-05-16T201227.592-2-e1778957677327-768x347.jpg 768w, https:\/\/serbia.com\/wp-content\/uploads\/2026\/05\/Untitled-2250-x-1500-px-2026-05-16T201227.592-2-e1778957677327-1536x694.jpg 1536w, https:\/\/serbia.com\/wp-content\/uploads\/2026\/05\/Untitled-2250-x-1500-px-2026-05-16T201227.592-2-e1778957677327-2048x925.jpg 2048w, https:\/\/serbia.com\/wp-content\/uploads\/2026\/05\/Untitled-2250-x-1500-px-2026-05-16T201227.592-2-e1778957677327-760x343.jpg 760w, https:\/\/serbia.com\/wp-content\/uploads\/2026\/05\/Untitled-2250-x-1500-px-2026-05-16T201227.592-2-e1778957677327-1107x500.jpg 1107w\" sizes=\"auto, (max-width: 1280px) 100vw, 1280px\" \/><figcaption class=\"wp-element-caption\">Pali\u0107ko jezero<\/figcaption><\/figure>\n\n\n\n<figure class=\"wp-block-image size-large\"><img loading=\"lazy\" decoding=\"async\" width=\"1280\" height=\"853\" data-id=\"63475\" src=\"https:\/\/serbia.com\/wp-content\/uploads\/2025\/11\/Untitled-2250-x-1500-px-30-1280x853.jpg\" alt=\"\" class=\"wp-image-63475\" srcset=\"https:\/\/serbia.com\/wp-content\/uploads\/2025\/11\/Untitled-2250-x-1500-px-30-1280x853.jpg 1280w, https:\/\/serbia.com\/wp-content\/uploads\/2025\/11\/Untitled-2250-x-1500-px-30-300x200.jpg 300w, https:\/\/serbia.com\/wp-content\/uploads\/2025\/11\/Untitled-2250-x-1500-px-30-768x512.jpg 768w, https:\/\/serbia.com\/wp-content\/uploads\/2025\/11\/Untitled-2250-x-1500-px-30-1536x1024.jpg 1536w, https:\/\/serbia.com\/wp-content\/uploads\/2025\/11\/Untitled-2250-x-1500-px-30-2048x1365.jpg 2048w, https:\/\/serbia.com\/wp-content\/uploads\/2025\/11\/Untitled-2250-x-1500-px-30-760x507.jpg 760w, https:\/\/serbia.com\/wp-content\/uploads\/2025\/11\/Untitled-2250-x-1500-px-30-1500x1000.jpg 1500w, https:\/\/serbia.com\/wp-content\/uploads\/2025\/11\/Untitled-2250-x-1500-px-30-750x500.jpg 750w\" sizes=\"auto, (max-width: 1280px) 100vw, 1280px\" \/><figcaption class=\"wp-element-caption\">Subotica<\/figcaption><\/figure>\n<\/figure>\n\n\n\n<p class=\"wp-block-paragraph\"><\/p>\n\n\n\n<p class=\"wp-block-paragraph\"><strong><a href=\"https:\/\/serbia.com\/srpski\/zasto-bi-palic-mogao-biti-najneocekivaniji-letnji-beg-u-srbiji\/\" data-type=\"post\" data-id=\"70358\" target=\"_blank\" rel=\"noreferrer noopener\">Pali\u0107<\/a><\/strong> se na ovoj listi ne nalazi prvenstveno kao destinacija za kupanje. Ekolo\u0161ko stanje jezera i aktuelne preporuke uvek treba proveriti na licu mesta. Njegova kasnoletnja privla\u010dnost le\u017ei u atmosferi oko vode: stazama u hladu, stolovima na otvorenom, dekorativnim paviljonima i ritmu starog odmarali\u0161ta u kojem se nikuda ne \u017euri.<\/p>\n\n\n\n<p class=\"wp-block-paragraph\">Po\u0161to je <strong><a href=\"https:\/\/serbia.com\/srpski\/posetite-srbiju\/gradovi\/subotica\/\" data-type=\"page\" data-id=\"20447\" target=\"_blank\" rel=\"noreferrer noopener\">Subotica<\/a><\/strong> udaljena svega nekoliko kilometara, ove dve destinacije \u010dine jednu od najjednostavnijih i najzanimljivijih kombinacija grada i prirode u Srbiji.<\/p>\n\n\n\n<p class=\"wp-block-paragraph\"><strong>Najbolje za:<\/strong> Arhitekturu, lagane \u0161etnje, porodice i odmor tokom kojeg vam automobil nije neophodan<br><strong>Ne propustite:<\/strong> Vodotoranj, Veliku terasu i centar Subotice<br><strong>Putujte polako:<\/strong> Posvetite Pali\u0107u i Subotici ceo vikend, umesto da jezero svedete na kratko zaustavljanje za fotografisanje<\/p>\n\n\n\n<h2 class=\"wp-block-heading\">6. Zaovine: Poslednji zeleni dani na Tari<\/h2>\n\n\n\n<p class=\"wp-block-paragraph\">Na <strong><a href=\"https:\/\/serbia.com\/srpski\/planinsko-selo-zaovine-tamo-gde-bajka-pocinje\/\" data-type=\"post\" data-id=\"51604\" target=\"_blank\" rel=\"noreferrer noopener\">Zaovinama<\/a><\/strong> se leto zadr\u017eava na druga\u010diji na\u010din. Nema toplih gradskih ve\u010deri ni \u017eivih promenada. Umesto njih, tu su <strong>guste zelene \u0161ume, rasute planinske ku\u0107e i pogled na jezero<\/strong> \u010dija se boja menja zajedno sa nebom.<\/p>\n\n\n\n<p class=\"wp-block-paragraph\">Sme\u0161tene u \u0161irem prostoru <strong><a href=\"https:\/\/serbia.com\/srpski\/destination\/tara\/\" data-type=\"destination\" data-id=\"70655\" target=\"_blank\" rel=\"noreferrer noopener\">Tare<\/a><\/strong>, Zaovine nude mirniju alternativu poznatijim planinskim centrima Srbije. Po\u010detkom septembra priroda \u010desto \u010duva puno letnje zelenilo, dok jutra i ve\u010deri postaju primetno sve\u017eiji. Ta promena temperature deo je do\u017eivljaja: vedro popodne kraj jezera mo\u017ee da se pretvori u prohladno ve\u010de za koje je ve\u0107 potrebna jakna.<\/p>\n\n\n\n<p class=\"wp-block-paragraph\">Ovo je destinacija za <strong>lagane \u0161etnje, vidikovce, piknike i boravak u planinskoj ku\u0107i.<\/strong> <strong><a href=\"https:\/\/serbia.com\/srpski\/zaovinsko-jezero-skriveni-tirkizni-dragulj-planine-tare\/\" data-type=\"post\" data-id=\"59749\" target=\"_blank\" rel=\"noreferrer noopener\">Jezero<\/a><\/strong> je vizuelno sredi\u0161te \u010ditavog kraja, ali ne treba pretpostaviti da je svaka obala pristupa\u010dna ili pogodna za kupanje. Nivo vode, prilazi i temperatura mogu da variraju, a priroda zahteva isti oprez kao i u svakom drugom planinskom podru\u010dju.<\/p>\n\n\n\n<figure class=\"wp-block-gallery has-nested-images columns-default is-cropped wp-block-gallery-6 is-layout-flex wp-block-gallery-is-layout-flex\">\n<figure class=\"wp-block-image size-large\"><img loading=\"lazy\" decoding=\"async\" width=\"1280\" height=\"853\" data-id=\"72117\" src=\"https:\/\/serbia.com\/wp-content\/uploads\/2026\/07\/Untitled-2250-x-1500-px-2026-07-08T111407.024-1280x853.jpg\" alt=\"\" class=\"wp-image-72117\" srcset=\"https:\/\/serbia.com\/wp-content\/uploads\/2026\/07\/Untitled-2250-x-1500-px-2026-07-08T111407.024-1280x853.jpg 1280w, https:\/\/serbia.com\/wp-content\/uploads\/2026\/07\/Untitled-2250-x-1500-px-2026-07-08T111407.024-300x200.jpg 300w, https:\/\/serbia.com\/wp-content\/uploads\/2026\/07\/Untitled-2250-x-1500-px-2026-07-08T111407.024-768x512.jpg 768w, https:\/\/serbia.com\/wp-content\/uploads\/2026\/07\/Untitled-2250-x-1500-px-2026-07-08T111407.024-1536x1024.jpg 1536w, https:\/\/serbia.com\/wp-content\/uploads\/2026\/07\/Untitled-2250-x-1500-px-2026-07-08T111407.024-2048x1365.jpg 2048w, https:\/\/serbia.com\/wp-content\/uploads\/2026\/07\/Untitled-2250-x-1500-px-2026-07-08T111407.024-760x507.jpg 760w, https:\/\/serbia.com\/wp-content\/uploads\/2026\/07\/Untitled-2250-x-1500-px-2026-07-08T111407.024-1500x1000.jpg 1500w, https:\/\/serbia.com\/wp-content\/uploads\/2026\/07\/Untitled-2250-x-1500-px-2026-07-08T111407.024-750x500.jpg 750w\" sizes=\"auto, (max-width: 1280px) 100vw, 1280px\" \/><figcaption class=\"wp-element-caption\">Nacionalni park Tara<\/figcaption><\/figure>\n\n\n\n<figure class=\"wp-block-image size-large\"><img loading=\"lazy\" decoding=\"async\" width=\"1280\" height=\"853\" data-id=\"72126\" src=\"https:\/\/serbia.com\/wp-content\/uploads\/2026\/07\/Untitled-2250-x-1500-px-2026-07-08T111553.345-1280x853.jpg\" alt=\"\" class=\"wp-image-72126\" srcset=\"https:\/\/serbia.com\/wp-content\/uploads\/2026\/07\/Untitled-2250-x-1500-px-2026-07-08T111553.345-1280x853.jpg 1280w, https:\/\/serbia.com\/wp-content\/uploads\/2026\/07\/Untitled-2250-x-1500-px-2026-07-08T111553.345-300x200.jpg 300w, https:\/\/serbia.com\/wp-content\/uploads\/2026\/07\/Untitled-2250-x-1500-px-2026-07-08T111553.345-768x512.jpg 768w, https:\/\/serbia.com\/wp-content\/uploads\/2026\/07\/Untitled-2250-x-1500-px-2026-07-08T111553.345-1536x1024.jpg 1536w, https:\/\/serbia.com\/wp-content\/uploads\/2026\/07\/Untitled-2250-x-1500-px-2026-07-08T111553.345-2048x1365.jpg 2048w, https:\/\/serbia.com\/wp-content\/uploads\/2026\/07\/Untitled-2250-x-1500-px-2026-07-08T111553.345-760x507.jpg 760w, https:\/\/serbia.com\/wp-content\/uploads\/2026\/07\/Untitled-2250-x-1500-px-2026-07-08T111553.345-1500x1000.jpg 1500w, https:\/\/serbia.com\/wp-content\/uploads\/2026\/07\/Untitled-2250-x-1500-px-2026-07-08T111553.345-750x500.jpg 750w\" sizes=\"auto, (max-width: 1280px) 100vw, 1280px\" \/><figcaption class=\"wp-element-caption\">Zaovinsko jezero<\/figcaption><\/figure>\n<\/figure>\n\n\n\n<p class=\"wp-block-paragraph\"><\/p>\n\n\n\n<p class=\"wp-block-paragraph\"><strong><a href=\"https:\/\/serbia.com\/srpski\/planinsko-selo-zaovine-tamo-gde-bajka-pocinje\/\" data-type=\"post\" data-id=\"51604\" target=\"_blank\" rel=\"noreferrer noopener\">Zaovine<\/a><\/strong> su posebno zahvalne za putnike koji odlu\u010de da preno\u0107e. Kada dnevni posetioci odu, ti\u0161ina <strong><a href=\"https:\/\/serbia.com\/srpski\/destination\/tara\/\" data-type=\"destination\" data-id=\"70655\" target=\"_blank\" rel=\"noreferrer noopener\">Tare<\/a><\/strong> postaje glavna atrakcija. Za vedrog vremena, prelazak iz toplog dnevnog svetla u sve\u017eu no\u0107 deluje kao da posmatrate susret leta i jeseni na istom mestu.<\/p>\n\n\n\n<p class=\"wp-block-paragraph\"><strong>Najbolje za:<\/strong> Planinske ku\u0107e, \u0161umske pejza\u017ee i potpuno isklju\u010divanje<br><strong>Ponesite:<\/strong> Slojevitu ode\u0107u, obu\u0107u za \u0161etnju i osnovne namirnice ako je sme\u0161taj udaljen<br><strong>Ako ostajete du\u017ee:<\/strong> Istra\u017eite vidikovce i sela Tare, ali ostavite dovoljno vremena za spore planinske puteve<\/p>\n\n\n\n<h2 class=\"wp-block-heading\">7. Banja Kovilja\u010da: Poslednji vikend u parku<\/h2>\n\n\n\n<p class=\"wp-block-paragraph\"><strong><a href=\"https:\/\/serbia.com\/srpski\/posetite-srbiju\/prirodne-lepote\/banje\/banja-koviljaca\/\" data-type=\"page\" data-id=\"24796\" target=\"_blank\" rel=\"noreferrer noopener\">Banja Kovilja\u010da<\/a><\/strong> mo\u017eda nije prvo mesto na koje pomislite kada planirate kasnoletnji beg &#8211; i upravo zbog toga zaslu\u017euje mesto na ovoj listi.<\/p>\n\n\n\n<p class=\"wp-block-paragraph\">Banja le\u017ei nedaleko od <strong><a href=\"https:\/\/serbia.com\/srpski\/posetite-srbiju\/prirodne-lepote\/reke-i-jezera\/drina-divlja-smaragdna-lepotica\/\" data-type=\"page\" data-id=\"32792\" target=\"_blank\" rel=\"noreferrer noopener\">Drine<\/a><\/strong>, pod \u0161umovitim padinama Gu\u010deva. Njeno sredi\u0161te oblikuje <strong>jedan od najelegantnijih banjskih parkova u Srbiji,<\/strong> sa dugim stazama, starim kro\u0161njama i istorijskim gra\u0111evinama raspore\u0111enim oko Kur-salona. Po\u010detkom septembra zelenilo je jo\u0161 uvek rasko\u0161no, stolovi na otvorenom privla\u010dni, a dani kao stvoreni za \u0161etnju.<\/p>\n\n\n\n<p class=\"wp-block-paragraph\">Za razliku od destinacija koje se oslanjaju na pla\u017eu ili jednu veliku atrakciju, <strong><a href=\"https:\/\/serbia.com\/srpski\/posetite-srbiju\/prirodne-lepote\/banje\/banja-koviljaca\/\" data-type=\"page\" data-id=\"24796\" target=\"_blank\" rel=\"noreferrer noopener\">Banja Kovilja\u010da<\/a><\/strong> podsti\u010de na sporiju rutinu. Zapo\u010dnite dan kafom u parku, \u0161etajte bez unapred odre\u0111ene putanje, ru\u010dajte, a zatim nastavite prema Drini ili istra\u017eite okolinu. Obli\u017enji <strong><a href=\"https:\/\/serbia.com\/srpski\/o-srbiji\/kultura\/nematerijalno-kulturno-nasledje-srbije\/nematerijalno-kulturno-naslede-kao-cuvar-srpskog-identiteta\/vukov-sabor\/\" data-type=\"page\" data-id=\"36687\" target=\"_blank\" rel=\"noreferrer noopener\">Tr\u0161i\u0107<\/a><\/strong>, rodno mesto reformatora srpskog jezika <strong><a href=\"https:\/\/serbia.com\/srpski\/o-srbiji\/kultura\/knjizevnost\/srpski-pisci\/vuk-karadzic\/\" data-type=\"page\" data-id=\"34722\" target=\"_blank\" rel=\"noreferrer noopener\">Vuka Karad\u017ei\u0107a<\/a><\/strong>, putovanju daje kulturnu dimenziju, dok Gu\u010devo nudi \u0161ume i \u0161ire vidike.<\/p>\n\n\n\n<figure class=\"wp-block-image size-large\"><img loading=\"lazy\" decoding=\"async\" width=\"1280\" height=\"854\" src=\"https:\/\/serbia.com\/wp-content\/uploads\/2026\/09\/Kur_salon_Banja_Koviljaca_04-1-1280x854.jpg\" alt=\"\" class=\"wp-image-73669\" srcset=\"https:\/\/serbia.com\/wp-content\/uploads\/2026\/09\/Kur_salon_Banja_Koviljaca_04-1-1280x854.jpg 1280w, https:\/\/serbia.com\/wp-content\/uploads\/2026\/09\/Kur_salon_Banja_Koviljaca_04-1-300x200.jpg 300w, https:\/\/serbia.com\/wp-content\/uploads\/2026\/09\/Kur_salon_Banja_Koviljaca_04-1-768x513.jpg 768w, https:\/\/serbia.com\/wp-content\/uploads\/2026\/09\/Kur_salon_Banja_Koviljaca_04-1-1536x1025.jpg 1536w, https:\/\/serbia.com\/wp-content\/uploads\/2026\/09\/Kur_salon_Banja_Koviljaca_04-1-2048x1367.jpg 2048w, https:\/\/serbia.com\/wp-content\/uploads\/2026\/09\/Kur_salon_Banja_Koviljaca_04-1-760x507.jpg 760w, https:\/\/serbia.com\/wp-content\/uploads\/2026\/09\/Kur_salon_Banja_Koviljaca_04-1-1498x1000.jpg 1498w, https:\/\/serbia.com\/wp-content\/uploads\/2026\/09\/Kur_salon_Banja_Koviljaca_04-1-749x500.jpg 749w\" sizes=\"auto, (max-width: 1280px) 100vw, 1280px\" \/><figcaption class=\"wp-element-caption\">Kur salon, Banja Kovilja\u010da, ph: Mladen Sekuli\u0107, CC BY-SA 4.0\u00a0<a href=\"https:\/\/creativecommons.org\/licenses\/by-sa\/4.0\">https:\/\/creativecommons.org\/licenses\/by-sa\/4.0<\/a>, via Wikimedia Commons<br><\/figcaption><\/figure>\n\n\n\n<p class=\"wp-block-paragraph\">Ovo je naro\u010dito dobar izbor za putnike koji \u017eele ose\u0107aj letnjeg vikenda bez potrebe za kupanjem. U\u017eivanje dolazi iz boravka napolju: aleja u hladu, banjske arhitekture, pejza\u017ea uz reku i ve\u010deri koje su jo\u0161 dovoljno blage za poslednje pi\u0107e na terasi.<\/p>\n\n\n\n<p class=\"wp-block-paragraph\"><strong>Najbolje za:<\/strong> Spora putovanja, banjsko nasle\u0111e i miran vikend udvoje<br><strong>Ako ostajete du\u017ee:<\/strong> Dodajte Tr\u0161i\u0107, Loznicu, Gu\u010devo ili vo\u017enju uz Drinu<br><strong>Pogledajte dalje od banje:<\/strong> \u0160iri prostor Podrinja pretvara odmor u raznovrsno kratko putovanje<\/p>\n\n\n\n<h2 class=\"wp-block-heading\">Kako isplanirati septembarski beg po Srbiji<\/h2>\n\n\n\n<p class=\"wp-block-paragraph\">Septembarska putovanja nagra\u0111uju fleksibilnost. Toplo popodne mo\u017ee delovati gotovo isto kao avgustovsko, dok ve\u0107 slede\u0107e jutro mo\u017ee doneti ki\u0161u ili nagli pad temperature. Ponesite lagane slojeve ode\u0107e, udobnu obu\u0107u, za\u0161titu od sunca i ne\u0161to nepromo\u010divo, naro\u010dito ako idete prema Tari ili \u0110erdapskoj klisuri.<\/p>\n\n\n\n<p class=\"wp-block-paragraph\">Pre puta proverite lokalnu vremensku prognozu, stanje na putevima, radno vreme i aktuelne informacije o kupali\u0161tima ili izletima brodom. Sezonski sadr\u017eaji posle avgusta mogu raditi re\u0111e, \u010dak i kada su dani i dalje topli.<\/p>\n\n\n\n<p class=\"wp-block-paragraph\">Najva\u017enije je da ne poku\u0161avate da ponovite odmor iz vrhunca leta. Ove destinacije su u septembru posebno prijatne upravo zato \u0161to se njihov tempo promenio. \u0160etajte du\u017ee. Ostanite do zalaska sunca. Izaberite jednu tvr\u0111avu, jedan vidikovac ili jedan dug ru\u010dak, umesto da poku\u0161ate da \u010ditav kraj obi\u0111ete za dan.<\/p>\n\n\n\n<h2 class=\"wp-block-heading\">Leto se ne zavr\u0161ava svuda u isto vreme<\/h2>\n\n\n\n<p class=\"wp-block-paragraph\">U Srbiji prelazak u jesen retko se dogodi u jednom trenutku. Po\u010dinje sve\u017eijim planinskim no\u0107ima, korpama gro\u017e\u0111a na pijacama i prvim listovima koji menjaju boju, dok gradovi uz reke i otvoreni pejza\u017ei jo\u0161 \u010duvaju letnju svetlost.<\/p>\n\n\n\n<p class=\"wp-block-paragraph\">Od jezera Bele Crkve do Dunava kod Donjeg Milanovca i \u0161uma oko Zaovina, po\u010detak septembra pru\u017ea ne\u0161to \u0161to avgust \u010desto ne mo\u017ee: toplinu bez \u017eurbe. Leto je jo\u0161 uvek tu, ali kona\u010dno ima dovoljno prostora da ga zaista primetimo.<\/p>\n","protected":false},"excerpt":{"rendered":"<p>Kada se avgust zavr\u0161i, Srbija se ne okrene odmah jeseni. Kraj mirnih jezera, \u0161irokih reka i \u0161umovitih planinskih padina, septembar \u010desto deluje kao ne\u017eniji nastavak leta &#8211; samo sa manje [&hellip;]<\/p>\n","protected":false},"author":27,"featured_media":73674,"comment_status":"open","ping_status":"closed","sticky":false,"template":"","format":"standard","meta":{"_acf_changed":false,"inline_featured_image":false,"_monsterinsights_skip_tracking":false,"footnotes":""},"categories":[2818,1653],"tags":[],"region":[],"class_list":["post-73671","post","type-post","status-publish","format-standard","has-post-thumbnail","hentry","category-poseti-srbiju","category-prirodne-lepote-sta-posetiti"],"acf":[],"yoast_head":"<!-- This site is optimized with the Yoast SEO plugin v28.2 - https:\/\/yoast.com\/product\/yoast-seo-wordpress\/ -->\n<title>7 mesta u Srbiji gde leto traje malo du\u017ee - Serbia.com<\/title>\n<meta name=\"description\" content=\"Otkrijte sedam mesta u Srbiji gde leto traje i u septembru - od mirnih jezera i gradova na Dunavu do Tare, Pali\u0107a i Banje Kovilja\u010de.\" \/>\n<meta name=\"robots\" content=\"index, follow, max-snippet:-1, max-image-preview:large, max-video-preview:-1\" \/>\n<link rel=\"canonical\" href=\"https:\/\/serbia.com\/srpski\/7-mesta-u-srbiji-gde-leto-traje-malo-duze\/\" \/>\n<meta property=\"og:locale\" content=\"en_US\" \/>\n<meta property=\"og:type\" content=\"article\" \/>\n<meta property=\"og:title\" content=\"7 mesta u Srbiji gde leto traje malo du\u017ee - Serbia.com\" \/>\n<meta property=\"og:description\" content=\"Otkrijte sedam mesta u Srbiji gde leto traje i u septembru - od mirnih jezera i gradova na Dunavu do Tare, Pali\u0107a i Banje Kovilja\u010de.\" \/>\n<meta property=\"og:url\" content=\"https:\/\/serbia.com\/srpski\/7-mesta-u-srbiji-gde-leto-traje-malo-duze\/\" \/>\n<meta property=\"og:site_name\" content=\"Serbia.com\" \/>\n<meta property=\"article:published_time\" content=\"2026-09-03T09:03:38+00:00\" \/>\n<meta property=\"article:modified_time\" content=\"2026-09-03T09:03:39+00:00\" \/>\n<meta property=\"og:image\" content=\"https:\/\/serbia.com\/wp-content\/uploads\/2026\/09\/Untitled-2250-x-1500-px-2026-09-03T100519.713-2-e1788426152475-1280x476.png\" \/>\n\t<meta property=\"og:image:width\" content=\"1280\" \/>\n\t<meta property=\"og:image:height\" content=\"476\" \/>\n\t<meta property=\"og:image:type\" content=\"image\/png\" \/>\n<meta name=\"author\" content=\"Ivona Lekan\" \/>\n<meta name=\"twitter:label1\" content=\"Written by\" \/>\n\t<meta name=\"twitter:data1\" content=\"Ivona Lekan\" \/>\n\t<meta name=\"twitter:label2\" content=\"Est. reading time\" \/>\n\t<meta name=\"twitter:data2\" content=\"12 minutes\" \/>\n<script type=\"application\/ld+json\" class=\"yoast-schema-graph\">{\"@context\":\"https:\\\/\\\/schema.org\",\"@graph\":[{\"@type\":\"Article\",\"@id\":\"https:\\\/\\\/serbia.com\\\/srpski\\\/7-mesta-u-srbiji-gde-leto-traje-malo-duze\\\/#article\",\"isPartOf\":{\"@id\":\"https:\\\/\\\/serbia.com\\\/srpski\\\/7-mesta-u-srbiji-gde-leto-traje-malo-duze\\\/\"},\"author\":{\"name\":\"Ivona Lekan\",\"@id\":\"https:\\\/\\\/serbia.com\\\/#\\\/schema\\\/person\\\/954f6599db4406bd5f2e8384659bdc33\"},\"headline\":\"7 mesta u Srbiji gde leto traje malo du\u017ee\",\"datePublished\":\"2026-09-03T09:03:38+00:00\",\"dateModified\":\"2026-09-03T09:03:39+00:00\",\"mainEntityOfPage\":{\"@id\":\"https:\\\/\\\/serbia.com\\\/srpski\\\/7-mesta-u-srbiji-gde-leto-traje-malo-duze\\\/\"},\"wordCount\":2373,\"commentCount\":0,\"image\":{\"@id\":\"https:\\\/\\\/serbia.com\\\/srpski\\\/7-mesta-u-srbiji-gde-leto-traje-malo-duze\\\/#primaryimage\"},\"thumbnailUrl\":\"https:\\\/\\\/serbia.com\\\/wp-content\\\/uploads\\\/2026\\\/09\\\/Untitled-2250-x-1500-px-2026-09-03T100519.713-2-e1788426152475.png\",\"articleSection\":[\"Poseti Srbiju\",\"Prirodne lepote\"],\"inLanguage\":\"srpski\",\"potentialAction\":[{\"@type\":\"CommentAction\",\"name\":\"Comment\",\"target\":[\"https:\\\/\\\/serbia.com\\\/srpski\\\/7-mesta-u-srbiji-gde-leto-traje-malo-duze\\\/#respond\"]}]},{\"@type\":\"WebPage\",\"@id\":\"https:\\\/\\\/serbia.com\\\/srpski\\\/7-mesta-u-srbiji-gde-leto-traje-malo-duze\\\/\",\"url\":\"https:\\\/\\\/serbia.com\\\/srpski\\\/7-mesta-u-srbiji-gde-leto-traje-malo-duze\\\/\",\"name\":\"7 mesta u Srbiji gde leto traje malo du\u017ee - Serbia.com\",\"isPartOf\":{\"@id\":\"https:\\\/\\\/serbia.com\\\/#website\"},\"primaryImageOfPage\":{\"@id\":\"https:\\\/\\\/serbia.com\\\/srpski\\\/7-mesta-u-srbiji-gde-leto-traje-malo-duze\\\/#primaryimage\"},\"image\":{\"@id\":\"https:\\\/\\\/serbia.com\\\/srpski\\\/7-mesta-u-srbiji-gde-leto-traje-malo-duze\\\/#primaryimage\"},\"thumbnailUrl\":\"https:\\\/\\\/serbia.com\\\/wp-content\\\/uploads\\\/2026\\\/09\\\/Untitled-2250-x-1500-px-2026-09-03T100519.713-2-e1788426152475.png\",\"datePublished\":\"2026-09-03T09:03:38+00:00\",\"dateModified\":\"2026-09-03T09:03:39+00:00\",\"author\":{\"@id\":\"https:\\\/\\\/serbia.com\\\/#\\\/schema\\\/person\\\/954f6599db4406bd5f2e8384659bdc33\"},\"description\":\"Otkrijte sedam mesta u Srbiji gde leto traje i u septembru - od mirnih jezera i gradova na Dunavu do Tare, Pali\u0107a i Banje Kovilja\u010de.\",\"breadcrumb\":{\"@id\":\"https:\\\/\\\/serbia.com\\\/srpski\\\/7-mesta-u-srbiji-gde-leto-traje-malo-duze\\\/#breadcrumb\"},\"inLanguage\":\"srpski\",\"potentialAction\":[{\"@type\":\"ReadAction\",\"target\":[\"https:\\\/\\\/serbia.com\\\/srpski\\\/7-mesta-u-srbiji-gde-leto-traje-malo-duze\\\/\"]}]},{\"@type\":\"ImageObject\",\"inLanguage\":\"srpski\",\"@id\":\"https:\\\/\\\/serbia.com\\\/srpski\\\/7-mesta-u-srbiji-gde-leto-traje-malo-duze\\\/#primaryimage\",\"url\":\"https:\\\/\\\/serbia.com\\\/wp-content\\\/uploads\\\/2026\\\/09\\\/Untitled-2250-x-1500-px-2026-09-03T100519.713-2-e1788426152475.png\",\"contentUrl\":\"https:\\\/\\\/serbia.com\\\/wp-content\\\/uploads\\\/2026\\\/09\\\/Untitled-2250-x-1500-px-2026-09-03T100519.713-2-e1788426152475.png\",\"width\":2250,\"height\":836},{\"@type\":\"BreadcrumbList\",\"@id\":\"https:\\\/\\\/serbia.com\\\/srpski\\\/7-mesta-u-srbiji-gde-leto-traje-malo-duze\\\/#breadcrumb\",\"itemListElement\":[{\"@type\":\"ListItem\",\"position\":1,\"name\":\"Home\",\"item\":\"https:\\\/\\\/serbia.com\\\/srpski\\\/srbija\\\/\"},{\"@type\":\"ListItem\",\"position\":2,\"name\":\"7 mesta u Srbiji gde leto traje malo du\u017ee\"}]},{\"@type\":\"WebSite\",\"@id\":\"https:\\\/\\\/serbia.com\\\/#website\",\"url\":\"https:\\\/\\\/serbia.com\\\/\",\"name\":\"Serbia.com\",\"description\":\"Your Gateway to Serbia\",\"potentialAction\":[{\"@type\":\"SearchAction\",\"target\":{\"@type\":\"EntryPoint\",\"urlTemplate\":\"https:\\\/\\\/serbia.com\\\/?s={search_term_string}\"},\"query-input\":{\"@type\":\"PropertyValueSpecification\",\"valueRequired\":true,\"valueName\":\"search_term_string\"}}],\"inLanguage\":\"srpski\"},{\"@type\":\"Person\",\"@id\":\"https:\\\/\\\/serbia.com\\\/#\\\/schema\\\/person\\\/954f6599db4406bd5f2e8384659bdc33\",\"name\":\"Ivona Lekan\",\"image\":{\"@type\":\"ImageObject\",\"inLanguage\":\"srpski\",\"@id\":\"https:\\\/\\\/secure.gravatar.com\\\/avatar\\\/ad516503a11cd5ca435acc9bb6523536?s=96\",\"url\":\"https:\\\/\\\/secure.gravatar.com\\\/avatar\\\/ad516503a11cd5ca435acc9bb6523536?s=96\",\"contentUrl\":\"https:\\\/\\\/secure.gravatar.com\\\/avatar\\\/ad516503a11cd5ca435acc9bb6523536?s=96\",\"caption\":\"Ivona Lekan\"},\"url\":\"https:\\\/\\\/serbia.com\\\/srpski\\\/author\\\/ivondivine\\\/\"}]}<\/script>\n<!-- \/ Yoast SEO plugin. -->","yoast_head_json":{"title":"7 mesta u Srbiji gde leto traje malo du\u017ee - Serbia.com","description":"Otkrijte sedam mesta u Srbiji gde leto traje i u septembru - od mirnih jezera i gradova na Dunavu do Tare, Pali\u0107a i Banje Kovilja\u010de.","robots":{"index":"index","follow":"follow","max-snippet":"max-snippet:-1","max-image-preview":"max-image-preview:large","max-video-preview":"max-video-preview:-1"},"canonical":"https:\/\/serbia.com\/srpski\/7-mesta-u-srbiji-gde-leto-traje-malo-duze\/","og_locale":"en_US","og_type":"article","og_title":"7 mesta u Srbiji gde leto traje malo du\u017ee - Serbia.com","og_description":"Otkrijte sedam mesta u Srbiji gde leto traje i u septembru - od mirnih jezera i gradova na Dunavu do Tare, Pali\u0107a i Banje Kovilja\u010de.","og_url":"https:\/\/serbia.com\/srpski\/7-mesta-u-srbiji-gde-leto-traje-malo-duze\/","og_site_name":"Serbia.com","article_published_time":"2026-09-03T09:03:38+00:00","article_modified_time":"2026-09-03T09:03:39+00:00","og_image":[{"width":1280,"height":476,"url":"https:\/\/serbia.com\/wp-content\/uploads\/2026\/09\/Untitled-2250-x-1500-px-2026-09-03T100519.713-2-e1788426152475-1280x476.png","type":"image\/png"}],"author":"Ivona Lekan","twitter_misc":{"Written by":"Ivona Lekan","Est. reading time":"12 minutes"},"schema":{"@context":"https:\/\/schema.org","@graph":[{"@type":"Article","@id":"https:\/\/serbia.com\/srpski\/7-mesta-u-srbiji-gde-leto-traje-malo-duze\/#article","isPartOf":{"@id":"https:\/\/serbia.com\/srpski\/7-mesta-u-srbiji-gde-leto-traje-malo-duze\/"},"author":{"name":"Ivona Lekan","@id":"https:\/\/serbia.com\/#\/schema\/person\/954f6599db4406bd5f2e8384659bdc33"},"headline":"7 mesta u Srbiji gde leto traje malo du\u017ee","datePublished":"2026-09-03T09:03:38+00:00","dateModified":"2026-09-03T09:03:39+00:00","mainEntityOfPage":{"@id":"https:\/\/serbia.com\/srpski\/7-mesta-u-srbiji-gde-leto-traje-malo-duze\/"},"wordCount":2373,"commentCount":0,"image":{"@id":"https:\/\/serbia.com\/srpski\/7-mesta-u-srbiji-gde-leto-traje-malo-duze\/#primaryimage"},"thumbnailUrl":"https:\/\/serbia.com\/wp-content\/uploads\/2026\/09\/Untitled-2250-x-1500-px-2026-09-03T100519.713-2-e1788426152475.png","articleSection":["Poseti Srbiju","Prirodne lepote"],"inLanguage":"srpski","potentialAction":[{"@type":"CommentAction","name":"Comment","target":["https:\/\/serbia.com\/srpski\/7-mesta-u-srbiji-gde-leto-traje-malo-duze\/#respond"]}]},{"@type":"WebPage","@id":"https:\/\/serbia.com\/srpski\/7-mesta-u-srbiji-gde-leto-traje-malo-duze\/","url":"https:\/\/serbia.com\/srpski\/7-mesta-u-srbiji-gde-leto-traje-malo-duze\/","name":"7 mesta u Srbiji gde leto traje malo du\u017ee - Serbia.com","isPartOf":{"@id":"https:\/\/serbia.com\/#website"},"primaryImageOfPage":{"@id":"https:\/\/serbia.com\/srpski\/7-mesta-u-srbiji-gde-leto-traje-malo-duze\/#primaryimage"},"image":{"@id":"https:\/\/serbia.com\/srpski\/7-mesta-u-srbiji-gde-leto-traje-malo-duze\/#primaryimage"},"thumbnailUrl":"https:\/\/serbia.com\/wp-content\/uploads\/2026\/09\/Untitled-2250-x-1500-px-2026-09-03T100519.713-2-e1788426152475.png","datePublished":"2026-09-03T09:03:38+00:00","dateModified":"2026-09-03T09:03:39+00:00","author":{"@id":"https:\/\/serbia.com\/#\/schema\/person\/954f6599db4406bd5f2e8384659bdc33"},"description":"Otkrijte sedam mesta u Srbiji gde leto traje i u septembru - od mirnih jezera i gradova na Dunavu do Tare, Pali\u0107a i Banje Kovilja\u010de.","breadcrumb":{"@id":"https:\/\/serbia.com\/srpski\/7-mesta-u-srbiji-gde-leto-traje-malo-duze\/#breadcrumb"},"inLanguage":"srpski","potentialAction":[{"@type":"ReadAction","target":["https:\/\/serbia.com\/srpski\/7-mesta-u-srbiji-gde-leto-traje-malo-duze\/"]}]},{"@type":"ImageObject","inLanguage":"srpski","@id":"https:\/\/serbia.com\/srpski\/7-mesta-u-srbiji-gde-leto-traje-malo-duze\/#primaryimage","url":"https:\/\/serbia.com\/wp-content\/uploads\/2026\/09\/Untitled-2250-x-1500-px-2026-09-03T100519.713-2-e1788426152475.png","contentUrl":"https:\/\/serbia.com\/wp-content\/uploads\/2026\/09\/Untitled-2250-x-1500-px-2026-09-03T100519.713-2-e1788426152475.png","width":2250,"height":836},{"@type":"BreadcrumbList","@id":"https:\/\/serbia.com\/srpski\/7-mesta-u-srbiji-gde-leto-traje-malo-duze\/#breadcrumb","itemListElement":[{"@type":"ListItem","position":1,"name":"Home","item":"https:\/\/serbia.com\/srpski\/srbija\/"},{"@type":"ListItem","position":2,"name":"7 mesta u Srbiji gde leto traje malo du\u017ee"}]},{"@type":"WebSite","@id":"https:\/\/serbia.com\/#website","url":"https:\/\/serbia.com\/","name":"Serbia.com","description":"Your Gateway to Serbia","potentialAction":[{"@type":"SearchAction","target":{"@type":"EntryPoint","urlTemplate":"https:\/\/serbia.com\/?s={search_term_string}"},"query-input":{"@type":"PropertyValueSpecification","valueRequired":true,"valueName":"search_term_string"}}],"inLanguage":"srpski"},{"@type":"Person","@id":"https:\/\/serbia.com\/#\/schema\/person\/954f6599db4406bd5f2e8384659bdc33","name":"Ivona Lekan","image":{"@type":"ImageObject","inLanguage":"srpski","@id":"https:\/\/secure.gravatar.com\/avatar\/ad516503a11cd5ca435acc9bb6523536?s=96","url":"https:\/\/secure.gravatar.com\/avatar\/ad516503a11cd5ca435acc9bb6523536?s=96","contentUrl":"https:\/\/secure.gravatar.com\/avatar\/ad516503a11cd5ca435acc9bb6523536?s=96","caption":"Ivona Lekan"},"url":"https:\/\/serbia.com\/srpski\/author\/ivondivine\/"}]}},"brizy_media":[],"_links":{"self":[{"href":"https:\/\/serbia.com\/srpski\/wp-json\/wp\/v2\/posts\/73671","targetHints":{"allow":["GET"]}}],"collection":[{"href":"https:\/\/serbia.com\/srpski\/wp-json\/wp\/v2\/posts"}],"about":[{"href":"https:\/\/serbia.com\/srpski\/wp-json\/wp\/v2\/types\/post"}],"author":[{"embeddable":true,"href":"https:\/\/serbia.com\/srpski\/wp-json\/wp\/v2\/users\/27"}],"replies":[{"embeddable":true,"href":"https:\/\/serbia.com\/srpski\/wp-json\/wp\/v2\/comments?post=73671"}],"version-history":[{"count":1,"href":"https:\/\/serbia.com\/srpski\/wp-json\/wp\/v2\/posts\/73671\/revisions"}],"predecessor-version":[{"id":73675,"href":"https:\/\/serbia.com\/srpski\/wp-json\/wp\/v2\/posts\/73671\/revisions\/73675"}],"wp:featuredmedia":[{"embeddable":true,"href":"https:\/\/serbia.com\/srpski\/wp-json\/wp\/v2\/media\/73674"}],"wp:attachment":[{"href":"https:\/\/serbia.com\/srpski\/wp-json\/wp\/v2\/media?parent=73671"}],"wp:term":[{"taxonomy":"category","embeddable":true,"href":"https:\/\/serbia.com\/srpski\/wp-json\/wp\/v2\/categories?post=73671"},{"taxonomy":"post_tag","embeddable":true,"href":"https:\/\/serbia.com\/srpski\/wp-json\/wp\/v2\/tags?post=73671"},{"taxonomy":"region","embeddable":true,"href":"https:\/\/serbia.com\/srpski\/wp-json\/wp\/v2\/region?post=73671"}],"curies":[{"name":"wp","href":"https:\/\/api.w.org\/{rel}","templated":true}]}}