{"id":73641,"date":"2026-09-02T17:00:52","date_gmt":"2026-09-02T15:00:52","guid":{"rendered":"https:\/\/serbia.com\/?p=73641"},"modified":"2026-09-02T17:00:54","modified_gmt":"2026-09-02T15:00:54","slug":"beograd-u-septembru-sta-videti-i-raditi-izmedu-leta-i-jeseni","status":"publish","type":"post","link":"https:\/\/serbia.com\/srpski\/beograd-u-septembru-sta-videti-i-raditi-izmedu-leta-i-jeseni\/","title":{"rendered":"Beograd u septembru: \u0160ta videti i raditi izme\u0111u leta i jeseni"},"content":{"rendered":"\n<h3 class=\"wp-block-heading\"><em>Septembar u Beogradu ne donosi nagli kraj leta. Sunce i dalje greje gradske fasade, dani su dovoljno dugi za lagane \u0161etnje, a ve\u010deri se jo\u0161 uvek mogu provoditi na otvorenom. Ipak, ritam grada postepeno po\u010dinje da se menja. Intenzivne letnje vru\u0107ine popu\u0161taju, ulice ponovo o\u017eivljavaju, a u parkovima, na pijacama i du\u017e re\u010dnih obala pojavljuju se prvi znaci jeseni.<\/em><\/h3>\n\n\n\n<p class=\"wp-block-paragraph\">Ovaj prelaz izme\u0111u dva godi\u0161nja doba jedno je od najlep\u0161ih razdoblja za upoznavanje <strong><a href=\"https:\/\/serbia.com\/srpski\/destination\/beograd\/\" data-type=\"destination\" data-id=\"70547\" target=\"_blank\" rel=\"noreferrer noopener\">Beograda<\/a><\/strong>. Grad vi\u0161e nije usporen avgustovskom vrelinom, ali jo\u0161 nije zakora\u010dio u hladniji i u\u017eurbaniji deo godine. Ba\u0161te kafi\u0107a i restorana ostaju otvorene, po\u010dinje nova kulturna sezona, pijace su prepune boja, a istra\u017eivanje grada vi\u0161e ne podrazumeva neprestanu potragu za hladovinom.<\/p>\n\n\n\n<p class=\"wp-block-paragraph\">Septembar u Beogradu nije kraj leta. To je njegov mirniji nastavak &#8211; <strong>prilika da grad do\u017eivite polako, bez \u017eurbe od jedne znamenitosti do druge.<\/strong><\/p>\n\n\n\n<h2 class=\"wp-block-heading\">Zapo\u010dnite dan na beogradskoj pijaci<\/h2>\n\n\n\n<p class=\"wp-block-paragraph\">Beogradska jutra najlep\u0161e se do\u017eivljavaju tamo gde se grad susre\u0107e sa predelima koji ga okru\u017euju &#8211; na lokalnim <strong><a href=\"https:\/\/serbia.com\/srpski\/beogradske-pijace-zivopisni-spoj-tradicije-i-lokalnih-ukusa\/\" data-type=\"post\" data-id=\"58720\" target=\"_blank\" rel=\"noreferrer noopener\">pijacama<\/a><\/strong>.<\/p>\n\n\n\n<p class=\"wp-block-paragraph\">U septembru su tezge naro\u010dito bogate. <strong>Paradajz sa kraja leta, gro\u017e\u0111e, breskve i lubenice stoje uz \u0161ljive, kru\u0161ke, jabuke i prve bundeve.<\/strong> Gomile crvenih paprika najavljuju po\u010detak sezone ajvara, dok mirisi sve\u017eeg za\u010dinskog bilja, doma\u0107eg sira i kora za pitu stvaraju atmosferu kakvu \u0107ete retko prona\u0107i u turisti\u010dkim delovima grada.<\/p>\n\n\n\n<figure class=\"wp-block-image size-large\"><img loading=\"lazy\" decoding=\"async\" width=\"1280\" height=\"720\" src=\"https:\/\/serbia.com\/wp-content\/uploads\/2026\/09\/ChatGPT-Image-Sep-2-2026-01_35_10-PM-edited-1280x720.png\" alt=\"\" class=\"wp-image-73630\" srcset=\"https:\/\/serbia.com\/wp-content\/uploads\/2026\/09\/ChatGPT-Image-Sep-2-2026-01_35_10-PM-edited-1280x720.png 1280w, https:\/\/serbia.com\/wp-content\/uploads\/2026\/09\/ChatGPT-Image-Sep-2-2026-01_35_10-PM-edited-300x169.png 300w, https:\/\/serbia.com\/wp-content\/uploads\/2026\/09\/ChatGPT-Image-Sep-2-2026-01_35_10-PM-edited-768x432.png 768w, https:\/\/serbia.com\/wp-content\/uploads\/2026\/09\/ChatGPT-Image-Sep-2-2026-01_35_10-PM-edited-760x428.png 760w, https:\/\/serbia.com\/wp-content\/uploads\/2026\/09\/ChatGPT-Image-Sep-2-2026-01_35_10-PM-edited-888x500.png 888w, https:\/\/serbia.com\/wp-content\/uploads\/2026\/09\/ChatGPT-Image-Sep-2-2026-01_35_10-PM-edited.png 1448w\" sizes=\"auto, (max-width: 1280px) 100vw, 1280px\" \/><figcaption class=\"wp-element-caption\">Pijaca<\/figcaption><\/figure>\n\n\n\n<p class=\"wp-block-paragraph\"><strong>Kaleni\u0107 pijaca <\/strong>je dobar izbor ako \u017eelite da dan nastavite \u0161etnjom kroz <strong><a href=\"https:\/\/serbia.com\/srpski\/vracar-srce-duhovnog-istorijskog-i-urbanog-beograda\/\" data-type=\"post\" data-id=\"60957\" target=\"_blank\" rel=\"noreferrer noopener\">Vra\u010dar<\/a><\/strong>. <strong>Bajlonijeva pijaca<\/strong> uvodi vas u ritam <strong><a href=\"https:\/\/serbia.com\/srpski\/dorcol-beogradski-kvart-koji-prica-price\/\" data-type=\"post\" data-id=\"61164\" target=\"_blank\" rel=\"noreferrer noopener\">Dor\u0107ola<\/a><\/strong>, dok <strong>Zemunska pijaca<\/strong> predstavlja prirodnu polaznu ta\u010dku za dan kraj Dunava.<\/p>\n\n\n\n<p class=\"wp-block-paragraph\">Ove pijace nisu samo mesta za kupovinu. One otkrivaju <strong>sezonski ritam grada, svakodnevne navike njegovih stanovnika i ukuse koji se prenose generacijama<\/strong>. Nakon obilaska tezgi, svratite u obli\u017enju pekaru ili mali kafi\u0107. Beogradsko jutro ne zahteva komplikovan plan &#8211; par\u010de bureka, \u010da\u0161a jogurta i kafa za stolom okrenutim ka ulici \u010desto su sasvim dovoljni.<\/p>\n\n\n\n<h2 class=\"wp-block-heading\">Istra\u017eite Kalemegdan bez letnjih gu\u017evi<\/h2>\n\n\n\n<p class=\"wp-block-paragraph\">Kada pro\u0111e najtopliji deo leta, <strong><a href=\"https:\/\/serbia.com\/srpski\/posetite-srbiju\/kulturne-atrakcije\/dvorci-i-tvrdave\/beogradska-tvrdava-put-stopama-istorije\/\" data-type=\"page\" data-id=\"31939\" target=\"_blank\" rel=\"noreferrer noopener\">Beogradska tvr\u0111ava<\/a><\/strong> ponovo postaje jedno od najprijatnijih mesta u gradu za dugu \u0161etnju.<\/p>\n\n\n\n<p class=\"wp-block-paragraph\">Do nje mo\u017eete sti\u0107i <strong>Knez Mihailovom ulicom<\/strong>, ali prava nagrada \u010deka vas na njenom kraju. Sa zidina tvr\u0111ave pogled se pru\u017ea preko u\u0161\u0107a <strong><a href=\"https:\/\/serbia.com\/srpski\/posetite-srbiju\/prirodne-lepote\/reke-i-jezera\/reka-sava-ispomoc-zevsu\/\" data-type=\"page\" data-id=\"32837\" target=\"_blank\" rel=\"noreferrer noopener\">Save<\/a><\/strong> u <strong><a href=\"https:\/\/serbia.com\/srpski\/posetite-srbiju\/prirodne-lepote\/reke-i-jezera\/dunav-mesto-spajanja-i-razdvajanja\/\" data-type=\"page\" data-id=\"32856\" target=\"_blank\" rel=\"noreferrer noopener\">Dunav<\/a><\/strong>, <strong><a href=\"https:\/\/serbia.com\/srpski\/veliko-ratno-ostrvo-zeleni-otok-divljine-usred-grada\/\" data-type=\"post\" data-id=\"61753\" target=\"_blank\" rel=\"noreferrer noopener\">Velikog ratnog ostrva<\/a><\/strong> i ravnice iza <strong>Novog Beograda<\/strong> i <strong><a href=\"https:\/\/serbia.com\/srpski\/zemun-2\/\" data-type=\"post\" data-id=\"4892\" target=\"_blank\" rel=\"noreferrer noopener\">Zemuna<\/a><\/strong>. Pod septembarskim svetlom reke \u010desto poprimaju srebrne i zlatne tonove, naro\u010dito u kasnim popodnevnim satima.<\/p>\n\n\n\n<p class=\"wp-block-paragraph\">Nemojte se zadr\u017eati samo na najpoznatijim vidikovcima. Istra\u017eite mirnije staze, spustite se prema Donjem gradu ili pro\u0161etajte do crkava <strong><a href=\"https:\/\/serbia.com\/srpski\/crkva-ruzica-i-luster-koji-je-fascinirao-svet\/\" data-type=\"post\" data-id=\"36157\" target=\"_blank\" rel=\"noreferrer noopener\">Ru\u017eice<\/a><\/strong> i <strong>Svete Petke<\/strong>. Skriven izme\u0111u kamenih zidina i zelenila, ovaj deo tvr\u0111ave deluje daleko od grada, iako se nalazi svega nekoliko minuta od centra.<\/p>\n\n\n\n<figure class=\"wp-block-gallery has-nested-images columns-default is-cropped wp-block-gallery-1 is-layout-flex wp-block-gallery-is-layout-flex\">\n<figure class=\"wp-block-image size-large\"><img loading=\"lazy\" decoding=\"async\" width=\"1280\" height=\"853\" data-id=\"73634\" src=\"https:\/\/serbia.com\/wp-content\/uploads\/2026\/09\/Untitled-2250-x-1500-px-2026-09-02T134142.263-1280x853.png\" alt=\"\" class=\"wp-image-73634\" srcset=\"https:\/\/serbia.com\/wp-content\/uploads\/2026\/09\/Untitled-2250-x-1500-px-2026-09-02T134142.263-1280x853.png 1280w, https:\/\/serbia.com\/wp-content\/uploads\/2026\/09\/Untitled-2250-x-1500-px-2026-09-02T134142.263-300x200.png 300w, https:\/\/serbia.com\/wp-content\/uploads\/2026\/09\/Untitled-2250-x-1500-px-2026-09-02T134142.263-768x512.png 768w, https:\/\/serbia.com\/wp-content\/uploads\/2026\/09\/Untitled-2250-x-1500-px-2026-09-02T134142.263-1536x1024.png 1536w, https:\/\/serbia.com\/wp-content\/uploads\/2026\/09\/Untitled-2250-x-1500-px-2026-09-02T134142.263-2048x1365.png 2048w, https:\/\/serbia.com\/wp-content\/uploads\/2026\/09\/Untitled-2250-x-1500-px-2026-09-02T134142.263-760x507.png 760w, https:\/\/serbia.com\/wp-content\/uploads\/2026\/09\/Untitled-2250-x-1500-px-2026-09-02T134142.263-1500x1000.png 1500w, https:\/\/serbia.com\/wp-content\/uploads\/2026\/09\/Untitled-2250-x-1500-px-2026-09-02T134142.263-750x500.png 750w\" sizes=\"auto, (max-width: 1280px) 100vw, 1280px\" \/><figcaption class=\"wp-element-caption\">Kalemegdan<\/figcaption><\/figure>\n\n\n\n<figure class=\"wp-block-image size-large\"><img loading=\"lazy\" decoding=\"async\" width=\"1280\" height=\"853\" data-id=\"73635\" src=\"https:\/\/serbia.com\/wp-content\/uploads\/2026\/09\/Untitled-2250-x-1500-px-2026-09-02T134047.608-1280x853.png\" alt=\"\" class=\"wp-image-73635\" srcset=\"https:\/\/serbia.com\/wp-content\/uploads\/2026\/09\/Untitled-2250-x-1500-px-2026-09-02T134047.608-1280x853.png 1280w, https:\/\/serbia.com\/wp-content\/uploads\/2026\/09\/Untitled-2250-x-1500-px-2026-09-02T134047.608-300x200.png 300w, https:\/\/serbia.com\/wp-content\/uploads\/2026\/09\/Untitled-2250-x-1500-px-2026-09-02T134047.608-768x512.png 768w, https:\/\/serbia.com\/wp-content\/uploads\/2026\/09\/Untitled-2250-x-1500-px-2026-09-02T134047.608-1536x1024.png 1536w, https:\/\/serbia.com\/wp-content\/uploads\/2026\/09\/Untitled-2250-x-1500-px-2026-09-02T134047.608-2048x1365.png 2048w, https:\/\/serbia.com\/wp-content\/uploads\/2026\/09\/Untitled-2250-x-1500-px-2026-09-02T134047.608-760x507.png 760w, https:\/\/serbia.com\/wp-content\/uploads\/2026\/09\/Untitled-2250-x-1500-px-2026-09-02T134047.608-1500x1000.png 1500w, https:\/\/serbia.com\/wp-content\/uploads\/2026\/09\/Untitled-2250-x-1500-px-2026-09-02T134047.608-750x500.png 750w\" sizes=\"auto, (max-width: 1280px) 100vw, 1280px\" \/><figcaption class=\"wp-element-caption\">Crkva Ru\u017eica<\/figcaption><\/figure>\n<\/figure>\n\n\n\n<p class=\"wp-block-paragraph\"><\/p>\n\n\n\n<p class=\"wp-block-paragraph\"><strong><a href=\"https:\/\/serbia.com\/srpski\/posetite-srbiju\/kulturne-atrakcije\/dvorci-i-tvrdave\/beogradska-tvrdava-put-stopama-istorije\/\" data-type=\"page\" data-id=\"31939\" target=\"_blank\" rel=\"noreferrer noopener\">Kalemegdan<\/a><\/strong> je najlep\u0161i kada se ne posmatra samo kao istorijska znamenitost. On je istovremeno veliki gradski park, mesto susreta i prostor sa kojeg se Beograd mo\u017ee posmatrati iz perspektive koja najbolje obja\u0161njava njegovu duboku povezanost sa rekama.<\/p>\n\n\n\n<h2 class=\"wp-block-heading\">Do\u017eivite Kosan\u010di\u0107ev venac i Dor\u0107ol u kasnoletnjem svetlu<\/h2>\n\n\n\n<p class=\"wp-block-paragraph\">Od Kalemegdana nastavite prema <strong><a href=\"https:\/\/serbia.com\/srpski\/kosancicev-venac-dusa-starog-beograda\/\" data-type=\"post\" data-id=\"59308\" target=\"_blank\" rel=\"noreferrer noopener\">Kosan\u010di\u0107evom vencu<\/a><\/strong>, jednom od retkih delova centralnog Beograda u kojem se jo\u0161 uvek mo\u017ee osetiti atmosfera starog grada.<\/p>\n\n\n\n<p class=\"wp-block-paragraph\">Kaldrmisane ulice, istorijske ku\u0107e, mali ateljei i pogledi prema Savi stvaraju ambijent sasvim druga\u010diji od onoga u obli\u017enjim prometnim \u010detvrtima. Ovde ne postoji jedna velika atrakcija koju treba ozna\u010diti na listi. \u010car je u sporoj \u0161etnji i zapa\u017eanju detalja: <strong>starih kapija, balkona, fasada i tragova razli\u010ditih perioda gradske istorije<\/strong>.<\/p>\n\n\n\n<figure class=\"wp-block-image size-large\"><img loading=\"lazy\" decoding=\"async\" width=\"1280\" height=\"720\" src=\"https:\/\/serbia.com\/wp-content\/uploads\/2026\/09\/Kosancicev_Venac_Beograd_PKIC_6-1-edited-1280x720.jpg\" alt=\"\" class=\"wp-image-73631\" srcset=\"https:\/\/serbia.com\/wp-content\/uploads\/2026\/09\/Kosancicev_Venac_Beograd_PKIC_6-1-edited-1280x720.jpg 1280w, https:\/\/serbia.com\/wp-content\/uploads\/2026\/09\/Kosancicev_Venac_Beograd_PKIC_6-1-edited-300x169.jpg 300w, https:\/\/serbia.com\/wp-content\/uploads\/2026\/09\/Kosancicev_Venac_Beograd_PKIC_6-1-edited-768x432.jpg 768w, https:\/\/serbia.com\/wp-content\/uploads\/2026\/09\/Kosancicev_Venac_Beograd_PKIC_6-1-edited-1536x865.jpg 1536w, https:\/\/serbia.com\/wp-content\/uploads\/2026\/09\/Kosancicev_Venac_Beograd_PKIC_6-1-edited-760x428.jpg 760w, https:\/\/serbia.com\/wp-content\/uploads\/2026\/09\/Kosancicev_Venac_Beograd_PKIC_6-1-edited-888x500.jpg 888w, https:\/\/serbia.com\/wp-content\/uploads\/2026\/09\/Kosancicev_Venac_Beograd_PKIC_6-1-edited.jpg 1599w\" sizes=\"auto, (max-width: 1280px) 100vw, 1280px\" \/><figcaption class=\"wp-element-caption\">Kosan\u010di\u0107ev venac, ph credit:\u00a0<a href=\"https:\/\/commons.m.wikimedia.org\/wiki\/User:Thruserbia\">Thruserbia<\/a>, Wikimedia Commons<\/figcaption><\/figure>\n\n\n\n<p class=\"wp-block-paragraph\">Sa druge strane centra, <strong><a href=\"https:\/\/serbia.com\/srpski\/dorcol-beogradski-kvart-koji-prica-price\/\" data-type=\"post\" data-id=\"61164\" target=\"_blank\" rel=\"noreferrer noopener\">Dor\u0107ol<\/a><\/strong> otkriva druga\u010dije lice Beograda. Na njegovim ulicama susre\u0107u se istorijska arhitektura, bogato zanatsko nasle\u0111e, savremene galerije, nezavisne prodavnice i kafi\u0107i. Kako se pribli\u017eavate Dunavu, buka postepeno utihne, a zgrade ustupaju mesto zelenilu i otvorenom prostoru.<\/p>\n\n\n\n<p class=\"wp-block-paragraph\">Ovo je strana Beograda koju ne mo\u017eete upoznati prate\u0107i spisak znamenitosti. Jednostavno izaberite ulicu, skrenite iza ugla bez posebnog razloga i dozvolite gradu da vam otkrije svoj karakter.<\/p>\n\n\n\n<h2 class=\"wp-block-heading\">Provedite popodne kraj Save ili Dunava<\/h2>\n\n\n\n<p class=\"wp-block-paragraph\">Beograd je jedna od retkih evropskih prestonica sme\u0161tenih na dve velike reke, ali njihov zna\u010daj ne mo\u017ee se u potpunosti razumeti samo sa gradskih vidikovaca.<\/p>\n\n\n\n<p class=\"wp-block-paragraph\"><strong>Zemunski kej<\/strong> nudi jednu od najprijatnijih \u0161etnji uz reku u Beogradu. Staza prolazi pored restorana i \u010damaca, kao i kroz istorijsko jezgro <strong><a href=\"https:\/\/serbia.com\/srpski\/zemun-2\/\" data-type=\"post\" data-id=\"4892\" target=\"_blank\" rel=\"noreferrer noopener\">Zemuna,<\/a><\/strong> dok se u daljini vide <strong><a href=\"https:\/\/serbia.com\/srpski\/veliko-ratno-ostrvo-zeleni-otok-divljine-usred-grada\/\" data-type=\"post\" data-id=\"61753\" target=\"_blank\" rel=\"noreferrer noopener\">Veliko ratno ostrvo<\/a><\/strong> i panorama Beograda. Zapo\u010dnite obilazak na <strong>Zemunskoj pijaci,<\/strong> popnite se do <strong><a href=\"https:\/\/serbia.com\/srpski\/gardos-kula-vremenski-cuvar-iznad-zemuna\/\" data-type=\"post\" data-id=\"59727\" target=\"_blank\" rel=\"noreferrer noopener\">Gardo\u0161a<\/a><\/strong>, a zatim se spustite prema Dunavu i nastavite \u0161etnju obalom.<\/p>\n\n\n\n<p class=\"wp-block-paragraph\">Na drugoj strani grada, <strong><a href=\"https:\/\/serbia.com\/srpski\/posetite-srbiju\/prirodne-lepote\/reke-i-jezera\/ada-ciganlija-beogradsko-more\/\" data-type=\"page\" data-id=\"32657\" target=\"_blank\" rel=\"noreferrer noopener\">Ada Ciganlija<\/a><\/strong> je u septembru znatno mirnija nego tokom najtoplijih letnjih vikenda. Kada vreme dozvoljava, voda i dalje privla\u010di kupa\u010de, dok staze oko jezera postaju prijatnije za \u0161etnju i vo\u017enju bicikla. Kafi\u0107i ostaju otvoreni, ali se atmosfera postepeno menja &#8211; od \u017eivahnog letovali\u0161ta ka opu\u0161tenom gradskom uto\u010di\u0161tu.<\/p>\n\n\n\n<figure class=\"wp-block-gallery has-nested-images columns-default is-cropped wp-block-gallery-2 is-layout-flex wp-block-gallery-is-layout-flex\">\n<figure class=\"wp-block-image size-large\"><img loading=\"lazy\" decoding=\"async\" width=\"1280\" height=\"853\" data-id=\"73636\" src=\"https:\/\/serbia.com\/wp-content\/uploads\/2026\/09\/Untitled-2250-x-1500-px-2026-09-02T135444.378-1280x853.png\" alt=\"\" class=\"wp-image-73636\" srcset=\"https:\/\/serbia.com\/wp-content\/uploads\/2026\/09\/Untitled-2250-x-1500-px-2026-09-02T135444.378-1280x853.png 1280w, https:\/\/serbia.com\/wp-content\/uploads\/2026\/09\/Untitled-2250-x-1500-px-2026-09-02T135444.378-300x200.png 300w, https:\/\/serbia.com\/wp-content\/uploads\/2026\/09\/Untitled-2250-x-1500-px-2026-09-02T135444.378-768x512.png 768w, https:\/\/serbia.com\/wp-content\/uploads\/2026\/09\/Untitled-2250-x-1500-px-2026-09-02T135444.378-1536x1024.png 1536w, https:\/\/serbia.com\/wp-content\/uploads\/2026\/09\/Untitled-2250-x-1500-px-2026-09-02T135444.378-2048x1365.png 2048w, https:\/\/serbia.com\/wp-content\/uploads\/2026\/09\/Untitled-2250-x-1500-px-2026-09-02T135444.378-760x507.png 760w, https:\/\/serbia.com\/wp-content\/uploads\/2026\/09\/Untitled-2250-x-1500-px-2026-09-02T135444.378-1500x1000.png 1500w, https:\/\/serbia.com\/wp-content\/uploads\/2026\/09\/Untitled-2250-x-1500-px-2026-09-02T135444.378-750x500.png 750w\" sizes=\"auto, (max-width: 1280px) 100vw, 1280px\" \/><figcaption class=\"wp-element-caption\">Zemun<\/figcaption><\/figure>\n\n\n\n<figure class=\"wp-block-image size-large\"><img loading=\"lazy\" decoding=\"async\" width=\"1280\" height=\"853\" data-id=\"73637\" src=\"https:\/\/serbia.com\/wp-content\/uploads\/2026\/09\/Untitled-2250-x-1500-px-2026-09-02T135451.726-1280x853.png\" alt=\"\" class=\"wp-image-73637\" srcset=\"https:\/\/serbia.com\/wp-content\/uploads\/2026\/09\/Untitled-2250-x-1500-px-2026-09-02T135451.726-1280x853.png 1280w, https:\/\/serbia.com\/wp-content\/uploads\/2026\/09\/Untitled-2250-x-1500-px-2026-09-02T135451.726-300x200.png 300w, https:\/\/serbia.com\/wp-content\/uploads\/2026\/09\/Untitled-2250-x-1500-px-2026-09-02T135451.726-768x512.png 768w, https:\/\/serbia.com\/wp-content\/uploads\/2026\/09\/Untitled-2250-x-1500-px-2026-09-02T135451.726-1536x1024.png 1536w, https:\/\/serbia.com\/wp-content\/uploads\/2026\/09\/Untitled-2250-x-1500-px-2026-09-02T135451.726-2048x1365.png 2048w, https:\/\/serbia.com\/wp-content\/uploads\/2026\/09\/Untitled-2250-x-1500-px-2026-09-02T135451.726-760x507.png 760w, https:\/\/serbia.com\/wp-content\/uploads\/2026\/09\/Untitled-2250-x-1500-px-2026-09-02T135451.726-1500x1000.png 1500w, https:\/\/serbia.com\/wp-content\/uploads\/2026\/09\/Untitled-2250-x-1500-px-2026-09-02T135451.726-750x500.png 750w\" sizes=\"auto, (max-width: 1280px) 100vw, 1280px\" \/><figcaption class=\"wp-element-caption\">Ada Ciganlija<\/figcaption><\/figure>\n\n\n\n<figure class=\"wp-block-image size-large\"><img loading=\"lazy\" decoding=\"async\" width=\"1280\" height=\"853\" data-id=\"73638\" src=\"https:\/\/serbia.com\/wp-content\/uploads\/2026\/09\/Untitled-2250-x-1500-px-2026-09-02T135506.849-1280x853.png\" alt=\"\" class=\"wp-image-73638\" srcset=\"https:\/\/serbia.com\/wp-content\/uploads\/2026\/09\/Untitled-2250-x-1500-px-2026-09-02T135506.849-1280x853.png 1280w, https:\/\/serbia.com\/wp-content\/uploads\/2026\/09\/Untitled-2250-x-1500-px-2026-09-02T135506.849-300x200.png 300w, https:\/\/serbia.com\/wp-content\/uploads\/2026\/09\/Untitled-2250-x-1500-px-2026-09-02T135506.849-768x512.png 768w, https:\/\/serbia.com\/wp-content\/uploads\/2026\/09\/Untitled-2250-x-1500-px-2026-09-02T135506.849-1536x1024.png 1536w, https:\/\/serbia.com\/wp-content\/uploads\/2026\/09\/Untitled-2250-x-1500-px-2026-09-02T135506.849-2048x1365.png 2048w, https:\/\/serbia.com\/wp-content\/uploads\/2026\/09\/Untitled-2250-x-1500-px-2026-09-02T135506.849-760x507.png 760w, https:\/\/serbia.com\/wp-content\/uploads\/2026\/09\/Untitled-2250-x-1500-px-2026-09-02T135506.849-1500x1000.png 1500w, https:\/\/serbia.com\/wp-content\/uploads\/2026\/09\/Untitled-2250-x-1500-px-2026-09-02T135506.849-750x500.png 750w\" sizes=\"auto, (max-width: 1280px) 100vw, 1280px\" \/><figcaption class=\"wp-element-caption\">Beograd sa reke<\/figcaption><\/figure>\n<\/figure>\n\n\n\n<p class=\"wp-block-paragraph\"><\/p>\n\n\n\n<p class=\"wp-block-paragraph\">Za druga\u010diju perspektivu, istra\u017eite reke <strong>turisti\u010dkim brodi\u0107em, kajakom ili SUP daskom. <\/strong>Tek sa vode postaje sasvim jasno koliko su Sava i Dunav oblikovali tvr\u0111avu, Zemun, mostove i savremeni izgled beogradskog priobalja.<\/p>\n\n\n\n<h2 class=\"wp-block-heading\">Prona\u0111ite zeleno uto\u010di\u0161te u Top\u010dideru i Ko\u0161utnjaku<\/h2>\n\n\n\n<p class=\"wp-block-paragraph\">Iako Beograd \u010desto ostavlja utisak u\u017eurbanog i intenzivnog grada, u njemu postoje velike <strong><a href=\"https:\/\/serbia.com\/srpski\/zeleni-beograd-gde-pobeci-od-vrucine-i-gradske-guzve\/\" data-type=\"post\" data-id=\"73465\" target=\"_blank\" rel=\"noreferrer noopener\">zelene povr\u0161ine<\/a><\/strong> na kojima gradski ritam gotovo potpuno nestaje.<\/p>\n\n\n\n<p class=\"wp-block-paragraph\"><strong><a href=\"https:\/\/serbia.com\/srpski\/topcider-2\/\" data-type=\"post\" data-id=\"10837\" target=\"_blank\" rel=\"noreferrer noopener\">Top\u010diderski park<\/a><\/strong> \u010duva tragove Beograda iz 19. veka. Oko <strong>Konaka kneza Milo\u0161a<\/strong>, stara stabla i mirne staze lako stvaraju ose\u0107aj da vi\u0161e niste u prestonici. Posebno mesto zauzima \u010duveni top\u010diderski platan. Kao jedno od najstarijih i najprepoznatljivijih stabala u gradu, svojom ogromnom kro\u0161njom i dalje dominira prostorom ispred konaka.<\/p>\n\n\n\n<figure class=\"wp-block-image size-large\"><img loading=\"lazy\" decoding=\"async\" width=\"1280\" height=\"720\" src=\"https:\/\/serbia.com\/wp-content\/uploads\/2026\/09\/ChatGPT-Image-Mar-11-2026-12_35_59-PM-edited-1280x720.jpg\" alt=\"\" class=\"wp-image-73632\" srcset=\"https:\/\/serbia.com\/wp-content\/uploads\/2026\/09\/ChatGPT-Image-Mar-11-2026-12_35_59-PM-edited-1280x720.jpg 1280w, https:\/\/serbia.com\/wp-content\/uploads\/2026\/09\/ChatGPT-Image-Mar-11-2026-12_35_59-PM-edited-300x169.jpg 300w, https:\/\/serbia.com\/wp-content\/uploads\/2026\/09\/ChatGPT-Image-Mar-11-2026-12_35_59-PM-edited-768x432.jpg 768w, https:\/\/serbia.com\/wp-content\/uploads\/2026\/09\/ChatGPT-Image-Mar-11-2026-12_35_59-PM-edited-760x428.jpg 760w, https:\/\/serbia.com\/wp-content\/uploads\/2026\/09\/ChatGPT-Image-Mar-11-2026-12_35_59-PM-edited-889x500.jpg 889w, https:\/\/serbia.com\/wp-content\/uploads\/2026\/09\/ChatGPT-Image-Mar-11-2026-12_35_59-PM-edited.jpg 1536w\" sizes=\"auto, (max-width: 1280px) 100vw, 1280px\" \/><figcaption class=\"wp-element-caption\">Top\u010diderski park<\/figcaption><\/figure>\n\n\n\n<p class=\"wp-block-paragraph\">Obli\u017enji <strong><a href=\"https:\/\/serbia.com\/srpski\/kosutnjak-od-knezevskog-lovista-do-omiljenog-izletista\/\" data-type=\"post\" data-id=\"62819\" target=\"_blank\" rel=\"noreferrer noopener\">Ko\u0161utnjak<\/a><\/strong> pru\u017ea sasvim druga\u010diji pejza\u017e. \u0160umske staze, livade i vidikovci \u010dine ga <strong>idealnim za du\u017eu \u0161etnju, vo\u017enju bicikla ili jednostavan predah u prirodi. <\/strong>U septembru zelenilo jo\u0161 uvek preovla\u0111uje, ali me\u0111u kro\u0161njama po\u010dinju da se pojavljuju prvi \u017euti i bakarni tonovi.<\/p>\n\n\n\n<p class=\"wp-block-paragraph\">Top\u010dider i Ko\u0161utnjak lako se mogu obi\u0107i tokom istog popodneva, naro\u010dito ako \u017eelite da otkrijete mirniju stranu Beograda koju mnogi posetioci previde.<\/p>\n\n\n\n<h2 class=\"wp-block-heading\">Okusite prve ukuse jeseni<\/h2>\n\n\n\n<p class=\"wp-block-paragraph\">Prelaz iz leta u jesen u Srbiji mo\u017eda se najjasnije prime\u0107uje za stolom.<\/p>\n\n\n\n<p class=\"wp-block-paragraph\">Septembar ozna\u010dava <strong>po\u010detak tradicionalne sezone pripreme <a href=\"https:\/\/serbia.com\/srpski\/omiljeni-srpski-rituali-pripremanje-zimnice\/\" data-type=\"post\" data-id=\"62372\" target=\"_blank\" rel=\"noreferrer noopener\">zimnice<\/a><\/strong>. Miris pe\u010denih paprika \u0161iri se dvori\u0161tima i stambenim naseljima, od \u0161ljiva se kuva d\u017eem, a pija\u010dne tezge crvene se od paprika koje \u010dekaju da postanu <strong><a href=\"https:\/\/serbia.com\/srpski\/ajvar-gospodar-zimnice\/\" data-type=\"post\" data-id=\"11600\" target=\"_blank\" rel=\"noreferrer noopener\">ajvar.<\/a><\/strong> To nije samo kulinarska tradicija ve\u0107 jedan od najprepoznatljivijih sezonskih rituala u zemlji.<\/p>\n\n\n\n<figure class=\"wp-block-image size-large\"><img loading=\"lazy\" decoding=\"async\" width=\"1280\" height=\"853\" src=\"https:\/\/serbia.com\/wp-content\/uploads\/2026\/09\/ChatGPT-Image-Sep-2-2026-02_06_53-PM-1280x853.png\" alt=\"\" class=\"wp-image-73639\" srcset=\"https:\/\/serbia.com\/wp-content\/uploads\/2026\/09\/ChatGPT-Image-Sep-2-2026-02_06_53-PM-1280x853.png 1280w, https:\/\/serbia.com\/wp-content\/uploads\/2026\/09\/ChatGPT-Image-Sep-2-2026-02_06_53-PM-300x200.png 300w, https:\/\/serbia.com\/wp-content\/uploads\/2026\/09\/ChatGPT-Image-Sep-2-2026-02_06_53-PM-768x512.png 768w, https:\/\/serbia.com\/wp-content\/uploads\/2026\/09\/ChatGPT-Image-Sep-2-2026-02_06_53-PM-760x507.png 760w, https:\/\/serbia.com\/wp-content\/uploads\/2026\/09\/ChatGPT-Image-Sep-2-2026-02_06_53-PM-1500x1000.png 1500w, https:\/\/serbia.com\/wp-content\/uploads\/2026\/09\/ChatGPT-Image-Sep-2-2026-02_06_53-PM-750x500.png 750w, https:\/\/serbia.com\/wp-content\/uploads\/2026\/09\/ChatGPT-Image-Sep-2-2026-02_06_53-PM.png 1536w\" sizes=\"auto, (max-width: 1280px) 100vw, 1280px\" \/><figcaption class=\"wp-element-caption\">Sezonska hrana<\/figcaption><\/figure>\n\n\n\n<p class=\"wp-block-paragraph\">U beogradskim restoranima i kafanama ovo je pravo vreme za <strong>otkrivanje jela koja spajaju laganije letnje namirnice sa bogatijim ukusima jeseni. <\/strong>Sve\u017ee salate i dalje su deo gotovo svakog obroka, ali se na jelovnicima sve \u010de\u0161\u0107e pojavljuju pe\u010dene paprike, \u0161umske pe\u010durke, bundeva, \u0161ljive i sporo pripremano meso.<\/p>\n\n\n\n<p class=\"wp-block-paragraph\">Za autenti\u010dniji do\u017eivljaj nemojte se ograni\u010diti na savremene restorane u centru grada. Tradicionalna kafana, lokalna pekara, starinska poslasti\u010darnica ili porodi\u010dni restoran u Zemunu \u010desto mogu da otkriju vi\u0161e o Beogradu nego njegove najpopularnije turisti\u010dke adrese.<\/p>\n\n\n\n<h2 class=\"wp-block-heading\">Do\u010dekajte po\u010detak nove kulturne sezone<\/h2>\n\n\n\n<p class=\"wp-block-paragraph\">Dok se mnogi letnji sadr\u017eaji sele na otvorene scene, trgove i re\u010dne obale, septembar ozna\u010dava povratak redovne kulturne sezone u Beogradu.<\/p>\n\n\n\n<p class=\"wp-block-paragraph\">Pozori\u0161ta ponovo otvaraju svoja vrata, galerije predstavljaju nove izlo\u017ebe, a koncertni i filmski programi postaju bogatiji. Istovremeno, blage ve\u010deri omogu\u0107avaju da se deo doga\u0111aja i dalje odr\u017eava na otvorenom, pa grad jo\u0161 neko vreme ostaje izme\u0111u letnjih scena i zatvorenih kulturnih prostora.<\/p>\n\n\n\n<figure class=\"wp-block-image size-large\"><img loading=\"lazy\" decoding=\"async\" width=\"1280\" height=\"852\" src=\"https:\/\/serbia.com\/wp-content\/uploads\/2024\/08\/iStock-2166910664-1280x852.jpg\" alt=\"National Museum of Belgrade\" class=\"wp-image-54104\" srcset=\"https:\/\/serbia.com\/wp-content\/uploads\/2024\/08\/iStock-2166910664-1280x852.jpg 1280w, https:\/\/serbia.com\/wp-content\/uploads\/2024\/08\/iStock-2166910664-300x200.jpg 300w, https:\/\/serbia.com\/wp-content\/uploads\/2024\/08\/iStock-2166910664-768x511.jpg 768w, https:\/\/serbia.com\/wp-content\/uploads\/2024\/08\/iStock-2166910664-1536x1023.jpg 1536w, https:\/\/serbia.com\/wp-content\/uploads\/2024\/08\/iStock-2166910664-2048x1364.jpg 2048w, https:\/\/serbia.com\/wp-content\/uploads\/2024\/08\/iStock-2166910664-760x506.jpg 760w, https:\/\/serbia.com\/wp-content\/uploads\/2024\/08\/iStock-2166910664-1502x1000.jpg 1502w, https:\/\/serbia.com\/wp-content\/uploads\/2024\/08\/iStock-2166910664-751x500.jpg 751w\" sizes=\"auto, (max-width: 1280px) 100vw, 1280px\" \/><figcaption class=\"wp-element-caption\">Narodni muzej, Trg Republike<\/figcaption><\/figure>\n\n\n\n<p class=\"wp-block-paragraph\">To je dobar razlog da posetu ne planirate isklju\u010divo oko stalnih gradskih atrakcija. Proverite \u0161ta se tokom va\u0161eg boravka odr\u017eava u <strong>pozori\u0161tima, muzejima, kulturnim centrima i nezavisnim galerijama<\/strong>. \u010cak i bez poznavanja srpskog jezika, strani posetioci mogu u\u017eivati u koncertima, izlo\u017ebama, filmskim projekcijama i drugim kulturnim programima.<\/p>\n\n\n\n<p class=\"wp-block-paragraph\">Ve\u010de zavr\u0161ite u <strong><a href=\"https:\/\/serbia.com\/srpski\/skadarlija-vodic-kroz-boemsko-srce-beograda\/\" data-type=\"post\" data-id=\"55417\" target=\"_blank\" rel=\"noreferrer noopener\">Skadarliji<\/a><\/strong>, na <strong><a href=\"https:\/\/serbia.com\/srpski\/dorcol-beogradski-kvart-koji-prica-price\/\" data-type=\"post\" data-id=\"61164\" target=\"_blank\" rel=\"noreferrer noopener\">Dor\u0107olu<\/a><\/strong>, u <strong><a href=\"https:\/\/serbia.com\/srpski\/zemun-2\/\" data-type=\"post\" data-id=\"4892\" target=\"_blank\" rel=\"noreferrer noopener\">Zemunu<\/a><\/strong> ili nekom od savremenijih gradskih kvartova. Ba\u0161te su u septembru jo\u0161 uvek otvorene, ali je vazduh prijatniji, razgovori traju du\u017ee, a no\u0107 mo\u017ee da po\u010dne bez \u010dekanja da dnevna vru\u0107ina popusti.<\/p>\n\n\n\n<h2 class=\"wp-block-heading\">Otputujte na kratak izlet do Avale<\/h2>\n\n\n\n<p class=\"wp-block-paragraph\">Ako imate jo\u0161 jedan dan na raspolaganju, <strong><a href=\"https:\/\/serbia.com\/srpski\/posetite-srbiju\/prirodne-lepote\/planine\/planina-avala-pogled-na-beograd-iz-oblaka\/\" data-type=\"page\" data-id=\"32487\" target=\"_blank\" rel=\"noreferrer noopener\">Avala<\/a><\/strong> pru\u017ea jedan od najjednostavnijih na\u010dina da na nekoliko sati pobegnete iz centra grada.<\/p>\n\n\n\n<p class=\"wp-block-paragraph\">Ova niska planina na obodu Beograda odavno je <strong>omiljeno odredi\u0161te za \u0161etnje, piknike i boravak u prirodi.<\/strong> Na njenom vrhu nalaze se <strong>Avalski toranj i Spomenik Neznanom junaku<\/strong>, dok okolne staze prolaze kroz gustu \u0161umu koja pred kraj septembra po\u010dinje da menja boje.<\/p>\n\n\n\n<figure class=\"wp-block-image size-large\"><img loading=\"lazy\" decoding=\"async\" width=\"1280\" height=\"720\" src=\"https:\/\/serbia.com\/wp-content\/uploads\/2026\/09\/Untitled-2250-x-1500-px-2026-09-02T140631.054-2-edited-1280x720.png\" alt=\"\" class=\"wp-image-73633\" srcset=\"https:\/\/serbia.com\/wp-content\/uploads\/2026\/09\/Untitled-2250-x-1500-px-2026-09-02T140631.054-2-edited-1280x720.png 1280w, https:\/\/serbia.com\/wp-content\/uploads\/2026\/09\/Untitled-2250-x-1500-px-2026-09-02T140631.054-2-edited-300x169.png 300w, https:\/\/serbia.com\/wp-content\/uploads\/2026\/09\/Untitled-2250-x-1500-px-2026-09-02T140631.054-2-edited-768x432.png 768w, https:\/\/serbia.com\/wp-content\/uploads\/2026\/09\/Untitled-2250-x-1500-px-2026-09-02T140631.054-2-edited-1536x864.png 1536w, https:\/\/serbia.com\/wp-content\/uploads\/2026\/09\/Untitled-2250-x-1500-px-2026-09-02T140631.054-2-edited-2048x1152.png 2048w, https:\/\/serbia.com\/wp-content\/uploads\/2026\/09\/Untitled-2250-x-1500-px-2026-09-02T140631.054-2-edited-1920x1080.png 1920w, https:\/\/serbia.com\/wp-content\/uploads\/2026\/09\/Untitled-2250-x-1500-px-2026-09-02T140631.054-2-edited-760x428.png 760w, https:\/\/serbia.com\/wp-content\/uploads\/2026\/09\/Untitled-2250-x-1500-px-2026-09-02T140631.054-2-edited-1777x1000.png 1777w, https:\/\/serbia.com\/wp-content\/uploads\/2026\/09\/Untitled-2250-x-1500-px-2026-09-02T140631.054-2-edited-889x500.png 889w\" sizes=\"auto, (max-width: 1280px) 100vw, 1280px\" \/><figcaption class=\"wp-element-caption\">Avalski toranj i Spomenik Neznanom junaku<\/figcaption><\/figure>\n\n\n\n<p class=\"wp-block-paragraph\">Za vedrog dana sa tornja se pru\u017ea <strong>\u0161irok pogled na Beograd, \u0160umadiju i ravnicu severno od grada<\/strong>. Ipak, Avalu vredi posetiti zbog mnogo vi\u0161e od pogleda. Njena najve\u0107a privla\u010dnost le\u017ei u ose\u0107aju da ste daleko od prestonice, iako do nje nije potrebno dugo putovati.<\/p>\n\n\n\n<p class=\"wp-block-paragraph\">Izlet ne mora da zauzme ceo dan. Nekoliko sati dovoljno je za \u0161etnju, obilazak glavnih znamenitosti i ru\u010dak u okolini, pre povratka u Beograd i nastavka ve\u010deri.<\/p>\n\n\n\n<h2 class=\"wp-block-heading\">Grad kroz koji ne morate da \u017eurite<\/h2>\n\n\n\n<p class=\"wp-block-paragraph\">Beograd se ne upoznaje najbolje samo kroz njegove najpoznatije atrakcije. Veliki deo njegovog karaktera nalazi se izme\u0111u njih &#8211; na pijacama, u starim ulicama i kafanama, u parkovima i tokom dugih \u0161etnji pored vode.<\/p>\n\n\n\n<p class=\"wp-block-paragraph\">Septembar pru\u017ea idealne uslove da otkrijete upravo ovu stranu grada. Beograd je ponovo \u017eiv, ali jo\u0161 nije sasvim u\u0161ao u jesenju u\u017eurbanost. Sun\u010dana popodneva i dalje podse\u0107aju na leto, dok sve\u017eija jutra, raniji zalasci sunca i prvo li\u0161\u0107e koje menja boju najavljuju dolazak novog godi\u0161njeg doba.<\/p>\n\n\n\n<p class=\"wp-block-paragraph\">Ne poku\u0161avajte da vidite sve. Zapo\u010dnite jutro na pijaci, pro\u0161etajte prema reci, zastanite svaki put kada vam pogled privu\u010de pa\u017enju i ostavite dovoljno vremena za ve\u010deru koja ne mora rano da se zavr\u0161i.<\/p>\n\n\n\n<p class=\"wp-block-paragraph\">Beograd izme\u0111u leta i jeseni ne zahteva strogo isplaniran itinerer. Potrebno je samo da usporite i dozvolite gradu da vas povede.<\/p>\n","protected":false},"excerpt":{"rendered":"<p>Septembar u Beogradu ne donosi nagli kraj leta. Sunce i dalje greje gradske fasade, dani su dovoljno dugi za lagane \u0161etnje, a ve\u010deri se jo\u0161 uvek mogu provoditi na otvorenom. [&hellip;]<\/p>\n","protected":false},"author":27,"featured_media":73649,"comment_status":"open","ping_status":"closed","sticky":false,"template":"","format":"standard","meta":{"_acf_changed":false,"inline_featured_image":false,"_monsterinsights_skip_tracking":false,"footnotes":""},"categories":[2497],"tags":[],"region":[7148],"class_list":["post-73641","post","type-post","status-publish","format-standard","has-post-thumbnail","hentry","category-beograd-gradovi","region-beograd"],"acf":[],"yoast_head":"<!-- This site is optimized with the Yoast SEO plugin v28.2 - https:\/\/yoast.com\/product\/yoast-seo-wordpress\/ -->\n<title>Beograd u septembru: \u0160ta videti i raditi izme\u0111u leta i jeseni - Serbia.com<\/title>\n<meta name=\"description\" content=\"Otkrijte \u0161ta videti i raditi u Beogradu u septembru - od pijaca, Kalemegdana i reka do kafana, kulturnih doga\u0111aja i izleta na Avalu.\" \/>\n<meta name=\"robots\" content=\"index, follow, max-snippet:-1, max-image-preview:large, max-video-preview:-1\" \/>\n<link rel=\"canonical\" href=\"https:\/\/serbia.com\/srpski\/beograd-u-septembru-sta-videti-i-raditi-izmedu-leta-i-jeseni\/\" \/>\n<meta property=\"og:locale\" content=\"en_US\" \/>\n<meta property=\"og:type\" content=\"article\" \/>\n<meta property=\"og:title\" content=\"Beograd u septembru: \u0160ta videti i raditi izme\u0111u leta i jeseni - Serbia.com\" \/>\n<meta property=\"og:description\" content=\"Otkrijte \u0161ta videti i raditi u Beogradu u septembru - od pijaca, Kalemegdana i reka do kafana, kulturnih doga\u0111aja i izleta na Avalu.\" \/>\n<meta property=\"og:url\" content=\"https:\/\/serbia.com\/srpski\/beograd-u-septembru-sta-videti-i-raditi-izmedu-leta-i-jeseni\/\" \/>\n<meta property=\"og:site_name\" content=\"Serbia.com\" \/>\n<meta property=\"article:published_time\" content=\"2026-09-02T15:00:52+00:00\" \/>\n<meta property=\"article:modified_time\" content=\"2026-09-02T15:00:54+00:00\" \/>\n<meta property=\"og:image\" content=\"https:\/\/serbia.com\/wp-content\/uploads\/2026\/09\/ChatGPT-Image-Sep-2-2026-01_41_56-PM-2-e1788361180547-1280x501.png\" \/>\n\t<meta property=\"og:image:width\" content=\"1280\" \/>\n\t<meta property=\"og:image:height\" content=\"501\" \/>\n\t<meta property=\"og:image:type\" content=\"image\/png\" \/>\n<meta name=\"author\" content=\"Ivona Lekan\" \/>\n<meta name=\"twitter:label1\" content=\"Written by\" \/>\n\t<meta name=\"twitter:data1\" content=\"Ivona Lekan\" \/>\n\t<meta name=\"twitter:label2\" content=\"Est. reading time\" \/>\n\t<meta name=\"twitter:data2\" content=\"10 minutes\" \/>\n<script type=\"application\/ld+json\" class=\"yoast-schema-graph\">{\"@context\":\"https:\\\/\\\/schema.org\",\"@graph\":[{\"@type\":\"Article\",\"@id\":\"https:\\\/\\\/serbia.com\\\/srpski\\\/beograd-u-septembru-sta-videti-i-raditi-izmedu-leta-i-jeseni\\\/#article\",\"isPartOf\":{\"@id\":\"https:\\\/\\\/serbia.com\\\/srpski\\\/beograd-u-septembru-sta-videti-i-raditi-izmedu-leta-i-jeseni\\\/\"},\"author\":{\"name\":\"Ivona Lekan\",\"@id\":\"https:\\\/\\\/serbia.com\\\/#\\\/schema\\\/person\\\/954f6599db4406bd5f2e8384659bdc33\"},\"headline\":\"Beograd u septembru: \u0160ta videti i raditi izme\u0111u leta i jeseni\",\"datePublished\":\"2026-09-02T15:00:52+00:00\",\"dateModified\":\"2026-09-02T15:00:54+00:00\",\"mainEntityOfPage\":{\"@id\":\"https:\\\/\\\/serbia.com\\\/srpski\\\/beograd-u-septembru-sta-videti-i-raditi-izmedu-leta-i-jeseni\\\/\"},\"wordCount\":1730,\"commentCount\":0,\"image\":{\"@id\":\"https:\\\/\\\/serbia.com\\\/srpski\\\/beograd-u-septembru-sta-videti-i-raditi-izmedu-leta-i-jeseni\\\/#primaryimage\"},\"thumbnailUrl\":\"https:\\\/\\\/serbia.com\\\/wp-content\\\/uploads\\\/2026\\\/09\\\/ChatGPT-Image-Sep-2-2026-01_41_56-PM-2-e1788361180547.png\",\"articleSection\":[\"Beograd\"],\"inLanguage\":\"srpski\",\"potentialAction\":[{\"@type\":\"CommentAction\",\"name\":\"Comment\",\"target\":[\"https:\\\/\\\/serbia.com\\\/srpski\\\/beograd-u-septembru-sta-videti-i-raditi-izmedu-leta-i-jeseni\\\/#respond\"]}]},{\"@type\":\"WebPage\",\"@id\":\"https:\\\/\\\/serbia.com\\\/srpski\\\/beograd-u-septembru-sta-videti-i-raditi-izmedu-leta-i-jeseni\\\/\",\"url\":\"https:\\\/\\\/serbia.com\\\/srpski\\\/beograd-u-septembru-sta-videti-i-raditi-izmedu-leta-i-jeseni\\\/\",\"name\":\"Beograd u septembru: \u0160ta videti i raditi izme\u0111u leta i jeseni - Serbia.com\",\"isPartOf\":{\"@id\":\"https:\\\/\\\/serbia.com\\\/#website\"},\"primaryImageOfPage\":{\"@id\":\"https:\\\/\\\/serbia.com\\\/srpski\\\/beograd-u-septembru-sta-videti-i-raditi-izmedu-leta-i-jeseni\\\/#primaryimage\"},\"image\":{\"@id\":\"https:\\\/\\\/serbia.com\\\/srpski\\\/beograd-u-septembru-sta-videti-i-raditi-izmedu-leta-i-jeseni\\\/#primaryimage\"},\"thumbnailUrl\":\"https:\\\/\\\/serbia.com\\\/wp-content\\\/uploads\\\/2026\\\/09\\\/ChatGPT-Image-Sep-2-2026-01_41_56-PM-2-e1788361180547.png\",\"datePublished\":\"2026-09-02T15:00:52+00:00\",\"dateModified\":\"2026-09-02T15:00:54+00:00\",\"author\":{\"@id\":\"https:\\\/\\\/serbia.com\\\/#\\\/schema\\\/person\\\/954f6599db4406bd5f2e8384659bdc33\"},\"description\":\"Otkrijte \u0161ta videti i raditi u Beogradu u septembru - od pijaca, Kalemegdana i reka do kafana, kulturnih doga\u0111aja i izleta na Avalu.\",\"breadcrumb\":{\"@id\":\"https:\\\/\\\/serbia.com\\\/srpski\\\/beograd-u-septembru-sta-videti-i-raditi-izmedu-leta-i-jeseni\\\/#breadcrumb\"},\"inLanguage\":\"srpski\",\"potentialAction\":[{\"@type\":\"ReadAction\",\"target\":[\"https:\\\/\\\/serbia.com\\\/srpski\\\/beograd-u-septembru-sta-videti-i-raditi-izmedu-leta-i-jeseni\\\/\"]}]},{\"@type\":\"ImageObject\",\"inLanguage\":\"srpski\",\"@id\":\"https:\\\/\\\/serbia.com\\\/srpski\\\/beograd-u-septembru-sta-videti-i-raditi-izmedu-leta-i-jeseni\\\/#primaryimage\",\"url\":\"https:\\\/\\\/serbia.com\\\/wp-content\\\/uploads\\\/2026\\\/09\\\/ChatGPT-Image-Sep-2-2026-01_41_56-PM-2-e1788361180547.png\",\"contentUrl\":\"https:\\\/\\\/serbia.com\\\/wp-content\\\/uploads\\\/2026\\\/09\\\/ChatGPT-Image-Sep-2-2026-01_41_56-PM-2-e1788361180547.png\",\"width\":1534,\"height\":600},{\"@type\":\"BreadcrumbList\",\"@id\":\"https:\\\/\\\/serbia.com\\\/srpski\\\/beograd-u-septembru-sta-videti-i-raditi-izmedu-leta-i-jeseni\\\/#breadcrumb\",\"itemListElement\":[{\"@type\":\"ListItem\",\"position\":1,\"name\":\"Home\",\"item\":\"https:\\\/\\\/serbia.com\\\/srpski\\\/srbija\\\/\"},{\"@type\":\"ListItem\",\"position\":2,\"name\":\"Beograd u septembru: \u0160ta videti i raditi izme\u0111u leta i jeseni\"}]},{\"@type\":\"WebSite\",\"@id\":\"https:\\\/\\\/serbia.com\\\/#website\",\"url\":\"https:\\\/\\\/serbia.com\\\/\",\"name\":\"Serbia.com\",\"description\":\"Your Gateway to Serbia\",\"potentialAction\":[{\"@type\":\"SearchAction\",\"target\":{\"@type\":\"EntryPoint\",\"urlTemplate\":\"https:\\\/\\\/serbia.com\\\/?s={search_term_string}\"},\"query-input\":{\"@type\":\"PropertyValueSpecification\",\"valueRequired\":true,\"valueName\":\"search_term_string\"}}],\"inLanguage\":\"srpski\"},{\"@type\":\"Person\",\"@id\":\"https:\\\/\\\/serbia.com\\\/#\\\/schema\\\/person\\\/954f6599db4406bd5f2e8384659bdc33\",\"name\":\"Ivona Lekan\",\"image\":{\"@type\":\"ImageObject\",\"inLanguage\":\"srpski\",\"@id\":\"https:\\\/\\\/secure.gravatar.com\\\/avatar\\\/ad516503a11cd5ca435acc9bb6523536?s=96\",\"url\":\"https:\\\/\\\/secure.gravatar.com\\\/avatar\\\/ad516503a11cd5ca435acc9bb6523536?s=96\",\"contentUrl\":\"https:\\\/\\\/secure.gravatar.com\\\/avatar\\\/ad516503a11cd5ca435acc9bb6523536?s=96\",\"caption\":\"Ivona Lekan\"},\"url\":\"https:\\\/\\\/serbia.com\\\/srpski\\\/author\\\/ivondivine\\\/\"}]}<\/script>\n<!-- \/ Yoast SEO plugin. -->","yoast_head_json":{"title":"Beograd u septembru: \u0160ta videti i raditi izme\u0111u leta i jeseni - Serbia.com","description":"Otkrijte \u0161ta videti i raditi u Beogradu u septembru - od pijaca, Kalemegdana i reka do kafana, kulturnih doga\u0111aja i izleta na Avalu.","robots":{"index":"index","follow":"follow","max-snippet":"max-snippet:-1","max-image-preview":"max-image-preview:large","max-video-preview":"max-video-preview:-1"},"canonical":"https:\/\/serbia.com\/srpski\/beograd-u-septembru-sta-videti-i-raditi-izmedu-leta-i-jeseni\/","og_locale":"en_US","og_type":"article","og_title":"Beograd u septembru: \u0160ta videti i raditi izme\u0111u leta i jeseni - Serbia.com","og_description":"Otkrijte \u0161ta videti i raditi u Beogradu u septembru - od pijaca, Kalemegdana i reka do kafana, kulturnih doga\u0111aja i izleta na Avalu.","og_url":"https:\/\/serbia.com\/srpski\/beograd-u-septembru-sta-videti-i-raditi-izmedu-leta-i-jeseni\/","og_site_name":"Serbia.com","article_published_time":"2026-09-02T15:00:52+00:00","article_modified_time":"2026-09-02T15:00:54+00:00","og_image":[{"width":1280,"height":501,"url":"https:\/\/serbia.com\/wp-content\/uploads\/2026\/09\/ChatGPT-Image-Sep-2-2026-01_41_56-PM-2-e1788361180547-1280x501.png","type":"image\/png"}],"author":"Ivona Lekan","twitter_misc":{"Written by":"Ivona Lekan","Est. reading time":"10 minutes"},"schema":{"@context":"https:\/\/schema.org","@graph":[{"@type":"Article","@id":"https:\/\/serbia.com\/srpski\/beograd-u-septembru-sta-videti-i-raditi-izmedu-leta-i-jeseni\/#article","isPartOf":{"@id":"https:\/\/serbia.com\/srpski\/beograd-u-septembru-sta-videti-i-raditi-izmedu-leta-i-jeseni\/"},"author":{"name":"Ivona Lekan","@id":"https:\/\/serbia.com\/#\/schema\/person\/954f6599db4406bd5f2e8384659bdc33"},"headline":"Beograd u septembru: \u0160ta videti i raditi izme\u0111u leta i jeseni","datePublished":"2026-09-02T15:00:52+00:00","dateModified":"2026-09-02T15:00:54+00:00","mainEntityOfPage":{"@id":"https:\/\/serbia.com\/srpski\/beograd-u-septembru-sta-videti-i-raditi-izmedu-leta-i-jeseni\/"},"wordCount":1730,"commentCount":0,"image":{"@id":"https:\/\/serbia.com\/srpski\/beograd-u-septembru-sta-videti-i-raditi-izmedu-leta-i-jeseni\/#primaryimage"},"thumbnailUrl":"https:\/\/serbia.com\/wp-content\/uploads\/2026\/09\/ChatGPT-Image-Sep-2-2026-01_41_56-PM-2-e1788361180547.png","articleSection":["Beograd"],"inLanguage":"srpski","potentialAction":[{"@type":"CommentAction","name":"Comment","target":["https:\/\/serbia.com\/srpski\/beograd-u-septembru-sta-videti-i-raditi-izmedu-leta-i-jeseni\/#respond"]}]},{"@type":"WebPage","@id":"https:\/\/serbia.com\/srpski\/beograd-u-septembru-sta-videti-i-raditi-izmedu-leta-i-jeseni\/","url":"https:\/\/serbia.com\/srpski\/beograd-u-septembru-sta-videti-i-raditi-izmedu-leta-i-jeseni\/","name":"Beograd u septembru: \u0160ta videti i raditi izme\u0111u leta i jeseni - Serbia.com","isPartOf":{"@id":"https:\/\/serbia.com\/#website"},"primaryImageOfPage":{"@id":"https:\/\/serbia.com\/srpski\/beograd-u-septembru-sta-videti-i-raditi-izmedu-leta-i-jeseni\/#primaryimage"},"image":{"@id":"https:\/\/serbia.com\/srpski\/beograd-u-septembru-sta-videti-i-raditi-izmedu-leta-i-jeseni\/#primaryimage"},"thumbnailUrl":"https:\/\/serbia.com\/wp-content\/uploads\/2026\/09\/ChatGPT-Image-Sep-2-2026-01_41_56-PM-2-e1788361180547.png","datePublished":"2026-09-02T15:00:52+00:00","dateModified":"2026-09-02T15:00:54+00:00","author":{"@id":"https:\/\/serbia.com\/#\/schema\/person\/954f6599db4406bd5f2e8384659bdc33"},"description":"Otkrijte \u0161ta videti i raditi u Beogradu u septembru - od pijaca, Kalemegdana i reka do kafana, kulturnih doga\u0111aja i izleta na Avalu.","breadcrumb":{"@id":"https:\/\/serbia.com\/srpski\/beograd-u-septembru-sta-videti-i-raditi-izmedu-leta-i-jeseni\/#breadcrumb"},"inLanguage":"srpski","potentialAction":[{"@type":"ReadAction","target":["https:\/\/serbia.com\/srpski\/beograd-u-septembru-sta-videti-i-raditi-izmedu-leta-i-jeseni\/"]}]},{"@type":"ImageObject","inLanguage":"srpski","@id":"https:\/\/serbia.com\/srpski\/beograd-u-septembru-sta-videti-i-raditi-izmedu-leta-i-jeseni\/#primaryimage","url":"https:\/\/serbia.com\/wp-content\/uploads\/2026\/09\/ChatGPT-Image-Sep-2-2026-01_41_56-PM-2-e1788361180547.png","contentUrl":"https:\/\/serbia.com\/wp-content\/uploads\/2026\/09\/ChatGPT-Image-Sep-2-2026-01_41_56-PM-2-e1788361180547.png","width":1534,"height":600},{"@type":"BreadcrumbList","@id":"https:\/\/serbia.com\/srpski\/beograd-u-septembru-sta-videti-i-raditi-izmedu-leta-i-jeseni\/#breadcrumb","itemListElement":[{"@type":"ListItem","position":1,"name":"Home","item":"https:\/\/serbia.com\/srpski\/srbija\/"},{"@type":"ListItem","position":2,"name":"Beograd u septembru: \u0160ta videti i raditi izme\u0111u leta i jeseni"}]},{"@type":"WebSite","@id":"https:\/\/serbia.com\/#website","url":"https:\/\/serbia.com\/","name":"Serbia.com","description":"Your Gateway to Serbia","potentialAction":[{"@type":"SearchAction","target":{"@type":"EntryPoint","urlTemplate":"https:\/\/serbia.com\/?s={search_term_string}"},"query-input":{"@type":"PropertyValueSpecification","valueRequired":true,"valueName":"search_term_string"}}],"inLanguage":"srpski"},{"@type":"Person","@id":"https:\/\/serbia.com\/#\/schema\/person\/954f6599db4406bd5f2e8384659bdc33","name":"Ivona Lekan","image":{"@type":"ImageObject","inLanguage":"srpski","@id":"https:\/\/secure.gravatar.com\/avatar\/ad516503a11cd5ca435acc9bb6523536?s=96","url":"https:\/\/secure.gravatar.com\/avatar\/ad516503a11cd5ca435acc9bb6523536?s=96","contentUrl":"https:\/\/secure.gravatar.com\/avatar\/ad516503a11cd5ca435acc9bb6523536?s=96","caption":"Ivona Lekan"},"url":"https:\/\/serbia.com\/srpski\/author\/ivondivine\/"}]}},"brizy_media":[],"_links":{"self":[{"href":"https:\/\/serbia.com\/srpski\/wp-json\/wp\/v2\/posts\/73641","targetHints":{"allow":["GET"]}}],"collection":[{"href":"https:\/\/serbia.com\/srpski\/wp-json\/wp\/v2\/posts"}],"about":[{"href":"https:\/\/serbia.com\/srpski\/wp-json\/wp\/v2\/types\/post"}],"author":[{"embeddable":true,"href":"https:\/\/serbia.com\/srpski\/wp-json\/wp\/v2\/users\/27"}],"replies":[{"embeddable":true,"href":"https:\/\/serbia.com\/srpski\/wp-json\/wp\/v2\/comments?post=73641"}],"version-history":[{"count":1,"href":"https:\/\/serbia.com\/srpski\/wp-json\/wp\/v2\/posts\/73641\/revisions"}],"predecessor-version":[{"id":73650,"href":"https:\/\/serbia.com\/srpski\/wp-json\/wp\/v2\/posts\/73641\/revisions\/73650"}],"wp:featuredmedia":[{"embeddable":true,"href":"https:\/\/serbia.com\/srpski\/wp-json\/wp\/v2\/media\/73649"}],"wp:attachment":[{"href":"https:\/\/serbia.com\/srpski\/wp-json\/wp\/v2\/media?parent=73641"}],"wp:term":[{"taxonomy":"category","embeddable":true,"href":"https:\/\/serbia.com\/srpski\/wp-json\/wp\/v2\/categories?post=73641"},{"taxonomy":"post_tag","embeddable":true,"href":"https:\/\/serbia.com\/srpski\/wp-json\/wp\/v2\/tags?post=73641"},{"taxonomy":"region","embeddable":true,"href":"https:\/\/serbia.com\/srpski\/wp-json\/wp\/v2\/region?post=73641"}],"curies":[{"name":"wp","href":"https:\/\/api.w.org\/{rel}","templated":true}]}}