{"id":73603,"date":"2026-09-01T15:58:43","date_gmt":"2026-09-01T13:58:43","guid":{"rendered":"https:\/\/serbia.com\/?p=73603"},"modified":"2026-09-01T15:58:45","modified_gmt":"2026-09-01T13:58:45","slug":"top-5-destinacija-u-srbiji-ovog-septembra","status":"publish","type":"post","link":"https:\/\/serbia.com\/srpski\/top-5-destinacija-u-srbiji-ovog-septembra\/","title":{"rendered":"Top 5 destinacija u Srbiji ovog septembra"},"content":{"rendered":"\n<h3 class=\"wp-block-heading\"><em>Od topota konja i vekovne vinske tradicije do re\u010dnih klisura, seoskih kuhinja i tihih predela ju\u017ene Srbije &#8211; septembar donosi neke od najautenti\u010dnijih razloga za putovanje tokom cele godine.<\/em><\/h3>\n\n\n\n<p class=\"wp-block-paragraph\">Septembar menja ritam putovanja kroz Srbiju. Vru\u0107ine polako popu\u0161taju, putevi postaju mirniji, a gradovi i sela \u0161irom zemlje okre\u0107u se berbi, lokalnim festivalima i manifestacijama koje se i\u0161\u010dekuju tokom \u010ditave godine.<\/p>\n\n\n\n<p class=\"wp-block-paragraph\">Ovo jo\u0161 nije jesen u punim zlatnim bojama. Vinogradi i \u0161ume uglavnom su i dalje zeleni, popodneva topla, a dani dovoljno dugi za istra\u017eivanje. Ipak, sve\u017eija jutra i prijatnije ve\u010deri \u010dine \u0161etnje kroz gradove, uspone na vidikovce i izlete kroz prirodu znatno ugodnijim nego samo nekoliko nedelja ranije.<\/p>\n\n\n\n<p class=\"wp-block-paragraph\">Na\u0161 izbor za septembar 2026. povezuje neke od najpoznatijih sezonskih manifestacija u Srbiji sa mestima koja se jo\u0161 uvek retko nalaze na uobi\u010dajenim turisti\u010dkim rutama. Na listi su dva vinska kraja, ali svaki od njih donosi potpuno druga\u010diju pri\u010du: jedan kroz energiju velikog gradskog festivala u Banatu, a drugi kroz duboko ukorenjenu vinsku kulturu jedne pitome doline. Na drugim mestima konji preuzimaju ulice istorijskog grada, \u010duveno tradicionalno jelo okuplja \u010ditavo selo, dok Toplica otkriva mirniju i manje poznatu stranu juga Srbije.<\/p>\n\n\n\n<p class=\"wp-block-paragraph\">Predstavljamo pet destinacija koje vredi otkriti u Srbiji ovog septembra.<\/p>\n\n\n\n<h2 class=\"wp-block-heading\">1. Po\u017earevac &#8211; grad u kojem o\u017eivljava konji\u010dka tradicija Srbije<\/h2>\n\n\n\n<p class=\"wp-block-paragraph\">Tokom ve\u0107eg dela godine <strong><a href=\"https:\/\/serbia.com\/srpski\/posetite-srbiju\/gradovi\/pozarevac-grad-mira\/\" data-type=\"page\" data-id=\"31555\" target=\"_blank\" rel=\"noreferrer noopener\">Po\u017earevac<\/a><\/strong> \u017eivi odmerenim ritmom regionalnog centra. Po\u010detkom septembra, me\u0111utim, konji, jaha\u010di, fijakeri i publika preuzimaju njegove ulice i hipodrom tokom <strong>Ljubi\u010devskih konji\u010dkih igara.<\/strong><\/p>\n\n\n\n<p class=\"wp-block-paragraph\"><strong>Centralni program 63. izdanja manifestacije odr\u017eava se od 4. do 6. septembra 2026. godine<\/strong>, nastavljaju\u0107i tradiciju \u010diji koreni se\u017eu do 19. veka. Igre obuhvataju galopske i kasa\u010dke trke, preskakanje prepona, vo\u017enju zaprega i sve\u010dane defilee, ali njihov najprepoznatljiviji deo svakako je <strong>Ljubi\u010devski vi\u0161eboj.<\/strong> Jaha\u010di se nadme\u0107u u nekoliko zahtevnih disciplina inspirisanih nekada\u0161njom konji\u010dkom i vojni\u010dkom ve\u0161tinom, zbog \u010dega ovaj vikend ima karakter kakav se te\u0161ko mo\u017ee prona\u0107i na bilo kojoj drugoj manifestaciji u Srbiji.<\/p>\n\n\n\n<p class=\"wp-block-paragraph\">Igre su glavni povod za dolazak, ali <strong><a href=\"https:\/\/serbia.com\/srpski\/posetite-srbiju\/gradovi\/pozarevac-grad-mira\/\" data-type=\"page\" data-id=\"31555\" target=\"_blank\" rel=\"noreferrer noopener\">Po\u017earevac<\/a><\/strong> zaslu\u017euje vi\u0161e od nekoliko sati provedenih na hipodromu. <strong>Narodni muzej <\/strong>\u010duva pro\u0161lost \u010ditavog Brani\u010devskog kraja, dok <strong>Galerija <a href=\"https:\/\/serbia.com\/srpski\/o-srbiji\/poznati-srbi\/poznati-umetnici\/milena-pavlovic-barilli\/\" data-type=\"page\" data-id=\"34429\" target=\"_blank\" rel=\"noreferrer noopener\">Milene Pavlovi\u0107 Barili<\/a><\/strong>, sme\u0161tena u njenoj rodnoj ku\u0107i, predstavlja \u017eivot i delo jedne od najosobenijih srpskih umetnica 20. veka.<\/p>\n\n\n\n<figure class=\"wp-block-gallery has-nested-images columns-default is-cropped wp-block-gallery-1 is-layout-flex wp-block-gallery-is-layout-flex\">\n<figure class=\"wp-block-image size-large\"><img loading=\"lazy\" decoding=\"async\" width=\"1280\" height=\"853\" data-id=\"73591\" src=\"https:\/\/serbia.com\/wp-content\/uploads\/2026\/09\/ChatGPT-Image-Sep-1-2026-02_29_22-PM-1280x853.png\" alt=\"\" class=\"wp-image-73591\" srcset=\"https:\/\/serbia.com\/wp-content\/uploads\/2026\/09\/ChatGPT-Image-Sep-1-2026-02_29_22-PM-1280x853.png 1280w, https:\/\/serbia.com\/wp-content\/uploads\/2026\/09\/ChatGPT-Image-Sep-1-2026-02_29_22-PM-300x200.png 300w, https:\/\/serbia.com\/wp-content\/uploads\/2026\/09\/ChatGPT-Image-Sep-1-2026-02_29_22-PM-768x512.png 768w, https:\/\/serbia.com\/wp-content\/uploads\/2026\/09\/ChatGPT-Image-Sep-1-2026-02_29_22-PM-760x507.png 760w, https:\/\/serbia.com\/wp-content\/uploads\/2026\/09\/ChatGPT-Image-Sep-1-2026-02_29_22-PM-1500x1000.png 1500w, https:\/\/serbia.com\/wp-content\/uploads\/2026\/09\/ChatGPT-Image-Sep-1-2026-02_29_22-PM-750x500.png 750w, https:\/\/serbia.com\/wp-content\/uploads\/2026\/09\/ChatGPT-Image-Sep-1-2026-02_29_22-PM.png 1536w\" sizes=\"auto, (max-width: 1280px) 100vw, 1280px\" \/><figcaption class=\"wp-element-caption\">Po\u017earevac<\/figcaption><\/figure>\n\n\n\n<figure class=\"wp-block-image size-large\"><img loading=\"lazy\" decoding=\"async\" width=\"1093\" height=\"1280\" data-id=\"73592\" src=\"https:\/\/serbia.com\/wp-content\/uploads\/2026\/09\/Ljubicevo-1093x1280.jpg\" alt=\"\" class=\"wp-image-73592\" srcset=\"https:\/\/serbia.com\/wp-content\/uploads\/2026\/09\/Ljubicevo-1093x1280.jpg 1093w, https:\/\/serbia.com\/wp-content\/uploads\/2026\/09\/Ljubicevo-256x300.jpg 256w, https:\/\/serbia.com\/wp-content\/uploads\/2026\/09\/Ljubicevo-768x899.jpg 768w, https:\/\/serbia.com\/wp-content\/uploads\/2026\/09\/Ljubicevo-760x890.jpg 760w, https:\/\/serbia.com\/wp-content\/uploads\/2026\/09\/Ljubicevo-854x1000.jpg 854w, https:\/\/serbia.com\/wp-content\/uploads\/2026\/09\/Ljubicevo-427x500.jpg 427w, https:\/\/serbia.com\/wp-content\/uploads\/2026\/09\/Ljubicevo.jpg 1280w\" sizes=\"auto, (max-width: 1093px) 100vw, 1093px\" \/><figcaption class=\"wp-element-caption\">Ljubi\u010devo, ph: Gmihail, CC BY-SA 3.0 RS\u00a0<a href=\"https:\/\/creativecommons.org\/licenses\/by-sa\/3.0\/rs\/deed.en\">https:\/\/creativecommons.org\/licenses\/by-sa\/3.0\/rs\/deed.en<\/a><\/figcaption><\/figure>\n\n\n\n<figure class=\"wp-block-image size-large\"><img loading=\"lazy\" decoding=\"async\" width=\"1280\" height=\"853\" data-id=\"73593\" src=\"https:\/\/serbia.com\/wp-content\/uploads\/2026\/09\/Untitled-2250-x-1500-px-2026-09-01T142247.443-1280x853.png\" alt=\"\" class=\"wp-image-73593\" srcset=\"https:\/\/serbia.com\/wp-content\/uploads\/2026\/09\/Untitled-2250-x-1500-px-2026-09-01T142247.443-1280x853.png 1280w, https:\/\/serbia.com\/wp-content\/uploads\/2026\/09\/Untitled-2250-x-1500-px-2026-09-01T142247.443-300x200.png 300w, https:\/\/serbia.com\/wp-content\/uploads\/2026\/09\/Untitled-2250-x-1500-px-2026-09-01T142247.443-768x512.png 768w, https:\/\/serbia.com\/wp-content\/uploads\/2026\/09\/Untitled-2250-x-1500-px-2026-09-01T142247.443-1536x1024.png 1536w, https:\/\/serbia.com\/wp-content\/uploads\/2026\/09\/Untitled-2250-x-1500-px-2026-09-01T142247.443-2048x1365.png 2048w, https:\/\/serbia.com\/wp-content\/uploads\/2026\/09\/Untitled-2250-x-1500-px-2026-09-01T142247.443-760x507.png 760w, https:\/\/serbia.com\/wp-content\/uploads\/2026\/09\/Untitled-2250-x-1500-px-2026-09-01T142247.443-1500x1000.png 1500w, https:\/\/serbia.com\/wp-content\/uploads\/2026\/09\/Untitled-2250-x-1500-px-2026-09-01T142247.443-750x500.png 750w\" sizes=\"auto, (max-width: 1280px) 100vw, 1280px\" \/><figcaption class=\"wp-element-caption\">Konji\u010dke igre<\/figcaption><\/figure>\n<\/figure>\n\n\n\n<p class=\"wp-block-paragraph\"><\/p>\n\n\n\n<p class=\"wp-block-paragraph\">Nedaleko od centra nalazi se <strong>ergela Ljubi\u010devo, neraskidivo povezana sa konji\u010dkim identitetom grada.<\/strong> Njeni drvoredi, padoci i duga tradicija uzgoja konja najbolje obja\u0161njavaju za\u0161to ova manifestacija pripada upravo Po\u017earevcu.<\/p>\n\n\n\n<p class=\"wp-block-paragraph\">Ako ostajete \u010ditav vikend, putovanje mo\u017eete pro\u0161iriti posetom arheolo\u0161kom nalazi\u0161tu <strong><a href=\"https:\/\/serbia.com\/srpski\/posetite-srbiju\/kulturne-atrakcije\/arheoloska-nalazista\/viminacijum-anticki-rimski-grad-u-srbiji\/\" data-type=\"page\" data-id=\"55970\" target=\"_blank\" rel=\"noreferrer noopener\">Viminacijum<\/a><\/strong> ili vo\u017enjom manjim putevima kroz sela i <strong>poljoprivredne predele Stiga<\/strong>. Tako nastaje putovanje koje spaja spektakl, istoriju i deo <strong><a href=\"https:\/\/serbia.com\/srpski\/region\/istocna-srbija-rs\/\" data-type=\"region\" data-id=\"7149\" target=\"_blank\" rel=\"noreferrer noopener\">isto\u010dne Srbije<\/a><\/strong> pored kojeg mnogi samo prolaze na putu ka poznatijim dunavskim destinacijama.<\/p>\n\n\n\n<p class=\"wp-block-paragraph\"><strong>Glavna manifestacija:<\/strong> Ljubi\u010devske konji\u010dke igre, 4\u20136. septembar 2026.<br><strong>Najbolje za:<\/strong> Tradicionalne manifestacije, porodice i putnike koji \u017eele da upoznaju druga\u010diju stranu Srbije<\/p>\n\n\n\n<h2 class=\"wp-block-heading\">2. Vr\u0161ac &#8211; grad koji slavi u podno\u017eju vinograda<\/h2>\n\n\n\n<p class=\"wp-block-paragraph\"><strong><a href=\"https:\/\/serbia.com\/srpski\/vrsac-grad-vina-brezuljaka-i-svetlosti-u-zimsko-doba\/\" data-type=\"post\" data-id=\"65064\" target=\"_blank\" rel=\"noreferrer noopener\">Vr\u0161ac<\/a><\/strong> je jedno od onih retkih mesta u kojima grad i okolni pejza\u017e deluju gotovo nerazdvojno. Istorijske ulice le\u017ee ispod padina <strong>Vr\u0161a\u010dkih planina,<\/strong> dok se vinogradi uzdi\u017eu neposredno iznad krovova i pretvaraju obode grada u jedan od najprepoznatljivijih vinskih predela severne Srbije.<\/p>\n\n\n\n<p class=\"wp-block-paragraph\"><strong>Od 17. do 20. septembra 2026. godine ta veza dolazi u prvi plan tokom 68. Gro\u017e\u0111ebala<\/strong>, odnosno tradicionalnih Dana berbe gro\u017e\u0111a. Tokom \u010detiri dana grad ispunjavaju degustacije vina, koncerti, izlo\u017ebe, sajamski sadr\u017eaji i programi posve\u0107eni po\u010detku berbe.<\/p>\n\n\n\n<p class=\"wp-block-paragraph\"><strong>Gro\u017e\u0111ebal je velika, \u017eivahna i izrazito gradska manifestacija.<\/strong> Upravo ta energija razlikuje <strong><a href=\"https:\/\/serbia.com\/srpski\/vrsac-grad-vina-brezuljaka-i-svetlosti-u-zimsko-doba\/\" data-type=\"post\" data-id=\"65064\" target=\"_blank\" rel=\"noreferrer noopener\">Vr\u0161ac<\/a><\/strong> od mirnije vinske rute koja nas \u010deka u nastavku liste. Ovde vino postaje deo velike gradske proslave, pa se trgovima, pe\u0161a\u010dkim ulicama i pozornicama festivalska atmosfera \u0161iri sve do vinograda na obroncima.<\/p>\n\n\n\n<figure class=\"wp-block-gallery has-nested-images columns-default is-cropped wp-block-gallery-2 is-layout-flex wp-block-gallery-is-layout-flex\">\n<figure class=\"wp-block-image size-large\"><img loading=\"lazy\" decoding=\"async\" width=\"1280\" height=\"853\" data-id=\"73594\" src=\"https:\/\/serbia.com\/wp-content\/uploads\/2026\/09\/Untitled-2250-x-1500-px-2026-09-01T143430.634-1280x853.png\" alt=\"\" class=\"wp-image-73594\" srcset=\"https:\/\/serbia.com\/wp-content\/uploads\/2026\/09\/Untitled-2250-x-1500-px-2026-09-01T143430.634-1280x853.png 1280w, https:\/\/serbia.com\/wp-content\/uploads\/2026\/09\/Untitled-2250-x-1500-px-2026-09-01T143430.634-300x200.png 300w, https:\/\/serbia.com\/wp-content\/uploads\/2026\/09\/Untitled-2250-x-1500-px-2026-09-01T143430.634-768x512.png 768w, https:\/\/serbia.com\/wp-content\/uploads\/2026\/09\/Untitled-2250-x-1500-px-2026-09-01T143430.634-1536x1024.png 1536w, https:\/\/serbia.com\/wp-content\/uploads\/2026\/09\/Untitled-2250-x-1500-px-2026-09-01T143430.634-2048x1365.png 2048w, https:\/\/serbia.com\/wp-content\/uploads\/2026\/09\/Untitled-2250-x-1500-px-2026-09-01T143430.634-760x507.png 760w, https:\/\/serbia.com\/wp-content\/uploads\/2026\/09\/Untitled-2250-x-1500-px-2026-09-01T143430.634-1500x1000.png 1500w, https:\/\/serbia.com\/wp-content\/uploads\/2026\/09\/Untitled-2250-x-1500-px-2026-09-01T143430.634-750x500.png 750w\" sizes=\"auto, (max-width: 1280px) 100vw, 1280px\" \/><figcaption class=\"wp-element-caption\">Vr\u0161a\u010dki vinogradi<\/figcaption><\/figure>\n\n\n\n<figure class=\"wp-block-image size-large\"><img loading=\"lazy\" decoding=\"async\" width=\"1280\" height=\"715\" data-id=\"73595\" src=\"https:\/\/serbia.com\/wp-content\/uploads\/2026\/09\/Vladicanski_dvor_pogled_na_predju_fasadu-1280x715.jpg\" alt=\"\" class=\"wp-image-73595\" srcset=\"https:\/\/serbia.com\/wp-content\/uploads\/2026\/09\/Vladicanski_dvor_pogled_na_predju_fasadu-1280x715.jpg 1280w, https:\/\/serbia.com\/wp-content\/uploads\/2026\/09\/Vladicanski_dvor_pogled_na_predju_fasadu-300x168.jpg 300w, https:\/\/serbia.com\/wp-content\/uploads\/2026\/09\/Vladicanski_dvor_pogled_na_predju_fasadu-768x429.jpg 768w, https:\/\/serbia.com\/wp-content\/uploads\/2026\/09\/Vladicanski_dvor_pogled_na_predju_fasadu-1536x858.jpg 1536w, https:\/\/serbia.com\/wp-content\/uploads\/2026\/09\/Vladicanski_dvor_pogled_na_predju_fasadu-760x424.jpg 760w, https:\/\/serbia.com\/wp-content\/uploads\/2026\/09\/Vladicanski_dvor_pogled_na_predju_fasadu-1791x1000.jpg 1791w, https:\/\/serbia.com\/wp-content\/uploads\/2026\/09\/Vladicanski_dvor_pogled_na_predju_fasadu-896x500.jpg 896w, https:\/\/serbia.com\/wp-content\/uploads\/2026\/09\/Vladicanski_dvor_pogled_na_predju_fasadu.jpg 1920w\" sizes=\"auto, (max-width: 1280px) 100vw, 1280px\" \/><figcaption class=\"wp-element-caption\">Vladi\u010danski dvor, ph: No.cilepoga\u010da, CC BY-SA 4.0\u00a0<a href=\"https:\/\/creativecommons.org\/licenses\/by-sa\/4.0\">https:\/\/creativecommons.org\/licenses\/by-sa\/4.0<\/a><\/figcaption><\/figure>\n\n\n\n<figure class=\"wp-block-image size-large\"><img loading=\"lazy\" decoding=\"async\" width=\"1280\" height=\"853\" data-id=\"73596\" src=\"https:\/\/serbia.com\/wp-content\/uploads\/2026\/09\/Untitled-2250-x-1500-px-2026-09-01T143445.470-1280x853.png\" alt=\"\" class=\"wp-image-73596\" srcset=\"https:\/\/serbia.com\/wp-content\/uploads\/2026\/09\/Untitled-2250-x-1500-px-2026-09-01T143445.470-1280x853.png 1280w, https:\/\/serbia.com\/wp-content\/uploads\/2026\/09\/Untitled-2250-x-1500-px-2026-09-01T143445.470-300x200.png 300w, https:\/\/serbia.com\/wp-content\/uploads\/2026\/09\/Untitled-2250-x-1500-px-2026-09-01T143445.470-768x512.png 768w, https:\/\/serbia.com\/wp-content\/uploads\/2026\/09\/Untitled-2250-x-1500-px-2026-09-01T143445.470-1536x1024.png 1536w, https:\/\/serbia.com\/wp-content\/uploads\/2026\/09\/Untitled-2250-x-1500-px-2026-09-01T143445.470-2048x1365.png 2048w, https:\/\/serbia.com\/wp-content\/uploads\/2026\/09\/Untitled-2250-x-1500-px-2026-09-01T143445.470-760x507.png 760w, https:\/\/serbia.com\/wp-content\/uploads\/2026\/09\/Untitled-2250-x-1500-px-2026-09-01T143445.470-1500x1000.png 1500w, https:\/\/serbia.com\/wp-content\/uploads\/2026\/09\/Untitled-2250-x-1500-px-2026-09-01T143445.470-750x500.png 750w\" sizes=\"auto, (max-width: 1280px) 100vw, 1280px\" \/><figcaption class=\"wp-element-caption\">Crkva u Vr\u0161cu<\/figcaption><\/figure>\n<\/figure>\n\n\n\n<p class=\"wp-block-paragraph\"><\/p>\n\n\n\n<p class=\"wp-block-paragraph\">I van manifestacije, <strong><a href=\"https:\/\/serbia.com\/srpski\/vrsac-grad-vina-brezuljaka-i-svetlosti-u-zimsko-doba\/\" data-type=\"post\" data-id=\"65064\" target=\"_blank\" rel=\"noreferrer noopener\">Vr\u0161ac<\/a><\/strong> nudi dovoljno sadr\u017eaja za ceo vikend. Pro\u0161etajte istorijskim centrom, posetite <strong>Gradski muzej i monumentalni <a href=\"https:\/\/serbia.com\/srpski\/vladicanski-dvor-u-vrscu\/\" data-type=\"post\" data-id=\"24213\" target=\"_blank\" rel=\"noreferrer noopener\">Vladi\u010danski dvor<\/a>,<\/strong> a zatim potra\u017eite arhitektonske tragove razli\u010ditih kultura koje su vekovima oblikovale ovaj deo Banata. Iznad grada, obnovljena <strong>Vr\u0161a\u010dka kula nagra\u0111uje uspon \u0161irokim pogledom na ravnicu.<\/strong><\/p>\n\n\n\n<p class=\"wp-block-paragraph\">Septembar je ujedno jedan od najprijatnijih meseci za istra\u017eivanje Vr\u0161a\u010dkih planina. Temperature su bla\u017ee, padine jo\u0161 uvek zelene, a pe\u0161a\u010dke staze predstavljaju prirodan kontrast gu\u017evi u centru. <strong>Obli\u017enja Gudurica, okru\u017eena vinogradima i poznata po svom multikulturalnom nasle\u0111u<\/strong>, putovanju mo\u017ee dodati sporiju i intimniju seosku epizodu.<\/p>\n\n\n\n<p class=\"wp-block-paragraph\">Vr\u0161ac u septembru zato nije destinacija namenjena isklju\u010divo ljubiteljima vina. To je susret gradske kulture, otvorenih pejza\u017ea, lokalne istorije i jedne od najve\u0107ih proslava berbe u Srbiji.<\/p>\n\n\n\n<p class=\"wp-block-paragraph\"><strong>Glavna manifestacija:<\/strong> Gro\u017e\u0111ebal, 17\u201320. septembar 2026.<br><strong>Najbolje za:<\/strong> Festivale, panoramske \u0161etnje, arhitekturu i \u017eivu atmosferu berbe<\/p>\n\n\n\n<h2 class=\"wp-block-heading\">3. Aleksandrovac i \u017dupa &#8211; u srcu istorijske vinske Srbije<\/h2>\n\n\n\n<p class=\"wp-block-paragraph\">Dok Vr\u0161ac slavi berbu energijom \u010ditavog grada, <strong><a href=\"https:\/\/serbia.com\/srpski\/otkrijte-aleksandrovac-zemlju-vina-i-tradicije-u-srcu-srbije\/\" data-type=\"post\" data-id=\"71379\" target=\"_blank\" rel=\"noreferrer noopener\">Aleksandrovac<\/a><\/strong> pru\u017ea intimniji susret sa kulturom koja je vekovima nastajala oko vinograda. Sme\u0161ten u plodnoj <strong><a href=\"https:\/\/serbia.com\/srpski\/vinski-put-zupa-putovanje-kroz-vinograde-i-naslede-srbije\/\" data-type=\"post\" data-id=\"64303\" target=\"_blank\" rel=\"noreferrer noopener\">\u017dupskoj dolini<\/a><\/strong>, Aleksandrovac se nalazi u sredi\u0161tu jednog od najstarijih i najva\u017enijih vinogradarskih krajeva Srbije. Od 17. do 20. septembra 2026. godine grad je doma\u0107in <strong>61. \u017dupske berbe, manifestacije koja jo\u0161 od 1963. okuplja vinogradare, vinare i posetioce.<\/strong><\/p>\n\n\n\n<p class=\"wp-block-paragraph\"><strong>Vinska ulica, izlo\u017ebe, koncerti, karnevalski program i tradicionalna Fontana vina<\/strong> stvaraju veselo sredi\u0161te manifestacije, ali se pravi karakter \u017dupe otkriva izvan glavne pozornice. Ovo je kraj porodi\u010dnih vinograda, malih podruma i sela u kojima vinarstvo nije samo turisti\u010dka ponuda, ve\u0107 deo svakodnevnog identiteta.<\/p>\n\n\n\n<p class=\"wp-block-paragraph\">Putovanje zapo\u010dnite u<strong> Muzeju vinarstva i vinogradarstva u Aleksandrovcu<\/strong>, gde mo\u017eete pratiti dug razvoj uzgoja gro\u017e\u0111a u ovom kraju. Zatim nastavite kroz okolna sela i vinogradarske puteve koji otkrivaju pitomiju i ruralniju stranu centralne Srbije.<\/p>\n\n\n\n<figure class=\"wp-block-gallery has-nested-images columns-default is-cropped wp-block-gallery-3 is-layout-flex wp-block-gallery-is-layout-flex\">\n<figure class=\"wp-block-image size-large\"><img loading=\"lazy\" decoding=\"async\" width=\"1280\" height=\"853\" data-id=\"71380\" src=\"https:\/\/serbia.com\/wp-content\/uploads\/2026\/06\/ChatGPT-Image-Jun-15-2026-01_45_55-PM-1-1280x853.jpg\" alt=\"\" class=\"wp-image-71380\" srcset=\"https:\/\/serbia.com\/wp-content\/uploads\/2026\/06\/ChatGPT-Image-Jun-15-2026-01_45_55-PM-1-1280x853.jpg 1280w, https:\/\/serbia.com\/wp-content\/uploads\/2026\/06\/ChatGPT-Image-Jun-15-2026-01_45_55-PM-1-300x200.jpg 300w, https:\/\/serbia.com\/wp-content\/uploads\/2026\/06\/ChatGPT-Image-Jun-15-2026-01_45_55-PM-1-768x512.jpg 768w, https:\/\/serbia.com\/wp-content\/uploads\/2026\/06\/ChatGPT-Image-Jun-15-2026-01_45_55-PM-1-760x507.jpg 760w, https:\/\/serbia.com\/wp-content\/uploads\/2026\/06\/ChatGPT-Image-Jun-15-2026-01_45_55-PM-1-1500x1000.jpg 1500w, https:\/\/serbia.com\/wp-content\/uploads\/2026\/06\/ChatGPT-Image-Jun-15-2026-01_45_55-PM-1-750x500.jpg 750w, https:\/\/serbia.com\/wp-content\/uploads\/2026\/06\/ChatGPT-Image-Jun-15-2026-01_45_55-PM-1.jpg 1536w\" sizes=\"auto, (max-width: 1280px) 100vw, 1280px\" \/><figcaption class=\"wp-element-caption\">Aleksandrovac<\/figcaption><\/figure>\n\n\n\n<figure class=\"wp-block-image size-large\"><img loading=\"lazy\" decoding=\"async\" width=\"1280\" height=\"853\" data-id=\"59255\" src=\"https:\/\/serbia.com\/wp-content\/uploads\/2025\/04\/wine-and-grapes-on-the-table-2025-02-24-14-39-43-utc-min-1280x853.jpg\" alt=\"\" class=\"wp-image-59255\" srcset=\"https:\/\/serbia.com\/wp-content\/uploads\/2025\/04\/wine-and-grapes-on-the-table-2025-02-24-14-39-43-utc-min-1280x853.jpg 1280w, https:\/\/serbia.com\/wp-content\/uploads\/2025\/04\/wine-and-grapes-on-the-table-2025-02-24-14-39-43-utc-min-300x200.jpg 300w, https:\/\/serbia.com\/wp-content\/uploads\/2025\/04\/wine-and-grapes-on-the-table-2025-02-24-14-39-43-utc-min-768x512.jpg 768w, https:\/\/serbia.com\/wp-content\/uploads\/2025\/04\/wine-and-grapes-on-the-table-2025-02-24-14-39-43-utc-min-1536x1024.jpg 1536w, https:\/\/serbia.com\/wp-content\/uploads\/2025\/04\/wine-and-grapes-on-the-table-2025-02-24-14-39-43-utc-min-2048x1365.jpg 2048w, https:\/\/serbia.com\/wp-content\/uploads\/2025\/04\/wine-and-grapes-on-the-table-2025-02-24-14-39-43-utc-min-760x507.jpg 760w, https:\/\/serbia.com\/wp-content\/uploads\/2025\/04\/wine-and-grapes-on-the-table-2025-02-24-14-39-43-utc-min-1500x1000.jpg 1500w, https:\/\/serbia.com\/wp-content\/uploads\/2025\/04\/wine-and-grapes-on-the-table-2025-02-24-14-39-43-utc-min-750x500.jpg 750w\" sizes=\"auto, (max-width: 1280px) 100vw, 1280px\" \/><figcaption class=\"wp-element-caption\">Vino<\/figcaption><\/figure>\n\n\n\n<figure class=\"wp-block-image size-large\"><img loading=\"lazy\" decoding=\"async\" width=\"1280\" height=\"854\" data-id=\"57142\" src=\"https:\/\/serbia.com\/wp-content\/uploads\/2024\/12\/vineyards-at-a-winery-near-brasov-transylvania-r-2024-09-12-05-03-48-utc-min-1280x854.jpg\" alt=\"\" class=\"wp-image-57142\" srcset=\"https:\/\/serbia.com\/wp-content\/uploads\/2024\/12\/vineyards-at-a-winery-near-brasov-transylvania-r-2024-09-12-05-03-48-utc-min-1280x854.jpg 1280w, https:\/\/serbia.com\/wp-content\/uploads\/2024\/12\/vineyards-at-a-winery-near-brasov-transylvania-r-2024-09-12-05-03-48-utc-min-300x200.jpg 300w, https:\/\/serbia.com\/wp-content\/uploads\/2024\/12\/vineyards-at-a-winery-near-brasov-transylvania-r-2024-09-12-05-03-48-utc-min-768x513.jpg 768w, https:\/\/serbia.com\/wp-content\/uploads\/2024\/12\/vineyards-at-a-winery-near-brasov-transylvania-r-2024-09-12-05-03-48-utc-min-1536x1025.jpg 1536w, https:\/\/serbia.com\/wp-content\/uploads\/2024\/12\/vineyards-at-a-winery-near-brasov-transylvania-r-2024-09-12-05-03-48-utc-min-2048x1367.jpg 2048w, https:\/\/serbia.com\/wp-content\/uploads\/2024\/12\/vineyards-at-a-winery-near-brasov-transylvania-r-2024-09-12-05-03-48-utc-min-760x507.jpg 760w, https:\/\/serbia.com\/wp-content\/uploads\/2024\/12\/vineyards-at-a-winery-near-brasov-transylvania-r-2024-09-12-05-03-48-utc-min-1498x1000.jpg 1498w, https:\/\/serbia.com\/wp-content\/uploads\/2024\/12\/vineyards-at-a-winery-near-brasov-transylvania-r-2024-09-12-05-03-48-utc-min-749x500.jpg 749w\" sizes=\"auto, (max-width: 1280px) 100vw, 1280px\" \/><figcaption class=\"wp-element-caption\">Vinogradi<\/figcaption><\/figure>\n<\/figure>\n\n\n\n<p class=\"wp-block-paragraph\"><\/p>\n\n\n\n<p class=\"wp-block-paragraph\">Posebnu vrednost imaju <strong>stare <em>poljane<\/em> &#8211; sezonska vinogradarska naselja <\/strong>u kojima su nekada boravili vinogradari tokom najzahtevnijih radova. Njihovi podrumi, skromne ku\u0107e i neobi\u010dan raspored \u010duvaju poglavlje vinske kulture koje se retko mo\u017ee videti na komercijalnijim vinskim rutama.<\/p>\n\n\n\n<p class=\"wp-block-paragraph\">Upravo vreme posete pravi najve\u0107u razliku. Tokom berbe \u017dupa ne prikazuje rekonstruisanu verziju svojih obi\u010daja, ve\u0107 zaista \u017eivi najva\u017eniji period svog godi\u0161njeg ciklusa. Traktori prolaze izme\u0111u vinograda, podrumi postaju u\u017eurbani, a miris zrelog gro\u017e\u0111a prati put kroz dolinu.<\/p>\n\n\n\n<p class=\"wp-block-paragraph\">Kako se vikend ne bi pretvorio u niz degustacija, ostavite dovoljno vremena za laganu vo\u017enju, lokalnu hranu i razgovor sa manjim proizvo\u0111a\u010dima. \u017dupa se najbolje upoznaje bez \u017eurbe &#8211; selo po selo, podrum po podrum i vinograd po vinograd.<\/p>\n\n\n\n<p class=\"wp-block-paragraph\"><strong>Glavna manifestacija:<\/strong> \u017dupska berba, 17\u201320. septembar 2026.<br><strong>Najbolje za:<\/strong> Vinsko nasle\u0111e, ruralne pejza\u017ee, lokalnu hranu i spora putovanja<\/p>\n\n\n\n<h2 class=\"wp-block-heading\">4. \u010ca\u010dak, Ov\u010darsko-kablarska klisura i Mr\u010dajevci &#8211; susret prirode i ukusa \u0160umadije<\/h2>\n\n\n\n<p class=\"wp-block-paragraph\">Malo je septembarskih izleta koji na tako malom prostoru povezuju toliko razli\u010ditih iskustava kao okolina <strong><a href=\"https:\/\/serbia.com\/srpski\/cacak-srpska-galerija-murala-na-otvorenom\/\" data-type=\"post\" data-id=\"64428\" target=\"_blank\" rel=\"noreferrer noopener\">\u010ca\u010dka<\/a><\/strong>. Tokom jednog vikenda mo\u017eete obi\u0107i <strong>re\u010dnu klisuru, planinske vidikovce, srednjovekovne manastire, banju i jednu od najpoznatijih manifestacija <\/strong>posve\u0107enih tradicionalnoj hrani u Srbiji.<\/p>\n\n\n\n<p class=\"wp-block-paragraph\"><strong>Od 18. do 20. septembra 2026. godine u obli\u017enjim Mr\u010dajevcima odr\u017eava se Kupusijada<\/strong>, festival posve\u0107en kupusu pripremljenom u zemljanom loncu. Ekipe se nadme\u0107u u pripremi najboljeg svadbarskog kupusa &#8211; jela koje se u Srbiji vezuje za velika slavlja, okupljanja i stare seoske kuhinje.<\/p>\n\n\n\n<p class=\"wp-block-paragraph\">Iako tema mo\u017ee zvu\u010dati razigrano, Kupusijada donosi mnogo vi\u0161e od kulinarskog takmi\u010denja. <strong>Folklorni nastupi, rukotvorine, poljoprivredni proizvodi i atmosfera velikog seoskog okupljanja<\/strong> pretvaraju je u proslavu \u0161umadijskog gostoprimstva. Septembar je za nju idealan: pijace su pune, ve\u010deri sve\u017eije, a konkretnija jela ponovo se vra\u0107aju na srpske trpeze.<\/p>\n\n\n\n<p class=\"wp-block-paragraph\">Manifestaciju posmatrajte kao jedan deo \u0161ireg putovanja, a ne kao ceo program. \u010ca\u010dak je prakti\u010dna polazna ta\u010dka, sa centralnim trgom, Narodnim muzejom i ostacima rimskih termi koji pru\u017eaju sa\u017eet uvod u istoriju grada.<\/p>\n\n\n\n<figure class=\"wp-block-gallery has-nested-images columns-default is-cropped wp-block-gallery-4 is-layout-flex wp-block-gallery-is-layout-flex\">\n<figure class=\"wp-block-image size-large\"><img loading=\"lazy\" decoding=\"async\" width=\"1280\" height=\"853\" data-id=\"65458\" src=\"https:\/\/serbia.com\/wp-content\/uploads\/2026\/02\/ChatGPT-Image-Feb-27-2026-11_34_20-AM-1280x853.jpg\" alt=\"\" class=\"wp-image-65458\" srcset=\"https:\/\/serbia.com\/wp-content\/uploads\/2026\/02\/ChatGPT-Image-Feb-27-2026-11_34_20-AM-1280x853.jpg 1280w, https:\/\/serbia.com\/wp-content\/uploads\/2026\/02\/ChatGPT-Image-Feb-27-2026-11_34_20-AM-300x200.jpg 300w, https:\/\/serbia.com\/wp-content\/uploads\/2026\/02\/ChatGPT-Image-Feb-27-2026-11_34_20-AM-768x512.jpg 768w, https:\/\/serbia.com\/wp-content\/uploads\/2026\/02\/ChatGPT-Image-Feb-27-2026-11_34_20-AM-760x507.jpg 760w, https:\/\/serbia.com\/wp-content\/uploads\/2026\/02\/ChatGPT-Image-Feb-27-2026-11_34_20-AM-1500x1000.jpg 1500w, https:\/\/serbia.com\/wp-content\/uploads\/2026\/02\/ChatGPT-Image-Feb-27-2026-11_34_20-AM-750x500.jpg 750w, https:\/\/serbia.com\/wp-content\/uploads\/2026\/02\/ChatGPT-Image-Feb-27-2026-11_34_20-AM.jpg 1536w\" sizes=\"auto, (max-width: 1280px) 100vw, 1280px\" \/><figcaption class=\"wp-element-caption\">Ov\u010darsko-kablarska klisura<\/figcaption><\/figure>\n\n\n\n<figure class=\"wp-block-image size-large\"><img loading=\"lazy\" decoding=\"async\" width=\"1280\" height=\"853\" data-id=\"73597\" src=\"https:\/\/serbia.com\/wp-content\/uploads\/2026\/09\/Untitled-2250-x-1500-px-2026-09-01T144104.370-1280x853.png\" alt=\"\" class=\"wp-image-73597\" srcset=\"https:\/\/serbia.com\/wp-content\/uploads\/2026\/09\/Untitled-2250-x-1500-px-2026-09-01T144104.370-1280x853.png 1280w, https:\/\/serbia.com\/wp-content\/uploads\/2026\/09\/Untitled-2250-x-1500-px-2026-09-01T144104.370-300x200.png 300w, https:\/\/serbia.com\/wp-content\/uploads\/2026\/09\/Untitled-2250-x-1500-px-2026-09-01T144104.370-768x512.png 768w, https:\/\/serbia.com\/wp-content\/uploads\/2026\/09\/Untitled-2250-x-1500-px-2026-09-01T144104.370-1536x1024.png 1536w, https:\/\/serbia.com\/wp-content\/uploads\/2026\/09\/Untitled-2250-x-1500-px-2026-09-01T144104.370-2048x1365.png 2048w, https:\/\/serbia.com\/wp-content\/uploads\/2026\/09\/Untitled-2250-x-1500-px-2026-09-01T144104.370-760x507.png 760w, https:\/\/serbia.com\/wp-content\/uploads\/2026\/09\/Untitled-2250-x-1500-px-2026-09-01T144104.370-1500x1000.png 1500w, https:\/\/serbia.com\/wp-content\/uploads\/2026\/09\/Untitled-2250-x-1500-px-2026-09-01T144104.370-750x500.png 750w\" sizes=\"auto, (max-width: 1280px) 100vw, 1280px\" \/><figcaption class=\"wp-element-caption\">Kupusijada<\/figcaption><\/figure>\n\n\n\n<figure class=\"wp-block-image size-large\"><img loading=\"lazy\" decoding=\"async\" width=\"1280\" height=\"960\" data-id=\"73598\" src=\"https:\/\/serbia.com\/wp-content\/uploads\/2026\/09\/Narodni_muzej_Cacak_-_panoramio-1280x960.jpg\" alt=\"\" class=\"wp-image-73598\" srcset=\"https:\/\/serbia.com\/wp-content\/uploads\/2026\/09\/Narodni_muzej_Cacak_-_panoramio-1280x960.jpg 1280w, https:\/\/serbia.com\/wp-content\/uploads\/2026\/09\/Narodni_muzej_Cacak_-_panoramio-300x225.jpg 300w, https:\/\/serbia.com\/wp-content\/uploads\/2026\/09\/Narodni_muzej_Cacak_-_panoramio-768x576.jpg 768w, https:\/\/serbia.com\/wp-content\/uploads\/2026\/09\/Narodni_muzej_Cacak_-_panoramio-1536x1152.jpg 1536w, https:\/\/serbia.com\/wp-content\/uploads\/2026\/09\/Narodni_muzej_Cacak_-_panoramio-760x570.jpg 760w, https:\/\/serbia.com\/wp-content\/uploads\/2026\/09\/Narodni_muzej_Cacak_-_panoramio-1333x1000.jpg 1333w, https:\/\/serbia.com\/wp-content\/uploads\/2026\/09\/Narodni_muzej_Cacak_-_panoramio-667x500.jpg 667w, https:\/\/serbia.com\/wp-content\/uploads\/2026\/09\/Narodni_muzej_Cacak_-_panoramio.jpg 1920w\" sizes=\"auto, (max-width: 1280px) 100vw, 1280px\" \/><figcaption class=\"wp-element-caption\">\u010ca\u010dak, ph: Fortunato32, CC BY-SA 3.0\u00a0<a href=\"https:\/\/creativecommons.org\/licenses\/by-sa\/3.0\">https:\/\/creativecommons.org\/licenses\/by-sa\/3.0<\/a><\/figcaption><\/figure>\n<\/figure>\n\n\n\n<p class=\"wp-block-paragraph\"><\/p>\n\n\n\n<p class=\"wp-block-paragraph\">Zapadno od grada Zapadna Morava prolazi kroz <strong><a href=\"https:\/\/serbia.com\/srpski\/ovcarsko-kablarska-klisura-srpska-sveta-gora\/\" data-type=\"post\" data-id=\"35796\" target=\"_blank\" rel=\"noreferrer noopener\">Ov\u010darsko-kablarsku klisuru<\/a><\/strong>, stvaraju\u0107i jedan od najupe\u010datljivijih pejza\u017ea ovog dela Srbije. Manastiri su raspore\u0111eni uz reku i po \u0161umovitim padinama, dok staze vode do vidikovaca iznad \u010duvenih meandara. Oni koji \u017eele mirniji dan mogu ostati kraj vode, posetiti <strong><a href=\"https:\/\/serbia.com\/srpski\/ovcar-banja-tajno-utociste-za-ljubitelje-prirode-i-wellnessa\/\" data-type=\"post\" data-id=\"55812\" target=\"_blank\" rel=\"noreferrer noopener\">Ov\u010dar Banju<\/a><\/strong> ili se, kada uslovi i raspored dozvoljavaju, uputiti na vo\u017enju \u010damcem.<\/p>\n\n\n\n<p class=\"wp-block-paragraph\">Ova kombinacija funkcioni\u0161e zato \u0161to svaki deo putovanja menja njegov ritam. Klisura donosi ti\u0161inu i \u0161iroke poglede, \u010ca\u010dak gradsku istoriju, a <strong>Mr\u010dajevci zavr\u0161avaju vikend hranom, muzikom i toplinom lokalnog slavlja.<\/strong><\/p>\n\n\n\n<p class=\"wp-block-paragraph\"><strong>Glavna manifestacija:<\/strong> Kupusijada u Mr\u010dajevcima, 18\u201320. septembar 2026.<br><strong>Najbolje za:<\/strong> Gastronomiju, prirodu, manastire i raznovrstan vikend na putu<\/p>\n\n\n\n<h2 class=\"wp-block-heading\">5. Prokuplje i Toplica &#8211; mirniji septembar na jugu Srbije<\/h2>\n\n\n\n<p class=\"wp-block-paragraph\">Poslednja destinacija na na\u0161oj listi ujedno je i najmanje o\u010dekivana.<strong> Toplica se retko nalazi u prvim planovima putovanja kroz Srbiju<\/strong>, ali upravo septembar pokazuje zbog \u010dega ovaj ju\u017eni kraj zaslu\u017euje vi\u0161e pa\u017enje.<\/p>\n\n\n\n<p class=\"wp-block-paragraph\"><strong>Prokuplje<\/strong> le\u017ei podno brda Hisar, okru\u017eeno vo\u0107njacima, poljima i \u0161irokom dolinom reke Toplice. Prvi i najsna\u017eniji utisak ostavlja sam pejza\u017e: otvoren, kultivisan i jo\u0161 uvek uglavnom netaknut masovnim turizmom. Do septembra najja\u010de letnje vru\u0107ine prolaze, pa \u0161etnje, arheolo\u0161ki lokaliteti i vo\u017enja kroz okolinu postaju znatno prijatniji.<\/p>\n\n\n\n<p class=\"wp-block-paragraph\"><strong>Popnite se na Hisar zbog pogleda na grad i dolinu<\/strong>, a zatim posetite <strong>crkvu Svetog Prokopija<\/strong>, \u010dija je duga i slo\u017eena istorija neraskidivo povezana sa identitetom Prokuplja. <strong>Narodni muzej Toplice<\/strong> pru\u017ea \u0161iri kontekst za razumevanje kraja koji su oblikovala anti\u010dka naselja, srednjovekovno nasle\u0111e i neki od najte\u017eih doga\u0111aja moderne istorije Srbije.<\/p>\n\n\n\n<p class=\"wp-block-paragraph\">Izvan grada manji putevi vode ka selima, vo\u0107njacima i manastirima. <strong>Manastir Ajdanovac<\/strong>, sme\u0161ten u tihom \u0161umovitom predelu, mo\u017ee biti jedna od stanica, dok \u0161ira Toplica omogu\u0107ava da osmislite rutu oko tradicionalne hrane, lokalnih proizvo\u0111a\u010da i mesta koja me\u0111unarodni posetioci gotovo nikada ne obilaze.<\/p>\n\n\n\n<figure class=\"wp-block-gallery has-nested-images columns-default is-cropped wp-block-gallery-5 is-layout-flex wp-block-gallery-is-layout-flex\">\n<figure class=\"wp-block-image size-large\"><img loading=\"lazy\" decoding=\"async\" width=\"1280\" height=\"960\" data-id=\"73599\" src=\"https:\/\/serbia.com\/wp-content\/uploads\/2026\/09\/ChatGPT-Image-Sep-1-2026-03_02_26-PM-1280x960.png\" alt=\"\" class=\"wp-image-73599\" srcset=\"https:\/\/serbia.com\/wp-content\/uploads\/2026\/09\/ChatGPT-Image-Sep-1-2026-03_02_26-PM-1280x960.png 1280w, https:\/\/serbia.com\/wp-content\/uploads\/2026\/09\/ChatGPT-Image-Sep-1-2026-03_02_26-PM-300x225.png 300w, https:\/\/serbia.com\/wp-content\/uploads\/2026\/09\/ChatGPT-Image-Sep-1-2026-03_02_26-PM-768x576.png 768w, https:\/\/serbia.com\/wp-content\/uploads\/2026\/09\/ChatGPT-Image-Sep-1-2026-03_02_26-PM-760x570.png 760w, https:\/\/serbia.com\/wp-content\/uploads\/2026\/09\/ChatGPT-Image-Sep-1-2026-03_02_26-PM-1333x1000.png 1333w, https:\/\/serbia.com\/wp-content\/uploads\/2026\/09\/ChatGPT-Image-Sep-1-2026-03_02_26-PM-667x500.png 667w, https:\/\/serbia.com\/wp-content\/uploads\/2026\/09\/ChatGPT-Image-Sep-1-2026-03_02_26-PM.png 1448w\" sizes=\"auto, (max-width: 1280px) 100vw, 1280px\" \/><figcaption class=\"wp-element-caption\">Prokuplje, ph: Miljan Simonovi\u0107, CC BY-SA 4.0\u00a0<a href=\"https:\/\/creativecommons.org\/licenses\/by-sa\/4.0\">https:\/\/creativecommons.org\/licenses\/by-sa\/4.0<\/a><\/figcaption><\/figure>\n\n\n\n<figure class=\"wp-block-image size-large\"><img loading=\"lazy\" decoding=\"async\" width=\"1280\" height=\"853\" data-id=\"73600\" src=\"https:\/\/serbia.com\/wp-content\/uploads\/2026\/09\/Untitled-2250-x-1500-px-2026-09-01T145945.556-1280x853.png\" alt=\"\" class=\"wp-image-73600\" srcset=\"https:\/\/serbia.com\/wp-content\/uploads\/2026\/09\/Untitled-2250-x-1500-px-2026-09-01T145945.556-1280x853.png 1280w, https:\/\/serbia.com\/wp-content\/uploads\/2026\/09\/Untitled-2250-x-1500-px-2026-09-01T145945.556-300x200.png 300w, https:\/\/serbia.com\/wp-content\/uploads\/2026\/09\/Untitled-2250-x-1500-px-2026-09-01T145945.556-768x512.png 768w, https:\/\/serbia.com\/wp-content\/uploads\/2026\/09\/Untitled-2250-x-1500-px-2026-09-01T145945.556-1536x1024.png 1536w, https:\/\/serbia.com\/wp-content\/uploads\/2026\/09\/Untitled-2250-x-1500-px-2026-09-01T145945.556-2048x1365.png 2048w, https:\/\/serbia.com\/wp-content\/uploads\/2026\/09\/Untitled-2250-x-1500-px-2026-09-01T145945.556-760x507.png 760w, https:\/\/serbia.com\/wp-content\/uploads\/2026\/09\/Untitled-2250-x-1500-px-2026-09-01T145945.556-1500x1000.png 1500w, https:\/\/serbia.com\/wp-content\/uploads\/2026\/09\/Untitled-2250-x-1500-px-2026-09-01T145945.556-750x500.png 750w\" sizes=\"auto, (max-width: 1280px) 100vw, 1280px\" \/><figcaption class=\"wp-element-caption\">Srpska narodna no\u0161nja<\/figcaption><\/figure>\n\n\n\n<figure class=\"wp-block-image size-large\"><img loading=\"lazy\" decoding=\"async\" width=\"1280\" height=\"960\" data-id=\"73601\" src=\"https:\/\/serbia.com\/wp-content\/uploads\/2026\/09\/ChatGPT-Image-Sep-1-2026-03_05_08-PM-1280x960.png\" alt=\"\" class=\"wp-image-73601\" srcset=\"https:\/\/serbia.com\/wp-content\/uploads\/2026\/09\/ChatGPT-Image-Sep-1-2026-03_05_08-PM-1280x960.png 1280w, https:\/\/serbia.com\/wp-content\/uploads\/2026\/09\/ChatGPT-Image-Sep-1-2026-03_05_08-PM-300x225.png 300w, https:\/\/serbia.com\/wp-content\/uploads\/2026\/09\/ChatGPT-Image-Sep-1-2026-03_05_08-PM-768x576.png 768w, https:\/\/serbia.com\/wp-content\/uploads\/2026\/09\/ChatGPT-Image-Sep-1-2026-03_05_08-PM-760x570.png 760w, https:\/\/serbia.com\/wp-content\/uploads\/2026\/09\/ChatGPT-Image-Sep-1-2026-03_05_08-PM-1333x1000.png 1333w, https:\/\/serbia.com\/wp-content\/uploads\/2026\/09\/ChatGPT-Image-Sep-1-2026-03_05_08-PM-667x500.png 667w, https:\/\/serbia.com\/wp-content\/uploads\/2026\/09\/ChatGPT-Image-Sep-1-2026-03_05_08-PM.png 1448w\" sizes=\"auto, (max-width: 1280px) 100vw, 1280px\" \/><figcaption class=\"wp-element-caption\">Hisar, ph: \u0412\u0435\u0441\u043d\u0430\u0421, CC BY-SA 4.0\u00a0<a href=\"https:\/\/creativecommons.org\/licenses\/by-sa\/4.0\">https:\/\/creativecommons.org\/licenses\/by-sa\/4.0<\/a><\/figcaption><\/figure>\n<\/figure>\n\n\n\n<p class=\"wp-block-paragraph\"><\/p>\n\n\n\n<p class=\"wp-block-paragraph\">Septembar donosi i seoska okupljanja posve\u0107ena o\u010duvanju ruralnih obi\u010daja. <strong>Program Miholjskih susreta sela<\/strong> na podru\u010dju Prokuplja obuhvata pripremu <strong>tradicionalnih jela, izlo\u017ebe rukotvorina, izvornu muziku i stare sportske discipline.<\/strong> Umesto ugla\u0111enog turisti\u010dkog spektakla, ovi doga\u0111aji nude neposredan pogled na na\u010din na koji lokalne zajednice i danas \u010duvaju svoj identitet.<\/p>\n\n\n\n<p class=\"wp-block-paragraph\">Prokuplje ne nudi veliku koncentraciju atrakcija poput najpose\u0107enijih destinacija u Srbiji &#8211; i upravo u tome le\u017ei njegova snaga. Ovo je mesto za putnike koji smisao pronalaze u pejza\u017eima, lokalnim pri\u010dama i susretima bez \u017eurbe. Posle festivalske energije prve \u010detiri destinacije, Toplica listu zavr\u0161ava mirnijim i promi\u0161ljenijim tonom.<\/p>\n\n\n\n<p class=\"wp-block-paragraph\"><strong>Septembarski do\u017eivljaj:<\/strong> Seoska tradicija i ranojesenje putovanje kroz Topli\u010dki kraj<br><strong>Najbolje za:<\/strong> Manje poznato nasle\u0111e, ruralnu Srbiju, putovanja automobilom i mesta bez gu\u017eve<\/p>\n\n\n\n<h2 class=\"wp-block-heading\">Za\u0161to je septembar pravo vreme za ova putovanja<\/h2>\n\n\n\n<p class=\"wp-block-paragraph\">Ovih pet destinacija ne povezuje isti pejza\u017e niti jedna vrsta do\u017eivljaja, ve\u0107 sezonska promena u na\u010dinu na koji Srbija putuje i slavi.<\/p>\n\n\n\n<p class=\"wp-block-paragraph\">U Po\u017earevcu konji\u010dka tradicija preuzima grad. Vr\u0161ac berbu pretvara u veliki gradski festival, dok \u017dupa posetioce vodi dublje me\u0111u vinograde i porodi\u010dne podrume. U okolini \u010ca\u010dka prve sve\u017eije ve\u010deri okupljaju ljude oko jela koje se satima lagano priprema. U Toplici se kroz seoska okupljanja i tihe puteve otkriva kraj koji je gotovo potpuno izvan turisti\u010dkog fokusa.<\/p>\n\n\n\n<p class=\"wp-block-paragraph\">Zajedno pokazuju za\u0161to septembar nije samo kraj leta. To je mesec u kojem se zemlja polako okre\u0107e berbi, tradiciji, lokalnoj hrani i predelima najbli\u017eim svakodnevnom \u017eivotu. Putnicima se tako pru\u017ea prilika da Srbiju upoznaju ne samo kroz njene poznate znamenitosti, ve\u0107 i kroz doga\u0111aje i sezonske rituale koji svakom kraju daju poseban karakter.<\/p>\n","protected":false},"excerpt":{"rendered":"<p>Od topota konja i vekovne vinske tradicije do re\u010dnih klisura, seoskih kuhinja i tihih predela ju\u017ene Srbije &#8211; septembar donosi neke od najautenti\u010dnijih razloga za putovanje tokom cele godine. Septembar [&hellip;]<\/p>\n","protected":false},"author":27,"featured_media":73605,"comment_status":"open","ping_status":"closed","sticky":false,"template":"","format":"standard","meta":{"_acf_changed":false,"inline_featured_image":false,"_monsterinsights_skip_tracking":false,"footnotes":""},"categories":[2818],"tags":[],"region":[],"class_list":["post-73603","post","type-post","status-publish","format-standard","has-post-thumbnail","hentry","category-poseti-srbiju"],"acf":[],"yoast_head":"<!-- This site is optimized with the Yoast SEO plugin v28.2 - https:\/\/yoast.com\/product\/yoast-seo-wordpress\/ -->\n<title>Top 5 destinacija u Srbiji ovog septembra - Serbia.com<\/title>\n<meta name=\"description\" content=\"Otkrijte pet najboljih destinacija u Srbiji u septembru 2026, od berbi gro\u017e\u0111a i konji\u010dkih igara do klisura i skrivenih gradova juga.\" \/>\n<meta name=\"robots\" content=\"index, follow, max-snippet:-1, max-image-preview:large, max-video-preview:-1\" \/>\n<link rel=\"canonical\" href=\"https:\/\/serbia.com\/srpski\/top-5-destinacija-u-srbiji-ovog-septembra\/\" \/>\n<meta property=\"og:locale\" content=\"en_US\" \/>\n<meta property=\"og:type\" content=\"article\" \/>\n<meta property=\"og:title\" content=\"Top 5 destinacija u Srbiji ovog septembra - Serbia.com\" \/>\n<meta property=\"og:description\" content=\"Otkrijte pet najboljih destinacija u Srbiji u septembru 2026, od berbi gro\u017e\u0111a i konji\u010dkih igara do klisura i skrivenih gradova juga.\" \/>\n<meta property=\"og:url\" content=\"https:\/\/serbia.com\/srpski\/top-5-destinacija-u-srbiji-ovog-septembra\/\" \/>\n<meta property=\"og:site_name\" content=\"Serbia.com\" \/>\n<meta property=\"article:published_time\" content=\"2026-09-01T13:58:43+00:00\" \/>\n<meta property=\"article:modified_time\" content=\"2026-09-01T13:58:45+00:00\" \/>\n<meta property=\"og:image\" content=\"https:\/\/serbia.com\/wp-content\/uploads\/2026\/09\/ChatGPT-Image-Sep-1-2026-03_19_56-PM-2-e1788271060459-1280x531.png\" \/>\n\t<meta property=\"og:image:width\" content=\"1280\" \/>\n\t<meta property=\"og:image:height\" content=\"531\" \/>\n\t<meta property=\"og:image:type\" content=\"image\/png\" \/>\n<meta name=\"author\" content=\"Ivona Lekan\" \/>\n<meta name=\"twitter:label1\" content=\"Written by\" \/>\n\t<meta name=\"twitter:data1\" content=\"Ivona Lekan\" \/>\n\t<meta name=\"twitter:label2\" content=\"Est. reading time\" \/>\n\t<meta name=\"twitter:data2\" content=\"11 minutes\" \/>\n<script type=\"application\/ld+json\" class=\"yoast-schema-graph\">{\"@context\":\"https:\\\/\\\/schema.org\",\"@graph\":[{\"@type\":\"Article\",\"@id\":\"https:\\\/\\\/serbia.com\\\/srpski\\\/top-5-destinacija-u-srbiji-ovog-septembra\\\/#article\",\"isPartOf\":{\"@id\":\"https:\\\/\\\/serbia.com\\\/srpski\\\/top-5-destinacija-u-srbiji-ovog-septembra\\\/\"},\"author\":{\"name\":\"Ivona Lekan\",\"@id\":\"https:\\\/\\\/serbia.com\\\/#\\\/schema\\\/person\\\/954f6599db4406bd5f2e8384659bdc33\"},\"headline\":\"Top 5 destinacija u Srbiji ovog septembra\",\"datePublished\":\"2026-09-01T13:58:43+00:00\",\"dateModified\":\"2026-09-01T13:58:45+00:00\",\"mainEntityOfPage\":{\"@id\":\"https:\\\/\\\/serbia.com\\\/srpski\\\/top-5-destinacija-u-srbiji-ovog-septembra\\\/\"},\"wordCount\":2021,\"commentCount\":0,\"image\":{\"@id\":\"https:\\\/\\\/serbia.com\\\/srpski\\\/top-5-destinacija-u-srbiji-ovog-septembra\\\/#primaryimage\"},\"thumbnailUrl\":\"https:\\\/\\\/serbia.com\\\/wp-content\\\/uploads\\\/2026\\\/09\\\/ChatGPT-Image-Sep-1-2026-03_19_56-PM-2-e1788271060459.png\",\"articleSection\":[\"Poseti Srbiju\"],\"inLanguage\":\"srpski\",\"potentialAction\":[{\"@type\":\"CommentAction\",\"name\":\"Comment\",\"target\":[\"https:\\\/\\\/serbia.com\\\/srpski\\\/top-5-destinacija-u-srbiji-ovog-septembra\\\/#respond\"]}]},{\"@type\":\"WebPage\",\"@id\":\"https:\\\/\\\/serbia.com\\\/srpski\\\/top-5-destinacija-u-srbiji-ovog-septembra\\\/\",\"url\":\"https:\\\/\\\/serbia.com\\\/srpski\\\/top-5-destinacija-u-srbiji-ovog-septembra\\\/\",\"name\":\"Top 5 destinacija u Srbiji ovog septembra - Serbia.com\",\"isPartOf\":{\"@id\":\"https:\\\/\\\/serbia.com\\\/#website\"},\"primaryImageOfPage\":{\"@id\":\"https:\\\/\\\/serbia.com\\\/srpski\\\/top-5-destinacija-u-srbiji-ovog-septembra\\\/#primaryimage\"},\"image\":{\"@id\":\"https:\\\/\\\/serbia.com\\\/srpski\\\/top-5-destinacija-u-srbiji-ovog-septembra\\\/#primaryimage\"},\"thumbnailUrl\":\"https:\\\/\\\/serbia.com\\\/wp-content\\\/uploads\\\/2026\\\/09\\\/ChatGPT-Image-Sep-1-2026-03_19_56-PM-2-e1788271060459.png\",\"datePublished\":\"2026-09-01T13:58:43+00:00\",\"dateModified\":\"2026-09-01T13:58:45+00:00\",\"author\":{\"@id\":\"https:\\\/\\\/serbia.com\\\/#\\\/schema\\\/person\\\/954f6599db4406bd5f2e8384659bdc33\"},\"description\":\"Otkrijte pet najboljih destinacija u Srbiji u septembru 2026, od berbi gro\u017e\u0111a i konji\u010dkih igara do klisura i skrivenih gradova juga.\",\"breadcrumb\":{\"@id\":\"https:\\\/\\\/serbia.com\\\/srpski\\\/top-5-destinacija-u-srbiji-ovog-septembra\\\/#breadcrumb\"},\"inLanguage\":\"srpski\",\"potentialAction\":[{\"@type\":\"ReadAction\",\"target\":[\"https:\\\/\\\/serbia.com\\\/srpski\\\/top-5-destinacija-u-srbiji-ovog-septembra\\\/\"]}]},{\"@type\":\"ImageObject\",\"inLanguage\":\"srpski\",\"@id\":\"https:\\\/\\\/serbia.com\\\/srpski\\\/top-5-destinacija-u-srbiji-ovog-septembra\\\/#primaryimage\",\"url\":\"https:\\\/\\\/serbia.com\\\/wp-content\\\/uploads\\\/2026\\\/09\\\/ChatGPT-Image-Sep-1-2026-03_19_56-PM-2-e1788271060459.png\",\"contentUrl\":\"https:\\\/\\\/serbia.com\\\/wp-content\\\/uploads\\\/2026\\\/09\\\/ChatGPT-Image-Sep-1-2026-03_19_56-PM-2-e1788271060459.png\",\"width\":1536,\"height\":637},{\"@type\":\"BreadcrumbList\",\"@id\":\"https:\\\/\\\/serbia.com\\\/srpski\\\/top-5-destinacija-u-srbiji-ovog-septembra\\\/#breadcrumb\",\"itemListElement\":[{\"@type\":\"ListItem\",\"position\":1,\"name\":\"Home\",\"item\":\"https:\\\/\\\/serbia.com\\\/srpski\\\/srbija\\\/\"},{\"@type\":\"ListItem\",\"position\":2,\"name\":\"Top 5 destinacija u Srbiji ovog septembra\"}]},{\"@type\":\"WebSite\",\"@id\":\"https:\\\/\\\/serbia.com\\\/#website\",\"url\":\"https:\\\/\\\/serbia.com\\\/\",\"name\":\"Serbia.com\",\"description\":\"Your Gateway to Serbia\",\"potentialAction\":[{\"@type\":\"SearchAction\",\"target\":{\"@type\":\"EntryPoint\",\"urlTemplate\":\"https:\\\/\\\/serbia.com\\\/?s={search_term_string}\"},\"query-input\":{\"@type\":\"PropertyValueSpecification\",\"valueRequired\":true,\"valueName\":\"search_term_string\"}}],\"inLanguage\":\"srpski\"},{\"@type\":\"Person\",\"@id\":\"https:\\\/\\\/serbia.com\\\/#\\\/schema\\\/person\\\/954f6599db4406bd5f2e8384659bdc33\",\"name\":\"Ivona Lekan\",\"image\":{\"@type\":\"ImageObject\",\"inLanguage\":\"srpski\",\"@id\":\"https:\\\/\\\/secure.gravatar.com\\\/avatar\\\/ad516503a11cd5ca435acc9bb6523536?s=96\",\"url\":\"https:\\\/\\\/secure.gravatar.com\\\/avatar\\\/ad516503a11cd5ca435acc9bb6523536?s=96\",\"contentUrl\":\"https:\\\/\\\/secure.gravatar.com\\\/avatar\\\/ad516503a11cd5ca435acc9bb6523536?s=96\",\"caption\":\"Ivona Lekan\"},\"url\":\"https:\\\/\\\/serbia.com\\\/srpski\\\/author\\\/ivondivine\\\/\"}]}<\/script>\n<!-- \/ Yoast SEO plugin. -->","yoast_head_json":{"title":"Top 5 destinacija u Srbiji ovog septembra - Serbia.com","description":"Otkrijte pet najboljih destinacija u Srbiji u septembru 2026, od berbi gro\u017e\u0111a i konji\u010dkih igara do klisura i skrivenih gradova juga.","robots":{"index":"index","follow":"follow","max-snippet":"max-snippet:-1","max-image-preview":"max-image-preview:large","max-video-preview":"max-video-preview:-1"},"canonical":"https:\/\/serbia.com\/srpski\/top-5-destinacija-u-srbiji-ovog-septembra\/","og_locale":"en_US","og_type":"article","og_title":"Top 5 destinacija u Srbiji ovog septembra - Serbia.com","og_description":"Otkrijte pet najboljih destinacija u Srbiji u septembru 2026, od berbi gro\u017e\u0111a i konji\u010dkih igara do klisura i skrivenih gradova juga.","og_url":"https:\/\/serbia.com\/srpski\/top-5-destinacija-u-srbiji-ovog-septembra\/","og_site_name":"Serbia.com","article_published_time":"2026-09-01T13:58:43+00:00","article_modified_time":"2026-09-01T13:58:45+00:00","og_image":[{"width":1280,"height":531,"url":"https:\/\/serbia.com\/wp-content\/uploads\/2026\/09\/ChatGPT-Image-Sep-1-2026-03_19_56-PM-2-e1788271060459-1280x531.png","type":"image\/png"}],"author":"Ivona Lekan","twitter_misc":{"Written by":"Ivona Lekan","Est. reading time":"11 minutes"},"schema":{"@context":"https:\/\/schema.org","@graph":[{"@type":"Article","@id":"https:\/\/serbia.com\/srpski\/top-5-destinacija-u-srbiji-ovog-septembra\/#article","isPartOf":{"@id":"https:\/\/serbia.com\/srpski\/top-5-destinacija-u-srbiji-ovog-septembra\/"},"author":{"name":"Ivona Lekan","@id":"https:\/\/serbia.com\/#\/schema\/person\/954f6599db4406bd5f2e8384659bdc33"},"headline":"Top 5 destinacija u Srbiji ovog septembra","datePublished":"2026-09-01T13:58:43+00:00","dateModified":"2026-09-01T13:58:45+00:00","mainEntityOfPage":{"@id":"https:\/\/serbia.com\/srpski\/top-5-destinacija-u-srbiji-ovog-septembra\/"},"wordCount":2021,"commentCount":0,"image":{"@id":"https:\/\/serbia.com\/srpski\/top-5-destinacija-u-srbiji-ovog-septembra\/#primaryimage"},"thumbnailUrl":"https:\/\/serbia.com\/wp-content\/uploads\/2026\/09\/ChatGPT-Image-Sep-1-2026-03_19_56-PM-2-e1788271060459.png","articleSection":["Poseti Srbiju"],"inLanguage":"srpski","potentialAction":[{"@type":"CommentAction","name":"Comment","target":["https:\/\/serbia.com\/srpski\/top-5-destinacija-u-srbiji-ovog-septembra\/#respond"]}]},{"@type":"WebPage","@id":"https:\/\/serbia.com\/srpski\/top-5-destinacija-u-srbiji-ovog-septembra\/","url":"https:\/\/serbia.com\/srpski\/top-5-destinacija-u-srbiji-ovog-septembra\/","name":"Top 5 destinacija u Srbiji ovog septembra - Serbia.com","isPartOf":{"@id":"https:\/\/serbia.com\/#website"},"primaryImageOfPage":{"@id":"https:\/\/serbia.com\/srpski\/top-5-destinacija-u-srbiji-ovog-septembra\/#primaryimage"},"image":{"@id":"https:\/\/serbia.com\/srpski\/top-5-destinacija-u-srbiji-ovog-septembra\/#primaryimage"},"thumbnailUrl":"https:\/\/serbia.com\/wp-content\/uploads\/2026\/09\/ChatGPT-Image-Sep-1-2026-03_19_56-PM-2-e1788271060459.png","datePublished":"2026-09-01T13:58:43+00:00","dateModified":"2026-09-01T13:58:45+00:00","author":{"@id":"https:\/\/serbia.com\/#\/schema\/person\/954f6599db4406bd5f2e8384659bdc33"},"description":"Otkrijte pet najboljih destinacija u Srbiji u septembru 2026, od berbi gro\u017e\u0111a i konji\u010dkih igara do klisura i skrivenih gradova juga.","breadcrumb":{"@id":"https:\/\/serbia.com\/srpski\/top-5-destinacija-u-srbiji-ovog-septembra\/#breadcrumb"},"inLanguage":"srpski","potentialAction":[{"@type":"ReadAction","target":["https:\/\/serbia.com\/srpski\/top-5-destinacija-u-srbiji-ovog-septembra\/"]}]},{"@type":"ImageObject","inLanguage":"srpski","@id":"https:\/\/serbia.com\/srpski\/top-5-destinacija-u-srbiji-ovog-septembra\/#primaryimage","url":"https:\/\/serbia.com\/wp-content\/uploads\/2026\/09\/ChatGPT-Image-Sep-1-2026-03_19_56-PM-2-e1788271060459.png","contentUrl":"https:\/\/serbia.com\/wp-content\/uploads\/2026\/09\/ChatGPT-Image-Sep-1-2026-03_19_56-PM-2-e1788271060459.png","width":1536,"height":637},{"@type":"BreadcrumbList","@id":"https:\/\/serbia.com\/srpski\/top-5-destinacija-u-srbiji-ovog-septembra\/#breadcrumb","itemListElement":[{"@type":"ListItem","position":1,"name":"Home","item":"https:\/\/serbia.com\/srpski\/srbija\/"},{"@type":"ListItem","position":2,"name":"Top 5 destinacija u Srbiji ovog septembra"}]},{"@type":"WebSite","@id":"https:\/\/serbia.com\/#website","url":"https:\/\/serbia.com\/","name":"Serbia.com","description":"Your Gateway to Serbia","potentialAction":[{"@type":"SearchAction","target":{"@type":"EntryPoint","urlTemplate":"https:\/\/serbia.com\/?s={search_term_string}"},"query-input":{"@type":"PropertyValueSpecification","valueRequired":true,"valueName":"search_term_string"}}],"inLanguage":"srpski"},{"@type":"Person","@id":"https:\/\/serbia.com\/#\/schema\/person\/954f6599db4406bd5f2e8384659bdc33","name":"Ivona Lekan","image":{"@type":"ImageObject","inLanguage":"srpski","@id":"https:\/\/secure.gravatar.com\/avatar\/ad516503a11cd5ca435acc9bb6523536?s=96","url":"https:\/\/secure.gravatar.com\/avatar\/ad516503a11cd5ca435acc9bb6523536?s=96","contentUrl":"https:\/\/secure.gravatar.com\/avatar\/ad516503a11cd5ca435acc9bb6523536?s=96","caption":"Ivona Lekan"},"url":"https:\/\/serbia.com\/srpski\/author\/ivondivine\/"}]}},"brizy_media":[],"_links":{"self":[{"href":"https:\/\/serbia.com\/srpski\/wp-json\/wp\/v2\/posts\/73603","targetHints":{"allow":["GET"]}}],"collection":[{"href":"https:\/\/serbia.com\/srpski\/wp-json\/wp\/v2\/posts"}],"about":[{"href":"https:\/\/serbia.com\/srpski\/wp-json\/wp\/v2\/types\/post"}],"author":[{"embeddable":true,"href":"https:\/\/serbia.com\/srpski\/wp-json\/wp\/v2\/users\/27"}],"replies":[{"embeddable":true,"href":"https:\/\/serbia.com\/srpski\/wp-json\/wp\/v2\/comments?post=73603"}],"version-history":[{"count":1,"href":"https:\/\/serbia.com\/srpski\/wp-json\/wp\/v2\/posts\/73603\/revisions"}],"predecessor-version":[{"id":73606,"href":"https:\/\/serbia.com\/srpski\/wp-json\/wp\/v2\/posts\/73603\/revisions\/73606"}],"wp:featuredmedia":[{"embeddable":true,"href":"https:\/\/serbia.com\/srpski\/wp-json\/wp\/v2\/media\/73605"}],"wp:attachment":[{"href":"https:\/\/serbia.com\/srpski\/wp-json\/wp\/v2\/media?parent=73603"}],"wp:term":[{"taxonomy":"category","embeddable":true,"href":"https:\/\/serbia.com\/srpski\/wp-json\/wp\/v2\/categories?post=73603"},{"taxonomy":"post_tag","embeddable":true,"href":"https:\/\/serbia.com\/srpski\/wp-json\/wp\/v2\/tags?post=73603"},{"taxonomy":"region","embeddable":true,"href":"https:\/\/serbia.com\/srpski\/wp-json\/wp\/v2\/region?post=73603"}],"curies":[{"name":"wp","href":"https:\/\/api.w.org\/{rel}","templated":true}]}}