{"id":73572,"date":"2026-08-31T16:00:22","date_gmt":"2026-08-31T14:00:22","guid":{"rendered":"https:\/\/serbia.com\/?p=73572"},"modified":"2026-08-31T16:00:24","modified_gmt":"2026-08-31T14:00:24","slug":"zasto-je-septembar-mozda-najbolji-mesec-za-istrazivanje-srbije","status":"publish","type":"post","link":"https:\/\/serbia.com\/srpski\/zasto-je-septembar-mozda-najbolji-mesec-za-istrazivanje-srbije\/","title":{"rendered":"Za\u0161to je septembar mo\u017eda najbolji mesec za istra\u017eivanje Srbije"},"content":{"rendered":"\n<h3 class=\"wp-block-heading\"><em>Topli dani, mirniji putevi, berbe gro\u017e\u0111a i prvi nagove\u0161taji jeseni \u010dine septembar jednim od najlep\u0161ih perioda za otkrivanje Srbije.<\/em><\/h3>\n\n\n\n<p class=\"wp-block-paragraph\">Leto se mo\u017eda zvani\u010dno bli\u017ei kraju, ali sezona putovanja kroz Srbiju jo\u0161 nije zavr\u0161ena. Septembar sti\u017ee gotovo neprimetno. Najprometnije nedelje u godini polako prolaze, zavr\u0161avaju se \u0161kolski raspusti, a popularne destinacije vra\u0107aju se mirnijem ritmu. Dani su \u010desto i dalje topli, ba\u0161te restorana ostaju otvorene, dok reke, jezera i planinski putevi jo\u0161 uvek nose atmosferu leta.<\/p>\n\n\n\n<p class=\"wp-block-paragraph\">Istovremeno, ne\u0161to po\u010dinje da se menja. Jutra postaju sve\u017eija, vinogradi se pripremaju za berbu, a pijace se pune paprikama, gro\u017e\u0111em, \u0161ljivama i drugim plodovima kasnog leta. U planinama se pojavljuju prvi nagove\u0161taji jeseni, dok gradovi postaju mnogo prijatniji za istra\u017eivanje pe\u0161ke.<\/p>\n\n\n\n<p class=\"wp-block-paragraph\">Ovo je mesec koji u jednom putovanju spaja dva godi\u0161nja doba &#8211; i mo\u017eda je upravo zbog toga najbolje vreme za istra\u017eivanje Srbije.<\/p>\n\n\n\n<h2 class=\"wp-block-heading\">Letnje vreme bez najve\u0107ih letnjih gu\u017evi<\/h2>\n\n\n\n<p class=\"wp-block-paragraph\">Jedna od najve\u0107ih prednosti putovanja kroz Srbiju u septembru jeste ravnote\u017ea izme\u0111u prijatnog vremena i manjeg broja posetilaca.<\/p>\n\n\n\n<p class=\"wp-block-paragraph\">U <strong><a href=\"https:\/\/serbia.com\/srpski\/destination\/beograd\/\" data-type=\"destination\" data-id=\"70547\" target=\"_blank\" rel=\"noreferrer noopener\">Beogradu<\/a><\/strong>, <strong><a href=\"https:\/\/serbia.com\/srpski\/destination\/novi-sad\/\" data-type=\"destination\" data-id=\"70531\" target=\"_blank\" rel=\"noreferrer noopener\">Novom Sadu<\/a><\/strong>, <strong><a href=\"https:\/\/serbia.com\/srpski\/destination\/nis\/\" data-type=\"destination\" data-id=\"70937\" target=\"_blank\" rel=\"noreferrer noopener\">Ni\u0161u<\/a><\/strong> i drugim gradovima duge \u0161etnje postaju prijatnije kada najja\u010de letnje vru\u0107ine po\u010dnu da popu\u0161taju. Mo\u017eete provesti vi\u0161e vremena obilaze\u0107i <strong>gradske \u010detvrti, tvr\u0111ave, muzeje i obale reka,<\/strong> bez potrebe da \u010ditav dan prilago\u0111avate visokim temperaturama. Kafi\u0107i i restorani i dalje izlaze na ulice, ali je atmosfera mirnija nego na vrhuncu sezone.<\/p>\n\n\n\n<p class=\"wp-block-paragraph\">Ista promena ose\u0107a se i na mnogim najpoznatijim prirodnim atrakcijama. <strong>Vidikovci, jezera i planinski centri ne ostaju prazni, <\/strong>naro\u010dito tokom sun\u010danih vikenda, ali su radnim danima \u010desto primetno mirniji. Umesto \u017eurbe od jedne znamenitosti do druge, putnici mogu du\u017ee da se zadr\u017ee, izaberu sporiji put i do\u017eive mesta u ritmu koji im prirodnije pripada.<\/p>\n\n\n\n<figure class=\"wp-block-gallery has-nested-images columns-default is-cropped wp-block-gallery-1 is-layout-flex wp-block-gallery-is-layout-flex\">\n<figure class=\"wp-block-image size-large\"><img loading=\"lazy\" decoding=\"async\" width=\"1280\" height=\"720\" data-id=\"70251\" src=\"https:\/\/serbia.com\/wp-content\/uploads\/2026\/05\/ChatGPT-Image-May-12-2026-04_13_02-PM-1280x720.jpg\" alt=\"\" class=\"wp-image-70251\" srcset=\"https:\/\/serbia.com\/wp-content\/uploads\/2026\/05\/ChatGPT-Image-May-12-2026-04_13_02-PM-1280x720.jpg 1280w, https:\/\/serbia.com\/wp-content\/uploads\/2026\/05\/ChatGPT-Image-May-12-2026-04_13_02-PM-300x169.jpg 300w, https:\/\/serbia.com\/wp-content\/uploads\/2026\/05\/ChatGPT-Image-May-12-2026-04_13_02-PM-768x432.jpg 768w, https:\/\/serbia.com\/wp-content\/uploads\/2026\/05\/ChatGPT-Image-May-12-2026-04_13_02-PM-1536x864.jpg 1536w, https:\/\/serbia.com\/wp-content\/uploads\/2026\/05\/ChatGPT-Image-May-12-2026-04_13_02-PM-760x428.jpg 760w, https:\/\/serbia.com\/wp-content\/uploads\/2026\/05\/ChatGPT-Image-May-12-2026-04_13_02-PM-888x500.jpg 888w, https:\/\/serbia.com\/wp-content\/uploads\/2026\/05\/ChatGPT-Image-May-12-2026-04_13_02-PM.jpg 1672w\" sizes=\"auto, (max-width: 1280px) 100vw, 1280px\" \/><figcaption class=\"wp-element-caption\">Uvac<\/figcaption><\/figure>\n\n\n\n<figure class=\"wp-block-image size-large\"><img loading=\"lazy\" decoding=\"async\" width=\"1280\" height=\"853\" data-id=\"73568\" src=\"https:\/\/serbia.com\/wp-content\/uploads\/2026\/08\/ChatGPT-Image-Aug-4-2026-11_53_28-AM-1-1280x853.jpg\" alt=\"\" class=\"wp-image-73568\" srcset=\"https:\/\/serbia.com\/wp-content\/uploads\/2026\/08\/ChatGPT-Image-Aug-4-2026-11_53_28-AM-1-1280x853.jpg 1280w, https:\/\/serbia.com\/wp-content\/uploads\/2026\/08\/ChatGPT-Image-Aug-4-2026-11_53_28-AM-1-300x200.jpg 300w, https:\/\/serbia.com\/wp-content\/uploads\/2026\/08\/ChatGPT-Image-Aug-4-2026-11_53_28-AM-1-768x512.jpg 768w, https:\/\/serbia.com\/wp-content\/uploads\/2026\/08\/ChatGPT-Image-Aug-4-2026-11_53_28-AM-1-760x507.jpg 760w, https:\/\/serbia.com\/wp-content\/uploads\/2026\/08\/ChatGPT-Image-Aug-4-2026-11_53_28-AM-1-1500x1000.jpg 1500w, https:\/\/serbia.com\/wp-content\/uploads\/2026\/08\/ChatGPT-Image-Aug-4-2026-11_53_28-AM-1-750x500.jpg 750w, https:\/\/serbia.com\/wp-content\/uploads\/2026\/08\/ChatGPT-Image-Aug-4-2026-11_53_28-AM-1.jpg 1536w\" sizes=\"auto, (max-width: 1280px) 100vw, 1280px\" \/><figcaption class=\"wp-element-caption\">Beograd<\/figcaption><\/figure>\n\n\n\n<figure class=\"wp-block-image size-large\"><img loading=\"lazy\" decoding=\"async\" width=\"1280\" height=\"853\" data-id=\"65460\" src=\"https:\/\/serbia.com\/wp-content\/uploads\/2026\/02\/ChatGPT-Image-Feb-27-2026-11_34_20-AM-1-1280x853.jpg\" alt=\"\" class=\"wp-image-65460\" srcset=\"https:\/\/serbia.com\/wp-content\/uploads\/2026\/02\/ChatGPT-Image-Feb-27-2026-11_34_20-AM-1-1280x853.jpg 1280w, https:\/\/serbia.com\/wp-content\/uploads\/2026\/02\/ChatGPT-Image-Feb-27-2026-11_34_20-AM-1-300x200.jpg 300w, https:\/\/serbia.com\/wp-content\/uploads\/2026\/02\/ChatGPT-Image-Feb-27-2026-11_34_20-AM-1-768x512.jpg 768w, https:\/\/serbia.com\/wp-content\/uploads\/2026\/02\/ChatGPT-Image-Feb-27-2026-11_34_20-AM-1-760x507.jpg 760w, https:\/\/serbia.com\/wp-content\/uploads\/2026\/02\/ChatGPT-Image-Feb-27-2026-11_34_20-AM-1-1500x1000.jpg 1500w, https:\/\/serbia.com\/wp-content\/uploads\/2026\/02\/ChatGPT-Image-Feb-27-2026-11_34_20-AM-1-750x500.jpg 750w, https:\/\/serbia.com\/wp-content\/uploads\/2026\/02\/ChatGPT-Image-Feb-27-2026-11_34_20-AM-1.jpg 1536w\" sizes=\"auto, (max-width: 1280px) 100vw, 1280px\" \/><figcaption class=\"wp-element-caption\">Ov\u010darsko-kablarska klisura<\/figcaption><\/figure>\n<\/figure>\n\n\n\n<p class=\"wp-block-paragraph\"><\/p>\n\n\n\n<p class=\"wp-block-paragraph\">Septembar, naravno, ne garantuje letnje vreme svakog dana. Uslovi mogu brzo da se promene, posebno u planinama, ali upravo je ta promenljivost deo \u0161arma ovog perioda: toplo popodne kraj jezera mo\u017ee da se zavr\u0161i ve\u010deri koja tra\u017ei laganu jaknu i ve\u010deru u toplom prostoru.<\/p>\n\n\n\n<h2 class=\"wp-block-heading\">Planine postaju jo\u0161 privla\u010dnije<\/h2>\n\n\n\n<p class=\"wp-block-paragraph\">Planine Srbije lepe su tokom cele godine, ali septembar donosi neke od najprijatnijih uslova za \u0161etnju, planinarenje i panoramske vo\u017enje.<\/p>\n\n\n\n<p class=\"wp-block-paragraph\">Na <strong><a href=\"https:\/\/serbia.com\/srpski\/destination\/tara\/\" data-type=\"destination\" data-id=\"70655\" target=\"_blank\" rel=\"noreferrer noopener\">Tari<\/a><\/strong> staze vode kroz guste \u0161ume prema vidikovcima iznad <strong><a href=\"https:\/\/serbia.com\/srpski\/posetite-srbiju\/prirodne-lepote\/reke-i-jezera\/drina-divlja-smaragdna-lepotica\/\" data-type=\"page\" data-id=\"32792\" target=\"_blank\" rel=\"noreferrer noopener\">Drine<\/a><\/strong> i jezera <strong><a href=\"https:\/\/serbia.com\/srpski\/posetite-srbiju\/prirodne-lepote\/reke-i-jezera\/perucac-raj-za-pecarose\/\" data-type=\"page\" data-id=\"32766\" target=\"_blank\" rel=\"noreferrer noopener\">Peru\u0107ac<\/a><\/strong>. U okolini <strong><a href=\"https:\/\/serbia.com\/srpski\/planinsko-selo-zaovine-tamo-gde-bajka-pocinje\/\" data-type=\"post\" data-id=\"51604\" target=\"_blank\" rel=\"noreferrer noopener\">Zaovina<\/a><\/strong>, planinska sela i razu\u0111ena jezera pru\u017eaju mirniju alternativu prometnijim turisti\u010dkim centrima. <strong><a href=\"https:\/\/serbia.com\/srpski\/posetite-srbiju\/prirodne-lepote\/planine\/zlatibor-ukras-na-1-000-metara-visine\/\" data-type=\"page\" data-id=\"32552\" target=\"_blank\" rel=\"noreferrer noopener\">Zlatibor<\/a><\/strong> ostaje \u017eiv, ali njegova okolna sela, \u0161ume i staze postaju prijatniji kada sna\u017eno letnje sunce po\u010dne da slabi.<\/p>\n\n\n\n<p class=\"wp-block-paragraph\">Dalje ka jugu, otvoreni pejza\u017ei <strong><a href=\"https:\/\/serbia.com\/srpski\/zlatar-carobni-spoj-mirisnih-livada-i-bistrih-jezera\/\" data-type=\"post\" data-id=\"43684\" target=\"_blank\" rel=\"noreferrer noopener\">Zlatara<\/a><\/strong>, <strong><a href=\"https:\/\/serbia.com\/srpski\/planina-golija-nestvarno-sumsko-carstvo\/\" data-type=\"post\" data-id=\"35685\" target=\"_blank\" rel=\"noreferrer noopener\">Golije<\/a><\/strong> i <strong><a href=\"https:\/\/serbia.com\/srpski\/pesterska-visoravan-divlje-srce-srpskog-sibira\/\" data-type=\"post\" data-id=\"71498\" target=\"_blank\" rel=\"noreferrer noopener\">Pe\u0161terske visoravni<\/a><\/strong> deluju posebno prostrano pod \u010distijom svetlo\u0161\u0107u rane jeseni. Stara planina nudi vodopade, kamena sela i udaljene puteve, iako koli\u010dina vode na pojedinim vodopadima mo\u017ee da varira nakon su\u0161nog leta.<\/p>\n\n\n\n<figure class=\"wp-block-gallery has-nested-images columns-default is-cropped wp-block-gallery-2 is-layout-flex wp-block-gallery-is-layout-flex\">\n<figure class=\"wp-block-image size-large\"><img loading=\"lazy\" decoding=\"async\" width=\"1280\" height=\"853\" data-id=\"65568\" src=\"https:\/\/serbia.com\/wp-content\/uploads\/2026\/03\/ChatGPT-Image-Mar-5-2026-09_56_05-AM-1280x853.jpg\" alt=\"\" class=\"wp-image-65568\" srcset=\"https:\/\/serbia.com\/wp-content\/uploads\/2026\/03\/ChatGPT-Image-Mar-5-2026-09_56_05-AM-1280x853.jpg 1280w, https:\/\/serbia.com\/wp-content\/uploads\/2026\/03\/ChatGPT-Image-Mar-5-2026-09_56_05-AM-300x200.jpg 300w, https:\/\/serbia.com\/wp-content\/uploads\/2026\/03\/ChatGPT-Image-Mar-5-2026-09_56_05-AM-768x512.jpg 768w, https:\/\/serbia.com\/wp-content\/uploads\/2026\/03\/ChatGPT-Image-Mar-5-2026-09_56_05-AM-760x507.jpg 760w, https:\/\/serbia.com\/wp-content\/uploads\/2026\/03\/ChatGPT-Image-Mar-5-2026-09_56_05-AM-1500x1000.jpg 1500w, https:\/\/serbia.com\/wp-content\/uploads\/2026\/03\/ChatGPT-Image-Mar-5-2026-09_56_05-AM-750x500.jpg 750w, https:\/\/serbia.com\/wp-content\/uploads\/2026\/03\/ChatGPT-Image-Mar-5-2026-09_56_05-AM.jpg 1536w\" sizes=\"auto, (max-width: 1280px) 100vw, 1280px\" \/><figcaption class=\"wp-element-caption\">Suva planina<\/figcaption><\/figure>\n\n\n\n<figure class=\"wp-block-image size-large\"><img loading=\"lazy\" decoding=\"async\" width=\"1280\" height=\"853\" data-id=\"72320\" src=\"https:\/\/serbia.com\/wp-content\/uploads\/2026\/07\/ChatGPT-Image-Jul-16-2026-09_02_53-PM-1280x853.jpg\" alt=\"\" class=\"wp-image-72320\" srcset=\"https:\/\/serbia.com\/wp-content\/uploads\/2026\/07\/ChatGPT-Image-Jul-16-2026-09_02_53-PM-1280x853.jpg 1280w, https:\/\/serbia.com\/wp-content\/uploads\/2026\/07\/ChatGPT-Image-Jul-16-2026-09_02_53-PM-300x200.jpg 300w, https:\/\/serbia.com\/wp-content\/uploads\/2026\/07\/ChatGPT-Image-Jul-16-2026-09_02_53-PM-768x512.jpg 768w, https:\/\/serbia.com\/wp-content\/uploads\/2026\/07\/ChatGPT-Image-Jul-16-2026-09_02_53-PM-760x507.jpg 760w, https:\/\/serbia.com\/wp-content\/uploads\/2026\/07\/ChatGPT-Image-Jul-16-2026-09_02_53-PM-1500x1000.jpg 1500w, https:\/\/serbia.com\/wp-content\/uploads\/2026\/07\/ChatGPT-Image-Jul-16-2026-09_02_53-PM-750x500.jpg 750w, https:\/\/serbia.com\/wp-content\/uploads\/2026\/07\/ChatGPT-Image-Jul-16-2026-09_02_53-PM.jpg 1536w\" sizes=\"auto, (max-width: 1280px) 100vw, 1280px\" \/><figcaption class=\"wp-element-caption\">Planinski doru\u010dak<\/figcaption><\/figure>\n\n\n\n<figure class=\"wp-block-image size-large\"><img loading=\"lazy\" decoding=\"async\" width=\"1280\" height=\"853\" data-id=\"72117\" src=\"https:\/\/serbia.com\/wp-content\/uploads\/2026\/07\/Untitled-2250-x-1500-px-2026-07-08T111407.024-1280x853.jpg\" alt=\"\" class=\"wp-image-72117\" srcset=\"https:\/\/serbia.com\/wp-content\/uploads\/2026\/07\/Untitled-2250-x-1500-px-2026-07-08T111407.024-1280x853.jpg 1280w, https:\/\/serbia.com\/wp-content\/uploads\/2026\/07\/Untitled-2250-x-1500-px-2026-07-08T111407.024-300x200.jpg 300w, https:\/\/serbia.com\/wp-content\/uploads\/2026\/07\/Untitled-2250-x-1500-px-2026-07-08T111407.024-768x512.jpg 768w, https:\/\/serbia.com\/wp-content\/uploads\/2026\/07\/Untitled-2250-x-1500-px-2026-07-08T111407.024-1536x1024.jpg 1536w, https:\/\/serbia.com\/wp-content\/uploads\/2026\/07\/Untitled-2250-x-1500-px-2026-07-08T111407.024-2048x1365.jpg 2048w, https:\/\/serbia.com\/wp-content\/uploads\/2026\/07\/Untitled-2250-x-1500-px-2026-07-08T111407.024-760x507.jpg 760w, https:\/\/serbia.com\/wp-content\/uploads\/2026\/07\/Untitled-2250-x-1500-px-2026-07-08T111407.024-1500x1000.jpg 1500w, https:\/\/serbia.com\/wp-content\/uploads\/2026\/07\/Untitled-2250-x-1500-px-2026-07-08T111407.024-750x500.jpg 750w\" sizes=\"auto, (max-width: 1280px) 100vw, 1280px\" \/><figcaption class=\"wp-element-caption\">Tara<\/figcaption><\/figure>\n\n\n\n<figure class=\"wp-block-image size-large\"><img loading=\"lazy\" decoding=\"async\" width=\"1280\" height=\"853\" data-id=\"69818\" src=\"https:\/\/serbia.com\/wp-content\/uploads\/2026\/04\/Untitled-2250-x-1500-px-66-1280x853.jpg\" alt=\"\" class=\"wp-image-69818\" srcset=\"https:\/\/serbia.com\/wp-content\/uploads\/2026\/04\/Untitled-2250-x-1500-px-66-1280x853.jpg 1280w, https:\/\/serbia.com\/wp-content\/uploads\/2026\/04\/Untitled-2250-x-1500-px-66-300x200.jpg 300w, https:\/\/serbia.com\/wp-content\/uploads\/2026\/04\/Untitled-2250-x-1500-px-66-768x512.jpg 768w, https:\/\/serbia.com\/wp-content\/uploads\/2026\/04\/Untitled-2250-x-1500-px-66-1536x1024.jpg 1536w, https:\/\/serbia.com\/wp-content\/uploads\/2026\/04\/Untitled-2250-x-1500-px-66-2048x1365.jpg 2048w, https:\/\/serbia.com\/wp-content\/uploads\/2026\/04\/Untitled-2250-x-1500-px-66-760x507.jpg 760w, https:\/\/serbia.com\/wp-content\/uploads\/2026\/04\/Untitled-2250-x-1500-px-66-1500x1000.jpg 1500w, https:\/\/serbia.com\/wp-content\/uploads\/2026\/04\/Untitled-2250-x-1500-px-66-750x500.jpg 750w\" sizes=\"auto, (max-width: 1280px) 100vw, 1280px\" \/><figcaption class=\"wp-element-caption\">Rtanj<\/figcaption><\/figure>\n<\/figure>\n\n\n\n<p class=\"wp-block-paragraph\"><\/p>\n\n\n\n<p class=\"wp-block-paragraph\">Septembar je odli\u010dan i za manje zahtevne aktivnosti na otvorenom. Kratka \u0161etnja kroz \u0161ume <strong><a href=\"https:\/\/serbia.com\/srpski\/posetite-srbiju\/prirodne-lepote\/planine\/fruska-gora-nekada-ostrvo-danas-planina\/\" data-type=\"page\" data-id=\"32439\" target=\"_blank\" rel=\"noreferrer noopener\">Fru\u0161ke gore<\/a><\/strong>, <strong><a href=\"https:\/\/serbia.com\/srpski\/bukulja-savrsen-spoj-zivopisne-prirode-i-bogate-istorije\/\" data-type=\"post\" data-id=\"55136\" target=\"_blank\" rel=\"noreferrer noopener\">Bukulje<\/a><\/strong> ili <strong><a href=\"https:\/\/serbia.com\/srpski\/37789\/\" data-type=\"post\" data-id=\"37789\" target=\"_blank\" rel=\"noreferrer noopener\">Go\u010da<\/a><\/strong> mo\u017ee biti jednako prijatna kao celodnevno planinarenje. Va\u017eno je proveriti lokalnu prognozu, obu\u0107i se slojevito i imati u vidu da temperatura na ve\u0107im nadmorskim visinama mo\u017ee brzo da padne nakon zalaska sunca.<\/p>\n\n\n\n<h2 class=\"wp-block-heading\">Vinski krajevi ulaze u svoj najatmosferi\u010dniji period<\/h2>\n\n\n\n<p class=\"wp-block-paragraph\">Dok leto prelazi u jesen, u vinogradima \u0161irom Srbije po\u010dinje jedan od najva\u017enijih perioda godine.<\/p>\n\n\n\n<p class=\"wp-block-paragraph\">Na <strong><a href=\"https:\/\/serbia.com\/srpski\/posetite-srbiju\/provedi-se\/vinski-putevi\/vinski-put-fruska-gora\/\" data-type=\"page\" data-id=\"33382\" target=\"_blank\" rel=\"noreferrer noopener\">Fru\u0161koj gori<\/a><\/strong>, bre\u017euljci oko <strong><a href=\"https:\/\/serbia.com\/srpski\/posetite-srbiju\/gradovi\/sremski-karlovci-grad-vina-duhovnosti-i-kulture\/\" data-type=\"page\" data-id=\"31575\" target=\"_blank\" rel=\"noreferrer noopener\">Sremskih Karlovaca<\/a><\/strong> i Iriga povezuju vinske puteve sa manastirima, \u0161umama i istorijskim gradi\u0107ima. U \u0160umadiji, krajolik oko <strong><a href=\"https:\/\/serbia.com\/srpski\/topola-kraljevski-grad-istorije-vina-i-zadivljujucih-pogleda\/\" data-type=\"post\" data-id=\"59262\" target=\"_blank\" rel=\"noreferrer noopener\">Topole<\/a><\/strong> i <strong><a href=\"https:\/\/serbia.com\/srpski\/posetite-srbiju\/provedi-se\/vinski-putevi\/vinski-put-oplenac\/\" data-type=\"page\" data-id=\"33331\" target=\"_blank\" rel=\"noreferrer noopener\">Oplenca<\/a><\/strong> nudi talasaste vinograde, kraljevsko nasle\u0111e i jednostavan beg iz Beograda. <strong><a href=\"https:\/\/serbia.com\/srpski\/vrsac-grad-vina-brezuljaka-i-svetlosti-u-zimsko-doba\/\" data-type=\"post\" data-id=\"65064\" target=\"_blank\" rel=\"noreferrer noopener\">Vr\u0161ac<\/a><\/strong> i njegova okolina otkrivaju sasvim druga\u010diji vinogradarski pejza\u017e, koji se uzdi\u017ee iz banatske ravnice.<\/p>\n\n\n\n<p class=\"wp-block-paragraph\"><strong><a href=\"https:\/\/serbia.com\/srpski\/region\/istocna-srbija-rs\/\" data-type=\"region\" data-id=\"7149\" target=\"_blank\" rel=\"noreferrer noopener\">Isto\u010dna Srbija<\/a><\/strong> pru\u017ea druga\u010diji do\u017eivljaj. U blizini <strong><a href=\"https:\/\/serbia.com\/srpski\/posetite-srbiju\/provedi-se\/vinski-putevi\/vinski-put-negotin\/\" data-type=\"page\" data-id=\"33348\" target=\"_blank\" rel=\"noreferrer noopener\">Negotina<\/a><\/strong>, kamena naselja vinskih podruma u <strong><a href=\"https:\/\/serbia.com\/srpski\/rajacke-pivnice-mesto-u-kome-stanuju-vina\/\" data-type=\"post\" data-id=\"37106\" target=\"_blank\" rel=\"noreferrer noopener\">Rajcu<\/a><\/strong> i <strong>Rogljevu<\/strong> \u010duvaju vekovnu vezu izme\u0111u lokalne arhitekture i vinarstva. Njihove uske ulice i nizovi starih pimnica imaju poseban \u0161arm tokom cele godine, ali pred berbu deluju jo\u0161 smislenije i \u017eivlje.<\/p>\n\n\n\n<figure class=\"wp-block-gallery has-nested-images columns-default is-cropped wp-block-gallery-3 is-layout-flex wp-block-gallery-is-layout-flex\">\n<figure class=\"wp-block-image size-large\"><img loading=\"lazy\" decoding=\"async\" width=\"1280\" height=\"853\" data-id=\"71380\" src=\"https:\/\/serbia.com\/wp-content\/uploads\/2026\/06\/ChatGPT-Image-Jun-15-2026-01_45_55-PM-1-1280x853.jpg\" alt=\"\" class=\"wp-image-71380\" srcset=\"https:\/\/serbia.com\/wp-content\/uploads\/2026\/06\/ChatGPT-Image-Jun-15-2026-01_45_55-PM-1-1280x853.jpg 1280w, https:\/\/serbia.com\/wp-content\/uploads\/2026\/06\/ChatGPT-Image-Jun-15-2026-01_45_55-PM-1-300x200.jpg 300w, https:\/\/serbia.com\/wp-content\/uploads\/2026\/06\/ChatGPT-Image-Jun-15-2026-01_45_55-PM-1-768x512.jpg 768w, https:\/\/serbia.com\/wp-content\/uploads\/2026\/06\/ChatGPT-Image-Jun-15-2026-01_45_55-PM-1-760x507.jpg 760w, https:\/\/serbia.com\/wp-content\/uploads\/2026\/06\/ChatGPT-Image-Jun-15-2026-01_45_55-PM-1-1500x1000.jpg 1500w, https:\/\/serbia.com\/wp-content\/uploads\/2026\/06\/ChatGPT-Image-Jun-15-2026-01_45_55-PM-1-750x500.jpg 750w, https:\/\/serbia.com\/wp-content\/uploads\/2026\/06\/ChatGPT-Image-Jun-15-2026-01_45_55-PM-1.jpg 1536w\" sizes=\"auto, (max-width: 1280px) 100vw, 1280px\" \/><\/figure>\n\n\n\n<figure class=\"wp-block-image size-large\"><img loading=\"lazy\" decoding=\"async\" width=\"800\" height=\"533\" data-id=\"47596\" src=\"https:\/\/serbia.com\/wp-content\/uploads\/2016\/03\/oplenac-naslovna.jpg\" alt=\"Oplenac Wine Route\" class=\"wp-image-47596\" srcset=\"https:\/\/serbia.com\/wp-content\/uploads\/2016\/03\/oplenac-naslovna.jpg 800w, https:\/\/serbia.com\/wp-content\/uploads\/2016\/03\/oplenac-naslovna-760x506.jpg 760w, https:\/\/serbia.com\/wp-content\/uploads\/2016\/03\/oplenac-naslovna-750x500.jpg 750w, https:\/\/serbia.com\/wp-content\/uploads\/2016\/03\/oplenac-naslovna-300x200.jpg 300w, https:\/\/serbia.com\/wp-content\/uploads\/2016\/03\/oplenac-naslovna-768x512.jpg 768w\" sizes=\"auto, (max-width: 800px) 100vw, 800px\" \/><figcaption class=\"wp-element-caption\">Oplenac<\/figcaption><\/figure>\n\n\n\n<figure class=\"wp-block-image size-large\"><img loading=\"lazy\" decoding=\"async\" width=\"1280\" height=\"853\" data-id=\"59384\" src=\"https:\/\/serbia.com\/wp-content\/uploads\/2025\/04\/front-view-senior-winemaker-farmer-man-in-hat-lean-2024-10-21-15-05-14-utc-min-1280x853.jpg\" alt=\"\" class=\"wp-image-59384\" srcset=\"https:\/\/serbia.com\/wp-content\/uploads\/2025\/04\/front-view-senior-winemaker-farmer-man-in-hat-lean-2024-10-21-15-05-14-utc-min-1280x853.jpg 1280w, https:\/\/serbia.com\/wp-content\/uploads\/2025\/04\/front-view-senior-winemaker-farmer-man-in-hat-lean-2024-10-21-15-05-14-utc-min-300x200.jpg 300w, https:\/\/serbia.com\/wp-content\/uploads\/2025\/04\/front-view-senior-winemaker-farmer-man-in-hat-lean-2024-10-21-15-05-14-utc-min-768x512.jpg 768w, https:\/\/serbia.com\/wp-content\/uploads\/2025\/04\/front-view-senior-winemaker-farmer-man-in-hat-lean-2024-10-21-15-05-14-utc-min-1536x1024.jpg 1536w, https:\/\/serbia.com\/wp-content\/uploads\/2025\/04\/front-view-senior-winemaker-farmer-man-in-hat-lean-2024-10-21-15-05-14-utc-min-2048x1365.jpg 2048w, https:\/\/serbia.com\/wp-content\/uploads\/2025\/04\/front-view-senior-winemaker-farmer-man-in-hat-lean-2024-10-21-15-05-14-utc-min-760x507.jpg 760w, https:\/\/serbia.com\/wp-content\/uploads\/2025\/04\/front-view-senior-winemaker-farmer-man-in-hat-lean-2024-10-21-15-05-14-utc-min-1500x1000.jpg 1500w, https:\/\/serbia.com\/wp-content\/uploads\/2025\/04\/front-view-senior-winemaker-farmer-man-in-hat-lean-2024-10-21-15-05-14-utc-min-750x500.jpg 750w\" sizes=\"auto, (max-width: 1280px) 100vw, 1280px\" \/><figcaption class=\"wp-element-caption\">Vinogradi<\/figcaption><\/figure>\n<\/figure>\n\n\n\n<p class=\"wp-block-paragraph\"><\/p>\n\n\n\n<p class=\"wp-block-paragraph\">Vreme berbe razlikuje se u zavisnosti od sorte gro\u017e\u0111a, vinograda i vremenskih uslova, pa ne treba o\u010dekivati da svaka vinarija organizuje javnu proslavu ili prima nenajavljene goste.<strong> Posetu je najbolje dogovoriti unapred<\/strong>. Rezervisana degustacija \u010desto je li\u010dnija, a manjim proizvo\u0111a\u010dima omogu\u0107ava da do\u010dekaju goste bez ometanja poslova u vinogradu.<\/p>\n\n\n\n<p class=\"wp-block-paragraph\">Ako je vino deo rute, unapred odredite voza\u010da koji ne\u0107e piti ili organizujte lokalni prevoz. Najlep\u0161e vinsko putovanje je ono koje ostaje bezbedno i bez \u017eurbe.<\/p>\n\n\n\n<h2 class=\"wp-block-heading\">Pijace otkrivaju ukuse sezone<\/h2>\n\n\n\n<p class=\"wp-block-paragraph\">Septembar se ne prime\u0107uje samo u vinogradima. Mo\u017ee se okusiti na pijacama, pored puteva i za porodi\u010dnim stolovima \u0161irom zemlje.<\/p>\n\n\n\n<p class=\"wp-block-paragraph\">Ovo je vreme zrelih<strong> paprika, paradajza, gro\u017e\u0111a, \u0161ljiva i ozbiljnijih priprema <a href=\"https:\/\/serbia.com\/srpski\/omiljeni-srpski-rituali-pripremanje-zimnice\/\" data-type=\"post\" data-id=\"62372\" target=\"_blank\" rel=\"noreferrer noopener\">zimnice<\/a><\/strong>. U mnogim domovima miris pe\u010denih paprika najavljuje pripremu <strong><a href=\"https:\/\/serbia.com\/srpski\/ajvar-gospodar-zimnice\/\" data-type=\"post\" data-id=\"11600\" target=\"_blank\" rel=\"noreferrer noopener\">ajvara<\/a><\/strong>, dok se u dvori\u0161tima i kuhinjama pojavljuju tegle, drvene gajbe i veliki lonci. Gro\u017e\u0111e sti\u017ee iz obli\u017enjih vinograda, od \u0161ljiva nastaju pekmez ili <strong><a href=\"https:\/\/serbia.com\/srpski\/omiljeni-srpski-rituali-pecenje-rakije\/\" data-type=\"post\" data-id=\"61951\" target=\"_blank\" rel=\"noreferrer noopener\">rakija<\/a><\/strong>, a jelovnici u restoranima polako prelaze sa laganih letnjih obroka na bogatije jesenje ukuse.<\/p>\n\n\n\n<p class=\"wp-block-paragraph\">Za posetioce, <strong>lokalna pijaca mo\u017ee da pru\u017ei neposredniji uvid u Srbiju od pa\u017eljivo isplanirane turisti\u010dke atrakcije.<\/strong> Do\u0111ite rano, potra\u017eite sezonske proizvode i pitajte prodavce \u0161ta je tog jutra stiglo iz okolnih sela. U <strong><a href=\"https:\/\/serbia.com\/srpski\/destination\/beograd\/\" data-type=\"destination\" data-id=\"70547\" target=\"_blank\" rel=\"noreferrer noopener\">Beogradu<\/a><\/strong>, <strong><a href=\"https:\/\/serbia.com\/srpski\/destination\/novi-sad\/\" data-type=\"destination\" data-id=\"70531\" target=\"_blank\" rel=\"noreferrer noopener\">Novom Sadu<\/a><\/strong>, <strong><a href=\"https:\/\/serbia.com\/srpski\/destination\/nis\/\" data-type=\"destination\" data-id=\"70937\" target=\"_blank\" rel=\"noreferrer noopener\">Ni\u0161u<\/a><\/strong>, <strong><a href=\"https:\/\/serbia.com\/srpski\/posetite-srbiju\/gradovi\/kragujevac-zavicaj-moderne-srbije\/\" data-type=\"page\" data-id=\"31513\" target=\"_blank\" rel=\"noreferrer noopener\">Kragujevcu<\/a><\/strong> i manjim gradovima pijace su jo\u0161 uvek mesta na kojima se regionalne razlike lako prepoznaju.<\/p>\n\n\n\n<figure class=\"wp-block-gallery has-nested-images columns-default is-cropped wp-block-gallery-4 is-layout-flex wp-block-gallery-is-layout-flex\">\n<figure class=\"wp-block-image size-large\"><img loading=\"lazy\" decoding=\"async\" width=\"1280\" height=\"853\" data-id=\"65996\" src=\"https:\/\/serbia.com\/wp-content\/uploads\/2026\/03\/ChatGPT-Image-Mar-21-2026-09_42_43-PM-1280x853.jpg\" alt=\"\" class=\"wp-image-65996\" srcset=\"https:\/\/serbia.com\/wp-content\/uploads\/2026\/03\/ChatGPT-Image-Mar-21-2026-09_42_43-PM-1280x853.jpg 1280w, https:\/\/serbia.com\/wp-content\/uploads\/2026\/03\/ChatGPT-Image-Mar-21-2026-09_42_43-PM-300x200.jpg 300w, https:\/\/serbia.com\/wp-content\/uploads\/2026\/03\/ChatGPT-Image-Mar-21-2026-09_42_43-PM-768x512.jpg 768w, https:\/\/serbia.com\/wp-content\/uploads\/2026\/03\/ChatGPT-Image-Mar-21-2026-09_42_43-PM-760x507.jpg 760w, https:\/\/serbia.com\/wp-content\/uploads\/2026\/03\/ChatGPT-Image-Mar-21-2026-09_42_43-PM-1500x1000.jpg 1500w, https:\/\/serbia.com\/wp-content\/uploads\/2026\/03\/ChatGPT-Image-Mar-21-2026-09_42_43-PM-750x500.jpg 750w, https:\/\/serbia.com\/wp-content\/uploads\/2026\/03\/ChatGPT-Image-Mar-21-2026-09_42_43-PM.jpg 1536w\" sizes=\"auto, (max-width: 1280px) 100vw, 1280px\" \/><figcaption class=\"wp-element-caption\">Lokalna pijaca<\/figcaption><\/figure>\n\n\n\n<figure class=\"wp-block-image size-large\"><img loading=\"lazy\" decoding=\"async\" width=\"1280\" height=\"853\" data-id=\"58716\" src=\"https:\/\/serbia.com\/wp-content\/uploads\/2025\/03\/farmers-fruit-market-with-various-colorful-fresh-f-2024-12-07-01-01-35-utc-min-1280x853.jpg\" alt=\"\" class=\"wp-image-58716\" srcset=\"https:\/\/serbia.com\/wp-content\/uploads\/2025\/03\/farmers-fruit-market-with-various-colorful-fresh-f-2024-12-07-01-01-35-utc-min-1280x853.jpg 1280w, https:\/\/serbia.com\/wp-content\/uploads\/2025\/03\/farmers-fruit-market-with-various-colorful-fresh-f-2024-12-07-01-01-35-utc-min-300x200.jpg 300w, https:\/\/serbia.com\/wp-content\/uploads\/2025\/03\/farmers-fruit-market-with-various-colorful-fresh-f-2024-12-07-01-01-35-utc-min-768x512.jpg 768w, https:\/\/serbia.com\/wp-content\/uploads\/2025\/03\/farmers-fruit-market-with-various-colorful-fresh-f-2024-12-07-01-01-35-utc-min-1536x1024.jpg 1536w, https:\/\/serbia.com\/wp-content\/uploads\/2025\/03\/farmers-fruit-market-with-various-colorful-fresh-f-2024-12-07-01-01-35-utc-min-2048x1365.jpg 2048w, https:\/\/serbia.com\/wp-content\/uploads\/2025\/03\/farmers-fruit-market-with-various-colorful-fresh-f-2024-12-07-01-01-35-utc-min-760x507.jpg 760w, https:\/\/serbia.com\/wp-content\/uploads\/2025\/03\/farmers-fruit-market-with-various-colorful-fresh-f-2024-12-07-01-01-35-utc-min-1500x1000.jpg 1500w, https:\/\/serbia.com\/wp-content\/uploads\/2025\/03\/farmers-fruit-market-with-various-colorful-fresh-f-2024-12-07-01-01-35-utc-min-750x500.jpg 750w\" sizes=\"auto, (max-width: 1280px) 100vw, 1280px\" \/><figcaption class=\"wp-element-caption\">Dome\u0107e vo\u0107e<\/figcaption><\/figure>\n<\/figure>\n\n\n\n<p class=\"wp-block-paragraph\"><\/p>\n\n\n\n<p class=\"wp-block-paragraph\">Septembar je dobro vreme i za otkrivanje tradicionalne hrane tamo gde prirodno pripada: sira i kajmaka u planinskim krajevima, re\u010dne ribe pored Dunava ili Drine, lokalnih vina u vinogradarskim podru\u010djima i jela koja se polako pripremaju u seoskim doma\u0107instvima.<\/p>\n\n\n\n<h2 class=\"wp-block-heading\">Gradovi se vra\u0107aju prirodnijem ritmu<\/h2>\n\n\n\n<p class=\"wp-block-paragraph\">Tokom najtoplijeg dela leta, dan u gradovima Srbije \u010desto se deli na dva sasvim razli\u010dita perioda: tiha popodneva i pune ve\u010deri. Septembar vra\u0107a uravnote\u017eeniji ritam.<\/p>\n\n\n\n<p class=\"wp-block-paragraph\">Beograd postaje lak\u0161i za istra\u017eivanje i izvan najpoznatijih znamenitosti. Pro\u0161etajte od <strong><a href=\"https:\/\/serbia.com\/srpski\/posetite-srbiju\/kulturne-atrakcije\/dvorci-i-tvrdave\/beogradska-tvrdava-put-stopama-istorije\/\" data-type=\"page\" data-id=\"31939\" target=\"_blank\" rel=\"noreferrer noopener\">Kalemegdana<\/a><\/strong> prema <strong><a href=\"https:\/\/serbia.com\/srpski\/dorcol-beogradski-kvart-koji-prica-price\/\" data-type=\"post\" data-id=\"61164\" target=\"_blank\" rel=\"noreferrer noopener\">Dor\u0107olu<\/a><\/strong>, istra\u017eite <strong><a href=\"https:\/\/serbia.com\/srpski\/zemun-2\/\" data-type=\"post\" data-id=\"4892\" target=\"_blank\" rel=\"noreferrer noopener\">Zemun<\/a><\/strong> uz Dunav ili provedite popodne izme\u0111u muzeja, lokalnih kafi\u0107a i re\u010dnih obala. Grad ostaje energi\u010dan, ali prijatnije vreme omogu\u0107ava da vidite vi\u0161e bez ose\u0107aja \u017eurbe.<\/p>\n\n\n\n<p class=\"wp-block-paragraph\">U <strong><a href=\"https:\/\/serbia.com\/srpski\/destination\/novi-sad\/\" data-type=\"destination\" data-id=\"70531\" target=\"_blank\" rel=\"noreferrer noopener\">Novom Sadu<\/a><\/strong>, istorijski centar, <strong><a href=\"https:\/\/serbia.com\/srpski\/posetite-srbiju\/kulturne-atrakcije\/dvorci-i-tvrdave\/petrovaradinska-tvrdava-gibraltar-na-dunavu\/\" data-type=\"page\" data-id=\"31907\" target=\"_blank\" rel=\"noreferrer noopener\">Petrovaradinska tvr\u0111ava<\/a><\/strong> i Dunav mogu se udobno spojiti u jedan dan, dok obli\u017enji <strong><a href=\"https:\/\/serbia.com\/srpski\/posetite-srbiju\/gradovi\/sremski-karlovci-grad-vina-duhovnosti-i-kulture\/\" data-type=\"page\" data-id=\"31575\" target=\"_blank\" rel=\"noreferrer noopener\">Sremski Karlovci<\/a><\/strong> i <strong><a href=\"https:\/\/serbia.com\/srpski\/posetite-srbiju\/prirodne-lepote\/planine\/fruska-gora-nekada-ostrvo-danas-planina\/\" data-type=\"page\" data-id=\"32439\" target=\"_blank\" rel=\"noreferrer noopener\">Fru\u0161ka gora<\/a><\/strong> pozivaju da putovanje produ\u017eite prema vinskim krajevima. <strong><a href=\"https:\/\/serbia.com\/srpski\/destination\/nis\/\" data-type=\"destination\" data-id=\"70937\" target=\"_blank\" rel=\"noreferrer noopener\">Ni\u0161<\/a><\/strong> povezuje tvr\u0111avu, tradicionalnu hranu i jednostavan pristup pejza\u017eima i banjama ju\u017ene Srbije. <strong><a href=\"https:\/\/serbia.com\/srpski\/posetite-srbiju\/gradovi\/sombor-grad-fijakera-zelenila-i-arhitekture\/\" data-type=\"page\" data-id=\"31484\" target=\"_blank\" rel=\"noreferrer noopener\">Sombor<\/a><\/strong> i <strong><a href=\"https:\/\/serbia.com\/srpski\/posetite-srbiju\/gradovi\/subotica\/\" data-type=\"page\" data-id=\"20447\" target=\"_blank\" rel=\"noreferrer noopener\">Subotica<\/a><\/strong> posebno pogoduju sporom istra\u017eivanju, zahvaljuju\u0107i elegantnoj arhitekturi, ulicama pod kro\u0161njama i obli\u017enjim mestima koja putovanju daju jo\u0161 jedan sloj.<\/p>\n\n\n\n<figure class=\"wp-block-gallery has-nested-images columns-default is-cropped wp-block-gallery-5 is-layout-flex wp-block-gallery-is-layout-flex\">\n<figure class=\"wp-block-image size-large\"><img loading=\"lazy\" decoding=\"async\" width=\"1280\" height=\"853\" data-id=\"66095\" src=\"https:\/\/serbia.com\/wp-content\/uploads\/2026\/03\/Untitled-2250-x-1500-px-22-1280x853.jpg\" alt=\"\" class=\"wp-image-66095\" srcset=\"https:\/\/serbia.com\/wp-content\/uploads\/2026\/03\/Untitled-2250-x-1500-px-22-1280x853.jpg 1280w, https:\/\/serbia.com\/wp-content\/uploads\/2026\/03\/Untitled-2250-x-1500-px-22-300x200.jpg 300w, https:\/\/serbia.com\/wp-content\/uploads\/2026\/03\/Untitled-2250-x-1500-px-22-768x512.jpg 768w, https:\/\/serbia.com\/wp-content\/uploads\/2026\/03\/Untitled-2250-x-1500-px-22-1536x1024.jpg 1536w, https:\/\/serbia.com\/wp-content\/uploads\/2026\/03\/Untitled-2250-x-1500-px-22-2048x1365.jpg 2048w, https:\/\/serbia.com\/wp-content\/uploads\/2026\/03\/Untitled-2250-x-1500-px-22-760x507.jpg 760w, https:\/\/serbia.com\/wp-content\/uploads\/2026\/03\/Untitled-2250-x-1500-px-22-1500x1000.jpg 1500w, https:\/\/serbia.com\/wp-content\/uploads\/2026\/03\/Untitled-2250-x-1500-px-22-750x500.jpg 750w\" sizes=\"auto, (max-width: 1280px) 100vw, 1280px\" \/><figcaption class=\"wp-element-caption\">Subotica<\/figcaption><\/figure>\n\n\n\n<figure class=\"wp-block-image size-large\"><img loading=\"lazy\" decoding=\"async\" width=\"1280\" height=\"853\" data-id=\"73570\" src=\"https:\/\/serbia.com\/wp-content\/uploads\/2016\/04\/Untitled-2250-x-1500-px-2026-06-02T190231.358-1-1280x853.jpg\" alt=\"\" class=\"wp-image-73570\" srcset=\"https:\/\/serbia.com\/wp-content\/uploads\/2016\/04\/Untitled-2250-x-1500-px-2026-06-02T190231.358-1-1280x853.jpg 1280w, https:\/\/serbia.com\/wp-content\/uploads\/2016\/04\/Untitled-2250-x-1500-px-2026-06-02T190231.358-1-300x200.jpg 300w, https:\/\/serbia.com\/wp-content\/uploads\/2016\/04\/Untitled-2250-x-1500-px-2026-06-02T190231.358-1-768x512.jpg 768w, https:\/\/serbia.com\/wp-content\/uploads\/2016\/04\/Untitled-2250-x-1500-px-2026-06-02T190231.358-1-1536x1024.jpg 1536w, https:\/\/serbia.com\/wp-content\/uploads\/2016\/04\/Untitled-2250-x-1500-px-2026-06-02T190231.358-1-2048x1365.jpg 2048w, https:\/\/serbia.com\/wp-content\/uploads\/2016\/04\/Untitled-2250-x-1500-px-2026-06-02T190231.358-1-760x507.jpg 760w, https:\/\/serbia.com\/wp-content\/uploads\/2016\/04\/Untitled-2250-x-1500-px-2026-06-02T190231.358-1-1500x1000.jpg 1500w, https:\/\/serbia.com\/wp-content\/uploads\/2016\/04\/Untitled-2250-x-1500-px-2026-06-02T190231.358-1-750x500.jpg 750w\" sizes=\"auto, (max-width: 1280px) 100vw, 1280px\" \/><figcaption class=\"wp-element-caption\">Beograd<\/figcaption><\/figure>\n\n\n\n<figure class=\"wp-block-image size-large\"><img loading=\"lazy\" decoding=\"async\" width=\"1280\" height=\"614\" data-id=\"63487\" src=\"https:\/\/serbia.com\/wp-content\/uploads\/2025\/11\/Untitled-2250-x-1500-px-29-1-e1762350397439-1280x614.jpg\" alt=\"\" class=\"wp-image-63487\" srcset=\"https:\/\/serbia.com\/wp-content\/uploads\/2025\/11\/Untitled-2250-x-1500-px-29-1-e1762350397439-1280x614.jpg 1280w, https:\/\/serbia.com\/wp-content\/uploads\/2025\/11\/Untitled-2250-x-1500-px-29-1-e1762350397439-300x144.jpg 300w, https:\/\/serbia.com\/wp-content\/uploads\/2025\/11\/Untitled-2250-x-1500-px-29-1-e1762350397439-768x369.jpg 768w, https:\/\/serbia.com\/wp-content\/uploads\/2025\/11\/Untitled-2250-x-1500-px-29-1-e1762350397439-1536x737.jpg 1536w, https:\/\/serbia.com\/wp-content\/uploads\/2025\/11\/Untitled-2250-x-1500-px-29-1-e1762350397439-2048x983.jpg 2048w, https:\/\/serbia.com\/wp-content\/uploads\/2025\/11\/Untitled-2250-x-1500-px-29-1-e1762350397439-760x365.jpg 760w, https:\/\/serbia.com\/wp-content\/uploads\/2025\/11\/Untitled-2250-x-1500-px-29-1-e1762350397439-1042x500.jpg 1042w\" sizes=\"auto, (max-width: 1280px) 100vw, 1280px\" \/><figcaption class=\"wp-element-caption\">Sombor<\/figcaption><\/figure>\n<\/figure>\n\n\n\n<p class=\"wp-block-paragraph\"><\/p>\n\n\n\n<p class=\"wp-block-paragraph\">Septembar ozna\u010dava i <strong>povratak kulturnog \u017eivota nakon perioda letnjih odmora.<\/strong> Programi se menjaju iz godine u godinu, pa vredi proveriti kulturne centre, turisti\u010dke organizacije i kalendare doga\u0111aja pre polaska. Tako mo\u017eete otkriti izlo\u017ebe, predstave i festivale koji se \u010desto ne pojavljuju u op\u0161tim turisti\u010dkim vodi\u010dima.<\/p>\n\n\n\n<h2 class=\"wp-block-heading\">Reke i jezera ostaju deo putovanja<\/h2>\n\n\n\n<p class=\"wp-block-paragraph\">Iako glavna sezona kupanja polako prolazi, reke i jezera Srbije i dalje imaju va\u017eno mesto u septembarskim putovanjima.<\/p>\n\n\n\n<p class=\"wp-block-paragraph\">Dunav je okosnica jednog od najlep\u0161ih putnih pravaca u zemlji. Od <strong><a href=\"https:\/\/serbia.com\/srpski\/destination\/golubac\/\" data-type=\"destination\" data-id=\"70618\" target=\"_blank\" rel=\"noreferrer noopener\">Golupca<\/a><\/strong>, put prati reku kroz <strong><a href=\"https:\/\/serbia.com\/srpski\/posetite-srbiju\/prirodne-lepote\/reke-i-jezera\/derdap-magicni-spoj-prirode-i-kulture\/\" data-type=\"page\" data-id=\"32676\" target=\"_blank\" rel=\"noreferrer noopener\">\u0110erdapsku klisuru<\/a><\/strong> prema <strong><a href=\"https:\/\/serbia.com\/srpski\/posetite-srbiju\/kulturne-atrakcije\/arheoloska-nalazista\/lepenski-vir-najstarije-urbano-naselje-u-evropi\/\" data-type=\"page\" data-id=\"31656\" target=\"_blank\" rel=\"noreferrer noopener\">Lepenskom Viru<\/a><\/strong>, <strong><a href=\"https:\/\/serbia.com\/srpski\/donji-milanovac-savrsena-junska-destinacija-u-srcu-derdapa\/\" data-type=\"post\" data-id=\"71080\" target=\"_blank\" rel=\"noreferrer noopener\">Donjem Milanovcu<\/a><\/strong> i <strong><a href=\"https:\/\/serbia.com\/srpski\/kladovo-dunavska-oaza-na-istoku-srbije\/\" data-type=\"post\" data-id=\"61019\" target=\"_blank\" rel=\"noreferrer noopener\">Kladovu<\/a><\/strong>. Svetlost postaje mek\u0161a, pogledi preko vode deluju \u0161ire, a putovanje vi\u0161e nije odre\u0111eno potrebom da se izbegne podnevna vru\u0107ina.<\/p>\n\n\n\n<p class=\"wp-block-paragraph\">Uz <strong><a href=\"https:\/\/serbia.com\/srpski\/posetite-srbiju\/prirodne-lepote\/reke-i-jezera\/drina-divlja-smaragdna-lepotica\/\" data-type=\"page\" data-id=\"32792\" target=\"_blank\" rel=\"noreferrer noopener\">Drinu<\/a><\/strong>, <strong><a href=\"https:\/\/serbia.com\/srpski\/bajina-basta-gde-se-priroda-i-tradicija-stapaju-uz-drinu\/\" data-type=\"post\" data-id=\"59335\" target=\"_blank\" rel=\"noreferrer noopener\">Bajina Ba\u0161ta<\/a><\/strong>, <strong><a href=\"https:\/\/serbia.com\/srpski\/posetite-srbiju\/prirodne-lepote\/reke-i-jezera\/perucac-raj-za-pecarose\/\" data-type=\"page\" data-id=\"32766\" target=\"_blank\" rel=\"noreferrer noopener\">Peru\u0107ac<\/a><\/strong> i <strong><a href=\"https:\/\/serbia.com\/srpski\/destination\/tara\/\" data-type=\"destination\" data-id=\"70655\" target=\"_blank\" rel=\"noreferrer noopener\">Tara<\/a><\/strong> jo\u0161 uvek se mogu spojiti u putovanje oblikovano vodom i \u0161umama. Izleti brodom i aktivnosti na vodi mogu biti dostupni kada vreme i lokalni organizatori to dozvoljavaju, ali polasci izvan glavne sezone mogu biti re\u0111i.<\/p>\n\n\n\n<figure class=\"wp-block-gallery has-nested-images columns-default is-cropped wp-block-gallery-6 is-layout-flex wp-block-gallery-is-layout-flex\">\n<figure class=\"wp-block-image size-large\"><img loading=\"lazy\" decoding=\"async\" width=\"1280\" height=\"960\" data-id=\"71081\" src=\"https:\/\/serbia.com\/wp-content\/uploads\/2026\/06\/ChatGPT-Image-Jun-2-2026-12_09_01-PM-1-1280x960.jpg\" alt=\"donji milanovac\" class=\"wp-image-71081\" srcset=\"https:\/\/serbia.com\/wp-content\/uploads\/2026\/06\/ChatGPT-Image-Jun-2-2026-12_09_01-PM-1-1280x960.jpg 1280w, https:\/\/serbia.com\/wp-content\/uploads\/2026\/06\/ChatGPT-Image-Jun-2-2026-12_09_01-PM-1-300x225.jpg 300w, https:\/\/serbia.com\/wp-content\/uploads\/2026\/06\/ChatGPT-Image-Jun-2-2026-12_09_01-PM-1-768x576.jpg 768w, https:\/\/serbia.com\/wp-content\/uploads\/2026\/06\/ChatGPT-Image-Jun-2-2026-12_09_01-PM-1-760x570.jpg 760w, https:\/\/serbia.com\/wp-content\/uploads\/2026\/06\/ChatGPT-Image-Jun-2-2026-12_09_01-PM-1-1333x1000.jpg 1333w, https:\/\/serbia.com\/wp-content\/uploads\/2026\/06\/ChatGPT-Image-Jun-2-2026-12_09_01-PM-1-667x500.jpg 667w, https:\/\/serbia.com\/wp-content\/uploads\/2026\/06\/ChatGPT-Image-Jun-2-2026-12_09_01-PM-1.jpg 1448w\" sizes=\"auto, (max-width: 1280px) 100vw, 1280px\" \/><figcaption class=\"wp-element-caption\">Donji Milanovac<\/figcaption><\/figure>\n\n\n\n<figure class=\"wp-block-image size-large\"><img loading=\"lazy\" decoding=\"async\" width=\"1280\" height=\"854\" data-id=\"70156\" src=\"https:\/\/serbia.com\/wp-content\/uploads\/2026\/05\/ChatGPT-Image-May-10-2026-11_51_01-AM-1280x854.jpg\" alt=\"\" class=\"wp-image-70156\" srcset=\"https:\/\/serbia.com\/wp-content\/uploads\/2026\/05\/ChatGPT-Image-May-10-2026-11_51_01-AM-1280x854.jpg 1280w, https:\/\/serbia.com\/wp-content\/uploads\/2026\/05\/ChatGPT-Image-May-10-2026-11_51_01-AM-300x200.jpg 300w, https:\/\/serbia.com\/wp-content\/uploads\/2026\/05\/ChatGPT-Image-May-10-2026-11_51_01-AM-768x512.jpg 768w, https:\/\/serbia.com\/wp-content\/uploads\/2026\/05\/ChatGPT-Image-May-10-2026-11_51_01-AM-760x507.jpg 760w, https:\/\/serbia.com\/wp-content\/uploads\/2026\/05\/ChatGPT-Image-May-10-2026-11_51_01-AM-1499x1000.jpg 1499w, https:\/\/serbia.com\/wp-content\/uploads\/2026\/05\/ChatGPT-Image-May-10-2026-11_51_01-AM-750x500.jpg 750w, https:\/\/serbia.com\/wp-content\/uploads\/2026\/05\/ChatGPT-Image-May-10-2026-11_51_01-AM.jpg 1535w\" sizes=\"auto, (max-width: 1280px) 100vw, 1280px\" \/><figcaption class=\"wp-element-caption\">Reka Gradac<\/figcaption><\/figure>\n\n\n\n<figure class=\"wp-block-image size-large\"><img loading=\"lazy\" decoding=\"async\" width=\"1280\" height=\"853\" data-id=\"70154\" src=\"https:\/\/serbia.com\/wp-content\/uploads\/2026\/05\/ChatGPT-Image-May-10-2026-11_29_47-AM-1280x853.jpg\" alt=\"\" class=\"wp-image-70154\" srcset=\"https:\/\/serbia.com\/wp-content\/uploads\/2026\/05\/ChatGPT-Image-May-10-2026-11_29_47-AM-1280x853.jpg 1280w, https:\/\/serbia.com\/wp-content\/uploads\/2026\/05\/ChatGPT-Image-May-10-2026-11_29_47-AM-300x200.jpg 300w, https:\/\/serbia.com\/wp-content\/uploads\/2026\/05\/ChatGPT-Image-May-10-2026-11_29_47-AM-768x512.jpg 768w, https:\/\/serbia.com\/wp-content\/uploads\/2026\/05\/ChatGPT-Image-May-10-2026-11_29_47-AM-760x507.jpg 760w, https:\/\/serbia.com\/wp-content\/uploads\/2026\/05\/ChatGPT-Image-May-10-2026-11_29_47-AM-1500x1000.jpg 1500w, https:\/\/serbia.com\/wp-content\/uploads\/2026\/05\/ChatGPT-Image-May-10-2026-11_29_47-AM-750x500.jpg 750w, https:\/\/serbia.com\/wp-content\/uploads\/2026\/05\/ChatGPT-Image-May-10-2026-11_29_47-AM.jpg 1536w\" sizes=\"auto, (max-width: 1280px) 100vw, 1280px\" \/><figcaption class=\"wp-element-caption\">Zvorni\u010dko jezero<\/figcaption><\/figure>\n\n\n\n<figure class=\"wp-block-image size-large\"><img loading=\"lazy\" decoding=\"async\" width=\"1280\" height=\"720\" data-id=\"69408\" src=\"https:\/\/serbia.com\/wp-content\/uploads\/2026\/04\/ChatGPT-Image-Apr-17-2026-02_09_38-PM-1280x720.jpg\" alt=\"\" class=\"wp-image-69408\" srcset=\"https:\/\/serbia.com\/wp-content\/uploads\/2026\/04\/ChatGPT-Image-Apr-17-2026-02_09_38-PM-1280x720.jpg 1280w, https:\/\/serbia.com\/wp-content\/uploads\/2026\/04\/ChatGPT-Image-Apr-17-2026-02_09_38-PM-300x169.jpg 300w, https:\/\/serbia.com\/wp-content\/uploads\/2026\/04\/ChatGPT-Image-Apr-17-2026-02_09_38-PM-768x432.jpg 768w, https:\/\/serbia.com\/wp-content\/uploads\/2026\/04\/ChatGPT-Image-Apr-17-2026-02_09_38-PM-1536x864.jpg 1536w, https:\/\/serbia.com\/wp-content\/uploads\/2026\/04\/ChatGPT-Image-Apr-17-2026-02_09_38-PM-760x428.jpg 760w, https:\/\/serbia.com\/wp-content\/uploads\/2026\/04\/ChatGPT-Image-Apr-17-2026-02_09_38-PM-888x500.jpg 888w, https:\/\/serbia.com\/wp-content\/uploads\/2026\/04\/ChatGPT-Image-Apr-17-2026-02_09_38-PM.jpg 1672w\" sizes=\"auto, (max-width: 1280px) 100vw, 1280px\" \/><figcaption class=\"wp-element-caption\">Srebrno jezero<\/figcaption><\/figure>\n<\/figure>\n\n\n\n<p class=\"wp-block-paragraph\"><\/p>\n\n\n\n<p class=\"wp-block-paragraph\"><strong><a href=\"https:\/\/serbia.com\/srpski\/destination\/uvac\/\" data-type=\"destination\" data-id=\"70584\" target=\"_blank\" rel=\"noreferrer noopener\">Uvac<\/a><\/strong>, <strong><a href=\"https:\/\/serbia.com\/srpski\/zaovinsko-jezero-skriveni-tirkizni-dragulj-planine-tare\/\" data-type=\"post\" data-id=\"59749\" target=\"_blank\" rel=\"noreferrer noopener\">Zaovine<\/a><\/strong>, <strong><a href=\"https:\/\/serbia.com\/srpski\/zlatar-carobni-spoj-mirisnih-livada-i-bistrih-jezera\/\" data-type=\"post\" data-id=\"43684\" target=\"_blank\" rel=\"noreferrer noopener\">Zlatar <\/a><\/strong>i druga jezerska podru\u010dja podjednako su privla\u010dni i bez kupanja. <strong>Vidikovci, plovidba, vo\u017enja kajaka, fotografisanje i jednostavne \u0161etnje<\/strong> obalom \u010desto postaju prijatniji na bla\u017eim temperaturama.<\/p>\n\n\n\n<p class=\"wp-block-paragraph\">Sezonske usluge uvek proverite direktno. Polasci brodova, mesta za iznajmljivanje opreme i radno vreme ugostiteljskih objekata mogu se promeniti \u010dim se avgust zavr\u0161i.<\/p>\n\n\n\n<h2 class=\"wp-block-heading\">Sela usporavaju nakon \u017eivog leta<\/h2>\n\n\n\n<p class=\"wp-block-paragraph\">Neka od najlep\u0161ih septembarskih putovanja vode dalje od glavnih turisti\u010dkih centara. U selima \u0161irom Srbije broj letnjih gostiju po\u010dinje da opada, dok poljoprivredni poslovi ulaze u novu fazu. Vo\u0107njaci, vinogradi i ba\u0161te ostaju aktivni, ali atmosfera postaje mirnija. Ovo je idealno vreme za boravak u seoskom doma\u0107instvu, hranu proizvedenu u okolini i istra\u017eivanje kraja bez pretvaranja svakog dana u spisak obaveza.<\/p>\n\n\n\n<p class=\"wp-block-paragraph\"><strong><a href=\"https:\/\/serbia.com\/srpski\/kameno-selo-gostusa-najneobicnije-selo-u-srbiji\/\" data-type=\"post\" data-id=\"51299\" target=\"_blank\" rel=\"noreferrer noopener\">Gostu\u0161a<\/a><\/strong> na <strong><a href=\"https:\/\/serbia.com\/srpski\/posetite-srbiju\/prirodne-lepote\/planine\/stara-planina-prirodni-rezervat-u-dve-drzave\/\" data-type=\"page\" data-id=\"32507\" target=\"_blank\" rel=\"noreferrer noopener\">Staroj planini<\/a><\/strong> pri\u010da svoju pri\u010du kroz kamene ku\u0107e i krovove gra\u0111ene od lokalnih materijala. <strong><a href=\"https:\/\/serbia.com\/srpski\/rajac-gde-se-tradicija-rada-priroda-i-vino-susrecu\/\" data-type=\"post\" data-id=\"69480\" target=\"_blank\" rel=\"noreferrer noopener\">Rajac<\/a><\/strong> spaja \u017eivot sela sa vinskim nasle\u0111em. <strong><a href=\"https:\/\/serbia.com\/srpski\/etno-selo-u-sirogojnu-jedinstveni-muzej-na-otvorenom\/\" data-type=\"post\" data-id=\"36730\" target=\"_blank\" rel=\"noreferrer noopener\">Sirogojno<\/a><\/strong> \u010duva tradicionalnu arhitekturu zlatiborskog kraja, dok sela oko <strong><a href=\"https:\/\/serbia.com\/srpski\/destination\/tara\/\" data-type=\"destination\" data-id=\"70655\" target=\"_blank\" rel=\"noreferrer noopener\">Tare<\/a><\/strong>, <strong><a href=\"https:\/\/serbia.com\/srpski\/zlatar-carobni-spoj-mirisnih-livada-i-bistrih-jezera\/\" data-type=\"post\" data-id=\"43684\" target=\"_blank\" rel=\"noreferrer noopener\">Zlatara<\/a><\/strong> i <strong><a href=\"https:\/\/serbia.com\/srpski\/planina-golija-nestvarno-sumsko-carstvo\/\" data-type=\"post\" data-id=\"35685\" target=\"_blank\" rel=\"noreferrer noopener\">Golije<\/a><\/strong> nude planinske pejza\u017ee bez gustine velikih turisti\u010dkih centara.<\/p>\n\n\n\n<figure class=\"wp-block-gallery has-nested-images columns-default is-cropped wp-block-gallery-7 is-layout-flex wp-block-gallery-is-layout-flex\">\n<figure class=\"wp-block-image size-large\"><img loading=\"lazy\" decoding=\"async\" width=\"1280\" height=\"853\" data-id=\"66521\" src=\"https:\/\/serbia.com\/wp-content\/uploads\/2026\/04\/ChatGPT-Image-Apr-16-2026-11_04_06-AM-1280x853.jpg\" alt=\"\" class=\"wp-image-66521\" srcset=\"https:\/\/serbia.com\/wp-content\/uploads\/2026\/04\/ChatGPT-Image-Apr-16-2026-11_04_06-AM-1280x853.jpg 1280w, https:\/\/serbia.com\/wp-content\/uploads\/2026\/04\/ChatGPT-Image-Apr-16-2026-11_04_06-AM-300x200.jpg 300w, https:\/\/serbia.com\/wp-content\/uploads\/2026\/04\/ChatGPT-Image-Apr-16-2026-11_04_06-AM-768x512.jpg 768w, https:\/\/serbia.com\/wp-content\/uploads\/2026\/04\/ChatGPT-Image-Apr-16-2026-11_04_06-AM-760x507.jpg 760w, https:\/\/serbia.com\/wp-content\/uploads\/2026\/04\/ChatGPT-Image-Apr-16-2026-11_04_06-AM-1500x1000.jpg 1500w, https:\/\/serbia.com\/wp-content\/uploads\/2026\/04\/ChatGPT-Image-Apr-16-2026-11_04_06-AM-750x500.jpg 750w, https:\/\/serbia.com\/wp-content\/uploads\/2026\/04\/ChatGPT-Image-Apr-16-2026-11_04_06-AM.jpg 1536w\" sizes=\"auto, (max-width: 1280px) 100vw, 1280px\" \/><figcaption class=\"wp-element-caption\">Sirogojno<\/figcaption><\/figure>\n\n\n\n<figure class=\"wp-block-image size-large\"><img loading=\"lazy\" decoding=\"async\" width=\"1280\" height=\"853\" data-id=\"66211\" src=\"https:\/\/serbia.com\/wp-content\/uploads\/2026\/03\/ChatGPT-Image-Mar-31-2026-06_43_22-PM-1280x853.jpg\" alt=\"\" class=\"wp-image-66211\" srcset=\"https:\/\/serbia.com\/wp-content\/uploads\/2026\/03\/ChatGPT-Image-Mar-31-2026-06_43_22-PM-1280x853.jpg 1280w, https:\/\/serbia.com\/wp-content\/uploads\/2026\/03\/ChatGPT-Image-Mar-31-2026-06_43_22-PM-300x200.jpg 300w, https:\/\/serbia.com\/wp-content\/uploads\/2026\/03\/ChatGPT-Image-Mar-31-2026-06_43_22-PM-768x512.jpg 768w, https:\/\/serbia.com\/wp-content\/uploads\/2026\/03\/ChatGPT-Image-Mar-31-2026-06_43_22-PM-760x507.jpg 760w, https:\/\/serbia.com\/wp-content\/uploads\/2026\/03\/ChatGPT-Image-Mar-31-2026-06_43_22-PM-1500x1000.jpg 1500w, https:\/\/serbia.com\/wp-content\/uploads\/2026\/03\/ChatGPT-Image-Mar-31-2026-06_43_22-PM-750x500.jpg 750w, https:\/\/serbia.com\/wp-content\/uploads\/2026\/03\/ChatGPT-Image-Mar-31-2026-06_43_22-PM.jpg 1536w\" sizes=\"auto, (max-width: 1280px) 100vw, 1280px\" \/><figcaption class=\"wp-element-caption\">Seoska hrana<\/figcaption><\/figure>\n\n\n\n<figure class=\"wp-block-image size-large\"><img loading=\"lazy\" decoding=\"async\" width=\"1280\" height=\"853\" data-id=\"66221\" src=\"https:\/\/serbia.com\/wp-content\/uploads\/2026\/03\/ChatGPT-Image-Mar-31-2026-06_24_46-PM-2-1280x853.jpg\" alt=\"\" class=\"wp-image-66221\" srcset=\"https:\/\/serbia.com\/wp-content\/uploads\/2026\/03\/ChatGPT-Image-Mar-31-2026-06_24_46-PM-2-1280x853.jpg 1280w, https:\/\/serbia.com\/wp-content\/uploads\/2026\/03\/ChatGPT-Image-Mar-31-2026-06_24_46-PM-2-300x200.jpg 300w, https:\/\/serbia.com\/wp-content\/uploads\/2026\/03\/ChatGPT-Image-Mar-31-2026-06_24_46-PM-2-768x512.jpg 768w, https:\/\/serbia.com\/wp-content\/uploads\/2026\/03\/ChatGPT-Image-Mar-31-2026-06_24_46-PM-2-760x507.jpg 760w, https:\/\/serbia.com\/wp-content\/uploads\/2026\/03\/ChatGPT-Image-Mar-31-2026-06_24_46-PM-2-1500x1000.jpg 1500w, https:\/\/serbia.com\/wp-content\/uploads\/2026\/03\/ChatGPT-Image-Mar-31-2026-06_24_46-PM-2-750x500.jpg 750w, https:\/\/serbia.com\/wp-content\/uploads\/2026\/03\/ChatGPT-Image-Mar-31-2026-06_24_46-PM-2.jpg 1536w\" sizes=\"auto, (max-width: 1280px) 100vw, 1280px\" \/><figcaption class=\"wp-element-caption\">Kalna<\/figcaption><\/figure>\n\n\n\n<figure class=\"wp-block-image size-large\"><img loading=\"lazy\" decoding=\"async\" width=\"1280\" height=\"853\" data-id=\"65856\" src=\"https:\/\/serbia.com\/wp-content\/uploads\/2026\/03\/ChatGPT-Image-Mar-19-2026-11_11_30-AM-1280x853.jpg\" alt=\"\" class=\"wp-image-65856\" srcset=\"https:\/\/serbia.com\/wp-content\/uploads\/2026\/03\/ChatGPT-Image-Mar-19-2026-11_11_30-AM-1280x853.jpg 1280w, https:\/\/serbia.com\/wp-content\/uploads\/2026\/03\/ChatGPT-Image-Mar-19-2026-11_11_30-AM-300x200.jpg 300w, https:\/\/serbia.com\/wp-content\/uploads\/2026\/03\/ChatGPT-Image-Mar-19-2026-11_11_30-AM-768x512.jpg 768w, https:\/\/serbia.com\/wp-content\/uploads\/2026\/03\/ChatGPT-Image-Mar-19-2026-11_11_30-AM-760x507.jpg 760w, https:\/\/serbia.com\/wp-content\/uploads\/2026\/03\/ChatGPT-Image-Mar-19-2026-11_11_30-AM-1500x1000.jpg 1500w, https:\/\/serbia.com\/wp-content\/uploads\/2026\/03\/ChatGPT-Image-Mar-19-2026-11_11_30-AM-750x500.jpg 750w, https:\/\/serbia.com\/wp-content\/uploads\/2026\/03\/ChatGPT-Image-Mar-19-2026-11_11_30-AM.jpg 1536w\" sizes=\"auto, (max-width: 1280px) 100vw, 1280px\" \/><figcaption class=\"wp-element-caption\">Dulene<\/figcaption><\/figure>\n<\/figure>\n\n\n\n<p class=\"wp-block-paragraph\">Putovanje kroz ruralne krajeve najlep\u0161e je kada mu pristupite sa realnim o\u010dekivanjima. Putevi mogu biti uski, karti\u010dno pla\u0107anje nije svuda mogu\u0107e, a mobilni signal mo\u017ee biti nepouzdan. Zauzvrat, putnici \u010desto pronalaze li\u010dno gostoprimstvo i autenti\u010dan ose\u0107aj mesta koji je te\u0161ko ponoviti u ve\u0107im destinacijama.<\/p>\n\n\n\n<h2 class=\"wp-block-heading\">Savr\u0161en mesec za road trip kroz Srbiju<\/h2>\n\n\n\n<p class=\"wp-block-paragraph\"><strong>U septembru sam put postaje va\u017ean deo do\u017eivljaja.<\/strong> Pejza\u017e se jo\u0161 nije sasvim pretvorio u jesenji, ali usput se pojavljuju prvi znaci promene: po\u017enjevena polja, dublje boje vinograda, magla iznad reka i sve\u017eiji vazduh kada se put popne u planine. Vo\u017enja postaje prijatnija, a zaustavljanje u gradi\u0107u, selu ili restoranu pored puta vi\u0161e ne deluje kao prekid, ve\u0107 kao smisao samog putovanja.<\/p>\n\n\n\n<p class=\"wp-block-paragraph\">Za prvi road trip kroz isto\u010dnu Srbiju pratite Dunav od <strong><a href=\"https:\/\/serbia.com\/srpski\/destination\/golubac\/\" data-type=\"destination\" data-id=\"70618\" target=\"_blank\" rel=\"noreferrer noopener\">Golupca<\/a><\/strong> prema <strong><a href=\"https:\/\/serbia.com\/srpski\/kladovo-dunavska-oaza-na-istoku-srbije\/\" data-type=\"post\" data-id=\"61019\" target=\"_blank\" rel=\"noreferrer noopener\">Kladovu<\/a><\/strong>. Za \u0161ume i jezera pove\u017eite <strong><a href=\"https:\/\/serbia.com\/srpski\/bajina-basta-gde-se-priroda-i-tradicija-stapaju-uz-drinu\/\" data-type=\"post\" data-id=\"59335\" target=\"_blank\" rel=\"noreferrer noopener\">Bajinu Ba\u0161tu<\/a><\/strong>, <strong><a href=\"https:\/\/serbia.com\/srpski\/posetite-srbiju\/prirodne-lepote\/reke-i-jezera\/perucac-raj-za-pecarose\/\" data-type=\"page\" data-id=\"32766\">Per<\/a><a href=\"https:\/\/serbia.com\/srpski\/posetite-srbiju\/prirodne-lepote\/reke-i-jezera\/perucac-raj-za-pecarose\/\" data-type=\"page\" data-id=\"32766\" target=\"_blank\" rel=\"noreferrer noopener\">u<\/a><a href=\"https:\/\/serbia.com\/srpski\/posetite-srbiju\/prirodne-lepote\/reke-i-jezera\/perucac-raj-za-pecarose\/\" data-type=\"page\" data-id=\"32766\">\u0107ac<\/a><\/strong>, <strong><a href=\"https:\/\/serbia.com\/srpski\/destination\/tara\/\" data-type=\"destination\" data-id=\"70655\" target=\"_blank\" rel=\"noreferrer noopener\">Taru<\/a><\/strong> i <strong><a href=\"https:\/\/serbia.com\/srpski\/planinsko-selo-zaovine-tamo-gde-bajka-pocinje\/\" data-type=\"post\" data-id=\"51604\" target=\"_blank\" rel=\"noreferrer noopener\">Zaovine<\/a><\/strong>. Ako vas privla\u010de vino i kultura, krenite od Novog Sada preko <strong><a href=\"https:\/\/serbia.com\/srpski\/posetite-srbiju\/gradovi\/sremski-karlovci-grad-vina-duhovnosti-i-kulture\/\" data-type=\"page\" data-id=\"31575\" target=\"_blank\" rel=\"noreferrer noopener\">Sremskih Karlovaca<\/a><\/strong> i <strong><a href=\"https:\/\/serbia.com\/srpski\/posetite-srbiju\/prirodne-lepote\/planine\/fruska-gora-nekada-ostrvo-danas-planina\/\" data-type=\"page\" data-id=\"32439\" target=\"_blank\" rel=\"noreferrer noopener\">Fru\u0161ke gore<\/a><\/strong> do <strong><a href=\"https:\/\/serbia.com\/srpski\/vrdnik-skriveni-biser-fruske-gore\/\" data-type=\"post\" data-id=\"61617\" target=\"_blank\" rel=\"noreferrer noopener\">Vrdnika<\/a><\/strong>. U <strong><a href=\"https:\/\/serbia.com\/srpski\/istrazujemo-regione-srbije-sumadija\/\" data-type=\"post\" data-id=\"60357\" target=\"_blank\" rel=\"noreferrer noopener\">\u0160umadiji<\/a><\/strong>, <strong><a href=\"https:\/\/serbia.com\/srpski\/topola-kraljevski-grad-istorije-vina-i-zadivljujucih-pogleda\/\" data-type=\"post\" data-id=\"59262\" target=\"_blank\" rel=\"noreferrer noopener\">Topola<\/a><\/strong>, <strong><a href=\"https:\/\/serbia.com\/srpski\/posetite-srbiju\/prirodne-lepote\/jedinstvena-priroda\/oplenac\/\" data-type=\"page\" data-id=\"33189\" target=\"_blank\" rel=\"noreferrer noopener\">Oplenac<\/a><\/strong>, <strong><a href=\"https:\/\/serbia.com\/srpski\/24-sata-u-arandelovcu\/\" data-type=\"post\" data-id=\"42877\" target=\"_blank\" rel=\"noreferrer noopener\">Aran\u0111elovac<\/a><\/strong> i <strong><a href=\"https:\/\/serbia.com\/srpski\/bukulja-savrsen-spoj-zivopisne-prirode-i-bogate-istorije\/\" data-type=\"post\" data-id=\"55136\" target=\"_blank\" rel=\"noreferrer noopener\">Bukulja<\/a><\/strong> \u010dine jednostavnu rutu za jedan ili dva dana.<\/p>\n\n\n\n<figure class=\"wp-block-image size-large\"><img loading=\"lazy\" decoding=\"async\" width=\"1280\" height=\"853\" src=\"https:\/\/serbia.com\/wp-content\/uploads\/2026\/08\/ChatGPT-Image-Aug-25-2026-01_24_12-PM-2-1280x853.png\" alt=\"\" class=\"wp-image-73483\" srcset=\"https:\/\/serbia.com\/wp-content\/uploads\/2026\/08\/ChatGPT-Image-Aug-25-2026-01_24_12-PM-2-1280x853.png 1280w, https:\/\/serbia.com\/wp-content\/uploads\/2026\/08\/ChatGPT-Image-Aug-25-2026-01_24_12-PM-2-300x200.png 300w, https:\/\/serbia.com\/wp-content\/uploads\/2026\/08\/ChatGPT-Image-Aug-25-2026-01_24_12-PM-2-768x512.png 768w, https:\/\/serbia.com\/wp-content\/uploads\/2026\/08\/ChatGPT-Image-Aug-25-2026-01_24_12-PM-2-760x507.png 760w, https:\/\/serbia.com\/wp-content\/uploads\/2026\/08\/ChatGPT-Image-Aug-25-2026-01_24_12-PM-2-1500x1000.png 1500w, https:\/\/serbia.com\/wp-content\/uploads\/2026\/08\/ChatGPT-Image-Aug-25-2026-01_24_12-PM-2-750x500.png 750w, https:\/\/serbia.com\/wp-content\/uploads\/2026\/08\/ChatGPT-Image-Aug-25-2026-01_24_12-PM-2.png 1536w\" sizes=\"auto, (max-width: 1280px) 100vw, 1280px\" \/><figcaption class=\"wp-element-caption\">Road trip krzo Srbiju<\/figcaption><\/figure>\n\n\n\n<p class=\"wp-block-paragraph\">Putnici koji imaju vi\u0161e vremena mogu istra\u017eiti <strong><a href=\"https:\/\/serbia.com\/srpski\/posetite-srbiju\/gradovi\/pirot-mali-grad-sa-dva-velika-srpska-brenda\/\" data-type=\"page\" data-id=\"32326\" target=\"_blank\" rel=\"noreferrer noopener\">Pirot<\/a><\/strong> i sela <strong><a href=\"https:\/\/serbia.com\/srpski\/posetite-srbiju\/prirodne-lepote\/planine\/stara-planina-prirodni-rezervat-u-dve-drzave\/\" data-type=\"page\" data-id=\"32507\" target=\"_blank\" rel=\"noreferrer noopener\">Stare planine<\/a><\/strong>, putovati planinskom prugom kroz <strong><a href=\"https:\/\/serbia.com\/srpski\/destination\/mokra-gora\/\" data-type=\"destination\" data-id=\"70949\" target=\"_blank\" rel=\"noreferrer noopener\">Mokru Goru<\/a><\/strong> ili pre\u0107i preko <strong><a href=\"https:\/\/serbia.com\/srpski\/pesterska-visoravan-divlje-srce-srpskog-sibira\/\" data-type=\"post\" data-id=\"71498\" target=\"_blank\" rel=\"noreferrer noopener\">Pe\u0161terske visoravni<\/a><\/strong> prema <strong><a href=\"https:\/\/serbia.com\/srpski\/destination\/uvac\/\" data-type=\"destination\" data-id=\"70584\" target=\"_blank\" rel=\"noreferrer noopener\">Uvcu<\/a><\/strong> i <strong><a href=\"https:\/\/serbia.com\/srpski\/zlatar-carobni-spoj-mirisnih-livada-i-bistrih-jezera\/\" data-type=\"post\" data-id=\"43684\" target=\"_blank\" rel=\"noreferrer noopener\">Zlataru<\/a><\/strong>.<\/p>\n\n\n\n<p class=\"wp-block-paragraph\">Najbolji septembarski plan ostavlja prostor za neo\u010dekivano. Razdaljine koje na mapi izgledaju male mogu zahtevati vi\u0161e vremena na planinskim i seoskim putevima, dok neplanirani ru\u010dak ili vidikovac mogu postati deo putovanja koji \u0107ete najdu\u017ee pamtiti.<\/p>\n\n\n\n<h2 class=\"wp-block-heading\">Pre nego \u0161to krenete<\/h2>\n\n\n\n<p class=\"wp-block-paragraph\">Spakujte se kao da putujete kroz dva godi\u0161nja doba. Lagana ode\u0107a mo\u017ee biti dovoljna tokom popodneva, ali su jakna, zatvorena obu\u0107a i za\u0161tita od ki\u0161e korisni za sve\u017ea jutra, iznenadne padavine i planinske ve\u010deri.<\/p>\n\n\n\n<p class=\"wp-block-paragraph\">Proverite prognozu ba\u0161 za odredi\u0161te, umesto da se oslanjate na vreme u Beogradu. Direktno potvrdite radno vreme, posete vinarijama, ture brodom i polaske turisti\u010dkih vozova. Pre puta kroz udaljene krajeve preuzmite mape za kori\u0161\u0107enje bez interneta i ponesite ne\u0161to gotovine za manje objekte, parkinge i lokalne usluge.<\/p>\n\n\n\n<p class=\"wp-block-paragraph\">Ako putovanje uklju\u010duje planinarenje, raspitajte se o stanju staza i dostupnoj dnevnoj svetlosti. Septembarski dani su jo\u0161 uvek dovoljno dugi, ali primetno kra\u0107i nego na vrhuncu leta. Najva\u017enije je da plan ne preopteretite velikim brojem stanica. Srbija se \u010desto najbolje otkriva upravo u prostoru izme\u0111u njih &#8211; na krivudavom putu iznad reke, za seoskim stolom ili tokom neplaniranog razgovora u malom gradu.<\/p>\n\n\n\n<h2 class=\"wp-block-heading\">Godi\u0161nje doba izme\u0111u godi\u0161njih doba<\/h2>\n\n\n\n<p class=\"wp-block-paragraph\">Septembar u Srbiji ne zahteva da birate izme\u0111u leta i jeseni.<\/p>\n\n\n\n<p class=\"wp-block-paragraph\">On donosi topla popodneva i sve\u017ea jutra, zelene \u0161ume i prve zlatne listove, \u017eivahne gradske ba\u0161te i mirne planinske ku\u0107e. Reke jo\u0161 uvek odra\u017eavaju letnju svetlost, dok vinogradi i pijace ve\u0107 najavljuju sezonu berbe.<\/p>\n\n\n\n<p class=\"wp-block-paragraph\">Mo\u017eda je ba\u0161 zato ovaj mesec toliko pogodan za putovanja. Ni\u0161ta se jo\u0161 nije potpuno promenilo, a ipak je sve po\u010delo da se menja.<\/p>\n\n\n\n<p class=\"wp-block-paragraph\">Do\u0111ite zbog mirnijih puteva, prijatnijeg vremena i pejza\u017ea izme\u0111u dva godi\u0161nja doba. Ostanite dovoljno dugo i mo\u017eda \u0107ete otkriti da septembar nije samo dobar trenutak za posetu Srbiji &#8211; ve\u0107 mo\u017eda i najbolji.<\/p>\n","protected":false},"excerpt":{"rendered":"<p>Topli dani, mirniji putevi, berbe gro\u017e\u0111a i prvi nagove\u0161taji jeseni \u010dine septembar jednim od najlep\u0161ih perioda za otkrivanje Srbije. Leto se mo\u017eda zvani\u010dno bli\u017ei kraju, ali sezona putovanja kroz Srbiju [&hellip;]<\/p>\n","protected":false},"author":27,"featured_media":73574,"comment_status":"open","ping_status":"closed","sticky":false,"template":"","format":"standard","meta":{"_acf_changed":false,"inline_featured_image":false,"_monsterinsights_skip_tracking":false,"footnotes":""},"categories":[2818],"tags":[],"region":[],"class_list":["post-73572","post","type-post","status-publish","format-standard","has-post-thumbnail","hentry","category-poseti-srbiju"],"acf":[],"yoast_head":"<!-- This site is optimized with the Yoast SEO plugin v28.2 - https:\/\/yoast.com\/product\/yoast-seo-wordpress\/ -->\n<title>Za\u0161to je septembar mo\u017eda najbolji mesec za istra\u017eivanje Srbije - Serbia.com<\/title>\n<meta name=\"description\" content=\"Otkrijte za\u0161to je septembar jedan od najboljih meseci za putovanje kroz Srbiju - uz tople dane, manje gu\u017eve, berbe, planinarenje i sezonske ukuse.\" \/>\n<meta name=\"robots\" content=\"index, follow, max-snippet:-1, max-image-preview:large, max-video-preview:-1\" \/>\n<link rel=\"canonical\" href=\"https:\/\/serbia.com\/srpski\/zasto-je-septembar-mozda-najbolji-mesec-za-istrazivanje-srbije\/\" \/>\n<meta property=\"og:locale\" content=\"en_US\" \/>\n<meta property=\"og:type\" content=\"article\" \/>\n<meta property=\"og:title\" content=\"Za\u0161to je septembar mo\u017eda najbolji mesec za istra\u017eivanje Srbije - Serbia.com\" \/>\n<meta property=\"og:description\" content=\"Otkrijte za\u0161to je septembar jedan od najboljih meseci za putovanje kroz Srbiju - uz tople dane, manje gu\u017eve, berbe, planinarenje i sezonske ukuse.\" \/>\n<meta property=\"og:url\" content=\"https:\/\/serbia.com\/srpski\/zasto-je-septembar-mozda-najbolji-mesec-za-istrazivanje-srbije\/\" \/>\n<meta property=\"og:site_name\" content=\"Serbia.com\" \/>\n<meta property=\"article:published_time\" content=\"2026-08-31T14:00:22+00:00\" \/>\n<meta property=\"article:modified_time\" content=\"2026-08-31T14:00:24+00:00\" \/>\n<meta property=\"og:image\" content=\"https:\/\/serbia.com\/wp-content\/uploads\/2026\/08\/ChatGPT-Image-Aug-31-2026-11_17_03-AM-2-e1788184756859-1280x391.png\" \/>\n\t<meta property=\"og:image:width\" content=\"1280\" \/>\n\t<meta property=\"og:image:height\" content=\"391\" \/>\n\t<meta property=\"og:image:type\" content=\"image\/png\" \/>\n<meta name=\"author\" content=\"Ivona Lekan\" \/>\n<meta name=\"twitter:label1\" content=\"Written by\" \/>\n\t<meta name=\"twitter:data1\" content=\"Ivona Lekan\" \/>\n\t<meta name=\"twitter:label2\" content=\"Est. reading time\" \/>\n\t<meta name=\"twitter:data2\" content=\"13 minutes\" \/>\n<script type=\"application\/ld+json\" class=\"yoast-schema-graph\">{\"@context\":\"https:\\\/\\\/schema.org\",\"@graph\":[{\"@type\":\"Article\",\"@id\":\"https:\\\/\\\/serbia.com\\\/srpski\\\/zasto-je-septembar-mozda-najbolji-mesec-za-istrazivanje-srbije\\\/#article\",\"isPartOf\":{\"@id\":\"https:\\\/\\\/serbia.com\\\/srpski\\\/zasto-je-septembar-mozda-najbolji-mesec-za-istrazivanje-srbije\\\/\"},\"author\":{\"name\":\"Ivona Lekan\",\"@id\":\"https:\\\/\\\/serbia.com\\\/#\\\/schema\\\/person\\\/954f6599db4406bd5f2e8384659bdc33\"},\"headline\":\"Za\u0161to je septembar mo\u017eda najbolji mesec za istra\u017eivanje Srbije\",\"datePublished\":\"2026-08-31T14:00:22+00:00\",\"dateModified\":\"2026-08-31T14:00:24+00:00\",\"mainEntityOfPage\":{\"@id\":\"https:\\\/\\\/serbia.com\\\/srpski\\\/zasto-je-septembar-mozda-najbolji-mesec-za-istrazivanje-srbije\\\/\"},\"wordCount\":2082,\"commentCount\":0,\"image\":{\"@id\":\"https:\\\/\\\/serbia.com\\\/srpski\\\/zasto-je-septembar-mozda-najbolji-mesec-za-istrazivanje-srbije\\\/#primaryimage\"},\"thumbnailUrl\":\"https:\\\/\\\/serbia.com\\\/wp-content\\\/uploads\\\/2026\\\/08\\\/ChatGPT-Image-Aug-31-2026-11_17_03-AM-2-e1788184756859.png\",\"articleSection\":[\"Poseti Srbiju\"],\"inLanguage\":\"srpski\",\"potentialAction\":[{\"@type\":\"CommentAction\",\"name\":\"Comment\",\"target\":[\"https:\\\/\\\/serbia.com\\\/srpski\\\/zasto-je-septembar-mozda-najbolji-mesec-za-istrazivanje-srbije\\\/#respond\"]}]},{\"@type\":\"WebPage\",\"@id\":\"https:\\\/\\\/serbia.com\\\/srpski\\\/zasto-je-septembar-mozda-najbolji-mesec-za-istrazivanje-srbije\\\/\",\"url\":\"https:\\\/\\\/serbia.com\\\/srpski\\\/zasto-je-septembar-mozda-najbolji-mesec-za-istrazivanje-srbije\\\/\",\"name\":\"Za\u0161to je septembar mo\u017eda najbolji mesec za istra\u017eivanje Srbije - Serbia.com\",\"isPartOf\":{\"@id\":\"https:\\\/\\\/serbia.com\\\/#website\"},\"primaryImageOfPage\":{\"@id\":\"https:\\\/\\\/serbia.com\\\/srpski\\\/zasto-je-septembar-mozda-najbolji-mesec-za-istrazivanje-srbije\\\/#primaryimage\"},\"image\":{\"@id\":\"https:\\\/\\\/serbia.com\\\/srpski\\\/zasto-je-septembar-mozda-najbolji-mesec-za-istrazivanje-srbije\\\/#primaryimage\"},\"thumbnailUrl\":\"https:\\\/\\\/serbia.com\\\/wp-content\\\/uploads\\\/2026\\\/08\\\/ChatGPT-Image-Aug-31-2026-11_17_03-AM-2-e1788184756859.png\",\"datePublished\":\"2026-08-31T14:00:22+00:00\",\"dateModified\":\"2026-08-31T14:00:24+00:00\",\"author\":{\"@id\":\"https:\\\/\\\/serbia.com\\\/#\\\/schema\\\/person\\\/954f6599db4406bd5f2e8384659bdc33\"},\"description\":\"Otkrijte za\u0161to je septembar jedan od najboljih meseci za putovanje kroz Srbiju - uz tople dane, manje gu\u017eve, berbe, planinarenje i sezonske ukuse.\",\"breadcrumb\":{\"@id\":\"https:\\\/\\\/serbia.com\\\/srpski\\\/zasto-je-septembar-mozda-najbolji-mesec-za-istrazivanje-srbije\\\/#breadcrumb\"},\"inLanguage\":\"srpski\",\"potentialAction\":[{\"@type\":\"ReadAction\",\"target\":[\"https:\\\/\\\/serbia.com\\\/srpski\\\/zasto-je-septembar-mozda-najbolji-mesec-za-istrazivanje-srbije\\\/\"]}]},{\"@type\":\"ImageObject\",\"inLanguage\":\"srpski\",\"@id\":\"https:\\\/\\\/serbia.com\\\/srpski\\\/zasto-je-septembar-mozda-najbolji-mesec-za-istrazivanje-srbije\\\/#primaryimage\",\"url\":\"https:\\\/\\\/serbia.com\\\/wp-content\\\/uploads\\\/2026\\\/08\\\/ChatGPT-Image-Aug-31-2026-11_17_03-AM-2-e1788184756859.png\",\"contentUrl\":\"https:\\\/\\\/serbia.com\\\/wp-content\\\/uploads\\\/2026\\\/08\\\/ChatGPT-Image-Aug-31-2026-11_17_03-AM-2-e1788184756859.png\",\"width\":1670,\"height\":510},{\"@type\":\"BreadcrumbList\",\"@id\":\"https:\\\/\\\/serbia.com\\\/srpski\\\/zasto-je-septembar-mozda-najbolji-mesec-za-istrazivanje-srbije\\\/#breadcrumb\",\"itemListElement\":[{\"@type\":\"ListItem\",\"position\":1,\"name\":\"Home\",\"item\":\"https:\\\/\\\/serbia.com\\\/srpski\\\/srbija\\\/\"},{\"@type\":\"ListItem\",\"position\":2,\"name\":\"Za\u0161to je septembar mo\u017eda najbolji mesec za istra\u017eivanje Srbije\"}]},{\"@type\":\"WebSite\",\"@id\":\"https:\\\/\\\/serbia.com\\\/#website\",\"url\":\"https:\\\/\\\/serbia.com\\\/\",\"name\":\"Serbia.com\",\"description\":\"Your Gateway to Serbia\",\"potentialAction\":[{\"@type\":\"SearchAction\",\"target\":{\"@type\":\"EntryPoint\",\"urlTemplate\":\"https:\\\/\\\/serbia.com\\\/?s={search_term_string}\"},\"query-input\":{\"@type\":\"PropertyValueSpecification\",\"valueRequired\":true,\"valueName\":\"search_term_string\"}}],\"inLanguage\":\"srpski\"},{\"@type\":\"Person\",\"@id\":\"https:\\\/\\\/serbia.com\\\/#\\\/schema\\\/person\\\/954f6599db4406bd5f2e8384659bdc33\",\"name\":\"Ivona Lekan\",\"image\":{\"@type\":\"ImageObject\",\"inLanguage\":\"srpski\",\"@id\":\"https:\\\/\\\/secure.gravatar.com\\\/avatar\\\/ad516503a11cd5ca435acc9bb6523536?s=96\",\"url\":\"https:\\\/\\\/secure.gravatar.com\\\/avatar\\\/ad516503a11cd5ca435acc9bb6523536?s=96\",\"contentUrl\":\"https:\\\/\\\/secure.gravatar.com\\\/avatar\\\/ad516503a11cd5ca435acc9bb6523536?s=96\",\"caption\":\"Ivona Lekan\"},\"url\":\"https:\\\/\\\/serbia.com\\\/srpski\\\/author\\\/ivondivine\\\/\"}]}<\/script>\n<!-- \/ Yoast SEO plugin. -->","yoast_head_json":{"title":"Za\u0161to je septembar mo\u017eda najbolji mesec za istra\u017eivanje Srbije - Serbia.com","description":"Otkrijte za\u0161to je septembar jedan od najboljih meseci za putovanje kroz Srbiju - uz tople dane, manje gu\u017eve, berbe, planinarenje i sezonske ukuse.","robots":{"index":"index","follow":"follow","max-snippet":"max-snippet:-1","max-image-preview":"max-image-preview:large","max-video-preview":"max-video-preview:-1"},"canonical":"https:\/\/serbia.com\/srpski\/zasto-je-septembar-mozda-najbolji-mesec-za-istrazivanje-srbije\/","og_locale":"en_US","og_type":"article","og_title":"Za\u0161to je septembar mo\u017eda najbolji mesec za istra\u017eivanje Srbije - Serbia.com","og_description":"Otkrijte za\u0161to je septembar jedan od najboljih meseci za putovanje kroz Srbiju - uz tople dane, manje gu\u017eve, berbe, planinarenje i sezonske ukuse.","og_url":"https:\/\/serbia.com\/srpski\/zasto-je-septembar-mozda-najbolji-mesec-za-istrazivanje-srbije\/","og_site_name":"Serbia.com","article_published_time":"2026-08-31T14:00:22+00:00","article_modified_time":"2026-08-31T14:00:24+00:00","og_image":[{"width":1280,"height":391,"url":"https:\/\/serbia.com\/wp-content\/uploads\/2026\/08\/ChatGPT-Image-Aug-31-2026-11_17_03-AM-2-e1788184756859-1280x391.png","type":"image\/png"}],"author":"Ivona Lekan","twitter_misc":{"Written by":"Ivona Lekan","Est. reading time":"13 minutes"},"schema":{"@context":"https:\/\/schema.org","@graph":[{"@type":"Article","@id":"https:\/\/serbia.com\/srpski\/zasto-je-septembar-mozda-najbolji-mesec-za-istrazivanje-srbije\/#article","isPartOf":{"@id":"https:\/\/serbia.com\/srpski\/zasto-je-septembar-mozda-najbolji-mesec-za-istrazivanje-srbije\/"},"author":{"name":"Ivona Lekan","@id":"https:\/\/serbia.com\/#\/schema\/person\/954f6599db4406bd5f2e8384659bdc33"},"headline":"Za\u0161to je septembar mo\u017eda najbolji mesec za istra\u017eivanje Srbije","datePublished":"2026-08-31T14:00:22+00:00","dateModified":"2026-08-31T14:00:24+00:00","mainEntityOfPage":{"@id":"https:\/\/serbia.com\/srpski\/zasto-je-septembar-mozda-najbolji-mesec-za-istrazivanje-srbije\/"},"wordCount":2082,"commentCount":0,"image":{"@id":"https:\/\/serbia.com\/srpski\/zasto-je-septembar-mozda-najbolji-mesec-za-istrazivanje-srbije\/#primaryimage"},"thumbnailUrl":"https:\/\/serbia.com\/wp-content\/uploads\/2026\/08\/ChatGPT-Image-Aug-31-2026-11_17_03-AM-2-e1788184756859.png","articleSection":["Poseti Srbiju"],"inLanguage":"srpski","potentialAction":[{"@type":"CommentAction","name":"Comment","target":["https:\/\/serbia.com\/srpski\/zasto-je-septembar-mozda-najbolji-mesec-za-istrazivanje-srbije\/#respond"]}]},{"@type":"WebPage","@id":"https:\/\/serbia.com\/srpski\/zasto-je-septembar-mozda-najbolji-mesec-za-istrazivanje-srbije\/","url":"https:\/\/serbia.com\/srpski\/zasto-je-septembar-mozda-najbolji-mesec-za-istrazivanje-srbije\/","name":"Za\u0161to je septembar mo\u017eda najbolji mesec za istra\u017eivanje Srbije - Serbia.com","isPartOf":{"@id":"https:\/\/serbia.com\/#website"},"primaryImageOfPage":{"@id":"https:\/\/serbia.com\/srpski\/zasto-je-septembar-mozda-najbolji-mesec-za-istrazivanje-srbije\/#primaryimage"},"image":{"@id":"https:\/\/serbia.com\/srpski\/zasto-je-septembar-mozda-najbolji-mesec-za-istrazivanje-srbije\/#primaryimage"},"thumbnailUrl":"https:\/\/serbia.com\/wp-content\/uploads\/2026\/08\/ChatGPT-Image-Aug-31-2026-11_17_03-AM-2-e1788184756859.png","datePublished":"2026-08-31T14:00:22+00:00","dateModified":"2026-08-31T14:00:24+00:00","author":{"@id":"https:\/\/serbia.com\/#\/schema\/person\/954f6599db4406bd5f2e8384659bdc33"},"description":"Otkrijte za\u0161to je septembar jedan od najboljih meseci za putovanje kroz Srbiju - uz tople dane, manje gu\u017eve, berbe, planinarenje i sezonske ukuse.","breadcrumb":{"@id":"https:\/\/serbia.com\/srpski\/zasto-je-septembar-mozda-najbolji-mesec-za-istrazivanje-srbije\/#breadcrumb"},"inLanguage":"srpski","potentialAction":[{"@type":"ReadAction","target":["https:\/\/serbia.com\/srpski\/zasto-je-septembar-mozda-najbolji-mesec-za-istrazivanje-srbije\/"]}]},{"@type":"ImageObject","inLanguage":"srpski","@id":"https:\/\/serbia.com\/srpski\/zasto-je-septembar-mozda-najbolji-mesec-za-istrazivanje-srbije\/#primaryimage","url":"https:\/\/serbia.com\/wp-content\/uploads\/2026\/08\/ChatGPT-Image-Aug-31-2026-11_17_03-AM-2-e1788184756859.png","contentUrl":"https:\/\/serbia.com\/wp-content\/uploads\/2026\/08\/ChatGPT-Image-Aug-31-2026-11_17_03-AM-2-e1788184756859.png","width":1670,"height":510},{"@type":"BreadcrumbList","@id":"https:\/\/serbia.com\/srpski\/zasto-je-septembar-mozda-najbolji-mesec-za-istrazivanje-srbije\/#breadcrumb","itemListElement":[{"@type":"ListItem","position":1,"name":"Home","item":"https:\/\/serbia.com\/srpski\/srbija\/"},{"@type":"ListItem","position":2,"name":"Za\u0161to je septembar mo\u017eda najbolji mesec za istra\u017eivanje Srbije"}]},{"@type":"WebSite","@id":"https:\/\/serbia.com\/#website","url":"https:\/\/serbia.com\/","name":"Serbia.com","description":"Your Gateway to Serbia","potentialAction":[{"@type":"SearchAction","target":{"@type":"EntryPoint","urlTemplate":"https:\/\/serbia.com\/?s={search_term_string}"},"query-input":{"@type":"PropertyValueSpecification","valueRequired":true,"valueName":"search_term_string"}}],"inLanguage":"srpski"},{"@type":"Person","@id":"https:\/\/serbia.com\/#\/schema\/person\/954f6599db4406bd5f2e8384659bdc33","name":"Ivona Lekan","image":{"@type":"ImageObject","inLanguage":"srpski","@id":"https:\/\/secure.gravatar.com\/avatar\/ad516503a11cd5ca435acc9bb6523536?s=96","url":"https:\/\/secure.gravatar.com\/avatar\/ad516503a11cd5ca435acc9bb6523536?s=96","contentUrl":"https:\/\/secure.gravatar.com\/avatar\/ad516503a11cd5ca435acc9bb6523536?s=96","caption":"Ivona Lekan"},"url":"https:\/\/serbia.com\/srpski\/author\/ivondivine\/"}]}},"brizy_media":[],"_links":{"self":[{"href":"https:\/\/serbia.com\/srpski\/wp-json\/wp\/v2\/posts\/73572","targetHints":{"allow":["GET"]}}],"collection":[{"href":"https:\/\/serbia.com\/srpski\/wp-json\/wp\/v2\/posts"}],"about":[{"href":"https:\/\/serbia.com\/srpski\/wp-json\/wp\/v2\/types\/post"}],"author":[{"embeddable":true,"href":"https:\/\/serbia.com\/srpski\/wp-json\/wp\/v2\/users\/27"}],"replies":[{"embeddable":true,"href":"https:\/\/serbia.com\/srpski\/wp-json\/wp\/v2\/comments?post=73572"}],"version-history":[{"count":1,"href":"https:\/\/serbia.com\/srpski\/wp-json\/wp\/v2\/posts\/73572\/revisions"}],"predecessor-version":[{"id":73575,"href":"https:\/\/serbia.com\/srpski\/wp-json\/wp\/v2\/posts\/73572\/revisions\/73575"}],"wp:featuredmedia":[{"embeddable":true,"href":"https:\/\/serbia.com\/srpski\/wp-json\/wp\/v2\/media\/73574"}],"wp:attachment":[{"href":"https:\/\/serbia.com\/srpski\/wp-json\/wp\/v2\/media?parent=73572"}],"wp:term":[{"taxonomy":"category","embeddable":true,"href":"https:\/\/serbia.com\/srpski\/wp-json\/wp\/v2\/categories?post=73572"},{"taxonomy":"post_tag","embeddable":true,"href":"https:\/\/serbia.com\/srpski\/wp-json\/wp\/v2\/tags?post=73572"},{"taxonomy":"region","embeddable":true,"href":"https:\/\/serbia.com\/srpski\/wp-json\/wp\/v2\/region?post=73572"}],"curies":[{"name":"wp","href":"https:\/\/api.w.org\/{rel}","templated":true}]}}