{"id":69944,"date":"2026-05-03T11:12:36","date_gmt":"2026-05-03T09:12:36","guid":{"rendered":"https:\/\/serbia.com\/?p=69944"},"modified":"2026-05-03T11:12:38","modified_gmt":"2026-05-03T09:12:38","slug":"deliblatska-pescara-neocekivani-prolecni-pejzazi-srbije","status":"publish","type":"post","link":"https:\/\/serbia.com\/srpski\/deliblatska-pescara-neocekivani-prolecni-pejzazi-srbije\/","title":{"rendered":"Deliblatska pe\u0161\u010dara: Neo\u010dekivani prole\u0107ni pejza\u017ei Srbije"},"content":{"rendered":"\n<p><em>Poznata i kao \u201eevropska Sahara\u201c, Deliblatska pe\u0161\u010dara tokom kasnog prole\u0107a otkriva potpuno druga\u010dije lice. U maju se ovaj veliki prostor pe\u0161\u010danih dina, travnatih predela, \u0161uma i otvorenih ravnica pretvara u jedno od najneobi\u010dnijih mesta za istra\u017eivanje u Srbiji. Umesto suvih i vrelih pejza\u017ea koje mnogi povezuju sa pe\u0161\u010darama, kasno prole\u0107e donosi spoj zelenila, zlatnih tonova peska i mirnih prostranstava koja se prote\u017eu kroz ju\u017eni Banat.<\/em><\/p>\n\n\n\n<p>Sme\u0161tena u <strong><a href=\"https:\/\/serbia.com\/srpski\/istrazujemo-delove-srbije-vojvodina\/\" type=\"post\" id=\"60302\" target=\"_blank\" rel=\"noreferrer noopener\">Vojvodini<\/a><\/strong>, <strong><a href=\"https:\/\/serbia.com\/srpski\/posetite-srbiju\/prirodne-lepote\/jedinstvena-priroda\/deliblatska-pescara-evropska-sahara\/\" type=\"page\" id=\"33251\" target=\"_blank\" rel=\"noreferrer noopener\">Deliblatska pe\u0161\u010dara<\/a><\/strong> predstavlja<strong> jedan od najve\u0107ih pe\u0161\u010danih predela u Evropi<\/strong> i jedno od najposebnijih prirodnih podru\u010dja Srbije. Tokom maja temperature su prijatne za istra\u017eivanje, dok pejza\u017e postaje \u017eiv zahvaljuju\u0107i gustoj <strong>vegetaciji, pticama i divljem rastinju<\/strong> koje se pojavljuje \u0161irom dina i travnatih povr\u0161ina.<\/p>\n\n\n\n<h2 class=\"wp-block-heading\">Za\u0161to posetiti Deliblatsku pe\u0161\u010daru ba\u0161 u maju<\/h2>\n\n\n\n<p>Kasno prole\u0107e jedan je od najboljih perioda za obilazak <strong><a href=\"https:\/\/serbia.com\/srpski\/posetite-srbiju\/prirodne-lepote\/jedinstvena-priroda\/deliblatska-pescara-evropska-sahara\/\" type=\"page\" id=\"33251\" target=\"_blank\" rel=\"noreferrer noopener\">Deliblatske pe\u0161\u010dare<\/a><\/strong>. Tokom leta temperature na pe\u0161\u010danim predelima mogu biti veoma visoke, dok maj pru\u017ea idealne uslove za <strong>\u0161etnje, biciklizam, fotografisanje i du\u017ei boravak u prirodi.<\/strong><\/p>\n\n\n\n<figure class=\"wp-block-image size-large\"><img loading=\"lazy\" decoding=\"async\" width=\"1280\" height=\"720\" src=\"https:\/\/serbia.com\/wp-content\/uploads\/2025\/05\/1599px-Deliblatska_pescara_kanal_Dunav-Tisa-Dunav-edited-1280x720.jpg\" alt=\"\" class=\"wp-image-60287\" srcset=\"https:\/\/serbia.com\/wp-content\/uploads\/2025\/05\/1599px-Deliblatska_pescara_kanal_Dunav-Tisa-Dunav-edited-1280x720.jpg 1280w, https:\/\/serbia.com\/wp-content\/uploads\/2025\/05\/1599px-Deliblatska_pescara_kanal_Dunav-Tisa-Dunav-edited-300x169.jpg 300w, https:\/\/serbia.com\/wp-content\/uploads\/2025\/05\/1599px-Deliblatska_pescara_kanal_Dunav-Tisa-Dunav-edited-768x432.jpg 768w, https:\/\/serbia.com\/wp-content\/uploads\/2025\/05\/1599px-Deliblatska_pescara_kanal_Dunav-Tisa-Dunav-edited-1536x865.jpg 1536w, https:\/\/serbia.com\/wp-content\/uploads\/2025\/05\/1599px-Deliblatska_pescara_kanal_Dunav-Tisa-Dunav-edited-760x428.jpg 760w, https:\/\/serbia.com\/wp-content\/uploads\/2025\/05\/1599px-Deliblatska_pescara_kanal_Dunav-Tisa-Dunav-edited-888x500.jpg 888w, https:\/\/serbia.com\/wp-content\/uploads\/2025\/05\/1599px-Deliblatska_pescara_kanal_Dunav-Tisa-Dunav-edited.jpg 1599w\" sizes=\"auto, (max-width: 1280px) 100vw, 1280px\" \/><figcaption class=\"wp-element-caption\">Deliblatska pe\u0161\u010dara, Petkovic Boris, CC BY-SA 4.0\u00a0<a href=\"https:\/\/creativecommons.org\/licenses\/by-sa\/4.0\">https:\/\/creativecommons.org\/licenses\/by-sa\/4.0<\/a>, via Wikimedia Commons<\/figcaption><\/figure>\n\n\n\n<p>Ovo je period kada kontrast izme\u0111u peska i zelenila izgleda posebno impresivno. \u0160ume posa\u0111ene kroz pe\u0161\u010daru smenjuju se sa otvorenim pe\u0161\u010danim delovima i travnatim dinama, <strong>stvaraju\u0107i pejza\u017ee koji deluju potpuno druga\u010dije od ostatka Srbije.<\/strong> Jutarnje i ve\u010dernje svetlo tokom prole\u0107a dodatno poja\u010dava atmosferu ovog kraja.<\/p>\n\n\n\n<h2 class=\"wp-block-heading\">\u0160ta videti u Deliblatskoj pe\u0161\u010dari<\/h2>\n\n\n\n<p>Jedna od najzanimljivijih karakteristika <strong><a href=\"https:\/\/serbia.com\/srpski\/posetite-srbiju\/prirodne-lepote\/jedinstvena-priroda\/deliblatska-pescara-evropska-sahara\/\" type=\"page\" id=\"33251\" target=\"_blank\" rel=\"noreferrer noopener\">Deliblatske pe\u0161\u010dare<\/a><\/strong> jeste <strong>raznolikost pejza\u017ea koji se smenjuju unutar samog rezervata.<\/strong> Otvoreni pe\u0161\u010dani predeli iznenada prelaze u \u0161ume, travnate ravnice i mirne staze okru\u017eene specifi\u010dnom vegetacijom prilago\u0111enom ovom retkom ekosistemu.<\/p>\n\n\n\n<p>Jedno od najneobi\u010dnijih mesta u \u0161irem podru\u010dju predstavljaju <strong><a href=\"https:\/\/serbia.com\/srpski\/zagajicka-brda-savrsen-prolecni-beg-u-prirodu\/\" type=\"post\" id=\"58655\" target=\"_blank\" rel=\"noreferrer noopener\">Zagaji\u010dka brda<\/a><\/strong>. Ova brda koja se iznenada uzdi\u017eu iznad ravnog banatskog pejza\u017ea stvaraju prizore koji deluju gotovo nestvarno usred beskrajne vojvo\u0111anske ravnice. Tokom maja brda postaju intenzivno zelena, prekrivena travom i poljskim cve\u0107em, dok vidikovci otkrivaju \u0161iroke panorame ju\u017enog Banata i Deliblatske pe\u0161\u010dare.<\/p>\n\n\n\n<figure class=\"wp-block-image size-large\"><img loading=\"lazy\" decoding=\"async\" width=\"1280\" height=\"853\" src=\"https:\/\/serbia.com\/wp-content\/uploads\/2026\/05\/Untitled-2250-x-1500-px-82-1280x853.jpg\" alt=\"\" class=\"wp-image-69940\" srcset=\"https:\/\/serbia.com\/wp-content\/uploads\/2026\/05\/Untitled-2250-x-1500-px-82-1280x853.jpg 1280w, https:\/\/serbia.com\/wp-content\/uploads\/2026\/05\/Untitled-2250-x-1500-px-82-300x200.jpg 300w, https:\/\/serbia.com\/wp-content\/uploads\/2026\/05\/Untitled-2250-x-1500-px-82-768x512.jpg 768w, https:\/\/serbia.com\/wp-content\/uploads\/2026\/05\/Untitled-2250-x-1500-px-82-1536x1024.jpg 1536w, https:\/\/serbia.com\/wp-content\/uploads\/2026\/05\/Untitled-2250-x-1500-px-82-2048x1365.jpg 2048w, https:\/\/serbia.com\/wp-content\/uploads\/2026\/05\/Untitled-2250-x-1500-px-82-760x507.jpg 760w, https:\/\/serbia.com\/wp-content\/uploads\/2026\/05\/Untitled-2250-x-1500-px-82-1500x1000.jpg 1500w, https:\/\/serbia.com\/wp-content\/uploads\/2026\/05\/Untitled-2250-x-1500-px-82-750x500.jpg 750w\" sizes=\"auto, (max-width: 1280px) 100vw, 1280px\" \/><figcaption class=\"wp-element-caption\">Zagaji\u010dka brda<\/figcaption><\/figure>\n\n\n\n<p>Ovaj region poznat je i po bogatom \u017eivotinjskom svetu i velikom broju ptica, zbog \u010dega je posebno zanimljiv ljubiteljima prirode i posmatra\u010dima ptica tokom prole\u0107nih migracija. Ose\u0107aj prostranstva i ti\u0161ine postaje deo samog iskustva &#8211; duge prazne staze, udaljeni horizonti i pejza\u017ei oblikovani vetrom i peskom vekovima.<\/p>\n\n\n\n<figure class=\"wp-block-image size-large\"><img loading=\"lazy\" decoding=\"async\" width=\"1280\" height=\"850\" src=\"https:\/\/serbia.com\/wp-content\/uploads\/2026\/05\/Deliblatska_pescara_Susara-1280x850.jpg\" alt=\"\" class=\"wp-image-69941\" srcset=\"https:\/\/serbia.com\/wp-content\/uploads\/2026\/05\/Deliblatska_pescara_Susara-1280x850.jpg 1280w, https:\/\/serbia.com\/wp-content\/uploads\/2026\/05\/Deliblatska_pescara_Susara-300x199.jpg 300w, https:\/\/serbia.com\/wp-content\/uploads\/2026\/05\/Deliblatska_pescara_Susara-768x510.jpg 768w, https:\/\/serbia.com\/wp-content\/uploads\/2026\/05\/Deliblatska_pescara_Susara-1536x1020.jpg 1536w, https:\/\/serbia.com\/wp-content\/uploads\/2026\/05\/Deliblatska_pescara_Susara-760x505.jpg 760w, https:\/\/serbia.com\/wp-content\/uploads\/2026\/05\/Deliblatska_pescara_Susara-1506x1000.jpg 1506w, https:\/\/serbia.com\/wp-content\/uploads\/2026\/05\/Deliblatska_pescara_Susara-753x500.jpg 753w, https:\/\/serbia.com\/wp-content\/uploads\/2026\/05\/Deliblatska_pescara_Susara.jpg 1920w\" sizes=\"auto, (max-width: 1280px) 100vw, 1280px\" \/><figcaption class=\"wp-element-caption\">Deliblatska pe\u0161\u010dara, Petkovic Boris, CC BY-SA 4.0\u00a0<a href=\"https:\/\/creativecommons.org\/licenses\/by-sa\/4.0\">https:\/\/creativecommons.org\/licenses\/by-sa\/4.0<\/a>, via Wikimedia Commons<\/figcaption><\/figure>\n\n\n\n<p>Obli\u017enja sela i \u0161iri prostor Banata dodatno oboga\u0107uju putovanje.<strong> Tradicionalna vojvo\u0111anska sela, lokalna hrana i sporiji ritam \u017eivota <\/strong>stvaraju atmosferu potpuno druga\u010diju od planinskih predela koji se naj\u010de\u0161\u0107e povezuju sa Srbijom.<\/p>\n\n\n\n<h2 class=\"wp-block-heading\">Aktivnosti i \u0161ta raditi<\/h2>\n\n\n\n<p><strong><a href=\"https:\/\/serbia.com\/srpski\/posetite-srbiju\/prirodne-lepote\/jedinstvena-priroda\/deliblatska-pescara-evropska-sahara\/\" type=\"page\" id=\"33251\" target=\"_blank\" rel=\"noreferrer noopener\">Deliblatska pe\u0161\u010dara<\/a><\/strong> <strong>idealna je za aktivnosti u prirodi tokom maja<\/strong>. Pe\u0161a\u010dke i biciklisti\u010dke staze prolaze kroz razli\u010dite delove rezervata, omogu\u0107avaju\u0107i posetiocima da tokom jednog dana do\u017eive potpuno razli\u010dite pejza\u017ee.<\/p>\n\n\n\n<p>Fotografisanje je posebno zanimljivo tokom kasnog prole\u0107a, kada se zelenilo sudara sa pe\u0161\u010danim terenima i \u0161irokim otvorenim nebom. Izlasci i zalasci sunca stvaraju dramati\u010dno svetlo preko dina, \u0161uma i <strong><a href=\"https:\/\/serbia.com\/srpski\/zagajicka-brda-savrsen-prolecni-beg-u-prirodu\/\" type=\"post\" id=\"58655\" target=\"_blank\" rel=\"noreferrer noopener\">Zagaji\u010dkih brda<\/a><\/strong>, daju\u0107i ovom kraju gotovo filmski izgled.<\/p>\n\n\n\n<figure class=\"wp-block-image size-large\"><img loading=\"lazy\" decoding=\"async\" width=\"1280\" height=\"853\" src=\"https:\/\/serbia.com\/wp-content\/uploads\/2026\/05\/Untitled-2250-x-1500-px-83-1280x853.jpg\" alt=\"\" class=\"wp-image-69942\" srcset=\"https:\/\/serbia.com\/wp-content\/uploads\/2026\/05\/Untitled-2250-x-1500-px-83-1280x853.jpg 1280w, https:\/\/serbia.com\/wp-content\/uploads\/2026\/05\/Untitled-2250-x-1500-px-83-300x200.jpg 300w, https:\/\/serbia.com\/wp-content\/uploads\/2026\/05\/Untitled-2250-x-1500-px-83-768x512.jpg 768w, https:\/\/serbia.com\/wp-content\/uploads\/2026\/05\/Untitled-2250-x-1500-px-83-1536x1024.jpg 1536w, https:\/\/serbia.com\/wp-content\/uploads\/2026\/05\/Untitled-2250-x-1500-px-83-2048x1365.jpg 2048w, https:\/\/serbia.com\/wp-content\/uploads\/2026\/05\/Untitled-2250-x-1500-px-83-760x507.jpg 760w, https:\/\/serbia.com\/wp-content\/uploads\/2026\/05\/Untitled-2250-x-1500-px-83-1500x1000.jpg 1500w, https:\/\/serbia.com\/wp-content\/uploads\/2026\/05\/Untitled-2250-x-1500-px-83-750x500.jpg 750w\" sizes=\"auto, (max-width: 1280px) 100vw, 1280px\" \/><figcaption class=\"wp-element-caption\">Zagaji\u010dka brda<\/figcaption><\/figure>\n\n\n\n<p>Ovo je i savr\u0161ena destinacija za one koji tra\u017ee mirniji boravak u prirodi. Za razliku od popularnijih planinskih centara Srbije, <strong><a href=\"https:\/\/serbia.com\/srpski\/posetite-srbiju\/prirodne-lepote\/jedinstvena-priroda\/deliblatska-pescara-evropska-sahara\/\" type=\"page\" id=\"33251\" target=\"_blank\" rel=\"noreferrer noopener\">Deliblatska pe\u0161\u010dara<\/a><\/strong> \u010desto deluje izolovano i tiho, \u0161to je \u010dini idealnom za sporija putovanja i du\u017ei boravak napolju.<\/p>\n\n\n\n<h2 class=\"wp-block-heading\">Pejza\u017ei kakvi ne postoje nigde drugde u Srbiji<\/h2>\n\n\n\n<p><strong><a href=\"https:\/\/serbia.com\/srpski\/posetite-srbiju\/prirodne-lepote\/jedinstvena-priroda\/deliblatska-pescara-evropska-sahara\/\" type=\"page\" id=\"33251\" target=\"_blank\" rel=\"noreferrer noopener\">Deliblatska pe\u0161\u010dara<\/a><\/strong> ostaje jedno od najneobi\u010dnijih prirodnih podru\u010dja u zemlji. Spoj pe\u0161\u010danih dina, \u0161uma, otvorenih ravnica i za\u0161ti\u0107enih ekosistema stvara pejza\u017ee koji deluju potpuno druga\u010dije od slike Srbije kakvu ve\u0107ina putnika o\u010dekuje.<\/p>\n\n\n\n<figure class=\"wp-block-image size-large\"><img loading=\"lazy\" decoding=\"async\" width=\"1280\" height=\"960\" src=\"https:\/\/serbia.com\/wp-content\/uploads\/2026\/02\/Deliblato_Sands_3-1280x960.jpg\" alt=\"\" class=\"wp-image-65474\" srcset=\"https:\/\/serbia.com\/wp-content\/uploads\/2026\/02\/Deliblato_Sands_3-1280x960.jpg 1280w, https:\/\/serbia.com\/wp-content\/uploads\/2026\/02\/Deliblato_Sands_3-300x225.jpg 300w, https:\/\/serbia.com\/wp-content\/uploads\/2026\/02\/Deliblato_Sands_3-768x576.jpg 768w, https:\/\/serbia.com\/wp-content\/uploads\/2026\/02\/Deliblato_Sands_3-1536x1152.jpg 1536w, https:\/\/serbia.com\/wp-content\/uploads\/2026\/02\/Deliblato_Sands_3-760x570.jpg 760w, https:\/\/serbia.com\/wp-content\/uploads\/2026\/02\/Deliblato_Sands_3-1333x1000.jpg 1333w, https:\/\/serbia.com\/wp-content\/uploads\/2026\/02\/Deliblato_Sands_3-667x500.jpg 667w, https:\/\/serbia.com\/wp-content\/uploads\/2026\/02\/Deliblato_Sands_3.jpg 1920w\" sizes=\"auto, (max-width: 1280px) 100vw, 1280px\" \/><figcaption class=\"wp-element-caption\">Deliblatska pe\u0161\u010dara, The zdep, CC BY-SA 4.0\u00a0<a href=\"https:\/\/creativecommons.org\/licenses\/by-sa\/4.0\">https:\/\/creativecommons.org\/licenses\/by-sa\/4.0<\/a>, via Wikimedia Commons<\/figcaption><\/figure>\n\n\n\n<p>Tokom maja, kada su temperature blage, a priroda potpuno o\u017eivi, ovaj skriveni deo <strong><a href=\"https:\/\/serbia.com\/srpski\/istrazujemo-delove-srbije-vojvodina\/\" type=\"post\" id=\"60302\" target=\"_blank\" rel=\"noreferrer noopener\">Vojvodine<\/a><\/strong> postaje jedno od najboljih mesta za otkrivanje druga\u010dijeg, divljeg i neo\u010dekivano lepog lica Srbije.<\/p>\n","protected":false},"excerpt":{"rendered":"<p>Poznata i kao \u201eevropska Sahara\u201c, Deliblatska pe\u0161\u010dara tokom kasnog prole\u0107a otkriva potpuno druga\u010dije lice. U maju se ovaj veliki prostor pe\u0161\u010danih dina, travnatih predela, \u0161uma i otvorenih ravnica pretvara u [&hellip;]<\/p>\n","protected":false},"author":27,"featured_media":69946,"comment_status":"open","ping_status":"closed","sticky":false,"template":"","format":"standard","meta":{"_acf_changed":false,"inline_featured_image":false,"_monsterinsights_skip_tracking":false,"_monsterinsights_sitenote_active":false,"_monsterinsights_sitenote_note":"","_monsterinsights_sitenote_category":0,"footnotes":""},"categories":[1661,1653],"tags":[],"class_list":["post-69944","post","type-post","status-publish","format-standard","has-post-thumbnail","hentry","category-jedinstvena-priroda-prirodne-lepote-sta-posetiti","category-prirodne-lepote-sta-posetiti"],"acf":[],"yoast_head":"<!-- This site is optimized with the Yoast SEO plugin v27.4 - https:\/\/yoast.com\/product\/yoast-seo-wordpress\/ -->\n<title>Deliblatska pe\u0161\u010dara: Neo\u010dekivani prole\u0107ni pejza\u017ei Srbije - Serbia.com<\/title>\n<meta name=\"description\" content=\"Otkrijte Deliblatsku pe\u0161\u010daru u maju - pe\u0161\u010dane dine, Zagaji\u010dka brda, zelene pejza\u017ee, biciklisti\u010dke staze i jedno od najneobi\u010dnijih prirodnih mesta u Srbiji.\" \/>\n<meta name=\"robots\" content=\"index, follow, max-snippet:-1, max-image-preview:large, max-video-preview:-1\" \/>\n<link rel=\"canonical\" href=\"https:\/\/serbia.com\/srpski\/deliblatska-pescara-neocekivani-prolecni-pejzazi-srbije\/\" \/>\n<meta property=\"og:locale\" content=\"en_US\" \/>\n<meta property=\"og:type\" content=\"article\" \/>\n<meta property=\"og:title\" content=\"Deliblatska pe\u0161\u010dara: Neo\u010dekivani prole\u0107ni pejza\u017ei Srbije - Serbia.com\" \/>\n<meta property=\"og:description\" content=\"Otkrijte Deliblatsku pe\u0161\u010daru u maju - pe\u0161\u010dane dine, Zagaji\u010dka brda, zelene pejza\u017ee, biciklisti\u010dke staze i jedno od najneobi\u010dnijih prirodnih mesta u Srbiji.\" \/>\n<meta property=\"og:url\" content=\"https:\/\/serbia.com\/srpski\/deliblatska-pescara-neocekivani-prolecni-pejzazi-srbije\/\" \/>\n<meta property=\"og:site_name\" content=\"Serbia.com\" \/>\n<meta property=\"article:published_time\" content=\"2026-05-03T09:12:36+00:00\" \/>\n<meta property=\"article:modified_time\" content=\"2026-05-03T09:12:38+00:00\" \/>\n<meta property=\"og:image\" content=\"https:\/\/serbia.com\/wp-content\/uploads\/2026\/05\/Untitled-2250-x-1500-px-81-2-e1777799371428.jpg\" \/>\n\t<meta property=\"og:image:width\" content=\"2250\" \/>\n\t<meta property=\"og:image:height\" content=\"860\" \/>\n\t<meta property=\"og:image:type\" content=\"image\/jpeg\" \/>\n<meta name=\"author\" content=\"Ivona Lekan\" \/>\n<meta name=\"twitter:label1\" content=\"Written by\" \/>\n\t<meta name=\"twitter:data1\" content=\"Ivona Lekan\" \/>\n\t<meta name=\"twitter:label2\" content=\"Est. reading time\" \/>\n\t<meta name=\"twitter:data2\" content=\"4 minutes\" \/>\n<script type=\"application\/ld+json\" class=\"yoast-schema-graph\">{\"@context\":\"https:\\\/\\\/schema.org\",\"@graph\":[{\"@type\":\"Article\",\"@id\":\"https:\\\/\\\/serbia.com\\\/srpski\\\/deliblatska-pescara-neocekivani-prolecni-pejzazi-srbije\\\/#article\",\"isPartOf\":{\"@id\":\"https:\\\/\\\/serbia.com\\\/srpski\\\/deliblatska-pescara-neocekivani-prolecni-pejzazi-srbije\\\/\"},\"author\":{\"name\":\"Ivona Lekan\",\"@id\":\"https:\\\/\\\/serbia.com\\\/#\\\/schema\\\/person\\\/954f6599db4406bd5f2e8384659bdc33\"},\"headline\":\"Deliblatska pe\u0161\u010dara: Neo\u010dekivani prole\u0107ni pejza\u017ei Srbije\",\"datePublished\":\"2026-05-03T09:12:36+00:00\",\"dateModified\":\"2026-05-03T09:12:38+00:00\",\"mainEntityOfPage\":{\"@id\":\"https:\\\/\\\/serbia.com\\\/srpski\\\/deliblatska-pescara-neocekivani-prolecni-pejzazi-srbije\\\/\"},\"wordCount\":699,\"commentCount\":0,\"image\":{\"@id\":\"https:\\\/\\\/serbia.com\\\/srpski\\\/deliblatska-pescara-neocekivani-prolecni-pejzazi-srbije\\\/#primaryimage\"},\"thumbnailUrl\":\"https:\\\/\\\/serbia.com\\\/wp-content\\\/uploads\\\/2026\\\/05\\\/Untitled-2250-x-1500-px-81-2-e1777799371428.jpg\",\"articleSection\":[\"Jedinstvena priroda\",\"Prirodne lepote\"],\"inLanguage\":\"srpski\",\"potentialAction\":[{\"@type\":\"CommentAction\",\"name\":\"Comment\",\"target\":[\"https:\\\/\\\/serbia.com\\\/srpski\\\/deliblatska-pescara-neocekivani-prolecni-pejzazi-srbije\\\/#respond\"]}]},{\"@type\":\"WebPage\",\"@id\":\"https:\\\/\\\/serbia.com\\\/srpski\\\/deliblatska-pescara-neocekivani-prolecni-pejzazi-srbije\\\/\",\"url\":\"https:\\\/\\\/serbia.com\\\/srpski\\\/deliblatska-pescara-neocekivani-prolecni-pejzazi-srbije\\\/\",\"name\":\"Deliblatska pe\u0161\u010dara: Neo\u010dekivani prole\u0107ni pejza\u017ei Srbije - Serbia.com\",\"isPartOf\":{\"@id\":\"https:\\\/\\\/serbia.com\\\/#website\"},\"primaryImageOfPage\":{\"@id\":\"https:\\\/\\\/serbia.com\\\/srpski\\\/deliblatska-pescara-neocekivani-prolecni-pejzazi-srbije\\\/#primaryimage\"},\"image\":{\"@id\":\"https:\\\/\\\/serbia.com\\\/srpski\\\/deliblatska-pescara-neocekivani-prolecni-pejzazi-srbije\\\/#primaryimage\"},\"thumbnailUrl\":\"https:\\\/\\\/serbia.com\\\/wp-content\\\/uploads\\\/2026\\\/05\\\/Untitled-2250-x-1500-px-81-2-e1777799371428.jpg\",\"datePublished\":\"2026-05-03T09:12:36+00:00\",\"dateModified\":\"2026-05-03T09:12:38+00:00\",\"author\":{\"@id\":\"https:\\\/\\\/serbia.com\\\/#\\\/schema\\\/person\\\/954f6599db4406bd5f2e8384659bdc33\"},\"description\":\"Otkrijte Deliblatsku pe\u0161\u010daru u maju - pe\u0161\u010dane dine, Zagaji\u010dka brda, zelene pejza\u017ee, biciklisti\u010dke staze i jedno od najneobi\u010dnijih prirodnih mesta u Srbiji.\",\"breadcrumb\":{\"@id\":\"https:\\\/\\\/serbia.com\\\/srpski\\\/deliblatska-pescara-neocekivani-prolecni-pejzazi-srbije\\\/#breadcrumb\"},\"inLanguage\":\"srpski\",\"potentialAction\":[{\"@type\":\"ReadAction\",\"target\":[\"https:\\\/\\\/serbia.com\\\/srpski\\\/deliblatska-pescara-neocekivani-prolecni-pejzazi-srbije\\\/\"]}]},{\"@type\":\"ImageObject\",\"inLanguage\":\"srpski\",\"@id\":\"https:\\\/\\\/serbia.com\\\/srpski\\\/deliblatska-pescara-neocekivani-prolecni-pejzazi-srbije\\\/#primaryimage\",\"url\":\"https:\\\/\\\/serbia.com\\\/wp-content\\\/uploads\\\/2026\\\/05\\\/Untitled-2250-x-1500-px-81-2-e1777799371428.jpg\",\"contentUrl\":\"https:\\\/\\\/serbia.com\\\/wp-content\\\/uploads\\\/2026\\\/05\\\/Untitled-2250-x-1500-px-81-2-e1777799371428.jpg\",\"width\":2250,\"height\":860},{\"@type\":\"BreadcrumbList\",\"@id\":\"https:\\\/\\\/serbia.com\\\/srpski\\\/deliblatska-pescara-neocekivani-prolecni-pejzazi-srbije\\\/#breadcrumb\",\"itemListElement\":[{\"@type\":\"ListItem\",\"position\":1,\"name\":\"Home\",\"item\":\"https:\\\/\\\/serbia.com\\\/srpski\\\/\"},{\"@type\":\"ListItem\",\"position\":2,\"name\":\"Deliblatska pe\u0161\u010dara: Neo\u010dekivani prole\u0107ni pejza\u017ei Srbije\"}]},{\"@type\":\"WebSite\",\"@id\":\"https:\\\/\\\/serbia.com\\\/#website\",\"url\":\"https:\\\/\\\/serbia.com\\\/\",\"name\":\"Serbia.com\",\"description\":\"Your Gateway to Serbia\",\"potentialAction\":[{\"@type\":\"SearchAction\",\"target\":{\"@type\":\"EntryPoint\",\"urlTemplate\":\"https:\\\/\\\/serbia.com\\\/?s={search_term_string}\"},\"query-input\":{\"@type\":\"PropertyValueSpecification\",\"valueRequired\":true,\"valueName\":\"search_term_string\"}}],\"inLanguage\":\"srpski\"},{\"@type\":\"Person\",\"@id\":\"https:\\\/\\\/serbia.com\\\/#\\\/schema\\\/person\\\/954f6599db4406bd5f2e8384659bdc33\",\"name\":\"Ivona Lekan\",\"image\":{\"@type\":\"ImageObject\",\"inLanguage\":\"srpski\",\"@id\":\"https:\\\/\\\/secure.gravatar.com\\\/avatar\\\/4eba414fa53ccc3824d6c0254e6c3425ccdebeb4c72580208b23386c071b50b2?s=96&d=mm&r=g\",\"url\":\"https:\\\/\\\/secure.gravatar.com\\\/avatar\\\/4eba414fa53ccc3824d6c0254e6c3425ccdebeb4c72580208b23386c071b50b2?s=96&d=mm&r=g\",\"contentUrl\":\"https:\\\/\\\/secure.gravatar.com\\\/avatar\\\/4eba414fa53ccc3824d6c0254e6c3425ccdebeb4c72580208b23386c071b50b2?s=96&d=mm&r=g\",\"caption\":\"Ivona Lekan\"},\"url\":\"https:\\\/\\\/serbia.com\\\/srpski\\\/author\\\/ivondivine\\\/\"}]}<\/script>\n<!-- \/ Yoast SEO plugin. -->","yoast_head_json":{"title":"Deliblatska pe\u0161\u010dara: Neo\u010dekivani prole\u0107ni pejza\u017ei Srbije - Serbia.com","description":"Otkrijte Deliblatsku pe\u0161\u010daru u maju - pe\u0161\u010dane dine, Zagaji\u010dka brda, zelene pejza\u017ee, biciklisti\u010dke staze i jedno od najneobi\u010dnijih prirodnih mesta u Srbiji.","robots":{"index":"index","follow":"follow","max-snippet":"max-snippet:-1","max-image-preview":"max-image-preview:large","max-video-preview":"max-video-preview:-1"},"canonical":"https:\/\/serbia.com\/srpski\/deliblatska-pescara-neocekivani-prolecni-pejzazi-srbije\/","og_locale":"en_US","og_type":"article","og_title":"Deliblatska pe\u0161\u010dara: Neo\u010dekivani prole\u0107ni pejza\u017ei Srbije - Serbia.com","og_description":"Otkrijte Deliblatsku pe\u0161\u010daru u maju - pe\u0161\u010dane dine, Zagaji\u010dka brda, zelene pejza\u017ee, biciklisti\u010dke staze i jedno od najneobi\u010dnijih prirodnih mesta u Srbiji.","og_url":"https:\/\/serbia.com\/srpski\/deliblatska-pescara-neocekivani-prolecni-pejzazi-srbije\/","og_site_name":"Serbia.com","article_published_time":"2026-05-03T09:12:36+00:00","article_modified_time":"2026-05-03T09:12:38+00:00","og_image":[{"width":2250,"height":860,"url":"https:\/\/serbia.com\/wp-content\/uploads\/2026\/05\/Untitled-2250-x-1500-px-81-2-e1777799371428.jpg","type":"image\/jpeg"}],"author":"Ivona Lekan","twitter_misc":{"Written by":"Ivona Lekan","Est. reading time":"4 minutes"},"schema":{"@context":"https:\/\/schema.org","@graph":[{"@type":"Article","@id":"https:\/\/serbia.com\/srpski\/deliblatska-pescara-neocekivani-prolecni-pejzazi-srbije\/#article","isPartOf":{"@id":"https:\/\/serbia.com\/srpski\/deliblatska-pescara-neocekivani-prolecni-pejzazi-srbije\/"},"author":{"name":"Ivona Lekan","@id":"https:\/\/serbia.com\/#\/schema\/person\/954f6599db4406bd5f2e8384659bdc33"},"headline":"Deliblatska pe\u0161\u010dara: Neo\u010dekivani prole\u0107ni pejza\u017ei Srbije","datePublished":"2026-05-03T09:12:36+00:00","dateModified":"2026-05-03T09:12:38+00:00","mainEntityOfPage":{"@id":"https:\/\/serbia.com\/srpski\/deliblatska-pescara-neocekivani-prolecni-pejzazi-srbije\/"},"wordCount":699,"commentCount":0,"image":{"@id":"https:\/\/serbia.com\/srpski\/deliblatska-pescara-neocekivani-prolecni-pejzazi-srbije\/#primaryimage"},"thumbnailUrl":"https:\/\/serbia.com\/wp-content\/uploads\/2026\/05\/Untitled-2250-x-1500-px-81-2-e1777799371428.jpg","articleSection":["Jedinstvena priroda","Prirodne lepote"],"inLanguage":"srpski","potentialAction":[{"@type":"CommentAction","name":"Comment","target":["https:\/\/serbia.com\/srpski\/deliblatska-pescara-neocekivani-prolecni-pejzazi-srbije\/#respond"]}]},{"@type":"WebPage","@id":"https:\/\/serbia.com\/srpski\/deliblatska-pescara-neocekivani-prolecni-pejzazi-srbije\/","url":"https:\/\/serbia.com\/srpski\/deliblatska-pescara-neocekivani-prolecni-pejzazi-srbije\/","name":"Deliblatska pe\u0161\u010dara: Neo\u010dekivani prole\u0107ni pejza\u017ei Srbije - Serbia.com","isPartOf":{"@id":"https:\/\/serbia.com\/#website"},"primaryImageOfPage":{"@id":"https:\/\/serbia.com\/srpski\/deliblatska-pescara-neocekivani-prolecni-pejzazi-srbije\/#primaryimage"},"image":{"@id":"https:\/\/serbia.com\/srpski\/deliblatska-pescara-neocekivani-prolecni-pejzazi-srbije\/#primaryimage"},"thumbnailUrl":"https:\/\/serbia.com\/wp-content\/uploads\/2026\/05\/Untitled-2250-x-1500-px-81-2-e1777799371428.jpg","datePublished":"2026-05-03T09:12:36+00:00","dateModified":"2026-05-03T09:12:38+00:00","author":{"@id":"https:\/\/serbia.com\/#\/schema\/person\/954f6599db4406bd5f2e8384659bdc33"},"description":"Otkrijte Deliblatsku pe\u0161\u010daru u maju - pe\u0161\u010dane dine, Zagaji\u010dka brda, zelene pejza\u017ee, biciklisti\u010dke staze i jedno od najneobi\u010dnijih prirodnih mesta u Srbiji.","breadcrumb":{"@id":"https:\/\/serbia.com\/srpski\/deliblatska-pescara-neocekivani-prolecni-pejzazi-srbije\/#breadcrumb"},"inLanguage":"srpski","potentialAction":[{"@type":"ReadAction","target":["https:\/\/serbia.com\/srpski\/deliblatska-pescara-neocekivani-prolecni-pejzazi-srbije\/"]}]},{"@type":"ImageObject","inLanguage":"srpski","@id":"https:\/\/serbia.com\/srpski\/deliblatska-pescara-neocekivani-prolecni-pejzazi-srbije\/#primaryimage","url":"https:\/\/serbia.com\/wp-content\/uploads\/2026\/05\/Untitled-2250-x-1500-px-81-2-e1777799371428.jpg","contentUrl":"https:\/\/serbia.com\/wp-content\/uploads\/2026\/05\/Untitled-2250-x-1500-px-81-2-e1777799371428.jpg","width":2250,"height":860},{"@type":"BreadcrumbList","@id":"https:\/\/serbia.com\/srpski\/deliblatska-pescara-neocekivani-prolecni-pejzazi-srbije\/#breadcrumb","itemListElement":[{"@type":"ListItem","position":1,"name":"Home","item":"https:\/\/serbia.com\/srpski\/"},{"@type":"ListItem","position":2,"name":"Deliblatska pe\u0161\u010dara: Neo\u010dekivani prole\u0107ni pejza\u017ei Srbije"}]},{"@type":"WebSite","@id":"https:\/\/serbia.com\/#website","url":"https:\/\/serbia.com\/","name":"Serbia.com","description":"Your Gateway to Serbia","potentialAction":[{"@type":"SearchAction","target":{"@type":"EntryPoint","urlTemplate":"https:\/\/serbia.com\/?s={search_term_string}"},"query-input":{"@type":"PropertyValueSpecification","valueRequired":true,"valueName":"search_term_string"}}],"inLanguage":"srpski"},{"@type":"Person","@id":"https:\/\/serbia.com\/#\/schema\/person\/954f6599db4406bd5f2e8384659bdc33","name":"Ivona Lekan","image":{"@type":"ImageObject","inLanguage":"srpski","@id":"https:\/\/secure.gravatar.com\/avatar\/4eba414fa53ccc3824d6c0254e6c3425ccdebeb4c72580208b23386c071b50b2?s=96&d=mm&r=g","url":"https:\/\/secure.gravatar.com\/avatar\/4eba414fa53ccc3824d6c0254e6c3425ccdebeb4c72580208b23386c071b50b2?s=96&d=mm&r=g","contentUrl":"https:\/\/secure.gravatar.com\/avatar\/4eba414fa53ccc3824d6c0254e6c3425ccdebeb4c72580208b23386c071b50b2?s=96&d=mm&r=g","caption":"Ivona Lekan"},"url":"https:\/\/serbia.com\/srpski\/author\/ivondivine\/"}]}},"brizy_media":[],"_links":{"self":[{"href":"https:\/\/serbia.com\/srpski\/wp-json\/wp\/v2\/posts\/69944","targetHints":{"allow":["GET"]}}],"collection":[{"href":"https:\/\/serbia.com\/srpski\/wp-json\/wp\/v2\/posts"}],"about":[{"href":"https:\/\/serbia.com\/srpski\/wp-json\/wp\/v2\/types\/post"}],"author":[{"embeddable":true,"href":"https:\/\/serbia.com\/srpski\/wp-json\/wp\/v2\/users\/27"}],"replies":[{"embeddable":true,"href":"https:\/\/serbia.com\/srpski\/wp-json\/wp\/v2\/comments?post=69944"}],"version-history":[{"count":1,"href":"https:\/\/serbia.com\/srpski\/wp-json\/wp\/v2\/posts\/69944\/revisions"}],"predecessor-version":[{"id":69947,"href":"https:\/\/serbia.com\/srpski\/wp-json\/wp\/v2\/posts\/69944\/revisions\/69947"}],"wp:featuredmedia":[{"embeddable":true,"href":"https:\/\/serbia.com\/srpski\/wp-json\/wp\/v2\/media\/69946"}],"wp:attachment":[{"href":"https:\/\/serbia.com\/srpski\/wp-json\/wp\/v2\/media?parent=69944"}],"wp:term":[{"taxonomy":"category","embeddable":true,"href":"https:\/\/serbia.com\/srpski\/wp-json\/wp\/v2\/categories?post=69944"},{"taxonomy":"post_tag","embeddable":true,"href":"https:\/\/serbia.com\/srpski\/wp-json\/wp\/v2\/tags?post=69944"}],"curies":[{"name":"wp","href":"https:\/\/api.w.org\/{rel}","templated":true}]}}