{"id":69922,"date":"2026-05-02T11:45:11","date_gmt":"2026-05-02T09:45:11","guid":{"rendered":"https:\/\/serbia.com\/?p=69922"},"modified":"2026-05-02T11:45:13","modified_gmt":"2026-05-02T09:45:13","slug":"zasto-je-maj-savrseno-vreme-za-posetu-taorskim-vrelima-i-povlenu","status":"publish","type":"post","link":"https:\/\/serbia.com\/srpski\/zasto-je-maj-savrseno-vreme-za-posetu-taorskim-vrelima-i-povlenu\/","title":{"rendered":"Za\u0161to je maj savr\u0161eno vreme za posetu Taorskim vrelima i Povlenu"},"content":{"rendered":"\n<p><em>Skrivena ispod \u0161umovitih padina planine Povlen u zapadnoj Srbiji, Taorska vrela tokom kasnog prole\u0107a postaju jedno od najlep\u0161ih prirodnih mesta za beg u ti\u0161inu i netaknutu prirodu. U maju su izvori puni vode nakon prole\u0107nih ki\u0161a, potoci se spu\u0161taju preko kamenih terasa, dok okolne \u0161ume postaju intenzivno zelene. Ceo pejza\u017e tada deluje sve\u017ee, mirno i gotovo zaboravljeno od vremena &#8211; daleko od gu\u017evi i komercijalnih planinskih centara.<\/em><\/p>\n\n\n\n<p>Ovo je mesto koje se ne do\u017eivljava na brzinu. Ovde nema velikih hotela, glasnih sadr\u017eaja i turisti\u010dke u\u017eurbanosti. Umesto toga, <strong><a href=\"https:\/\/serbia.com\/srpski\/taorska-vrela-najbolji-prolecni-beg-u-zapadnu-srbiju\/\" type=\"post\" id=\"58615\" target=\"_blank\" rel=\"noreferrer noopener\">Taorska vrela<\/a><\/strong> nude zvuk vode, uske \u0161umske staze, planinski vazduh i prirodu koja deluje gotovo netaknuto. Upravo tokom maja, kada priroda dostigne svoj vrhunac, ovaj deo <strong><a href=\"https:\/\/serbia.com\/srpski\/istrazujemo-regione-srbije-zapadna-srbija\/\" type=\"post\" id=\"60405\" target=\"_blank\" rel=\"noreferrer noopener\">zapadne Srbije<\/a><\/strong> postaje <strong>idealan za sporija putovanja i vikende provedene u prirodi.<\/strong><\/p>\n\n\n\n<h2 class=\"wp-block-heading\">Za\u0161to posetiti Taorska vrela ba\u0161 u maju<\/h2>\n\n\n\n<p>Kasno prole\u0107e je bez sumnje jedan od najboljih perioda za obilazak <strong><a href=\"https:\/\/serbia.com\/srpski\/taorska-vrela-najbolji-prolecni-beg-u-zapadnu-srbiju\/\" type=\"post\" id=\"58615\" target=\"_blank\" rel=\"noreferrer noopener\">Taorskih vrela<\/a><\/strong> i \u0161ireg podru\u010dja <strong><a href=\"https:\/\/serbia.com\/srpski\/povlen-misticna-planina-zapadne-srbije\/\" type=\"post\" id=\"62091\" target=\"_blank\" rel=\"noreferrer noopener\">Povlena<\/a><\/strong>. Nakon prole\u0107nih ki\u0161a, izvori i mali slapovi postaju znatno sna\u017eniji nego tokom leta, <strong>stvaraju\u0107i kaskade koje tada izgledaju posebno impresivno. <\/strong>Mahovinom prekriveno kamenje, gusta vegetacija i livade pune zelenila daju ovom mestu gotovo nestvarnu atmosferu tokom maja.<\/p>\n\n\n\n<figure class=\"wp-block-image size-large\"><img loading=\"lazy\" decoding=\"async\" width=\"1280\" height=\"852\" src=\"https:\/\/serbia.com\/wp-content\/uploads\/2025\/03\/1600px-Taorska_vrela-1280x852.jpg\" alt=\"\" class=\"wp-image-58609\" srcset=\"https:\/\/serbia.com\/wp-content\/uploads\/2025\/03\/1600px-Taorska_vrela-1280x852.jpg 1280w, https:\/\/serbia.com\/wp-content\/uploads\/2025\/03\/1600px-Taorska_vrela-300x200.jpg 300w, https:\/\/serbia.com\/wp-content\/uploads\/2025\/03\/1600px-Taorska_vrela-768x511.jpg 768w, https:\/\/serbia.com\/wp-content\/uploads\/2025\/03\/1600px-Taorska_vrela-1536x1022.jpg 1536w, https:\/\/serbia.com\/wp-content\/uploads\/2025\/03\/1600px-Taorska_vrela-760x506.jpg 760w, https:\/\/serbia.com\/wp-content\/uploads\/2025\/03\/1600px-Taorska_vrela-1502x1000.jpg 1502w, https:\/\/serbia.com\/wp-content\/uploads\/2025\/03\/1600px-Taorska_vrela-751x500.jpg 751w, https:\/\/serbia.com\/wp-content\/uploads\/2025\/03\/1600px-Taorska_vrela.jpg 1600w\" sizes=\"auto, (max-width: 1280px) 100vw, 1280px\" \/><figcaption class=\"wp-element-caption\">Taorska vrela, Vera Bukvic, CC BY-SA 4.0\u00a0<a href=\"https:\/\/creativecommons.org\/licenses\/by-sa\/4.0\">https:\/\/creativecommons.org\/licenses\/by-sa\/4.0<\/a>, via Wikimedia Commons<\/figcaption><\/figure>\n\n\n\n<p>Temperature u ovom periodu <strong>idealne su za boravak napolju.<\/strong> Vazduh je sve\u017e, \u0161umske staze prijatne za duge \u0161etnje, dok guste \u0161ume Povlena pru\u017eaju prirodan hlad i mir. Za razliku od letnjih meseci, kada mnoge destinacije u Srbiji postaju preplavljene turistima, ovaj kraj i dalje zadr\u017eava ose\u0107aj ti\u0161ine i skrivenosti.<\/p>\n\n\n\n<h2 class=\"wp-block-heading\">\u0160ta videti na Taorskim vrelima<\/h2>\n\n\n\n<p>Glavna atrakcija ovog podru\u010dja jesu<strong> izvori i potoci koji se spu\u0161taju kroz \u0161umski pejza\u017e preko prirodnih kamenih terasa. <\/strong>Voda formira male slapove i bazene okru\u017eene gustom vegetacijom, dok zvuk reke i hladovina drve\u0107a stvaraju ose\u0107aj potpunog mira. Upravo u prole\u0107e, kada je protok vode najja\u010di, Taorska vrela izgledaju najimpresivnije.<\/p>\n\n\n\n<figure class=\"wp-block-image size-large\"><img loading=\"lazy\" decoding=\"async\" width=\"1280\" height=\"854\" src=\"https:\/\/serbia.com\/wp-content\/uploads\/2026\/05\/Taorska_vrela_2-1280x854.jpg\" alt=\"\" class=\"wp-image-69917\" srcset=\"https:\/\/serbia.com\/wp-content\/uploads\/2026\/05\/Taorska_vrela_2-1280x854.jpg 1280w, https:\/\/serbia.com\/wp-content\/uploads\/2026\/05\/Taorska_vrela_2-300x200.jpg 300w, https:\/\/serbia.com\/wp-content\/uploads\/2026\/05\/Taorska_vrela_2-768x512.jpg 768w, https:\/\/serbia.com\/wp-content\/uploads\/2026\/05\/Taorska_vrela_2-1536x1025.jpg 1536w, https:\/\/serbia.com\/wp-content\/uploads\/2026\/05\/Taorska_vrela_2-760x507.jpg 760w, https:\/\/serbia.com\/wp-content\/uploads\/2026\/05\/Taorska_vrela_2-1499x1000.jpg 1499w, https:\/\/serbia.com\/wp-content\/uploads\/2026\/05\/Taorska_vrela_2-749x500.jpg 749w, https:\/\/serbia.com\/wp-content\/uploads\/2026\/05\/Taorska_vrela_2.jpg 1920w\" sizes=\"auto, (max-width: 1280px) 100vw, 1280px\" \/><figcaption class=\"wp-element-caption\">Taorska vrela, \u00a0Bukvic1985, CC BY-SA 4.0\u00a0<a href=\"https:\/\/creativecommons.org\/licenses\/by-sa\/4.0\">https:\/\/creativecommons.org\/licenses\/by-sa\/4.0<\/a>, via Wikimedia Commons<br><\/figcaption><\/figure>\n\n\n\n<p>Ni sam <strong><a href=\"https:\/\/serbia.com\/srpski\/povlen-misticna-planina-zapadne-srbije\/\" type=\"post\" id=\"62091\" target=\"_blank\" rel=\"noreferrer noopener\">Povlen<\/a><\/strong> ne zaostaje po lepoti. Talasasti planinski predeli, \u0161umski putevi, livade i mala sela rasuta po obroncima planine stvaraju pejza\u017ee koji deluju daleko od modernog ritma \u017eivota. Vo\u017enja kroz ovaj deo <strong><a href=\"https:\/\/serbia.com\/srpski\/istrazujemo-regione-srbije-zapadna-srbija\/\" type=\"post\" id=\"60405\" target=\"_blank\" rel=\"noreferrer noopener\">zapadne Srbije<\/a><\/strong> tokom maja postaje deo samog iskustva, posebno kada se magla zadr\u017ei iznad \u0161uma i dolina u jutarnjim satima.<\/p>\n\n\n\n<figure class=\"wp-block-image size-large\"><img loading=\"lazy\" decoding=\"async\" width=\"1280\" height=\"960\" src=\"https:\/\/serbia.com\/wp-content\/uploads\/2026\/05\/Povlen_-_zapadna_Srbija_-_mesto_Zarozije_-_Na_putu_ka_Crvenim_stjena_-_Seosko_domacinstvo_2-1280x960.jpg\" alt=\"\" class=\"wp-image-69918\" srcset=\"https:\/\/serbia.com\/wp-content\/uploads\/2026\/05\/Povlen_-_zapadna_Srbija_-_mesto_Zarozije_-_Na_putu_ka_Crvenim_stjena_-_Seosko_domacinstvo_2-1280x960.jpg 1280w, https:\/\/serbia.com\/wp-content\/uploads\/2026\/05\/Povlen_-_zapadna_Srbija_-_mesto_Zarozije_-_Na_putu_ka_Crvenim_stjena_-_Seosko_domacinstvo_2-300x225.jpg 300w, https:\/\/serbia.com\/wp-content\/uploads\/2026\/05\/Povlen_-_zapadna_Srbija_-_mesto_Zarozije_-_Na_putu_ka_Crvenim_stjena_-_Seosko_domacinstvo_2-768x576.jpg 768w, https:\/\/serbia.com\/wp-content\/uploads\/2026\/05\/Povlen_-_zapadna_Srbija_-_mesto_Zarozije_-_Na_putu_ka_Crvenim_stjena_-_Seosko_domacinstvo_2-1536x1152.jpg 1536w, https:\/\/serbia.com\/wp-content\/uploads\/2026\/05\/Povlen_-_zapadna_Srbija_-_mesto_Zarozije_-_Na_putu_ka_Crvenim_stjena_-_Seosko_domacinstvo_2-760x570.jpg 760w, https:\/\/serbia.com\/wp-content\/uploads\/2026\/05\/Povlen_-_zapadna_Srbija_-_mesto_Zarozije_-_Na_putu_ka_Crvenim_stjena_-_Seosko_domacinstvo_2-1333x1000.jpg 1333w, https:\/\/serbia.com\/wp-content\/uploads\/2026\/05\/Povlen_-_zapadna_Srbija_-_mesto_Zarozije_-_Na_putu_ka_Crvenim_stjena_-_Seosko_domacinstvo_2-667x500.jpg 667w, https:\/\/serbia.com\/wp-content\/uploads\/2026\/05\/Povlen_-_zapadna_Srbija_-_mesto_Zarozije_-_Na_putu_ka_Crvenim_stjena_-_Seosko_domacinstvo_2.jpg 1920w\" sizes=\"auto, (max-width: 1280px) 100vw, 1280px\" \/><figcaption class=\"wp-element-caption\">Seosko doma\u0107instvo na Povlenu, \u00a0Vladimir Pecikoza, CC BY-SA 4.0\u00a0<a href=\"https:\/\/creativecommons.org\/licenses\/by-sa\/4.0\">https:\/\/creativecommons.org\/licenses\/by-sa\/4.0<\/a>, via Wikimedia Commons<\/figcaption><\/figure>\n\n\n\n<p>Planina <strong><a href=\"https:\/\/serbia.com\/srpski\/povlen-misticna-planina-zapadne-srbije\/\" type=\"post\" id=\"62091\" target=\"_blank\" rel=\"noreferrer noopener\">Povlen<\/a><\/strong> poznata je i po jednoj od najneobi\u010dnijih misterija Srbije &#8211; \u010duvenim <strong><a href=\"https:\/\/serbia.com\/srpski\/zamislite-zelju-lekovite-misteriozne-kugle-sa-povlena\/\" target=\"_blank\" rel=\"noreferrer noopener\">povlenskim kuglama<\/a><\/strong>. Ove kamene sfere prona\u0111ene u okolini planine godinama<strong> izazivaju pa\u017enju istra\u017eiva\u010da, putnika i ljubitelja misterija.<\/strong> Dok ih nau\u010dnici uglavnom obja\u0161njavaju kao retke geolo\u0161ke formacije, brojne teorije i lokalne legende povezuju ih sa<strong> drevnim civilizacijama i neobja\u0161njivim pojavama.<\/strong> Upravo ta doza misterije dodatno doprinosi posebnoj atmosferi ovog kraja.<\/p>\n\n\n\n<h2 class=\"wp-block-heading\">Aktivnosti i \u0161ta raditi<\/h2>\n\n\n\n<p><strong><a href=\"https:\/\/serbia.com\/srpski\/taorska-vrela-najbolji-prolecni-beg-u-zapadnu-srbiju\/\" type=\"post\" id=\"58615\" target=\"_blank\" rel=\"noreferrer noopener\">Taorska vrela<\/a><\/strong> idealna su za putnike koji u\u017eivaju u prirodi i sporijem na\u010dinu putovanja. \u0160etnje kroz \u0161umske staze oko izvora jedan su od najboljih na\u010dina da se do\u017eivi ovaj kraj, posebno tokom maja kada je priroda najbujnija, a zvuk vode prisutan na svakom koraku.<\/p>\n\n\n\n<p>\u0160ire podru\u010dje <strong><a href=\"https:\/\/serbia.com\/srpski\/povlen-misticna-planina-zapadne-srbije\/\" type=\"post\" id=\"62091\" target=\"_blank\" rel=\"noreferrer noopener\">Povlena<\/a><\/strong> pru\u017ea mogu\u0107nosti za<strong> hiking, fotografisanje prirode i duge panoramske vo\u017enje<\/strong> kroz zapadnu Srbiju. Skriveni vidikovci, planinski putevi i sela razbacana po obroncima planine \u010dine ovaj kraj posebno zanimljivim za istra\u017eivanje.<\/p>\n\n\n\n<figure class=\"wp-block-gallery has-nested-images columns-default is-cropped wp-block-gallery-1 is-layout-flex wp-block-gallery-is-layout-flex\">\n<figure class=\"wp-block-image size-large\"><img loading=\"lazy\" decoding=\"async\" width=\"1280\" height=\"853\" data-id=\"69919\" src=\"https:\/\/serbia.com\/wp-content\/uploads\/2026\/05\/Povlen_-_zapadna_Srbija_-_Letnja_fauna_Povlena_-_Lacerta_viridis_3-1280x853.jpg\" alt=\"\" class=\"wp-image-69919\" srcset=\"https:\/\/serbia.com\/wp-content\/uploads\/2026\/05\/Povlen_-_zapadna_Srbija_-_Letnja_fauna_Povlena_-_Lacerta_viridis_3-1280x853.jpg 1280w, https:\/\/serbia.com\/wp-content\/uploads\/2026\/05\/Povlen_-_zapadna_Srbija_-_Letnja_fauna_Povlena_-_Lacerta_viridis_3-300x200.jpg 300w, https:\/\/serbia.com\/wp-content\/uploads\/2026\/05\/Povlen_-_zapadna_Srbija_-_Letnja_fauna_Povlena_-_Lacerta_viridis_3-768x512.jpg 768w, https:\/\/serbia.com\/wp-content\/uploads\/2026\/05\/Povlen_-_zapadna_Srbija_-_Letnja_fauna_Povlena_-_Lacerta_viridis_3-1536x1024.jpg 1536w, https:\/\/serbia.com\/wp-content\/uploads\/2026\/05\/Povlen_-_zapadna_Srbija_-_Letnja_fauna_Povlena_-_Lacerta_viridis_3-760x507.jpg 760w, https:\/\/serbia.com\/wp-content\/uploads\/2026\/05\/Povlen_-_zapadna_Srbija_-_Letnja_fauna_Povlena_-_Lacerta_viridis_3-1500x1000.jpg 1500w, https:\/\/serbia.com\/wp-content\/uploads\/2026\/05\/Povlen_-_zapadna_Srbija_-_Letnja_fauna_Povlena_-_Lacerta_viridis_3-750x500.jpg 750w, https:\/\/serbia.com\/wp-content\/uploads\/2026\/05\/Povlen_-_zapadna_Srbija_-_Letnja_fauna_Povlena_-_Lacerta_viridis_3.jpg 1920w\" sizes=\"auto, (max-width: 1280px) 100vw, 1280px\" \/><figcaption class=\"wp-element-caption\">Fauna Povlena, Vladimir Pecikoza, CC BY-SA 4.0\u00a0<a href=\"https:\/\/creativecommons.org\/licenses\/by-sa\/4.0\">https:\/\/creativecommons.org\/licenses\/by-sa\/4.0<\/a>, via Wikimedia Commons<\/figcaption><\/figure>\n\n\n\n<figure class=\"wp-block-image size-large\"><img loading=\"lazy\" decoding=\"async\" width=\"857\" height=\"1280\" data-id=\"69920\" src=\"https:\/\/serbia.com\/wp-content\/uploads\/2026\/05\/Jablanik_-_Zapadna_Srbija_-_Vrh_Jablanika_1275m_-_Pogled_prema_planini_Povlen_i_vrhu_Velikog_Povlena_2-857x1280.jpg\" alt=\"\" class=\"wp-image-69920\" srcset=\"https:\/\/serbia.com\/wp-content\/uploads\/2026\/05\/Jablanik_-_Zapadna_Srbija_-_Vrh_Jablanika_1275m_-_Pogled_prema_planini_Povlen_i_vrhu_Velikog_Povlena_2-857x1280.jpg 857w, https:\/\/serbia.com\/wp-content\/uploads\/2026\/05\/Jablanik_-_Zapadna_Srbija_-_Vrh_Jablanika_1275m_-_Pogled_prema_planini_Povlen_i_vrhu_Velikog_Povlena_2-201x300.jpg 201w, https:\/\/serbia.com\/wp-content\/uploads\/2026\/05\/Jablanik_-_Zapadna_Srbija_-_Vrh_Jablanika_1275m_-_Pogled_prema_planini_Povlen_i_vrhu_Velikog_Povlena_2-768x1147.jpg 768w, https:\/\/serbia.com\/wp-content\/uploads\/2026\/05\/Jablanik_-_Zapadna_Srbija_-_Vrh_Jablanika_1275m_-_Pogled_prema_planini_Povlen_i_vrhu_Velikog_Povlena_2-760x1135.jpg 760w, https:\/\/serbia.com\/wp-content\/uploads\/2026\/05\/Jablanik_-_Zapadna_Srbija_-_Vrh_Jablanika_1275m_-_Pogled_prema_planini_Povlen_i_vrhu_Velikog_Povlena_2-669x1000.jpg 669w, https:\/\/serbia.com\/wp-content\/uploads\/2026\/05\/Jablanik_-_Zapadna_Srbija_-_Vrh_Jablanika_1275m_-_Pogled_prema_planini_Povlen_i_vrhu_Velikog_Povlena_2-335x500.jpg 335w, https:\/\/serbia.com\/wp-content\/uploads\/2026\/05\/Jablanik_-_Zapadna_Srbija_-_Vrh_Jablanika_1275m_-_Pogled_prema_planini_Povlen_i_vrhu_Velikog_Povlena_2.jpg 960w\" sizes=\"auto, (max-width: 857px) 100vw, 857px\" \/><figcaption class=\"wp-element-caption\">Jablanik &#8211; pogled ka Povenu, Vladimir Pecikoza, CC BY-SA 4.0\u00a0<a href=\"https:\/\/creativecommons.org\/licenses\/by-sa\/4.0\">https:\/\/creativecommons.org\/licenses\/by-sa\/4.0<\/a>, via Wikimedia Commons<\/figcaption><\/figure>\n<\/figure>\n\n\n\n<p><\/p>\n\n\n\n<p>Mnogi posetioci obilazak kombinuju sa doma\u0107instvima i lokalnom hranom karakteristi\u010dnom za planinska podru\u010dja <strong><a href=\"https:\/\/serbia.com\/srpski\/istrazujemo-regione-srbije-zapadna-srbija\/\" type=\"post\" id=\"60405\" target=\"_blank\" rel=\"noreferrer noopener\">zapadne Srbije<\/a><\/strong>. Doma\u0107i mle\u010dni proizvodi, tradicionalna jela i sporiji ritam \u017eivota deo su iskustva koje ovaj kraj i dalje uspeva da sa\u010duva.<\/p>\n\n\n\n<h2 class=\"wp-block-heading\">Druga\u010dije lice zapadne Srbije<\/h2>\n\n\n\n<p>Za razliku od poznatijih i razvijenijih planinskih destinacija, <strong><a href=\"https:\/\/serbia.com\/srpski\/taorska-vrela-najbolji-prolecni-beg-u-zapadnu-srbiju\/\" type=\"post\" id=\"58615\" target=\"_blank\" rel=\"noreferrer noopener\">Taorska vrela<\/a><\/strong> i <strong><a href=\"https:\/\/serbia.com\/srpski\/povlen-misticna-planina-zapadne-srbije\/\" type=\"post\" id=\"62091\" target=\"_blank\" rel=\"noreferrer noopener\">Povlen<\/a><\/strong> i dalje deluju duboko povezano sa prirodom i lokalnim na\u010dinom \u017eivota. Ovde fokus nije na turisti\u010dkim sadr\u017eajima, ve\u0107 na atmosferi &#8211; tihim \u0161umskim putevima, hladnim planinskim izvorima, skrivenim slapovima i pejza\u017eima koji podsti\u010du da se uspori.<\/p>\n\n\n\n<p>Za putnike koji \u017eele da tokom maja do\u017eive mirniju i autenti\u010dniju stranu Srbije, Taorska vrela i Povlen predstavljaju jedno od najlep\u0161ih mesta za prole\u0107ni beg u prirodu.<\/p>\n","protected":false},"excerpt":{"rendered":"<p>Skrivena ispod \u0161umovitih padina planine Povlen u zapadnoj Srbiji, Taorska vrela tokom kasnog prole\u0107a postaju jedno od najlep\u0161ih prirodnih mesta za beg u ti\u0161inu i netaknutu prirodu. U maju su [&hellip;]<\/p>\n","protected":false},"author":27,"featured_media":69923,"comment_status":"open","ping_status":"closed","sticky":false,"template":"","format":"standard","meta":{"_acf_changed":false,"inline_featured_image":false,"_monsterinsights_skip_tracking":false,"_monsterinsights_sitenote_active":false,"_monsterinsights_sitenote_note":"","_monsterinsights_sitenote_category":0,"footnotes":""},"categories":[1661,1653],"tags":[],"class_list":["post-69922","post","type-post","status-publish","format-standard","has-post-thumbnail","hentry","category-jedinstvena-priroda-prirodne-lepote-sta-posetiti","category-prirodne-lepote-sta-posetiti"],"acf":[],"yoast_head":"<!-- This site is optimized with the Yoast SEO plugin v27.4 - https:\/\/yoast.com\/product\/yoast-seo-wordpress\/ -->\n<title>Za\u0161to je maj savr\u0161eno vreme za posetu Taorskim vrelima i Povlenu - Serbia.com<\/title>\n<meta name=\"description\" content=\"Otkrijte Taorska vrela i Povlen u maju - skrivene izvore, prole\u0107ne slapove, misteriozne povlenske kugle i mirne planinske pejza\u017ee zapadne Srbije u svom najzelenijem izdanju.\" \/>\n<meta name=\"robots\" content=\"index, follow, max-snippet:-1, max-image-preview:large, max-video-preview:-1\" \/>\n<link rel=\"canonical\" href=\"https:\/\/serbia.com\/srpski\/zasto-je-maj-savrseno-vreme-za-posetu-taorskim-vrelima-i-povlenu\/\" \/>\n<meta property=\"og:locale\" content=\"en_US\" \/>\n<meta property=\"og:type\" content=\"article\" \/>\n<meta property=\"og:title\" content=\"Za\u0161to je maj savr\u0161eno vreme za posetu Taorskim vrelima i Povlenu - Serbia.com\" \/>\n<meta property=\"og:description\" content=\"Otkrijte Taorska vrela i Povlen u maju - skrivene izvore, prole\u0107ne slapove, misteriozne povlenske kugle i mirne planinske pejza\u017ee zapadne Srbije u svom najzelenijem izdanju.\" \/>\n<meta property=\"og:url\" content=\"https:\/\/serbia.com\/srpski\/zasto-je-maj-savrseno-vreme-za-posetu-taorskim-vrelima-i-povlenu\/\" \/>\n<meta property=\"og:site_name\" content=\"Serbia.com\" \/>\n<meta property=\"article:published_time\" content=\"2026-05-02T09:45:11+00:00\" \/>\n<meta property=\"article:modified_time\" content=\"2026-05-02T09:45:13+00:00\" \/>\n<meta property=\"og:image\" content=\"https:\/\/serbia.com\/wp-content\/uploads\/2026\/05\/Povlen_-_zapadna_Srbija_-_mesto_Zarozije_-_Na_putu_ka_Crvenim_stjena_-_Seosko_domacinstvo_2-2-e1777714805677.jpg\" \/>\n\t<meta property=\"og:image:width\" content=\"1920\" \/>\n\t<meta property=\"og:image:height\" content=\"858\" \/>\n\t<meta property=\"og:image:type\" content=\"image\/jpeg\" \/>\n<meta name=\"author\" content=\"Ivona Lekan\" \/>\n<meta name=\"twitter:label1\" content=\"Written by\" \/>\n\t<meta name=\"twitter:data1\" content=\"Ivona Lekan\" \/>\n\t<meta name=\"twitter:label2\" content=\"Est. reading time\" \/>\n\t<meta name=\"twitter:data2\" content=\"5 minutes\" \/>\n<script type=\"application\/ld+json\" class=\"yoast-schema-graph\">{\"@context\":\"https:\\\/\\\/schema.org\",\"@graph\":[{\"@type\":\"Article\",\"@id\":\"https:\\\/\\\/serbia.com\\\/srpski\\\/zasto-je-maj-savrseno-vreme-za-posetu-taorskim-vrelima-i-povlenu\\\/#article\",\"isPartOf\":{\"@id\":\"https:\\\/\\\/serbia.com\\\/srpski\\\/zasto-je-maj-savrseno-vreme-za-posetu-taorskim-vrelima-i-povlenu\\\/\"},\"author\":{\"name\":\"Ivona Lekan\",\"@id\":\"https:\\\/\\\/serbia.com\\\/#\\\/schema\\\/person\\\/954f6599db4406bd5f2e8384659bdc33\"},\"headline\":\"Za\u0161to je maj savr\u0161eno vreme za posetu Taorskim vrelima i Povlenu\",\"datePublished\":\"2026-05-02T09:45:11+00:00\",\"dateModified\":\"2026-05-02T09:45:13+00:00\",\"mainEntityOfPage\":{\"@id\":\"https:\\\/\\\/serbia.com\\\/srpski\\\/zasto-je-maj-savrseno-vreme-za-posetu-taorskim-vrelima-i-povlenu\\\/\"},\"wordCount\":754,\"commentCount\":0,\"image\":{\"@id\":\"https:\\\/\\\/serbia.com\\\/srpski\\\/zasto-je-maj-savrseno-vreme-za-posetu-taorskim-vrelima-i-povlenu\\\/#primaryimage\"},\"thumbnailUrl\":\"https:\\\/\\\/serbia.com\\\/wp-content\\\/uploads\\\/2026\\\/05\\\/Povlen_-_zapadna_Srbija_-_mesto_Zarozije_-_Na_putu_ka_Crvenim_stjena_-_Seosko_domacinstvo_2-2-e1777714805677.jpg\",\"articleSection\":[\"Jedinstvena priroda\",\"Prirodne lepote\"],\"inLanguage\":\"srpski\",\"potentialAction\":[{\"@type\":\"CommentAction\",\"name\":\"Comment\",\"target\":[\"https:\\\/\\\/serbia.com\\\/srpski\\\/zasto-je-maj-savrseno-vreme-za-posetu-taorskim-vrelima-i-povlenu\\\/#respond\"]}]},{\"@type\":\"WebPage\",\"@id\":\"https:\\\/\\\/serbia.com\\\/srpski\\\/zasto-je-maj-savrseno-vreme-za-posetu-taorskim-vrelima-i-povlenu\\\/\",\"url\":\"https:\\\/\\\/serbia.com\\\/srpski\\\/zasto-je-maj-savrseno-vreme-za-posetu-taorskim-vrelima-i-povlenu\\\/\",\"name\":\"Za\u0161to je maj savr\u0161eno vreme za posetu Taorskim vrelima i Povlenu - Serbia.com\",\"isPartOf\":{\"@id\":\"https:\\\/\\\/serbia.com\\\/#website\"},\"primaryImageOfPage\":{\"@id\":\"https:\\\/\\\/serbia.com\\\/srpski\\\/zasto-je-maj-savrseno-vreme-za-posetu-taorskim-vrelima-i-povlenu\\\/#primaryimage\"},\"image\":{\"@id\":\"https:\\\/\\\/serbia.com\\\/srpski\\\/zasto-je-maj-savrseno-vreme-za-posetu-taorskim-vrelima-i-povlenu\\\/#primaryimage\"},\"thumbnailUrl\":\"https:\\\/\\\/serbia.com\\\/wp-content\\\/uploads\\\/2026\\\/05\\\/Povlen_-_zapadna_Srbija_-_mesto_Zarozije_-_Na_putu_ka_Crvenim_stjena_-_Seosko_domacinstvo_2-2-e1777714805677.jpg\",\"datePublished\":\"2026-05-02T09:45:11+00:00\",\"dateModified\":\"2026-05-02T09:45:13+00:00\",\"author\":{\"@id\":\"https:\\\/\\\/serbia.com\\\/#\\\/schema\\\/person\\\/954f6599db4406bd5f2e8384659bdc33\"},\"description\":\"Otkrijte Taorska vrela i Povlen u maju - skrivene izvore, prole\u0107ne slapove, misteriozne povlenske kugle i mirne planinske pejza\u017ee zapadne Srbije u svom najzelenijem izdanju.\",\"breadcrumb\":{\"@id\":\"https:\\\/\\\/serbia.com\\\/srpski\\\/zasto-je-maj-savrseno-vreme-za-posetu-taorskim-vrelima-i-povlenu\\\/#breadcrumb\"},\"inLanguage\":\"srpski\",\"potentialAction\":[{\"@type\":\"ReadAction\",\"target\":[\"https:\\\/\\\/serbia.com\\\/srpski\\\/zasto-je-maj-savrseno-vreme-za-posetu-taorskim-vrelima-i-povlenu\\\/\"]}]},{\"@type\":\"ImageObject\",\"inLanguage\":\"srpski\",\"@id\":\"https:\\\/\\\/serbia.com\\\/srpski\\\/zasto-je-maj-savrseno-vreme-za-posetu-taorskim-vrelima-i-povlenu\\\/#primaryimage\",\"url\":\"https:\\\/\\\/serbia.com\\\/wp-content\\\/uploads\\\/2026\\\/05\\\/Povlen_-_zapadna_Srbija_-_mesto_Zarozije_-_Na_putu_ka_Crvenim_stjena_-_Seosko_domacinstvo_2-2-e1777714805677.jpg\",\"contentUrl\":\"https:\\\/\\\/serbia.com\\\/wp-content\\\/uploads\\\/2026\\\/05\\\/Povlen_-_zapadna_Srbija_-_mesto_Zarozije_-_Na_putu_ka_Crvenim_stjena_-_Seosko_domacinstvo_2-2-e1777714805677.jpg\",\"width\":1920,\"height\":858},{\"@type\":\"BreadcrumbList\",\"@id\":\"https:\\\/\\\/serbia.com\\\/srpski\\\/zasto-je-maj-savrseno-vreme-za-posetu-taorskim-vrelima-i-povlenu\\\/#breadcrumb\",\"itemListElement\":[{\"@type\":\"ListItem\",\"position\":1,\"name\":\"Home\",\"item\":\"https:\\\/\\\/serbia.com\\\/srpski\\\/\"},{\"@type\":\"ListItem\",\"position\":2,\"name\":\"Za\u0161to je maj savr\u0161eno vreme za posetu Taorskim vrelima i Povlenu\"}]},{\"@type\":\"WebSite\",\"@id\":\"https:\\\/\\\/serbia.com\\\/#website\",\"url\":\"https:\\\/\\\/serbia.com\\\/\",\"name\":\"Serbia.com\",\"description\":\"Your Gateway to Serbia\",\"potentialAction\":[{\"@type\":\"SearchAction\",\"target\":{\"@type\":\"EntryPoint\",\"urlTemplate\":\"https:\\\/\\\/serbia.com\\\/?s={search_term_string}\"},\"query-input\":{\"@type\":\"PropertyValueSpecification\",\"valueRequired\":true,\"valueName\":\"search_term_string\"}}],\"inLanguage\":\"srpski\"},{\"@type\":\"Person\",\"@id\":\"https:\\\/\\\/serbia.com\\\/#\\\/schema\\\/person\\\/954f6599db4406bd5f2e8384659bdc33\",\"name\":\"Ivona Lekan\",\"image\":{\"@type\":\"ImageObject\",\"inLanguage\":\"srpski\",\"@id\":\"https:\\\/\\\/secure.gravatar.com\\\/avatar\\\/4eba414fa53ccc3824d6c0254e6c3425ccdebeb4c72580208b23386c071b50b2?s=96&d=mm&r=g\",\"url\":\"https:\\\/\\\/secure.gravatar.com\\\/avatar\\\/4eba414fa53ccc3824d6c0254e6c3425ccdebeb4c72580208b23386c071b50b2?s=96&d=mm&r=g\",\"contentUrl\":\"https:\\\/\\\/secure.gravatar.com\\\/avatar\\\/4eba414fa53ccc3824d6c0254e6c3425ccdebeb4c72580208b23386c071b50b2?s=96&d=mm&r=g\",\"caption\":\"Ivona Lekan\"},\"url\":\"https:\\\/\\\/serbia.com\\\/srpski\\\/author\\\/ivondivine\\\/\"}]}<\/script>\n<!-- \/ Yoast SEO plugin. -->","yoast_head_json":{"title":"Za\u0161to je maj savr\u0161eno vreme za posetu Taorskim vrelima i Povlenu - Serbia.com","description":"Otkrijte Taorska vrela i Povlen u maju - skrivene izvore, prole\u0107ne slapove, misteriozne povlenske kugle i mirne planinske pejza\u017ee zapadne Srbije u svom najzelenijem izdanju.","robots":{"index":"index","follow":"follow","max-snippet":"max-snippet:-1","max-image-preview":"max-image-preview:large","max-video-preview":"max-video-preview:-1"},"canonical":"https:\/\/serbia.com\/srpski\/zasto-je-maj-savrseno-vreme-za-posetu-taorskim-vrelima-i-povlenu\/","og_locale":"en_US","og_type":"article","og_title":"Za\u0161to je maj savr\u0161eno vreme za posetu Taorskim vrelima i Povlenu - Serbia.com","og_description":"Otkrijte Taorska vrela i Povlen u maju - skrivene izvore, prole\u0107ne slapove, misteriozne povlenske kugle i mirne planinske pejza\u017ee zapadne Srbije u svom najzelenijem izdanju.","og_url":"https:\/\/serbia.com\/srpski\/zasto-je-maj-savrseno-vreme-za-posetu-taorskim-vrelima-i-povlenu\/","og_site_name":"Serbia.com","article_published_time":"2026-05-02T09:45:11+00:00","article_modified_time":"2026-05-02T09:45:13+00:00","og_image":[{"width":1920,"height":858,"url":"https:\/\/serbia.com\/wp-content\/uploads\/2026\/05\/Povlen_-_zapadna_Srbija_-_mesto_Zarozije_-_Na_putu_ka_Crvenim_stjena_-_Seosko_domacinstvo_2-2-e1777714805677.jpg","type":"image\/jpeg"}],"author":"Ivona Lekan","twitter_misc":{"Written by":"Ivona Lekan","Est. reading time":"5 minutes"},"schema":{"@context":"https:\/\/schema.org","@graph":[{"@type":"Article","@id":"https:\/\/serbia.com\/srpski\/zasto-je-maj-savrseno-vreme-za-posetu-taorskim-vrelima-i-povlenu\/#article","isPartOf":{"@id":"https:\/\/serbia.com\/srpski\/zasto-je-maj-savrseno-vreme-za-posetu-taorskim-vrelima-i-povlenu\/"},"author":{"name":"Ivona Lekan","@id":"https:\/\/serbia.com\/#\/schema\/person\/954f6599db4406bd5f2e8384659bdc33"},"headline":"Za\u0161to je maj savr\u0161eno vreme za posetu Taorskim vrelima i Povlenu","datePublished":"2026-05-02T09:45:11+00:00","dateModified":"2026-05-02T09:45:13+00:00","mainEntityOfPage":{"@id":"https:\/\/serbia.com\/srpski\/zasto-je-maj-savrseno-vreme-za-posetu-taorskim-vrelima-i-povlenu\/"},"wordCount":754,"commentCount":0,"image":{"@id":"https:\/\/serbia.com\/srpski\/zasto-je-maj-savrseno-vreme-za-posetu-taorskim-vrelima-i-povlenu\/#primaryimage"},"thumbnailUrl":"https:\/\/serbia.com\/wp-content\/uploads\/2026\/05\/Povlen_-_zapadna_Srbija_-_mesto_Zarozije_-_Na_putu_ka_Crvenim_stjena_-_Seosko_domacinstvo_2-2-e1777714805677.jpg","articleSection":["Jedinstvena priroda","Prirodne lepote"],"inLanguage":"srpski","potentialAction":[{"@type":"CommentAction","name":"Comment","target":["https:\/\/serbia.com\/srpski\/zasto-je-maj-savrseno-vreme-za-posetu-taorskim-vrelima-i-povlenu\/#respond"]}]},{"@type":"WebPage","@id":"https:\/\/serbia.com\/srpski\/zasto-je-maj-savrseno-vreme-za-posetu-taorskim-vrelima-i-povlenu\/","url":"https:\/\/serbia.com\/srpski\/zasto-je-maj-savrseno-vreme-za-posetu-taorskim-vrelima-i-povlenu\/","name":"Za\u0161to je maj savr\u0161eno vreme za posetu Taorskim vrelima i Povlenu - Serbia.com","isPartOf":{"@id":"https:\/\/serbia.com\/#website"},"primaryImageOfPage":{"@id":"https:\/\/serbia.com\/srpski\/zasto-je-maj-savrseno-vreme-za-posetu-taorskim-vrelima-i-povlenu\/#primaryimage"},"image":{"@id":"https:\/\/serbia.com\/srpski\/zasto-je-maj-savrseno-vreme-za-posetu-taorskim-vrelima-i-povlenu\/#primaryimage"},"thumbnailUrl":"https:\/\/serbia.com\/wp-content\/uploads\/2026\/05\/Povlen_-_zapadna_Srbija_-_mesto_Zarozije_-_Na_putu_ka_Crvenim_stjena_-_Seosko_domacinstvo_2-2-e1777714805677.jpg","datePublished":"2026-05-02T09:45:11+00:00","dateModified":"2026-05-02T09:45:13+00:00","author":{"@id":"https:\/\/serbia.com\/#\/schema\/person\/954f6599db4406bd5f2e8384659bdc33"},"description":"Otkrijte Taorska vrela i Povlen u maju - skrivene izvore, prole\u0107ne slapove, misteriozne povlenske kugle i mirne planinske pejza\u017ee zapadne Srbije u svom najzelenijem izdanju.","breadcrumb":{"@id":"https:\/\/serbia.com\/srpski\/zasto-je-maj-savrseno-vreme-za-posetu-taorskim-vrelima-i-povlenu\/#breadcrumb"},"inLanguage":"srpski","potentialAction":[{"@type":"ReadAction","target":["https:\/\/serbia.com\/srpski\/zasto-je-maj-savrseno-vreme-za-posetu-taorskim-vrelima-i-povlenu\/"]}]},{"@type":"ImageObject","inLanguage":"srpski","@id":"https:\/\/serbia.com\/srpski\/zasto-je-maj-savrseno-vreme-za-posetu-taorskim-vrelima-i-povlenu\/#primaryimage","url":"https:\/\/serbia.com\/wp-content\/uploads\/2026\/05\/Povlen_-_zapadna_Srbija_-_mesto_Zarozije_-_Na_putu_ka_Crvenim_stjena_-_Seosko_domacinstvo_2-2-e1777714805677.jpg","contentUrl":"https:\/\/serbia.com\/wp-content\/uploads\/2026\/05\/Povlen_-_zapadna_Srbija_-_mesto_Zarozije_-_Na_putu_ka_Crvenim_stjena_-_Seosko_domacinstvo_2-2-e1777714805677.jpg","width":1920,"height":858},{"@type":"BreadcrumbList","@id":"https:\/\/serbia.com\/srpski\/zasto-je-maj-savrseno-vreme-za-posetu-taorskim-vrelima-i-povlenu\/#breadcrumb","itemListElement":[{"@type":"ListItem","position":1,"name":"Home","item":"https:\/\/serbia.com\/srpski\/"},{"@type":"ListItem","position":2,"name":"Za\u0161to je maj savr\u0161eno vreme za posetu Taorskim vrelima i Povlenu"}]},{"@type":"WebSite","@id":"https:\/\/serbia.com\/#website","url":"https:\/\/serbia.com\/","name":"Serbia.com","description":"Your Gateway to Serbia","potentialAction":[{"@type":"SearchAction","target":{"@type":"EntryPoint","urlTemplate":"https:\/\/serbia.com\/?s={search_term_string}"},"query-input":{"@type":"PropertyValueSpecification","valueRequired":true,"valueName":"search_term_string"}}],"inLanguage":"srpski"},{"@type":"Person","@id":"https:\/\/serbia.com\/#\/schema\/person\/954f6599db4406bd5f2e8384659bdc33","name":"Ivona Lekan","image":{"@type":"ImageObject","inLanguage":"srpski","@id":"https:\/\/secure.gravatar.com\/avatar\/4eba414fa53ccc3824d6c0254e6c3425ccdebeb4c72580208b23386c071b50b2?s=96&d=mm&r=g","url":"https:\/\/secure.gravatar.com\/avatar\/4eba414fa53ccc3824d6c0254e6c3425ccdebeb4c72580208b23386c071b50b2?s=96&d=mm&r=g","contentUrl":"https:\/\/secure.gravatar.com\/avatar\/4eba414fa53ccc3824d6c0254e6c3425ccdebeb4c72580208b23386c071b50b2?s=96&d=mm&r=g","caption":"Ivona Lekan"},"url":"https:\/\/serbia.com\/srpski\/author\/ivondivine\/"}]}},"brizy_media":[],"_links":{"self":[{"href":"https:\/\/serbia.com\/srpski\/wp-json\/wp\/v2\/posts\/69922","targetHints":{"allow":["GET"]}}],"collection":[{"href":"https:\/\/serbia.com\/srpski\/wp-json\/wp\/v2\/posts"}],"about":[{"href":"https:\/\/serbia.com\/srpski\/wp-json\/wp\/v2\/types\/post"}],"author":[{"embeddable":true,"href":"https:\/\/serbia.com\/srpski\/wp-json\/wp\/v2\/users\/27"}],"replies":[{"embeddable":true,"href":"https:\/\/serbia.com\/srpski\/wp-json\/wp\/v2\/comments?post=69922"}],"version-history":[{"count":1,"href":"https:\/\/serbia.com\/srpski\/wp-json\/wp\/v2\/posts\/69922\/revisions"}],"predecessor-version":[{"id":69924,"href":"https:\/\/serbia.com\/srpski\/wp-json\/wp\/v2\/posts\/69922\/revisions\/69924"}],"wp:featuredmedia":[{"embeddable":true,"href":"https:\/\/serbia.com\/srpski\/wp-json\/wp\/v2\/media\/69923"}],"wp:attachment":[{"href":"https:\/\/serbia.com\/srpski\/wp-json\/wp\/v2\/media?parent=69922"}],"wp:term":[{"taxonomy":"category","embeddable":true,"href":"https:\/\/serbia.com\/srpski\/wp-json\/wp\/v2\/categories?post=69922"},{"taxonomy":"post_tag","embeddable":true,"href":"https:\/\/serbia.com\/srpski\/wp-json\/wp\/v2\/tags?post=69922"}],"curies":[{"name":"wp","href":"https:\/\/api.w.org\/{rel}","templated":true}]}}