{"id":69907,"date":"2026-05-02T10:44:49","date_gmt":"2026-05-02T08:44:49","guid":{"rendered":"https:\/\/serbia.com\/?p=69907"},"modified":"2026-05-02T10:44:51","modified_gmt":"2026-05-02T08:44:51","slug":"top-5-destinacija-u-srbiji-ovog-maja","status":"publish","type":"post","link":"https:\/\/serbia.com\/srpski\/top-5-destinacija-u-srbiji-ovog-maja\/","title":{"rendered":"Top 5 destinacija u srbiji ovog maja"},"content":{"rendered":"\n<p><em>Maj u Srbiji donosi mo\u017eda najbolji balans izme\u0111u prole\u0107ne sve\u017eine i po\u010detka putni\u010dke sezone. Planinski predeli postaju intenzivno zeleni, vodopadi i reke su najmo\u0107niji nakon prole\u0107nih ki\u0161a, ravnice cvetaju, a temperature su idealne za duge izlete, hiking, istra\u017eivanje sela i vikende u prirodi pre letnjih gu\u017evi. Upravo zato je ovo jedan od najboljih trenutaka za otkrivanje Srbije na sporiji i autenti\u010dniji na\u010din.<\/em><\/p>\n\n\n\n<p>Ovog maja izdvojili smo pet destinacija koje posebno dolaze do izra\u017eaja upravo u ovom periodu godine &#8211; od skrivenih izvora i vodopada zapadne Srbije, preko pe\u0161\u010danih pejza\u017ea i mo\u010dvarnih rezervata Vojvodine, do divljih klisura i planinskih predela jugoistoka zemlje. Umesto klasi\u010dnih i o\u010dekivanih izbora, ova lista vodi ka <strong>mestima koja u maju imaju posebnu atmosferu, boje i ritam <\/strong>koje je te\u0161ko do\u017eiveti u bilo koje drugo doba godine.<\/p>\n\n\n\n<p>Bilo da tra\u017eite produ\u017eeni vikend u prirodi, fotografski inspirativne pejza\u017ee, mirnija sela, outdoor avanture ili mesta koja otkrivaju druga\u010dije lice Srbije, ovih pet destinacija pokazuju koliko raznolika Srbija mo\u017ee biti upravo tokom kasnog prole\u0107a.<\/p>\n\n\n\n<h2 class=\"wp-block-heading\">1. Taorska vrela &amp; Povlen<\/h2>\n\n\n\n<p>U maju, podru\u010dje oko <strong><a href=\"https:\/\/serbia.com\/srpski\/taorska-vrela-najbolji-prolecni-beg-u-zapadnu-srbiju\/\" type=\"post\" id=\"58615\" target=\"_blank\" rel=\"noreferrer noopener\">Taorskih vrela<\/a><\/strong> izgleda gotovo nestvarno zeleno. Voda koja se spu\u0161ta preko kamenih terasa i manjih slapova tada je najja\u010da tokom godine, dok \u0161ume oko planine <strong><a href=\"https:\/\/serbia.com\/srpski\/povlen-misticna-planina-zapadne-srbije\/\" type=\"post\" id=\"62091\" target=\"_blank\" rel=\"noreferrer noopener\">Povlen<\/a><\/strong> dobijaju onu gustu prole\u0107nu boju zbog koje ceo kraj deluje gotovo netaknuto. Za razliku od poznatijih planinskih centara, ovde i dalje postoji ose\u0107aj mira i izolovanosti, \u0161to ovu destinaciju \u010dini <strong>idealnom za sporija putovanja i vikende provedene u prirodi.<\/strong><\/p>\n\n\n\n<figure class=\"wp-block-gallery has-nested-images columns-default is-cropped wp-block-gallery-1 is-layout-flex wp-block-gallery-is-layout-flex\">\n<figure class=\"wp-block-image size-large\"><img loading=\"lazy\" decoding=\"async\" width=\"1280\" height=\"853\" data-id=\"58607\" src=\"https:\/\/serbia.com\/wp-content\/uploads\/2025\/03\/Taorska_vrelareka_Skrapez-1280x853.jpg\" alt=\"\" class=\"wp-image-58607\" srcset=\"https:\/\/serbia.com\/wp-content\/uploads\/2025\/03\/Taorska_vrelareka_Skrapez-1280x853.jpg 1280w, https:\/\/serbia.com\/wp-content\/uploads\/2025\/03\/Taorska_vrelareka_Skrapez-300x200.jpg 300w, https:\/\/serbia.com\/wp-content\/uploads\/2025\/03\/Taorska_vrelareka_Skrapez-768x512.jpg 768w, https:\/\/serbia.com\/wp-content\/uploads\/2025\/03\/Taorska_vrelareka_Skrapez-1536x1024.jpg 1536w, https:\/\/serbia.com\/wp-content\/uploads\/2025\/03\/Taorska_vrelareka_Skrapez-760x507.jpg 760w, https:\/\/serbia.com\/wp-content\/uploads\/2025\/03\/Taorska_vrelareka_Skrapez-1500x1000.jpg 1500w, https:\/\/serbia.com\/wp-content\/uploads\/2025\/03\/Taorska_vrelareka_Skrapez-750x500.jpg 750w, https:\/\/serbia.com\/wp-content\/uploads\/2025\/03\/Taorska_vrelareka_Skrapez.jpg 1599w\" sizes=\"auto, (max-width: 1280px) 100vw, 1280px\" \/><figcaption class=\"wp-element-caption\">Taorska vrela, Damir Simovi\u0107, CC BY-SA 4.0\u00a0<a href=\"https:\/\/creativecommons.org\/licenses\/by-sa\/4.0\">https:\/\/creativecommons.org\/licenses\/by-sa\/4.0<\/a>, via Wikimedia Commons<\/figcaption><\/figure>\n\n\n\n<figure class=\"wp-block-image size-large\"><img loading=\"lazy\" decoding=\"async\" width=\"960\" height=\"1280\" data-id=\"69901\" src=\"https:\/\/serbia.com\/wp-content\/uploads\/2026\/05\/Povlen_-_Zapadna_Srbija_-_Knezevo_Polje_-_Napustena_koliba.jpg\" alt=\"\" class=\"wp-image-69901\" srcset=\"https:\/\/serbia.com\/wp-content\/uploads\/2026\/05\/Povlen_-_Zapadna_Srbija_-_Knezevo_Polje_-_Napustena_koliba.jpg 960w, https:\/\/serbia.com\/wp-content\/uploads\/2026\/05\/Povlen_-_Zapadna_Srbija_-_Knezevo_Polje_-_Napustena_koliba-225x300.jpg 225w, https:\/\/serbia.com\/wp-content\/uploads\/2026\/05\/Povlen_-_Zapadna_Srbija_-_Knezevo_Polje_-_Napustena_koliba-768x1024.jpg 768w, https:\/\/serbia.com\/wp-content\/uploads\/2026\/05\/Povlen_-_Zapadna_Srbija_-_Knezevo_Polje_-_Napustena_koliba-600x800.jpg 600w, https:\/\/serbia.com\/wp-content\/uploads\/2026\/05\/Povlen_-_Zapadna_Srbija_-_Knezevo_Polje_-_Napustena_koliba-760x1013.jpg 760w, https:\/\/serbia.com\/wp-content\/uploads\/2026\/05\/Povlen_-_Zapadna_Srbija_-_Knezevo_Polje_-_Napustena_koliba-750x1000.jpg 750w, https:\/\/serbia.com\/wp-content\/uploads\/2026\/05\/Povlen_-_Zapadna_Srbija_-_Knezevo_Polje_-_Napustena_koliba-375x500.jpg 375w\" sizes=\"auto, (max-width: 960px) 100vw, 960px\" \/><figcaption class=\"wp-element-caption\">Povlen, Vladimir Pecikoza, CC BY-SA 4.0\u00a0<a href=\"https:\/\/creativecommons.org\/licenses\/by-sa\/4.0\">https:\/\/creativecommons.org\/licenses\/by-sa\/4.0<\/a>, via Wikimedia Commons<\/figcaption><\/figure>\n<\/figure>\n\n\n\n<p><\/p>\n\n\n\n<p>Osim samih izvora, ovaj deo <strong><a href=\"https:\/\/serbia.com\/srpski\/istrazujemo-regione-srbije-zapadna-srbija\/\" type=\"post\" id=\"60405\" target=\"_blank\" rel=\"noreferrer noopener\">zapadne Srbije<\/a><\/strong> posebno je zanimljiv zbog<strong> malih planinskih sela, lokalne hrane i puteva koji vode kroz pejza\u017ee <\/strong>pune livada, \u0161uma i vidikovaca. Maj je savr\u0161en period za duge \u0161etnje i istra\u017eivanje okoline bez letnjih vru\u0107ina, dok cela regija tada ima atmosferu koja vi\u0161e podse\u0107a na skrivene planinske predele centralne Evrope nego na tipi\u010dne turisti\u010dke rute Srbije.<\/p>\n\n\n\n<h2 class=\"wp-block-heading\">2. Deliblatska Pe\u0161\u010dara<\/h2>\n\n\n\n<p>Poznata kao \u201eevropska Sahara\u201c, <strong><a href=\"https:\/\/serbia.com\/srpski\/posetite-srbiju\/prirodne-lepote\/jedinstvena-priroda\/deliblatska-pescara-evropska-sahara\/\" type=\"page\" id=\"33251\" target=\"_blank\" rel=\"noreferrer noopener\">Deliblatska pe\u0161\u010dara<\/a><\/strong> tokom maja pokazuje potpuno druga\u010dije lice od onoga koje mnogi o\u010dekuju. Umesto suvih i vrelih pejza\u017ea, kasno prole\u0107e donosi<strong> spoj zelenih travnjaka, pe\u0161\u010danih dina i \u0161umskih predela <\/strong>koji stvaraju jedan od najneobi\u010dnijih pejza\u017ea u Srbiji. Temperature su tada idealne za istra\u017eivanje pe\u0161a\u010dkih i biciklisti\u010dkih staza koje prolaze kroz rezervat prirode.<\/p>\n\n\n\n<figure class=\"wp-block-image size-large\"><img loading=\"lazy\" decoding=\"async\" width=\"1280\" height=\"720\" src=\"https:\/\/serbia.com\/wp-content\/uploads\/2025\/05\/1599px-Deliblatska_pescara_kanal_Dunav-Tisa-Dunav-edited-1280x720.jpg\" alt=\"\" class=\"wp-image-60287\" srcset=\"https:\/\/serbia.com\/wp-content\/uploads\/2025\/05\/1599px-Deliblatska_pescara_kanal_Dunav-Tisa-Dunav-edited-1280x720.jpg 1280w, https:\/\/serbia.com\/wp-content\/uploads\/2025\/05\/1599px-Deliblatska_pescara_kanal_Dunav-Tisa-Dunav-edited-300x169.jpg 300w, https:\/\/serbia.com\/wp-content\/uploads\/2025\/05\/1599px-Deliblatska_pescara_kanal_Dunav-Tisa-Dunav-edited-768x432.jpg 768w, https:\/\/serbia.com\/wp-content\/uploads\/2025\/05\/1599px-Deliblatska_pescara_kanal_Dunav-Tisa-Dunav-edited-1536x865.jpg 1536w, https:\/\/serbia.com\/wp-content\/uploads\/2025\/05\/1599px-Deliblatska_pescara_kanal_Dunav-Tisa-Dunav-edited-760x428.jpg 760w, https:\/\/serbia.com\/wp-content\/uploads\/2025\/05\/1599px-Deliblatska_pescara_kanal_Dunav-Tisa-Dunav-edited-888x500.jpg 888w, https:\/\/serbia.com\/wp-content\/uploads\/2025\/05\/1599px-Deliblatska_pescara_kanal_Dunav-Tisa-Dunav-edited.jpg 1599w\" sizes=\"auto, (max-width: 1280px) 100vw, 1280px\" \/><figcaption class=\"wp-element-caption\">Deliblatska pe\u0161\u010dara, Petkovic Boris, CC BY-SA 4.0\u00a0<a href=\"https:\/\/creativecommons.org\/licenses\/by-sa\/4.0\">https:\/\/creativecommons.org\/licenses\/by-sa\/4.0<\/a>, via Wikimedia Commons<\/figcaption><\/figure>\n\n\n\n<p>Ovaj deo <strong><a href=\"https:\/\/serbia.com\/srpski\/istrazujemo-delove-srbije-vojvodina\/\" type=\"post\" id=\"60302\" target=\"_blank\" rel=\"noreferrer noopener\">Vojvodine<\/a><\/strong> posebno je zanimljiv onima koji \u017eele da vide druga\u010diju geografiju Srbije &#8211; prostranstva koja deluju gotovo filmski, posebno u <strong>jutarnjim i ve\u010dernjim satima kada svetlost menja boje peska i vegetacije.<\/strong> U maju je priroda ovde naj\u017eivlja, a odsustvo letnjih temperatura \u010dini istra\u017eivanje mnogo prijatnijim nego tokom jula i avgusta.<\/p>\n\n\n\n<h2 class=\"wp-block-heading\">3. Kanjon reke Jerme &amp; selo Vlasi<\/h2>\n\n\n\n<p>Na jugoistoku Srbije, kanjon reke <strong><a href=\"https:\/\/serbia.com\/srpski\/kanjon-reke-jerme-i-selo-vlasi-zaboravljeni-kutak-srbije\/\" type=\"post\" id=\"60134\" target=\"_blank\" rel=\"noreferrer noopener\">Jerme<\/a><\/strong> u maju izgleda posebno dramati\u010dno. Reka je tada sna\u017enija zbog prole\u0107nih voda, litice su okru\u017eene bujnom vegetacijom, a <strong>ceo kraj ima divlju i gotovo misti\u010dnu atmosferu. <\/strong>Ovaj deo Srbije jo\u0161 uvek ostaje van glavnih turisti\u010dkih ruta, \u0161to ga \u010dini idealnim za putnike koji \u017eele ti\u0161inu, prirodu i ose\u0107aj otkrivanja manje poznatih predela zemlje.<\/p>\n\n\n\n<figure class=\"wp-block-gallery has-nested-images columns-default is-cropped wp-block-gallery-2 is-layout-flex wp-block-gallery-is-layout-flex\">\n<figure class=\"wp-block-image size-large\"><img loading=\"lazy\" decoding=\"async\" width=\"1280\" height=\"853\" data-id=\"69902\" src=\"https:\/\/serbia.com\/wp-content\/uploads\/2026\/05\/Kanjon_Jerme_08-1280x853.jpg\" alt=\"\" class=\"wp-image-69902\" srcset=\"https:\/\/serbia.com\/wp-content\/uploads\/2026\/05\/Kanjon_Jerme_08-1280x853.jpg 1280w, https:\/\/serbia.com\/wp-content\/uploads\/2026\/05\/Kanjon_Jerme_08-300x200.jpg 300w, https:\/\/serbia.com\/wp-content\/uploads\/2026\/05\/Kanjon_Jerme_08-768x512.jpg 768w, https:\/\/serbia.com\/wp-content\/uploads\/2026\/05\/Kanjon_Jerme_08-1536x1024.jpg 1536w, https:\/\/serbia.com\/wp-content\/uploads\/2026\/05\/Kanjon_Jerme_08-760x507.jpg 760w, https:\/\/serbia.com\/wp-content\/uploads\/2026\/05\/Kanjon_Jerme_08-1500x1000.jpg 1500w, https:\/\/serbia.com\/wp-content\/uploads\/2026\/05\/Kanjon_Jerme_08-750x500.jpg 750w, https:\/\/serbia.com\/wp-content\/uploads\/2026\/05\/Kanjon_Jerme_08.jpg 1599w\" sizes=\"auto, (max-width: 1280px) 100vw, 1280px\" \/><figcaption class=\"wp-element-caption\">Reka Jerma, photo: Marko.vl, CC BY-SA 4.0\u00a0<a href=\"https:\/\/creativecommons.org\/licenses\/by-sa\/4.0\">https:\/\/creativecommons.org\/licenses\/by-sa\/4.0<\/a>, via Wikimedia Commons<\/figcaption><\/figure>\n\n\n\n<figure class=\"wp-block-image size-large\"><img loading=\"lazy\" decoding=\"async\" width=\"1280\" height=\"853\" data-id=\"69903\" src=\"https:\/\/serbia.com\/wp-content\/uploads\/2026\/05\/Vidikovac_Ravni_Kamik_2-1280x853.jpg\" alt=\"\" class=\"wp-image-69903\" srcset=\"https:\/\/serbia.com\/wp-content\/uploads\/2026\/05\/Vidikovac_Ravni_Kamik_2-1280x853.jpg 1280w, https:\/\/serbia.com\/wp-content\/uploads\/2026\/05\/Vidikovac_Ravni_Kamik_2-300x200.jpg 300w, https:\/\/serbia.com\/wp-content\/uploads\/2026\/05\/Vidikovac_Ravni_Kamik_2-768x512.jpg 768w, https:\/\/serbia.com\/wp-content\/uploads\/2026\/05\/Vidikovac_Ravni_Kamik_2-1536x1024.jpg 1536w, https:\/\/serbia.com\/wp-content\/uploads\/2026\/05\/Vidikovac_Ravni_Kamik_2-760x507.jpg 760w, https:\/\/serbia.com\/wp-content\/uploads\/2026\/05\/Vidikovac_Ravni_Kamik_2-1500x1000.jpg 1500w, https:\/\/serbia.com\/wp-content\/uploads\/2026\/05\/Vidikovac_Ravni_Kamik_2-750x500.jpg 750w, https:\/\/serbia.com\/wp-content\/uploads\/2026\/05\/Vidikovac_Ravni_Kamik_2.jpg 1599w\" sizes=\"auto, (max-width: 1280px) 100vw, 1280px\" \/><figcaption class=\"wp-element-caption\">Selo Vlasi, photo: Marko.vl, CC BY-SA 4.0\u00a0<a href=\"https:\/\/creativecommons.org\/licenses\/by-sa\/4.0\">https:\/\/creativecommons.org\/licenses\/by-sa\/4.0<\/a>, via Wikimedia Commons<\/figcaption><\/figure>\n<\/figure>\n\n\n\n<p><\/p>\n\n\n\n<p>U blizini se nalazi i <strong><a href=\"https:\/\/serbia.com\/srpski\/kanjon-reke-jerme-i-selo-vlasi-zaboravljeni-kutak-srbije\/\" type=\"post\" id=\"60134\" target=\"_blank\" rel=\"noreferrer noopener\">selo Vlasi<\/a><\/strong>, mali i mirni kraj koji dodatno poja\u010dava ose\u0107aj udaljenosti od urbanog \u017eivota. Stari putevi, kamene crkve i planinski pejza\u017ei stvaraju utisak prostora u kojem vreme sporije prolazi. Tokom maja, kada priroda potpuno o\u017eivi, ovaj region postaje<strong> jedno od najautenti\u010dnijih mesta za prole\u0107no istra\u017eivanje Srbije.<\/strong><\/p>\n\n\n\n<h2 class=\"wp-block-heading\">4. Belo Blato &amp; Carska Bara<\/h2>\n\n\n\n<p>Kasno prole\u0107e je mo\u017eda i <strong>najbolji period za istra\u017eivanje mo\u010dvarnih predela oko <a href=\"https:\/\/serbia.com\/srpski\/carska-bara-carska-oaza-prirode-u-vojvodini\/\" type=\"post\" id=\"62484\" target=\"_blank\" rel=\"noreferrer noopener\">Carske bare<\/a><\/strong>. Trska postaje gusta i zelena, ptice selice ispunjavaju rezervat prirode, a vo\u017enje \u010damcem kroz mirne kanale otkrivaju potpuno druga\u010diji pejza\u017e Srbije od onog koji se naj\u010de\u0161\u0107e povezuje sa zemljom. Upravo u maju <strong>ovaj deo <a href=\"https:\/\/serbia.com\/srpski\/istrazujemo-delove-srbije-vojvodina\/\" type=\"post\" id=\"60302\" target=\"_blank\" rel=\"noreferrer noopener\">Vojvodine<\/a> deluje naj\u017eivlje i najfotogeni\u010dnije.<\/strong><\/p>\n\n\n\n<figure class=\"wp-block-gallery has-nested-images columns-default is-cropped wp-block-gallery-3 is-layout-flex wp-block-gallery-is-layout-flex\">\n<figure class=\"wp-block-image size-large\"><img loading=\"lazy\" decoding=\"async\" width=\"1280\" height=\"853\" data-id=\"69904\" src=\"https:\/\/serbia.com\/wp-content\/uploads\/2026\/05\/ChatGPT-Image-May-1-2026-12_39_09-PM-1280x853.jpg\" alt=\"\" class=\"wp-image-69904\" srcset=\"https:\/\/serbia.com\/wp-content\/uploads\/2026\/05\/ChatGPT-Image-May-1-2026-12_39_09-PM-1280x853.jpg 1280w, https:\/\/serbia.com\/wp-content\/uploads\/2026\/05\/ChatGPT-Image-May-1-2026-12_39_09-PM-300x200.jpg 300w, https:\/\/serbia.com\/wp-content\/uploads\/2026\/05\/ChatGPT-Image-May-1-2026-12_39_09-PM-768x512.jpg 768w, https:\/\/serbia.com\/wp-content\/uploads\/2026\/05\/ChatGPT-Image-May-1-2026-12_39_09-PM-760x507.jpg 760w, https:\/\/serbia.com\/wp-content\/uploads\/2026\/05\/ChatGPT-Image-May-1-2026-12_39_09-PM-1500x1000.jpg 1500w, https:\/\/serbia.com\/wp-content\/uploads\/2026\/05\/ChatGPT-Image-May-1-2026-12_39_09-PM-750x500.jpg 750w, https:\/\/serbia.com\/wp-content\/uploads\/2026\/05\/ChatGPT-Image-May-1-2026-12_39_09-PM.jpg 1536w\" sizes=\"auto, (max-width: 1280px) 100vw, 1280px\" \/><figcaption class=\"wp-element-caption\">Drvored u selu Belo Blato<\/figcaption><\/figure>\n\n\n\n<figure class=\"wp-block-image size-large\"><img loading=\"lazy\" decoding=\"async\" width=\"1280\" height=\"857\" data-id=\"69511\" src=\"https:\/\/serbia.com\/wp-content\/uploads\/2026\/04\/Carska_bara_Serbia_06-1280x857.jpg\" alt=\"\" class=\"wp-image-69511\" srcset=\"https:\/\/serbia.com\/wp-content\/uploads\/2026\/04\/Carska_bara_Serbia_06-1280x857.jpg 1280w, https:\/\/serbia.com\/wp-content\/uploads\/2026\/04\/Carska_bara_Serbia_06-300x201.jpg 300w, https:\/\/serbia.com\/wp-content\/uploads\/2026\/04\/Carska_bara_Serbia_06-768x514.jpg 768w, https:\/\/serbia.com\/wp-content\/uploads\/2026\/04\/Carska_bara_Serbia_06-1536x1029.jpg 1536w, https:\/\/serbia.com\/wp-content\/uploads\/2026\/04\/Carska_bara_Serbia_06-760x509.jpg 760w, https:\/\/serbia.com\/wp-content\/uploads\/2026\/04\/Carska_bara_Serbia_06-1493x1000.jpg 1493w, https:\/\/serbia.com\/wp-content\/uploads\/2026\/04\/Carska_bara_Serbia_06-747x500.jpg 747w, https:\/\/serbia.com\/wp-content\/uploads\/2026\/04\/Carska_bara_Serbia_06.jpg 1920w\" sizes=\"auto, (max-width: 1280px) 100vw, 1280px\" \/><figcaption class=\"wp-element-caption\">Carska bara, \u00a0Faith Photography, via Wikimedia Commons<\/figcaption><\/figure>\n<\/figure>\n\n\n\n<p><\/p>\n\n\n\n<p>Obli\u017enje <strong>Belo Blato <\/strong>dodatno poja\u010dava atmosferu ovog kraja. Malo selo poznato po svojoj <strong>multikulturalnoj tradiciji i sporijem ritmu \u017eivota <\/strong>predstavlja zanimljivu bazu za istra\u017eivanje rezervata i ravni\u010darskih pejza\u017ea Banata. Spoj vode, mo\u010dvara, ravnice i ti\u0161ine \u010dini ovo jednim od najneobi\u010dnijih prole\u0107nih putovanja u Srbiji.<\/p>\n\n\n\n<h2 class=\"wp-block-heading\">5. Vodopadi Stare planine<\/h2>\n\n\n\n<p>Ako postoji period kada vodopadi <strong><a href=\"https:\/\/serbia.com\/srpski\/posetite-srbiju\/prirodne-lepote\/planine\/stara-planina-prirodni-rezervat-u-dve-drzave\/\" type=\"page\" id=\"32507\" target=\"_blank\" rel=\"noreferrer noopener\">Stare planine<\/a><\/strong> izgledaju najimpresivnije, onda je to maj. Nakon topljenja snega i prole\u0107nih ki\u0161a, vodopadi poput <strong><a href=\"https:\/\/serbia.com\/srpski\/zaledeni-vodopad-tupavica-bajkovito-remek-delo-prirode\/\" type=\"post\" id=\"42956\" target=\"_blank\" rel=\"noreferrer noopener\">Tupavice<\/a><\/strong>, <strong><a href=\"https:\/\/serbia.com\/srpski\/vodopad-bigar-u-prolece-ziva-skulptura-srbije\/\" type=\"post\" id=\"65835\" target=\"_blank\" rel=\"noreferrer noopener\">Bigra<\/a><\/strong> i <strong>Pilja<\/strong> imaju sna\u017ean protok vode, dok planinski pejza\u017ei oko njih postaju intenzivno zeleni. Upravo tada ovaj deo Srbije pokazuje svoju najdivljiju i najdramati\u010dniju prirodnu stranu.<\/p>\n\n\n\n<figure class=\"wp-block-gallery has-nested-images columns-default is-cropped wp-block-gallery-4 is-layout-flex wp-block-gallery-is-layout-flex\">\n<figure class=\"wp-block-image size-large\"><img loading=\"lazy\" decoding=\"async\" width=\"1280\" height=\"853\" data-id=\"69860\" src=\"https:\/\/serbia.com\/wp-content\/uploads\/2026\/04\/Untitled-2250-x-1500-px-78-1280x853.jpg\" alt=\"\" class=\"wp-image-69860\" srcset=\"https:\/\/serbia.com\/wp-content\/uploads\/2026\/04\/Untitled-2250-x-1500-px-78-1280x853.jpg 1280w, https:\/\/serbia.com\/wp-content\/uploads\/2026\/04\/Untitled-2250-x-1500-px-78-300x200.jpg 300w, https:\/\/serbia.com\/wp-content\/uploads\/2026\/04\/Untitled-2250-x-1500-px-78-768x512.jpg 768w, https:\/\/serbia.com\/wp-content\/uploads\/2026\/04\/Untitled-2250-x-1500-px-78-1536x1024.jpg 1536w, https:\/\/serbia.com\/wp-content\/uploads\/2026\/04\/Untitled-2250-x-1500-px-78-2048x1365.jpg 2048w, https:\/\/serbia.com\/wp-content\/uploads\/2026\/04\/Untitled-2250-x-1500-px-78-760x507.jpg 760w, https:\/\/serbia.com\/wp-content\/uploads\/2026\/04\/Untitled-2250-x-1500-px-78-1500x1000.jpg 1500w, https:\/\/serbia.com\/wp-content\/uploads\/2026\/04\/Untitled-2250-x-1500-px-78-750x500.jpg 750w\" sizes=\"auto, (max-width: 1280px) 100vw, 1280px\" \/><figcaption class=\"wp-element-caption\">Vodopad Tupavica<\/figcaption><\/figure>\n\n\n\n<figure class=\"wp-block-image size-large\"><img loading=\"lazy\" decoding=\"async\" width=\"1280\" height=\"853\" data-id=\"65823\" src=\"https:\/\/serbia.com\/wp-content\/uploads\/2026\/03\/ChatGPT-Image-Mar-17-2026-11_22_37-AM-1280x853.jpg\" alt=\"\" class=\"wp-image-65823\" srcset=\"https:\/\/serbia.com\/wp-content\/uploads\/2026\/03\/ChatGPT-Image-Mar-17-2026-11_22_37-AM-1280x853.jpg 1280w, https:\/\/serbia.com\/wp-content\/uploads\/2026\/03\/ChatGPT-Image-Mar-17-2026-11_22_37-AM-300x200.jpg 300w, https:\/\/serbia.com\/wp-content\/uploads\/2026\/03\/ChatGPT-Image-Mar-17-2026-11_22_37-AM-768x512.jpg 768w, https:\/\/serbia.com\/wp-content\/uploads\/2026\/03\/ChatGPT-Image-Mar-17-2026-11_22_37-AM-760x507.jpg 760w, https:\/\/serbia.com\/wp-content\/uploads\/2026\/03\/ChatGPT-Image-Mar-17-2026-11_22_37-AM-1500x1000.jpg 1500w, https:\/\/serbia.com\/wp-content\/uploads\/2026\/03\/ChatGPT-Image-Mar-17-2026-11_22_37-AM-750x500.jpg 750w, https:\/\/serbia.com\/wp-content\/uploads\/2026\/03\/ChatGPT-Image-Mar-17-2026-11_22_37-AM.jpg 1536w\" sizes=\"auto, (max-width: 1280px) 100vw, 1280px\" \/><figcaption class=\"wp-element-caption\">Vodopad Bigar<\/figcaption><\/figure>\n\n\n\n<figure class=\"wp-block-image size-large\"><img loading=\"lazy\" decoding=\"async\" width=\"847\" height=\"1280\" data-id=\"69905\" src=\"https:\/\/serbia.com\/wp-content\/uploads\/2026\/05\/\u041f\u0438\u0459\u0441\u043a\u0438_\u0432\u043e\u0434\u043e\u043f\u0430\u0434_\u043d\u0430_\u0421\u0442\u0430\u0440\u043e\u0458_\u043f\u043b\u0430\u043d\u0438\u043d\u0438-847x1280.jpg\" alt=\"\" class=\"wp-image-69905\" srcset=\"https:\/\/serbia.com\/wp-content\/uploads\/2026\/05\/\u041f\u0438\u0459\u0441\u043a\u0438_\u0432\u043e\u0434\u043e\u043f\u0430\u0434_\u043d\u0430_\u0421\u0442\u0430\u0440\u043e\u0458_\u043f\u043b\u0430\u043d\u0438\u043d\u0438-847x1280.jpg 847w, https:\/\/serbia.com\/wp-content\/uploads\/2026\/05\/\u041f\u0438\u0459\u0441\u043a\u0438_\u0432\u043e\u0434\u043e\u043f\u0430\u0434_\u043d\u0430_\u0421\u0442\u0430\u0440\u043e\u0458_\u043f\u043b\u0430\u043d\u0438\u043d\u0438-199x300.jpg 199w, https:\/\/serbia.com\/wp-content\/uploads\/2026\/05\/\u041f\u0438\u0459\u0441\u043a\u0438_\u0432\u043e\u0434\u043e\u043f\u0430\u0434_\u043d\u0430_\u0421\u0442\u0430\u0440\u043e\u0458_\u043f\u043b\u0430\u043d\u0438\u043d\u0438-768x1160.jpg 768w, https:\/\/serbia.com\/wp-content\/uploads\/2026\/05\/\u041f\u0438\u0459\u0441\u043a\u0438_\u0432\u043e\u0434\u043e\u043f\u0430\u0434_\u043d\u0430_\u0421\u0442\u0430\u0440\u043e\u0458_\u043f\u043b\u0430\u043d\u0438\u043d\u0438-760x1148.jpg 760w, https:\/\/serbia.com\/wp-content\/uploads\/2026\/05\/\u041f\u0438\u0459\u0441\u043a\u0438_\u0432\u043e\u0434\u043e\u043f\u0430\u0434_\u043d\u0430_\u0421\u0442\u0430\u0440\u043e\u0458_\u043f\u043b\u0430\u043d\u0438\u043d\u0438-662x1000.jpg 662w, https:\/\/serbia.com\/wp-content\/uploads\/2026\/05\/\u041f\u0438\u0459\u0441\u043a\u0438_\u0432\u043e\u0434\u043e\u043f\u0430\u0434_\u043d\u0430_\u0421\u0442\u0430\u0440\u043e\u0458_\u043f\u043b\u0430\u043d\u0438\u043d\u0438-331x500.jpg 331w, https:\/\/serbia.com\/wp-content\/uploads\/2026\/05\/\u041f\u0438\u0459\u0441\u043a\u0438_\u0432\u043e\u0434\u043e\u043f\u0430\u0434_\u043d\u0430_\u0421\u0442\u0430\u0440\u043e\u0458_\u043f\u043b\u0430\u043d\u0438\u043d\u0438.jpg 960w\" sizes=\"auto, (max-width: 847px) 100vw, 847px\" \/><figcaption class=\"wp-element-caption\">Pilj, Mixapirgossi, CC BY-SA 3.0\u00a0<a href=\"https:\/\/creativecommons.org\/licenses\/by-sa\/3.0\">https:\/\/creativecommons.org\/licenses\/by-sa\/3.0<\/a>, via Wikimedia Commons<\/figcaption><\/figure>\n<\/figure>\n\n\n\n<p><\/p>\n\n\n\n<p>Osim samih vodopada, <strong><a href=\"https:\/\/serbia.com\/srpski\/posetite-srbiju\/prirodne-lepote\/planine\/stara-planina-prirodni-rezervat-u-dve-drzave\/\" type=\"page\" id=\"32507\" target=\"_blank\" rel=\"noreferrer noopener\">Stara planina<\/a><\/strong> tokom maja pru\u017ea idealne uslove za hiking, istra\u017eivanje planinskih sela i du\u017ee road trip rute kroz jugoisto\u010dnu Srbiju. Za razliku od letnjih meseci, temperature su prijatnije, staze mirnije, a cela regija ima ose\u0107aj netaknute prirode koji je danas sve te\u017ee prona\u0107i.<\/p>\n","protected":false},"excerpt":{"rendered":"<p>Maj u Srbiji donosi mo\u017eda najbolji balans izme\u0111u prole\u0107ne sve\u017eine i po\u010detka putni\u010dke sezone. Planinski predeli postaju intenzivno zeleni, vodopadi i reke su najmo\u0107niji nakon prole\u0107nih ki\u0161a, ravnice cvetaju, a [&hellip;]<\/p>\n","protected":false},"author":27,"featured_media":69908,"comment_status":"open","ping_status":"closed","sticky":false,"template":"","format":"standard","meta":{"_acf_changed":false,"inline_featured_image":false,"_monsterinsights_skip_tracking":false,"_monsterinsights_sitenote_active":false,"_monsterinsights_sitenote_note":"","_monsterinsights_sitenote_category":0,"footnotes":""},"categories":[2818],"tags":[],"class_list":["post-69907","post","type-post","status-publish","format-standard","has-post-thumbnail","hentry","category-poseti-srbiju"],"acf":[],"yoast_head":"<!-- This site is optimized with the Yoast SEO plugin v27.4 - https:\/\/yoast.com\/product\/yoast-seo-wordpress\/ -->\n<title>Top 5 destinacija u srbiji ovog maja - Serbia.com<\/title>\n<meta name=\"description\" content=\"Otkrijte 5 destinacija u Srbiji koje su najlep\u0161e upravo u maju - od mo\u0107nih vodopada i skrivenih kanjona do mo\u010dvarnih rezervata, pe\u0161\u010danih pejza\u017ea i autenti\u010dnih prole\u0107nih putovanja.\" \/>\n<meta name=\"robots\" content=\"index, follow, max-snippet:-1, max-image-preview:large, max-video-preview:-1\" \/>\n<link rel=\"canonical\" href=\"https:\/\/serbia.com\/srpski\/top-5-destinacija-u-srbiji-ovog-maja\/\" \/>\n<meta property=\"og:locale\" content=\"en_US\" \/>\n<meta property=\"og:type\" content=\"article\" \/>\n<meta property=\"og:title\" content=\"Top 5 destinacija u srbiji ovog maja - Serbia.com\" \/>\n<meta property=\"og:description\" content=\"Otkrijte 5 destinacija u Srbiji koje su najlep\u0161e upravo u maju - od mo\u0107nih vodopada i skrivenih kanjona do mo\u010dvarnih rezervata, pe\u0161\u010danih pejza\u017ea i autenti\u010dnih prole\u0107nih putovanja.\" \/>\n<meta property=\"og:url\" content=\"https:\/\/serbia.com\/srpski\/top-5-destinacija-u-srbiji-ovog-maja\/\" \/>\n<meta property=\"og:site_name\" content=\"Serbia.com\" \/>\n<meta property=\"article:published_time\" content=\"2026-05-02T08:44:49+00:00\" \/>\n<meta property=\"article:modified_time\" content=\"2026-05-02T08:44:51+00:00\" \/>\n<meta property=\"og:image\" content=\"https:\/\/serbia.com\/wp-content\/uploads\/2026\/05\/ChatGPT-Image-May-1-2026-12_39_09-PM-2-e1777711459481.jpg\" \/>\n\t<meta property=\"og:image:width\" content=\"1536\" \/>\n\t<meta property=\"og:image:height\" content=\"648\" \/>\n\t<meta property=\"og:image:type\" content=\"image\/jpeg\" \/>\n<meta name=\"author\" content=\"Ivona Lekan\" \/>\n<meta name=\"twitter:label1\" content=\"Written by\" \/>\n\t<meta name=\"twitter:data1\" content=\"Ivona Lekan\" \/>\n\t<meta name=\"twitter:label2\" content=\"Est. reading time\" \/>\n\t<meta name=\"twitter:data2\" content=\"6 minutes\" \/>\n<script type=\"application\/ld+json\" class=\"yoast-schema-graph\">{\"@context\":\"https:\\\/\\\/schema.org\",\"@graph\":[{\"@type\":\"Article\",\"@id\":\"https:\\\/\\\/serbia.com\\\/srpski\\\/top-5-destinacija-u-srbiji-ovog-maja\\\/#article\",\"isPartOf\":{\"@id\":\"https:\\\/\\\/serbia.com\\\/srpski\\\/top-5-destinacija-u-srbiji-ovog-maja\\\/\"},\"author\":{\"name\":\"Ivona Lekan\",\"@id\":\"https:\\\/\\\/serbia.com\\\/#\\\/schema\\\/person\\\/954f6599db4406bd5f2e8384659bdc33\"},\"headline\":\"Top 5 destinacija u srbiji ovog maja\",\"datePublished\":\"2026-05-02T08:44:49+00:00\",\"dateModified\":\"2026-05-02T08:44:51+00:00\",\"mainEntityOfPage\":{\"@id\":\"https:\\\/\\\/serbia.com\\\/srpski\\\/top-5-destinacija-u-srbiji-ovog-maja\\\/\"},\"wordCount\":933,\"commentCount\":0,\"image\":{\"@id\":\"https:\\\/\\\/serbia.com\\\/srpski\\\/top-5-destinacija-u-srbiji-ovog-maja\\\/#primaryimage\"},\"thumbnailUrl\":\"https:\\\/\\\/serbia.com\\\/wp-content\\\/uploads\\\/2026\\\/05\\\/ChatGPT-Image-May-1-2026-12_39_09-PM-2-e1777711459481.jpg\",\"articleSection\":[\"Poseti Srbiju\"],\"inLanguage\":\"srpski\",\"potentialAction\":[{\"@type\":\"CommentAction\",\"name\":\"Comment\",\"target\":[\"https:\\\/\\\/serbia.com\\\/srpski\\\/top-5-destinacija-u-srbiji-ovog-maja\\\/#respond\"]}]},{\"@type\":\"WebPage\",\"@id\":\"https:\\\/\\\/serbia.com\\\/srpski\\\/top-5-destinacija-u-srbiji-ovog-maja\\\/\",\"url\":\"https:\\\/\\\/serbia.com\\\/srpski\\\/top-5-destinacija-u-srbiji-ovog-maja\\\/\",\"name\":\"Top 5 destinacija u srbiji ovog maja - Serbia.com\",\"isPartOf\":{\"@id\":\"https:\\\/\\\/serbia.com\\\/#website\"},\"primaryImageOfPage\":{\"@id\":\"https:\\\/\\\/serbia.com\\\/srpski\\\/top-5-destinacija-u-srbiji-ovog-maja\\\/#primaryimage\"},\"image\":{\"@id\":\"https:\\\/\\\/serbia.com\\\/srpski\\\/top-5-destinacija-u-srbiji-ovog-maja\\\/#primaryimage\"},\"thumbnailUrl\":\"https:\\\/\\\/serbia.com\\\/wp-content\\\/uploads\\\/2026\\\/05\\\/ChatGPT-Image-May-1-2026-12_39_09-PM-2-e1777711459481.jpg\",\"datePublished\":\"2026-05-02T08:44:49+00:00\",\"dateModified\":\"2026-05-02T08:44:51+00:00\",\"author\":{\"@id\":\"https:\\\/\\\/serbia.com\\\/#\\\/schema\\\/person\\\/954f6599db4406bd5f2e8384659bdc33\"},\"description\":\"Otkrijte 5 destinacija u Srbiji koje su najlep\u0161e upravo u maju - od mo\u0107nih vodopada i skrivenih kanjona do mo\u010dvarnih rezervata, pe\u0161\u010danih pejza\u017ea i autenti\u010dnih prole\u0107nih putovanja.\",\"breadcrumb\":{\"@id\":\"https:\\\/\\\/serbia.com\\\/srpski\\\/top-5-destinacija-u-srbiji-ovog-maja\\\/#breadcrumb\"},\"inLanguage\":\"srpski\",\"potentialAction\":[{\"@type\":\"ReadAction\",\"target\":[\"https:\\\/\\\/serbia.com\\\/srpski\\\/top-5-destinacija-u-srbiji-ovog-maja\\\/\"]}]},{\"@type\":\"ImageObject\",\"inLanguage\":\"srpski\",\"@id\":\"https:\\\/\\\/serbia.com\\\/srpski\\\/top-5-destinacija-u-srbiji-ovog-maja\\\/#primaryimage\",\"url\":\"https:\\\/\\\/serbia.com\\\/wp-content\\\/uploads\\\/2026\\\/05\\\/ChatGPT-Image-May-1-2026-12_39_09-PM-2-e1777711459481.jpg\",\"contentUrl\":\"https:\\\/\\\/serbia.com\\\/wp-content\\\/uploads\\\/2026\\\/05\\\/ChatGPT-Image-May-1-2026-12_39_09-PM-2-e1777711459481.jpg\",\"width\":1536,\"height\":648},{\"@type\":\"BreadcrumbList\",\"@id\":\"https:\\\/\\\/serbia.com\\\/srpski\\\/top-5-destinacija-u-srbiji-ovog-maja\\\/#breadcrumb\",\"itemListElement\":[{\"@type\":\"ListItem\",\"position\":1,\"name\":\"Home\",\"item\":\"https:\\\/\\\/serbia.com\\\/srpski\\\/\"},{\"@type\":\"ListItem\",\"position\":2,\"name\":\"Top 5 destinacija u srbiji ovog maja\"}]},{\"@type\":\"WebSite\",\"@id\":\"https:\\\/\\\/serbia.com\\\/#website\",\"url\":\"https:\\\/\\\/serbia.com\\\/\",\"name\":\"Serbia.com\",\"description\":\"Your Gateway to Serbia\",\"potentialAction\":[{\"@type\":\"SearchAction\",\"target\":{\"@type\":\"EntryPoint\",\"urlTemplate\":\"https:\\\/\\\/serbia.com\\\/?s={search_term_string}\"},\"query-input\":{\"@type\":\"PropertyValueSpecification\",\"valueRequired\":true,\"valueName\":\"search_term_string\"}}],\"inLanguage\":\"srpski\"},{\"@type\":\"Person\",\"@id\":\"https:\\\/\\\/serbia.com\\\/#\\\/schema\\\/person\\\/954f6599db4406bd5f2e8384659bdc33\",\"name\":\"Ivona Lekan\",\"image\":{\"@type\":\"ImageObject\",\"inLanguage\":\"srpski\",\"@id\":\"https:\\\/\\\/secure.gravatar.com\\\/avatar\\\/4eba414fa53ccc3824d6c0254e6c3425ccdebeb4c72580208b23386c071b50b2?s=96&d=mm&r=g\",\"url\":\"https:\\\/\\\/secure.gravatar.com\\\/avatar\\\/4eba414fa53ccc3824d6c0254e6c3425ccdebeb4c72580208b23386c071b50b2?s=96&d=mm&r=g\",\"contentUrl\":\"https:\\\/\\\/secure.gravatar.com\\\/avatar\\\/4eba414fa53ccc3824d6c0254e6c3425ccdebeb4c72580208b23386c071b50b2?s=96&d=mm&r=g\",\"caption\":\"Ivona Lekan\"},\"url\":\"https:\\\/\\\/serbia.com\\\/srpski\\\/author\\\/ivondivine\\\/\"}]}<\/script>\n<!-- \/ Yoast SEO plugin. -->","yoast_head_json":{"title":"Top 5 destinacija u srbiji ovog maja - Serbia.com","description":"Otkrijte 5 destinacija u Srbiji koje su najlep\u0161e upravo u maju - od mo\u0107nih vodopada i skrivenih kanjona do mo\u010dvarnih rezervata, pe\u0161\u010danih pejza\u017ea i autenti\u010dnih prole\u0107nih putovanja.","robots":{"index":"index","follow":"follow","max-snippet":"max-snippet:-1","max-image-preview":"max-image-preview:large","max-video-preview":"max-video-preview:-1"},"canonical":"https:\/\/serbia.com\/srpski\/top-5-destinacija-u-srbiji-ovog-maja\/","og_locale":"en_US","og_type":"article","og_title":"Top 5 destinacija u srbiji ovog maja - Serbia.com","og_description":"Otkrijte 5 destinacija u Srbiji koje su najlep\u0161e upravo u maju - od mo\u0107nih vodopada i skrivenih kanjona do mo\u010dvarnih rezervata, pe\u0161\u010danih pejza\u017ea i autenti\u010dnih prole\u0107nih putovanja.","og_url":"https:\/\/serbia.com\/srpski\/top-5-destinacija-u-srbiji-ovog-maja\/","og_site_name":"Serbia.com","article_published_time":"2026-05-02T08:44:49+00:00","article_modified_time":"2026-05-02T08:44:51+00:00","og_image":[{"width":1536,"height":648,"url":"https:\/\/serbia.com\/wp-content\/uploads\/2026\/05\/ChatGPT-Image-May-1-2026-12_39_09-PM-2-e1777711459481.jpg","type":"image\/jpeg"}],"author":"Ivona Lekan","twitter_misc":{"Written by":"Ivona Lekan","Est. reading time":"6 minutes"},"schema":{"@context":"https:\/\/schema.org","@graph":[{"@type":"Article","@id":"https:\/\/serbia.com\/srpski\/top-5-destinacija-u-srbiji-ovog-maja\/#article","isPartOf":{"@id":"https:\/\/serbia.com\/srpski\/top-5-destinacija-u-srbiji-ovog-maja\/"},"author":{"name":"Ivona Lekan","@id":"https:\/\/serbia.com\/#\/schema\/person\/954f6599db4406bd5f2e8384659bdc33"},"headline":"Top 5 destinacija u srbiji ovog maja","datePublished":"2026-05-02T08:44:49+00:00","dateModified":"2026-05-02T08:44:51+00:00","mainEntityOfPage":{"@id":"https:\/\/serbia.com\/srpski\/top-5-destinacija-u-srbiji-ovog-maja\/"},"wordCount":933,"commentCount":0,"image":{"@id":"https:\/\/serbia.com\/srpski\/top-5-destinacija-u-srbiji-ovog-maja\/#primaryimage"},"thumbnailUrl":"https:\/\/serbia.com\/wp-content\/uploads\/2026\/05\/ChatGPT-Image-May-1-2026-12_39_09-PM-2-e1777711459481.jpg","articleSection":["Poseti Srbiju"],"inLanguage":"srpski","potentialAction":[{"@type":"CommentAction","name":"Comment","target":["https:\/\/serbia.com\/srpski\/top-5-destinacija-u-srbiji-ovog-maja\/#respond"]}]},{"@type":"WebPage","@id":"https:\/\/serbia.com\/srpski\/top-5-destinacija-u-srbiji-ovog-maja\/","url":"https:\/\/serbia.com\/srpski\/top-5-destinacija-u-srbiji-ovog-maja\/","name":"Top 5 destinacija u srbiji ovog maja - Serbia.com","isPartOf":{"@id":"https:\/\/serbia.com\/#website"},"primaryImageOfPage":{"@id":"https:\/\/serbia.com\/srpski\/top-5-destinacija-u-srbiji-ovog-maja\/#primaryimage"},"image":{"@id":"https:\/\/serbia.com\/srpski\/top-5-destinacija-u-srbiji-ovog-maja\/#primaryimage"},"thumbnailUrl":"https:\/\/serbia.com\/wp-content\/uploads\/2026\/05\/ChatGPT-Image-May-1-2026-12_39_09-PM-2-e1777711459481.jpg","datePublished":"2026-05-02T08:44:49+00:00","dateModified":"2026-05-02T08:44:51+00:00","author":{"@id":"https:\/\/serbia.com\/#\/schema\/person\/954f6599db4406bd5f2e8384659bdc33"},"description":"Otkrijte 5 destinacija u Srbiji koje su najlep\u0161e upravo u maju - od mo\u0107nih vodopada i skrivenih kanjona do mo\u010dvarnih rezervata, pe\u0161\u010danih pejza\u017ea i autenti\u010dnih prole\u0107nih putovanja.","breadcrumb":{"@id":"https:\/\/serbia.com\/srpski\/top-5-destinacija-u-srbiji-ovog-maja\/#breadcrumb"},"inLanguage":"srpski","potentialAction":[{"@type":"ReadAction","target":["https:\/\/serbia.com\/srpski\/top-5-destinacija-u-srbiji-ovog-maja\/"]}]},{"@type":"ImageObject","inLanguage":"srpski","@id":"https:\/\/serbia.com\/srpski\/top-5-destinacija-u-srbiji-ovog-maja\/#primaryimage","url":"https:\/\/serbia.com\/wp-content\/uploads\/2026\/05\/ChatGPT-Image-May-1-2026-12_39_09-PM-2-e1777711459481.jpg","contentUrl":"https:\/\/serbia.com\/wp-content\/uploads\/2026\/05\/ChatGPT-Image-May-1-2026-12_39_09-PM-2-e1777711459481.jpg","width":1536,"height":648},{"@type":"BreadcrumbList","@id":"https:\/\/serbia.com\/srpski\/top-5-destinacija-u-srbiji-ovog-maja\/#breadcrumb","itemListElement":[{"@type":"ListItem","position":1,"name":"Home","item":"https:\/\/serbia.com\/srpski\/"},{"@type":"ListItem","position":2,"name":"Top 5 destinacija u srbiji ovog maja"}]},{"@type":"WebSite","@id":"https:\/\/serbia.com\/#website","url":"https:\/\/serbia.com\/","name":"Serbia.com","description":"Your Gateway to Serbia","potentialAction":[{"@type":"SearchAction","target":{"@type":"EntryPoint","urlTemplate":"https:\/\/serbia.com\/?s={search_term_string}"},"query-input":{"@type":"PropertyValueSpecification","valueRequired":true,"valueName":"search_term_string"}}],"inLanguage":"srpski"},{"@type":"Person","@id":"https:\/\/serbia.com\/#\/schema\/person\/954f6599db4406bd5f2e8384659bdc33","name":"Ivona Lekan","image":{"@type":"ImageObject","inLanguage":"srpski","@id":"https:\/\/secure.gravatar.com\/avatar\/4eba414fa53ccc3824d6c0254e6c3425ccdebeb4c72580208b23386c071b50b2?s=96&d=mm&r=g","url":"https:\/\/secure.gravatar.com\/avatar\/4eba414fa53ccc3824d6c0254e6c3425ccdebeb4c72580208b23386c071b50b2?s=96&d=mm&r=g","contentUrl":"https:\/\/secure.gravatar.com\/avatar\/4eba414fa53ccc3824d6c0254e6c3425ccdebeb4c72580208b23386c071b50b2?s=96&d=mm&r=g","caption":"Ivona Lekan"},"url":"https:\/\/serbia.com\/srpski\/author\/ivondivine\/"}]}},"brizy_media":[],"_links":{"self":[{"href":"https:\/\/serbia.com\/srpski\/wp-json\/wp\/v2\/posts\/69907","targetHints":{"allow":["GET"]}}],"collection":[{"href":"https:\/\/serbia.com\/srpski\/wp-json\/wp\/v2\/posts"}],"about":[{"href":"https:\/\/serbia.com\/srpski\/wp-json\/wp\/v2\/types\/post"}],"author":[{"embeddable":true,"href":"https:\/\/serbia.com\/srpski\/wp-json\/wp\/v2\/users\/27"}],"replies":[{"embeddable":true,"href":"https:\/\/serbia.com\/srpski\/wp-json\/wp\/v2\/comments?post=69907"}],"version-history":[{"count":1,"href":"https:\/\/serbia.com\/srpski\/wp-json\/wp\/v2\/posts\/69907\/revisions"}],"predecessor-version":[{"id":69909,"href":"https:\/\/serbia.com\/srpski\/wp-json\/wp\/v2\/posts\/69907\/revisions\/69909"}],"wp:featuredmedia":[{"embeddable":true,"href":"https:\/\/serbia.com\/srpski\/wp-json\/wp\/v2\/media\/69908"}],"wp:attachment":[{"href":"https:\/\/serbia.com\/srpski\/wp-json\/wp\/v2\/media?parent=69907"}],"wp:term":[{"taxonomy":"category","embeddable":true,"href":"https:\/\/serbia.com\/srpski\/wp-json\/wp\/v2\/categories?post=69907"},{"taxonomy":"post_tag","embeddable":true,"href":"https:\/\/serbia.com\/srpski\/wp-json\/wp\/v2\/tags?post=69907"}],"curies":[{"name":"wp","href":"https:\/\/api.w.org\/{rel}","templated":true}]}}