{"id":63486,"date":"2025-11-06T09:00:00","date_gmt":"2025-11-06T08:00:00","guid":{"rendered":"https:\/\/serbia.com\/?p=63486"},"modified":"2025-11-05T14:47:45","modified_gmt":"2025-11-05T13:47:45","slug":"5-najfotogenicnijih-gradova-u-srbiji","status":"publish","type":"post","link":"https:\/\/serbia.com\/srpski\/5-najfotogenicnijih-gradova-u-srbiji\/","title":{"rendered":"5 najfotogeni\u010dnijih gradova u Srbiji"},"content":{"rendered":"\n<p><em>Srbija je zemlja koja iznena\u0111uje raznoliko\u0161\u0107u pejza\u017ea i gradova. Od \u017eivopisnih fasada i dunavskih pogleda do secesijskih zdanja i planinskih panorama \u2014 svaki grad ima svoje lice koje mami objektiv. Ako voli\u0161 da putuje\u0161 s foto-aparatom ili mobilnim telefonom u ruci, ovo je lista koju mora\u0161 da ima\u0161!<\/em><\/p>\n\n\n\n<h3 class=\"wp-block-heading\"><strong>1. Beograd \u2013 Grad kontrasta i pogleda<\/strong><\/h3>\n\n\n\n<p><strong><a href=\"https:\/\/serbia.com\/srpski\/posetite-srbiju\/gradovi\/beograd\/\">Beograd<\/a><\/strong> je pravi izazov za fotografe \u2014 njegova energija menja se na svakom koraku. <strong><a href=\"https:\/\/serbia.com\/srpski\/posetite-srbiju\/kulturne-atrakcije\/dvorci-i-tvrdave\/beogradska-tvrdava-put-stopama-istorije\/\">Kalemegdan<\/a><\/strong> i pogled na u\u0161\u0107e <strong><a href=\"https:\/\/serbia.com\/srpski\/posetite-srbiju\/prirodne-lepote\/reke-i-jezera\/reka-sava-ispomoc-zevsu\/\">Save<\/a><\/strong> u <strong><a href=\"https:\/\/serbia.com\/srpski\/posetite-srbiju\/prirodne-lepote\/reke-i-jezera\/dunav-mesto-spajanja-i-razdvajanja\/\">Dunav<\/a><\/strong>, <strong><a href=\"https:\/\/serbia.com\/srpski\/dorcol-beogradski-kvart-koji-prica-price\/\">Dor\u0107ol<\/a><\/strong> sa muralima i starim ku\u0107ama, boje <strong><a href=\"https:\/\/serbia.com\/srpski\/zemun-2\/\">Zemunskog keja<\/a><\/strong> u zalazak sunca i moderne linije <strong>Beograda na vodi<\/strong> stvaraju beskona\u010dne motive. No\u0107ne fotografije s <a href=\"https:\/\/serbia.com\/srpski\/istrazujemo-beogradske-mostove-simbole-povezanosti-i-istorije\/\"><strong>mostova<\/strong><\/a> i vidikovaca daju mu poseban, filmski \u0161arm.<\/p>\n\n\n\n<figure class=\"wp-block-image size-large\"><img loading=\"lazy\" decoding=\"async\" width=\"1280\" height=\"853\" src=\"https:\/\/serbia.com\/wp-content\/uploads\/2025\/11\/Untitled-2250-x-1500-px-31-1280x853.jpg\" alt=\"\" class=\"wp-image-63477\" srcset=\"https:\/\/serbia.com\/wp-content\/uploads\/2025\/11\/Untitled-2250-x-1500-px-31-1280x853.jpg 1280w, https:\/\/serbia.com\/wp-content\/uploads\/2025\/11\/Untitled-2250-x-1500-px-31-300x200.jpg 300w, https:\/\/serbia.com\/wp-content\/uploads\/2025\/11\/Untitled-2250-x-1500-px-31-768x512.jpg 768w, https:\/\/serbia.com\/wp-content\/uploads\/2025\/11\/Untitled-2250-x-1500-px-31-1536x1024.jpg 1536w, https:\/\/serbia.com\/wp-content\/uploads\/2025\/11\/Untitled-2250-x-1500-px-31-2048x1365.jpg 2048w, https:\/\/serbia.com\/wp-content\/uploads\/2025\/11\/Untitled-2250-x-1500-px-31-760x507.jpg 760w, https:\/\/serbia.com\/wp-content\/uploads\/2025\/11\/Untitled-2250-x-1500-px-31-1500x1000.jpg 1500w, https:\/\/serbia.com\/wp-content\/uploads\/2025\/11\/Untitled-2250-x-1500-px-31-750x500.jpg 750w\" sizes=\"auto, (max-width: 1280px) 100vw, 1280px\" \/><figcaption class=\"wp-element-caption\">Beograd<\/figcaption><\/figure>\n\n\n\n<p>\ud83d\udcf7 <strong>Najfotogeni\u010dnija mesta:<\/strong><br><strong><a href=\"https:\/\/serbia.com\/srpski\/posetite-srbiju\/kulturne-atrakcije\/dvorci-i-tvrdave\/beogradska-tvrdava-put-stopama-istorije\/\">Kalemegdan<\/a><\/strong> i pogled s Sahat kule, ulice Knez Mihailove i <strong><a href=\"https:\/\/serbia.com\/srpski\/skadarlija-vodic-kroz-boemsko-srce-beograda\/\">Skadarlije<\/a><\/strong>, re\u010dna obala kod U\u0161\u0107a i <strong><a href=\"https:\/\/serbia.com\/srpski\/zemun-2\/\">Zemunskog keja<\/a><\/strong>, siluete mostova na reci, <strong><a href=\"https:\/\/serbia.com\/srpski\/tajne-terazija-gde-ritam-beograda-nikada-ne-staje\/\">Terazije<\/a><\/strong>, stari tramvaji kod Ta\u0161majdana i grafiti <strong><a href=\"https:\/\/serbia.com\/srpski\/dorcol-beogradski-kvart-koji-prica-price\/\">Dor\u0107ola<\/a><\/strong>. Zimi, fotografije Beograda pod snegom otkrivaju njegovu ti\u0161u, nostalgi\u010dnu stranu.<\/p>\n\n\n\n<h3 class=\"wp-block-heading\"><strong>2. Sombor \u2013 Grad boja, zelenila i fijakera<\/strong><\/h3>\n\n\n\n<p>Jedan od naj\u0161armantnijih gradova u Srbiji, <strong><a href=\"https:\/\/serbia.com\/srpski\/posetite-srbiju\/gradovi\/sombor-grad-fijakera-zelenila-i-arhitekture\/\">Sombor<\/a><\/strong> osvaja spokojem i elegancijom. <strong>Ulice pod lipama, mirne fasade pastelnih tonova i fijakeri <\/strong>koji jo\u0161 uvek prolaze centrom stvaraju prizore kao iz starih razglednica. Parkovi, kanali i mosti\u0107i \u010dine ga savr\u0161enim mestom za romanti\u010dne fotografije.<\/p>\n\n\n\n<figure class=\"wp-block-image size-large\"><img loading=\"lazy\" decoding=\"async\" width=\"1280\" height=\"853\" src=\"https:\/\/serbia.com\/wp-content\/uploads\/2025\/11\/Untitled-2250-x-1500-px-32-1280x853.jpg\" alt=\"\" class=\"wp-image-63479\" srcset=\"https:\/\/serbia.com\/wp-content\/uploads\/2025\/11\/Untitled-2250-x-1500-px-32-1280x853.jpg 1280w, https:\/\/serbia.com\/wp-content\/uploads\/2025\/11\/Untitled-2250-x-1500-px-32-300x200.jpg 300w, https:\/\/serbia.com\/wp-content\/uploads\/2025\/11\/Untitled-2250-x-1500-px-32-768x512.jpg 768w, https:\/\/serbia.com\/wp-content\/uploads\/2025\/11\/Untitled-2250-x-1500-px-32-1536x1024.jpg 1536w, https:\/\/serbia.com\/wp-content\/uploads\/2025\/11\/Untitled-2250-x-1500-px-32-2048x1365.jpg 2048w, https:\/\/serbia.com\/wp-content\/uploads\/2025\/11\/Untitled-2250-x-1500-px-32-760x507.jpg 760w, https:\/\/serbia.com\/wp-content\/uploads\/2025\/11\/Untitled-2250-x-1500-px-32-1500x1000.jpg 1500w, https:\/\/serbia.com\/wp-content\/uploads\/2025\/11\/Untitled-2250-x-1500-px-32-750x500.jpg 750w\" sizes=\"auto, (max-width: 1280px) 100vw, 1280px\" \/><figcaption class=\"wp-element-caption\">Sombor<\/figcaption><\/figure>\n\n\n\n<p>\ud83d\udcf7 <strong>Najfotogeni\u010dnija mesta:<\/strong><br><strong>Glavna ulica i Trg Svetog Trojstva, gradska ku\u0107a<\/strong>,<strong> Zeleni venac<\/strong> i <strong>galerija \u201cMilan Konjovi\u0107\u201d.<\/strong> U prole\u0107e, kadar sa fijakerom ispred Narodne biblioteke izgleda kao ulje na platnu. Za prirodne motive, idealan je <strong>Stari somborski park ili Veliki ba\u010dki kanal<\/strong> u zlatnom svetlu popodneva.<\/p>\n\n\n\n<h3 class=\"wp-block-heading\"><strong>3. Subotica \u2013 Secezijska bajka na severu<\/strong><\/h3>\n\n\n\n<p><strong><a href=\"https:\/\/serbia.com\/srpski\/posetite-srbiju\/gradovi\/subotica\/\">Subotica<\/a><\/strong> je mo\u017eda i najfotogeni\u010dniji grad <strong><a href=\"https:\/\/serbia.com\/srpski\/istrazujemo-delove-srbije-vojvodina\/\">Vojvodine<\/a><\/strong>. Njena gradska ku\u0107a, sinagoga, Narodno pozori\u0161te i brojne zgrade u secesijskom stilu pretvaraju obi\u010dnu \u0161etnju u galeriju boja, linija i detalja. Svaki ugao krije pastelnu fasadu ili umetni\u010dki ukras koji tra\u017ei da bude zabele\u017een.<\/p>\n\n\n\n<figure class=\"wp-block-image size-large\"><img loading=\"lazy\" decoding=\"async\" width=\"1280\" height=\"853\" src=\"https:\/\/serbia.com\/wp-content\/uploads\/2025\/11\/Untitled-2250-x-1500-px-30-1280x853.jpg\" alt=\"\" class=\"wp-image-63475\" srcset=\"https:\/\/serbia.com\/wp-content\/uploads\/2025\/11\/Untitled-2250-x-1500-px-30-1280x853.jpg 1280w, https:\/\/serbia.com\/wp-content\/uploads\/2025\/11\/Untitled-2250-x-1500-px-30-300x200.jpg 300w, https:\/\/serbia.com\/wp-content\/uploads\/2025\/11\/Untitled-2250-x-1500-px-30-768x512.jpg 768w, https:\/\/serbia.com\/wp-content\/uploads\/2025\/11\/Untitled-2250-x-1500-px-30-1536x1024.jpg 1536w, https:\/\/serbia.com\/wp-content\/uploads\/2025\/11\/Untitled-2250-x-1500-px-30-2048x1365.jpg 2048w, https:\/\/serbia.com\/wp-content\/uploads\/2025\/11\/Untitled-2250-x-1500-px-30-760x507.jpg 760w, https:\/\/serbia.com\/wp-content\/uploads\/2025\/11\/Untitled-2250-x-1500-px-30-1500x1000.jpg 1500w, https:\/\/serbia.com\/wp-content\/uploads\/2025\/11\/Untitled-2250-x-1500-px-30-750x500.jpg 750w\" sizes=\"auto, (max-width: 1280px) 100vw, 1280px\" \/><figcaption class=\"wp-element-caption\">Subotica<\/figcaption><\/figure>\n\n\n\n<p>\ud83d\udcf7 <strong>Najfotogeni\u010dnija mesta:<\/strong><br><strong>Gradska ku\u0107a s tornjem<\/strong> (pogled s panoramskog vidikovca), <strong>sinagoga<\/strong> sa svojom jedinstvenom kupolom, <strong>Korzo i Gradski trg <\/strong>u zoru ili predve\u010de. Obavezno uhvati detalje fasada i vitra\u017ee, ali i retro \u0161arm \u017eelezni\u010dke stanice i <strong><a href=\"https:\/\/serbia.com\/srpski\/posetite-srbiju\/prirodne-lepote\/reke-i-jezera\/palic-jezero-napravljeno-od-suza\/\">Pali\u0107kog jezera<\/a><\/strong>, koje je posebno fotogeni\u010dno u zalasku sunca.<\/p>\n\n\n\n<h3 class=\"wp-block-heading\"><strong>4. U\u017eice \u2013 Grad urezan u planinu<\/strong><\/h3>\n\n\n\n<p><strong><a href=\"https:\/\/serbia.com\/srpski\/24-sata-u-uzicu\/\">U\u017eice<\/a><\/strong> se uzdi\u017ee iznad reke \u0110etinje, okru\u017eeno liticama i zelenilom, \u0161to mu daje dramati\u010dan, gotovo filmski izgled. Sa mostova, <strong><a href=\"https:\/\/serbia.com\/srpski\/uzicka-tvrdava-zaboravljen-cuvar-iznad-detinje\/\">tvr\u0111ave Stari grad<\/a><\/strong> ili okolnih vidikovaca, panorame su jednostavno zadivljuju\u0107e. Zimi, grad pod snegom izgleda kao da je iz bajke, a leti \u2013 kao pejza\u017e iz avanturisti\u010dkog filma.<\/p>\n\n\n\n<figure class=\"wp-block-image size-large\"><img loading=\"lazy\" decoding=\"async\" width=\"1280\" height=\"853\" src=\"https:\/\/serbia.com\/wp-content\/uploads\/2025\/05\/33702846425_8e38d32b38_o-1280x853.jpg\" alt=\"\" class=\"wp-image-60382\" srcset=\"https:\/\/serbia.com\/wp-content\/uploads\/2025\/05\/33702846425_8e38d32b38_o-1280x853.jpg 1280w, https:\/\/serbia.com\/wp-content\/uploads\/2025\/05\/33702846425_8e38d32b38_o-300x200.jpg 300w, https:\/\/serbia.com\/wp-content\/uploads\/2025\/05\/33702846425_8e38d32b38_o-768x512.jpg 768w, https:\/\/serbia.com\/wp-content\/uploads\/2025\/05\/33702846425_8e38d32b38_o-1536x1024.jpg 1536w, https:\/\/serbia.com\/wp-content\/uploads\/2025\/05\/33702846425_8e38d32b38_o-760x507.jpg 760w, https:\/\/serbia.com\/wp-content\/uploads\/2025\/05\/33702846425_8e38d32b38_o-1500x1000.jpg 1500w, https:\/\/serbia.com\/wp-content\/uploads\/2025\/05\/33702846425_8e38d32b38_o-750x500.jpg 750w, https:\/\/serbia.com\/wp-content\/uploads\/2025\/05\/33702846425_8e38d32b38_o.jpg 1920w\" sizes=\"auto, (max-width: 1280px) 100vw, 1280px\" \/><figcaption class=\"wp-element-caption\">Stari grad i pogled na U\u017eice, foto: <a href=\"https:\/\/www.flickr.com\/photos\/68637044@N05\/\">Sasha Popovic<\/a>, Flickr.com<\/figcaption><\/figure>\n\n\n\n<p>\ud83d\udcf7 <strong>Najfotogeni\u010dnija mesta:<\/strong><br>Pogled sa tvr\u0111ave Stari grad, vise\u0107i mostovi iznad reke \u0110etinje, stara hidrocentrala i kanjon koji vodi do Potpe\u0107ke pe\u0107ine. U zoru ili sumrak, kad se svetla grada odraze na vodi, U\u017eice nudi prizore koji podse\u0107aju na planinske gradove Alpa.<\/p>\n\n\n\n<h3 class=\"wp-block-heading\"><strong>5. Novi Sad \u2013 Grad pastelnih boja i dunavskih pogleda<\/strong><\/h3>\n\n\n\n<p><strong><a href=\"https:\/\/serbia.com\/srpski\/posetite-srbiju\/gradovi\/novi-sad\/\">Novi Sad<\/a><\/strong> je grad u kojem se ritam \u017eivota i svetlo stapaju u savr\u0161enu harmoniju. Romanti\u010dne ulice centra, barokne fasade, <strong><a href=\"https:\/\/serbia.com\/srpski\/posetite-srbiju\/kulturne-atrakcije\/dvorci-i-tvrdave\/petrovaradinska-tvrdava-gibraltar-na-dunavu\/\">Petrovaradinska tvr\u0111ava<\/a><\/strong> i mostovi na Dunavu \u010dine ga jednim od najlep\u0161ih gradova u ovom delu Evrope. U svakom godi\u0161njem dobu, Novi Sad izgleda kao kadar iz putopisnog filma.<\/p>\n\n\n\n<figure class=\"wp-block-image size-large\"><img loading=\"lazy\" decoding=\"async\" width=\"1280\" height=\"853\" src=\"https:\/\/serbia.com\/wp-content\/uploads\/2025\/11\/Untitled-2250-x-1500-px-33-1280x853.jpg\" alt=\"\" class=\"wp-image-63481\" srcset=\"https:\/\/serbia.com\/wp-content\/uploads\/2025\/11\/Untitled-2250-x-1500-px-33-1280x853.jpg 1280w, https:\/\/serbia.com\/wp-content\/uploads\/2025\/11\/Untitled-2250-x-1500-px-33-300x200.jpg 300w, https:\/\/serbia.com\/wp-content\/uploads\/2025\/11\/Untitled-2250-x-1500-px-33-768x512.jpg 768w, https:\/\/serbia.com\/wp-content\/uploads\/2025\/11\/Untitled-2250-x-1500-px-33-1536x1024.jpg 1536w, https:\/\/serbia.com\/wp-content\/uploads\/2025\/11\/Untitled-2250-x-1500-px-33-2048x1365.jpg 2048w, https:\/\/serbia.com\/wp-content\/uploads\/2025\/11\/Untitled-2250-x-1500-px-33-760x507.jpg 760w, https:\/\/serbia.com\/wp-content\/uploads\/2025\/11\/Untitled-2250-x-1500-px-33-1500x1000.jpg 1500w, https:\/\/serbia.com\/wp-content\/uploads\/2025\/11\/Untitled-2250-x-1500-px-33-750x500.jpg 750w\" sizes=\"auto, (max-width: 1280px) 100vw, 1280px\" \/><figcaption class=\"wp-element-caption\">Novi Sad<\/figcaption><\/figure>\n\n\n\n<p>\ud83d\udcf7 <strong>Najfotogeni\u010dnija mesta:<\/strong><br>Trg slobode sa Katedralom imena Marijinog, pastelne fasade Zmaj Jovine i <strong><a href=\"https:\/\/serbia.com\/srpski\/dunavska-ulica-sarmantna-novosadska-promenada\/\">Dunavske ulice<\/a><\/strong>, pogled s <strong><a href=\"https:\/\/serbia.com\/srpski\/posetite-srbiju\/kulturne-atrakcije\/dvorci-i-tvrdave\/petrovaradinska-tvrdava-gibraltar-na-dunavu\/\">Petrovaradinske tvr\u0111ave<\/a><\/strong>, <strong>Dunavski park<\/strong>, Kej i <strong><a href=\"https:\/\/serbia.com\/srpski\/strand-u-novom-sadu-srce-letnjeg-provoda-na-dunavu\/\">\u0160trand<\/a><\/strong> u zalazak sunca. U letnjim mesecima, ulice o\u017eive tokom festivala EXIT, dok zimi svetla centra daju mu topli, prazni\u010dni sjaj.<\/p>\n\n\n\n<h3 class=\"wp-block-heading\"><strong>Bonus inspiracija za foto-putnike<\/strong><\/h3>\n\n\n\n<p>Za <strong>barokni \u0161arm<\/strong>, posetite <strong><a href=\"https:\/\/serbia.com\/srpski\/posetite-srbiju\/gradovi\/vrsac-lepa-varos\/\">Vr\u0161ac<\/a><\/strong> \u2014 vinogradi i kula stvaraju kadrove koji izgledaju kao slike s platna, a za orijentalni \u0161arm i kulturolo\u0161ku raznolikost &#8211; istra\u017eite <strong><a href=\"https:\/\/serbia.com\/srpski\/posetite-srbiju\/gradovi\/novi-pazar-neobican-spoj-istoka-i-zapada\/\">Novi Pazar<\/a><\/strong>.  Ukoliko volite <strong>istorijski i retro ton<\/strong>, otkrijte <strong>Novi Be\u010dej<\/strong> i njegovu tvr\u0111avu Ara\u010da, uz obale Tise i miran vojvo\u0111anski pejza\u017e. Za <strong>autenti\u010dne gradske prizore<\/strong>, zavirite i u <strong><a href=\"https:\/\/serbia.com\/srpski\/posetite-srbiju\/gradovi\/nis\/\">Ni\u0161<\/a><\/strong> ili <strong><a href=\"https:\/\/serbia.com\/srpski\/posetite-srbiju\/gradovi\/zajecar-domacin-najstarijeg-rok-festivala-u-srbiji-2\/\">Zaje\u010dar<\/a><\/strong>, gde istorija i moderni ritam \u010dine zanimljive kontraste pred objektivom.<\/p>\n","protected":false},"excerpt":{"rendered":"<p>Srbija je zemlja koja iznena\u0111uje raznoliko\u0161\u0107u pejza\u017ea i gradova. Od \u017eivopisnih fasada i dunavskih pogleda do secesijskih zdanja i planinskih panorama \u2014 svaki grad ima svoje lice koje mami objektiv. [&hellip;]<\/p>\n","protected":false},"author":27,"featured_media":63487,"comment_status":"open","ping_status":"closed","sticky":false,"template":"","format":"standard","meta":{"_acf_changed":false,"inline_featured_image":false,"_monsterinsights_skip_tracking":false,"_monsterinsights_sitenote_active":false,"_monsterinsights_sitenote_note":"","_monsterinsights_sitenote_category":0,"footnotes":""},"categories":[1672,2846,1662],"tags":[],"class_list":["post-63486","post","type-post","status-publish","format-standard","has-post-thumbnail","hentry","category-gradovi","category-istaknuto","category-kulturne-atrakcije-sta-posetiti"],"acf":[],"yoast_head":"<!-- This site is optimized with the Yoast SEO plugin v27.4 - https:\/\/yoast.com\/product\/yoast-seo-wordpress\/ -->\n<title>5 najfotogeni\u010dnijih gradova u Srbiji - Serbia.com<\/title>\n<meta name=\"robots\" content=\"index, follow, max-snippet:-1, max-image-preview:large, max-video-preview:-1\" \/>\n<link rel=\"canonical\" href=\"https:\/\/serbia.com\/srpski\/5-najfotogenicnijih-gradova-u-srbiji\/\" \/>\n<meta property=\"og:locale\" content=\"en_US\" \/>\n<meta property=\"og:type\" content=\"article\" \/>\n<meta property=\"og:title\" content=\"5 najfotogeni\u010dnijih gradova u Srbiji - Serbia.com\" \/>\n<meta property=\"og:description\" content=\"Srbija je zemlja koja iznena\u0111uje raznoliko\u0161\u0107u pejza\u017ea i gradova. Od \u017eivopisnih fasada i dunavskih pogleda do secesijskih zdanja i planinskih panorama \u2014 svaki grad ima svoje lice koje mami objektiv. [&hellip;]\" \/>\n<meta property=\"og:url\" content=\"https:\/\/serbia.com\/srpski\/5-najfotogenicnijih-gradova-u-srbiji\/\" \/>\n<meta property=\"og:site_name\" content=\"Serbia.com\" \/>\n<meta property=\"article:published_time\" content=\"2025-11-06T08:00:00+00:00\" \/>\n<meta property=\"og:image\" content=\"https:\/\/serbia.com\/wp-content\/uploads\/2025\/11\/Untitled-2250-x-1500-px-29-1-e1762350397439.jpg\" \/>\n\t<meta property=\"og:image:width\" content=\"2250\" \/>\n\t<meta property=\"og:image:height\" content=\"1080\" \/>\n\t<meta property=\"og:image:type\" content=\"image\/jpeg\" \/>\n<meta name=\"author\" content=\"Ivona Lekan\" \/>\n<meta name=\"twitter:label1\" content=\"Written by\" \/>\n\t<meta name=\"twitter:data1\" content=\"Ivona Lekan\" \/>\n\t<meta name=\"twitter:label2\" content=\"Est. reading time\" \/>\n\t<meta name=\"twitter:data2\" content=\"4 minutes\" \/>\n<script type=\"application\/ld+json\" class=\"yoast-schema-graph\">{\"@context\":\"https:\\\/\\\/schema.org\",\"@graph\":[{\"@type\":\"Article\",\"@id\":\"https:\\\/\\\/serbia.com\\\/srpski\\\/5-najfotogenicnijih-gradova-u-srbiji\\\/#article\",\"isPartOf\":{\"@id\":\"https:\\\/\\\/serbia.com\\\/srpski\\\/5-najfotogenicnijih-gradova-u-srbiji\\\/\"},\"author\":{\"name\":\"Ivona Lekan\",\"@id\":\"https:\\\/\\\/serbia.com\\\/#\\\/schema\\\/person\\\/954f6599db4406bd5f2e8384659bdc33\"},\"headline\":\"5 najfotogeni\u010dnijih gradova u Srbiji\",\"datePublished\":\"2025-11-06T08:00:00+00:00\",\"mainEntityOfPage\":{\"@id\":\"https:\\\/\\\/serbia.com\\\/srpski\\\/5-najfotogenicnijih-gradova-u-srbiji\\\/\"},\"wordCount\":687,\"commentCount\":0,\"image\":{\"@id\":\"https:\\\/\\\/serbia.com\\\/srpski\\\/5-najfotogenicnijih-gradova-u-srbiji\\\/#primaryimage\"},\"thumbnailUrl\":\"https:\\\/\\\/serbia.com\\\/wp-content\\\/uploads\\\/2025\\\/11\\\/Untitled-2250-x-1500-px-29-1-e1762350397439.jpg\",\"articleSection\":[\"Gradovi\",\"Istaknuto\",\"Kulturne atrakcije\"],\"inLanguage\":\"srpski\",\"potentialAction\":[{\"@type\":\"CommentAction\",\"name\":\"Comment\",\"target\":[\"https:\\\/\\\/serbia.com\\\/srpski\\\/5-najfotogenicnijih-gradova-u-srbiji\\\/#respond\"]}]},{\"@type\":\"WebPage\",\"@id\":\"https:\\\/\\\/serbia.com\\\/srpski\\\/5-najfotogenicnijih-gradova-u-srbiji\\\/\",\"url\":\"https:\\\/\\\/serbia.com\\\/srpski\\\/5-najfotogenicnijih-gradova-u-srbiji\\\/\",\"name\":\"5 najfotogeni\u010dnijih gradova u Srbiji - Serbia.com\",\"isPartOf\":{\"@id\":\"https:\\\/\\\/serbia.com\\\/#website\"},\"primaryImageOfPage\":{\"@id\":\"https:\\\/\\\/serbia.com\\\/srpski\\\/5-najfotogenicnijih-gradova-u-srbiji\\\/#primaryimage\"},\"image\":{\"@id\":\"https:\\\/\\\/serbia.com\\\/srpski\\\/5-najfotogenicnijih-gradova-u-srbiji\\\/#primaryimage\"},\"thumbnailUrl\":\"https:\\\/\\\/serbia.com\\\/wp-content\\\/uploads\\\/2025\\\/11\\\/Untitled-2250-x-1500-px-29-1-e1762350397439.jpg\",\"datePublished\":\"2025-11-06T08:00:00+00:00\",\"author\":{\"@id\":\"https:\\\/\\\/serbia.com\\\/#\\\/schema\\\/person\\\/954f6599db4406bd5f2e8384659bdc33\"},\"breadcrumb\":{\"@id\":\"https:\\\/\\\/serbia.com\\\/srpski\\\/5-najfotogenicnijih-gradova-u-srbiji\\\/#breadcrumb\"},\"inLanguage\":\"srpski\",\"potentialAction\":[{\"@type\":\"ReadAction\",\"target\":[\"https:\\\/\\\/serbia.com\\\/srpski\\\/5-najfotogenicnijih-gradova-u-srbiji\\\/\"]}]},{\"@type\":\"ImageObject\",\"inLanguage\":\"srpski\",\"@id\":\"https:\\\/\\\/serbia.com\\\/srpski\\\/5-najfotogenicnijih-gradova-u-srbiji\\\/#primaryimage\",\"url\":\"https:\\\/\\\/serbia.com\\\/wp-content\\\/uploads\\\/2025\\\/11\\\/Untitled-2250-x-1500-px-29-1-e1762350397439.jpg\",\"contentUrl\":\"https:\\\/\\\/serbia.com\\\/wp-content\\\/uploads\\\/2025\\\/11\\\/Untitled-2250-x-1500-px-29-1-e1762350397439.jpg\",\"width\":2250,\"height\":1080},{\"@type\":\"BreadcrumbList\",\"@id\":\"https:\\\/\\\/serbia.com\\\/srpski\\\/5-najfotogenicnijih-gradova-u-srbiji\\\/#breadcrumb\",\"itemListElement\":[{\"@type\":\"ListItem\",\"position\":1,\"name\":\"Home\",\"item\":\"https:\\\/\\\/serbia.com\\\/srpski\\\/srbija\\\/\"},{\"@type\":\"ListItem\",\"position\":2,\"name\":\"5 najfotogeni\u010dnijih gradova u Srbiji\"}]},{\"@type\":\"WebSite\",\"@id\":\"https:\\\/\\\/serbia.com\\\/#website\",\"url\":\"https:\\\/\\\/serbia.com\\\/\",\"name\":\"Serbia.com\",\"description\":\"Your Gateway to Serbia\",\"potentialAction\":[{\"@type\":\"SearchAction\",\"target\":{\"@type\":\"EntryPoint\",\"urlTemplate\":\"https:\\\/\\\/serbia.com\\\/?s={search_term_string}\"},\"query-input\":{\"@type\":\"PropertyValueSpecification\",\"valueRequired\":true,\"valueName\":\"search_term_string\"}}],\"inLanguage\":\"srpski\"},{\"@type\":\"Person\",\"@id\":\"https:\\\/\\\/serbia.com\\\/#\\\/schema\\\/person\\\/954f6599db4406bd5f2e8384659bdc33\",\"name\":\"Ivona Lekan\",\"image\":{\"@type\":\"ImageObject\",\"inLanguage\":\"srpski\",\"@id\":\"https:\\\/\\\/secure.gravatar.com\\\/avatar\\\/4eba414fa53ccc3824d6c0254e6c3425ccdebeb4c72580208b23386c071b50b2?s=96&d=mm&r=g\",\"url\":\"https:\\\/\\\/secure.gravatar.com\\\/avatar\\\/4eba414fa53ccc3824d6c0254e6c3425ccdebeb4c72580208b23386c071b50b2?s=96&d=mm&r=g\",\"contentUrl\":\"https:\\\/\\\/secure.gravatar.com\\\/avatar\\\/4eba414fa53ccc3824d6c0254e6c3425ccdebeb4c72580208b23386c071b50b2?s=96&d=mm&r=g\",\"caption\":\"Ivona Lekan\"},\"url\":\"https:\\\/\\\/serbia.com\\\/srpski\\\/author\\\/ivondivine\\\/\"}]}<\/script>\n<!-- \/ Yoast SEO plugin. -->","yoast_head_json":{"title":"5 najfotogeni\u010dnijih gradova u Srbiji - Serbia.com","robots":{"index":"index","follow":"follow","max-snippet":"max-snippet:-1","max-image-preview":"max-image-preview:large","max-video-preview":"max-video-preview:-1"},"canonical":"https:\/\/serbia.com\/srpski\/5-najfotogenicnijih-gradova-u-srbiji\/","og_locale":"en_US","og_type":"article","og_title":"5 najfotogeni\u010dnijih gradova u Srbiji - Serbia.com","og_description":"Srbija je zemlja koja iznena\u0111uje raznoliko\u0161\u0107u pejza\u017ea i gradova. Od \u017eivopisnih fasada i dunavskih pogleda do secesijskih zdanja i planinskih panorama \u2014 svaki grad ima svoje lice koje mami objektiv. [&hellip;]","og_url":"https:\/\/serbia.com\/srpski\/5-najfotogenicnijih-gradova-u-srbiji\/","og_site_name":"Serbia.com","article_published_time":"2025-11-06T08:00:00+00:00","og_image":[{"width":2250,"height":1080,"url":"https:\/\/serbia.com\/wp-content\/uploads\/2025\/11\/Untitled-2250-x-1500-px-29-1-e1762350397439.jpg","type":"image\/jpeg"}],"author":"Ivona Lekan","twitter_misc":{"Written by":"Ivona Lekan","Est. reading time":"4 minutes"},"schema":{"@context":"https:\/\/schema.org","@graph":[{"@type":"Article","@id":"https:\/\/serbia.com\/srpski\/5-najfotogenicnijih-gradova-u-srbiji\/#article","isPartOf":{"@id":"https:\/\/serbia.com\/srpski\/5-najfotogenicnijih-gradova-u-srbiji\/"},"author":{"name":"Ivona Lekan","@id":"https:\/\/serbia.com\/#\/schema\/person\/954f6599db4406bd5f2e8384659bdc33"},"headline":"5 najfotogeni\u010dnijih gradova u Srbiji","datePublished":"2025-11-06T08:00:00+00:00","mainEntityOfPage":{"@id":"https:\/\/serbia.com\/srpski\/5-najfotogenicnijih-gradova-u-srbiji\/"},"wordCount":687,"commentCount":0,"image":{"@id":"https:\/\/serbia.com\/srpski\/5-najfotogenicnijih-gradova-u-srbiji\/#primaryimage"},"thumbnailUrl":"https:\/\/serbia.com\/wp-content\/uploads\/2025\/11\/Untitled-2250-x-1500-px-29-1-e1762350397439.jpg","articleSection":["Gradovi","Istaknuto","Kulturne atrakcije"],"inLanguage":"srpski","potentialAction":[{"@type":"CommentAction","name":"Comment","target":["https:\/\/serbia.com\/srpski\/5-najfotogenicnijih-gradova-u-srbiji\/#respond"]}]},{"@type":"WebPage","@id":"https:\/\/serbia.com\/srpski\/5-najfotogenicnijih-gradova-u-srbiji\/","url":"https:\/\/serbia.com\/srpski\/5-najfotogenicnijih-gradova-u-srbiji\/","name":"5 najfotogeni\u010dnijih gradova u Srbiji - Serbia.com","isPartOf":{"@id":"https:\/\/serbia.com\/#website"},"primaryImageOfPage":{"@id":"https:\/\/serbia.com\/srpski\/5-najfotogenicnijih-gradova-u-srbiji\/#primaryimage"},"image":{"@id":"https:\/\/serbia.com\/srpski\/5-najfotogenicnijih-gradova-u-srbiji\/#primaryimage"},"thumbnailUrl":"https:\/\/serbia.com\/wp-content\/uploads\/2025\/11\/Untitled-2250-x-1500-px-29-1-e1762350397439.jpg","datePublished":"2025-11-06T08:00:00+00:00","author":{"@id":"https:\/\/serbia.com\/#\/schema\/person\/954f6599db4406bd5f2e8384659bdc33"},"breadcrumb":{"@id":"https:\/\/serbia.com\/srpski\/5-najfotogenicnijih-gradova-u-srbiji\/#breadcrumb"},"inLanguage":"srpski","potentialAction":[{"@type":"ReadAction","target":["https:\/\/serbia.com\/srpski\/5-najfotogenicnijih-gradova-u-srbiji\/"]}]},{"@type":"ImageObject","inLanguage":"srpski","@id":"https:\/\/serbia.com\/srpski\/5-najfotogenicnijih-gradova-u-srbiji\/#primaryimage","url":"https:\/\/serbia.com\/wp-content\/uploads\/2025\/11\/Untitled-2250-x-1500-px-29-1-e1762350397439.jpg","contentUrl":"https:\/\/serbia.com\/wp-content\/uploads\/2025\/11\/Untitled-2250-x-1500-px-29-1-e1762350397439.jpg","width":2250,"height":1080},{"@type":"BreadcrumbList","@id":"https:\/\/serbia.com\/srpski\/5-najfotogenicnijih-gradova-u-srbiji\/#breadcrumb","itemListElement":[{"@type":"ListItem","position":1,"name":"Home","item":"https:\/\/serbia.com\/srpski\/srbija\/"},{"@type":"ListItem","position":2,"name":"5 najfotogeni\u010dnijih gradova u Srbiji"}]},{"@type":"WebSite","@id":"https:\/\/serbia.com\/#website","url":"https:\/\/serbia.com\/","name":"Serbia.com","description":"Your Gateway to Serbia","potentialAction":[{"@type":"SearchAction","target":{"@type":"EntryPoint","urlTemplate":"https:\/\/serbia.com\/?s={search_term_string}"},"query-input":{"@type":"PropertyValueSpecification","valueRequired":true,"valueName":"search_term_string"}}],"inLanguage":"srpski"},{"@type":"Person","@id":"https:\/\/serbia.com\/#\/schema\/person\/954f6599db4406bd5f2e8384659bdc33","name":"Ivona Lekan","image":{"@type":"ImageObject","inLanguage":"srpski","@id":"https:\/\/secure.gravatar.com\/avatar\/4eba414fa53ccc3824d6c0254e6c3425ccdebeb4c72580208b23386c071b50b2?s=96&d=mm&r=g","url":"https:\/\/secure.gravatar.com\/avatar\/4eba414fa53ccc3824d6c0254e6c3425ccdebeb4c72580208b23386c071b50b2?s=96&d=mm&r=g","contentUrl":"https:\/\/secure.gravatar.com\/avatar\/4eba414fa53ccc3824d6c0254e6c3425ccdebeb4c72580208b23386c071b50b2?s=96&d=mm&r=g","caption":"Ivona Lekan"},"url":"https:\/\/serbia.com\/srpski\/author\/ivondivine\/"}]}},"brizy_media":[],"_links":{"self":[{"href":"https:\/\/serbia.com\/srpski\/wp-json\/wp\/v2\/posts\/63486","targetHints":{"allow":["GET"]}}],"collection":[{"href":"https:\/\/serbia.com\/srpski\/wp-json\/wp\/v2\/posts"}],"about":[{"href":"https:\/\/serbia.com\/srpski\/wp-json\/wp\/v2\/types\/post"}],"author":[{"embeddable":true,"href":"https:\/\/serbia.com\/srpski\/wp-json\/wp\/v2\/users\/27"}],"replies":[{"embeddable":true,"href":"https:\/\/serbia.com\/srpski\/wp-json\/wp\/v2\/comments?post=63486"}],"version-history":[{"count":1,"href":"https:\/\/serbia.com\/srpski\/wp-json\/wp\/v2\/posts\/63486\/revisions"}],"predecessor-version":[{"id":63489,"href":"https:\/\/serbia.com\/srpski\/wp-json\/wp\/v2\/posts\/63486\/revisions\/63489"}],"wp:featuredmedia":[{"embeddable":true,"href":"https:\/\/serbia.com\/srpski\/wp-json\/wp\/v2\/media\/63487"}],"wp:attachment":[{"href":"https:\/\/serbia.com\/srpski\/wp-json\/wp\/v2\/media?parent=63486"}],"wp:term":[{"taxonomy":"category","embeddable":true,"href":"https:\/\/serbia.com\/srpski\/wp-json\/wp\/v2\/categories?post=63486"},{"taxonomy":"post_tag","embeddable":true,"href":"https:\/\/serbia.com\/srpski\/wp-json\/wp\/v2\/tags?post=63486"}],"curies":[{"name":"wp","href":"https:\/\/api.w.org\/{rel}","templated":true}]}}