{"id":63458,"date":"2025-11-05T12:49:57","date_gmt":"2025-11-05T11:49:57","guid":{"rendered":"https:\/\/serbia.com\/?p=63458"},"modified":"2025-11-05T12:51:14","modified_gmt":"2025-11-05T11:51:14","slug":"kosatica-planinska-dusa-jugozapadne-srbije","status":"publish","type":"post","link":"https:\/\/serbia.com\/srpski\/kosatica-planinska-dusa-jugozapadne-srbije\/","title":{"rendered":"Kosatica: Planinska du\u0161a jugozapadne Srbije"},"content":{"rendered":"\n<p><em>Na obroncima izme\u0111u <strong><a href=\"https:\/\/serbia.com\/srpski\/zlatar-carobni-spoj-mirisnih-livada-i-bistrih-jezera\/\">Zlatara<\/a> i <a href=\"https:\/\/serbia.com\/srpski\/posetite-srbiju\/prirodne-lepote\/planine\/zlatibor-ukras-na-1-000-metara-visine\/\">Zlatibora<\/a><\/strong>, u srcu jugozapadne Srbije, le\u017ei <strong>Kosatica<\/strong> \u2014 najve\u0107e brdsko-planinsko selo u zemlji. Pripada op\u0161tini <strong><a href=\"https:\/\/serbia.com\/srpski\/prijepolje-sta-videti-raditi-i-obici\/\">Prijepolje<\/a><\/strong>, a poznata je po bogatoj tradiciji, \u010distoj prirodi i ljudima koji svoj \u017eivot \u017eive u skladu sa planinom.<\/em><\/p>\n\n\n\n<p>Ovde vreme te\u010de sporije. Jutra su obavijena maglom i mirisom borovine, dani ispunjeni pesmom ptica, a ve\u010deri tihe, pod nebeskim svodom prepunim zvezda. <strong>Kosatica je selo koje je sa\u010duvalo du\u0161u Srbije \u2014 jednostavnost, toplinu i po\u0161tovanje prema zemlji.<\/strong><\/p>\n\n\n\n<h3 class=\"wp-block-heading\">Miholjski susreti sela \u2013 praznik tradicije<\/h3>\n\n\n\n<p>Svake jeseni, Ko\u0161atica postaje doma\u0107in <strong>Miholjskim susretima prijepoljskih sela<\/strong>, jednoj od najlep\u0161ih manifestacija koja slavi duh srpskog sela. Tog dana, me\u0161tani iz okolnih krajeva dolaze u narodnim no\u0161njama, uz pesmu guslara i igra\u010de kola, dok se po selu \u0161iri miris sve\u017eeg hleba, pite i pe\u010dene rakije.<\/p>\n\n\n\n<figure class=\"wp-block-image size-large\"><img loading=\"lazy\" decoding=\"async\" width=\"1280\" height=\"853\" src=\"https:\/\/serbia.com\/wp-content\/uploads\/2025\/11\/Untitled-2250-x-1500-px-28-1280x853.jpg\" alt=\"\" class=\"wp-image-63456\" srcset=\"https:\/\/serbia.com\/wp-content\/uploads\/2025\/11\/Untitled-2250-x-1500-px-28-1280x853.jpg 1280w, https:\/\/serbia.com\/wp-content\/uploads\/2025\/11\/Untitled-2250-x-1500-px-28-300x200.jpg 300w, https:\/\/serbia.com\/wp-content\/uploads\/2025\/11\/Untitled-2250-x-1500-px-28-768x512.jpg 768w, https:\/\/serbia.com\/wp-content\/uploads\/2025\/11\/Untitled-2250-x-1500-px-28-1536x1024.jpg 1536w, https:\/\/serbia.com\/wp-content\/uploads\/2025\/11\/Untitled-2250-x-1500-px-28-2048x1365.jpg 2048w, https:\/\/serbia.com\/wp-content\/uploads\/2025\/11\/Untitled-2250-x-1500-px-28-760x507.jpg 760w, https:\/\/serbia.com\/wp-content\/uploads\/2025\/11\/Untitled-2250-x-1500-px-28-1500x1000.jpg 1500w, https:\/\/serbia.com\/wp-content\/uploads\/2025\/11\/Untitled-2250-x-1500-px-28-750x500.jpg 750w\" sizes=\"auto, (max-width: 1280px) 100vw, 1280px\" \/><figcaption class=\"wp-element-caption\">Srpsko kolo<\/figcaption><\/figure>\n\n\n\n<p>Na \u0161tandovima se mogu prona\u0107i <strong>doma\u0107i proizvodi<\/strong> \u2014 med, sir, suvo meso, pekmez i ru\u010dni radovi. To nije samo doga\u0111aj, ve\u0107 istinsko <strong>okupljanje generacija i dokaz da tradicija i dalje \u017eivi punim plu\u0107ima.<\/strong><\/p>\n\n\n\n<h3 class=\"wp-block-heading\">Seoski \u017eivot i doma\u0107i proizvodi<\/h3>\n\n\n\n<p>U Ko\u0161atici svaka ku\u0107a ima ba\u0161tu, vo\u0107njak i \u0161talu. Ljudi i danas prave <strong>rakiju od \u0161ljive i kru\u0161ke<\/strong>, su\u0161e vo\u0107e na suncu i \u010duvaju stare recepte koje su nasledili od svojih predaka. Od mleka prave poznati <strong>zlatarski sir i kajmak<\/strong>, a od \u0161umskih plodova \u2013 d\u017eemove, sokove i lekovite \u010dajeve.<\/p>\n\n\n\n<figure class=\"wp-block-image size-large\"><img loading=\"lazy\" decoding=\"async\" width=\"1280\" height=\"853\" src=\"https:\/\/serbia.com\/wp-content\/uploads\/2025\/11\/Untitled-2250-x-1500-px-25-1-1280x853.jpg\" alt=\"\" class=\"wp-image-63448\" srcset=\"https:\/\/serbia.com\/wp-content\/uploads\/2025\/11\/Untitled-2250-x-1500-px-25-1-1280x853.jpg 1280w, https:\/\/serbia.com\/wp-content\/uploads\/2025\/11\/Untitled-2250-x-1500-px-25-1-300x200.jpg 300w, https:\/\/serbia.com\/wp-content\/uploads\/2025\/11\/Untitled-2250-x-1500-px-25-1-768x512.jpg 768w, https:\/\/serbia.com\/wp-content\/uploads\/2025\/11\/Untitled-2250-x-1500-px-25-1-1536x1024.jpg 1536w, https:\/\/serbia.com\/wp-content\/uploads\/2025\/11\/Untitled-2250-x-1500-px-25-1-2048x1365.jpg 2048w, https:\/\/serbia.com\/wp-content\/uploads\/2025\/11\/Untitled-2250-x-1500-px-25-1-760x507.jpg 760w, https:\/\/serbia.com\/wp-content\/uploads\/2025\/11\/Untitled-2250-x-1500-px-25-1-1500x1000.jpg 1500w, https:\/\/serbia.com\/wp-content\/uploads\/2025\/11\/Untitled-2250-x-1500-px-25-1-750x500.jpg 750w\" sizes=\"auto, (max-width: 1280px) 100vw, 1280px\" \/><figcaption class=\"wp-element-caption\">Selo Kosatica<\/figcaption><\/figure>\n\n\n\n<p>Leti se radi na livadama i njivama, dok se zimi okuplja oko ognji\u0161ta. Gostu se uvek nudi doma\u0107a kafa, med i rakija \u2014 jer u Ko\u0161atici gost je svetinja.<\/p>\n\n\n\n<h3 class=\"wp-block-heading\">Netaknuta priroda i mir planine<\/h3>\n\n\n\n<p>Ko\u0161atica je okru\u017eena <strong>gustim \u0161umama, livadama i bistrim potocima<\/strong>. Pogled sa okolnih uzvi\u0161enja otkriva ti\u0161inu planinskih dolina i beskrajne prostore <strong><a href=\"https:\/\/serbia.com\/srpski\/zlatar-carobni-spoj-mirisnih-livada-i-bistrih-jezera\/\">Zlatara<\/a><\/strong>. Ovde su <strong>vazduh i voda lek<\/strong>, a priroda je ostala \u010dista i divlja, ba\u0161 kao nekada.<\/p>\n\n\n\n<figure class=\"wp-block-image size-large\"><img loading=\"lazy\" decoding=\"async\" width=\"1280\" height=\"853\" src=\"https:\/\/serbia.com\/wp-content\/uploads\/2025\/11\/Untitled-2250-x-1500-px-26-1280x853.jpg\" alt=\"\" class=\"wp-image-63454\" srcset=\"https:\/\/serbia.com\/wp-content\/uploads\/2025\/11\/Untitled-2250-x-1500-px-26-1280x853.jpg 1280w, https:\/\/serbia.com\/wp-content\/uploads\/2025\/11\/Untitled-2250-x-1500-px-26-300x200.jpg 300w, https:\/\/serbia.com\/wp-content\/uploads\/2025\/11\/Untitled-2250-x-1500-px-26-768x512.jpg 768w, https:\/\/serbia.com\/wp-content\/uploads\/2025\/11\/Untitled-2250-x-1500-px-26-1536x1024.jpg 1536w, https:\/\/serbia.com\/wp-content\/uploads\/2025\/11\/Untitled-2250-x-1500-px-26-2048x1365.jpg 2048w, https:\/\/serbia.com\/wp-content\/uploads\/2025\/11\/Untitled-2250-x-1500-px-26-760x507.jpg 760w, https:\/\/serbia.com\/wp-content\/uploads\/2025\/11\/Untitled-2250-x-1500-px-26-1500x1000.jpg 1500w, https:\/\/serbia.com\/wp-content\/uploads\/2025\/11\/Untitled-2250-x-1500-px-26-750x500.jpg 750w\" sizes=\"auto, (max-width: 1280px) 100vw, 1280px\" \/><figcaption class=\"wp-element-caption\">Kosatica<\/figcaption><\/figure>\n\n\n\n<p>U blizini sela nalaze se:<\/p>\n\n\n\n<ul class=\"wp-block-list\">\n<li><strong><a href=\"https:\/\/serbia.com\/srpski\/zlatarsko-jezero-u-aprilu-miran-prolecni-beg-u-srbiji\/\">Zlatarsko jezero<\/a><\/strong> \u2013 za kupanje, pecanje i \u0161etnju uz obalu,<\/li>\n\n\n\n<li><strong><a href=\"https:\/\/serbia.com\/srpski\/posetite-srbiju\/kulturne-atrakcije\/manastiri-i-crkve\/manastir-mileseva-cuvar-srednjovekovnih-freski-vanvremenske-lepote\/\">Manastir Mile\u0161eva<\/a><\/strong> \u2013 biser srpske duhovnosti,<\/li>\n\n\n\n<li>staze koje povezuju Kosaticu sa okolnim selima i planinskim vidikovcima.<\/li>\n<\/ul>\n\n\n\n<p><\/p>\n\n\n\n<h3 class=\"wp-block-heading\">Za\u0161to posetiti Kosaticu<\/h3>\n\n\n\n<p>Kosatica je pravo uto\u010di\u0161te za one koji tra\u017ee mir, ti\u0161inu i autenti\u010dnost. To je mesto gde se priroda po\u0161tuje, gde ljudi \u017eive skromno, ali bogato duhom. U njenim ku\u0107ama \u010duvaju se uspomene, pesme i mirisi djetinjstva.<\/p>\n\n\n\n<p>Ako \u017eelite da osetite <strong>pravu Srbiju<\/strong>, onu planinsku i \u010distu, <strong>Kosatica<\/strong> vas \u010deka ra\u0161irenih ruku.<\/p>\n","protected":false},"excerpt":{"rendered":"<p>Na obroncima izme\u0111u Zlatara i Zlatibora, u srcu jugozapadne Srbije, le\u017ei Kosatica \u2014 najve\u0107e brdsko-planinsko selo u zemlji. Pripada op\u0161tini Prijepolje, a poznata je po bogatoj tradiciji, \u010distoj prirodi i [&hellip;]<\/p>\n","protected":false},"author":27,"featured_media":63450,"comment_status":"open","ping_status":"closed","sticky":false,"template":"","format":"standard","meta":{"_acf_changed":false,"inline_featured_image":false,"_monsterinsights_skip_tracking":false,"_monsterinsights_sitenote_active":false,"_monsterinsights_sitenote_note":"","_monsterinsights_sitenote_category":0,"footnotes":""},"categories":[1673,2846,1653,18],"tags":[],"class_list":["post-63458","post","type-post","status-publish","format-standard","has-post-thumbnail","hentry","category-etno-sela","category-istaknuto","category-prirodne-lepote-sta-posetiti","category-uncategorized"],"acf":[],"yoast_head":"<!-- This site is optimized with the Yoast SEO plugin v27.4 - https:\/\/yoast.com\/product\/yoast-seo-wordpress\/ -->\n<title>Kosatica: Planinska du\u0161a jugozapadne Srbije - Serbia.com<\/title>\n<meta name=\"robots\" content=\"index, follow, max-snippet:-1, max-image-preview:large, max-video-preview:-1\" \/>\n<link rel=\"canonical\" href=\"https:\/\/serbia.com\/srpski\/kosatica-planinska-dusa-jugozapadne-srbije\/\" \/>\n<meta property=\"og:locale\" content=\"en_US\" \/>\n<meta property=\"og:type\" content=\"article\" \/>\n<meta property=\"og:title\" content=\"Kosatica: Planinska du\u0161a jugozapadne Srbije - Serbia.com\" \/>\n<meta property=\"og:description\" content=\"Na obroncima izme\u0111u Zlatara i Zlatibora, u srcu jugozapadne Srbije, le\u017ei Kosatica \u2014 najve\u0107e brdsko-planinsko selo u zemlji. Pripada op\u0161tini Prijepolje, a poznata je po bogatoj tradiciji, \u010distoj prirodi i [&hellip;]\" \/>\n<meta property=\"og:url\" content=\"https:\/\/serbia.com\/srpski\/kosatica-planinska-dusa-jugozapadne-srbije\/\" \/>\n<meta property=\"og:site_name\" content=\"Serbia.com\" \/>\n<meta property=\"article:published_time\" content=\"2025-11-05T11:49:57+00:00\" \/>\n<meta property=\"article:modified_time\" content=\"2025-11-05T11:51:14+00:00\" \/>\n<meta property=\"og:image\" content=\"https:\/\/serbia.com\/wp-content\/uploads\/2025\/11\/Untitled-2250-x-1500-px-27-e1762245150535.jpg\" \/>\n\t<meta property=\"og:image:width\" content=\"2250\" \/>\n\t<meta property=\"og:image:height\" content=\"1500\" \/>\n\t<meta property=\"og:image:type\" content=\"image\/jpeg\" \/>\n<meta name=\"author\" content=\"Ivona Lekan\" \/>\n<meta name=\"twitter:label1\" content=\"Written by\" \/>\n\t<meta name=\"twitter:data1\" content=\"Ivona Lekan\" \/>\n\t<meta name=\"twitter:label2\" content=\"Est. reading time\" \/>\n\t<meta name=\"twitter:data2\" content=\"3 minutes\" \/>\n<script type=\"application\/ld+json\" class=\"yoast-schema-graph\">{\"@context\":\"https:\\\/\\\/schema.org\",\"@graph\":[{\"@type\":\"Article\",\"@id\":\"https:\\\/\\\/serbia.com\\\/srpski\\\/kosatica-planinska-dusa-jugozapadne-srbije\\\/#article\",\"isPartOf\":{\"@id\":\"https:\\\/\\\/serbia.com\\\/srpski\\\/kosatica-planinska-dusa-jugozapadne-srbije\\\/\"},\"author\":{\"name\":\"Ivona Lekan\",\"@id\":\"https:\\\/\\\/serbia.com\\\/#\\\/schema\\\/person\\\/954f6599db4406bd5f2e8384659bdc33\"},\"headline\":\"Kosatica: Planinska du\u0161a jugozapadne Srbije\",\"datePublished\":\"2025-11-05T11:49:57+00:00\",\"dateModified\":\"2025-11-05T11:51:14+00:00\",\"mainEntityOfPage\":{\"@id\":\"https:\\\/\\\/serbia.com\\\/srpski\\\/kosatica-planinska-dusa-jugozapadne-srbije\\\/\"},\"wordCount\":424,\"commentCount\":0,\"image\":{\"@id\":\"https:\\\/\\\/serbia.com\\\/srpski\\\/kosatica-planinska-dusa-jugozapadne-srbije\\\/#primaryimage\"},\"thumbnailUrl\":\"https:\\\/\\\/serbia.com\\\/wp-content\\\/uploads\\\/2025\\\/11\\\/Untitled-2250-x-1500-px-27-e1762245150535.jpg\",\"articleSection\":[\"Etno sela\",\"Istaknuto\",\"Prirodne lepote\"],\"inLanguage\":\"srpski\",\"potentialAction\":[{\"@type\":\"CommentAction\",\"name\":\"Comment\",\"target\":[\"https:\\\/\\\/serbia.com\\\/srpski\\\/kosatica-planinska-dusa-jugozapadne-srbije\\\/#respond\"]}]},{\"@type\":\"WebPage\",\"@id\":\"https:\\\/\\\/serbia.com\\\/srpski\\\/kosatica-planinska-dusa-jugozapadne-srbije\\\/\",\"url\":\"https:\\\/\\\/serbia.com\\\/srpski\\\/kosatica-planinska-dusa-jugozapadne-srbije\\\/\",\"name\":\"Kosatica: Planinska du\u0161a jugozapadne Srbije - Serbia.com\",\"isPartOf\":{\"@id\":\"https:\\\/\\\/serbia.com\\\/#website\"},\"primaryImageOfPage\":{\"@id\":\"https:\\\/\\\/serbia.com\\\/srpski\\\/kosatica-planinska-dusa-jugozapadne-srbije\\\/#primaryimage\"},\"image\":{\"@id\":\"https:\\\/\\\/serbia.com\\\/srpski\\\/kosatica-planinska-dusa-jugozapadne-srbije\\\/#primaryimage\"},\"thumbnailUrl\":\"https:\\\/\\\/serbia.com\\\/wp-content\\\/uploads\\\/2025\\\/11\\\/Untitled-2250-x-1500-px-27-e1762245150535.jpg\",\"datePublished\":\"2025-11-05T11:49:57+00:00\",\"dateModified\":\"2025-11-05T11:51:14+00:00\",\"author\":{\"@id\":\"https:\\\/\\\/serbia.com\\\/#\\\/schema\\\/person\\\/954f6599db4406bd5f2e8384659bdc33\"},\"breadcrumb\":{\"@id\":\"https:\\\/\\\/serbia.com\\\/srpski\\\/kosatica-planinska-dusa-jugozapadne-srbije\\\/#breadcrumb\"},\"inLanguage\":\"srpski\",\"potentialAction\":[{\"@type\":\"ReadAction\",\"target\":[\"https:\\\/\\\/serbia.com\\\/srpski\\\/kosatica-planinska-dusa-jugozapadne-srbije\\\/\"]}]},{\"@type\":\"ImageObject\",\"inLanguage\":\"srpski\",\"@id\":\"https:\\\/\\\/serbia.com\\\/srpski\\\/kosatica-planinska-dusa-jugozapadne-srbije\\\/#primaryimage\",\"url\":\"https:\\\/\\\/serbia.com\\\/wp-content\\\/uploads\\\/2025\\\/11\\\/Untitled-2250-x-1500-px-27-e1762245150535.jpg\",\"contentUrl\":\"https:\\\/\\\/serbia.com\\\/wp-content\\\/uploads\\\/2025\\\/11\\\/Untitled-2250-x-1500-px-27-e1762245150535.jpg\",\"width\":2250,\"height\":1500},{\"@type\":\"BreadcrumbList\",\"@id\":\"https:\\\/\\\/serbia.com\\\/srpski\\\/kosatica-planinska-dusa-jugozapadne-srbije\\\/#breadcrumb\",\"itemListElement\":[{\"@type\":\"ListItem\",\"position\":1,\"name\":\"Home\",\"item\":\"https:\\\/\\\/serbia.com\\\/srpski\\\/srbija\\\/\"},{\"@type\":\"ListItem\",\"position\":2,\"name\":\"Kosatica: Planinska du\u0161a jugozapadne Srbije\"}]},{\"@type\":\"WebSite\",\"@id\":\"https:\\\/\\\/serbia.com\\\/#website\",\"url\":\"https:\\\/\\\/serbia.com\\\/\",\"name\":\"Serbia.com\",\"description\":\"Your Gateway to Serbia\",\"potentialAction\":[{\"@type\":\"SearchAction\",\"target\":{\"@type\":\"EntryPoint\",\"urlTemplate\":\"https:\\\/\\\/serbia.com\\\/?s={search_term_string}\"},\"query-input\":{\"@type\":\"PropertyValueSpecification\",\"valueRequired\":true,\"valueName\":\"search_term_string\"}}],\"inLanguage\":\"srpski\"},{\"@type\":\"Person\",\"@id\":\"https:\\\/\\\/serbia.com\\\/#\\\/schema\\\/person\\\/954f6599db4406bd5f2e8384659bdc33\",\"name\":\"Ivona Lekan\",\"image\":{\"@type\":\"ImageObject\",\"inLanguage\":\"srpski\",\"@id\":\"https:\\\/\\\/secure.gravatar.com\\\/avatar\\\/4eba414fa53ccc3824d6c0254e6c3425ccdebeb4c72580208b23386c071b50b2?s=96&d=mm&r=g\",\"url\":\"https:\\\/\\\/secure.gravatar.com\\\/avatar\\\/4eba414fa53ccc3824d6c0254e6c3425ccdebeb4c72580208b23386c071b50b2?s=96&d=mm&r=g\",\"contentUrl\":\"https:\\\/\\\/secure.gravatar.com\\\/avatar\\\/4eba414fa53ccc3824d6c0254e6c3425ccdebeb4c72580208b23386c071b50b2?s=96&d=mm&r=g\",\"caption\":\"Ivona Lekan\"},\"url\":\"https:\\\/\\\/serbia.com\\\/srpski\\\/author\\\/ivondivine\\\/\"}]}<\/script>\n<!-- \/ Yoast SEO plugin. -->","yoast_head_json":{"title":"Kosatica: Planinska du\u0161a jugozapadne Srbije - Serbia.com","robots":{"index":"index","follow":"follow","max-snippet":"max-snippet:-1","max-image-preview":"max-image-preview:large","max-video-preview":"max-video-preview:-1"},"canonical":"https:\/\/serbia.com\/srpski\/kosatica-planinska-dusa-jugozapadne-srbije\/","og_locale":"en_US","og_type":"article","og_title":"Kosatica: Planinska du\u0161a jugozapadne Srbije - Serbia.com","og_description":"Na obroncima izme\u0111u Zlatara i Zlatibora, u srcu jugozapadne Srbije, le\u017ei Kosatica \u2014 najve\u0107e brdsko-planinsko selo u zemlji. Pripada op\u0161tini Prijepolje, a poznata je po bogatoj tradiciji, \u010distoj prirodi i [&hellip;]","og_url":"https:\/\/serbia.com\/srpski\/kosatica-planinska-dusa-jugozapadne-srbije\/","og_site_name":"Serbia.com","article_published_time":"2025-11-05T11:49:57+00:00","article_modified_time":"2025-11-05T11:51:14+00:00","og_image":[{"width":2250,"height":1500,"url":"https:\/\/serbia.com\/wp-content\/uploads\/2025\/11\/Untitled-2250-x-1500-px-27-e1762245150535.jpg","type":"image\/jpeg"}],"author":"Ivona Lekan","twitter_misc":{"Written by":"Ivona Lekan","Est. reading time":"3 minutes"},"schema":{"@context":"https:\/\/schema.org","@graph":[{"@type":"Article","@id":"https:\/\/serbia.com\/srpski\/kosatica-planinska-dusa-jugozapadne-srbije\/#article","isPartOf":{"@id":"https:\/\/serbia.com\/srpski\/kosatica-planinska-dusa-jugozapadne-srbije\/"},"author":{"name":"Ivona Lekan","@id":"https:\/\/serbia.com\/#\/schema\/person\/954f6599db4406bd5f2e8384659bdc33"},"headline":"Kosatica: Planinska du\u0161a jugozapadne Srbije","datePublished":"2025-11-05T11:49:57+00:00","dateModified":"2025-11-05T11:51:14+00:00","mainEntityOfPage":{"@id":"https:\/\/serbia.com\/srpski\/kosatica-planinska-dusa-jugozapadne-srbije\/"},"wordCount":424,"commentCount":0,"image":{"@id":"https:\/\/serbia.com\/srpski\/kosatica-planinska-dusa-jugozapadne-srbije\/#primaryimage"},"thumbnailUrl":"https:\/\/serbia.com\/wp-content\/uploads\/2025\/11\/Untitled-2250-x-1500-px-27-e1762245150535.jpg","articleSection":["Etno sela","Istaknuto","Prirodne lepote"],"inLanguage":"srpski","potentialAction":[{"@type":"CommentAction","name":"Comment","target":["https:\/\/serbia.com\/srpski\/kosatica-planinska-dusa-jugozapadne-srbije\/#respond"]}]},{"@type":"WebPage","@id":"https:\/\/serbia.com\/srpski\/kosatica-planinska-dusa-jugozapadne-srbije\/","url":"https:\/\/serbia.com\/srpski\/kosatica-planinska-dusa-jugozapadne-srbije\/","name":"Kosatica: Planinska du\u0161a jugozapadne Srbije - Serbia.com","isPartOf":{"@id":"https:\/\/serbia.com\/#website"},"primaryImageOfPage":{"@id":"https:\/\/serbia.com\/srpski\/kosatica-planinska-dusa-jugozapadne-srbije\/#primaryimage"},"image":{"@id":"https:\/\/serbia.com\/srpski\/kosatica-planinska-dusa-jugozapadne-srbije\/#primaryimage"},"thumbnailUrl":"https:\/\/serbia.com\/wp-content\/uploads\/2025\/11\/Untitled-2250-x-1500-px-27-e1762245150535.jpg","datePublished":"2025-11-05T11:49:57+00:00","dateModified":"2025-11-05T11:51:14+00:00","author":{"@id":"https:\/\/serbia.com\/#\/schema\/person\/954f6599db4406bd5f2e8384659bdc33"},"breadcrumb":{"@id":"https:\/\/serbia.com\/srpski\/kosatica-planinska-dusa-jugozapadne-srbije\/#breadcrumb"},"inLanguage":"srpski","potentialAction":[{"@type":"ReadAction","target":["https:\/\/serbia.com\/srpski\/kosatica-planinska-dusa-jugozapadne-srbije\/"]}]},{"@type":"ImageObject","inLanguage":"srpski","@id":"https:\/\/serbia.com\/srpski\/kosatica-planinska-dusa-jugozapadne-srbije\/#primaryimage","url":"https:\/\/serbia.com\/wp-content\/uploads\/2025\/11\/Untitled-2250-x-1500-px-27-e1762245150535.jpg","contentUrl":"https:\/\/serbia.com\/wp-content\/uploads\/2025\/11\/Untitled-2250-x-1500-px-27-e1762245150535.jpg","width":2250,"height":1500},{"@type":"BreadcrumbList","@id":"https:\/\/serbia.com\/srpski\/kosatica-planinska-dusa-jugozapadne-srbije\/#breadcrumb","itemListElement":[{"@type":"ListItem","position":1,"name":"Home","item":"https:\/\/serbia.com\/srpski\/srbija\/"},{"@type":"ListItem","position":2,"name":"Kosatica: Planinska du\u0161a jugozapadne Srbije"}]},{"@type":"WebSite","@id":"https:\/\/serbia.com\/#website","url":"https:\/\/serbia.com\/","name":"Serbia.com","description":"Your Gateway to Serbia","potentialAction":[{"@type":"SearchAction","target":{"@type":"EntryPoint","urlTemplate":"https:\/\/serbia.com\/?s={search_term_string}"},"query-input":{"@type":"PropertyValueSpecification","valueRequired":true,"valueName":"search_term_string"}}],"inLanguage":"srpski"},{"@type":"Person","@id":"https:\/\/serbia.com\/#\/schema\/person\/954f6599db4406bd5f2e8384659bdc33","name":"Ivona Lekan","image":{"@type":"ImageObject","inLanguage":"srpski","@id":"https:\/\/secure.gravatar.com\/avatar\/4eba414fa53ccc3824d6c0254e6c3425ccdebeb4c72580208b23386c071b50b2?s=96&d=mm&r=g","url":"https:\/\/secure.gravatar.com\/avatar\/4eba414fa53ccc3824d6c0254e6c3425ccdebeb4c72580208b23386c071b50b2?s=96&d=mm&r=g","contentUrl":"https:\/\/secure.gravatar.com\/avatar\/4eba414fa53ccc3824d6c0254e6c3425ccdebeb4c72580208b23386c071b50b2?s=96&d=mm&r=g","caption":"Ivona Lekan"},"url":"https:\/\/serbia.com\/srpski\/author\/ivondivine\/"}]}},"brizy_media":[],"_links":{"self":[{"href":"https:\/\/serbia.com\/srpski\/wp-json\/wp\/v2\/posts\/63458","targetHints":{"allow":["GET"]}}],"collection":[{"href":"https:\/\/serbia.com\/srpski\/wp-json\/wp\/v2\/posts"}],"about":[{"href":"https:\/\/serbia.com\/srpski\/wp-json\/wp\/v2\/types\/post"}],"author":[{"embeddable":true,"href":"https:\/\/serbia.com\/srpski\/wp-json\/wp\/v2\/users\/27"}],"replies":[{"embeddable":true,"href":"https:\/\/serbia.com\/srpski\/wp-json\/wp\/v2\/comments?post=63458"}],"version-history":[{"count":2,"href":"https:\/\/serbia.com\/srpski\/wp-json\/wp\/v2\/posts\/63458\/revisions"}],"predecessor-version":[{"id":63464,"href":"https:\/\/serbia.com\/srpski\/wp-json\/wp\/v2\/posts\/63458\/revisions\/63464"}],"wp:featuredmedia":[{"embeddable":true,"href":"https:\/\/serbia.com\/srpski\/wp-json\/wp\/v2\/media\/63450"}],"wp:attachment":[{"href":"https:\/\/serbia.com\/srpski\/wp-json\/wp\/v2\/media?parent=63458"}],"wp:term":[{"taxonomy":"category","embeddable":true,"href":"https:\/\/serbia.com\/srpski\/wp-json\/wp\/v2\/categories?post=63458"},{"taxonomy":"post_tag","embeddable":true,"href":"https:\/\/serbia.com\/srpski\/wp-json\/wp\/v2\/tags?post=63458"}],"curies":[{"name":"wp","href":"https:\/\/api.w.org\/{rel}","templated":true}]}}