{"id":63369,"date":"2025-10-31T10:26:42","date_gmt":"2025-10-31T09:26:42","guid":{"rendered":"https:\/\/serbia.com\/?p=63369"},"modified":"2025-10-31T10:26:44","modified_gmt":"2025-10-31T09:26:44","slug":"kikinda-grad-sova-i-novembarskog-sarma","status":"publish","type":"post","link":"https:\/\/serbia.com\/srpski\/kikinda-grad-sova-i-novembarskog-sarma\/","title":{"rendered":"Kikinda \u2013 Grad sova i novembarskog \u0161arma"},"content":{"rendered":"\n<p><em>U novembru <a href=\"https:\/\/serbia.com\/srpski\/kikinda-najvece-zimsko-staniste-sova-usara-na-planeti\/\"><strong>Kikinda<\/strong><\/a> postaje jedno od najneobi\u010dnijih mesta u Evropi. Dok li\u0161\u0107e prekriva mirne ulice, a hladan vazduh najavljuje zimu, centar grada postaje dom stotina utina \u2014 dugouhih sova koje Kikindi daju poseban, magi\u010dan izgled. Ovo je vreme kada grad di\u0161e sporije, a priroda i ljudi stvaraju jedinstvenu atmosferu mira i topline.<\/em><\/p>\n\n\n\n<p><strong>\u0160ta videti<\/strong><\/p>\n\n\n\n<p>\u0160etnju zapo\u010dnite na glavnom trgu, okru\u017eenom elegantnim zgradama iz doba Austrougarske, koje u novembarskom svetlu deluju kao deo stare razglednice. Obavezno posetite <strong>ulicu Petra Drap\u0161ina<\/strong> \u2014 jednu od najlep\u0161ih drvoreda ulica u Srbiji, posebno \u010darobnu kada je prekrije zlatno li\u0161\u0107e. <\/p>\n\n\n\n<figure class=\"wp-block-gallery has-nested-images columns-default is-cropped wp-block-gallery-1 is-layout-flex wp-block-gallery-is-layout-flex\">\n<figure class=\"wp-block-image size-large\"><img loading=\"lazy\" decoding=\"async\" width=\"1200\" height=\"773\" data-id=\"59229\" src=\"https:\/\/serbia.com\/wp-content\/uploads\/2025\/03\/Kikinda_Suvaca-2.jpeg\" alt=\"\" class=\"wp-image-59229\" srcset=\"https:\/\/serbia.com\/wp-content\/uploads\/2025\/03\/Kikinda_Suvaca-2.jpeg 1200w, https:\/\/serbia.com\/wp-content\/uploads\/2025\/03\/Kikinda_Suvaca-2-300x193.jpeg 300w, https:\/\/serbia.com\/wp-content\/uploads\/2025\/03\/Kikinda_Suvaca-2-768x495.jpeg 768w, https:\/\/serbia.com\/wp-content\/uploads\/2025\/03\/Kikinda_Suvaca-2-760x490.jpeg 760w, https:\/\/serbia.com\/wp-content\/uploads\/2025\/03\/Kikinda_Suvaca-2-776x500.jpeg 776w\" sizes=\"auto, (max-width: 1200px) 100vw, 1200px\" \/><figcaption class=\"wp-element-caption\">Suva\u010da, foto: \u00a0I, White Writer, CC BY-SA 3.0\u00a0<a href=\"https:\/\/creativecommons.org\/licenses\/by-sa\/3.0\">https:\/\/creativecommons.org\/licenses\/by-sa\/3.0<\/a>, via Wikimedia Commons<\/figcaption><\/figure>\n\n\n\n<figure class=\"wp-block-image size-large\"><img loading=\"lazy\" decoding=\"async\" width=\"875\" height=\"500\" data-id=\"63363\" src=\"https:\/\/serbia.com\/wp-content\/uploads\/2025\/10\/Untitled-design-11-875x500-1.jpg\" alt=\"\" class=\"wp-image-63363\" srcset=\"https:\/\/serbia.com\/wp-content\/uploads\/2025\/10\/Untitled-design-11-875x500-1.jpg 875w, https:\/\/serbia.com\/wp-content\/uploads\/2025\/10\/Untitled-design-11-875x500-1-300x171.jpg 300w, https:\/\/serbia.com\/wp-content\/uploads\/2025\/10\/Untitled-design-11-875x500-1-768x439.jpg 768w, https:\/\/serbia.com\/wp-content\/uploads\/2025\/10\/Untitled-design-11-875x500-1-760x434.jpg 760w\" sizes=\"auto, (max-width: 875px) 100vw, 875px\" \/><figcaption class=\"wp-element-caption\">Ulica Generala Petra Drap\u0161ina<\/figcaption><\/figure>\n\n\n\n<figure class=\"wp-block-image size-large\"><img loading=\"lazy\" decoding=\"async\" width=\"1280\" height=\"853\" data-id=\"63361\" src=\"https:\/\/serbia.com\/wp-content\/uploads\/2025\/10\/Untitled-2250-x-1500-px-5-2-1280x853.jpg\" alt=\"\" class=\"wp-image-63361\" srcset=\"https:\/\/serbia.com\/wp-content\/uploads\/2025\/10\/Untitled-2250-x-1500-px-5-2-1280x853.jpg 1280w, https:\/\/serbia.com\/wp-content\/uploads\/2025\/10\/Untitled-2250-x-1500-px-5-2-300x200.jpg 300w, https:\/\/serbia.com\/wp-content\/uploads\/2025\/10\/Untitled-2250-x-1500-px-5-2-768x512.jpg 768w, https:\/\/serbia.com\/wp-content\/uploads\/2025\/10\/Untitled-2250-x-1500-px-5-2-1536x1024.jpg 1536w, https:\/\/serbia.com\/wp-content\/uploads\/2025\/10\/Untitled-2250-x-1500-px-5-2-2048x1365.jpg 2048w, https:\/\/serbia.com\/wp-content\/uploads\/2025\/10\/Untitled-2250-x-1500-px-5-2-760x507.jpg 760w, https:\/\/serbia.com\/wp-content\/uploads\/2025\/10\/Untitled-2250-x-1500-px-5-2-1500x1000.jpg 1500w, https:\/\/serbia.com\/wp-content\/uploads\/2025\/10\/Untitled-2250-x-1500-px-5-2-750x500.jpg 750w\" sizes=\"auto, (max-width: 1280px) 100vw, 1280px\" \/><figcaption class=\"wp-element-caption\">Grad Kikinda<\/figcaption><\/figure>\n<\/figure>\n\n\n\n<p><\/p>\n\n\n\n<p>U blizini se nalazi <strong>Suva\u010da<\/strong>,<strong> jedna od poslednjih mlinova na konjsku snagu u Evropi,<\/strong> kao i <strong>Muzej Terra<\/strong>, koji \u010duva bogatstvo umetnosti u glini \u2014 simbol stvarala\u010dkog duha Kikinde.<\/p>\n\n\n\n<p><strong>\u0160ta raditi<\/strong><\/p>\n\n\n\n<p><strong><a href=\"https:\/\/serbia.com\/srpski\/kikinda-najvece-zimsko-staniste-sova-usara-na-planeti\/\">Kikinda<\/a><\/strong> je poznata \u0161irom sveta po sovama, a <strong>novembar je mesec kada ih mo\u017eete videti u najve\u0107em broju. <\/strong>Pro\u0161etajte gradskim parkom u suton \u2014 iznad vas \u0107e se u kro\u0161njama mirno odmarati desetine utina, koje me\u0161tani s ponosom nazivaju \u201e\u010duvarima Kikinde\u201c. <\/p>\n\n\n\n<figure class=\"wp-block-image size-large\"><img loading=\"lazy\" decoding=\"async\" width=\"1280\" height=\"853\" src=\"https:\/\/serbia.com\/wp-content\/uploads\/2015\/12\/iStock-2035020566-1280x853.jpg\" alt=\"\" class=\"wp-image-56211\" srcset=\"https:\/\/serbia.com\/wp-content\/uploads\/2015\/12\/iStock-2035020566-1280x853.jpg 1280w, https:\/\/serbia.com\/wp-content\/uploads\/2015\/12\/iStock-2035020566-300x200.jpg 300w, https:\/\/serbia.com\/wp-content\/uploads\/2015\/12\/iStock-2035020566-768x512.jpg 768w, https:\/\/serbia.com\/wp-content\/uploads\/2015\/12\/iStock-2035020566-1536x1024.jpg 1536w, https:\/\/serbia.com\/wp-content\/uploads\/2015\/12\/iStock-2035020566-2048x1365.jpg 2048w, https:\/\/serbia.com\/wp-content\/uploads\/2015\/12\/iStock-2035020566-760x507.jpg 760w, https:\/\/serbia.com\/wp-content\/uploads\/2015\/12\/iStock-2035020566-1500x1000.jpg 1500w, https:\/\/serbia.com\/wp-content\/uploads\/2015\/12\/iStock-2035020566-750x500.jpg 750w\" sizes=\"auto, (max-width: 1280px) 100vw, 1280px\" \/><figcaption class=\"wp-element-caption\">Sove utine u Kikindi<\/figcaption><\/figure>\n\n\n\n<p>Ako imate sre\u0107e, sti\u0107i \u0107ete u vreme manifestacije <strong>Dani sova<\/strong>, koja spaja obrazovanje, tradiciju i ljubav prema prirodi. Posle \u0161etnje, svratite u neki od kafi\u0107a na trgu i u\u017eivajte u toplom \u010daju ili kuvanom vinu.<\/p>\n\n\n\n<p><strong>Aktivnosti<\/strong><\/p>\n\n\n\n<p>Pridru\u017eite se organizovanom posmatranju sova uz stru\u010dno vo\u0111enje, ili obi\u0111ite obli\u017enja sela poznata po doma\u0107em medu i jesenjim \u0111akonijama od bundeve. Posetite<strong> staru \u017eelezni\u010dku stanicu i lokomotivu Kraljica Banata<\/strong>, simbol industrijske pro\u0161losti grada. A ako vreme dozvoli, napravite piknik na obli\u017enjem <strong>jezeru Laguna<\/strong> \u2014 mestu gde se voda i nebo spajaju u mirnoj, jesenjoj ti\u0161ini.<\/p>\n","protected":false},"excerpt":{"rendered":"<p>U novembru Kikinda postaje jedno od najneobi\u010dnijih mesta u Evropi. Dok li\u0161\u0107e prekriva mirne ulice, a hladan vazduh najavljuje zimu, centar grada postaje dom stotina utina \u2014 dugouhih sova koje [&hellip;]<\/p>\n","protected":false},"author":27,"featured_media":63370,"comment_status":"open","ping_status":"closed","sticky":false,"template":"","format":"standard","meta":{"_acf_changed":false,"inline_featured_image":false,"_monsterinsights_skip_tracking":false,"_monsterinsights_sitenote_active":false,"_monsterinsights_sitenote_note":"","_monsterinsights_sitenote_category":0,"footnotes":""},"categories":[1672,2846,1662],"tags":[],"class_list":["post-63369","post","type-post","status-publish","format-standard","has-post-thumbnail","hentry","category-gradovi","category-istaknuto","category-kulturne-atrakcije-sta-posetiti"],"acf":[],"yoast_head":"<!-- This site is optimized with the Yoast SEO plugin v27.4 - https:\/\/yoast.com\/product\/yoast-seo-wordpress\/ -->\n<title>Kikinda \u2013 Grad sova i novembarskog \u0161arma - Serbia.com<\/title>\n<meta name=\"robots\" content=\"index, follow, max-snippet:-1, max-image-preview:large, max-video-preview:-1\" \/>\n<link rel=\"canonical\" href=\"https:\/\/serbia.com\/srpski\/kikinda-grad-sova-i-novembarskog-sarma\/\" \/>\n<meta property=\"og:locale\" content=\"en_US\" \/>\n<meta property=\"og:type\" content=\"article\" \/>\n<meta property=\"og:title\" content=\"Kikinda \u2013 Grad sova i novembarskog \u0161arma - Serbia.com\" \/>\n<meta property=\"og:description\" content=\"U novembru Kikinda postaje jedno od najneobi\u010dnijih mesta u Evropi. Dok li\u0161\u0107e prekriva mirne ulice, a hladan vazduh najavljuje zimu, centar grada postaje dom stotina utina \u2014 dugouhih sova koje [&hellip;]\" \/>\n<meta property=\"og:url\" content=\"https:\/\/serbia.com\/srpski\/kikinda-grad-sova-i-novembarskog-sarma\/\" \/>\n<meta property=\"og:site_name\" content=\"Serbia.com\" \/>\n<meta property=\"article:published_time\" content=\"2025-10-31T09:26:42+00:00\" \/>\n<meta property=\"article:modified_time\" content=\"2025-10-31T09:26:44+00:00\" \/>\n<meta property=\"og:image\" content=\"https:\/\/serbia.com\/wp-content\/uploads\/2025\/10\/Untitled-2250-x-1500-px-6-3-e1761902465928.jpg\" \/>\n\t<meta property=\"og:image:width\" content=\"2250\" \/>\n\t<meta property=\"og:image:height\" content=\"1061\" \/>\n\t<meta property=\"og:image:type\" content=\"image\/jpeg\" \/>\n<meta name=\"author\" content=\"Ivona Lekan\" \/>\n<meta name=\"twitter:label1\" content=\"Written by\" \/>\n\t<meta name=\"twitter:data1\" content=\"Ivona Lekan\" \/>\n\t<meta name=\"twitter:label2\" content=\"Est. reading time\" \/>\n\t<meta name=\"twitter:data2\" content=\"3 minutes\" \/>\n<script type=\"application\/ld+json\" class=\"yoast-schema-graph\">{\"@context\":\"https:\\\/\\\/schema.org\",\"@graph\":[{\"@type\":\"Article\",\"@id\":\"https:\\\/\\\/serbia.com\\\/srpski\\\/kikinda-grad-sova-i-novembarskog-sarma\\\/#article\",\"isPartOf\":{\"@id\":\"https:\\\/\\\/serbia.com\\\/srpski\\\/kikinda-grad-sova-i-novembarskog-sarma\\\/\"},\"author\":{\"name\":\"Ivona Lekan\",\"@id\":\"https:\\\/\\\/serbia.com\\\/#\\\/schema\\\/person\\\/954f6599db4406bd5f2e8384659bdc33\"},\"headline\":\"Kikinda \u2013 Grad sova i novembarskog \u0161arma\",\"datePublished\":\"2025-10-31T09:26:42+00:00\",\"dateModified\":\"2025-10-31T09:26:44+00:00\",\"mainEntityOfPage\":{\"@id\":\"https:\\\/\\\/serbia.com\\\/srpski\\\/kikinda-grad-sova-i-novembarskog-sarma\\\/\"},\"wordCount\":315,\"commentCount\":0,\"image\":{\"@id\":\"https:\\\/\\\/serbia.com\\\/srpski\\\/kikinda-grad-sova-i-novembarskog-sarma\\\/#primaryimage\"},\"thumbnailUrl\":\"https:\\\/\\\/serbia.com\\\/wp-content\\\/uploads\\\/2025\\\/10\\\/Untitled-2250-x-1500-px-6-3-e1761902465928.jpg\",\"articleSection\":[\"Gradovi\",\"Istaknuto\",\"Kulturne atrakcije\"],\"inLanguage\":\"srpski\",\"potentialAction\":[{\"@type\":\"CommentAction\",\"name\":\"Comment\",\"target\":[\"https:\\\/\\\/serbia.com\\\/srpski\\\/kikinda-grad-sova-i-novembarskog-sarma\\\/#respond\"]}]},{\"@type\":\"WebPage\",\"@id\":\"https:\\\/\\\/serbia.com\\\/srpski\\\/kikinda-grad-sova-i-novembarskog-sarma\\\/\",\"url\":\"https:\\\/\\\/serbia.com\\\/srpski\\\/kikinda-grad-sova-i-novembarskog-sarma\\\/\",\"name\":\"Kikinda \u2013 Grad sova i novembarskog \u0161arma - Serbia.com\",\"isPartOf\":{\"@id\":\"https:\\\/\\\/serbia.com\\\/#website\"},\"primaryImageOfPage\":{\"@id\":\"https:\\\/\\\/serbia.com\\\/srpski\\\/kikinda-grad-sova-i-novembarskog-sarma\\\/#primaryimage\"},\"image\":{\"@id\":\"https:\\\/\\\/serbia.com\\\/srpski\\\/kikinda-grad-sova-i-novembarskog-sarma\\\/#primaryimage\"},\"thumbnailUrl\":\"https:\\\/\\\/serbia.com\\\/wp-content\\\/uploads\\\/2025\\\/10\\\/Untitled-2250-x-1500-px-6-3-e1761902465928.jpg\",\"datePublished\":\"2025-10-31T09:26:42+00:00\",\"dateModified\":\"2025-10-31T09:26:44+00:00\",\"author\":{\"@id\":\"https:\\\/\\\/serbia.com\\\/#\\\/schema\\\/person\\\/954f6599db4406bd5f2e8384659bdc33\"},\"breadcrumb\":{\"@id\":\"https:\\\/\\\/serbia.com\\\/srpski\\\/kikinda-grad-sova-i-novembarskog-sarma\\\/#breadcrumb\"},\"inLanguage\":\"srpski\",\"potentialAction\":[{\"@type\":\"ReadAction\",\"target\":[\"https:\\\/\\\/serbia.com\\\/srpski\\\/kikinda-grad-sova-i-novembarskog-sarma\\\/\"]}]},{\"@type\":\"ImageObject\",\"inLanguage\":\"srpski\",\"@id\":\"https:\\\/\\\/serbia.com\\\/srpski\\\/kikinda-grad-sova-i-novembarskog-sarma\\\/#primaryimage\",\"url\":\"https:\\\/\\\/serbia.com\\\/wp-content\\\/uploads\\\/2025\\\/10\\\/Untitled-2250-x-1500-px-6-3-e1761902465928.jpg\",\"contentUrl\":\"https:\\\/\\\/serbia.com\\\/wp-content\\\/uploads\\\/2025\\\/10\\\/Untitled-2250-x-1500-px-6-3-e1761902465928.jpg\",\"width\":2250,\"height\":1061},{\"@type\":\"BreadcrumbList\",\"@id\":\"https:\\\/\\\/serbia.com\\\/srpski\\\/kikinda-grad-sova-i-novembarskog-sarma\\\/#breadcrumb\",\"itemListElement\":[{\"@type\":\"ListItem\",\"position\":1,\"name\":\"Home\",\"item\":\"https:\\\/\\\/serbia.com\\\/srpski\\\/\"},{\"@type\":\"ListItem\",\"position\":2,\"name\":\"Kikinda \u2013 Grad sova i novembarskog \u0161arma\"}]},{\"@type\":\"WebSite\",\"@id\":\"https:\\\/\\\/serbia.com\\\/#website\",\"url\":\"https:\\\/\\\/serbia.com\\\/\",\"name\":\"Serbia.com\",\"description\":\"Your Gateway to Serbia\",\"potentialAction\":[{\"@type\":\"SearchAction\",\"target\":{\"@type\":\"EntryPoint\",\"urlTemplate\":\"https:\\\/\\\/serbia.com\\\/?s={search_term_string}\"},\"query-input\":{\"@type\":\"PropertyValueSpecification\",\"valueRequired\":true,\"valueName\":\"search_term_string\"}}],\"inLanguage\":\"srpski\"},{\"@type\":\"Person\",\"@id\":\"https:\\\/\\\/serbia.com\\\/#\\\/schema\\\/person\\\/954f6599db4406bd5f2e8384659bdc33\",\"name\":\"Ivona Lekan\",\"image\":{\"@type\":\"ImageObject\",\"inLanguage\":\"srpski\",\"@id\":\"https:\\\/\\\/secure.gravatar.com\\\/avatar\\\/4eba414fa53ccc3824d6c0254e6c3425ccdebeb4c72580208b23386c071b50b2?s=96&d=mm&r=g\",\"url\":\"https:\\\/\\\/secure.gravatar.com\\\/avatar\\\/4eba414fa53ccc3824d6c0254e6c3425ccdebeb4c72580208b23386c071b50b2?s=96&d=mm&r=g\",\"contentUrl\":\"https:\\\/\\\/secure.gravatar.com\\\/avatar\\\/4eba414fa53ccc3824d6c0254e6c3425ccdebeb4c72580208b23386c071b50b2?s=96&d=mm&r=g\",\"caption\":\"Ivona Lekan\"},\"url\":\"https:\\\/\\\/serbia.com\\\/srpski\\\/author\\\/ivondivine\\\/\"}]}<\/script>\n<!-- \/ Yoast SEO plugin. -->","yoast_head_json":{"title":"Kikinda \u2013 Grad sova i novembarskog \u0161arma - Serbia.com","robots":{"index":"index","follow":"follow","max-snippet":"max-snippet:-1","max-image-preview":"max-image-preview:large","max-video-preview":"max-video-preview:-1"},"canonical":"https:\/\/serbia.com\/srpski\/kikinda-grad-sova-i-novembarskog-sarma\/","og_locale":"en_US","og_type":"article","og_title":"Kikinda \u2013 Grad sova i novembarskog \u0161arma - Serbia.com","og_description":"U novembru Kikinda postaje jedno od najneobi\u010dnijih mesta u Evropi. Dok li\u0161\u0107e prekriva mirne ulice, a hladan vazduh najavljuje zimu, centar grada postaje dom stotina utina \u2014 dugouhih sova koje [&hellip;]","og_url":"https:\/\/serbia.com\/srpski\/kikinda-grad-sova-i-novembarskog-sarma\/","og_site_name":"Serbia.com","article_published_time":"2025-10-31T09:26:42+00:00","article_modified_time":"2025-10-31T09:26:44+00:00","og_image":[{"width":2250,"height":1061,"url":"https:\/\/serbia.com\/wp-content\/uploads\/2025\/10\/Untitled-2250-x-1500-px-6-3-e1761902465928.jpg","type":"image\/jpeg"}],"author":"Ivona Lekan","twitter_misc":{"Written by":"Ivona Lekan","Est. reading time":"3 minutes"},"schema":{"@context":"https:\/\/schema.org","@graph":[{"@type":"Article","@id":"https:\/\/serbia.com\/srpski\/kikinda-grad-sova-i-novembarskog-sarma\/#article","isPartOf":{"@id":"https:\/\/serbia.com\/srpski\/kikinda-grad-sova-i-novembarskog-sarma\/"},"author":{"name":"Ivona Lekan","@id":"https:\/\/serbia.com\/#\/schema\/person\/954f6599db4406bd5f2e8384659bdc33"},"headline":"Kikinda \u2013 Grad sova i novembarskog \u0161arma","datePublished":"2025-10-31T09:26:42+00:00","dateModified":"2025-10-31T09:26:44+00:00","mainEntityOfPage":{"@id":"https:\/\/serbia.com\/srpski\/kikinda-grad-sova-i-novembarskog-sarma\/"},"wordCount":315,"commentCount":0,"image":{"@id":"https:\/\/serbia.com\/srpski\/kikinda-grad-sova-i-novembarskog-sarma\/#primaryimage"},"thumbnailUrl":"https:\/\/serbia.com\/wp-content\/uploads\/2025\/10\/Untitled-2250-x-1500-px-6-3-e1761902465928.jpg","articleSection":["Gradovi","Istaknuto","Kulturne atrakcije"],"inLanguage":"srpski","potentialAction":[{"@type":"CommentAction","name":"Comment","target":["https:\/\/serbia.com\/srpski\/kikinda-grad-sova-i-novembarskog-sarma\/#respond"]}]},{"@type":"WebPage","@id":"https:\/\/serbia.com\/srpski\/kikinda-grad-sova-i-novembarskog-sarma\/","url":"https:\/\/serbia.com\/srpski\/kikinda-grad-sova-i-novembarskog-sarma\/","name":"Kikinda \u2013 Grad sova i novembarskog \u0161arma - Serbia.com","isPartOf":{"@id":"https:\/\/serbia.com\/#website"},"primaryImageOfPage":{"@id":"https:\/\/serbia.com\/srpski\/kikinda-grad-sova-i-novembarskog-sarma\/#primaryimage"},"image":{"@id":"https:\/\/serbia.com\/srpski\/kikinda-grad-sova-i-novembarskog-sarma\/#primaryimage"},"thumbnailUrl":"https:\/\/serbia.com\/wp-content\/uploads\/2025\/10\/Untitled-2250-x-1500-px-6-3-e1761902465928.jpg","datePublished":"2025-10-31T09:26:42+00:00","dateModified":"2025-10-31T09:26:44+00:00","author":{"@id":"https:\/\/serbia.com\/#\/schema\/person\/954f6599db4406bd5f2e8384659bdc33"},"breadcrumb":{"@id":"https:\/\/serbia.com\/srpski\/kikinda-grad-sova-i-novembarskog-sarma\/#breadcrumb"},"inLanguage":"srpski","potentialAction":[{"@type":"ReadAction","target":["https:\/\/serbia.com\/srpski\/kikinda-grad-sova-i-novembarskog-sarma\/"]}]},{"@type":"ImageObject","inLanguage":"srpski","@id":"https:\/\/serbia.com\/srpski\/kikinda-grad-sova-i-novembarskog-sarma\/#primaryimage","url":"https:\/\/serbia.com\/wp-content\/uploads\/2025\/10\/Untitled-2250-x-1500-px-6-3-e1761902465928.jpg","contentUrl":"https:\/\/serbia.com\/wp-content\/uploads\/2025\/10\/Untitled-2250-x-1500-px-6-3-e1761902465928.jpg","width":2250,"height":1061},{"@type":"BreadcrumbList","@id":"https:\/\/serbia.com\/srpski\/kikinda-grad-sova-i-novembarskog-sarma\/#breadcrumb","itemListElement":[{"@type":"ListItem","position":1,"name":"Home","item":"https:\/\/serbia.com\/srpski\/"},{"@type":"ListItem","position":2,"name":"Kikinda \u2013 Grad sova i novembarskog \u0161arma"}]},{"@type":"WebSite","@id":"https:\/\/serbia.com\/#website","url":"https:\/\/serbia.com\/","name":"Serbia.com","description":"Your Gateway to Serbia","potentialAction":[{"@type":"SearchAction","target":{"@type":"EntryPoint","urlTemplate":"https:\/\/serbia.com\/?s={search_term_string}"},"query-input":{"@type":"PropertyValueSpecification","valueRequired":true,"valueName":"search_term_string"}}],"inLanguage":"srpski"},{"@type":"Person","@id":"https:\/\/serbia.com\/#\/schema\/person\/954f6599db4406bd5f2e8384659bdc33","name":"Ivona Lekan","image":{"@type":"ImageObject","inLanguage":"srpski","@id":"https:\/\/secure.gravatar.com\/avatar\/4eba414fa53ccc3824d6c0254e6c3425ccdebeb4c72580208b23386c071b50b2?s=96&d=mm&r=g","url":"https:\/\/secure.gravatar.com\/avatar\/4eba414fa53ccc3824d6c0254e6c3425ccdebeb4c72580208b23386c071b50b2?s=96&d=mm&r=g","contentUrl":"https:\/\/secure.gravatar.com\/avatar\/4eba414fa53ccc3824d6c0254e6c3425ccdebeb4c72580208b23386c071b50b2?s=96&d=mm&r=g","caption":"Ivona Lekan"},"url":"https:\/\/serbia.com\/srpski\/author\/ivondivine\/"}]}},"brizy_media":[],"_links":{"self":[{"href":"https:\/\/serbia.com\/srpski\/wp-json\/wp\/v2\/posts\/63369","targetHints":{"allow":["GET"]}}],"collection":[{"href":"https:\/\/serbia.com\/srpski\/wp-json\/wp\/v2\/posts"}],"about":[{"href":"https:\/\/serbia.com\/srpski\/wp-json\/wp\/v2\/types\/post"}],"author":[{"embeddable":true,"href":"https:\/\/serbia.com\/srpski\/wp-json\/wp\/v2\/users\/27"}],"replies":[{"embeddable":true,"href":"https:\/\/serbia.com\/srpski\/wp-json\/wp\/v2\/comments?post=63369"}],"version-history":[{"count":1,"href":"https:\/\/serbia.com\/srpski\/wp-json\/wp\/v2\/posts\/63369\/revisions"}],"predecessor-version":[{"id":63372,"href":"https:\/\/serbia.com\/srpski\/wp-json\/wp\/v2\/posts\/63369\/revisions\/63372"}],"wp:featuredmedia":[{"embeddable":true,"href":"https:\/\/serbia.com\/srpski\/wp-json\/wp\/v2\/media\/63370"}],"wp:attachment":[{"href":"https:\/\/serbia.com\/srpski\/wp-json\/wp\/v2\/media?parent=63369"}],"wp:term":[{"taxonomy":"category","embeddable":true,"href":"https:\/\/serbia.com\/srpski\/wp-json\/wp\/v2\/categories?post=63369"},{"taxonomy":"post_tag","embeddable":true,"href":"https:\/\/serbia.com\/srpski\/wp-json\/wp\/v2\/tags?post=63369"}],"curies":[{"name":"wp","href":"https:\/\/api.w.org\/{rel}","templated":true}]}}