{"id":63061,"date":"2025-10-13T10:21:18","date_gmt":"2025-10-13T08:21:18","guid":{"rendered":"https:\/\/serbia.com\/?p=63061"},"modified":"2025-10-13T10:21:20","modified_gmt":"2025-10-13T08:21:20","slug":"hala-1-beogradskog-sajma-kupola-koja-je-zadivila-svet","status":"publish","type":"post","link":"https:\/\/serbia.com\/srpski\/hala-1-beogradskog-sajma-kupola-koja-je-zadivila-svet\/","title":{"rendered":"Hala 1 Beogradskog sajma \u2013 Kupola koja je zadivila svet"},"content":{"rendered":"\n<p><em>Da li ste znali da se u samom srcu Beograda nalazi arhitektonsko \u010dudo koje je svojevremeno va\u017eilo za najve\u0107u betonsku kupolu na svetu? Hala 1 Beogradskog sajma, simbol modernisti\u010dkog duha pedesetih godina pro\u0161log veka, i danas impresionira svojom veli\u010dinom, elegancijom i konstrukcionim savr\u0161enstvom.<\/em><\/p>\n\n\n\n<h3 class=\"wp-block-heading\"><strong>Arhitektonsko remek-delo pod betonskom kupolom<\/strong><\/h3>\n\n\n\n<p>Otvorena 1957. godine, Hala 1 je projektovana od strane arhitekata Branka \u017de\u017eelja, Milorada Pantovi\u0107a i Aleksandra \u0110or\u0111evi\u0107a. Ono \u0161to je \u010dini jedinstvenom jeste njena <strong>monumentalna kupola od prednapregnutog betona<\/strong> \u2013 pre\u010dnika <strong>109 metara<\/strong>, bez ijednog nose\u0107eg stuba unutar prostora! U vreme kada je izgra\u0111ena, to je bio <strong>najve\u0107i raspon kupole te vrste na svetu<\/strong>, \u010dime je Beograd zauzeo posebno mesto na mapi svetske moderne arhitekture.<\/p>\n\n\n\n<figure class=\"wp-block-image size-large\"><img loading=\"lazy\" decoding=\"async\" width=\"1280\" height=\"720\" src=\"https:\/\/serbia.com\/wp-content\/uploads\/2025\/10\/eastern-serbia-24-1280x720.jpg\" alt=\"\" class=\"wp-image-63054\" srcset=\"https:\/\/serbia.com\/wp-content\/uploads\/2025\/10\/eastern-serbia-24-1280x720.jpg 1280w, https:\/\/serbia.com\/wp-content\/uploads\/2025\/10\/eastern-serbia-24-300x169.jpg 300w, https:\/\/serbia.com\/wp-content\/uploads\/2025\/10\/eastern-serbia-24-768x432.jpg 768w, https:\/\/serbia.com\/wp-content\/uploads\/2025\/10\/eastern-serbia-24-760x427.jpg 760w, https:\/\/serbia.com\/wp-content\/uploads\/2025\/10\/eastern-serbia-24-889x500.jpg 889w, https:\/\/serbia.com\/wp-content\/uploads\/2025\/10\/eastern-serbia-24.jpg 1366w\" sizes=\"auto, (max-width: 1280px) 100vw, 1280px\" \/><figcaption class=\"wp-element-caption\">Beogradski sajam<\/figcaption><\/figure>\n\n\n\n<p>Kupola, izvedena s neverovatnom precizno\u0161\u0107u i in\u017eenjerskim smislom, i danas izaziva divljenje stru\u010dnjaka i posetilaca. Njena forma je savr\u0161eno simetri\u010dna, a konstrukcija je toliko napredna da se smatra jednim od <strong>najupe\u010datljivijih primera betonske arhitekture 20. veka<\/strong>.<\/p>\n\n\n\n<h3 class=\"wp-block-heading\"><strong>Od socijalisti\u010dkog modernizma do simbola Beograda<\/strong><\/h3>\n\n\n\n<p>Beogradski sajam je nakon Drugog svetskog rata postao mesto gde je Jugoslavija svetu predstavljala svoje tehnolo\u0161ke i industrijske uspehe. Hala 1 je bila centralna ta\u010dka tog ambicioznog projekta \u2013 prostor u kojem su se odr\u017eavale me\u0111unarodne izlo\u017ebe, automobilski saloni, sajmovi knjiga, mode, tehnike, pa \u010dak i prvi koncerti i muzi\u010dki spektakli u prestonici.<\/p>\n\n\n\n<p>Tokom decenija, ova hala svedo\u010dila je mnogim va\u017enim doga\u0111ajima: <strong>od prvih nastupa svetskih zvezda u Beogradu, preko velikih sportskih takmi\u010denja, do izlo\u017ebi koje su privla\u010dile stotine hiljada posetilaca.<\/strong><\/p>\n\n\n\n<figure class=\"wp-block-image size-large\"><img loading=\"lazy\" decoding=\"async\" width=\"1280\" height=\"720\" src=\"https:\/\/serbia.com\/wp-content\/uploads\/2025\/10\/eastern-serbia-23-1280x720.jpg\" alt=\"\" class=\"wp-image-63056\" srcset=\"https:\/\/serbia.com\/wp-content\/uploads\/2025\/10\/eastern-serbia-23-1280x720.jpg 1280w, https:\/\/serbia.com\/wp-content\/uploads\/2025\/10\/eastern-serbia-23-300x169.jpg 300w, https:\/\/serbia.com\/wp-content\/uploads\/2025\/10\/eastern-serbia-23-768x432.jpg 768w, https:\/\/serbia.com\/wp-content\/uploads\/2025\/10\/eastern-serbia-23-760x427.jpg 760w, https:\/\/serbia.com\/wp-content\/uploads\/2025\/10\/eastern-serbia-23-889x500.jpg 889w, https:\/\/serbia.com\/wp-content\/uploads\/2025\/10\/eastern-serbia-23.jpg 1366w\" sizes=\"auto, (max-width: 1280px) 100vw, 1280px\" \/><figcaption class=\"wp-element-caption\">Hala 1 <\/figcaption><\/figure>\n\n\n\n<p>Zbog svoje istorijske i kulturne vrednosti, <strong>Hala 1 je progla\u0161ena nepokretnim kulturnim dobrom<\/strong>, \u0161to dodatno potvr\u0111uje njen zna\u010daj kao dela arhitektonskog nasle\u0111a Srbije.<\/p>\n\n\n\n<h3 class=\"wp-block-heading\"><strong>Danas \u2013 spoj tradicije i savremenosti<\/strong><\/h3>\n\n\n\n<p>Danas, vi\u0161e od \u0161est decenija nakon izgradnje, Hala 1 i dalje \u017eivi punim sjajem. Ovaj grandiozni prostor redovno ugosti <strong>Sajam knjiga<\/strong>, <strong>Sajam automobila<\/strong>, <strong>Sajam turizma<\/strong>, kao i <strong>brojne kulturne, umetni\u010dke i sportske manifestacije<\/strong>. U njenom sredi\u0161tu se \u010desto organizuju koncerti, modne revije, pa \u010dak i sajmovi posve\u0107eni novim tehnologijama, video igrama i startap kulturi.<\/p>\n\n\n\n<p>Iako su se promenila vremena, duh Hala 1 ostaje isti \u2013 i dalje spaja <strong>progres, kreativnost i otvorenost ka svetu<\/strong>, ba\u0161 kao i u godinama kada je nastala.<\/p>\n\n\n\n<h3 class=\"wp-block-heading\"><strong>Betonski ponos Beograda<\/strong><\/h3>\n\n\n\n<p>Hala 1 Beogradskog sajma nije samo arhitektonska konstrukcija, ve\u0107 <strong>svedok epohe<\/strong>. Ona govori o vremenu kada su in\u017eenjeri i umetnici zajedno sanjali velike snove \u2013 i pretvarali ih u beton, \u010delik i svetlost.<br>Pod njenom monumentalnom kupolom od 109 metara, Beograd je decenijama okupljao svet. I danas, dok reflektori obasjavaju njenu prepoznatljivu siluetu na obali Save, Hala 1 stoji kao <strong>simbol stvarala\u010dke energije, napretka i trajne lepote<\/strong>.<\/p>\n","protected":false},"excerpt":{"rendered":"<p>Da li ste znali da se u samom srcu Beograda nalazi arhitektonsko \u010dudo koje je svojevremeno va\u017eilo za najve\u0107u betonsku kupolu na svetu? Hala 1 Beogradskog sajma, simbol modernisti\u010dkog duha [&hellip;]<\/p>\n","protected":false},"author":27,"featured_media":63059,"comment_status":"open","ping_status":"closed","sticky":false,"template":"","format":"standard","meta":{"_acf_changed":false,"inline_featured_image":false,"_monsterinsights_skip_tracking":false,"_monsterinsights_sitenote_active":false,"_monsterinsights_sitenote_note":"","_monsterinsights_sitenote_category":0,"footnotes":""},"categories":[1643,2846,1662],"tags":[],"class_list":["post-63061","post","type-post","status-publish","format-standard","has-post-thumbnail","hentry","category-da-li-ste-vec-znali","category-istaknuto","category-kulturne-atrakcije-sta-posetiti"],"acf":[],"yoast_head":"<!-- This site is optimized with the Yoast SEO plugin v27.4 - https:\/\/yoast.com\/product\/yoast-seo-wordpress\/ -->\n<title>Hala 1 Beogradskog sajma \u2013 Kupola koja je zadivila svet - Serbia.com<\/title>\n<meta name=\"robots\" content=\"index, follow, max-snippet:-1, max-image-preview:large, max-video-preview:-1\" \/>\n<link rel=\"canonical\" href=\"https:\/\/serbia.com\/srpski\/hala-1-beogradskog-sajma-kupola-koja-je-zadivila-svet\/\" \/>\n<meta property=\"og:locale\" content=\"en_US\" \/>\n<meta property=\"og:type\" content=\"article\" \/>\n<meta property=\"og:title\" content=\"Hala 1 Beogradskog sajma \u2013 Kupola koja je zadivila svet - Serbia.com\" \/>\n<meta property=\"og:description\" content=\"Da li ste znali da se u samom srcu Beograda nalazi arhitektonsko \u010dudo koje je svojevremeno va\u017eilo za najve\u0107u betonsku kupolu na svetu? Hala 1 Beogradskog sajma, simbol modernisti\u010dkog duha [&hellip;]\" \/>\n<meta property=\"og:url\" content=\"https:\/\/serbia.com\/srpski\/hala-1-beogradskog-sajma-kupola-koja-je-zadivila-svet\/\" \/>\n<meta property=\"og:site_name\" content=\"Serbia.com\" \/>\n<meta property=\"article:published_time\" content=\"2025-10-13T08:21:18+00:00\" \/>\n<meta property=\"article:modified_time\" content=\"2025-10-13T08:21:20+00:00\" \/>\n<meta property=\"og:image\" content=\"https:\/\/serbia.com\/wp-content\/uploads\/2025\/10\/eastern-serbia-22-1.jpg\" \/>\n\t<meta property=\"og:image:width\" content=\"1366\" \/>\n\t<meta property=\"og:image:height\" content=\"768\" \/>\n\t<meta property=\"og:image:type\" content=\"image\/jpeg\" \/>\n<meta name=\"author\" content=\"Ivona Lekan\" \/>\n<meta name=\"twitter:label1\" content=\"Written by\" \/>\n\t<meta name=\"twitter:data1\" content=\"Ivona Lekan\" \/>\n\t<meta name=\"twitter:label2\" content=\"Est. reading time\" \/>\n\t<meta name=\"twitter:data2\" content=\"3 minutes\" \/>\n<script type=\"application\/ld+json\" class=\"yoast-schema-graph\">{\"@context\":\"https:\\\/\\\/schema.org\",\"@graph\":[{\"@type\":\"Article\",\"@id\":\"https:\\\/\\\/serbia.com\\\/srpski\\\/hala-1-beogradskog-sajma-kupola-koja-je-zadivila-svet\\\/#article\",\"isPartOf\":{\"@id\":\"https:\\\/\\\/serbia.com\\\/srpski\\\/hala-1-beogradskog-sajma-kupola-koja-je-zadivila-svet\\\/\"},\"author\":{\"name\":\"Ivona Lekan\",\"@id\":\"https:\\\/\\\/serbia.com\\\/#\\\/schema\\\/person\\\/954f6599db4406bd5f2e8384659bdc33\"},\"headline\":\"Hala 1 Beogradskog sajma \u2013 Kupola koja je zadivila svet\",\"datePublished\":\"2025-10-13T08:21:18+00:00\",\"dateModified\":\"2025-10-13T08:21:20+00:00\",\"mainEntityOfPage\":{\"@id\":\"https:\\\/\\\/serbia.com\\\/srpski\\\/hala-1-beogradskog-sajma-kupola-koja-je-zadivila-svet\\\/\"},\"wordCount\":454,\"commentCount\":0,\"image\":{\"@id\":\"https:\\\/\\\/serbia.com\\\/srpski\\\/hala-1-beogradskog-sajma-kupola-koja-je-zadivila-svet\\\/#primaryimage\"},\"thumbnailUrl\":\"https:\\\/\\\/serbia.com\\\/wp-content\\\/uploads\\\/2025\\\/10\\\/eastern-serbia-22-1.jpg\",\"articleSection\":[\"Da li ste ve\u0107 znali?\",\"Istaknuto\",\"Kulturne atrakcije\"],\"inLanguage\":\"srpski\",\"potentialAction\":[{\"@type\":\"CommentAction\",\"name\":\"Comment\",\"target\":[\"https:\\\/\\\/serbia.com\\\/srpski\\\/hala-1-beogradskog-sajma-kupola-koja-je-zadivila-svet\\\/#respond\"]}]},{\"@type\":\"WebPage\",\"@id\":\"https:\\\/\\\/serbia.com\\\/srpski\\\/hala-1-beogradskog-sajma-kupola-koja-je-zadivila-svet\\\/\",\"url\":\"https:\\\/\\\/serbia.com\\\/srpski\\\/hala-1-beogradskog-sajma-kupola-koja-je-zadivila-svet\\\/\",\"name\":\"Hala 1 Beogradskog sajma \u2013 Kupola koja je zadivila svet - Serbia.com\",\"isPartOf\":{\"@id\":\"https:\\\/\\\/serbia.com\\\/#website\"},\"primaryImageOfPage\":{\"@id\":\"https:\\\/\\\/serbia.com\\\/srpski\\\/hala-1-beogradskog-sajma-kupola-koja-je-zadivila-svet\\\/#primaryimage\"},\"image\":{\"@id\":\"https:\\\/\\\/serbia.com\\\/srpski\\\/hala-1-beogradskog-sajma-kupola-koja-je-zadivila-svet\\\/#primaryimage\"},\"thumbnailUrl\":\"https:\\\/\\\/serbia.com\\\/wp-content\\\/uploads\\\/2025\\\/10\\\/eastern-serbia-22-1.jpg\",\"datePublished\":\"2025-10-13T08:21:18+00:00\",\"dateModified\":\"2025-10-13T08:21:20+00:00\",\"author\":{\"@id\":\"https:\\\/\\\/serbia.com\\\/#\\\/schema\\\/person\\\/954f6599db4406bd5f2e8384659bdc33\"},\"breadcrumb\":{\"@id\":\"https:\\\/\\\/serbia.com\\\/srpski\\\/hala-1-beogradskog-sajma-kupola-koja-je-zadivila-svet\\\/#breadcrumb\"},\"inLanguage\":\"srpski\",\"potentialAction\":[{\"@type\":\"ReadAction\",\"target\":[\"https:\\\/\\\/serbia.com\\\/srpski\\\/hala-1-beogradskog-sajma-kupola-koja-je-zadivila-svet\\\/\"]}]},{\"@type\":\"ImageObject\",\"inLanguage\":\"srpski\",\"@id\":\"https:\\\/\\\/serbia.com\\\/srpski\\\/hala-1-beogradskog-sajma-kupola-koja-je-zadivila-svet\\\/#primaryimage\",\"url\":\"https:\\\/\\\/serbia.com\\\/wp-content\\\/uploads\\\/2025\\\/10\\\/eastern-serbia-22-1.jpg\",\"contentUrl\":\"https:\\\/\\\/serbia.com\\\/wp-content\\\/uploads\\\/2025\\\/10\\\/eastern-serbia-22-1.jpg\",\"width\":1366,\"height\":768},{\"@type\":\"BreadcrumbList\",\"@id\":\"https:\\\/\\\/serbia.com\\\/srpski\\\/hala-1-beogradskog-sajma-kupola-koja-je-zadivila-svet\\\/#breadcrumb\",\"itemListElement\":[{\"@type\":\"ListItem\",\"position\":1,\"name\":\"Home\",\"item\":\"https:\\\/\\\/serbia.com\\\/srpski\\\/srbija\\\/\"},{\"@type\":\"ListItem\",\"position\":2,\"name\":\"Hala 1 Beogradskog sajma \u2013 Kupola koja je zadivila svet\"}]},{\"@type\":\"WebSite\",\"@id\":\"https:\\\/\\\/serbia.com\\\/#website\",\"url\":\"https:\\\/\\\/serbia.com\\\/\",\"name\":\"Serbia.com\",\"description\":\"Your Gateway to Serbia\",\"potentialAction\":[{\"@type\":\"SearchAction\",\"target\":{\"@type\":\"EntryPoint\",\"urlTemplate\":\"https:\\\/\\\/serbia.com\\\/?s={search_term_string}\"},\"query-input\":{\"@type\":\"PropertyValueSpecification\",\"valueRequired\":true,\"valueName\":\"search_term_string\"}}],\"inLanguage\":\"srpski\"},{\"@type\":\"Person\",\"@id\":\"https:\\\/\\\/serbia.com\\\/#\\\/schema\\\/person\\\/954f6599db4406bd5f2e8384659bdc33\",\"name\":\"Ivona Lekan\",\"image\":{\"@type\":\"ImageObject\",\"inLanguage\":\"srpski\",\"@id\":\"https:\\\/\\\/secure.gravatar.com\\\/avatar\\\/4eba414fa53ccc3824d6c0254e6c3425ccdebeb4c72580208b23386c071b50b2?s=96&d=mm&r=g\",\"url\":\"https:\\\/\\\/secure.gravatar.com\\\/avatar\\\/4eba414fa53ccc3824d6c0254e6c3425ccdebeb4c72580208b23386c071b50b2?s=96&d=mm&r=g\",\"contentUrl\":\"https:\\\/\\\/secure.gravatar.com\\\/avatar\\\/4eba414fa53ccc3824d6c0254e6c3425ccdebeb4c72580208b23386c071b50b2?s=96&d=mm&r=g\",\"caption\":\"Ivona Lekan\"},\"url\":\"https:\\\/\\\/serbia.com\\\/srpski\\\/author\\\/ivondivine\\\/\"}]}<\/script>\n<!-- \/ Yoast SEO plugin. -->","yoast_head_json":{"title":"Hala 1 Beogradskog sajma \u2013 Kupola koja je zadivila svet - Serbia.com","robots":{"index":"index","follow":"follow","max-snippet":"max-snippet:-1","max-image-preview":"max-image-preview:large","max-video-preview":"max-video-preview:-1"},"canonical":"https:\/\/serbia.com\/srpski\/hala-1-beogradskog-sajma-kupola-koja-je-zadivila-svet\/","og_locale":"en_US","og_type":"article","og_title":"Hala 1 Beogradskog sajma \u2013 Kupola koja je zadivila svet - Serbia.com","og_description":"Da li ste znali da se u samom srcu Beograda nalazi arhitektonsko \u010dudo koje je svojevremeno va\u017eilo za najve\u0107u betonsku kupolu na svetu? Hala 1 Beogradskog sajma, simbol modernisti\u010dkog duha [&hellip;]","og_url":"https:\/\/serbia.com\/srpski\/hala-1-beogradskog-sajma-kupola-koja-je-zadivila-svet\/","og_site_name":"Serbia.com","article_published_time":"2025-10-13T08:21:18+00:00","article_modified_time":"2025-10-13T08:21:20+00:00","og_image":[{"width":1366,"height":768,"url":"https:\/\/serbia.com\/wp-content\/uploads\/2025\/10\/eastern-serbia-22-1.jpg","type":"image\/jpeg"}],"author":"Ivona Lekan","twitter_misc":{"Written by":"Ivona Lekan","Est. reading time":"3 minutes"},"schema":{"@context":"https:\/\/schema.org","@graph":[{"@type":"Article","@id":"https:\/\/serbia.com\/srpski\/hala-1-beogradskog-sajma-kupola-koja-je-zadivila-svet\/#article","isPartOf":{"@id":"https:\/\/serbia.com\/srpski\/hala-1-beogradskog-sajma-kupola-koja-je-zadivila-svet\/"},"author":{"name":"Ivona Lekan","@id":"https:\/\/serbia.com\/#\/schema\/person\/954f6599db4406bd5f2e8384659bdc33"},"headline":"Hala 1 Beogradskog sajma \u2013 Kupola koja je zadivila svet","datePublished":"2025-10-13T08:21:18+00:00","dateModified":"2025-10-13T08:21:20+00:00","mainEntityOfPage":{"@id":"https:\/\/serbia.com\/srpski\/hala-1-beogradskog-sajma-kupola-koja-je-zadivila-svet\/"},"wordCount":454,"commentCount":0,"image":{"@id":"https:\/\/serbia.com\/srpski\/hala-1-beogradskog-sajma-kupola-koja-je-zadivila-svet\/#primaryimage"},"thumbnailUrl":"https:\/\/serbia.com\/wp-content\/uploads\/2025\/10\/eastern-serbia-22-1.jpg","articleSection":["Da li ste ve\u0107 znali?","Istaknuto","Kulturne atrakcije"],"inLanguage":"srpski","potentialAction":[{"@type":"CommentAction","name":"Comment","target":["https:\/\/serbia.com\/srpski\/hala-1-beogradskog-sajma-kupola-koja-je-zadivila-svet\/#respond"]}]},{"@type":"WebPage","@id":"https:\/\/serbia.com\/srpski\/hala-1-beogradskog-sajma-kupola-koja-je-zadivila-svet\/","url":"https:\/\/serbia.com\/srpski\/hala-1-beogradskog-sajma-kupola-koja-je-zadivila-svet\/","name":"Hala 1 Beogradskog sajma \u2013 Kupola koja je zadivila svet - Serbia.com","isPartOf":{"@id":"https:\/\/serbia.com\/#website"},"primaryImageOfPage":{"@id":"https:\/\/serbia.com\/srpski\/hala-1-beogradskog-sajma-kupola-koja-je-zadivila-svet\/#primaryimage"},"image":{"@id":"https:\/\/serbia.com\/srpski\/hala-1-beogradskog-sajma-kupola-koja-je-zadivila-svet\/#primaryimage"},"thumbnailUrl":"https:\/\/serbia.com\/wp-content\/uploads\/2025\/10\/eastern-serbia-22-1.jpg","datePublished":"2025-10-13T08:21:18+00:00","dateModified":"2025-10-13T08:21:20+00:00","author":{"@id":"https:\/\/serbia.com\/#\/schema\/person\/954f6599db4406bd5f2e8384659bdc33"},"breadcrumb":{"@id":"https:\/\/serbia.com\/srpski\/hala-1-beogradskog-sajma-kupola-koja-je-zadivila-svet\/#breadcrumb"},"inLanguage":"srpski","potentialAction":[{"@type":"ReadAction","target":["https:\/\/serbia.com\/srpski\/hala-1-beogradskog-sajma-kupola-koja-je-zadivila-svet\/"]}]},{"@type":"ImageObject","inLanguage":"srpski","@id":"https:\/\/serbia.com\/srpski\/hala-1-beogradskog-sajma-kupola-koja-je-zadivila-svet\/#primaryimage","url":"https:\/\/serbia.com\/wp-content\/uploads\/2025\/10\/eastern-serbia-22-1.jpg","contentUrl":"https:\/\/serbia.com\/wp-content\/uploads\/2025\/10\/eastern-serbia-22-1.jpg","width":1366,"height":768},{"@type":"BreadcrumbList","@id":"https:\/\/serbia.com\/srpski\/hala-1-beogradskog-sajma-kupola-koja-je-zadivila-svet\/#breadcrumb","itemListElement":[{"@type":"ListItem","position":1,"name":"Home","item":"https:\/\/serbia.com\/srpski\/srbija\/"},{"@type":"ListItem","position":2,"name":"Hala 1 Beogradskog sajma \u2013 Kupola koja je zadivila svet"}]},{"@type":"WebSite","@id":"https:\/\/serbia.com\/#website","url":"https:\/\/serbia.com\/","name":"Serbia.com","description":"Your Gateway to Serbia","potentialAction":[{"@type":"SearchAction","target":{"@type":"EntryPoint","urlTemplate":"https:\/\/serbia.com\/?s={search_term_string}"},"query-input":{"@type":"PropertyValueSpecification","valueRequired":true,"valueName":"search_term_string"}}],"inLanguage":"srpski"},{"@type":"Person","@id":"https:\/\/serbia.com\/#\/schema\/person\/954f6599db4406bd5f2e8384659bdc33","name":"Ivona Lekan","image":{"@type":"ImageObject","inLanguage":"srpski","@id":"https:\/\/secure.gravatar.com\/avatar\/4eba414fa53ccc3824d6c0254e6c3425ccdebeb4c72580208b23386c071b50b2?s=96&d=mm&r=g","url":"https:\/\/secure.gravatar.com\/avatar\/4eba414fa53ccc3824d6c0254e6c3425ccdebeb4c72580208b23386c071b50b2?s=96&d=mm&r=g","contentUrl":"https:\/\/secure.gravatar.com\/avatar\/4eba414fa53ccc3824d6c0254e6c3425ccdebeb4c72580208b23386c071b50b2?s=96&d=mm&r=g","caption":"Ivona Lekan"},"url":"https:\/\/serbia.com\/srpski\/author\/ivondivine\/"}]}},"brizy_media":[],"_links":{"self":[{"href":"https:\/\/serbia.com\/srpski\/wp-json\/wp\/v2\/posts\/63061","targetHints":{"allow":["GET"]}}],"collection":[{"href":"https:\/\/serbia.com\/srpski\/wp-json\/wp\/v2\/posts"}],"about":[{"href":"https:\/\/serbia.com\/srpski\/wp-json\/wp\/v2\/types\/post"}],"author":[{"embeddable":true,"href":"https:\/\/serbia.com\/srpski\/wp-json\/wp\/v2\/users\/27"}],"replies":[{"embeddable":true,"href":"https:\/\/serbia.com\/srpski\/wp-json\/wp\/v2\/comments?post=63061"}],"version-history":[{"count":1,"href":"https:\/\/serbia.com\/srpski\/wp-json\/wp\/v2\/posts\/63061\/revisions"}],"predecessor-version":[{"id":63062,"href":"https:\/\/serbia.com\/srpski\/wp-json\/wp\/v2\/posts\/63061\/revisions\/63062"}],"wp:featuredmedia":[{"embeddable":true,"href":"https:\/\/serbia.com\/srpski\/wp-json\/wp\/v2\/media\/63059"}],"wp:attachment":[{"href":"https:\/\/serbia.com\/srpski\/wp-json\/wp\/v2\/media?parent=63061"}],"wp:term":[{"taxonomy":"category","embeddable":true,"href":"https:\/\/serbia.com\/srpski\/wp-json\/wp\/v2\/categories?post=63061"},{"taxonomy":"post_tag","embeddable":true,"href":"https:\/\/serbia.com\/srpski\/wp-json\/wp\/v2\/tags?post=63061"}],"curies":[{"name":"wp","href":"https:\/\/api.w.org\/{rel}","templated":true}]}}