{"id":62145,"date":"2025-09-02T09:54:48","date_gmt":"2025-09-02T07:54:48","guid":{"rendered":"https:\/\/serbia.com\/?p=62145"},"modified":"2025-09-02T09:54:50","modified_gmt":"2025-09-02T07:54:50","slug":"septembar-u-srbiji-mesec-grozda-vina-i-berbi","status":"publish","type":"post","link":"https:\/\/serbia.com\/srpski\/septembar-u-srbiji-mesec-grozda-vina-i-berbi\/","title":{"rendered":"Septembar u Srbiji: Mesec Gro\u017e\u0111a, Vina i Berbi"},"content":{"rendered":"\n<p><em>Vino je deo srpske kulture vi\u0161e od dva milenijuma. Od vremena rimskih careva ro\u0111enih na ovim prostorima, preko srednjovekovnih manastira koji su pa\u017eljivo negovali vinograde, do dana\u0161njih modernih vinara, Srbija je izgradila jedinstvenu vinsku tradiciju. Zemlja je puna vinskih puteva, od kojih svaki pri\u010da svoju pri\u010du, nudi prelepe pejza\u017ee i autenti\u010dne ukuse. Prate\u0107i ove rute, putovanje nije samo kroz vino, ve\u0107 i kroz istoriju, kulturu i gostoprimstvo.<\/em><\/p>\n\n\n\n<h2 class=\"wp-block-heading\">Vinski put Fru\u0161ke gore \u2013 Srpska Bordeaux<\/h2>\n\n\n\n<p><strong><a href=\"https:\/\/serbia.com\/srpski\/posetite-srbiju\/prirodne-lepote\/planine\/fruska-gora-nekada-ostrvo-danas-planina\/\">Fru\u0161ka Gora<\/a><\/strong> u Vojvodini \u010desto se naziva kolevkom srpskog vinarstva. Sa svojih 17 manastira i plodnim brdima, ovo podru\u010dje je centar vinogradarstva jo\u0161 od 3. veka. Danas je poznata po <strong><a href=\"https:\/\/serbia.com\/srpski\/bermet-omiljeno-vino-evropskih-dvorova\/\">Bermetu<\/a><\/strong>, desertnom vinu koje je nekada slu\u017eeno na dvoru Marije Terezije i \u010dak na Titaniku. Posetioci mogu da obi\u0111u butik vinarije, pro\u0161etaju vinogradima i u\u017eivaju u pogledu na Dunav.<\/p>\n\n\n\n<figure class=\"wp-block-image size-large\"><img loading=\"lazy\" decoding=\"async\" width=\"1280\" height=\"720\" src=\"https:\/\/serbia.com\/wp-content\/uploads\/2025\/09\/eastern-serbia-11-1280x720.jpg\" alt=\"\" class=\"wp-image-62134\" srcset=\"https:\/\/serbia.com\/wp-content\/uploads\/2025\/09\/eastern-serbia-11-1280x720.jpg 1280w, https:\/\/serbia.com\/wp-content\/uploads\/2025\/09\/eastern-serbia-11-300x169.jpg 300w, https:\/\/serbia.com\/wp-content\/uploads\/2025\/09\/eastern-serbia-11-768x432.jpg 768w, https:\/\/serbia.com\/wp-content\/uploads\/2025\/09\/eastern-serbia-11-760x427.jpg 760w, https:\/\/serbia.com\/wp-content\/uploads\/2025\/09\/eastern-serbia-11-889x500.jpg 889w, https:\/\/serbia.com\/wp-content\/uploads\/2025\/09\/eastern-serbia-11.jpg 1366w\" sizes=\"auto, (max-width: 1280px) 100vw, 1280px\" \/><figcaption class=\"wp-element-caption\">Fru\u0161kogorski vinogradi<\/figcaption><\/figure>\n\n\n\n<p><strong>Ne propustite:<\/strong> <strong><a href=\"https:\/\/serbia.com\/srpski\/posetite-srbiju\/gradovi\/sremski-karlovci-grad-vina-duhovnosti-i-kulture\/\">Sremski Karlovci<\/a><\/strong>, <strong><a href=\"https:\/\/serbia.com\/srpski\/bermet-omiljeno-vino-evropskih-dvorova\/\">Bermet vino<\/a><\/strong>, <strong><a href=\"https:\/\/serbia.com\/srpski\/16-srednjovekovnih-dragulja-vodic-kroz-manastire-fruske-gore\/\">manastiri<\/a><\/strong> Fru\u0161ke gore.<\/p>\n\n\n\n<p><\/p>\n\n\n\n<div class=\"wp-block-buttons is-layout-flex wp-block-buttons-is-layout-flex\">\n<div class=\"wp-block-button\"><a class=\"wp-block-button__link has-midnight-gradient-background has-background wp-element-button\" href=\"https:\/\/serbia.com\/srpski\/tour\/fruska-gora-wine-tour\/\">ZAKA\u017dITE TURU<\/a><\/div>\n<\/div>\n\n\n\n<p><\/p>\n\n\n\n<h2 class=\"wp-block-heading\">Vinski put Vr\u0161ac \u2013 Gde se nebo spaja s vinogradim<\/h2>\n\n\n\n<p>Padine Vr\u0161a\u010dkih planina doma\u0107ini su <strong>jednog od najve\u0107ih vinogradarskih podru\u010dja u Srbiji<\/strong>. Vino se ovde proizvodi jo\u0161 od srednjeg veka, a nema\u010dki doseljenici u 18. veku doneli su nove tehnike. <strong><a href=\"https:\/\/serbia.com\/srpski\/posetite-srbiju\/gradovi\/vrsac-lepa-varos\/\">Vr\u0161ac<\/a><\/strong> je poznat po laganim, osve\u017eavaju\u0107im belim vinima i po tradicionalnom festivalu berbe \u2013 <strong>Gro\u017e\u0111ebal<\/strong>.<\/p>\n\n\n\n<figure class=\"wp-block-image size-large\"><img loading=\"lazy\" decoding=\"async\" width=\"1280\" height=\"720\" src=\"https:\/\/serbia.com\/wp-content\/uploads\/2025\/09\/eastern-serbia-12-1280x720.jpg\" alt=\"\" class=\"wp-image-62136\" srcset=\"https:\/\/serbia.com\/wp-content\/uploads\/2025\/09\/eastern-serbia-12-1280x720.jpg 1280w, https:\/\/serbia.com\/wp-content\/uploads\/2025\/09\/eastern-serbia-12-300x169.jpg 300w, https:\/\/serbia.com\/wp-content\/uploads\/2025\/09\/eastern-serbia-12-768x432.jpg 768w, https:\/\/serbia.com\/wp-content\/uploads\/2025\/09\/eastern-serbia-12-760x427.jpg 760w, https:\/\/serbia.com\/wp-content\/uploads\/2025\/09\/eastern-serbia-12-889x500.jpg 889w, https:\/\/serbia.com\/wp-content\/uploads\/2025\/09\/eastern-serbia-12.jpg 1366w\" sizes=\"auto, (max-width: 1280px) 100vw, 1280px\" \/><figcaption class=\"wp-element-caption\">Vinski put Vr\u0161ac<\/figcaption><\/figure>\n\n\n\n<p><strong>Ne propustite:<\/strong> <strong><a href=\"https:\/\/serbia.com\/srpski\/vrsacki-vinogradi-probajte-srpsko-vino-koje-su-pili-rimljani\/\">Vinogradi Vr\u0161ca<\/a>, festival Gro\u017e\u0111ebal, muzeji vina.<\/strong><\/p>\n\n\n\n<h2 class=\"wp-block-heading\">Vinski put \u0160umadije \u2013 Srce modernog srpskog vinarstva<\/h2>\n\n\n\n<p><a href=\"https:\/\/serbia.com\/srpski\/istrazujemo-regione-srbije-sumadija\/\">\u0160umadija<\/a> je poznata kao <strong>novo lice srpskog vina<\/strong>. U regionu <strong><a href=\"https:\/\/serbia.com\/srpski\/posetite-srbiju\/prirodne-lepote\/jedinstvena-priroda\/oplenac\/\">Oplenca<\/a><\/strong> i <strong><a href=\"https:\/\/serbia.com\/srpski\/topola-kraljevski-grad-istorije-vina-i-zadivljujucih-pogleda\/\">Topole<\/a><\/strong>, kralj Petar I je na po\u010detku 20. veka zasadio vinograde, uspostavljaju\u0107i kraljevsku tradiciju. Danas moderni vinari poput Aleksandrovi\u0107a i Radovanovi\u0107a ponosno nastavljaju ovu tradiciju, <strong>proizvode\u0107i vrhunska crvena i bela vina.<\/strong><\/p>\n\n\n\n<figure class=\"wp-block-image size-large\"><img loading=\"lazy\" decoding=\"async\" width=\"1280\" height=\"853\" src=\"https:\/\/serbia.com\/wp-content\/uploads\/2025\/04\/front-view-senior-winemaker-farmer-man-in-hat-lean-2024-10-21-15-05-14-utc-min-1280x853.jpg\" alt=\"\" class=\"wp-image-59384\" srcset=\"https:\/\/serbia.com\/wp-content\/uploads\/2025\/04\/front-view-senior-winemaker-farmer-man-in-hat-lean-2024-10-21-15-05-14-utc-min-1280x853.jpg 1280w, https:\/\/serbia.com\/wp-content\/uploads\/2025\/04\/front-view-senior-winemaker-farmer-man-in-hat-lean-2024-10-21-15-05-14-utc-min-300x200.jpg 300w, https:\/\/serbia.com\/wp-content\/uploads\/2025\/04\/front-view-senior-winemaker-farmer-man-in-hat-lean-2024-10-21-15-05-14-utc-min-768x512.jpg 768w, https:\/\/serbia.com\/wp-content\/uploads\/2025\/04\/front-view-senior-winemaker-farmer-man-in-hat-lean-2024-10-21-15-05-14-utc-min-1536x1024.jpg 1536w, https:\/\/serbia.com\/wp-content\/uploads\/2025\/04\/front-view-senior-winemaker-farmer-man-in-hat-lean-2024-10-21-15-05-14-utc-min-2048x1365.jpg 2048w, https:\/\/serbia.com\/wp-content\/uploads\/2025\/04\/front-view-senior-winemaker-farmer-man-in-hat-lean-2024-10-21-15-05-14-utc-min-760x507.jpg 760w, https:\/\/serbia.com\/wp-content\/uploads\/2025\/04\/front-view-senior-winemaker-farmer-man-in-hat-lean-2024-10-21-15-05-14-utc-min-1500x1000.jpg 1500w, https:\/\/serbia.com\/wp-content\/uploads\/2025\/04\/front-view-senior-winemaker-farmer-man-in-hat-lean-2024-10-21-15-05-14-utc-min-750x500.jpg 750w\" sizes=\"auto, (max-width: 1280px) 100vw, 1280px\" \/><figcaption class=\"wp-element-caption\">Vinski put \u0160umadije<\/figcaption><\/figure>\n\n\n\n<p><strong>Ne propustite:<\/strong> Kraljevski vinogradi <strong><a href=\"https:\/\/serbia.com\/srpski\/posetite-srbiju\/provedi-se\/vinski-putevi\/vinski-put-oplenac\/\">Oplenca<\/a><\/strong>, <strong>moderne vinarije<\/strong>, kulturno nasle\u0111e <strong><a href=\"https:\/\/serbia.com\/srpski\/topola-kraljevski-grad-istorije-vina-i-zadivljujucih-pogleda\/\">Topole<\/a><\/strong>.<\/p>\n\n\n\n<h2 class=\"wp-block-heading\">Vinski put \u017dupe (Aleksandrovac) \u2013 Zemlja Prokupca<\/h2>\n\n\n\n<p><strong>\u017dupa<\/strong> kod Aleksandrovca smatra se domovinom <strong>Prokupca<\/strong>, autohtone crvene sorte gro\u017e\u0111a Srbije. Lokalni vinogradi prote\u017eu se po sun\u010danim padinama, stvaraju\u0107i sna\u017ena i karakteristi\u010dna vina. Ovaj region svake jeseni proslavlja tradiciju na <strong>\u017dupskoj berbi gro\u017e\u0111a<\/strong>.<\/p>\n\n\n\n<figure class=\"wp-block-image size-large\"><img loading=\"lazy\" decoding=\"async\" width=\"1280\" height=\"853\" src=\"https:\/\/serbia.com\/wp-content\/uploads\/2024\/12\/picking-grapes-for-wine-winery-2024-10-18-06-45-58-utc-min-1280x853.jpg\" alt=\"\" class=\"wp-image-57127\" srcset=\"https:\/\/serbia.com\/wp-content\/uploads\/2024\/12\/picking-grapes-for-wine-winery-2024-10-18-06-45-58-utc-min-1280x853.jpg 1280w, https:\/\/serbia.com\/wp-content\/uploads\/2024\/12\/picking-grapes-for-wine-winery-2024-10-18-06-45-58-utc-min-300x200.jpg 300w, https:\/\/serbia.com\/wp-content\/uploads\/2024\/12\/picking-grapes-for-wine-winery-2024-10-18-06-45-58-utc-min-768x512.jpg 768w, https:\/\/serbia.com\/wp-content\/uploads\/2024\/12\/picking-grapes-for-wine-winery-2024-10-18-06-45-58-utc-min-1536x1024.jpg 1536w, https:\/\/serbia.com\/wp-content\/uploads\/2024\/12\/picking-grapes-for-wine-winery-2024-10-18-06-45-58-utc-min-2048x1365.jpg 2048w, https:\/\/serbia.com\/wp-content\/uploads\/2024\/12\/picking-grapes-for-wine-winery-2024-10-18-06-45-58-utc-min-760x507.jpg 760w, https:\/\/serbia.com\/wp-content\/uploads\/2024\/12\/picking-grapes-for-wine-winery-2024-10-18-06-45-58-utc-min-1500x1000.jpg 1500w, https:\/\/serbia.com\/wp-content\/uploads\/2024\/12\/picking-grapes-for-wine-winery-2024-10-18-06-45-58-utc-min-750x500.jpg 750w\" sizes=\"auto, (max-width: 1280px) 100vw, 1280px\" \/><figcaption class=\"wp-element-caption\">Vinski put \u017dupe<\/figcaption><\/figure>\n\n\n\n<p><strong>Ne propustite:<\/strong> <strong>Vino Prokupac, \u017dupska berba, muzej vina Aleksandrovac.<\/strong><\/p>\n\n\n\n<h2 class=\"wp-block-heading\">Vinski put Negotin \u2013 Podrumi u kamenu i zemlji<\/h2>\n\n\n\n<p>Negotinska Krajina, u blizini Dunava i reke Timok, nudi ne\u0161to zaista jedinstveno \u2013 <strong><a href=\"https:\/\/serbia.com\/srpski\/rajacke-pivnice-mesto-u-kome-stanuju-vina\/\">Raja\u010dke pivnice<\/a><\/strong>, <strong>stare podzemne vinske podrume izgra\u0111ene od kamena i zemlje<\/strong>. Ovaj region je tako\u0111e dom retke i aromati\u010dne sorte gro\u017e\u0111a <strong>Crna Tamjanika<\/strong>.<\/p>\n\n\n\n<figure class=\"wp-block-image size-large\"><img loading=\"lazy\" decoding=\"async\" width=\"1280\" height=\"913\" src=\"https:\/\/serbia.com\/wp-content\/uploads\/2025\/03\/Rajacke_pivnice_Rajac_kod_Negotina_20-1280x913.jpg\" alt=\"\" class=\"wp-image-58998\" srcset=\"https:\/\/serbia.com\/wp-content\/uploads\/2025\/03\/Rajacke_pivnice_Rajac_kod_Negotina_20-1280x913.jpg 1280w, https:\/\/serbia.com\/wp-content\/uploads\/2025\/03\/Rajacke_pivnice_Rajac_kod_Negotina_20-300x214.jpg 300w, https:\/\/serbia.com\/wp-content\/uploads\/2025\/03\/Rajacke_pivnice_Rajac_kod_Negotina_20-768x548.jpg 768w, https:\/\/serbia.com\/wp-content\/uploads\/2025\/03\/Rajacke_pivnice_Rajac_kod_Negotina_20-1536x1095.jpg 1536w, https:\/\/serbia.com\/wp-content\/uploads\/2025\/03\/Rajacke_pivnice_Rajac_kod_Negotina_20-760x542.jpg 760w, https:\/\/serbia.com\/wp-content\/uploads\/2025\/03\/Rajacke_pivnice_Rajac_kod_Negotina_20-1403x1000.jpg 1403w, https:\/\/serbia.com\/wp-content\/uploads\/2025\/03\/Rajacke_pivnice_Rajac_kod_Negotina_20-701x500.jpg 701w, https:\/\/serbia.com\/wp-content\/uploads\/2025\/03\/Rajacke_pivnice_Rajac_kod_Negotina_20.jpg 1599w\" sizes=\"auto, (max-width: 1280px) 100vw, 1280px\" \/><figcaption class=\"wp-element-caption\">Raja\u010dke pivnice, foto: \u00a0ZoranCvetkovic, CC BY-SA 3.0\u00a0<a href=\"https:\/\/creativecommons.org\/licenses\/by-sa\/3.0\">https:\/\/creativecommons.org\/licenses\/by-sa\/3.0<\/a>, via Wikimedia Commons<\/figcaption><\/figure>\n\n\n\n<p><strong>Ne propustite:<\/strong> Tradicionalni podrumi <strong><a href=\"https:\/\/serbia.com\/srpski\/rajacke-pivnice-mesto-u-kome-stanuju-vina\/\">Raja\u010dke pivnice<\/a><\/strong>, <strong>Crna Tamjanika, kulturni pejza\u017ei.<\/strong><\/p>\n\n\n\n<h2 class=\"wp-block-heading\">Vinski put Ju\u017ene Srbije \u2013 Sakriveni vinogradi Ni\u0161a, Vranja i Leskovca<\/h2>\n\n\n\n<p>J<a href=\"https:\/\/serbia.com\/srpski\/istrazujemo-regione-srbije-juzna-srbija\/\">u\u017ena Srbija<\/a> postepeno izlazi na vinsku mapu sa <strong>porodi\u010dnim vinarijama koje proizvode autenti\u010dne sorte<\/strong> poput <strong>Vranac<\/strong> i <strong>\u017dilavka<\/strong>. Sun\u010dana klima i bogata kuhinja \u010dine vinske ture ovde pravim u\u017eivanjem. Ni\u0161 je doma\u0107in nekoliko vinskih festivala, koji kombinuju istoriju i gastronomiju.<\/p>\n\n\n\n<figure class=\"wp-block-image size-large\"><img loading=\"lazy\" decoding=\"async\" width=\"1280\" height=\"720\" src=\"https:\/\/serbia.com\/wp-content\/uploads\/2025\/09\/eastern-serbia-13-1280x720.jpg\" alt=\"\" class=\"wp-image-62140\" srcset=\"https:\/\/serbia.com\/wp-content\/uploads\/2025\/09\/eastern-serbia-13-1280x720.jpg 1280w, https:\/\/serbia.com\/wp-content\/uploads\/2025\/09\/eastern-serbia-13-300x169.jpg 300w, https:\/\/serbia.com\/wp-content\/uploads\/2025\/09\/eastern-serbia-13-768x432.jpg 768w, https:\/\/serbia.com\/wp-content\/uploads\/2025\/09\/eastern-serbia-13-760x427.jpg 760w, https:\/\/serbia.com\/wp-content\/uploads\/2025\/09\/eastern-serbia-13-889x500.jpg 889w, https:\/\/serbia.com\/wp-content\/uploads\/2025\/09\/eastern-serbia-13.jpg 1366w\" sizes=\"auto, (max-width: 1280px) 100vw, 1280px\" \/><figcaption class=\"wp-element-caption\">Vinski put Ju\u017ene Srbije<\/figcaption><\/figure>\n\n\n\n<p><strong>Istaknuto: Porodi\u010dne vinarije, ju\u017ena kuhinja, ni\u0161ki vinski festivali.<\/strong><\/p>\n\n\n\n<h2 class=\"wp-block-heading\">\u0160ta o\u010dekivati na vinskim putevima Srbije<\/h2>\n\n\n\n<p>Istra\u017eivanje <a href=\"https:\/\/serbia.com\/srpski\/posetite-srbiju\/provedi-se\/vinski-putevi\/\">vinskih puteva Srbije<\/a> <strong>nije samo degustacija vina<\/strong> \u2013 re\u010d je o susretu sa strastvenim vinarima, u\u010denju tradicionalnih metoda proizvodnje i kombinovanju vina sa autenti\u010dnim srpskim jelima poput pe\u010denog jagnjeta, sireva i pr\u0161ute. Posetioci mogu u\u010destvovati na vinskim festivalima, boraviti u seoskim doma\u0107instvima i \u0161etati vinogradima koji pri\u010daju vekovne pri\u010de.<\/p>\n\n\n\n<h2 class=\"wp-block-heading\">Prakti\u010dni saveti za vinske turiste<\/h2>\n\n\n\n<ul class=\"wp-block-list\">\n<li><strong>Najbolje vreme za posetu:<\/strong> Kasno prole\u0107e i jesen (period berbe).<\/li>\n\n\n\n<li><strong>Vinski festivali:<\/strong> Gro\u017e\u0111ebal (Vr\u0161ac), \u017dupska berba (Aleksandrovac), Dani vina (Topola).<\/li>\n\n\n\n<li><strong>Preporuke za kombinovanje:<\/strong> Bermet uz slatki\u0161e, Prokupac uz pe\u010deno meso, Crna Tamjanika uz za\u010dinjena jela ju\u017ene Srbije.<\/li>\n<\/ul>\n\n\n\n<p><\/p>\n\n\n\n<p>Vinski putevi Srbije predstavljaju<strong> savr\u0161en spoj tradicije i inovacije, nude\u0107i putnicima nezaboravna iskustva. <\/strong>Od Bermeta <strong><a href=\"https:\/\/serbia.com\/srpski\/posetite-srbiju\/provedi-se\/vinski-putevi\/vinski-put-fruska-gora\/\">Fru\u0161ke gore<\/a><\/strong>, preko Prokupca iz \u017dupe, do podrumskih \u010duda <strong><a href=\"https:\/\/serbia.com\/srpski\/negotin-skriveni-dragulj-vina-i-istorije\/\">Negotina<\/a><\/strong>, svaka ruta pri\u010da jedinstvenu pri\u010du. Bilo da ste vinski znalac ili radoznali putnik, Srbija vas poziva da podignete \u010da\u0161u i otkrijete njene ukuse.<\/p>\n","protected":false},"excerpt":{"rendered":"<p>Vino je deo srpske kulture vi\u0161e od dva milenijuma. Od vremena rimskih careva ro\u0111enih na ovim prostorima, preko srednjovekovnih manastira koji su pa\u017eljivo negovali vinograde, do dana\u0161njih modernih vinara, Srbija [&hellip;]<\/p>\n","protected":false},"author":27,"featured_media":62142,"comment_status":"open","ping_status":"closed","sticky":false,"template":"","format":"standard","meta":{"_acf_changed":false,"inline_featured_image":false,"_monsterinsights_skip_tracking":false,"_monsterinsights_sitenote_active":false,"_monsterinsights_sitenote_note":"","_monsterinsights_sitenote_category":0,"footnotes":""},"categories":[2846,1678],"tags":[],"class_list":["post-62145","post","type-post","status-publish","format-standard","has-post-thumbnail","hentry","category-istaknuto","category-vinski-putevi"],"acf":[],"yoast_head":"<!-- This site is optimized with the Yoast SEO plugin v27.4 - https:\/\/yoast.com\/product\/yoast-seo-wordpress\/ -->\n<title>Septembar u Srbiji: Mesec Gro\u017e\u0111a, Vina i Berbi - Serbia.com<\/title>\n<meta name=\"robots\" content=\"index, follow, max-snippet:-1, max-image-preview:large, max-video-preview:-1\" \/>\n<link rel=\"canonical\" href=\"https:\/\/serbia.com\/srpski\/septembar-u-srbiji-mesec-grozda-vina-i-berbi\/\" \/>\n<meta property=\"og:locale\" content=\"en_US\" \/>\n<meta property=\"og:type\" content=\"article\" \/>\n<meta property=\"og:title\" content=\"Septembar u Srbiji: Mesec Gro\u017e\u0111a, Vina i Berbi - Serbia.com\" \/>\n<meta property=\"og:description\" content=\"Vino je deo srpske kulture vi\u0161e od dva milenijuma. Od vremena rimskih careva ro\u0111enih na ovim prostorima, preko srednjovekovnih manastira koji su pa\u017eljivo negovali vinograde, do dana\u0161njih modernih vinara, Srbija [&hellip;]\" \/>\n<meta property=\"og:url\" content=\"https:\/\/serbia.com\/srpski\/septembar-u-srbiji-mesec-grozda-vina-i-berbi\/\" \/>\n<meta property=\"og:site_name\" content=\"Serbia.com\" \/>\n<meta property=\"article:published_time\" content=\"2025-09-02T07:54:48+00:00\" \/>\n<meta property=\"article:modified_time\" content=\"2025-09-02T07:54:50+00:00\" \/>\n<meta property=\"og:image\" content=\"https:\/\/serbia.com\/wp-content\/uploads\/2025\/09\/eastern-serbia-10-1-e1756799593288.jpg\" \/>\n\t<meta property=\"og:image:width\" content=\"1365\" \/>\n\t<meta property=\"og:image:height\" content=\"560\" \/>\n\t<meta property=\"og:image:type\" content=\"image\/jpeg\" \/>\n<meta name=\"author\" content=\"Ivona Lekan\" \/>\n<meta name=\"twitter:label1\" content=\"Written by\" \/>\n\t<meta name=\"twitter:data1\" content=\"Ivona Lekan\" \/>\n\t<meta name=\"twitter:label2\" content=\"Est. reading time\" \/>\n\t<meta name=\"twitter:data2\" content=\"5 minutes\" \/>\n<script type=\"application\/ld+json\" class=\"yoast-schema-graph\">{\"@context\":\"https:\\\/\\\/schema.org\",\"@graph\":[{\"@type\":\"Article\",\"@id\":\"https:\\\/\\\/serbia.com\\\/srpski\\\/septembar-u-srbiji-mesec-grozda-vina-i-berbi\\\/#article\",\"isPartOf\":{\"@id\":\"https:\\\/\\\/serbia.com\\\/srpski\\\/septembar-u-srbiji-mesec-grozda-vina-i-berbi\\\/\"},\"author\":{\"name\":\"Ivona Lekan\",\"@id\":\"https:\\\/\\\/serbia.com\\\/#\\\/schema\\\/person\\\/954f6599db4406bd5f2e8384659bdc33\"},\"headline\":\"Septembar u Srbiji: Mesec Gro\u017e\u0111a, Vina i Berbi\",\"datePublished\":\"2025-09-02T07:54:48+00:00\",\"dateModified\":\"2025-09-02T07:54:50+00:00\",\"mainEntityOfPage\":{\"@id\":\"https:\\\/\\\/serbia.com\\\/srpski\\\/septembar-u-srbiji-mesec-grozda-vina-i-berbi\\\/\"},\"wordCount\":694,\"commentCount\":0,\"image\":{\"@id\":\"https:\\\/\\\/serbia.com\\\/srpski\\\/septembar-u-srbiji-mesec-grozda-vina-i-berbi\\\/#primaryimage\"},\"thumbnailUrl\":\"https:\\\/\\\/serbia.com\\\/wp-content\\\/uploads\\\/2025\\\/09\\\/eastern-serbia-10-1-e1756799593288.jpg\",\"articleSection\":[\"Istaknuto\",\"Vinski putevi\"],\"inLanguage\":\"srpski\",\"potentialAction\":[{\"@type\":\"CommentAction\",\"name\":\"Comment\",\"target\":[\"https:\\\/\\\/serbia.com\\\/srpski\\\/septembar-u-srbiji-mesec-grozda-vina-i-berbi\\\/#respond\"]}]},{\"@type\":\"WebPage\",\"@id\":\"https:\\\/\\\/serbia.com\\\/srpski\\\/septembar-u-srbiji-mesec-grozda-vina-i-berbi\\\/\",\"url\":\"https:\\\/\\\/serbia.com\\\/srpski\\\/septembar-u-srbiji-mesec-grozda-vina-i-berbi\\\/\",\"name\":\"Septembar u Srbiji: Mesec Gro\u017e\u0111a, Vina i Berbi - Serbia.com\",\"isPartOf\":{\"@id\":\"https:\\\/\\\/serbia.com\\\/#website\"},\"primaryImageOfPage\":{\"@id\":\"https:\\\/\\\/serbia.com\\\/srpski\\\/septembar-u-srbiji-mesec-grozda-vina-i-berbi\\\/#primaryimage\"},\"image\":{\"@id\":\"https:\\\/\\\/serbia.com\\\/srpski\\\/septembar-u-srbiji-mesec-grozda-vina-i-berbi\\\/#primaryimage\"},\"thumbnailUrl\":\"https:\\\/\\\/serbia.com\\\/wp-content\\\/uploads\\\/2025\\\/09\\\/eastern-serbia-10-1-e1756799593288.jpg\",\"datePublished\":\"2025-09-02T07:54:48+00:00\",\"dateModified\":\"2025-09-02T07:54:50+00:00\",\"author\":{\"@id\":\"https:\\\/\\\/serbia.com\\\/#\\\/schema\\\/person\\\/954f6599db4406bd5f2e8384659bdc33\"},\"breadcrumb\":{\"@id\":\"https:\\\/\\\/serbia.com\\\/srpski\\\/septembar-u-srbiji-mesec-grozda-vina-i-berbi\\\/#breadcrumb\"},\"inLanguage\":\"srpski\",\"potentialAction\":[{\"@type\":\"ReadAction\",\"target\":[\"https:\\\/\\\/serbia.com\\\/srpski\\\/septembar-u-srbiji-mesec-grozda-vina-i-berbi\\\/\"]}]},{\"@type\":\"ImageObject\",\"inLanguage\":\"srpski\",\"@id\":\"https:\\\/\\\/serbia.com\\\/srpski\\\/septembar-u-srbiji-mesec-grozda-vina-i-berbi\\\/#primaryimage\",\"url\":\"https:\\\/\\\/serbia.com\\\/wp-content\\\/uploads\\\/2025\\\/09\\\/eastern-serbia-10-1-e1756799593288.jpg\",\"contentUrl\":\"https:\\\/\\\/serbia.com\\\/wp-content\\\/uploads\\\/2025\\\/09\\\/eastern-serbia-10-1-e1756799593288.jpg\",\"width\":1365,\"height\":560},{\"@type\":\"BreadcrumbList\",\"@id\":\"https:\\\/\\\/serbia.com\\\/srpski\\\/septembar-u-srbiji-mesec-grozda-vina-i-berbi\\\/#breadcrumb\",\"itemListElement\":[{\"@type\":\"ListItem\",\"position\":1,\"name\":\"Home\",\"item\":\"https:\\\/\\\/serbia.com\\\/srpski\\\/srbija\\\/\"},{\"@type\":\"ListItem\",\"position\":2,\"name\":\"Septembar u Srbiji: Mesec Gro\u017e\u0111a, Vina i Berbi\"}]},{\"@type\":\"WebSite\",\"@id\":\"https:\\\/\\\/serbia.com\\\/#website\",\"url\":\"https:\\\/\\\/serbia.com\\\/\",\"name\":\"Serbia.com\",\"description\":\"Your Gateway to Serbia\",\"potentialAction\":[{\"@type\":\"SearchAction\",\"target\":{\"@type\":\"EntryPoint\",\"urlTemplate\":\"https:\\\/\\\/serbia.com\\\/?s={search_term_string}\"},\"query-input\":{\"@type\":\"PropertyValueSpecification\",\"valueRequired\":true,\"valueName\":\"search_term_string\"}}],\"inLanguage\":\"srpski\"},{\"@type\":\"Person\",\"@id\":\"https:\\\/\\\/serbia.com\\\/#\\\/schema\\\/person\\\/954f6599db4406bd5f2e8384659bdc33\",\"name\":\"Ivona Lekan\",\"image\":{\"@type\":\"ImageObject\",\"inLanguage\":\"srpski\",\"@id\":\"https:\\\/\\\/secure.gravatar.com\\\/avatar\\\/4eba414fa53ccc3824d6c0254e6c3425ccdebeb4c72580208b23386c071b50b2?s=96&d=mm&r=g\",\"url\":\"https:\\\/\\\/secure.gravatar.com\\\/avatar\\\/4eba414fa53ccc3824d6c0254e6c3425ccdebeb4c72580208b23386c071b50b2?s=96&d=mm&r=g\",\"contentUrl\":\"https:\\\/\\\/secure.gravatar.com\\\/avatar\\\/4eba414fa53ccc3824d6c0254e6c3425ccdebeb4c72580208b23386c071b50b2?s=96&d=mm&r=g\",\"caption\":\"Ivona Lekan\"},\"url\":\"https:\\\/\\\/serbia.com\\\/srpski\\\/author\\\/ivondivine\\\/\"}]}<\/script>\n<!-- \/ Yoast SEO plugin. -->","yoast_head_json":{"title":"Septembar u Srbiji: Mesec Gro\u017e\u0111a, Vina i Berbi - Serbia.com","robots":{"index":"index","follow":"follow","max-snippet":"max-snippet:-1","max-image-preview":"max-image-preview:large","max-video-preview":"max-video-preview:-1"},"canonical":"https:\/\/serbia.com\/srpski\/septembar-u-srbiji-mesec-grozda-vina-i-berbi\/","og_locale":"en_US","og_type":"article","og_title":"Septembar u Srbiji: Mesec Gro\u017e\u0111a, Vina i Berbi - Serbia.com","og_description":"Vino je deo srpske kulture vi\u0161e od dva milenijuma. Od vremena rimskih careva ro\u0111enih na ovim prostorima, preko srednjovekovnih manastira koji su pa\u017eljivo negovali vinograde, do dana\u0161njih modernih vinara, Srbija [&hellip;]","og_url":"https:\/\/serbia.com\/srpski\/septembar-u-srbiji-mesec-grozda-vina-i-berbi\/","og_site_name":"Serbia.com","article_published_time":"2025-09-02T07:54:48+00:00","article_modified_time":"2025-09-02T07:54:50+00:00","og_image":[{"width":1365,"height":560,"url":"https:\/\/serbia.com\/wp-content\/uploads\/2025\/09\/eastern-serbia-10-1-e1756799593288.jpg","type":"image\/jpeg"}],"author":"Ivona Lekan","twitter_misc":{"Written by":"Ivona Lekan","Est. reading time":"5 minutes"},"schema":{"@context":"https:\/\/schema.org","@graph":[{"@type":"Article","@id":"https:\/\/serbia.com\/srpski\/septembar-u-srbiji-mesec-grozda-vina-i-berbi\/#article","isPartOf":{"@id":"https:\/\/serbia.com\/srpski\/septembar-u-srbiji-mesec-grozda-vina-i-berbi\/"},"author":{"name":"Ivona Lekan","@id":"https:\/\/serbia.com\/#\/schema\/person\/954f6599db4406bd5f2e8384659bdc33"},"headline":"Septembar u Srbiji: Mesec Gro\u017e\u0111a, Vina i Berbi","datePublished":"2025-09-02T07:54:48+00:00","dateModified":"2025-09-02T07:54:50+00:00","mainEntityOfPage":{"@id":"https:\/\/serbia.com\/srpski\/septembar-u-srbiji-mesec-grozda-vina-i-berbi\/"},"wordCount":694,"commentCount":0,"image":{"@id":"https:\/\/serbia.com\/srpski\/septembar-u-srbiji-mesec-grozda-vina-i-berbi\/#primaryimage"},"thumbnailUrl":"https:\/\/serbia.com\/wp-content\/uploads\/2025\/09\/eastern-serbia-10-1-e1756799593288.jpg","articleSection":["Istaknuto","Vinski putevi"],"inLanguage":"srpski","potentialAction":[{"@type":"CommentAction","name":"Comment","target":["https:\/\/serbia.com\/srpski\/septembar-u-srbiji-mesec-grozda-vina-i-berbi\/#respond"]}]},{"@type":"WebPage","@id":"https:\/\/serbia.com\/srpski\/septembar-u-srbiji-mesec-grozda-vina-i-berbi\/","url":"https:\/\/serbia.com\/srpski\/septembar-u-srbiji-mesec-grozda-vina-i-berbi\/","name":"Septembar u Srbiji: Mesec Gro\u017e\u0111a, Vina i Berbi - Serbia.com","isPartOf":{"@id":"https:\/\/serbia.com\/#website"},"primaryImageOfPage":{"@id":"https:\/\/serbia.com\/srpski\/septembar-u-srbiji-mesec-grozda-vina-i-berbi\/#primaryimage"},"image":{"@id":"https:\/\/serbia.com\/srpski\/septembar-u-srbiji-mesec-grozda-vina-i-berbi\/#primaryimage"},"thumbnailUrl":"https:\/\/serbia.com\/wp-content\/uploads\/2025\/09\/eastern-serbia-10-1-e1756799593288.jpg","datePublished":"2025-09-02T07:54:48+00:00","dateModified":"2025-09-02T07:54:50+00:00","author":{"@id":"https:\/\/serbia.com\/#\/schema\/person\/954f6599db4406bd5f2e8384659bdc33"},"breadcrumb":{"@id":"https:\/\/serbia.com\/srpski\/septembar-u-srbiji-mesec-grozda-vina-i-berbi\/#breadcrumb"},"inLanguage":"srpski","potentialAction":[{"@type":"ReadAction","target":["https:\/\/serbia.com\/srpski\/septembar-u-srbiji-mesec-grozda-vina-i-berbi\/"]}]},{"@type":"ImageObject","inLanguage":"srpski","@id":"https:\/\/serbia.com\/srpski\/septembar-u-srbiji-mesec-grozda-vina-i-berbi\/#primaryimage","url":"https:\/\/serbia.com\/wp-content\/uploads\/2025\/09\/eastern-serbia-10-1-e1756799593288.jpg","contentUrl":"https:\/\/serbia.com\/wp-content\/uploads\/2025\/09\/eastern-serbia-10-1-e1756799593288.jpg","width":1365,"height":560},{"@type":"BreadcrumbList","@id":"https:\/\/serbia.com\/srpski\/septembar-u-srbiji-mesec-grozda-vina-i-berbi\/#breadcrumb","itemListElement":[{"@type":"ListItem","position":1,"name":"Home","item":"https:\/\/serbia.com\/srpski\/srbija\/"},{"@type":"ListItem","position":2,"name":"Septembar u Srbiji: Mesec Gro\u017e\u0111a, Vina i Berbi"}]},{"@type":"WebSite","@id":"https:\/\/serbia.com\/#website","url":"https:\/\/serbia.com\/","name":"Serbia.com","description":"Your Gateway to Serbia","potentialAction":[{"@type":"SearchAction","target":{"@type":"EntryPoint","urlTemplate":"https:\/\/serbia.com\/?s={search_term_string}"},"query-input":{"@type":"PropertyValueSpecification","valueRequired":true,"valueName":"search_term_string"}}],"inLanguage":"srpski"},{"@type":"Person","@id":"https:\/\/serbia.com\/#\/schema\/person\/954f6599db4406bd5f2e8384659bdc33","name":"Ivona Lekan","image":{"@type":"ImageObject","inLanguage":"srpski","@id":"https:\/\/secure.gravatar.com\/avatar\/4eba414fa53ccc3824d6c0254e6c3425ccdebeb4c72580208b23386c071b50b2?s=96&d=mm&r=g","url":"https:\/\/secure.gravatar.com\/avatar\/4eba414fa53ccc3824d6c0254e6c3425ccdebeb4c72580208b23386c071b50b2?s=96&d=mm&r=g","contentUrl":"https:\/\/secure.gravatar.com\/avatar\/4eba414fa53ccc3824d6c0254e6c3425ccdebeb4c72580208b23386c071b50b2?s=96&d=mm&r=g","caption":"Ivona Lekan"},"url":"https:\/\/serbia.com\/srpski\/author\/ivondivine\/"}]}},"brizy_media":[],"_links":{"self":[{"href":"https:\/\/serbia.com\/srpski\/wp-json\/wp\/v2\/posts\/62145","targetHints":{"allow":["GET"]}}],"collection":[{"href":"https:\/\/serbia.com\/srpski\/wp-json\/wp\/v2\/posts"}],"about":[{"href":"https:\/\/serbia.com\/srpski\/wp-json\/wp\/v2\/types\/post"}],"author":[{"embeddable":true,"href":"https:\/\/serbia.com\/srpski\/wp-json\/wp\/v2\/users\/27"}],"replies":[{"embeddable":true,"href":"https:\/\/serbia.com\/srpski\/wp-json\/wp\/v2\/comments?post=62145"}],"version-history":[{"count":1,"href":"https:\/\/serbia.com\/srpski\/wp-json\/wp\/v2\/posts\/62145\/revisions"}],"predecessor-version":[{"id":62148,"href":"https:\/\/serbia.com\/srpski\/wp-json\/wp\/v2\/posts\/62145\/revisions\/62148"}],"wp:featuredmedia":[{"embeddable":true,"href":"https:\/\/serbia.com\/srpski\/wp-json\/wp\/v2\/media\/62142"}],"wp:attachment":[{"href":"https:\/\/serbia.com\/srpski\/wp-json\/wp\/v2\/media?parent=62145"}],"wp:term":[{"taxonomy":"category","embeddable":true,"href":"https:\/\/serbia.com\/srpski\/wp-json\/wp\/v2\/categories?post=62145"},{"taxonomy":"post_tag","embeddable":true,"href":"https:\/\/serbia.com\/srpski\/wp-json\/wp\/v2\/tags?post=62145"}],"curies":[{"name":"wp","href":"https:\/\/api.w.org\/{rel}","templated":true}]}}