{"id":60678,"date":"2025-06-06T13:10:11","date_gmt":"2025-06-06T11:10:11","guid":{"rendered":"https:\/\/serbia.com\/?p=60678"},"modified":"2025-06-06T13:11:13","modified_gmt":"2025-06-06T11:11:13","slug":"rudno-medu-najlepsim-selima-sveta","status":"publish","type":"post","link":"https:\/\/serbia.com\/srpski\/rudno-medu-najlepsim-selima-sveta\/","title":{"rendered":"Rudno me\u0111u najlep\u0161im selima sveta"},"content":{"rendered":"\n<p><em>Skriveno na padinama <strong><a href=\"https:\/\/serbia.com\/srpski\/planina-golija-nestvarno-sumsko-carstvo\/\">planine Golije<\/a><\/strong>, na nadmorskoj visini od oko 1100 metara, selo Rudno predstavlja tiho remek-delo Srbije \u2013 mesto gde vreme usporava, a priroda ne\u010dujno govori. Nedavno je Rudno nominovano od strane Svetske turisti\u010dke organizacije (UNWTO) za jedno od <strong>najlep\u0161ih sela na svetu<\/strong>, \u010dime je ovo udaljeno selo kod <strong><a href=\"https:\/\/serbia.com\/srpski\/posetite-srbiju\/gradovi\/kraljevo-grad-sedam-kraljeva\/\">Kraljeva<\/a><\/strong> dospelo u centar pa\u017enje ljubitelja ruralnog turizma.<\/em><\/p>\n\n\n\n<h2 class=\"wp-block-heading\"><strong>Za\u0161to ba\u0161 Rudno?<\/strong><\/h2>\n\n\n\n<p>Sa jedva stotinak stalnih stanovnika, Rudno je primer <strong>savr\u0161enog sklada \u010doveka i planine<\/strong>. Kamene ku\u0107e sa drvenim balkonima, livade prepune lekovitog bilja i vidici bez kraja \u010dine ga rajem za ljubitelje prirode i fotografije. Ali Rudno nije samo lep prizor \u2013 ono je na\u010din \u017eivota, ukorenjen u tradiciji, jednostavnosti i odr\u017eivosti.<\/p>\n\n\n\n<figure class=\"wp-block-image size-large\"><img loading=\"lazy\" decoding=\"async\" width=\"1280\" height=\"960\" src=\"https:\/\/serbia.com\/wp-content\/uploads\/2025\/06\/2560px-Rudno_Kraljevo_24-1280x960.jpg\" alt=\"\" class=\"wp-image-60672\" srcset=\"https:\/\/serbia.com\/wp-content\/uploads\/2025\/06\/2560px-Rudno_Kraljevo_24-1280x960.jpg 1280w, https:\/\/serbia.com\/wp-content\/uploads\/2025\/06\/2560px-Rudno_Kraljevo_24-300x225.jpg 300w, https:\/\/serbia.com\/wp-content\/uploads\/2025\/06\/2560px-Rudno_Kraljevo_24-768x576.jpg 768w, https:\/\/serbia.com\/wp-content\/uploads\/2025\/06\/2560px-Rudno_Kraljevo_24-1536x1152.jpg 1536w, https:\/\/serbia.com\/wp-content\/uploads\/2025\/06\/2560px-Rudno_Kraljevo_24-2048x1536.jpg 2048w, https:\/\/serbia.com\/wp-content\/uploads\/2025\/06\/2560px-Rudno_Kraljevo_24-760x570.jpg 760w, https:\/\/serbia.com\/wp-content\/uploads\/2025\/06\/2560px-Rudno_Kraljevo_24-1333x1000.jpg 1333w, https:\/\/serbia.com\/wp-content\/uploads\/2025\/06\/2560px-Rudno_Kraljevo_24-667x500.jpg 667w\" sizes=\"auto, (max-width: 1280px) 100vw, 1280px\" \/><figcaption class=\"wp-element-caption\">Selo Rudno, foto: \u00a0Miljan Simonovi\u0107 \u2013 Own work, CC BY-SA 4.0, https:\/\/commons.wikimedia.org\/w\/index.php?curid=50654554<br><\/figcaption><\/figure>\n\n\n\n<p>Ovde se hleb pe\u010de u pe\u0107ima na drva, vuna se prede ru\u010dno, a sir i med nude gostima kao najro\u0111enijima.<\/p>\n\n\n\n<h2 class=\"wp-block-heading\"><strong>Mesto sa najvi\u0161e sun\u010danih dana<\/strong><\/h2>\n\n\n\n<p>Jo\u0161 jedan razlog zbog kog je Rudno posebno jeste \u010dinjenica da se ubraja me\u0111u mesta sa <strong>najvi\u0161e sun\u010danih dana u Srbiji<\/strong> \u2013 preko <strong>250 sun\u010danih dana godi\u0161nje<\/strong>! Ova blaga klima i \u010dist vazduh \u010dine selo idealnim za oporavak, \u0161etnje i boravak na otvorenom tokom cele godine. Sun\u010deva svetlost ovde dodatno nagla\u0161ava lepotu prirode, dok zalasci sunca sa vidikovaca ostavljaju bez daha.<\/p>\n\n\n\n<h2 class=\"wp-block-heading\"><strong>\u0160ta videti i raditi u Rudnu<\/strong><\/h2>\n\n\n\n<p><\/p>\n\n\n\n<ul class=\"wp-block-list\">\n<li><strong>Ekoturizam i etno-sme\u0161taj<\/strong>: Rudno je idealno za one koji tra\u017ee mir i ti\u0161inu. Doma\u0107instva nude autenti\u010dan sme\u0161taj i doma\u0107insku dobrodo\u0161licu. Probudi\u0107e vas zvona sa kravica, doru\u010dkova\u0107ete doma\u0107i kajmak i proju, i osve\u017eiti se planinskom izvorskom vodom.<\/li>\n\n\n\n<li><strong>Planinarenje na <a href=\"https:\/\/serbia.com\/srpski\/planina-golija-nestvarno-sumsko-carstvo\/\">Goliji<\/a><\/strong>: Ova planina je deo UNESCO rezervata biosfere i nudi netaknutu prirodu, \u0161ume, vodopade i retke ptice. Iz Rudna kre\u0107e vi\u0161e markiranih staza.<\/li>\n\n\n\n<li><strong>Poseta <a href=\"https:\/\/serbia.com\/srpski\/posetite-srbiju\/kulturne-atrakcije\/manastiri-i-crkve\/studenica-manastir-dragocenih-fresaka\/\">manastiru Studenica<\/a><\/strong>: Na oko 20 km od sela nalazi se \u010duveni manastir iz 12. veka, jedno od najva\u017enijih duhovnih mesta u Srbiji, pod za\u0161titom UNESCO-a.<\/li>\n\n\n\n<li><strong>Ibarska dolina<\/strong>: Od srednjovekovne <strong><a href=\"https:\/\/serbia.com\/srpski\/posetite-srbiju\/kulturne-atrakcije\/dvorci-i-tvrdave\/tvrdava-maglic-misteriozni-vremeplov-iz-13-veka\/\">tvr\u0111ave Magli\u010d<\/a><\/strong> do raftinga na Ibru \u2013 ova regija spaja kulturu i avanturu.<\/li>\n\n\n\n<li><strong>Zima u Rudnu<\/strong>: Kad padne sneg, selo postaje prava bajka. Porodice se okupljaju oko pe\u0107i, a gosti mogu da probaju zimsko planinarenje ili da jednostavno u\u017eivaju u ti\u0161ini belog pejza\u017ea.<\/li>\n<\/ul>\n\n\n\n<p><\/p>\n\n\n\n<figure class=\"wp-block-gallery has-nested-images columns-default is-cropped wp-block-gallery-1 is-layout-flex wp-block-gallery-is-layout-flex\">\n<figure class=\"wp-block-image size-large\"><img loading=\"lazy\" decoding=\"async\" width=\"1280\" height=\"749\" data-id=\"58818\" src=\"https:\/\/serbia.com\/wp-content\/uploads\/2025\/03\/Golija_-_panoramio_5-2-e1741975428157-1280x749.jpg\" alt=\"\" class=\"wp-image-58818\" srcset=\"https:\/\/serbia.com\/wp-content\/uploads\/2025\/03\/Golija_-_panoramio_5-2-e1741975428157-1280x749.jpg 1280w, https:\/\/serbia.com\/wp-content\/uploads\/2025\/03\/Golija_-_panoramio_5-2-e1741975428157-300x176.jpg 300w, https:\/\/serbia.com\/wp-content\/uploads\/2025\/03\/Golija_-_panoramio_5-2-e1741975428157-768x449.jpg 768w, https:\/\/serbia.com\/wp-content\/uploads\/2025\/03\/Golija_-_panoramio_5-2-e1741975428157-1536x899.jpg 1536w, https:\/\/serbia.com\/wp-content\/uploads\/2025\/03\/Golija_-_panoramio_5-2-e1741975428157-760x445.jpg 760w, https:\/\/serbia.com\/wp-content\/uploads\/2025\/03\/Golija_-_panoramio_5-2-e1741975428157-855x500.jpg 855w, https:\/\/serbia.com\/wp-content\/uploads\/2025\/03\/Golija_-_panoramio_5-2-e1741975428157.jpg 1600w\" sizes=\"auto, (max-width: 1280px) 100vw, 1280px\" \/><figcaption class=\"wp-element-caption\">Planina Golija, foto: darkobajic, CC BY 3.0\u00a0<a href=\"https:\/\/creativecommons.org\/licenses\/by\/3.0\">https:\/\/creativecommons.org\/licenses\/by\/3.0<\/a>, via Wikimedia Commons<\/figcaption><\/figure>\n\n\n\n<figure class=\"wp-block-image size-large\"><img loading=\"lazy\" decoding=\"async\" width=\"1280\" height=\"854\" data-id=\"59438\" src=\"https:\/\/serbia.com\/wp-content\/uploads\/2025\/04\/Manastir_Studenica_-_The_Studenica_Monastery-1280x854.jpg\" alt=\"\" class=\"wp-image-59438\" srcset=\"https:\/\/serbia.com\/wp-content\/uploads\/2025\/04\/Manastir_Studenica_-_The_Studenica_Monastery-1280x854.jpg 1280w, https:\/\/serbia.com\/wp-content\/uploads\/2025\/04\/Manastir_Studenica_-_The_Studenica_Monastery-300x200.jpg 300w, https:\/\/serbia.com\/wp-content\/uploads\/2025\/04\/Manastir_Studenica_-_The_Studenica_Monastery-768x513.jpg 768w, https:\/\/serbia.com\/wp-content\/uploads\/2025\/04\/Manastir_Studenica_-_The_Studenica_Monastery-1536x1025.jpg 1536w, https:\/\/serbia.com\/wp-content\/uploads\/2025\/04\/Manastir_Studenica_-_The_Studenica_Monastery-760x507.jpg 760w, https:\/\/serbia.com\/wp-content\/uploads\/2025\/04\/Manastir_Studenica_-_The_Studenica_Monastery-1498x1000.jpg 1498w, https:\/\/serbia.com\/wp-content\/uploads\/2025\/04\/Manastir_Studenica_-_The_Studenica_Monastery-749x500.jpg 749w, https:\/\/serbia.com\/wp-content\/uploads\/2025\/04\/Manastir_Studenica_-_The_Studenica_Monastery.jpg 1600w\" sizes=\"auto, (max-width: 1280px) 100vw, 1280px\" \/><figcaption class=\"wp-element-caption\">Manastir Studenica, foto: Radmilo Djurovic, CC BY-SA 4.0\u00a0<a href=\"https:\/\/creativecommons.org\/licenses\/by-sa\/4.0\">https:\/\/creativecommons.org\/licenses\/by-sa\/4.0<\/a>, via Wikimedia Commons<br><br><\/figcaption><\/figure>\n<\/figure>\n\n\n\n<p><\/p>\n\n\n\n<h2 class=\"wp-block-heading\"><strong>Za\u0161to posetiti ba\u0161 sada?<\/strong><\/h2>\n\n\n\n<p>Nominacija za najlep\u0161e selo sveta nije samo priznanje \u2013 to je poziv. Rudno je mesto na kojem se zaboravlja \u017eurba i ponovo uspostavlja veza sa prirodom i samim sobom. Bilo da ste planinar, zaljubljenik u istoriju ili putnik u potrazi za autenti\u010dnim, Rudno vas \u010deka \u2013 ra\u0161irenih ruku i toplog srca.<\/p>\n","protected":false},"excerpt":{"rendered":"<p>Skriveno na padinama planine Golije, na nadmorskoj visini od oko 1100 metara, selo Rudno predstavlja tiho remek-delo Srbije \u2013 mesto gde vreme usporava, a priroda ne\u010dujno govori. Nedavno je Rudno [&hellip;]<\/p>\n","protected":false},"author":27,"featured_media":60676,"comment_status":"open","ping_status":"closed","sticky":false,"template":"","format":"standard","meta":{"_acf_changed":false,"inline_featured_image":false,"_monsterinsights_skip_tracking":false,"_monsterinsights_sitenote_active":false,"_monsterinsights_sitenote_note":"","_monsterinsights_sitenote_category":0,"footnotes":""},"categories":[1673,2846,1653],"tags":[],"class_list":["post-60678","post","type-post","status-publish","format-standard","has-post-thumbnail","hentry","category-etno-sela","category-istaknuto","category-prirodne-lepote-sta-posetiti"],"acf":[],"yoast_head":"<!-- This site is optimized with the Yoast SEO plugin v27.4 - https:\/\/yoast.com\/product\/yoast-seo-wordpress\/ -->\n<title>Rudno me\u0111u najlep\u0161im selima sveta - Serbia.com<\/title>\n<meta name=\"robots\" content=\"index, follow, max-snippet:-1, max-image-preview:large, max-video-preview:-1\" \/>\n<link rel=\"canonical\" href=\"https:\/\/serbia.com\/srpski\/rudno-medu-najlepsim-selima-sveta\/\" \/>\n<meta property=\"og:locale\" content=\"en_US\" \/>\n<meta property=\"og:type\" content=\"article\" \/>\n<meta property=\"og:title\" content=\"Rudno me\u0111u najlep\u0161im selima sveta - Serbia.com\" \/>\n<meta property=\"og:description\" content=\"Skriveno na padinama planine Golije, na nadmorskoj visini od oko 1100 metara, selo Rudno predstavlja tiho remek-delo Srbije \u2013 mesto gde vreme usporava, a priroda ne\u010dujno govori. Nedavno je Rudno [&hellip;]\" \/>\n<meta property=\"og:url\" content=\"https:\/\/serbia.com\/srpski\/rudno-medu-najlepsim-selima-sveta\/\" \/>\n<meta property=\"og:site_name\" content=\"Serbia.com\" \/>\n<meta property=\"article:published_time\" content=\"2025-06-06T11:10:11+00:00\" \/>\n<meta property=\"article:modified_time\" content=\"2025-06-06T11:11:13+00:00\" \/>\n<meta property=\"og:image\" content=\"https:\/\/serbia.com\/wp-content\/uploads\/2025\/06\/1600px-Etno_domacinstvo_Rudno_Golija_2-1-e1749208184332.jpg\" \/>\n\t<meta property=\"og:image:width\" content=\"1600\" \/>\n\t<meta property=\"og:image:height\" content=\"669\" \/>\n\t<meta property=\"og:image:type\" content=\"image\/jpeg\" \/>\n<meta name=\"author\" content=\"Ivona Lekan\" \/>\n<meta name=\"twitter:label1\" content=\"Written by\" \/>\n\t<meta name=\"twitter:data1\" content=\"Ivona Lekan\" \/>\n\t<meta name=\"twitter:label2\" content=\"Est. reading time\" \/>\n\t<meta name=\"twitter:data2\" content=\"3 minutes\" \/>\n<script type=\"application\/ld+json\" class=\"yoast-schema-graph\">{\"@context\":\"https:\\\/\\\/schema.org\",\"@graph\":[{\"@type\":\"Article\",\"@id\":\"https:\\\/\\\/serbia.com\\\/srpski\\\/rudno-medu-najlepsim-selima-sveta\\\/#article\",\"isPartOf\":{\"@id\":\"https:\\\/\\\/serbia.com\\\/srpski\\\/rudno-medu-najlepsim-selima-sveta\\\/\"},\"author\":{\"name\":\"Ivona Lekan\",\"@id\":\"https:\\\/\\\/serbia.com\\\/#\\\/schema\\\/person\\\/954f6599db4406bd5f2e8384659bdc33\"},\"headline\":\"Rudno me\u0111u najlep\u0161im selima sveta\",\"datePublished\":\"2025-06-06T11:10:11+00:00\",\"dateModified\":\"2025-06-06T11:11:13+00:00\",\"mainEntityOfPage\":{\"@id\":\"https:\\\/\\\/serbia.com\\\/srpski\\\/rudno-medu-najlepsim-selima-sveta\\\/\"},\"wordCount\":484,\"commentCount\":0,\"image\":{\"@id\":\"https:\\\/\\\/serbia.com\\\/srpski\\\/rudno-medu-najlepsim-selima-sveta\\\/#primaryimage\"},\"thumbnailUrl\":\"https:\\\/\\\/serbia.com\\\/wp-content\\\/uploads\\\/2025\\\/06\\\/1600px-Etno_domacinstvo_Rudno_Golija_2-1-e1749208184332.jpg\",\"articleSection\":[\"Etno sela\",\"Istaknuto\",\"Prirodne lepote\"],\"inLanguage\":\"srpski\",\"potentialAction\":[{\"@type\":\"CommentAction\",\"name\":\"Comment\",\"target\":[\"https:\\\/\\\/serbia.com\\\/srpski\\\/rudno-medu-najlepsim-selima-sveta\\\/#respond\"]}]},{\"@type\":\"WebPage\",\"@id\":\"https:\\\/\\\/serbia.com\\\/srpski\\\/rudno-medu-najlepsim-selima-sveta\\\/\",\"url\":\"https:\\\/\\\/serbia.com\\\/srpski\\\/rudno-medu-najlepsim-selima-sveta\\\/\",\"name\":\"Rudno me\u0111u najlep\u0161im selima sveta - Serbia.com\",\"isPartOf\":{\"@id\":\"https:\\\/\\\/serbia.com\\\/#website\"},\"primaryImageOfPage\":{\"@id\":\"https:\\\/\\\/serbia.com\\\/srpski\\\/rudno-medu-najlepsim-selima-sveta\\\/#primaryimage\"},\"image\":{\"@id\":\"https:\\\/\\\/serbia.com\\\/srpski\\\/rudno-medu-najlepsim-selima-sveta\\\/#primaryimage\"},\"thumbnailUrl\":\"https:\\\/\\\/serbia.com\\\/wp-content\\\/uploads\\\/2025\\\/06\\\/1600px-Etno_domacinstvo_Rudno_Golija_2-1-e1749208184332.jpg\",\"datePublished\":\"2025-06-06T11:10:11+00:00\",\"dateModified\":\"2025-06-06T11:11:13+00:00\",\"author\":{\"@id\":\"https:\\\/\\\/serbia.com\\\/#\\\/schema\\\/person\\\/954f6599db4406bd5f2e8384659bdc33\"},\"breadcrumb\":{\"@id\":\"https:\\\/\\\/serbia.com\\\/srpski\\\/rudno-medu-najlepsim-selima-sveta\\\/#breadcrumb\"},\"inLanguage\":\"srpski\",\"potentialAction\":[{\"@type\":\"ReadAction\",\"target\":[\"https:\\\/\\\/serbia.com\\\/srpski\\\/rudno-medu-najlepsim-selima-sveta\\\/\"]}]},{\"@type\":\"ImageObject\",\"inLanguage\":\"srpski\",\"@id\":\"https:\\\/\\\/serbia.com\\\/srpski\\\/rudno-medu-najlepsim-selima-sveta\\\/#primaryimage\",\"url\":\"https:\\\/\\\/serbia.com\\\/wp-content\\\/uploads\\\/2025\\\/06\\\/1600px-Etno_domacinstvo_Rudno_Golija_2-1-e1749208184332.jpg\",\"contentUrl\":\"https:\\\/\\\/serbia.com\\\/wp-content\\\/uploads\\\/2025\\\/06\\\/1600px-Etno_domacinstvo_Rudno_Golija_2-1-e1749208184332.jpg\",\"width\":1600,\"height\":669},{\"@type\":\"BreadcrumbList\",\"@id\":\"https:\\\/\\\/serbia.com\\\/srpski\\\/rudno-medu-najlepsim-selima-sveta\\\/#breadcrumb\",\"itemListElement\":[{\"@type\":\"ListItem\",\"position\":1,\"name\":\"Home\",\"item\":\"https:\\\/\\\/serbia.com\\\/srpski\\\/srbija\\\/\"},{\"@type\":\"ListItem\",\"position\":2,\"name\":\"Rudno me\u0111u najlep\u0161im selima sveta\"}]},{\"@type\":\"WebSite\",\"@id\":\"https:\\\/\\\/serbia.com\\\/#website\",\"url\":\"https:\\\/\\\/serbia.com\\\/\",\"name\":\"Serbia.com\",\"description\":\"Your Gateway to Serbia\",\"potentialAction\":[{\"@type\":\"SearchAction\",\"target\":{\"@type\":\"EntryPoint\",\"urlTemplate\":\"https:\\\/\\\/serbia.com\\\/?s={search_term_string}\"},\"query-input\":{\"@type\":\"PropertyValueSpecification\",\"valueRequired\":true,\"valueName\":\"search_term_string\"}}],\"inLanguage\":\"srpski\"},{\"@type\":\"Person\",\"@id\":\"https:\\\/\\\/serbia.com\\\/#\\\/schema\\\/person\\\/954f6599db4406bd5f2e8384659bdc33\",\"name\":\"Ivona Lekan\",\"image\":{\"@type\":\"ImageObject\",\"inLanguage\":\"srpski\",\"@id\":\"https:\\\/\\\/secure.gravatar.com\\\/avatar\\\/4eba414fa53ccc3824d6c0254e6c3425ccdebeb4c72580208b23386c071b50b2?s=96&d=mm&r=g\",\"url\":\"https:\\\/\\\/secure.gravatar.com\\\/avatar\\\/4eba414fa53ccc3824d6c0254e6c3425ccdebeb4c72580208b23386c071b50b2?s=96&d=mm&r=g\",\"contentUrl\":\"https:\\\/\\\/secure.gravatar.com\\\/avatar\\\/4eba414fa53ccc3824d6c0254e6c3425ccdebeb4c72580208b23386c071b50b2?s=96&d=mm&r=g\",\"caption\":\"Ivona Lekan\"},\"url\":\"https:\\\/\\\/serbia.com\\\/srpski\\\/author\\\/ivondivine\\\/\"}]}<\/script>\n<!-- \/ Yoast SEO plugin. -->","yoast_head_json":{"title":"Rudno me\u0111u najlep\u0161im selima sveta - Serbia.com","robots":{"index":"index","follow":"follow","max-snippet":"max-snippet:-1","max-image-preview":"max-image-preview:large","max-video-preview":"max-video-preview:-1"},"canonical":"https:\/\/serbia.com\/srpski\/rudno-medu-najlepsim-selima-sveta\/","og_locale":"en_US","og_type":"article","og_title":"Rudno me\u0111u najlep\u0161im selima sveta - Serbia.com","og_description":"Skriveno na padinama planine Golije, na nadmorskoj visini od oko 1100 metara, selo Rudno predstavlja tiho remek-delo Srbije \u2013 mesto gde vreme usporava, a priroda ne\u010dujno govori. Nedavno je Rudno [&hellip;]","og_url":"https:\/\/serbia.com\/srpski\/rudno-medu-najlepsim-selima-sveta\/","og_site_name":"Serbia.com","article_published_time":"2025-06-06T11:10:11+00:00","article_modified_time":"2025-06-06T11:11:13+00:00","og_image":[{"width":1600,"height":669,"url":"https:\/\/serbia.com\/wp-content\/uploads\/2025\/06\/1600px-Etno_domacinstvo_Rudno_Golija_2-1-e1749208184332.jpg","type":"image\/jpeg"}],"author":"Ivona Lekan","twitter_misc":{"Written by":"Ivona Lekan","Est. reading time":"3 minutes"},"schema":{"@context":"https:\/\/schema.org","@graph":[{"@type":"Article","@id":"https:\/\/serbia.com\/srpski\/rudno-medu-najlepsim-selima-sveta\/#article","isPartOf":{"@id":"https:\/\/serbia.com\/srpski\/rudno-medu-najlepsim-selima-sveta\/"},"author":{"name":"Ivona Lekan","@id":"https:\/\/serbia.com\/#\/schema\/person\/954f6599db4406bd5f2e8384659bdc33"},"headline":"Rudno me\u0111u najlep\u0161im selima sveta","datePublished":"2025-06-06T11:10:11+00:00","dateModified":"2025-06-06T11:11:13+00:00","mainEntityOfPage":{"@id":"https:\/\/serbia.com\/srpski\/rudno-medu-najlepsim-selima-sveta\/"},"wordCount":484,"commentCount":0,"image":{"@id":"https:\/\/serbia.com\/srpski\/rudno-medu-najlepsim-selima-sveta\/#primaryimage"},"thumbnailUrl":"https:\/\/serbia.com\/wp-content\/uploads\/2025\/06\/1600px-Etno_domacinstvo_Rudno_Golija_2-1-e1749208184332.jpg","articleSection":["Etno sela","Istaknuto","Prirodne lepote"],"inLanguage":"srpski","potentialAction":[{"@type":"CommentAction","name":"Comment","target":["https:\/\/serbia.com\/srpski\/rudno-medu-najlepsim-selima-sveta\/#respond"]}]},{"@type":"WebPage","@id":"https:\/\/serbia.com\/srpski\/rudno-medu-najlepsim-selima-sveta\/","url":"https:\/\/serbia.com\/srpski\/rudno-medu-najlepsim-selima-sveta\/","name":"Rudno me\u0111u najlep\u0161im selima sveta - Serbia.com","isPartOf":{"@id":"https:\/\/serbia.com\/#website"},"primaryImageOfPage":{"@id":"https:\/\/serbia.com\/srpski\/rudno-medu-najlepsim-selima-sveta\/#primaryimage"},"image":{"@id":"https:\/\/serbia.com\/srpski\/rudno-medu-najlepsim-selima-sveta\/#primaryimage"},"thumbnailUrl":"https:\/\/serbia.com\/wp-content\/uploads\/2025\/06\/1600px-Etno_domacinstvo_Rudno_Golija_2-1-e1749208184332.jpg","datePublished":"2025-06-06T11:10:11+00:00","dateModified":"2025-06-06T11:11:13+00:00","author":{"@id":"https:\/\/serbia.com\/#\/schema\/person\/954f6599db4406bd5f2e8384659bdc33"},"breadcrumb":{"@id":"https:\/\/serbia.com\/srpski\/rudno-medu-najlepsim-selima-sveta\/#breadcrumb"},"inLanguage":"srpski","potentialAction":[{"@type":"ReadAction","target":["https:\/\/serbia.com\/srpski\/rudno-medu-najlepsim-selima-sveta\/"]}]},{"@type":"ImageObject","inLanguage":"srpski","@id":"https:\/\/serbia.com\/srpski\/rudno-medu-najlepsim-selima-sveta\/#primaryimage","url":"https:\/\/serbia.com\/wp-content\/uploads\/2025\/06\/1600px-Etno_domacinstvo_Rudno_Golija_2-1-e1749208184332.jpg","contentUrl":"https:\/\/serbia.com\/wp-content\/uploads\/2025\/06\/1600px-Etno_domacinstvo_Rudno_Golija_2-1-e1749208184332.jpg","width":1600,"height":669},{"@type":"BreadcrumbList","@id":"https:\/\/serbia.com\/srpski\/rudno-medu-najlepsim-selima-sveta\/#breadcrumb","itemListElement":[{"@type":"ListItem","position":1,"name":"Home","item":"https:\/\/serbia.com\/srpski\/srbija\/"},{"@type":"ListItem","position":2,"name":"Rudno me\u0111u najlep\u0161im selima sveta"}]},{"@type":"WebSite","@id":"https:\/\/serbia.com\/#website","url":"https:\/\/serbia.com\/","name":"Serbia.com","description":"Your Gateway to Serbia","potentialAction":[{"@type":"SearchAction","target":{"@type":"EntryPoint","urlTemplate":"https:\/\/serbia.com\/?s={search_term_string}"},"query-input":{"@type":"PropertyValueSpecification","valueRequired":true,"valueName":"search_term_string"}}],"inLanguage":"srpski"},{"@type":"Person","@id":"https:\/\/serbia.com\/#\/schema\/person\/954f6599db4406bd5f2e8384659bdc33","name":"Ivona Lekan","image":{"@type":"ImageObject","inLanguage":"srpski","@id":"https:\/\/secure.gravatar.com\/avatar\/4eba414fa53ccc3824d6c0254e6c3425ccdebeb4c72580208b23386c071b50b2?s=96&d=mm&r=g","url":"https:\/\/secure.gravatar.com\/avatar\/4eba414fa53ccc3824d6c0254e6c3425ccdebeb4c72580208b23386c071b50b2?s=96&d=mm&r=g","contentUrl":"https:\/\/secure.gravatar.com\/avatar\/4eba414fa53ccc3824d6c0254e6c3425ccdebeb4c72580208b23386c071b50b2?s=96&d=mm&r=g","caption":"Ivona Lekan"},"url":"https:\/\/serbia.com\/srpski\/author\/ivondivine\/"}]}},"brizy_media":[],"_links":{"self":[{"href":"https:\/\/serbia.com\/srpski\/wp-json\/wp\/v2\/posts\/60678","targetHints":{"allow":["GET"]}}],"collection":[{"href":"https:\/\/serbia.com\/srpski\/wp-json\/wp\/v2\/posts"}],"about":[{"href":"https:\/\/serbia.com\/srpski\/wp-json\/wp\/v2\/types\/post"}],"author":[{"embeddable":true,"href":"https:\/\/serbia.com\/srpski\/wp-json\/wp\/v2\/users\/27"}],"replies":[{"embeddable":true,"href":"https:\/\/serbia.com\/srpski\/wp-json\/wp\/v2\/comments?post=60678"}],"version-history":[{"count":2,"href":"https:\/\/serbia.com\/srpski\/wp-json\/wp\/v2\/posts\/60678\/revisions"}],"predecessor-version":[{"id":60682,"href":"https:\/\/serbia.com\/srpski\/wp-json\/wp\/v2\/posts\/60678\/revisions\/60682"}],"wp:featuredmedia":[{"embeddable":true,"href":"https:\/\/serbia.com\/srpski\/wp-json\/wp\/v2\/media\/60676"}],"wp:attachment":[{"href":"https:\/\/serbia.com\/srpski\/wp-json\/wp\/v2\/media?parent=60678"}],"wp:term":[{"taxonomy":"category","embeddable":true,"href":"https:\/\/serbia.com\/srpski\/wp-json\/wp\/v2\/categories?post=60678"},{"taxonomy":"post_tag","embeddable":true,"href":"https:\/\/serbia.com\/srpski\/wp-json\/wp\/v2\/tags?post=60678"}],"curies":[{"name":"wp","href":"https:\/\/api.w.org\/{rel}","templated":true}]}}