{"id":59685,"date":"2025-04-22T13:11:49","date_gmt":"2025-04-22T11:11:49","guid":{"rendered":"https:\/\/serbia.com\/?p=59685"},"modified":"2025-04-22T13:11:52","modified_gmt":"2025-04-22T11:11:52","slug":"arhitektonska-cuda-subotice-bajkoviti-grad-svetih-hramova","status":"publish","type":"post","link":"https:\/\/serbia.com\/srpski\/arhitektonska-cuda-subotice-bajkoviti-grad-svetih-hramova\/","title":{"rendered":"Arhitektonska \u010cuda Subotice: Bajkoviti Grad Svetih Hramova"},"content":{"rendered":"\n<p><em>Sme\u0161tena na severu Srbije, blizu granice sa Ma\u0111arskom, Subotica predstavlja \u017eivopisni spoj kultura, boja i arhitektonskih \u010duda. Poznata po jedinstvenoj fuziji ma\u0111arske secesije (Art Nouveau), gotike i neobaroka, Subotica je verovatno najvizuelno o\u010daravaju\u0107i grad u Srbiji.<\/em><\/p>\n\n\n\n<p>Od ukra\u0161enih sinagoga do monumentalnih crkava i razigranih gradskih zgrada, svaka ulica izgleda kao \u0161etnja kroz pa\u017eljivo osmi\u0161ljeni muzej evropskog dizajna.<\/p>\n\n\n\n<h2 class=\"wp-block-heading\"><strong>Suboti\u010dka sinagoga: Dragulj ma\u0111arske secesije<\/strong><\/h2>\n\n\n\n<p>Jedna od najimpresivnijih zgrada u celoj Srbiji je<strong> Suboti\u010dka sinagoga. <\/strong>Zavr\u0161ena 1902. godine, to je <strong>druga najve\u0107a sinagoga u Evropi <\/strong>i remek-delo ma\u0111arskog secesijskog pokreta.<\/p>\n\n\n\n<figure class=\"wp-block-gallery has-nested-images columns-default is-cropped wp-block-gallery-1 is-layout-flex wp-block-gallery-is-layout-flex\">\n<figure class=\"wp-block-image size-large\"><img loading=\"lazy\" decoding=\"async\" width=\"850\" height=\"1280\" data-id=\"59669\" src=\"https:\/\/serbia.com\/wp-content\/uploads\/2025\/04\/pexels-borys-jarzcuk-1275987904-23999403-850x1280.jpg\" alt=\"\" class=\"wp-image-59669\" srcset=\"https:\/\/serbia.com\/wp-content\/uploads\/2025\/04\/pexels-borys-jarzcuk-1275987904-23999403-850x1280.jpg 850w, https:\/\/serbia.com\/wp-content\/uploads\/2025\/04\/pexels-borys-jarzcuk-1275987904-23999403-199x300.jpg 199w, https:\/\/serbia.com\/wp-content\/uploads\/2025\/04\/pexels-borys-jarzcuk-1275987904-23999403-768x1156.jpg 768w, https:\/\/serbia.com\/wp-content\/uploads\/2025\/04\/pexels-borys-jarzcuk-1275987904-23999403-1020x1536.jpg 1020w, https:\/\/serbia.com\/wp-content\/uploads\/2025\/04\/pexels-borys-jarzcuk-1275987904-23999403-1360x2048.jpg 1360w, https:\/\/serbia.com\/wp-content\/uploads\/2025\/04\/pexels-borys-jarzcuk-1275987904-23999403-760x1144.jpg 760w, https:\/\/serbia.com\/wp-content\/uploads\/2025\/04\/pexels-borys-jarzcuk-1275987904-23999403-664x1000.jpg 664w, https:\/\/serbia.com\/wp-content\/uploads\/2025\/04\/pexels-borys-jarzcuk-1275987904-23999403-332x500.jpg 332w, https:\/\/serbia.com\/wp-content\/uploads\/2025\/04\/pexels-borys-jarzcuk-1275987904-23999403-scaled.jpg 1700w\" sizes=\"auto, (max-width: 850px) 100vw, 850px\" \/><figcaption class=\"wp-element-caption\">Suboti\u010dka sinagoga, Photo by Borys Jarzcuk: https:\/\/www.pexels.com\/photo\/synagogue-in-serbia-23999403\/<\/figcaption><\/figure>\n\n\n\n<figure class=\"wp-block-image size-large\"><img loading=\"lazy\" decoding=\"async\" width=\"850\" height=\"1280\" data-id=\"59671\" src=\"https:\/\/serbia.com\/wp-content\/uploads\/2025\/04\/pexels-borys-jarzcuk-1275987904-23999407-850x1280.jpg\" alt=\"\" class=\"wp-image-59671\" srcset=\"https:\/\/serbia.com\/wp-content\/uploads\/2025\/04\/pexels-borys-jarzcuk-1275987904-23999407-850x1280.jpg 850w, https:\/\/serbia.com\/wp-content\/uploads\/2025\/04\/pexels-borys-jarzcuk-1275987904-23999407-199x300.jpg 199w, https:\/\/serbia.com\/wp-content\/uploads\/2025\/04\/pexels-borys-jarzcuk-1275987904-23999407-768x1156.jpg 768w, https:\/\/serbia.com\/wp-content\/uploads\/2025\/04\/pexels-borys-jarzcuk-1275987904-23999407-1020x1536.jpg 1020w, https:\/\/serbia.com\/wp-content\/uploads\/2025\/04\/pexels-borys-jarzcuk-1275987904-23999407-1360x2048.jpg 1360w, https:\/\/serbia.com\/wp-content\/uploads\/2025\/04\/pexels-borys-jarzcuk-1275987904-23999407-760x1144.jpg 760w, https:\/\/serbia.com\/wp-content\/uploads\/2025\/04\/pexels-borys-jarzcuk-1275987904-23999407-664x1000.jpg 664w, https:\/\/serbia.com\/wp-content\/uploads\/2025\/04\/pexels-borys-jarzcuk-1275987904-23999407-332x500.jpg 332w, https:\/\/serbia.com\/wp-content\/uploads\/2025\/04\/pexels-borys-jarzcuk-1275987904-23999407-scaled.jpg 1700w\" sizes=\"auto, (max-width: 850px) 100vw, 850px\" \/><figcaption class=\"wp-element-caption\">Suboti\u010dka sinagoga, Photo by Borys Jarzcuk: https:\/\/www.pexels.com\/photo\/synagogue-in-serbia-23999403\/<\/figcaption><\/figure>\n<\/figure>\n\n\n\n<p><\/p>\n\n\n\n<p>Njena fasada kombinuje crvenu ciglu sa ne\u017eno oblikovanim belim malterom i \u0161arenim Zsolnay kerami\u010dkim plo\u010dicama na kupolama, stvaraju\u0107i bajkovitu estetiku. Mavarski lukovi i cvetni motivi \u010dine je ne samo mestom molitve, ve\u0107 i <strong>sna\u017enim simbolom multikulturalne pro\u0161losti Subotice.<\/strong><\/p>\n\n\n\n<p><strong>Da li ste znali?<\/strong> Unutra\u0161njost sinagoge je jednako zadivljuju\u0107a \u2013 kaleidoskop vitra\u017ea, zlatni detalji i predmeti od fino obra\u0111enog drveta.<\/p>\n\n\n\n<h2 class=\"wp-block-heading\"><strong>Katedrala Svete Tereze Avilske: Barokni sjaj<\/strong><\/h2>\n\n\n\n<p>Veli\u010danstvena<strong> Katedrala Svete Tereze Avilske<\/strong>, ili katoli\u010dka katedrala u Subotici sagra\u0111ena je u 18. veku. Impozantni tornjevi blizanci i bogato ukra\u0161ena fasada odra\u017eavaju eleganciju barokne arhitekture sa suptilnim klasicisti\u010dkim elementima.<\/p>\n\n\n\n<figure class=\"wp-block-gallery has-nested-images columns-default is-cropped wp-block-gallery-2 is-layout-flex wp-block-gallery-is-layout-flex\">\n<figure class=\"wp-block-image size-large\"><img loading=\"lazy\" decoding=\"async\" width=\"850\" height=\"1280\" data-id=\"59679\" src=\"https:\/\/serbia.com\/wp-content\/uploads\/2025\/04\/pexels-borys-jarzcuk-1275987904-23999420-1-1-850x1280.jpg\" alt=\"\" class=\"wp-image-59679\" srcset=\"https:\/\/serbia.com\/wp-content\/uploads\/2025\/04\/pexels-borys-jarzcuk-1275987904-23999420-1-1-850x1280.jpg 850w, https:\/\/serbia.com\/wp-content\/uploads\/2025\/04\/pexels-borys-jarzcuk-1275987904-23999420-1-1-199x300.jpg 199w, https:\/\/serbia.com\/wp-content\/uploads\/2025\/04\/pexels-borys-jarzcuk-1275987904-23999420-1-1-768x1156.jpg 768w, https:\/\/serbia.com\/wp-content\/uploads\/2025\/04\/pexels-borys-jarzcuk-1275987904-23999420-1-1-1020x1536.jpg 1020w, https:\/\/serbia.com\/wp-content\/uploads\/2025\/04\/pexels-borys-jarzcuk-1275987904-23999420-1-1-1360x2048.jpg 1360w, https:\/\/serbia.com\/wp-content\/uploads\/2025\/04\/pexels-borys-jarzcuk-1275987904-23999420-1-1-760x1144.jpg 760w, https:\/\/serbia.com\/wp-content\/uploads\/2025\/04\/pexels-borys-jarzcuk-1275987904-23999420-1-1-664x1000.jpg 664w, https:\/\/serbia.com\/wp-content\/uploads\/2025\/04\/pexels-borys-jarzcuk-1275987904-23999420-1-1-332x500.jpg 332w, https:\/\/serbia.com\/wp-content\/uploads\/2025\/04\/pexels-borys-jarzcuk-1275987904-23999420-1-1-scaled.jpg 1700w\" sizes=\"auto, (max-width: 850px) 100vw, 850px\" \/><figcaption class=\"wp-element-caption\">Katedrala, Photo by Borys Jarzcuk: https:\/\/www.pexels.com\/photo\/two-towers-among-trees-23999400\/<\/figcaption><\/figure>\n\n\n\n<figure class=\"wp-block-image size-large\"><img loading=\"lazy\" decoding=\"async\" width=\"850\" height=\"1280\" data-id=\"59677\" src=\"https:\/\/serbia.com\/wp-content\/uploads\/2025\/04\/pexels-borys-jarzcuk-1275987904-23999400-850x1280.jpg\" alt=\"\" class=\"wp-image-59677\" srcset=\"https:\/\/serbia.com\/wp-content\/uploads\/2025\/04\/pexels-borys-jarzcuk-1275987904-23999400-850x1280.jpg 850w, https:\/\/serbia.com\/wp-content\/uploads\/2025\/04\/pexels-borys-jarzcuk-1275987904-23999400-199x300.jpg 199w, https:\/\/serbia.com\/wp-content\/uploads\/2025\/04\/pexels-borys-jarzcuk-1275987904-23999400-768x1156.jpg 768w, https:\/\/serbia.com\/wp-content\/uploads\/2025\/04\/pexels-borys-jarzcuk-1275987904-23999400-1020x1536.jpg 1020w, https:\/\/serbia.com\/wp-content\/uploads\/2025\/04\/pexels-borys-jarzcuk-1275987904-23999400-1360x2048.jpg 1360w, https:\/\/serbia.com\/wp-content\/uploads\/2025\/04\/pexels-borys-jarzcuk-1275987904-23999400-760x1144.jpg 760w, https:\/\/serbia.com\/wp-content\/uploads\/2025\/04\/pexels-borys-jarzcuk-1275987904-23999400-664x1000.jpg 664w, https:\/\/serbia.com\/wp-content\/uploads\/2025\/04\/pexels-borys-jarzcuk-1275987904-23999400-332x500.jpg 332w, https:\/\/serbia.com\/wp-content\/uploads\/2025\/04\/pexels-borys-jarzcuk-1275987904-23999400-scaled.jpg 1700w\" sizes=\"auto, (max-width: 850px) 100vw, 850px\" \/><figcaption class=\"wp-element-caption\">Katedrala, Photo by Borys Jarzcuk: https:\/\/www.pexels.com\/photo\/two-towers-among-trees-23999400\/<\/figcaption><\/figure>\n<\/figure>\n\n\n\n<p>Crkva nosi ime po \u0161panskoj svetici Terezi Avilskoj i jedna je od <strong>najvi\u0161ih i najveli\u010danstvenijih gra\u0111evina u gradu. <\/strong>Kada zakora\u010dite unutra, do\u010dekuju vas visoki svodovi, klasi\u010dne freske i ose\u0107aj uzvi\u0161ene sve\u010danosti.<\/p>\n\n\n\n<h2 class=\"wp-block-heading\"><strong>Grad koji di\u0161e Art Nouveau<\/strong><\/h2>\n\n\n\n<p>Pored verskih gra\u0111evina,<strong> Subotica je \u017eiva galerija arhitekture u stilu secesije<\/strong>. U centru grada nalaze se brojne zna\u010dajne gra\u0111anske zgrade, kao \u0161to su:<\/p>\n\n\n\n<ul class=\"wp-block-list\">\n<li><strong>Gradska ku\u0107a<\/strong>, sa bajkovitim tornjevima i \u0161arenim kerami\u010dkim plo\u010dicama<\/li>\n\n\n\n<li><strong>Rajhlova palata<\/strong>, danas Galerija savremene umetnosti, nekada porodi\u010dna vila koju je projektovao sam vizionarski arhitekta Ferenc Rajhl<\/li>\n\n\n\n<li><strong>Narodno pozori\u0161te u Subotici<\/strong>, savr\u0161ena harmonija neoklasicizma i secesijske elegancije<\/li>\n<\/ul>\n\n\n\n<p><\/p>\n\n\n\n<figure class=\"wp-block-gallery has-nested-images columns-default is-cropped wp-block-gallery-3 is-layout-flex wp-block-gallery-is-layout-flex\">\n<figure class=\"wp-block-image size-large\"><img loading=\"lazy\" decoding=\"async\" width=\"850\" height=\"1280\" data-id=\"59663\" src=\"https:\/\/serbia.com\/wp-content\/uploads\/2025\/04\/pexels-borys-jarzcuk-1275987904-23999406-850x1280.jpg\" alt=\"\" class=\"wp-image-59663\" srcset=\"https:\/\/serbia.com\/wp-content\/uploads\/2025\/04\/pexels-borys-jarzcuk-1275987904-23999406-850x1280.jpg 850w, https:\/\/serbia.com\/wp-content\/uploads\/2025\/04\/pexels-borys-jarzcuk-1275987904-23999406-199x300.jpg 199w, https:\/\/serbia.com\/wp-content\/uploads\/2025\/04\/pexels-borys-jarzcuk-1275987904-23999406-768x1156.jpg 768w, https:\/\/serbia.com\/wp-content\/uploads\/2025\/04\/pexels-borys-jarzcuk-1275987904-23999406-1020x1536.jpg 1020w, https:\/\/serbia.com\/wp-content\/uploads\/2025\/04\/pexels-borys-jarzcuk-1275987904-23999406-1360x2048.jpg 1360w, https:\/\/serbia.com\/wp-content\/uploads\/2025\/04\/pexels-borys-jarzcuk-1275987904-23999406-760x1144.jpg 760w, https:\/\/serbia.com\/wp-content\/uploads\/2025\/04\/pexels-borys-jarzcuk-1275987904-23999406-664x1000.jpg 664w, https:\/\/serbia.com\/wp-content\/uploads\/2025\/04\/pexels-borys-jarzcuk-1275987904-23999406-332x500.jpg 332w, https:\/\/serbia.com\/wp-content\/uploads\/2025\/04\/pexels-borys-jarzcuk-1275987904-23999406-scaled.jpg 1700w\" sizes=\"auto, (max-width: 850px) 100vw, 850px\" \/><figcaption class=\"wp-element-caption\">Toranj Gradske ku\u0107e, Photo by Borys Jarzcuk: https:\/\/www.pexels.com\/photo\/emblem-of-subotica-city-23999405\/<\/figcaption><\/figure>\n\n\n\n<figure class=\"wp-block-image size-large\"><img loading=\"lazy\" decoding=\"async\" width=\"850\" height=\"1280\" data-id=\"59667\" src=\"https:\/\/serbia.com\/wp-content\/uploads\/2025\/04\/pexels-borys-jarzcuk-1275987904-23999405-850x1280.jpg\" alt=\"\" class=\"wp-image-59667\" srcset=\"https:\/\/serbia.com\/wp-content\/uploads\/2025\/04\/pexels-borys-jarzcuk-1275987904-23999405-850x1280.jpg 850w, https:\/\/serbia.com\/wp-content\/uploads\/2025\/04\/pexels-borys-jarzcuk-1275987904-23999405-199x300.jpg 199w, https:\/\/serbia.com\/wp-content\/uploads\/2025\/04\/pexels-borys-jarzcuk-1275987904-23999405-768x1156.jpg 768w, https:\/\/serbia.com\/wp-content\/uploads\/2025\/04\/pexels-borys-jarzcuk-1275987904-23999405-1020x1536.jpg 1020w, https:\/\/serbia.com\/wp-content\/uploads\/2025\/04\/pexels-borys-jarzcuk-1275987904-23999405-1360x2048.jpg 1360w, https:\/\/serbia.com\/wp-content\/uploads\/2025\/04\/pexels-borys-jarzcuk-1275987904-23999405-760x1144.jpg 760w, https:\/\/serbia.com\/wp-content\/uploads\/2025\/04\/pexels-borys-jarzcuk-1275987904-23999405-664x1000.jpg 664w, https:\/\/serbia.com\/wp-content\/uploads\/2025\/04\/pexels-borys-jarzcuk-1275987904-23999405-332x500.jpg 332w, https:\/\/serbia.com\/wp-content\/uploads\/2025\/04\/pexels-borys-jarzcuk-1275987904-23999405-scaled.jpg 1700w\" sizes=\"auto, (max-width: 850px) 100vw, 850px\" \/><figcaption class=\"wp-element-caption\">Grb grada, Photo by Borys Jarzcuk: https:\/\/www.pexels.com\/photo\/emblem-of-subotica-city-23999405\/<\/figcaption><\/figure>\n<\/figure>\n\n\n\n<p>Razigrana upotreba krivih linija, ukrasne kovanice i asimetri\u010dnih oblika \u010dini da grad deluje i ma\u0161tovito i sofisticirano.<\/p>\n\n\n\n<h2 class=\"wp-block-heading\"><strong>Arhitektonska harmonija u raznolikosti<\/strong><\/h2>\n\n\n\n<p>Arhitektura Subotice direktno odra\u017eava njene multikulturalne korene \u2013 <strong>oblikovana je pod uticajem ma\u0111arske, srpske, hrvatske, jevrejske i bunjeva\u010dke tradicije.<\/strong> Ova kulturna fuzija joj ne daje samo vizuelnu jedinstvenost, ve\u0107 i duboku istorijsku rezonancu.<\/p>\n\n\n\n<figure class=\"wp-block-image size-large\"><img loading=\"lazy\" decoding=\"async\" width=\"1280\" height=\"960\" src=\"https:\/\/serbia.com\/wp-content\/uploads\/2025\/04\/pexels-maciej-momot-2687960-13859716-1280x960.jpg\" alt=\"\" class=\"wp-image-59681\" srcset=\"https:\/\/serbia.com\/wp-content\/uploads\/2025\/04\/pexels-maciej-momot-2687960-13859716-1280x960.jpg 1280w, https:\/\/serbia.com\/wp-content\/uploads\/2025\/04\/pexels-maciej-momot-2687960-13859716-300x225.jpg 300w, https:\/\/serbia.com\/wp-content\/uploads\/2025\/04\/pexels-maciej-momot-2687960-13859716-768x576.jpg 768w, https:\/\/serbia.com\/wp-content\/uploads\/2025\/04\/pexels-maciej-momot-2687960-13859716-1536x1152.jpg 1536w, https:\/\/serbia.com\/wp-content\/uploads\/2025\/04\/pexels-maciej-momot-2687960-13859716-2048x1536.jpg 2048w, https:\/\/serbia.com\/wp-content\/uploads\/2025\/04\/pexels-maciej-momot-2687960-13859716-760x570.jpg 760w, https:\/\/serbia.com\/wp-content\/uploads\/2025\/04\/pexels-maciej-momot-2687960-13859716-1333x1000.jpg 1333w, https:\/\/serbia.com\/wp-content\/uploads\/2025\/04\/pexels-maciej-momot-2687960-13859716-667x500.jpg 667w\" sizes=\"auto, (max-width: 1280px) 100vw, 1280px\" \/><figcaption class=\"wp-element-caption\">Vitra\u017e, Photo by Maciej Momot, https:\/\/www.pexels.com\/@maciej-momot-2687960\/<\/figcaption><\/figure>\n\n\n\n<p>\u0160etaju\u0107i Suboticom, ne gledate samo zgrade \u2013 ve\u0107 do\u017eivljavate pri\u010de ispisane u kamenu, plo\u010dicama i vitra\u017eima.<\/p>\n\n\n\n<h2 class=\"wp-block-heading\"><strong>Planiranje posete<\/strong><\/h2>\n\n\n\n<p>\ud83d\udccd <strong>Gde:<\/strong> Subotica, Vojvodina, severna Srbija<br>\ud83d\udd70\ufe0f <strong>Najbolje vreme za posetu:<\/strong> Prole\u0107e do rane jeseni (april\u2013oktobar)<br>\ud83d\udcf8 <strong>Fotografski savet:<\/strong> Posetite ujutru ili tokom zlatnog sata za najbolje svetlo na kupolama i fasadama<\/p>\n\n\n\n<p>Subotica nije samo grad \u2013 ona je vizuelno ljubavno pismo evropskoj arhitekturi. Bilo da ste ljubitelj umetnosti, istori\u010dar ili putnik \u017eeljan inspiracije, Subotica nudi jedinstveno putovanje kroz vreme, stil i duh.<\/p>\n","protected":false},"excerpt":{"rendered":"<p>Sme\u0161tena na severu Srbije, blizu granice sa Ma\u0111arskom, Subotica predstavlja \u017eivopisni spoj kultura, boja i arhitektonskih \u010duda. Poznata po jedinstvenoj fuziji ma\u0111arske secesije (Art Nouveau), gotike i neobaroka, Subotica je [&hellip;]<\/p>\n","protected":false},"author":27,"featured_media":59683,"comment_status":"open","ping_status":"closed","sticky":false,"template":"","format":"standard","meta":{"_acf_changed":false,"inline_featured_image":false,"_monsterinsights_skip_tracking":false,"_monsterinsights_sitenote_active":false,"_monsterinsights_sitenote_note":"","_monsterinsights_sitenote_category":0,"footnotes":""},"categories":[1672,2846,1662,18],"tags":[],"class_list":["post-59685","post","type-post","status-publish","format-standard","has-post-thumbnail","hentry","category-gradovi","category-istaknuto","category-kulturne-atrakcije-sta-posetiti","category-uncategorized"],"acf":[],"yoast_head":"<!-- This site is optimized with the Yoast SEO plugin v27.4 - https:\/\/yoast.com\/product\/yoast-seo-wordpress\/ -->\n<title>Arhitektonska \u010cuda Subotice: Bajkoviti Grad Svetih Hramova - Serbia.com<\/title>\n<meta name=\"robots\" content=\"index, follow, max-snippet:-1, max-image-preview:large, max-video-preview:-1\" \/>\n<link rel=\"canonical\" href=\"https:\/\/serbia.com\/srpski\/arhitektonska-cuda-subotice-bajkoviti-grad-svetih-hramova\/\" \/>\n<meta property=\"og:locale\" content=\"en_US\" \/>\n<meta property=\"og:type\" content=\"article\" \/>\n<meta property=\"og:title\" content=\"Arhitektonska \u010cuda Subotice: Bajkoviti Grad Svetih Hramova - Serbia.com\" \/>\n<meta property=\"og:description\" content=\"Sme\u0161tena na severu Srbije, blizu granice sa Ma\u0111arskom, Subotica predstavlja \u017eivopisni spoj kultura, boja i arhitektonskih \u010duda. Poznata po jedinstvenoj fuziji ma\u0111arske secesije (Art Nouveau), gotike i neobaroka, Subotica je [&hellip;]\" \/>\n<meta property=\"og:url\" content=\"https:\/\/serbia.com\/srpski\/arhitektonska-cuda-subotice-bajkoviti-grad-svetih-hramova\/\" \/>\n<meta property=\"og:site_name\" content=\"Serbia.com\" \/>\n<meta property=\"article:published_time\" content=\"2025-04-22T11:11:49+00:00\" \/>\n<meta property=\"article:modified_time\" content=\"2025-04-22T11:11:52+00:00\" \/>\n<meta property=\"og:image\" content=\"https:\/\/serbia.com\/wp-content\/uploads\/2025\/04\/Untitled-design-2.jpg\" \/>\n\t<meta property=\"og:image:width\" content=\"1366\" \/>\n\t<meta property=\"og:image:height\" content=\"768\" \/>\n\t<meta property=\"og:image:type\" content=\"image\/jpeg\" \/>\n<meta name=\"author\" content=\"Ivona Lekan\" \/>\n<meta name=\"twitter:label1\" content=\"Written by\" \/>\n\t<meta name=\"twitter:data1\" content=\"Ivona Lekan\" \/>\n\t<meta name=\"twitter:label2\" content=\"Est. reading time\" \/>\n\t<meta name=\"twitter:data2\" content=\"4 minutes\" \/>\n<script type=\"application\/ld+json\" class=\"yoast-schema-graph\">{\"@context\":\"https:\\\/\\\/schema.org\",\"@graph\":[{\"@type\":\"Article\",\"@id\":\"https:\\\/\\\/serbia.com\\\/srpski\\\/arhitektonska-cuda-subotice-bajkoviti-grad-svetih-hramova\\\/#article\",\"isPartOf\":{\"@id\":\"https:\\\/\\\/serbia.com\\\/srpski\\\/arhitektonska-cuda-subotice-bajkoviti-grad-svetih-hramova\\\/\"},\"author\":{\"name\":\"Ivona Lekan\",\"@id\":\"https:\\\/\\\/serbia.com\\\/#\\\/schema\\\/person\\\/954f6599db4406bd5f2e8384659bdc33\"},\"headline\":\"Arhitektonska \u010cuda Subotice: Bajkoviti Grad Svetih Hramova\",\"datePublished\":\"2025-04-22T11:11:49+00:00\",\"dateModified\":\"2025-04-22T11:11:52+00:00\",\"mainEntityOfPage\":{\"@id\":\"https:\\\/\\\/serbia.com\\\/srpski\\\/arhitektonska-cuda-subotice-bajkoviti-grad-svetih-hramova\\\/\"},\"wordCount\":555,\"commentCount\":0,\"image\":{\"@id\":\"https:\\\/\\\/serbia.com\\\/srpski\\\/arhitektonska-cuda-subotice-bajkoviti-grad-svetih-hramova\\\/#primaryimage\"},\"thumbnailUrl\":\"https:\\\/\\\/serbia.com\\\/wp-content\\\/uploads\\\/2025\\\/04\\\/Untitled-design-2.jpg\",\"articleSection\":[\"Gradovi\",\"Istaknuto\",\"Kulturne atrakcije\"],\"inLanguage\":\"srpski\",\"potentialAction\":[{\"@type\":\"CommentAction\",\"name\":\"Comment\",\"target\":[\"https:\\\/\\\/serbia.com\\\/srpski\\\/arhitektonska-cuda-subotice-bajkoviti-grad-svetih-hramova\\\/#respond\"]}]},{\"@type\":\"WebPage\",\"@id\":\"https:\\\/\\\/serbia.com\\\/srpski\\\/arhitektonska-cuda-subotice-bajkoviti-grad-svetih-hramova\\\/\",\"url\":\"https:\\\/\\\/serbia.com\\\/srpski\\\/arhitektonska-cuda-subotice-bajkoviti-grad-svetih-hramova\\\/\",\"name\":\"Arhitektonska \u010cuda Subotice: Bajkoviti Grad Svetih Hramova - Serbia.com\",\"isPartOf\":{\"@id\":\"https:\\\/\\\/serbia.com\\\/#website\"},\"primaryImageOfPage\":{\"@id\":\"https:\\\/\\\/serbia.com\\\/srpski\\\/arhitektonska-cuda-subotice-bajkoviti-grad-svetih-hramova\\\/#primaryimage\"},\"image\":{\"@id\":\"https:\\\/\\\/serbia.com\\\/srpski\\\/arhitektonska-cuda-subotice-bajkoviti-grad-svetih-hramova\\\/#primaryimage\"},\"thumbnailUrl\":\"https:\\\/\\\/serbia.com\\\/wp-content\\\/uploads\\\/2025\\\/04\\\/Untitled-design-2.jpg\",\"datePublished\":\"2025-04-22T11:11:49+00:00\",\"dateModified\":\"2025-04-22T11:11:52+00:00\",\"author\":{\"@id\":\"https:\\\/\\\/serbia.com\\\/#\\\/schema\\\/person\\\/954f6599db4406bd5f2e8384659bdc33\"},\"breadcrumb\":{\"@id\":\"https:\\\/\\\/serbia.com\\\/srpski\\\/arhitektonska-cuda-subotice-bajkoviti-grad-svetih-hramova\\\/#breadcrumb\"},\"inLanguage\":\"srpski\",\"potentialAction\":[{\"@type\":\"ReadAction\",\"target\":[\"https:\\\/\\\/serbia.com\\\/srpski\\\/arhitektonska-cuda-subotice-bajkoviti-grad-svetih-hramova\\\/\"]}]},{\"@type\":\"ImageObject\",\"inLanguage\":\"srpski\",\"@id\":\"https:\\\/\\\/serbia.com\\\/srpski\\\/arhitektonska-cuda-subotice-bajkoviti-grad-svetih-hramova\\\/#primaryimage\",\"url\":\"https:\\\/\\\/serbia.com\\\/wp-content\\\/uploads\\\/2025\\\/04\\\/Untitled-design-2.jpg\",\"contentUrl\":\"https:\\\/\\\/serbia.com\\\/wp-content\\\/uploads\\\/2025\\\/04\\\/Untitled-design-2.jpg\",\"width\":1366,\"height\":768},{\"@type\":\"BreadcrumbList\",\"@id\":\"https:\\\/\\\/serbia.com\\\/srpski\\\/arhitektonska-cuda-subotice-bajkoviti-grad-svetih-hramova\\\/#breadcrumb\",\"itemListElement\":[{\"@type\":\"ListItem\",\"position\":1,\"name\":\"Home\",\"item\":\"https:\\\/\\\/serbia.com\\\/srpski\\\/srbija\\\/\"},{\"@type\":\"ListItem\",\"position\":2,\"name\":\"Arhitektonska \u010cuda Subotice: Bajkoviti Grad Svetih Hramova\"}]},{\"@type\":\"WebSite\",\"@id\":\"https:\\\/\\\/serbia.com\\\/#website\",\"url\":\"https:\\\/\\\/serbia.com\\\/\",\"name\":\"Serbia.com\",\"description\":\"Your Gateway to Serbia\",\"potentialAction\":[{\"@type\":\"SearchAction\",\"target\":{\"@type\":\"EntryPoint\",\"urlTemplate\":\"https:\\\/\\\/serbia.com\\\/?s={search_term_string}\"},\"query-input\":{\"@type\":\"PropertyValueSpecification\",\"valueRequired\":true,\"valueName\":\"search_term_string\"}}],\"inLanguage\":\"srpski\"},{\"@type\":\"Person\",\"@id\":\"https:\\\/\\\/serbia.com\\\/#\\\/schema\\\/person\\\/954f6599db4406bd5f2e8384659bdc33\",\"name\":\"Ivona Lekan\",\"image\":{\"@type\":\"ImageObject\",\"inLanguage\":\"srpski\",\"@id\":\"https:\\\/\\\/secure.gravatar.com\\\/avatar\\\/4eba414fa53ccc3824d6c0254e6c3425ccdebeb4c72580208b23386c071b50b2?s=96&d=mm&r=g\",\"url\":\"https:\\\/\\\/secure.gravatar.com\\\/avatar\\\/4eba414fa53ccc3824d6c0254e6c3425ccdebeb4c72580208b23386c071b50b2?s=96&d=mm&r=g\",\"contentUrl\":\"https:\\\/\\\/secure.gravatar.com\\\/avatar\\\/4eba414fa53ccc3824d6c0254e6c3425ccdebeb4c72580208b23386c071b50b2?s=96&d=mm&r=g\",\"caption\":\"Ivona Lekan\"},\"url\":\"https:\\\/\\\/serbia.com\\\/srpski\\\/author\\\/ivondivine\\\/\"}]}<\/script>\n<!-- \/ Yoast SEO plugin. -->","yoast_head_json":{"title":"Arhitektonska \u010cuda Subotice: Bajkoviti Grad Svetih Hramova - Serbia.com","robots":{"index":"index","follow":"follow","max-snippet":"max-snippet:-1","max-image-preview":"max-image-preview:large","max-video-preview":"max-video-preview:-1"},"canonical":"https:\/\/serbia.com\/srpski\/arhitektonska-cuda-subotice-bajkoviti-grad-svetih-hramova\/","og_locale":"en_US","og_type":"article","og_title":"Arhitektonska \u010cuda Subotice: Bajkoviti Grad Svetih Hramova - Serbia.com","og_description":"Sme\u0161tena na severu Srbije, blizu granice sa Ma\u0111arskom, Subotica predstavlja \u017eivopisni spoj kultura, boja i arhitektonskih \u010duda. Poznata po jedinstvenoj fuziji ma\u0111arske secesije (Art Nouveau), gotike i neobaroka, Subotica je [&hellip;]","og_url":"https:\/\/serbia.com\/srpski\/arhitektonska-cuda-subotice-bajkoviti-grad-svetih-hramova\/","og_site_name":"Serbia.com","article_published_time":"2025-04-22T11:11:49+00:00","article_modified_time":"2025-04-22T11:11:52+00:00","og_image":[{"width":1366,"height":768,"url":"https:\/\/serbia.com\/wp-content\/uploads\/2025\/04\/Untitled-design-2.jpg","type":"image\/jpeg"}],"author":"Ivona Lekan","twitter_misc":{"Written by":"Ivona Lekan","Est. reading time":"4 minutes"},"schema":{"@context":"https:\/\/schema.org","@graph":[{"@type":"Article","@id":"https:\/\/serbia.com\/srpski\/arhitektonska-cuda-subotice-bajkoviti-grad-svetih-hramova\/#article","isPartOf":{"@id":"https:\/\/serbia.com\/srpski\/arhitektonska-cuda-subotice-bajkoviti-grad-svetih-hramova\/"},"author":{"name":"Ivona Lekan","@id":"https:\/\/serbia.com\/#\/schema\/person\/954f6599db4406bd5f2e8384659bdc33"},"headline":"Arhitektonska \u010cuda Subotice: Bajkoviti Grad Svetih Hramova","datePublished":"2025-04-22T11:11:49+00:00","dateModified":"2025-04-22T11:11:52+00:00","mainEntityOfPage":{"@id":"https:\/\/serbia.com\/srpski\/arhitektonska-cuda-subotice-bajkoviti-grad-svetih-hramova\/"},"wordCount":555,"commentCount":0,"image":{"@id":"https:\/\/serbia.com\/srpski\/arhitektonska-cuda-subotice-bajkoviti-grad-svetih-hramova\/#primaryimage"},"thumbnailUrl":"https:\/\/serbia.com\/wp-content\/uploads\/2025\/04\/Untitled-design-2.jpg","articleSection":["Gradovi","Istaknuto","Kulturne atrakcije"],"inLanguage":"srpski","potentialAction":[{"@type":"CommentAction","name":"Comment","target":["https:\/\/serbia.com\/srpski\/arhitektonska-cuda-subotice-bajkoviti-grad-svetih-hramova\/#respond"]}]},{"@type":"WebPage","@id":"https:\/\/serbia.com\/srpski\/arhitektonska-cuda-subotice-bajkoviti-grad-svetih-hramova\/","url":"https:\/\/serbia.com\/srpski\/arhitektonska-cuda-subotice-bajkoviti-grad-svetih-hramova\/","name":"Arhitektonska \u010cuda Subotice: Bajkoviti Grad Svetih Hramova - Serbia.com","isPartOf":{"@id":"https:\/\/serbia.com\/#website"},"primaryImageOfPage":{"@id":"https:\/\/serbia.com\/srpski\/arhitektonska-cuda-subotice-bajkoviti-grad-svetih-hramova\/#primaryimage"},"image":{"@id":"https:\/\/serbia.com\/srpski\/arhitektonska-cuda-subotice-bajkoviti-grad-svetih-hramova\/#primaryimage"},"thumbnailUrl":"https:\/\/serbia.com\/wp-content\/uploads\/2025\/04\/Untitled-design-2.jpg","datePublished":"2025-04-22T11:11:49+00:00","dateModified":"2025-04-22T11:11:52+00:00","author":{"@id":"https:\/\/serbia.com\/#\/schema\/person\/954f6599db4406bd5f2e8384659bdc33"},"breadcrumb":{"@id":"https:\/\/serbia.com\/srpski\/arhitektonska-cuda-subotice-bajkoviti-grad-svetih-hramova\/#breadcrumb"},"inLanguage":"srpski","potentialAction":[{"@type":"ReadAction","target":["https:\/\/serbia.com\/srpski\/arhitektonska-cuda-subotice-bajkoviti-grad-svetih-hramova\/"]}]},{"@type":"ImageObject","inLanguage":"srpski","@id":"https:\/\/serbia.com\/srpski\/arhitektonska-cuda-subotice-bajkoviti-grad-svetih-hramova\/#primaryimage","url":"https:\/\/serbia.com\/wp-content\/uploads\/2025\/04\/Untitled-design-2.jpg","contentUrl":"https:\/\/serbia.com\/wp-content\/uploads\/2025\/04\/Untitled-design-2.jpg","width":1366,"height":768},{"@type":"BreadcrumbList","@id":"https:\/\/serbia.com\/srpski\/arhitektonska-cuda-subotice-bajkoviti-grad-svetih-hramova\/#breadcrumb","itemListElement":[{"@type":"ListItem","position":1,"name":"Home","item":"https:\/\/serbia.com\/srpski\/srbija\/"},{"@type":"ListItem","position":2,"name":"Arhitektonska \u010cuda Subotice: Bajkoviti Grad Svetih Hramova"}]},{"@type":"WebSite","@id":"https:\/\/serbia.com\/#website","url":"https:\/\/serbia.com\/","name":"Serbia.com","description":"Your Gateway to Serbia","potentialAction":[{"@type":"SearchAction","target":{"@type":"EntryPoint","urlTemplate":"https:\/\/serbia.com\/?s={search_term_string}"},"query-input":{"@type":"PropertyValueSpecification","valueRequired":true,"valueName":"search_term_string"}}],"inLanguage":"srpski"},{"@type":"Person","@id":"https:\/\/serbia.com\/#\/schema\/person\/954f6599db4406bd5f2e8384659bdc33","name":"Ivona Lekan","image":{"@type":"ImageObject","inLanguage":"srpski","@id":"https:\/\/secure.gravatar.com\/avatar\/4eba414fa53ccc3824d6c0254e6c3425ccdebeb4c72580208b23386c071b50b2?s=96&d=mm&r=g","url":"https:\/\/secure.gravatar.com\/avatar\/4eba414fa53ccc3824d6c0254e6c3425ccdebeb4c72580208b23386c071b50b2?s=96&d=mm&r=g","contentUrl":"https:\/\/secure.gravatar.com\/avatar\/4eba414fa53ccc3824d6c0254e6c3425ccdebeb4c72580208b23386c071b50b2?s=96&d=mm&r=g","caption":"Ivona Lekan"},"url":"https:\/\/serbia.com\/srpski\/author\/ivondivine\/"}]}},"brizy_media":[],"_links":{"self":[{"href":"https:\/\/serbia.com\/srpski\/wp-json\/wp\/v2\/posts\/59685","targetHints":{"allow":["GET"]}}],"collection":[{"href":"https:\/\/serbia.com\/srpski\/wp-json\/wp\/v2\/posts"}],"about":[{"href":"https:\/\/serbia.com\/srpski\/wp-json\/wp\/v2\/types\/post"}],"author":[{"embeddable":true,"href":"https:\/\/serbia.com\/srpski\/wp-json\/wp\/v2\/users\/27"}],"replies":[{"embeddable":true,"href":"https:\/\/serbia.com\/srpski\/wp-json\/wp\/v2\/comments?post=59685"}],"version-history":[{"count":1,"href":"https:\/\/serbia.com\/srpski\/wp-json\/wp\/v2\/posts\/59685\/revisions"}],"predecessor-version":[{"id":59686,"href":"https:\/\/serbia.com\/srpski\/wp-json\/wp\/v2\/posts\/59685\/revisions\/59686"}],"wp:featuredmedia":[{"embeddable":true,"href":"https:\/\/serbia.com\/srpski\/wp-json\/wp\/v2\/media\/59683"}],"wp:attachment":[{"href":"https:\/\/serbia.com\/srpski\/wp-json\/wp\/v2\/media?parent=59685"}],"wp:term":[{"taxonomy":"category","embeddable":true,"href":"https:\/\/serbia.com\/srpski\/wp-json\/wp\/v2\/categories?post=59685"},{"taxonomy":"post_tag","embeddable":true,"href":"https:\/\/serbia.com\/srpski\/wp-json\/wp\/v2\/tags?post=59685"}],"curies":[{"name":"wp","href":"https:\/\/api.w.org\/{rel}","templated":true}]}}