{"id":59623,"date":"2025-04-19T15:19:12","date_gmt":"2025-04-19T13:19:12","guid":{"rendered":"https:\/\/serbia.com\/?p=59623"},"modified":"2025-04-19T15:19:15","modified_gmt":"2025-04-19T13:19:15","slug":"velika-subota-u-srbiji-drevne-tradicije-i-znacajni-obicaji","status":"publish","type":"post","link":"https:\/\/serbia.com\/srpski\/velika-subota-u-srbiji-drevne-tradicije-i-znacajni-obicaji\/","title":{"rendered":"Velika subota u Srbiji: Drevne tradicije i zna\u010dajni obi\u010daji"},"content":{"rendered":"\n<p><em>Velika subota ima posebno mesto u srpskom pravoslavnom kalendaru. Kao poslednji dan Strasne nedelje, obele\u017eena je tihom nadom, dubokom duhovno\u0161\u0107u i tradicijom koja spaja hri\u0161\u0107ansku simboliku i vekovne narodne obi\u010daje. To je dan koji povezuje tugu Velikog petka sa rado\u0161\u0107u Vaskrsa \u2013 praznika pobede \u017eivota nad smr\u0107u.<\/em><\/p>\n\n\n\n<h2 class=\"wp-block-heading\"><strong>\u0160ta predstavlja Velika subota?<\/strong><\/h2>\n\n\n\n<p>Velika subota je dan kada je, prema hri\u0161\u0107anskom verovanju, Hristos po\u010divao u grobu. U pravoslavnoj tradiciji, ona simbolizuje vreme <strong>ti\u0161ine, o\u010dekivanja i duhovne pripreme<\/strong>. Vernici ga provode u smirenju, i\u0161\u010dekuju\u0107i vaskr\u0161nju radost.<\/p>\n\n\n\n<h2 class=\"wp-block-heading\"><strong>Obi\u010daji i tradicije u Srbiji na Veliku subotu<\/strong><\/h2>\n\n\n\n<h3 class=\"wp-block-heading\"><strong>1. Ti\u0161ina i molitva<\/strong><\/h3>\n\n\n\n<p>Za razliku od drugih prazni\u010dnih dana, Velika subota je obele\u017eena <strong>ti\u0161inom i povu\u010deno\u0161\u0107u<\/strong>. Televizori se retko uklju\u010duju, nema muzike, a glasna okupljanja se izbegavaju. Porodice ovaj dan provode u molitvi, razmi\u0161ljanju i pripremi za Sveto Vaskrsenje.<\/p>\n\n\n\n<h3 class=\"wp-block-heading\"><strong>2. Farbanje jaja \u2013 crveno jaje kao \u010duvarku\u0107a<\/strong><\/h3>\n\n\n\n<p>Iako se ve\u0107ina vaskr\u0161njih jaja farba na Veliki petak, u nekim domovima se <strong>zavr\u0161no ukra\u0161avanje i farbanje jaja<\/strong> nastavlja i na Veliku subotu.<\/p>\n\n\n\n<p>Prvo jaje se uvek farba u <strong>crvenoj boji<\/strong>, kao simbol Hristove krvi i novog \u017eivota. To je \u010duveno <strong>&#8220;\u010duvarku\u0107a jaje&#8221;<\/strong>, koje se \u010duva tokom cele godine radi za\u0161tite doma.<\/p>\n\n\n\n<figure class=\"wp-block-image size-large is-resized\"><img loading=\"lazy\" decoding=\"async\" width=\"1280\" height=\"853\" src=\"https:\/\/serbia.com\/wp-content\/uploads\/2025\/04\/iStock-1471697175-1-1280x853.jpg\" alt=\"\" class=\"wp-image-59605\" style=\"width:842px;height:auto\" srcset=\"https:\/\/serbia.com\/wp-content\/uploads\/2025\/04\/iStock-1471697175-1-1280x853.jpg 1280w, https:\/\/serbia.com\/wp-content\/uploads\/2025\/04\/iStock-1471697175-1-300x200.jpg 300w, https:\/\/serbia.com\/wp-content\/uploads\/2025\/04\/iStock-1471697175-1-768x512.jpg 768w, https:\/\/serbia.com\/wp-content\/uploads\/2025\/04\/iStock-1471697175-1-1536x1024.jpg 1536w, https:\/\/serbia.com\/wp-content\/uploads\/2025\/04\/iStock-1471697175-1-2048x1365.jpg 2048w, https:\/\/serbia.com\/wp-content\/uploads\/2025\/04\/iStock-1471697175-1-760x507.jpg 760w, https:\/\/serbia.com\/wp-content\/uploads\/2025\/04\/iStock-1471697175-1-1500x1000.jpg 1500w, https:\/\/serbia.com\/wp-content\/uploads\/2025\/04\/iStock-1471697175-1-750x500.jpg 750w\" sizes=\"auto, (max-width: 1280px) 100vw, 1280px\" \/><figcaption class=\"wp-element-caption\">Crvena jaja u srpskoj pravoslavnoj crkvi<\/figcaption><\/figure>\n\n\n\n<blockquote class=\"wp-block-quote is-layout-flow wp-block-quote-is-layout-flow\">\n<p>\u2728 <em>Zanimljivost:<\/em> U nekim krajevima Srbije, crveno jaje se zakopava u polje radi plodnosti ili ostavlja u \u0161tali za za\u0161titu stoke.<\/p>\n<\/blockquote>\n\n\n\n<h3 class=\"wp-block-heading\"><strong>3. Priprema za pono\u0107nu liturgiju<\/strong><\/h3>\n\n\n\n<p>Pono\u0107na vaskr\u0161nja liturgija po\u010dinje u no\u0107i izme\u0111u Velike subote i Vaskrsa. Vernici tokom dana pripremaju korpe sa <strong>jajima, hlebom i jagnjetinom<\/strong>, koje nose u crkvu radi blagosiljanja. Ovo je poseban trenutak kada se iz crkve vra\u0107aju sa plamenom <strong>svete vaskr\u0161nje sve\u0107e<\/strong>.<\/p>\n\n\n\n<figure class=\"wp-block-image size-large\"><img loading=\"lazy\" decoding=\"async\" width=\"1280\" height=\"960\" src=\"https:\/\/serbia.com\/wp-content\/uploads\/2025\/04\/Srpska_pravoslavna_crkva_Uspenja_Bogorodice_u_Perlezu_-_ikonostas-1280x960.jpg\" alt=\"\" class=\"wp-image-59617\" srcset=\"https:\/\/serbia.com\/wp-content\/uploads\/2025\/04\/Srpska_pravoslavna_crkva_Uspenja_Bogorodice_u_Perlezu_-_ikonostas-1280x960.jpg 1280w, https:\/\/serbia.com\/wp-content\/uploads\/2025\/04\/Srpska_pravoslavna_crkva_Uspenja_Bogorodice_u_Perlezu_-_ikonostas-300x225.jpg 300w, https:\/\/serbia.com\/wp-content\/uploads\/2025\/04\/Srpska_pravoslavna_crkva_Uspenja_Bogorodice_u_Perlezu_-_ikonostas-768x576.jpg 768w, https:\/\/serbia.com\/wp-content\/uploads\/2025\/04\/Srpska_pravoslavna_crkva_Uspenja_Bogorodice_u_Perlezu_-_ikonostas-1536x1152.jpg 1536w, https:\/\/serbia.com\/wp-content\/uploads\/2025\/04\/Srpska_pravoslavna_crkva_Uspenja_Bogorodice_u_Perlezu_-_ikonostas-760x570.jpg 760w, https:\/\/serbia.com\/wp-content\/uploads\/2025\/04\/Srpska_pravoslavna_crkva_Uspenja_Bogorodice_u_Perlezu_-_ikonostas-1333x1000.jpg 1333w, https:\/\/serbia.com\/wp-content\/uploads\/2025\/04\/Srpska_pravoslavna_crkva_Uspenja_Bogorodice_u_Perlezu_-_ikonostas-667x500.jpg 667w, https:\/\/serbia.com\/wp-content\/uploads\/2025\/04\/Srpska_pravoslavna_crkva_Uspenja_Bogorodice_u_Perlezu_-_ikonostas.jpg 1600w\" sizes=\"auto, (max-width: 1280px) 100vw, 1280px\" \/><figcaption class=\"wp-element-caption\">Srpska pravoslavna crkva u Perlezu, foto: Bojan Koji\u010di\u0107, CC BY-SA 3.0\u00a0<a href=\"https:\/\/creativecommons.org\/licenses\/by-sa\/3.0\">https:\/\/creativecommons.org\/licenses\/by-sa\/3.0<\/a>, via Wikimedia Commons<\/figcaption><\/figure>\n\n\n\n<p>Mnogi se sve\u010dano obla\u010de i po prvi put nakon posta u\u010destvuju u pri\u010de\u0161\u0107u i radosti praznika.<\/p>\n\n\n\n<h3 class=\"wp-block-heading\"><strong>4. Sveti oganj \u2013 simbol svetlosti<\/strong><\/h3>\n\n\n\n<p>U pojedinim crkvama u Srbiji obnavlja se obi\u010daj <strong>dolaska Blagodatnog ognja<\/strong> \u2013 plamena koji dolazi iz Jerusalima, iz Crkve Hristovog groba. Vatra se deli me\u0111u prisutnima, a vernici je nose ku\u0107i, pale kandila i lampe \u2013 kao simbol pobede svetlosti nad tamom.<\/p>\n\n\n\n<h3 class=\"wp-block-heading\"><strong>5. Poslednji dan posta i priprema prazni\u010dne trpeze<\/strong><\/h3>\n\n\n\n<p>Velika subota je <strong>strogi post<\/strong>, \u010desto bez ulja. Ipak, doma\u0107ice u toku dana vredno rade na pripremi <strong>vaskr\u0161nje trpeze<\/strong> \u2013 meso se marinira, pite i kola\u010di peku, a sve se \u010duva za Vaskrs nakon pono\u0107ne liturgije.<\/p>\n\n\n\n<figure class=\"wp-block-image size-large\"><img loading=\"lazy\" decoding=\"async\" width=\"1280\" height=\"853\" src=\"https:\/\/serbia.com\/wp-content\/uploads\/2025\/04\/family-easter-activity-2025-01-09-08-33-55-utc-min-1280x853.jpg\" alt=\"\" class=\"wp-image-59620\" srcset=\"https:\/\/serbia.com\/wp-content\/uploads\/2025\/04\/family-easter-activity-2025-01-09-08-33-55-utc-min-1280x853.jpg 1280w, https:\/\/serbia.com\/wp-content\/uploads\/2025\/04\/family-easter-activity-2025-01-09-08-33-55-utc-min-300x200.jpg 300w, https:\/\/serbia.com\/wp-content\/uploads\/2025\/04\/family-easter-activity-2025-01-09-08-33-55-utc-min-768x512.jpg 768w, https:\/\/serbia.com\/wp-content\/uploads\/2025\/04\/family-easter-activity-2025-01-09-08-33-55-utc-min-1536x1024.jpg 1536w, https:\/\/serbia.com\/wp-content\/uploads\/2025\/04\/family-easter-activity-2025-01-09-08-33-55-utc-min-2048x1365.jpg 2048w, https:\/\/serbia.com\/wp-content\/uploads\/2025\/04\/family-easter-activity-2025-01-09-08-33-55-utc-min-760x507.jpg 760w, https:\/\/serbia.com\/wp-content\/uploads\/2025\/04\/family-easter-activity-2025-01-09-08-33-55-utc-min-1500x1000.jpg 1500w, https:\/\/serbia.com\/wp-content\/uploads\/2025\/04\/family-easter-activity-2025-01-09-08-33-55-utc-min-750x500.jpg 750w\" sizes=\"auto, (max-width: 1280px) 100vw, 1280px\" \/><figcaption class=\"wp-element-caption\">Uskr\u0161nje porodi\u010dne aktivnosti<\/figcaption><\/figure>\n\n\n\n<h3 class=\"wp-block-heading\"><strong>6. \u010ci\u0161\u0107enje doma i du\u0161e<\/strong><\/h3>\n\n\n\n<p>Ovaj dan je poznat i kao <strong>dan \u010di\u0161\u0107enja<\/strong>. Pored duhovnog o\u010di\u0161\u0107enja kroz molitvu i ispovest, doma\u0107ice \u010diste ku\u0107u, menjaju posteljinu, kupaju decu \u2013 sve sa ciljem da se <strong>o\u010disti sve staro i spremi za novi po\u010detak<\/strong> koji donosi Vaskrs.<\/p>\n\n\n\n<h2 class=\"wp-block-heading\"><strong>Narodni obi\u010daji u ruralnim krajevima<\/strong><\/h2>\n\n\n\n<p>U pojedinim selima isto\u010dne i centralne Srbije, Velika subota je pra\u0107ena narodnim verovanjima. U nekim domovima se pale <strong>su\u0161ene travke ili tamjan<\/strong> kako bi se \u201co\u010distila\u201d ku\u0107a od zlih sila. Starije \u017eene \u010desto pripremaju <strong>\u017eito<\/strong> za pokojnike, u znak se\u0107anja na Hristovu smrt i svu preminulu rodbinu.<\/p>\n\n\n\n<p>U Vojvodini je nekada postojao obi\u010daj da deca u ve\u010de Velike subote idu od ku\u0107e do ku\u0107e i uzvikuju: &#8220;<em>Jaje za jaje!<\/em>&#8220;, tra\u017ee\u0107i vaskr\u0161nja jaja i slatki\u0161e.<\/p>\n\n\n\n<h2 class=\"wp-block-heading\"><strong>Dan ti\u0161ine i nade<\/strong><\/h2>\n\n\n\n<p>Velika subota u Srbiji nije samo uvod u Vaskrs, ve\u0107 duboko simboli\u010dan dan u kome se ose\u0107a <strong>ti\u0161ina groba, ali i svetlost nade<\/strong>. To je dan spokoja, razmi\u0161ljanja i porodi\u010dne bliskosti, kada se kroz simbole kao \u0161to su jaje, plamen sve\u0107e ili miris doma\u0107e pite, <strong>najavljuje radost \u017eivota koji pobe\u0111uje smrt<\/strong>.<\/p>\n","protected":false},"excerpt":{"rendered":"<p>Velika subota ima posebno mesto u srpskom pravoslavnom kalendaru. Kao poslednji dan Strasne nedelje, obele\u017eena je tihom nadom, dubokom duhovno\u0161\u0107u i tradicijom koja spaja hri\u0161\u0107ansku simboliku i vekovne narodne obi\u010daje. [&hellip;]<\/p>\n","protected":false},"author":27,"featured_media":59615,"comment_status":"open","ping_status":"closed","sticky":false,"template":"","format":"standard","meta":{"_acf_changed":false,"inline_featured_image":false,"_monsterinsights_skip_tracking":false,"_monsterinsights_sitenote_active":false,"_monsterinsights_sitenote_note":"","_monsterinsights_sitenote_category":0,"footnotes":""},"categories":[973,2846,975],"tags":[],"class_list":["post-59623","post","type-post","status-publish","format-standard","has-post-thumbnail","hentry","category-etno-nasledje","category-istaknuto","category-kultura-otkrijte-srbiju"],"acf":[],"yoast_head":"<!-- This site is optimized with the Yoast SEO plugin v27.4 - https:\/\/yoast.com\/product\/yoast-seo-wordpress\/ -->\n<title>Velika subota u Srbiji: Drevne tradicije i zna\u010dajni obi\u010daji - Serbia.com<\/title>\n<meta name=\"robots\" content=\"index, follow, max-snippet:-1, max-image-preview:large, max-video-preview:-1\" \/>\n<link rel=\"canonical\" href=\"https:\/\/serbia.com\/srpski\/velika-subota-u-srbiji-drevne-tradicije-i-znacajni-obicaji\/\" \/>\n<meta property=\"og:locale\" content=\"en_US\" \/>\n<meta property=\"og:type\" content=\"article\" \/>\n<meta property=\"og:title\" content=\"Velika subota u Srbiji: Drevne tradicije i zna\u010dajni obi\u010daji - Serbia.com\" \/>\n<meta property=\"og:description\" content=\"Velika subota ima posebno mesto u srpskom pravoslavnom kalendaru. Kao poslednji dan Strasne nedelje, obele\u017eena je tihom nadom, dubokom duhovno\u0161\u0107u i tradicijom koja spaja hri\u0161\u0107ansku simboliku i vekovne narodne obi\u010daje. [&hellip;]\" \/>\n<meta property=\"og:url\" content=\"https:\/\/serbia.com\/srpski\/velika-subota-u-srbiji-drevne-tradicije-i-znacajni-obicaji\/\" \/>\n<meta property=\"og:site_name\" content=\"Serbia.com\" \/>\n<meta property=\"article:published_time\" content=\"2025-04-19T13:19:12+00:00\" \/>\n<meta property=\"article:modified_time\" content=\"2025-04-19T13:19:15+00:00\" \/>\n<meta property=\"og:image\" content=\"https:\/\/serbia.com\/wp-content\/uploads\/2025\/04\/Srpska_pravoslavna_crkva_u_Dragutinovu_Novom_Milosevu_-_ikonostas-e1745068229385.jpg\" \/>\n\t<meta property=\"og:image:width\" content=\"1599\" \/>\n\t<meta property=\"og:image:height\" content=\"1066\" \/>\n\t<meta property=\"og:image:type\" content=\"image\/jpeg\" \/>\n<meta name=\"author\" content=\"Ivona Lekan\" \/>\n<meta name=\"twitter:label1\" content=\"Written by\" \/>\n\t<meta name=\"twitter:data1\" content=\"Ivona Lekan\" \/>\n\t<meta name=\"twitter:label2\" content=\"Est. reading time\" \/>\n\t<meta name=\"twitter:data2\" content=\"4 minutes\" \/>\n<script type=\"application\/ld+json\" class=\"yoast-schema-graph\">{\"@context\":\"https:\\\/\\\/schema.org\",\"@graph\":[{\"@type\":\"Article\",\"@id\":\"https:\\\/\\\/serbia.com\\\/srpski\\\/velika-subota-u-srbiji-drevne-tradicije-i-znacajni-obicaji\\\/#article\",\"isPartOf\":{\"@id\":\"https:\\\/\\\/serbia.com\\\/srpski\\\/velika-subota-u-srbiji-drevne-tradicije-i-znacajni-obicaji\\\/\"},\"author\":{\"name\":\"Ivona Lekan\",\"@id\":\"https:\\\/\\\/serbia.com\\\/#\\\/schema\\\/person\\\/954f6599db4406bd5f2e8384659bdc33\"},\"headline\":\"Velika subota u Srbiji: Drevne tradicije i zna\u010dajni obi\u010daji\",\"datePublished\":\"2025-04-19T13:19:12+00:00\",\"dateModified\":\"2025-04-19T13:19:15+00:00\",\"mainEntityOfPage\":{\"@id\":\"https:\\\/\\\/serbia.com\\\/srpski\\\/velika-subota-u-srbiji-drevne-tradicije-i-znacajni-obicaji\\\/\"},\"wordCount\":656,\"commentCount\":0,\"image\":{\"@id\":\"https:\\\/\\\/serbia.com\\\/srpski\\\/velika-subota-u-srbiji-drevne-tradicije-i-znacajni-obicaji\\\/#primaryimage\"},\"thumbnailUrl\":\"https:\\\/\\\/serbia.com\\\/wp-content\\\/uploads\\\/2025\\\/04\\\/Srpska_pravoslavna_crkva_u_Dragutinovu_Novom_Milosevu_-_ikonostas-e1745068229385.jpg\",\"articleSection\":[\"Etno nasle\u0111e\",\"Istaknuto\",\"Kultura\"],\"inLanguage\":\"srpski\",\"potentialAction\":[{\"@type\":\"CommentAction\",\"name\":\"Comment\",\"target\":[\"https:\\\/\\\/serbia.com\\\/srpski\\\/velika-subota-u-srbiji-drevne-tradicije-i-znacajni-obicaji\\\/#respond\"]}]},{\"@type\":\"WebPage\",\"@id\":\"https:\\\/\\\/serbia.com\\\/srpski\\\/velika-subota-u-srbiji-drevne-tradicije-i-znacajni-obicaji\\\/\",\"url\":\"https:\\\/\\\/serbia.com\\\/srpski\\\/velika-subota-u-srbiji-drevne-tradicije-i-znacajni-obicaji\\\/\",\"name\":\"Velika subota u Srbiji: Drevne tradicije i zna\u010dajni obi\u010daji - Serbia.com\",\"isPartOf\":{\"@id\":\"https:\\\/\\\/serbia.com\\\/#website\"},\"primaryImageOfPage\":{\"@id\":\"https:\\\/\\\/serbia.com\\\/srpski\\\/velika-subota-u-srbiji-drevne-tradicije-i-znacajni-obicaji\\\/#primaryimage\"},\"image\":{\"@id\":\"https:\\\/\\\/serbia.com\\\/srpski\\\/velika-subota-u-srbiji-drevne-tradicije-i-znacajni-obicaji\\\/#primaryimage\"},\"thumbnailUrl\":\"https:\\\/\\\/serbia.com\\\/wp-content\\\/uploads\\\/2025\\\/04\\\/Srpska_pravoslavna_crkva_u_Dragutinovu_Novom_Milosevu_-_ikonostas-e1745068229385.jpg\",\"datePublished\":\"2025-04-19T13:19:12+00:00\",\"dateModified\":\"2025-04-19T13:19:15+00:00\",\"author\":{\"@id\":\"https:\\\/\\\/serbia.com\\\/#\\\/schema\\\/person\\\/954f6599db4406bd5f2e8384659bdc33\"},\"breadcrumb\":{\"@id\":\"https:\\\/\\\/serbia.com\\\/srpski\\\/velika-subota-u-srbiji-drevne-tradicije-i-znacajni-obicaji\\\/#breadcrumb\"},\"inLanguage\":\"srpski\",\"potentialAction\":[{\"@type\":\"ReadAction\",\"target\":[\"https:\\\/\\\/serbia.com\\\/srpski\\\/velika-subota-u-srbiji-drevne-tradicije-i-znacajni-obicaji\\\/\"]}]},{\"@type\":\"ImageObject\",\"inLanguage\":\"srpski\",\"@id\":\"https:\\\/\\\/serbia.com\\\/srpski\\\/velika-subota-u-srbiji-drevne-tradicije-i-znacajni-obicaji\\\/#primaryimage\",\"url\":\"https:\\\/\\\/serbia.com\\\/wp-content\\\/uploads\\\/2025\\\/04\\\/Srpska_pravoslavna_crkva_u_Dragutinovu_Novom_Milosevu_-_ikonostas-e1745068229385.jpg\",\"contentUrl\":\"https:\\\/\\\/serbia.com\\\/wp-content\\\/uploads\\\/2025\\\/04\\\/Srpska_pravoslavna_crkva_u_Dragutinovu_Novom_Milosevu_-_ikonostas-e1745068229385.jpg\",\"width\":1599,\"height\":1066},{\"@type\":\"BreadcrumbList\",\"@id\":\"https:\\\/\\\/serbia.com\\\/srpski\\\/velika-subota-u-srbiji-drevne-tradicije-i-znacajni-obicaji\\\/#breadcrumb\",\"itemListElement\":[{\"@type\":\"ListItem\",\"position\":1,\"name\":\"Home\",\"item\":\"https:\\\/\\\/serbia.com\\\/srpski\\\/srbija\\\/\"},{\"@type\":\"ListItem\",\"position\":2,\"name\":\"Velika subota u Srbiji: Drevne tradicije i zna\u010dajni obi\u010daji\"}]},{\"@type\":\"WebSite\",\"@id\":\"https:\\\/\\\/serbia.com\\\/#website\",\"url\":\"https:\\\/\\\/serbia.com\\\/\",\"name\":\"Serbia.com\",\"description\":\"Your Gateway to Serbia\",\"potentialAction\":[{\"@type\":\"SearchAction\",\"target\":{\"@type\":\"EntryPoint\",\"urlTemplate\":\"https:\\\/\\\/serbia.com\\\/?s={search_term_string}\"},\"query-input\":{\"@type\":\"PropertyValueSpecification\",\"valueRequired\":true,\"valueName\":\"search_term_string\"}}],\"inLanguage\":\"srpski\"},{\"@type\":\"Person\",\"@id\":\"https:\\\/\\\/serbia.com\\\/#\\\/schema\\\/person\\\/954f6599db4406bd5f2e8384659bdc33\",\"name\":\"Ivona Lekan\",\"image\":{\"@type\":\"ImageObject\",\"inLanguage\":\"srpski\",\"@id\":\"https:\\\/\\\/secure.gravatar.com\\\/avatar\\\/4eba414fa53ccc3824d6c0254e6c3425ccdebeb4c72580208b23386c071b50b2?s=96&d=mm&r=g\",\"url\":\"https:\\\/\\\/secure.gravatar.com\\\/avatar\\\/4eba414fa53ccc3824d6c0254e6c3425ccdebeb4c72580208b23386c071b50b2?s=96&d=mm&r=g\",\"contentUrl\":\"https:\\\/\\\/secure.gravatar.com\\\/avatar\\\/4eba414fa53ccc3824d6c0254e6c3425ccdebeb4c72580208b23386c071b50b2?s=96&d=mm&r=g\",\"caption\":\"Ivona Lekan\"},\"url\":\"https:\\\/\\\/serbia.com\\\/srpski\\\/author\\\/ivondivine\\\/\"}]}<\/script>\n<!-- \/ Yoast SEO plugin. -->","yoast_head_json":{"title":"Velika subota u Srbiji: Drevne tradicije i zna\u010dajni obi\u010daji - Serbia.com","robots":{"index":"index","follow":"follow","max-snippet":"max-snippet:-1","max-image-preview":"max-image-preview:large","max-video-preview":"max-video-preview:-1"},"canonical":"https:\/\/serbia.com\/srpski\/velika-subota-u-srbiji-drevne-tradicije-i-znacajni-obicaji\/","og_locale":"en_US","og_type":"article","og_title":"Velika subota u Srbiji: Drevne tradicije i zna\u010dajni obi\u010daji - Serbia.com","og_description":"Velika subota ima posebno mesto u srpskom pravoslavnom kalendaru. Kao poslednji dan Strasne nedelje, obele\u017eena je tihom nadom, dubokom duhovno\u0161\u0107u i tradicijom koja spaja hri\u0161\u0107ansku simboliku i vekovne narodne obi\u010daje. [&hellip;]","og_url":"https:\/\/serbia.com\/srpski\/velika-subota-u-srbiji-drevne-tradicije-i-znacajni-obicaji\/","og_site_name":"Serbia.com","article_published_time":"2025-04-19T13:19:12+00:00","article_modified_time":"2025-04-19T13:19:15+00:00","og_image":[{"width":1599,"height":1066,"url":"https:\/\/serbia.com\/wp-content\/uploads\/2025\/04\/Srpska_pravoslavna_crkva_u_Dragutinovu_Novom_Milosevu_-_ikonostas-e1745068229385.jpg","type":"image\/jpeg"}],"author":"Ivona Lekan","twitter_misc":{"Written by":"Ivona Lekan","Est. reading time":"4 minutes"},"schema":{"@context":"https:\/\/schema.org","@graph":[{"@type":"Article","@id":"https:\/\/serbia.com\/srpski\/velika-subota-u-srbiji-drevne-tradicije-i-znacajni-obicaji\/#article","isPartOf":{"@id":"https:\/\/serbia.com\/srpski\/velika-subota-u-srbiji-drevne-tradicije-i-znacajni-obicaji\/"},"author":{"name":"Ivona Lekan","@id":"https:\/\/serbia.com\/#\/schema\/person\/954f6599db4406bd5f2e8384659bdc33"},"headline":"Velika subota u Srbiji: Drevne tradicije i zna\u010dajni obi\u010daji","datePublished":"2025-04-19T13:19:12+00:00","dateModified":"2025-04-19T13:19:15+00:00","mainEntityOfPage":{"@id":"https:\/\/serbia.com\/srpski\/velika-subota-u-srbiji-drevne-tradicije-i-znacajni-obicaji\/"},"wordCount":656,"commentCount":0,"image":{"@id":"https:\/\/serbia.com\/srpski\/velika-subota-u-srbiji-drevne-tradicije-i-znacajni-obicaji\/#primaryimage"},"thumbnailUrl":"https:\/\/serbia.com\/wp-content\/uploads\/2025\/04\/Srpska_pravoslavna_crkva_u_Dragutinovu_Novom_Milosevu_-_ikonostas-e1745068229385.jpg","articleSection":["Etno nasle\u0111e","Istaknuto","Kultura"],"inLanguage":"srpski","potentialAction":[{"@type":"CommentAction","name":"Comment","target":["https:\/\/serbia.com\/srpski\/velika-subota-u-srbiji-drevne-tradicije-i-znacajni-obicaji\/#respond"]}]},{"@type":"WebPage","@id":"https:\/\/serbia.com\/srpski\/velika-subota-u-srbiji-drevne-tradicije-i-znacajni-obicaji\/","url":"https:\/\/serbia.com\/srpski\/velika-subota-u-srbiji-drevne-tradicije-i-znacajni-obicaji\/","name":"Velika subota u Srbiji: Drevne tradicije i zna\u010dajni obi\u010daji - Serbia.com","isPartOf":{"@id":"https:\/\/serbia.com\/#website"},"primaryImageOfPage":{"@id":"https:\/\/serbia.com\/srpski\/velika-subota-u-srbiji-drevne-tradicije-i-znacajni-obicaji\/#primaryimage"},"image":{"@id":"https:\/\/serbia.com\/srpski\/velika-subota-u-srbiji-drevne-tradicije-i-znacajni-obicaji\/#primaryimage"},"thumbnailUrl":"https:\/\/serbia.com\/wp-content\/uploads\/2025\/04\/Srpska_pravoslavna_crkva_u_Dragutinovu_Novom_Milosevu_-_ikonostas-e1745068229385.jpg","datePublished":"2025-04-19T13:19:12+00:00","dateModified":"2025-04-19T13:19:15+00:00","author":{"@id":"https:\/\/serbia.com\/#\/schema\/person\/954f6599db4406bd5f2e8384659bdc33"},"breadcrumb":{"@id":"https:\/\/serbia.com\/srpski\/velika-subota-u-srbiji-drevne-tradicije-i-znacajni-obicaji\/#breadcrumb"},"inLanguage":"srpski","potentialAction":[{"@type":"ReadAction","target":["https:\/\/serbia.com\/srpski\/velika-subota-u-srbiji-drevne-tradicije-i-znacajni-obicaji\/"]}]},{"@type":"ImageObject","inLanguage":"srpski","@id":"https:\/\/serbia.com\/srpski\/velika-subota-u-srbiji-drevne-tradicije-i-znacajni-obicaji\/#primaryimage","url":"https:\/\/serbia.com\/wp-content\/uploads\/2025\/04\/Srpska_pravoslavna_crkva_u_Dragutinovu_Novom_Milosevu_-_ikonostas-e1745068229385.jpg","contentUrl":"https:\/\/serbia.com\/wp-content\/uploads\/2025\/04\/Srpska_pravoslavna_crkva_u_Dragutinovu_Novom_Milosevu_-_ikonostas-e1745068229385.jpg","width":1599,"height":1066},{"@type":"BreadcrumbList","@id":"https:\/\/serbia.com\/srpski\/velika-subota-u-srbiji-drevne-tradicije-i-znacajni-obicaji\/#breadcrumb","itemListElement":[{"@type":"ListItem","position":1,"name":"Home","item":"https:\/\/serbia.com\/srpski\/srbija\/"},{"@type":"ListItem","position":2,"name":"Velika subota u Srbiji: Drevne tradicije i zna\u010dajni obi\u010daji"}]},{"@type":"WebSite","@id":"https:\/\/serbia.com\/#website","url":"https:\/\/serbia.com\/","name":"Serbia.com","description":"Your Gateway to Serbia","potentialAction":[{"@type":"SearchAction","target":{"@type":"EntryPoint","urlTemplate":"https:\/\/serbia.com\/?s={search_term_string}"},"query-input":{"@type":"PropertyValueSpecification","valueRequired":true,"valueName":"search_term_string"}}],"inLanguage":"srpski"},{"@type":"Person","@id":"https:\/\/serbia.com\/#\/schema\/person\/954f6599db4406bd5f2e8384659bdc33","name":"Ivona Lekan","image":{"@type":"ImageObject","inLanguage":"srpski","@id":"https:\/\/secure.gravatar.com\/avatar\/4eba414fa53ccc3824d6c0254e6c3425ccdebeb4c72580208b23386c071b50b2?s=96&d=mm&r=g","url":"https:\/\/secure.gravatar.com\/avatar\/4eba414fa53ccc3824d6c0254e6c3425ccdebeb4c72580208b23386c071b50b2?s=96&d=mm&r=g","contentUrl":"https:\/\/secure.gravatar.com\/avatar\/4eba414fa53ccc3824d6c0254e6c3425ccdebeb4c72580208b23386c071b50b2?s=96&d=mm&r=g","caption":"Ivona Lekan"},"url":"https:\/\/serbia.com\/srpski\/author\/ivondivine\/"}]}},"brizy_media":[],"_links":{"self":[{"href":"https:\/\/serbia.com\/srpski\/wp-json\/wp\/v2\/posts\/59623","targetHints":{"allow":["GET"]}}],"collection":[{"href":"https:\/\/serbia.com\/srpski\/wp-json\/wp\/v2\/posts"}],"about":[{"href":"https:\/\/serbia.com\/srpski\/wp-json\/wp\/v2\/types\/post"}],"author":[{"embeddable":true,"href":"https:\/\/serbia.com\/srpski\/wp-json\/wp\/v2\/users\/27"}],"replies":[{"embeddable":true,"href":"https:\/\/serbia.com\/srpski\/wp-json\/wp\/v2\/comments?post=59623"}],"version-history":[{"count":1,"href":"https:\/\/serbia.com\/srpski\/wp-json\/wp\/v2\/posts\/59623\/revisions"}],"predecessor-version":[{"id":59624,"href":"https:\/\/serbia.com\/srpski\/wp-json\/wp\/v2\/posts\/59623\/revisions\/59624"}],"wp:featuredmedia":[{"embeddable":true,"href":"https:\/\/serbia.com\/srpski\/wp-json\/wp\/v2\/media\/59615"}],"wp:attachment":[{"href":"https:\/\/serbia.com\/srpski\/wp-json\/wp\/v2\/media?parent=59623"}],"wp:term":[{"taxonomy":"category","embeddable":true,"href":"https:\/\/serbia.com\/srpski\/wp-json\/wp\/v2\/categories?post=59623"},{"taxonomy":"post_tag","embeddable":true,"href":"https:\/\/serbia.com\/srpski\/wp-json\/wp\/v2\/tags?post=59623"}],"curies":[{"name":"wp","href":"https:\/\/api.w.org\/{rel}","templated":true}]}}