{"id":57607,"date":"2025-01-10T11:02:06","date_gmt":"2025-01-10T10:02:06","guid":{"rendered":"https:\/\/serbia.com\/?p=57607"},"modified":"2025-01-10T11:04:34","modified_gmt":"2025-01-10T10:04:34","slug":"kako-je-grb-srpske-kraljevske-porodice-postao-simbol-na-cartier-radnjama","status":"publish","type":"post","link":"https:\/\/serbia.com\/srpski\/kako-je-grb-srpske-kraljevske-porodice-postao-simbol-na-cartier-radnjama\/","title":{"rendered":"Kako je grb srpske kraljevske porodice postao simbol na Cartier radnjama"},"content":{"rendered":"\n<p><em>Da li ste znali da \u010duvene <strong>Cartier<\/strong> prodavnice \u0161irom sveta, uklju\u010duju\u0107i i svoju ikoni\u010dnu radnju u Parizu, ponosno isti\u010du <strong>srpski kraljevski grb<\/strong>? Ova tradicija, koja traje gotovo sto godina, simbolizuje duboku istorijsku povezanost izme\u0111u presti\u017enog francuskog brenda i evropskih kraljevskih porodica.<\/em><\/p>\n\n\n\n<h2 class=\"wp-block-heading\"><strong>Kraljevski Grb Kara\u0111or\u0111evi\u0107a na Cartier Radnjama<\/strong><\/h2>\n\n\n\n<p>Cartier, poznat po izuzetnoj izradi i povezanosti sa kraljevskim porodicama, ve\u0107 dugo koristi grbove kraljevskih porodica \u010dijim je \u010dlanovima dostavljao nakit. Ova tradicija datira iz otprilike pre stotinu godina, kada su kraljevske porodice iz cele Evrope tra\u017eile usluge Cartiera.<\/p>\n\n\n\n<p>Jedan od tih kraljevskih grbova, koji se isti\u010de, jeste onaj <strong>porodice Kara\u0111or\u0111evi\u0107<\/strong>, srpske kraljevske porodice. Poznat primer ovog grba mo\u017ee se videti na <strong>Cartier radnji<\/strong> na <strong>francuskoj rivijeri<\/strong>, ta\u010dnije u <strong>Kanu<\/strong>, gde se na fasadi prodavnice ponosno isti\u010de grb <strong>kralja Petra I Kara\u0111or\u0111evi\u0107a<\/strong>. Ovaj grb, koji je bio u zvani\u010dnoj upotrebi izme\u0111u 1903. i 1919. godine, simbolizuje istorijsku vezu izme\u0111u Cartiera i dinastije Kara\u0111or\u0111evi\u0107a.<\/p>\n\n\n\n<p>Pri\u010da o ovom grbu na fasadi Cartiera dolazi iz vremena kada je porodica Kara\u0111or\u0111evi\u0107 bila u slu\u017ebenoj vezi sa ovim presti\u017enim brendom. Cartier je tada bio <strong>slu\u017ebeno ovla\u0161\u0107en<\/strong> da snabdeva nakitom nekoliko kraljevskih porodica \u0161irom Evrope, a kao znak zahvalnosti, bila im je dozvoljena upotreba grbova tih porodica na njihovim radnjama.<\/p>\n\n\n\n<h2 class=\"wp-block-heading\"><strong>Povezanost Cartiera i Srpske Kraljevske Porodice<\/strong><\/h2>\n\n\n\n<p>U periodu kada je <strong>Srbija<\/strong> bila u ekonomskom oporavku nakon velikih nesre\u0107a, povezanost Kara\u0111or\u0111evi\u0107a sa Cartierom stajala je kao simbol njihove kraljevske mo\u0107i. Ova veza omogu\u0107ila je Cartieru da se pozicionira kao zvani\u010dni snabdeva\u010d srpske kraljevske porodice, kao i drugih presti\u017enih evropskih monarhija.<\/p>\n\n\n\n<p>Veza izme\u0111u Cartiera i srpske kraljevske porodice nije samo ostatak pro\u0161lih vremena, ve\u0107 i refleksija kulturnih i diplomatskih veza izme\u0111u Srbije i Francuske. Dve kraljevske porodice bile su ujedinjene kroz vrhunske zanatske ve\u0161tine, a ova saradnja slavi se prikazivanjem grba Kara\u0111or\u0111evi\u0107a na Cartierovim radnjama.<\/p>\n\n\n\n<h2 class=\"wp-block-heading\"><strong>Simbol Po\u0161tovanja i Tradicije<\/strong><\/h2>\n\n\n\n<p>Iako se <strong>grb Kara\u0111or\u0111evi\u0107a<\/strong> na Cartierovim radnjama mo\u017ee \u010diniti kao sitan detalj, on nosi zna\u010dajnu istorijsku te\u017einu. Praksa prikazivanja kraljevskih grbova na fasadama prodavnica Cartiera predstavlja <strong>simbol presti\u017ea<\/strong>\u2014to je znak da je Cartier bio prepoznat kao <strong>izbor kraljevskih porodica<\/strong> za nabavku nakita. Za Srbiju, ova veza sa Cartierom podse\u0107a na ulogu <strong>dinastije Kara\u0111or\u0111evi\u0107<\/strong> u evropskim kraljevskim krugovima i podse\u0107a na period kada je porodica bila me\u0111unarodno prepoznata i po\u0161tovana.<\/p>\n\n\n\n<p>Prisutnost ovog grba na Cartierovim radnjama mo\u017ee se smatrati kao oma\u017e srpskom <strong>kraljevskom nasle\u0111u<\/strong> i podse\u0107anje na vreme kada je porodica Kara\u0111or\u0111evi\u0107 bila cenjena i po\u0161tovana \u0161irom Evrope.<\/p>\n\n\n\n<h2 class=\"wp-block-heading\"><strong>Globalno Prisustvo Srpskog Grba<\/strong><\/h2>\n\n\n\n<p>Iako mo\u017eda mislite da \u0107ete grb Kara\u0111or\u0111evi\u0107a videti samo na Cartier radnjama u Evropi, zanimljivo je da je on prisutan i u udaljenim krajevima sveta. Na primer, ovaj grb mo\u017ee se prona\u0107i na Cartier radnji u <strong>Denpasaru<\/strong>, na Baliju, \u0161to pokazuje koliko je uticaj srpske kraljevske porodice pro\u0161ao daleko van granica Evrope.<\/p>\n\n\n\n<h2 class=\"wp-block-heading\"><strong>Kraljevsko Nasle\u0111e Cartiera Danas<\/strong><\/h2>\n\n\n\n<p>Pored istorijskog odnosa sa <strong>porodicom Kara\u0111or\u0111evi\u0107<\/strong>, Cartier danas nastavlja da slavi kraljevske porodice \u0161irom sveta. Najpoznatiji primer je <strong>britanska kraljevska porodica<\/strong> i <strong>princ od Velsa<\/strong>, koji su postali zvani\u010dni partneri brenda. Ovo visokopresti\u017eno partnerstvo dodaje na ugled i reputaciju Cartiera kao <strong>pouzdanog snabdeva\u010da kraljevskih dragulja<\/strong>. Upotreba kraljevskih grbova kao oblik priznanja nastavlja da potvr\u0111uje posve\u0107enost Cartiera odr\u017eavanju najvi\u0161ih standarda u izradi nakita.<\/p>\n\n\n\n<h2 class=\"wp-block-heading\"><strong>Zaklju\u010dak: Deo Kraljevske Istorije Na Svakoj Cartier Radnji<\/strong><\/h2>\n\n\n\n<p>Prisutnost srpskog kraljevskog grba na Cartier radnjama nije samo dekorativni detalj, ve\u0107 <strong>simbol istorije<\/strong>. Ona predstavlja jedinstvenu vezu izme\u0111u <strong>francuskog brenda<\/strong> i <strong>evropskih kraljevskih porodica<\/strong>, sa porodicom Kara\u0111or\u0111evi\u0107 koja igra zna\u010dajnu ulogu u toj pri\u010di. Kada slede\u0107i put budete divili se Cartierovim vrhunskim kreacijama, setite se da iza tih dragulja stoji fascinantna pri\u010da o <strong>srpskoj istoriji<\/strong>, <strong>kraljevima<\/strong> i <strong>me\u0111unarodnoj presti\u017eu<\/strong> koja traje ve\u0107 vi\u0161e od jednog veka.<\/p>\n","protected":false},"excerpt":{"rendered":"<p>Da li ste znali da \u010duvene Cartier prodavnice \u0161irom sveta, uklju\u010duju\u0107i i svoju ikoni\u010dnu radnju u Parizu, ponosno isti\u010du srpski kraljevski grb? Ova tradicija, koja traje gotovo sto godina, simbolizuje [&hellip;]<\/p>\n","protected":false},"author":27,"featured_media":57602,"comment_status":"open","ping_status":"closed","sticky":false,"template":"","format":"standard","meta":{"_acf_changed":false,"inline_featured_image":false,"_monsterinsights_skip_tracking":false,"_monsterinsights_sitenote_active":false,"_monsterinsights_sitenote_note":"","_monsterinsights_sitenote_category":0,"footnotes":""},"categories":[1643,2846,1639,18],"tags":[],"class_list":["post-57607","post","type-post","status-publish","format-standard","has-post-thumbnail","hentry","category-da-li-ste-vec-znali","category-istaknuto","category-istorija-kultura-otkrijte-srbiju","category-uncategorized"],"acf":[],"yoast_head":"<!-- This site is optimized with the Yoast SEO plugin v27.4 - https:\/\/yoast.com\/product\/yoast-seo-wordpress\/ -->\n<title>Kako je grb srpske kraljevske porodice postao simbol na Cartier radnjama - Serbia.com<\/title>\n<meta name=\"robots\" content=\"index, follow, max-snippet:-1, max-image-preview:large, max-video-preview:-1\" \/>\n<link rel=\"canonical\" href=\"https:\/\/serbia.com\/srpski\/kako-je-grb-srpske-kraljevske-porodice-postao-simbol-na-cartier-radnjama\/\" \/>\n<meta property=\"og:locale\" content=\"en_US\" \/>\n<meta property=\"og:type\" content=\"article\" \/>\n<meta property=\"og:title\" content=\"Kako je grb srpske kraljevske porodice postao simbol na Cartier radnjama - Serbia.com\" \/>\n<meta property=\"og:description\" content=\"Da li ste znali da \u010duvene Cartier prodavnice \u0161irom sveta, uklju\u010duju\u0107i i svoju ikoni\u010dnu radnju u Parizu, ponosno isti\u010du srpski kraljevski grb? Ova tradicija, koja traje gotovo sto godina, simbolizuje [&hellip;]\" \/>\n<meta property=\"og:url\" content=\"https:\/\/serbia.com\/srpski\/kako-je-grb-srpske-kraljevske-porodice-postao-simbol-na-cartier-radnjama\/\" \/>\n<meta property=\"og:site_name\" content=\"Serbia.com\" \/>\n<meta property=\"article:published_time\" content=\"2025-01-10T10:02:06+00:00\" \/>\n<meta property=\"article:modified_time\" content=\"2025-01-10T10:04:34+00:00\" \/>\n<meta property=\"og:image\" content=\"https:\/\/serbia.com\/wp-content\/uploads\/2025\/01\/7-Historical-Landmarks-That-Tell-Serbias-Story-e1736502692315.jpg\" \/>\n\t<meta property=\"og:image:width\" content=\"1366\" \/>\n\t<meta property=\"og:image:height\" content=\"768\" \/>\n\t<meta property=\"og:image:type\" content=\"image\/jpeg\" \/>\n<meta name=\"author\" content=\"Ivona Lekan\" \/>\n<meta name=\"twitter:label1\" content=\"Written by\" \/>\n\t<meta name=\"twitter:data1\" content=\"Ivona Lekan\" \/>\n\t<meta name=\"twitter:label2\" content=\"Est. reading time\" \/>\n\t<meta name=\"twitter:data2\" content=\"3 minutes\" \/>\n<script type=\"application\/ld+json\" class=\"yoast-schema-graph\">{\"@context\":\"https:\\\/\\\/schema.org\",\"@graph\":[{\"@type\":\"Article\",\"@id\":\"https:\\\/\\\/serbia.com\\\/srpski\\\/kako-je-grb-srpske-kraljevske-porodice-postao-simbol-na-cartier-radnjama\\\/#article\",\"isPartOf\":{\"@id\":\"https:\\\/\\\/serbia.com\\\/srpski\\\/kako-je-grb-srpske-kraljevske-porodice-postao-simbol-na-cartier-radnjama\\\/\"},\"author\":{\"name\":\"Ivona Lekan\",\"@id\":\"https:\\\/\\\/serbia.com\\\/#\\\/schema\\\/person\\\/954f6599db4406bd5f2e8384659bdc33\"},\"headline\":\"Kako je grb srpske kraljevske porodice postao simbol na Cartier radnjama\",\"datePublished\":\"2025-01-10T10:02:06+00:00\",\"dateModified\":\"2025-01-10T10:04:34+00:00\",\"mainEntityOfPage\":{\"@id\":\"https:\\\/\\\/serbia.com\\\/srpski\\\/kako-je-grb-srpske-kraljevske-porodice-postao-simbol-na-cartier-radnjama\\\/\"},\"wordCount\":697,\"commentCount\":0,\"image\":{\"@id\":\"https:\\\/\\\/serbia.com\\\/srpski\\\/kako-je-grb-srpske-kraljevske-porodice-postao-simbol-na-cartier-radnjama\\\/#primaryimage\"},\"thumbnailUrl\":\"https:\\\/\\\/serbia.com\\\/wp-content\\\/uploads\\\/2025\\\/01\\\/7-Historical-Landmarks-That-Tell-Serbias-Story-e1736502692315.jpg\",\"articleSection\":[\"Da li ste ve\u0107 znali?\",\"Istaknuto\",\"Istorija\"],\"inLanguage\":\"srpski\",\"potentialAction\":[{\"@type\":\"CommentAction\",\"name\":\"Comment\",\"target\":[\"https:\\\/\\\/serbia.com\\\/srpski\\\/kako-je-grb-srpske-kraljevske-porodice-postao-simbol-na-cartier-radnjama\\\/#respond\"]}]},{\"@type\":\"WebPage\",\"@id\":\"https:\\\/\\\/serbia.com\\\/srpski\\\/kako-je-grb-srpske-kraljevske-porodice-postao-simbol-na-cartier-radnjama\\\/\",\"url\":\"https:\\\/\\\/serbia.com\\\/srpski\\\/kako-je-grb-srpske-kraljevske-porodice-postao-simbol-na-cartier-radnjama\\\/\",\"name\":\"Kako je grb srpske kraljevske porodice postao simbol na Cartier radnjama - Serbia.com\",\"isPartOf\":{\"@id\":\"https:\\\/\\\/serbia.com\\\/#website\"},\"primaryImageOfPage\":{\"@id\":\"https:\\\/\\\/serbia.com\\\/srpski\\\/kako-je-grb-srpske-kraljevske-porodice-postao-simbol-na-cartier-radnjama\\\/#primaryimage\"},\"image\":{\"@id\":\"https:\\\/\\\/serbia.com\\\/srpski\\\/kako-je-grb-srpske-kraljevske-porodice-postao-simbol-na-cartier-radnjama\\\/#primaryimage\"},\"thumbnailUrl\":\"https:\\\/\\\/serbia.com\\\/wp-content\\\/uploads\\\/2025\\\/01\\\/7-Historical-Landmarks-That-Tell-Serbias-Story-e1736502692315.jpg\",\"datePublished\":\"2025-01-10T10:02:06+00:00\",\"dateModified\":\"2025-01-10T10:04:34+00:00\",\"author\":{\"@id\":\"https:\\\/\\\/serbia.com\\\/#\\\/schema\\\/person\\\/954f6599db4406bd5f2e8384659bdc33\"},\"breadcrumb\":{\"@id\":\"https:\\\/\\\/serbia.com\\\/srpski\\\/kako-je-grb-srpske-kraljevske-porodice-postao-simbol-na-cartier-radnjama\\\/#breadcrumb\"},\"inLanguage\":\"srpski\",\"potentialAction\":[{\"@type\":\"ReadAction\",\"target\":[\"https:\\\/\\\/serbia.com\\\/srpski\\\/kako-je-grb-srpske-kraljevske-porodice-postao-simbol-na-cartier-radnjama\\\/\"]}]},{\"@type\":\"ImageObject\",\"inLanguage\":\"srpski\",\"@id\":\"https:\\\/\\\/serbia.com\\\/srpski\\\/kako-je-grb-srpske-kraljevske-porodice-postao-simbol-na-cartier-radnjama\\\/#primaryimage\",\"url\":\"https:\\\/\\\/serbia.com\\\/wp-content\\\/uploads\\\/2025\\\/01\\\/7-Historical-Landmarks-That-Tell-Serbias-Story-e1736502692315.jpg\",\"contentUrl\":\"https:\\\/\\\/serbia.com\\\/wp-content\\\/uploads\\\/2025\\\/01\\\/7-Historical-Landmarks-That-Tell-Serbias-Story-e1736502692315.jpg\",\"width\":1366,\"height\":768},{\"@type\":\"BreadcrumbList\",\"@id\":\"https:\\\/\\\/serbia.com\\\/srpski\\\/kako-je-grb-srpske-kraljevske-porodice-postao-simbol-na-cartier-radnjama\\\/#breadcrumb\",\"itemListElement\":[{\"@type\":\"ListItem\",\"position\":1,\"name\":\"Home\",\"item\":\"https:\\\/\\\/serbia.com\\\/srpski\\\/srbija\\\/\"},{\"@type\":\"ListItem\",\"position\":2,\"name\":\"Kako je grb srpske kraljevske porodice postao simbol na Cartier radnjama\"}]},{\"@type\":\"WebSite\",\"@id\":\"https:\\\/\\\/serbia.com\\\/#website\",\"url\":\"https:\\\/\\\/serbia.com\\\/\",\"name\":\"Serbia.com\",\"description\":\"Your Gateway to Serbia\",\"potentialAction\":[{\"@type\":\"SearchAction\",\"target\":{\"@type\":\"EntryPoint\",\"urlTemplate\":\"https:\\\/\\\/serbia.com\\\/?s={search_term_string}\"},\"query-input\":{\"@type\":\"PropertyValueSpecification\",\"valueRequired\":true,\"valueName\":\"search_term_string\"}}],\"inLanguage\":\"srpski\"},{\"@type\":\"Person\",\"@id\":\"https:\\\/\\\/serbia.com\\\/#\\\/schema\\\/person\\\/954f6599db4406bd5f2e8384659bdc33\",\"name\":\"Ivona Lekan\",\"image\":{\"@type\":\"ImageObject\",\"inLanguage\":\"srpski\",\"@id\":\"https:\\\/\\\/secure.gravatar.com\\\/avatar\\\/4eba414fa53ccc3824d6c0254e6c3425ccdebeb4c72580208b23386c071b50b2?s=96&d=mm&r=g\",\"url\":\"https:\\\/\\\/secure.gravatar.com\\\/avatar\\\/4eba414fa53ccc3824d6c0254e6c3425ccdebeb4c72580208b23386c071b50b2?s=96&d=mm&r=g\",\"contentUrl\":\"https:\\\/\\\/secure.gravatar.com\\\/avatar\\\/4eba414fa53ccc3824d6c0254e6c3425ccdebeb4c72580208b23386c071b50b2?s=96&d=mm&r=g\",\"caption\":\"Ivona Lekan\"},\"url\":\"https:\\\/\\\/serbia.com\\\/srpski\\\/author\\\/ivondivine\\\/\"}]}<\/script>\n<!-- \/ Yoast SEO plugin. -->","yoast_head_json":{"title":"Kako je grb srpske kraljevske porodice postao simbol na Cartier radnjama - Serbia.com","robots":{"index":"index","follow":"follow","max-snippet":"max-snippet:-1","max-image-preview":"max-image-preview:large","max-video-preview":"max-video-preview:-1"},"canonical":"https:\/\/serbia.com\/srpski\/kako-je-grb-srpske-kraljevske-porodice-postao-simbol-na-cartier-radnjama\/","og_locale":"en_US","og_type":"article","og_title":"Kako je grb srpske kraljevske porodice postao simbol na Cartier radnjama - Serbia.com","og_description":"Da li ste znali da \u010duvene Cartier prodavnice \u0161irom sveta, uklju\u010duju\u0107i i svoju ikoni\u010dnu radnju u Parizu, ponosno isti\u010du srpski kraljevski grb? Ova tradicija, koja traje gotovo sto godina, simbolizuje [&hellip;]","og_url":"https:\/\/serbia.com\/srpski\/kako-je-grb-srpske-kraljevske-porodice-postao-simbol-na-cartier-radnjama\/","og_site_name":"Serbia.com","article_published_time":"2025-01-10T10:02:06+00:00","article_modified_time":"2025-01-10T10:04:34+00:00","og_image":[{"width":1366,"height":768,"url":"https:\/\/serbia.com\/wp-content\/uploads\/2025\/01\/7-Historical-Landmarks-That-Tell-Serbias-Story-e1736502692315.jpg","type":"image\/jpeg"}],"author":"Ivona Lekan","twitter_misc":{"Written by":"Ivona Lekan","Est. reading time":"3 minutes"},"schema":{"@context":"https:\/\/schema.org","@graph":[{"@type":"Article","@id":"https:\/\/serbia.com\/srpski\/kako-je-grb-srpske-kraljevske-porodice-postao-simbol-na-cartier-radnjama\/#article","isPartOf":{"@id":"https:\/\/serbia.com\/srpski\/kako-je-grb-srpske-kraljevske-porodice-postao-simbol-na-cartier-radnjama\/"},"author":{"name":"Ivona Lekan","@id":"https:\/\/serbia.com\/#\/schema\/person\/954f6599db4406bd5f2e8384659bdc33"},"headline":"Kako je grb srpske kraljevske porodice postao simbol na Cartier radnjama","datePublished":"2025-01-10T10:02:06+00:00","dateModified":"2025-01-10T10:04:34+00:00","mainEntityOfPage":{"@id":"https:\/\/serbia.com\/srpski\/kako-je-grb-srpske-kraljevske-porodice-postao-simbol-na-cartier-radnjama\/"},"wordCount":697,"commentCount":0,"image":{"@id":"https:\/\/serbia.com\/srpski\/kako-je-grb-srpske-kraljevske-porodice-postao-simbol-na-cartier-radnjama\/#primaryimage"},"thumbnailUrl":"https:\/\/serbia.com\/wp-content\/uploads\/2025\/01\/7-Historical-Landmarks-That-Tell-Serbias-Story-e1736502692315.jpg","articleSection":["Da li ste ve\u0107 znali?","Istaknuto","Istorija"],"inLanguage":"srpski","potentialAction":[{"@type":"CommentAction","name":"Comment","target":["https:\/\/serbia.com\/srpski\/kako-je-grb-srpske-kraljevske-porodice-postao-simbol-na-cartier-radnjama\/#respond"]}]},{"@type":"WebPage","@id":"https:\/\/serbia.com\/srpski\/kako-je-grb-srpske-kraljevske-porodice-postao-simbol-na-cartier-radnjama\/","url":"https:\/\/serbia.com\/srpski\/kako-je-grb-srpske-kraljevske-porodice-postao-simbol-na-cartier-radnjama\/","name":"Kako je grb srpske kraljevske porodice postao simbol na Cartier radnjama - Serbia.com","isPartOf":{"@id":"https:\/\/serbia.com\/#website"},"primaryImageOfPage":{"@id":"https:\/\/serbia.com\/srpski\/kako-je-grb-srpske-kraljevske-porodice-postao-simbol-na-cartier-radnjama\/#primaryimage"},"image":{"@id":"https:\/\/serbia.com\/srpski\/kako-je-grb-srpske-kraljevske-porodice-postao-simbol-na-cartier-radnjama\/#primaryimage"},"thumbnailUrl":"https:\/\/serbia.com\/wp-content\/uploads\/2025\/01\/7-Historical-Landmarks-That-Tell-Serbias-Story-e1736502692315.jpg","datePublished":"2025-01-10T10:02:06+00:00","dateModified":"2025-01-10T10:04:34+00:00","author":{"@id":"https:\/\/serbia.com\/#\/schema\/person\/954f6599db4406bd5f2e8384659bdc33"},"breadcrumb":{"@id":"https:\/\/serbia.com\/srpski\/kako-je-grb-srpske-kraljevske-porodice-postao-simbol-na-cartier-radnjama\/#breadcrumb"},"inLanguage":"srpski","potentialAction":[{"@type":"ReadAction","target":["https:\/\/serbia.com\/srpski\/kako-je-grb-srpske-kraljevske-porodice-postao-simbol-na-cartier-radnjama\/"]}]},{"@type":"ImageObject","inLanguage":"srpski","@id":"https:\/\/serbia.com\/srpski\/kako-je-grb-srpske-kraljevske-porodice-postao-simbol-na-cartier-radnjama\/#primaryimage","url":"https:\/\/serbia.com\/wp-content\/uploads\/2025\/01\/7-Historical-Landmarks-That-Tell-Serbias-Story-e1736502692315.jpg","contentUrl":"https:\/\/serbia.com\/wp-content\/uploads\/2025\/01\/7-Historical-Landmarks-That-Tell-Serbias-Story-e1736502692315.jpg","width":1366,"height":768},{"@type":"BreadcrumbList","@id":"https:\/\/serbia.com\/srpski\/kako-je-grb-srpske-kraljevske-porodice-postao-simbol-na-cartier-radnjama\/#breadcrumb","itemListElement":[{"@type":"ListItem","position":1,"name":"Home","item":"https:\/\/serbia.com\/srpski\/srbija\/"},{"@type":"ListItem","position":2,"name":"Kako je grb srpske kraljevske porodice postao simbol na Cartier radnjama"}]},{"@type":"WebSite","@id":"https:\/\/serbia.com\/#website","url":"https:\/\/serbia.com\/","name":"Serbia.com","description":"Your Gateway to Serbia","potentialAction":[{"@type":"SearchAction","target":{"@type":"EntryPoint","urlTemplate":"https:\/\/serbia.com\/?s={search_term_string}"},"query-input":{"@type":"PropertyValueSpecification","valueRequired":true,"valueName":"search_term_string"}}],"inLanguage":"srpski"},{"@type":"Person","@id":"https:\/\/serbia.com\/#\/schema\/person\/954f6599db4406bd5f2e8384659bdc33","name":"Ivona Lekan","image":{"@type":"ImageObject","inLanguage":"srpski","@id":"https:\/\/secure.gravatar.com\/avatar\/4eba414fa53ccc3824d6c0254e6c3425ccdebeb4c72580208b23386c071b50b2?s=96&d=mm&r=g","url":"https:\/\/secure.gravatar.com\/avatar\/4eba414fa53ccc3824d6c0254e6c3425ccdebeb4c72580208b23386c071b50b2?s=96&d=mm&r=g","contentUrl":"https:\/\/secure.gravatar.com\/avatar\/4eba414fa53ccc3824d6c0254e6c3425ccdebeb4c72580208b23386c071b50b2?s=96&d=mm&r=g","caption":"Ivona Lekan"},"url":"https:\/\/serbia.com\/srpski\/author\/ivondivine\/"}]}},"brizy_media":[],"_links":{"self":[{"href":"https:\/\/serbia.com\/srpski\/wp-json\/wp\/v2\/posts\/57607","targetHints":{"allow":["GET"]}}],"collection":[{"href":"https:\/\/serbia.com\/srpski\/wp-json\/wp\/v2\/posts"}],"about":[{"href":"https:\/\/serbia.com\/srpski\/wp-json\/wp\/v2\/types\/post"}],"author":[{"embeddable":true,"href":"https:\/\/serbia.com\/srpski\/wp-json\/wp\/v2\/users\/27"}],"replies":[{"embeddable":true,"href":"https:\/\/serbia.com\/srpski\/wp-json\/wp\/v2\/comments?post=57607"}],"version-history":[{"count":1,"href":"https:\/\/serbia.com\/srpski\/wp-json\/wp\/v2\/posts\/57607\/revisions"}],"predecessor-version":[{"id":57608,"href":"https:\/\/serbia.com\/srpski\/wp-json\/wp\/v2\/posts\/57607\/revisions\/57608"}],"wp:featuredmedia":[{"embeddable":true,"href":"https:\/\/serbia.com\/srpski\/wp-json\/wp\/v2\/media\/57602"}],"wp:attachment":[{"href":"https:\/\/serbia.com\/srpski\/wp-json\/wp\/v2\/media?parent=57607"}],"wp:term":[{"taxonomy":"category","embeddable":true,"href":"https:\/\/serbia.com\/srpski\/wp-json\/wp\/v2\/categories?post=57607"},{"taxonomy":"post_tag","embeddable":true,"href":"https:\/\/serbia.com\/srpski\/wp-json\/wp\/v2\/tags?post=57607"}],"curies":[{"name":"wp","href":"https:\/\/api.w.org\/{rel}","templated":true}]}}