{"id":56550,"date":"2024-11-19T09:59:16","date_gmt":"2024-11-19T08:59:16","guid":{"rendered":"https:\/\/serbia.com\/?p=56550"},"modified":"2024-11-19T10:07:06","modified_gmt":"2024-11-19T09:07:06","slug":"kanjon-gradac-gde-se-avantura-susrece-sa-spokojem","status":"publish","type":"post","link":"https:\/\/serbia.com\/srpski\/kanjon-gradac-gde-se-avantura-susrece-sa-spokojem\/","title":{"rendered":"Kanjon Gradac: Gde se avantura susre\u0107e sa spokojem"},"content":{"rendered":"\n<p><em>Sme\u0161ten u srcu zapadne Srbije, Kanjon Gradac je zadivljuju\u0107e prirodno blago koje privla\u010di avanturiste i ljubitelje prirode. Na samo nekoliko minuta vo\u017enje od Valjeva, ovaj netaknuti kanjon pru\u017ea beg od gradske gu\u017eve, uranjaju\u0107i posetioce u spokojne pejza\u017ee, raznovrstan divlji svet i fascinantnu istoriju.<\/em><\/p>\n\n\n\n<h2 class=\"wp-block-heading\">Prirodno \u010dudo<\/h2>\n\n\n\n<p><strong>Kanjon Gradac prote\u017ee se du\u017e reke Gradac, koja je poznata kao jedna od naj\u010distijih reka u Srbiji.<\/strong> Kristalno \u010dista voda vijuga kroz dramati\u010dne kre\u010dnja\u010dke litice, stvaraju\u0107i slikoviti pejza\u017e ispunjen bujnim \u0161umama, \u017eivopisnim divljim cve\u0107em i mirnim bazenima. <\/p>\n\n\n\n<figure class=\"wp-block-image size-large\"><img loading=\"lazy\" decoding=\"async\" width=\"1280\" height=\"960\" src=\"https:\/\/serbia.com\/wp-content\/uploads\/2024\/11\/Magles_-_zapadna_Srbija_-_kanjon_reke_Gradac_-_mesto_Sareno_platno_-_brdo_Branig_4-1280x960.jpg\" alt=\"\" class=\"wp-image-56535\" style=\"aspect-ratio:16\/9;object-fit:cover\" srcset=\"https:\/\/serbia.com\/wp-content\/uploads\/2024\/11\/Magles_-_zapadna_Srbija_-_kanjon_reke_Gradac_-_mesto_Sareno_platno_-_brdo_Branig_4-1280x960.jpg 1280w, https:\/\/serbia.com\/wp-content\/uploads\/2024\/11\/Magles_-_zapadna_Srbija_-_kanjon_reke_Gradac_-_mesto_Sareno_platno_-_brdo_Branig_4-300x225.jpg 300w, https:\/\/serbia.com\/wp-content\/uploads\/2024\/11\/Magles_-_zapadna_Srbija_-_kanjon_reke_Gradac_-_mesto_Sareno_platno_-_brdo_Branig_4-768x576.jpg 768w, https:\/\/serbia.com\/wp-content\/uploads\/2024\/11\/Magles_-_zapadna_Srbija_-_kanjon_reke_Gradac_-_mesto_Sareno_platno_-_brdo_Branig_4-1536x1152.jpg 1536w, https:\/\/serbia.com\/wp-content\/uploads\/2024\/11\/Magles_-_zapadna_Srbija_-_kanjon_reke_Gradac_-_mesto_Sareno_platno_-_brdo_Branig_4-760x570.jpg 760w, https:\/\/serbia.com\/wp-content\/uploads\/2024\/11\/Magles_-_zapadna_Srbija_-_kanjon_reke_Gradac_-_mesto_Sareno_platno_-_brdo_Branig_4-1333x1000.jpg 1333w, https:\/\/serbia.com\/wp-content\/uploads\/2024\/11\/Magles_-_zapadna_Srbija_-_kanjon_reke_Gradac_-_mesto_Sareno_platno_-_brdo_Branig_4-667x500.jpg 667w, https:\/\/serbia.com\/wp-content\/uploads\/2024\/11\/Magles_-_zapadna_Srbija_-_kanjon_reke_Gradac_-_mesto_Sareno_platno_-_brdo_Branig_4.jpg 1600w\" sizes=\"auto, (max-width: 1280px) 100vw, 1280px\" \/><figcaption class=\"wp-element-caption\">Kanjon Gradac, foto: <a href=\"https:\/\/commons.wikimedia.org\/wiki\/User:Vladimir_Pecikoza\">Vladimir Pecikoza<\/a><\/figcaption><\/figure>\n\n\n\n<p>Netaknuta lepota ovog podru\u010dja donela mu je <strong>status za\u0161ti\u0107enog prirodnog dobra, \u010duvaju\u0107i njegovu ekolo\u0161ku raznovrsnost za budu\u0107e generacije.<\/strong><\/p>\n\n\n\n<h2 class=\"wp-block-heading\">Planinarenje i avantura<\/h2>\n\n\n\n<p>Za ljubitelje prirode, Kanjon Gradac je pravi raj. <strong>Mre\u017ea dobro obele\u017eenih staza prolazi kroz kanjon, prilago\u0111ena svim nivoima fizi\u010dke spremnosti i iskustva.<\/strong> Bilo da \u017eelite laganu \u0161etnju obalom reke ili zahtevniji uspon uz strme litice za panoramski pogled, kanjon nudi pone\u0161to za svakoga.<\/p>\n\n\n\n<figure class=\"wp-block-image size-large\"><img loading=\"lazy\" decoding=\"async\" width=\"1280\" height=\"720\" src=\"https:\/\/serbia.com\/wp-content\/uploads\/2024\/11\/IMG_20210721_114204-1920x1080-1-1280x720.jpg\" alt=\"\" class=\"wp-image-56546\" srcset=\"https:\/\/serbia.com\/wp-content\/uploads\/2024\/11\/IMG_20210721_114204-1920x1080-1-1280x720.jpg 1280w, https:\/\/serbia.com\/wp-content\/uploads\/2024\/11\/IMG_20210721_114204-1920x1080-1-300x169.jpg 300w, https:\/\/serbia.com\/wp-content\/uploads\/2024\/11\/IMG_20210721_114204-1920x1080-1-768x432.jpg 768w, https:\/\/serbia.com\/wp-content\/uploads\/2024\/11\/IMG_20210721_114204-1920x1080-1-1536x864.jpg 1536w, https:\/\/serbia.com\/wp-content\/uploads\/2024\/11\/IMG_20210721_114204-1920x1080-1-760x428.jpg 760w, https:\/\/serbia.com\/wp-content\/uploads\/2024\/11\/IMG_20210721_114204-1920x1080-1-1778x1000.jpg 1778w, https:\/\/serbia.com\/wp-content\/uploads\/2024\/11\/IMG_20210721_114204-1920x1080-1-889x500.jpg 889w, https:\/\/serbia.com\/wp-content\/uploads\/2024\/11\/IMG_20210721_114204-1920x1080-1.jpg 1920w\" sizes=\"auto, (max-width: 1280px) 100vw, 1280px\" \/><figcaption class=\"wp-element-caption\">Pe\u0107ina Deguri\u0107<\/figcaption><\/figure>\n\n\n\n<p>Jedna od najpopularnijih staza vodi do <strong>pe\u0107ine Deguri\u0107<\/strong>, <strong>razgranatog kra\u0161kog sistema koji pru\u017ea intrigantan uvid u geolo\u0161ku istoriju ovog kraja.<\/strong> Istra\u017eiva\u010di mogu u\u017eivati u stalaktitima, stalagmitima i podzemnim potocima, dok slu\u0161aju legende i mitove povezane sa pe\u0107inom.<\/p>\n\n\n\n<h2 class=\"wp-block-heading\">Bogat biodiverzitet<\/h2>\n\n\n\n<p><strong>Kanjon Gradac je dom raznovrsne flore i faune.<\/strong> Ljubitelji ptica u\u017eiva\u0107e u posmatranju vodomara, \u010daplji, pa \u010dak i orlova koji kru\u017ee iznad litica. Okolne \u0161ume <strong>vrve od divljeg sveta, uklju\u010duju\u0107i jelene, lisice i razli\u010dite vrste vodozemaca i gmizavaca.<\/strong><\/p>\n\n\n\n<figure class=\"wp-block-image size-large\"><img loading=\"lazy\" decoding=\"async\" width=\"1280\" height=\"960\" src=\"https:\/\/serbia.com\/wp-content\/uploads\/2024\/11\/Magles_-_zapadna_Srbija_-_kanjon_reke_Gradac_-_Suma_u_jesen_detalj_6-1280x960.jpg\" alt=\"\" class=\"wp-image-56539\" srcset=\"https:\/\/serbia.com\/wp-content\/uploads\/2024\/11\/Magles_-_zapadna_Srbija_-_kanjon_reke_Gradac_-_Suma_u_jesen_detalj_6-1280x960.jpg 1280w, https:\/\/serbia.com\/wp-content\/uploads\/2024\/11\/Magles_-_zapadna_Srbija_-_kanjon_reke_Gradac_-_Suma_u_jesen_detalj_6-300x225.jpg 300w, https:\/\/serbia.com\/wp-content\/uploads\/2024\/11\/Magles_-_zapadna_Srbija_-_kanjon_reke_Gradac_-_Suma_u_jesen_detalj_6-768x576.jpg 768w, https:\/\/serbia.com\/wp-content\/uploads\/2024\/11\/Magles_-_zapadna_Srbija_-_kanjon_reke_Gradac_-_Suma_u_jesen_detalj_6-1536x1152.jpg 1536w, https:\/\/serbia.com\/wp-content\/uploads\/2024\/11\/Magles_-_zapadna_Srbija_-_kanjon_reke_Gradac_-_Suma_u_jesen_detalj_6-760x570.jpg 760w, https:\/\/serbia.com\/wp-content\/uploads\/2024\/11\/Magles_-_zapadna_Srbija_-_kanjon_reke_Gradac_-_Suma_u_jesen_detalj_6-1333x1000.jpg 1333w, https:\/\/serbia.com\/wp-content\/uploads\/2024\/11\/Magles_-_zapadna_Srbija_-_kanjon_reke_Gradac_-_Suma_u_jesen_detalj_6-667x500.jpg 667w, https:\/\/serbia.com\/wp-content\/uploads\/2024\/11\/Magles_-_zapadna_Srbija_-_kanjon_reke_Gradac_-_Suma_u_jesen_detalj_6.jpg 1600w\" sizes=\"auto, (max-width: 1280px) 100vw, 1280px\" \/><figcaption class=\"wp-element-caption\">Magle\u0161 \u2013 Zapadna Srbija \u2013 Kanjon reke Gradac. Foto:\u00a0<a href=\"https:\/\/commons.wikimedia.org\/wiki\/User:Vladimir_Pecikoza\">Vladimir Pecikoza<\/a><\/figcaption><\/figure>\n\n\n\n<p>Ljubitelji biljaka \u0107e ceniti botani\u010dko bogatstvo kanjona, <strong>sa endemskim vrstama poput <a href=\"https:\/\/serbia.com\/srpski\/o-srbiji\/istorija\/srbija-u-prvom-svetskom-ratu\/natalijina-ramonda\/\">srpske ramonde<\/a> koje uspevaju u jedinstvenoj mikroklimi ovog podru\u010dja.<\/strong> Ovaj vibrantni ekosistem dokaz je o\u010duvane prirodne sredine kanjona.<\/p>\n\n\n\n<h2 class=\"wp-block-heading\">Kulturni i istorijski zna\u010daj<\/h2>\n\n\n\n<p>Pored prirodnih lepota, Kanjon Gradac ima bogato kulturno i istorijsko nasle\u0111e. Obli\u017enji grad <strong><a href=\"https:\/\/serbia.com\/srpski\/posetite-srbiju\/gradovi\/valjevo-grad-sa-dve-carsije\/\">Valjevo<\/a><\/strong> <strong>odi\u0161e srpskom tradicijom i nudi uvid u pro\u0161lost ovog regiona. <\/strong>Manastiri i crkve razbacani \u0161irom ovog kraja daju duhovnu dimenziju putovanju, sa svojom vekovima starom arhitekturom i spokojnim ambijentom.<\/p>\n\n\n\n<figure class=\"wp-block-image size-large\"><img loading=\"lazy\" decoding=\"async\" width=\"1280\" height=\"960\" src=\"https:\/\/serbia.com\/wp-content\/uploads\/2024\/11\/Manastir_Celije_Valjevo_002-1280x960.jpg\" alt=\"\" class=\"wp-image-56541\" srcset=\"https:\/\/serbia.com\/wp-content\/uploads\/2024\/11\/Manastir_Celije_Valjevo_002-1280x960.jpg 1280w, https:\/\/serbia.com\/wp-content\/uploads\/2024\/11\/Manastir_Celije_Valjevo_002-300x225.jpg 300w, https:\/\/serbia.com\/wp-content\/uploads\/2024\/11\/Manastir_Celije_Valjevo_002-768x576.jpg 768w, https:\/\/serbia.com\/wp-content\/uploads\/2024\/11\/Manastir_Celije_Valjevo_002-1536x1152.jpg 1536w, https:\/\/serbia.com\/wp-content\/uploads\/2024\/11\/Manastir_Celije_Valjevo_002-2048x1536.jpg 2048w, https:\/\/serbia.com\/wp-content\/uploads\/2024\/11\/Manastir_Celije_Valjevo_002-760x570.jpg 760w, https:\/\/serbia.com\/wp-content\/uploads\/2024\/11\/Manastir_Celije_Valjevo_002-1333x1000.jpg 1333w, https:\/\/serbia.com\/wp-content\/uploads\/2024\/11\/Manastir_Celije_Valjevo_002-667x500.jpg 667w\" sizes=\"auto, (max-width: 1280px) 100vw, 1280px\" \/><figcaption class=\"wp-element-caption\">Manastir \u0106elije, foto: <a href=\"https:\/\/commons.wikimedia.org\/wiki\/User:Mickey_Mystique\">Mickey Mystique<\/a>, Wikipedia<\/figcaption><\/figure>\n\n\n\n<p>Jedno od najzna\u010dajnijih mesta je<strong> Manastir \u0106elije, nedaleko od kanjona. Ovaj srpski pravoslavni manastir iz 13. veka simbol je mira i otpornosti kroz burne vekove.<\/strong><\/p>\n\n\n\n<h2 class=\"wp-block-heading\">Prakti\u010dne informacije<\/h2>\n\n\n\n<p>Kanjon Gradac je lako dostupan iz Valjeva, sa dobro odr\u017eavanim putevima koji vode do razli\u010ditih ulaznih ta\u010daka. <strong>Najbolje vreme za posetu je u prole\u0107e i ranu jesen, kada je vreme prijatno, a pejza\u017ei najspektakularniji. <\/strong>Udobna obu\u0107a, dosta vode i ose\u0107aj za avanturu sve su \u0161to vam treba da biste u\u017eivali u poseti.<\/p>\n\n\n\n<p>Sme\u0161taj varira od udobnih seoskih doma\u0107instava u okolnim selima do rusti\u010dnih kampova u samom kanjonu. Za one koji \u017eele dublji kontakt s prirodom, <strong>no\u0107 pod zvezdama u ovom mirnom okru\u017eenju nezaboravno je iskustvo.<\/strong><\/p>\n\n\n\n<h2 class=\"wp-block-heading\">Za\u0161to posetiti Kanjon Gradac?<\/h2>\n\n\n\n<p>Kanjon Gradac nije samo destinacija\u2014on je iskustvo koje obnavlja du\u0161u i budi ose\u0107aj \u010du\u0111enja. <strong>Njegova netaknuta lepota, u kombinaciji s mogu\u0107nostima za avanturu i kulturno istra\u017eivanje, \u010dini ga obaveznom destinacijom za svakoga ko putuje kroz Srbiju.<\/strong><\/p>\n\n\n\n<p>Spakujte stvari, obujte planinarske cipele i pripremite se da vas o\u010dara \u0161arm Kanjon Gradac-a. Ovaj skriveni dragulj \u010deka da bude otkriven, nude\u0107i uspomene koje \u0107e trajati ceo \u017eivot.<\/p>\n\n\n\n<div class=\"wp-block-buttons is-layout-flex wp-block-buttons-is-layout-flex\">\n<div class=\"wp-block-button\"><a class=\"wp-block-button__link has-midnight-gradient-background has-background wp-element-button\" href=\"https:\/\/serbia.com\/srpski\/tour\/canyon-gradac-tour\/\">ZAKA\u017dITE TURU<\/a><\/div>\n<\/div>\n\n\n\n<p><\/p>\n","protected":false},"excerpt":{"rendered":"<p>Sme\u0161ten u srcu zapadne Srbije, Kanjon Gradac je zadivljuju\u0107e prirodno blago koje privla\u010di avanturiste i ljubitelje prirode. Na samo nekoliko minuta vo\u017enje od Valjeva, ovaj netaknuti kanjon pru\u017ea beg od [&hellip;]<\/p>\n","protected":false},"author":27,"featured_media":56544,"comment_status":"open","ping_status":"closed","sticky":false,"template":"","format":"standard","meta":{"_acf_changed":false,"inline_featured_image":false,"_monsterinsights_skip_tracking":false,"_monsterinsights_sitenote_active":false,"_monsterinsights_sitenote_note":"","_monsterinsights_sitenote_category":0,"footnotes":""},"categories":[2846,1653,1656],"tags":[6960,2676],"class_list":["post-56550","post","type-post","status-publish","format-standard","has-post-thumbnail","hentry","category-istaknuto","category-prirodne-lepote-sta-posetiti","category-reke-jezera","tag-gradac-2","tag-valjevo-srpski"],"acf":[],"yoast_head":"<!-- This site is optimized with the Yoast SEO plugin v27.4 - https:\/\/yoast.com\/product\/yoast-seo-wordpress\/ -->\n<title>Kanjon Gradac: Gde se avantura susre\u0107e sa spokojem - Serbia.com<\/title>\n<meta name=\"robots\" content=\"index, follow, max-snippet:-1, max-image-preview:large, max-video-preview:-1\" \/>\n<link rel=\"canonical\" href=\"https:\/\/serbia.com\/srpski\/kanjon-gradac-gde-se-avantura-susrece-sa-spokojem\/\" \/>\n<meta property=\"og:locale\" content=\"en_US\" \/>\n<meta property=\"og:type\" content=\"article\" \/>\n<meta property=\"og:title\" content=\"Kanjon Gradac: Gde se avantura susre\u0107e sa spokojem - Serbia.com\" \/>\n<meta property=\"og:description\" content=\"Sme\u0161ten u srcu zapadne Srbije, Kanjon Gradac je zadivljuju\u0107e prirodno blago koje privla\u010di avanturiste i ljubitelje prirode. Na samo nekoliko minuta vo\u017enje od Valjeva, ovaj netaknuti kanjon pru\u017ea beg od [&hellip;]\" \/>\n<meta property=\"og:url\" content=\"https:\/\/serbia.com\/srpski\/kanjon-gradac-gde-se-avantura-susrece-sa-spokojem\/\" \/>\n<meta property=\"og:site_name\" content=\"Serbia.com\" \/>\n<meta property=\"article:published_time\" content=\"2024-11-19T08:59:16+00:00\" \/>\n<meta property=\"article:modified_time\" content=\"2024-11-19T09:07:06+00:00\" \/>\n<meta property=\"og:image\" content=\"https:\/\/serbia.com\/wp-content\/uploads\/2024\/11\/gradac4.jpg\" \/>\n\t<meta property=\"og:image:width\" content=\"1024\" \/>\n\t<meta property=\"og:image:height\" content=\"768\" \/>\n\t<meta property=\"og:image:type\" content=\"image\/jpeg\" \/>\n<meta name=\"author\" content=\"Ivona Lekan\" \/>\n<meta name=\"twitter:label1\" content=\"Written by\" \/>\n\t<meta name=\"twitter:data1\" content=\"Ivona Lekan\" \/>\n\t<meta name=\"twitter:label2\" content=\"Est. reading time\" \/>\n\t<meta name=\"twitter:data2\" content=\"4 minutes\" \/>\n<script type=\"application\/ld+json\" class=\"yoast-schema-graph\">{\"@context\":\"https:\\\/\\\/schema.org\",\"@graph\":[{\"@type\":\"Article\",\"@id\":\"https:\\\/\\\/serbia.com\\\/srpski\\\/kanjon-gradac-gde-se-avantura-susrece-sa-spokojem\\\/#article\",\"isPartOf\":{\"@id\":\"https:\\\/\\\/serbia.com\\\/srpski\\\/kanjon-gradac-gde-se-avantura-susrece-sa-spokojem\\\/\"},\"author\":{\"name\":\"Ivona Lekan\",\"@id\":\"https:\\\/\\\/serbia.com\\\/#\\\/schema\\\/person\\\/954f6599db4406bd5f2e8384659bdc33\"},\"headline\":\"Kanjon Gradac: Gde se avantura susre\u0107e sa spokojem\",\"datePublished\":\"2024-11-19T08:59:16+00:00\",\"dateModified\":\"2024-11-19T09:07:06+00:00\",\"mainEntityOfPage\":{\"@id\":\"https:\\\/\\\/serbia.com\\\/srpski\\\/kanjon-gradac-gde-se-avantura-susrece-sa-spokojem\\\/\"},\"wordCount\":585,\"commentCount\":0,\"image\":{\"@id\":\"https:\\\/\\\/serbia.com\\\/srpski\\\/kanjon-gradac-gde-se-avantura-susrece-sa-spokojem\\\/#primaryimage\"},\"thumbnailUrl\":\"https:\\\/\\\/serbia.com\\\/wp-content\\\/uploads\\\/2024\\\/11\\\/gradac4.jpg\",\"keywords\":[\"Gradac\",\"Valjevo\"],\"articleSection\":[\"Istaknuto\",\"Prirodne lepote\",\"Reke i jezera\"],\"inLanguage\":\"srpski\",\"potentialAction\":[{\"@type\":\"CommentAction\",\"name\":\"Comment\",\"target\":[\"https:\\\/\\\/serbia.com\\\/srpski\\\/kanjon-gradac-gde-se-avantura-susrece-sa-spokojem\\\/#respond\"]}]},{\"@type\":\"WebPage\",\"@id\":\"https:\\\/\\\/serbia.com\\\/srpski\\\/kanjon-gradac-gde-se-avantura-susrece-sa-spokojem\\\/\",\"url\":\"https:\\\/\\\/serbia.com\\\/srpski\\\/kanjon-gradac-gde-se-avantura-susrece-sa-spokojem\\\/\",\"name\":\"Kanjon Gradac: Gde se avantura susre\u0107e sa spokojem - Serbia.com\",\"isPartOf\":{\"@id\":\"https:\\\/\\\/serbia.com\\\/#website\"},\"primaryImageOfPage\":{\"@id\":\"https:\\\/\\\/serbia.com\\\/srpski\\\/kanjon-gradac-gde-se-avantura-susrece-sa-spokojem\\\/#primaryimage\"},\"image\":{\"@id\":\"https:\\\/\\\/serbia.com\\\/srpski\\\/kanjon-gradac-gde-se-avantura-susrece-sa-spokojem\\\/#primaryimage\"},\"thumbnailUrl\":\"https:\\\/\\\/serbia.com\\\/wp-content\\\/uploads\\\/2024\\\/11\\\/gradac4.jpg\",\"datePublished\":\"2024-11-19T08:59:16+00:00\",\"dateModified\":\"2024-11-19T09:07:06+00:00\",\"author\":{\"@id\":\"https:\\\/\\\/serbia.com\\\/#\\\/schema\\\/person\\\/954f6599db4406bd5f2e8384659bdc33\"},\"breadcrumb\":{\"@id\":\"https:\\\/\\\/serbia.com\\\/srpski\\\/kanjon-gradac-gde-se-avantura-susrece-sa-spokojem\\\/#breadcrumb\"},\"inLanguage\":\"srpski\",\"potentialAction\":[{\"@type\":\"ReadAction\",\"target\":[\"https:\\\/\\\/serbia.com\\\/srpski\\\/kanjon-gradac-gde-se-avantura-susrece-sa-spokojem\\\/\"]}]},{\"@type\":\"ImageObject\",\"inLanguage\":\"srpski\",\"@id\":\"https:\\\/\\\/serbia.com\\\/srpski\\\/kanjon-gradac-gde-se-avantura-susrece-sa-spokojem\\\/#primaryimage\",\"url\":\"https:\\\/\\\/serbia.com\\\/wp-content\\\/uploads\\\/2024\\\/11\\\/gradac4.jpg\",\"contentUrl\":\"https:\\\/\\\/serbia.com\\\/wp-content\\\/uploads\\\/2024\\\/11\\\/gradac4.jpg\",\"width\":1024,\"height\":768},{\"@type\":\"BreadcrumbList\",\"@id\":\"https:\\\/\\\/serbia.com\\\/srpski\\\/kanjon-gradac-gde-se-avantura-susrece-sa-spokojem\\\/#breadcrumb\",\"itemListElement\":[{\"@type\":\"ListItem\",\"position\":1,\"name\":\"Home\",\"item\":\"https:\\\/\\\/serbia.com\\\/srpski\\\/\"},{\"@type\":\"ListItem\",\"position\":2,\"name\":\"Kanjon Gradac: Gde se avantura susre\u0107e sa spokojem\"}]},{\"@type\":\"WebSite\",\"@id\":\"https:\\\/\\\/serbia.com\\\/#website\",\"url\":\"https:\\\/\\\/serbia.com\\\/\",\"name\":\"Serbia.com\",\"description\":\"Your Gateway to Serbia\",\"potentialAction\":[{\"@type\":\"SearchAction\",\"target\":{\"@type\":\"EntryPoint\",\"urlTemplate\":\"https:\\\/\\\/serbia.com\\\/?s={search_term_string}\"},\"query-input\":{\"@type\":\"PropertyValueSpecification\",\"valueRequired\":true,\"valueName\":\"search_term_string\"}}],\"inLanguage\":\"srpski\"},{\"@type\":\"Person\",\"@id\":\"https:\\\/\\\/serbia.com\\\/#\\\/schema\\\/person\\\/954f6599db4406bd5f2e8384659bdc33\",\"name\":\"Ivona Lekan\",\"image\":{\"@type\":\"ImageObject\",\"inLanguage\":\"srpski\",\"@id\":\"https:\\\/\\\/secure.gravatar.com\\\/avatar\\\/4eba414fa53ccc3824d6c0254e6c3425ccdebeb4c72580208b23386c071b50b2?s=96&d=mm&r=g\",\"url\":\"https:\\\/\\\/secure.gravatar.com\\\/avatar\\\/4eba414fa53ccc3824d6c0254e6c3425ccdebeb4c72580208b23386c071b50b2?s=96&d=mm&r=g\",\"contentUrl\":\"https:\\\/\\\/secure.gravatar.com\\\/avatar\\\/4eba414fa53ccc3824d6c0254e6c3425ccdebeb4c72580208b23386c071b50b2?s=96&d=mm&r=g\",\"caption\":\"Ivona Lekan\"},\"url\":\"https:\\\/\\\/serbia.com\\\/srpski\\\/author\\\/ivondivine\\\/\"}]}<\/script>\n<!-- \/ Yoast SEO plugin. -->","yoast_head_json":{"title":"Kanjon Gradac: Gde se avantura susre\u0107e sa spokojem - Serbia.com","robots":{"index":"index","follow":"follow","max-snippet":"max-snippet:-1","max-image-preview":"max-image-preview:large","max-video-preview":"max-video-preview:-1"},"canonical":"https:\/\/serbia.com\/srpski\/kanjon-gradac-gde-se-avantura-susrece-sa-spokojem\/","og_locale":"en_US","og_type":"article","og_title":"Kanjon Gradac: Gde se avantura susre\u0107e sa spokojem - Serbia.com","og_description":"Sme\u0161ten u srcu zapadne Srbije, Kanjon Gradac je zadivljuju\u0107e prirodno blago koje privla\u010di avanturiste i ljubitelje prirode. Na samo nekoliko minuta vo\u017enje od Valjeva, ovaj netaknuti kanjon pru\u017ea beg od [&hellip;]","og_url":"https:\/\/serbia.com\/srpski\/kanjon-gradac-gde-se-avantura-susrece-sa-spokojem\/","og_site_name":"Serbia.com","article_published_time":"2024-11-19T08:59:16+00:00","article_modified_time":"2024-11-19T09:07:06+00:00","og_image":[{"width":1024,"height":768,"url":"https:\/\/serbia.com\/wp-content\/uploads\/2024\/11\/gradac4.jpg","type":"image\/jpeg"}],"author":"Ivona Lekan","twitter_misc":{"Written by":"Ivona Lekan","Est. reading time":"4 minutes"},"schema":{"@context":"https:\/\/schema.org","@graph":[{"@type":"Article","@id":"https:\/\/serbia.com\/srpski\/kanjon-gradac-gde-se-avantura-susrece-sa-spokojem\/#article","isPartOf":{"@id":"https:\/\/serbia.com\/srpski\/kanjon-gradac-gde-se-avantura-susrece-sa-spokojem\/"},"author":{"name":"Ivona Lekan","@id":"https:\/\/serbia.com\/#\/schema\/person\/954f6599db4406bd5f2e8384659bdc33"},"headline":"Kanjon Gradac: Gde se avantura susre\u0107e sa spokojem","datePublished":"2024-11-19T08:59:16+00:00","dateModified":"2024-11-19T09:07:06+00:00","mainEntityOfPage":{"@id":"https:\/\/serbia.com\/srpski\/kanjon-gradac-gde-se-avantura-susrece-sa-spokojem\/"},"wordCount":585,"commentCount":0,"image":{"@id":"https:\/\/serbia.com\/srpski\/kanjon-gradac-gde-se-avantura-susrece-sa-spokojem\/#primaryimage"},"thumbnailUrl":"https:\/\/serbia.com\/wp-content\/uploads\/2024\/11\/gradac4.jpg","keywords":["Gradac","Valjevo"],"articleSection":["Istaknuto","Prirodne lepote","Reke i jezera"],"inLanguage":"srpski","potentialAction":[{"@type":"CommentAction","name":"Comment","target":["https:\/\/serbia.com\/srpski\/kanjon-gradac-gde-se-avantura-susrece-sa-spokojem\/#respond"]}]},{"@type":"WebPage","@id":"https:\/\/serbia.com\/srpski\/kanjon-gradac-gde-se-avantura-susrece-sa-spokojem\/","url":"https:\/\/serbia.com\/srpski\/kanjon-gradac-gde-se-avantura-susrece-sa-spokojem\/","name":"Kanjon Gradac: Gde se avantura susre\u0107e sa spokojem - Serbia.com","isPartOf":{"@id":"https:\/\/serbia.com\/#website"},"primaryImageOfPage":{"@id":"https:\/\/serbia.com\/srpski\/kanjon-gradac-gde-se-avantura-susrece-sa-spokojem\/#primaryimage"},"image":{"@id":"https:\/\/serbia.com\/srpski\/kanjon-gradac-gde-se-avantura-susrece-sa-spokojem\/#primaryimage"},"thumbnailUrl":"https:\/\/serbia.com\/wp-content\/uploads\/2024\/11\/gradac4.jpg","datePublished":"2024-11-19T08:59:16+00:00","dateModified":"2024-11-19T09:07:06+00:00","author":{"@id":"https:\/\/serbia.com\/#\/schema\/person\/954f6599db4406bd5f2e8384659bdc33"},"breadcrumb":{"@id":"https:\/\/serbia.com\/srpski\/kanjon-gradac-gde-se-avantura-susrece-sa-spokojem\/#breadcrumb"},"inLanguage":"srpski","potentialAction":[{"@type":"ReadAction","target":["https:\/\/serbia.com\/srpski\/kanjon-gradac-gde-se-avantura-susrece-sa-spokojem\/"]}]},{"@type":"ImageObject","inLanguage":"srpski","@id":"https:\/\/serbia.com\/srpski\/kanjon-gradac-gde-se-avantura-susrece-sa-spokojem\/#primaryimage","url":"https:\/\/serbia.com\/wp-content\/uploads\/2024\/11\/gradac4.jpg","contentUrl":"https:\/\/serbia.com\/wp-content\/uploads\/2024\/11\/gradac4.jpg","width":1024,"height":768},{"@type":"BreadcrumbList","@id":"https:\/\/serbia.com\/srpski\/kanjon-gradac-gde-se-avantura-susrece-sa-spokojem\/#breadcrumb","itemListElement":[{"@type":"ListItem","position":1,"name":"Home","item":"https:\/\/serbia.com\/srpski\/"},{"@type":"ListItem","position":2,"name":"Kanjon Gradac: Gde se avantura susre\u0107e sa spokojem"}]},{"@type":"WebSite","@id":"https:\/\/serbia.com\/#website","url":"https:\/\/serbia.com\/","name":"Serbia.com","description":"Your Gateway to Serbia","potentialAction":[{"@type":"SearchAction","target":{"@type":"EntryPoint","urlTemplate":"https:\/\/serbia.com\/?s={search_term_string}"},"query-input":{"@type":"PropertyValueSpecification","valueRequired":true,"valueName":"search_term_string"}}],"inLanguage":"srpski"},{"@type":"Person","@id":"https:\/\/serbia.com\/#\/schema\/person\/954f6599db4406bd5f2e8384659bdc33","name":"Ivona Lekan","image":{"@type":"ImageObject","inLanguage":"srpski","@id":"https:\/\/secure.gravatar.com\/avatar\/4eba414fa53ccc3824d6c0254e6c3425ccdebeb4c72580208b23386c071b50b2?s=96&d=mm&r=g","url":"https:\/\/secure.gravatar.com\/avatar\/4eba414fa53ccc3824d6c0254e6c3425ccdebeb4c72580208b23386c071b50b2?s=96&d=mm&r=g","contentUrl":"https:\/\/secure.gravatar.com\/avatar\/4eba414fa53ccc3824d6c0254e6c3425ccdebeb4c72580208b23386c071b50b2?s=96&d=mm&r=g","caption":"Ivona Lekan"},"url":"https:\/\/serbia.com\/srpski\/author\/ivondivine\/"}]}},"brizy_media":[],"_links":{"self":[{"href":"https:\/\/serbia.com\/srpski\/wp-json\/wp\/v2\/posts\/56550","targetHints":{"allow":["GET"]}}],"collection":[{"href":"https:\/\/serbia.com\/srpski\/wp-json\/wp\/v2\/posts"}],"about":[{"href":"https:\/\/serbia.com\/srpski\/wp-json\/wp\/v2\/types\/post"}],"author":[{"embeddable":true,"href":"https:\/\/serbia.com\/srpski\/wp-json\/wp\/v2\/users\/27"}],"replies":[{"embeddable":true,"href":"https:\/\/serbia.com\/srpski\/wp-json\/wp\/v2\/comments?post=56550"}],"version-history":[{"count":3,"href":"https:\/\/serbia.com\/srpski\/wp-json\/wp\/v2\/posts\/56550\/revisions"}],"predecessor-version":[{"id":56554,"href":"https:\/\/serbia.com\/srpski\/wp-json\/wp\/v2\/posts\/56550\/revisions\/56554"}],"wp:featuredmedia":[{"embeddable":true,"href":"https:\/\/serbia.com\/srpski\/wp-json\/wp\/v2\/media\/56544"}],"wp:attachment":[{"href":"https:\/\/serbia.com\/srpski\/wp-json\/wp\/v2\/media?parent=56550"}],"wp:term":[{"taxonomy":"category","embeddable":true,"href":"https:\/\/serbia.com\/srpski\/wp-json\/wp\/v2\/categories?post=56550"},{"taxonomy":"post_tag","embeddable":true,"href":"https:\/\/serbia.com\/srpski\/wp-json\/wp\/v2\/tags?post=56550"}],"curies":[{"name":"wp","href":"https:\/\/api.w.org\/{rel}","templated":true}]}}