{"id":56497,"date":"2024-11-16T10:48:17","date_gmt":"2024-11-16T09:48:17","guid":{"rendered":"https:\/\/serbia.com\/?p=56497"},"modified":"2024-11-16T10:48:26","modified_gmt":"2024-11-16T09:48:26","slug":"danas-je-durdic-dan-mira-porodice-i-tradicije-u-srbiji","status":"publish","type":"post","link":"https:\/\/serbia.com\/srpski\/danas-je-durdic-dan-mira-porodice-i-tradicije-u-srbiji\/","title":{"rendered":"Danas je \u0110ur\u0111ic: Dan Mira, Porodice i Tradicije u Srbiji"},"content":{"rendered":"\n<p><em>\u0160esnaesti novembar je zna\u010dajan dan u kalendaru Srpske pravoslavne crkve \u2013 praznik \u0110ur\u0111ic, dan se\u0107anja na prenos mo\u0161tiju Svetog velikomu\u010denika Georgija u Lidu, gde je njegovo poslednje po\u010divali\u0161te postalo mesto hodo\u010da\u0161\u0107a za hri\u0161\u0107ane \u0161irom sveta. Sveti Georgije je jedan od najvoljenijih svetaca u Srbiji, a \u0110ur\u0111ic je dan molitve, porodi\u010dnih okupljanja i duboko ukorenjenih tradicija.<br><\/em><\/p>\n\n\n\n<h2 class=\"wp-block-heading\"><strong>Ko je bio Sveti Georgije?<br><\/strong><\/h2>\n\n\n\n<p>Sveti Georgije je jedan od najpoznatijih hri\u0161\u0107anskih svetaca, \u010desto prikazan kao vitez koji ubija a\u017edaju. Ro\u0111en u Kapadokiji (dana\u0161nja Turska) krajem 3. veka, Georgije je slu\u017eio kao rimski vojnik i stradao je mu\u010deni\u010dki jer je odbio da se odrekne svoje hri\u0161\u0107anske vere tokom Dioklecijanovog progona hri\u0161\u0107ana. Njegova nepokolebljiva vera i hrabrost u\u010dinili su ga simbolom hrabrosti i pravednosti.<\/p>\n\n\n\n<p>Za Srbe pravoslavne vere, Sveti Georgije ima poseban zna\u010daj kao jedan od najpopularnijih svetaca za\u0161titnika. Njegovi praznici se slave dva puta godi\u0161nje: <strong>\u0110ur\u0111evdan (6. maja)<\/strong>, kada se obele\u017eava njegovo mu\u010deni\u0161tvo, i <strong>\u0110ur\u0111ic (16. novembra)<\/strong>, kada se se\u0107amo prenosa njegovih mo\u0161tiju.<\/p>\n\n\n\n<h2 class=\"wp-block-heading\"><strong>Zna\u010daj \u0110ur\u0111ica u srpskoj kulturi<br><\/strong><\/h2>\n\n\n\n<p>U Srbiji je \u0110ur\u0111ic jedna od naj\u010de\u0161\u0107ih krsnih slava. <strong><a href=\"https:\/\/serbia.com\/srpski\/o-srbiji\/kultura\/nematerijalno-kulturno-nasledje-srbije\/nematerijalno-kulturno-naslede-kao-cuvar-srpskog-identiteta\/slava\/\">Slava<\/a><\/strong> <strong>je jedinstvena srpska tradicija u kojoj porodice odaju po\u010dast svom za\u0161titniku uz verske obrede i sve\u010dana okupljanja. <\/strong>\u0110ur\u0111ic je posebno va\u017ean u krajevima gde je Sveti Georgije porodi\u010dni za\u0161titnik.<\/p>\n\n\n\n<h2 class=\"wp-block-heading\"><strong>Obi\u010daji i tradicije za \u0110ur\u0111ic:<\/strong><\/h2>\n\n\n\n<p><strong>Bogoslu\u017eenja u crkvi:<\/strong> Proslava po\u010dinje liturgijom u lokalnoj pravoslavnoj crkvi, gde se izgovaraju molitve i pevaju himne posve\u0107ene Svetom Georgiju.<\/p>\n\n\n\n<p><strong>Slavski obredi:<\/strong> U domu, porodice pripremaju sve\u010dani hleb, poznat kao slavski kola\u010d, \u017eito i crno vino. Ovi elementi se blagosiljaju u crkvi i simbolizuju \u017eivot, smrt i vaskrsenje u Hristu.<\/p>\n\n\n\n<p><strong>Porodi\u010dna okupljanja:<\/strong> Ro\u0111aci i prijatelji se pozivaju na sve\u010dani ru\u010dak. Obi\u010dno se slu\u017ee tradicionalna srpska jela, a specifi\u010dni recepti zavise od regiona i porodi\u010dnih obi\u010daja.<\/p>\n\n\n\n<p><strong>Dela milosr\u0111a: <\/strong>Deljenje hrane i pomo\u0107 siroma\u0161nima su sastavni deo slavskih obi\u010daja, \u0161to odra\u017eava nesebi\u010dnost Svetog Georgija i hri\u0161\u0107anske vrline.<\/p>\n\n\n\n<figure class=\"wp-block-image size-large\"><img loading=\"lazy\" decoding=\"async\" width=\"1280\" height=\"853\" src=\"https:\/\/serbia.com\/wp-content\/uploads\/2024\/11\/iStock-1404484138-1280x853.jpg\" alt=\"\" class=\"wp-image-56492\" srcset=\"https:\/\/serbia.com\/wp-content\/uploads\/2024\/11\/iStock-1404484138-1280x853.jpg 1280w, https:\/\/serbia.com\/wp-content\/uploads\/2024\/11\/iStock-1404484138-300x200.jpg 300w, https:\/\/serbia.com\/wp-content\/uploads\/2024\/11\/iStock-1404484138-768x512.jpg 768w, https:\/\/serbia.com\/wp-content\/uploads\/2024\/11\/iStock-1404484138-1536x1024.jpg 1536w, https:\/\/serbia.com\/wp-content\/uploads\/2024\/11\/iStock-1404484138-2048x1365.jpg 2048w, https:\/\/serbia.com\/wp-content\/uploads\/2024\/11\/iStock-1404484138-760x507.jpg 760w, https:\/\/serbia.com\/wp-content\/uploads\/2024\/11\/iStock-1404484138-1500x1000.jpg 1500w, https:\/\/serbia.com\/wp-content\/uploads\/2024\/11\/iStock-1404484138-750x500.jpg 750w\" sizes=\"auto, (max-width: 1280px) 100vw, 1280px\" \/><figcaption class=\"wp-element-caption\">Tradicionalno srpsko obele\u017eavanje slave<\/figcaption><\/figure>\n\n\n\n<h2 class=\"wp-block-heading\"><strong>Simbolika Svetog Georgija u srpskoj veri<br><\/strong><\/h2>\n\n\n\n<p>Sveti Georgije je vi\u0161e od istorijske i verske li\u010dnosti; on predstavlja vrline koje duboko odjekuju srpskim duhom. Njegova pobeda nad a\u017edajom, kao \u0161to je prikazano u hri\u0161\u0107anskoj ikonografiji, simbolizuje trijumf dobra nad zlom, vere nad sumnjom i upornosti nad preprekama.<\/p>\n\n\n\n<p>Za mnoge porodice, Sveti Georgije je za\u0161titnik i zastupnik. Porodice koje slave \u0110ur\u0111ic kao svoju slavu \u010desto ga vide kao \u010duvara od nesre\u0107e i vodi\u010da kroz \u017eivotne izazove.<\/p>\n\n\n\n<h2 class=\"wp-block-heading\"><strong>\u0110ur\u0111ic u savremenom dobu<br><\/strong><\/h2>\n\n\n\n<p>Iako duboko ukorenjen u verskoj tradiciji, \u0110ur\u0111ic se prilago\u0111ava savremenom \u017eivotu u Srbiji. Urbane porodice, koje mo\u017eda nemaju pristup istim resursima kao njihovi ruralni sunarodnici, nalaze kreativne na\u010dine da obele\u017ee ovaj praznik, kao \u0161to su pripremanje jednostavnijih jela ili slavlje u u\u017eem krugu najbli\u017eih.<\/p>\n\n\n\n<p>Poslednjih godina se uo\u010dava porast interesovanja za tradicionalne srpske obi\u010daje, uklju\u010duju\u0107i slave. Mla\u0111e generacije sve vi\u0161e prihvataju ove prakse, prepoznaju\u0107i ih kao klju\u010dni deo svog kulturnog identiteta.<\/p>\n\n\n\n<h2 class=\"wp-block-heading\"><strong>Zaklju\u010dak<\/strong><br><\/h2>\n\n\n\n<p>\u0110ur\u0111ic nije samo dan u kalendaru; to je vreme za duhovnu obnovu, porodi\u010dno jedinstvo i kulturni ponos. Za Srbe pravoslavne vere, proslava Svetog Georgija je potvrda vere i po\u010dast mo\u0107i tradicije. Bilo kroz molitvu, obrede ili zajedni\u010dke gozbe, \u0110ur\u0111ic i dalje zauzima posebno mesto u srcima Srba, kako u Srbiji, tako i \u0161irom dijaspore.<\/p>\n\n\n\n<p>Kako se pribli\u017eava 16. novembar, porodice \u0107e paliti svoje sve\u0107e, lomiti slavski kola\u010d i moliti se Svetom Georgiju, \u010duvaju\u0107i \u017eivom vi\u0161evekovnu tradiciju koja je i danas podjednako zna\u010dajna.<\/p>\n","protected":false},"excerpt":{"rendered":"<p>\u0160esnaesti novembar je zna\u010dajan dan u kalendaru Srpske pravoslavne crkve \u2013 praznik \u0110ur\u0111ic, dan se\u0107anja na prenos mo\u0161tiju Svetog velikomu\u010denika Georgija u Lidu, gde je njegovo poslednje po\u010divali\u0161te postalo mesto [&hellip;]<\/p>\n","protected":false},"author":27,"featured_media":56489,"comment_status":"open","ping_status":"closed","sticky":false,"template":"","format":"standard","meta":{"_acf_changed":false,"inline_featured_image":false,"_monsterinsights_skip_tracking":false,"_monsterinsights_sitenote_active":false,"_monsterinsights_sitenote_note":"","_monsterinsights_sitenote_category":0,"footnotes":""},"categories":[973,2846,975,3352],"tags":[6956,1091],"class_list":["post-56497","post","type-post","status-publish","format-standard","has-post-thumbnail","hentry","category-etno-nasledje","category-istaknuto","category-kultura-otkrijte-srbiju","category-nematerijalno-kulturno-naslede","tag-durdic-2","tag-slava-srpski"],"acf":[],"yoast_head":"<!-- This site is optimized with the Yoast SEO plugin v27.4 - https:\/\/yoast.com\/product\/yoast-seo-wordpress\/ -->\n<title>Danas je \u0110ur\u0111ic: Dan Mira, Porodice i Tradicije u Srbiji - Serbia.com<\/title>\n<meta name=\"robots\" content=\"index, follow, max-snippet:-1, max-image-preview:large, max-video-preview:-1\" \/>\n<link rel=\"canonical\" href=\"https:\/\/serbia.com\/srpski\/danas-je-durdic-dan-mira-porodice-i-tradicije-u-srbiji\/\" \/>\n<meta property=\"og:locale\" content=\"en_US\" \/>\n<meta property=\"og:type\" content=\"article\" \/>\n<meta property=\"og:title\" content=\"Danas je \u0110ur\u0111ic: Dan Mira, Porodice i Tradicije u Srbiji - Serbia.com\" \/>\n<meta property=\"og:description\" content=\"\u0160esnaesti novembar je zna\u010dajan dan u kalendaru Srpske pravoslavne crkve \u2013 praznik \u0110ur\u0111ic, dan se\u0107anja na prenos mo\u0161tiju Svetog velikomu\u010denika Georgija u Lidu, gde je njegovo poslednje po\u010divali\u0161te postalo mesto [&hellip;]\" \/>\n<meta property=\"og:url\" content=\"https:\/\/serbia.com\/srpski\/danas-je-durdic-dan-mira-porodice-i-tradicije-u-srbiji\/\" \/>\n<meta property=\"og:site_name\" content=\"Serbia.com\" \/>\n<meta property=\"article:published_time\" content=\"2024-11-16T09:48:17+00:00\" \/>\n<meta property=\"article:modified_time\" content=\"2024-11-16T09:48:26+00:00\" \/>\n<meta property=\"og:image\" content=\"https:\/\/serbia.com\/wp-content\/uploads\/2024\/11\/sveti-djordje_printscreen.jpg\" \/>\n\t<meta property=\"og:image:width\" content=\"1000\" \/>\n\t<meta property=\"og:image:height\" content=\"666\" \/>\n\t<meta property=\"og:image:type\" content=\"image\/jpeg\" \/>\n<meta name=\"author\" content=\"Ivona Lekan\" \/>\n<meta name=\"twitter:label1\" content=\"Written by\" \/>\n\t<meta name=\"twitter:data1\" content=\"Ivona Lekan\" \/>\n\t<meta name=\"twitter:label2\" content=\"Est. reading time\" \/>\n\t<meta name=\"twitter:data2\" content=\"3 minutes\" \/>\n<script type=\"application\/ld+json\" class=\"yoast-schema-graph\">{\"@context\":\"https:\\\/\\\/schema.org\",\"@graph\":[{\"@type\":\"Article\",\"@id\":\"https:\\\/\\\/serbia.com\\\/srpski\\\/danas-je-durdic-dan-mira-porodice-i-tradicije-u-srbiji\\\/#article\",\"isPartOf\":{\"@id\":\"https:\\\/\\\/serbia.com\\\/srpski\\\/danas-je-durdic-dan-mira-porodice-i-tradicije-u-srbiji\\\/\"},\"author\":{\"name\":\"Ivona Lekan\",\"@id\":\"https:\\\/\\\/serbia.com\\\/#\\\/schema\\\/person\\\/954f6599db4406bd5f2e8384659bdc33\"},\"headline\":\"Danas je \u0110ur\u0111ic: Dan Mira, Porodice i Tradicije u Srbiji\",\"datePublished\":\"2024-11-16T09:48:17+00:00\",\"dateModified\":\"2024-11-16T09:48:26+00:00\",\"mainEntityOfPage\":{\"@id\":\"https:\\\/\\\/serbia.com\\\/srpski\\\/danas-je-durdic-dan-mira-porodice-i-tradicije-u-srbiji\\\/\"},\"wordCount\":646,\"commentCount\":0,\"image\":{\"@id\":\"https:\\\/\\\/serbia.com\\\/srpski\\\/danas-je-durdic-dan-mira-porodice-i-tradicije-u-srbiji\\\/#primaryimage\"},\"thumbnailUrl\":\"https:\\\/\\\/serbia.com\\\/wp-content\\\/uploads\\\/2024\\\/11\\\/sveti-djordje_printscreen.jpg\",\"keywords\":[\"\u0110ur\u0111ic\",\"Slava\"],\"articleSection\":[\"Etno nasle\u0111e\",\"Istaknuto\",\"Kultura\",\"Nematerijalno kulturno nasle\u0111e\"],\"inLanguage\":\"srpski\",\"potentialAction\":[{\"@type\":\"CommentAction\",\"name\":\"Comment\",\"target\":[\"https:\\\/\\\/serbia.com\\\/srpski\\\/danas-je-durdic-dan-mira-porodice-i-tradicije-u-srbiji\\\/#respond\"]}]},{\"@type\":\"WebPage\",\"@id\":\"https:\\\/\\\/serbia.com\\\/srpski\\\/danas-je-durdic-dan-mira-porodice-i-tradicije-u-srbiji\\\/\",\"url\":\"https:\\\/\\\/serbia.com\\\/srpski\\\/danas-je-durdic-dan-mira-porodice-i-tradicije-u-srbiji\\\/\",\"name\":\"Danas je \u0110ur\u0111ic: Dan Mira, Porodice i Tradicije u Srbiji - Serbia.com\",\"isPartOf\":{\"@id\":\"https:\\\/\\\/serbia.com\\\/#website\"},\"primaryImageOfPage\":{\"@id\":\"https:\\\/\\\/serbia.com\\\/srpski\\\/danas-je-durdic-dan-mira-porodice-i-tradicije-u-srbiji\\\/#primaryimage\"},\"image\":{\"@id\":\"https:\\\/\\\/serbia.com\\\/srpski\\\/danas-je-durdic-dan-mira-porodice-i-tradicije-u-srbiji\\\/#primaryimage\"},\"thumbnailUrl\":\"https:\\\/\\\/serbia.com\\\/wp-content\\\/uploads\\\/2024\\\/11\\\/sveti-djordje_printscreen.jpg\",\"datePublished\":\"2024-11-16T09:48:17+00:00\",\"dateModified\":\"2024-11-16T09:48:26+00:00\",\"author\":{\"@id\":\"https:\\\/\\\/serbia.com\\\/#\\\/schema\\\/person\\\/954f6599db4406bd5f2e8384659bdc33\"},\"breadcrumb\":{\"@id\":\"https:\\\/\\\/serbia.com\\\/srpski\\\/danas-je-durdic-dan-mira-porodice-i-tradicije-u-srbiji\\\/#breadcrumb\"},\"inLanguage\":\"srpski\",\"potentialAction\":[{\"@type\":\"ReadAction\",\"target\":[\"https:\\\/\\\/serbia.com\\\/srpski\\\/danas-je-durdic-dan-mira-porodice-i-tradicije-u-srbiji\\\/\"]}]},{\"@type\":\"ImageObject\",\"inLanguage\":\"srpski\",\"@id\":\"https:\\\/\\\/serbia.com\\\/srpski\\\/danas-je-durdic-dan-mira-porodice-i-tradicije-u-srbiji\\\/#primaryimage\",\"url\":\"https:\\\/\\\/serbia.com\\\/wp-content\\\/uploads\\\/2024\\\/11\\\/sveti-djordje_printscreen.jpg\",\"contentUrl\":\"https:\\\/\\\/serbia.com\\\/wp-content\\\/uploads\\\/2024\\\/11\\\/sveti-djordje_printscreen.jpg\",\"width\":1000,\"height\":666},{\"@type\":\"BreadcrumbList\",\"@id\":\"https:\\\/\\\/serbia.com\\\/srpski\\\/danas-je-durdic-dan-mira-porodice-i-tradicije-u-srbiji\\\/#breadcrumb\",\"itemListElement\":[{\"@type\":\"ListItem\",\"position\":1,\"name\":\"Home\",\"item\":\"https:\\\/\\\/serbia.com\\\/srpski\\\/srbija\\\/\"},{\"@type\":\"ListItem\",\"position\":2,\"name\":\"Danas je \u0110ur\u0111ic: Dan Mira, Porodice i Tradicije u Srbiji\"}]},{\"@type\":\"WebSite\",\"@id\":\"https:\\\/\\\/serbia.com\\\/#website\",\"url\":\"https:\\\/\\\/serbia.com\\\/\",\"name\":\"Serbia.com\",\"description\":\"Your Gateway to Serbia\",\"potentialAction\":[{\"@type\":\"SearchAction\",\"target\":{\"@type\":\"EntryPoint\",\"urlTemplate\":\"https:\\\/\\\/serbia.com\\\/?s={search_term_string}\"},\"query-input\":{\"@type\":\"PropertyValueSpecification\",\"valueRequired\":true,\"valueName\":\"search_term_string\"}}],\"inLanguage\":\"srpski\"},{\"@type\":\"Person\",\"@id\":\"https:\\\/\\\/serbia.com\\\/#\\\/schema\\\/person\\\/954f6599db4406bd5f2e8384659bdc33\",\"name\":\"Ivona Lekan\",\"image\":{\"@type\":\"ImageObject\",\"inLanguage\":\"srpski\",\"@id\":\"https:\\\/\\\/secure.gravatar.com\\\/avatar\\\/4eba414fa53ccc3824d6c0254e6c3425ccdebeb4c72580208b23386c071b50b2?s=96&d=mm&r=g\",\"url\":\"https:\\\/\\\/secure.gravatar.com\\\/avatar\\\/4eba414fa53ccc3824d6c0254e6c3425ccdebeb4c72580208b23386c071b50b2?s=96&d=mm&r=g\",\"contentUrl\":\"https:\\\/\\\/secure.gravatar.com\\\/avatar\\\/4eba414fa53ccc3824d6c0254e6c3425ccdebeb4c72580208b23386c071b50b2?s=96&d=mm&r=g\",\"caption\":\"Ivona Lekan\"},\"url\":\"https:\\\/\\\/serbia.com\\\/srpski\\\/author\\\/ivondivine\\\/\"}]}<\/script>\n<!-- \/ Yoast SEO plugin. -->","yoast_head_json":{"title":"Danas je \u0110ur\u0111ic: Dan Mira, Porodice i Tradicije u Srbiji - Serbia.com","robots":{"index":"index","follow":"follow","max-snippet":"max-snippet:-1","max-image-preview":"max-image-preview:large","max-video-preview":"max-video-preview:-1"},"canonical":"https:\/\/serbia.com\/srpski\/danas-je-durdic-dan-mira-porodice-i-tradicije-u-srbiji\/","og_locale":"en_US","og_type":"article","og_title":"Danas je \u0110ur\u0111ic: Dan Mira, Porodice i Tradicije u Srbiji - Serbia.com","og_description":"\u0160esnaesti novembar je zna\u010dajan dan u kalendaru Srpske pravoslavne crkve \u2013 praznik \u0110ur\u0111ic, dan se\u0107anja na prenos mo\u0161tiju Svetog velikomu\u010denika Georgija u Lidu, gde je njegovo poslednje po\u010divali\u0161te postalo mesto [&hellip;]","og_url":"https:\/\/serbia.com\/srpski\/danas-je-durdic-dan-mira-porodice-i-tradicije-u-srbiji\/","og_site_name":"Serbia.com","article_published_time":"2024-11-16T09:48:17+00:00","article_modified_time":"2024-11-16T09:48:26+00:00","og_image":[{"width":1000,"height":666,"url":"https:\/\/serbia.com\/wp-content\/uploads\/2024\/11\/sveti-djordje_printscreen.jpg","type":"image\/jpeg"}],"author":"Ivona Lekan","twitter_misc":{"Written by":"Ivona Lekan","Est. reading time":"3 minutes"},"schema":{"@context":"https:\/\/schema.org","@graph":[{"@type":"Article","@id":"https:\/\/serbia.com\/srpski\/danas-je-durdic-dan-mira-porodice-i-tradicije-u-srbiji\/#article","isPartOf":{"@id":"https:\/\/serbia.com\/srpski\/danas-je-durdic-dan-mira-porodice-i-tradicije-u-srbiji\/"},"author":{"name":"Ivona Lekan","@id":"https:\/\/serbia.com\/#\/schema\/person\/954f6599db4406bd5f2e8384659bdc33"},"headline":"Danas je \u0110ur\u0111ic: Dan Mira, Porodice i Tradicije u Srbiji","datePublished":"2024-11-16T09:48:17+00:00","dateModified":"2024-11-16T09:48:26+00:00","mainEntityOfPage":{"@id":"https:\/\/serbia.com\/srpski\/danas-je-durdic-dan-mira-porodice-i-tradicije-u-srbiji\/"},"wordCount":646,"commentCount":0,"image":{"@id":"https:\/\/serbia.com\/srpski\/danas-je-durdic-dan-mira-porodice-i-tradicije-u-srbiji\/#primaryimage"},"thumbnailUrl":"https:\/\/serbia.com\/wp-content\/uploads\/2024\/11\/sveti-djordje_printscreen.jpg","keywords":["\u0110ur\u0111ic","Slava"],"articleSection":["Etno nasle\u0111e","Istaknuto","Kultura","Nematerijalno kulturno nasle\u0111e"],"inLanguage":"srpski","potentialAction":[{"@type":"CommentAction","name":"Comment","target":["https:\/\/serbia.com\/srpski\/danas-je-durdic-dan-mira-porodice-i-tradicije-u-srbiji\/#respond"]}]},{"@type":"WebPage","@id":"https:\/\/serbia.com\/srpski\/danas-je-durdic-dan-mira-porodice-i-tradicije-u-srbiji\/","url":"https:\/\/serbia.com\/srpski\/danas-je-durdic-dan-mira-porodice-i-tradicije-u-srbiji\/","name":"Danas je \u0110ur\u0111ic: Dan Mira, Porodice i Tradicije u Srbiji - Serbia.com","isPartOf":{"@id":"https:\/\/serbia.com\/#website"},"primaryImageOfPage":{"@id":"https:\/\/serbia.com\/srpski\/danas-je-durdic-dan-mira-porodice-i-tradicije-u-srbiji\/#primaryimage"},"image":{"@id":"https:\/\/serbia.com\/srpski\/danas-je-durdic-dan-mira-porodice-i-tradicije-u-srbiji\/#primaryimage"},"thumbnailUrl":"https:\/\/serbia.com\/wp-content\/uploads\/2024\/11\/sveti-djordje_printscreen.jpg","datePublished":"2024-11-16T09:48:17+00:00","dateModified":"2024-11-16T09:48:26+00:00","author":{"@id":"https:\/\/serbia.com\/#\/schema\/person\/954f6599db4406bd5f2e8384659bdc33"},"breadcrumb":{"@id":"https:\/\/serbia.com\/srpski\/danas-je-durdic-dan-mira-porodice-i-tradicije-u-srbiji\/#breadcrumb"},"inLanguage":"srpski","potentialAction":[{"@type":"ReadAction","target":["https:\/\/serbia.com\/srpski\/danas-je-durdic-dan-mira-porodice-i-tradicije-u-srbiji\/"]}]},{"@type":"ImageObject","inLanguage":"srpski","@id":"https:\/\/serbia.com\/srpski\/danas-je-durdic-dan-mira-porodice-i-tradicije-u-srbiji\/#primaryimage","url":"https:\/\/serbia.com\/wp-content\/uploads\/2024\/11\/sveti-djordje_printscreen.jpg","contentUrl":"https:\/\/serbia.com\/wp-content\/uploads\/2024\/11\/sveti-djordje_printscreen.jpg","width":1000,"height":666},{"@type":"BreadcrumbList","@id":"https:\/\/serbia.com\/srpski\/danas-je-durdic-dan-mira-porodice-i-tradicije-u-srbiji\/#breadcrumb","itemListElement":[{"@type":"ListItem","position":1,"name":"Home","item":"https:\/\/serbia.com\/srpski\/srbija\/"},{"@type":"ListItem","position":2,"name":"Danas je \u0110ur\u0111ic: Dan Mira, Porodice i Tradicije u Srbiji"}]},{"@type":"WebSite","@id":"https:\/\/serbia.com\/#website","url":"https:\/\/serbia.com\/","name":"Serbia.com","description":"Your Gateway to Serbia","potentialAction":[{"@type":"SearchAction","target":{"@type":"EntryPoint","urlTemplate":"https:\/\/serbia.com\/?s={search_term_string}"},"query-input":{"@type":"PropertyValueSpecification","valueRequired":true,"valueName":"search_term_string"}}],"inLanguage":"srpski"},{"@type":"Person","@id":"https:\/\/serbia.com\/#\/schema\/person\/954f6599db4406bd5f2e8384659bdc33","name":"Ivona Lekan","image":{"@type":"ImageObject","inLanguage":"srpski","@id":"https:\/\/secure.gravatar.com\/avatar\/4eba414fa53ccc3824d6c0254e6c3425ccdebeb4c72580208b23386c071b50b2?s=96&d=mm&r=g","url":"https:\/\/secure.gravatar.com\/avatar\/4eba414fa53ccc3824d6c0254e6c3425ccdebeb4c72580208b23386c071b50b2?s=96&d=mm&r=g","contentUrl":"https:\/\/secure.gravatar.com\/avatar\/4eba414fa53ccc3824d6c0254e6c3425ccdebeb4c72580208b23386c071b50b2?s=96&d=mm&r=g","caption":"Ivona Lekan"},"url":"https:\/\/serbia.com\/srpski\/author\/ivondivine\/"}]}},"brizy_media":[],"_links":{"self":[{"href":"https:\/\/serbia.com\/srpski\/wp-json\/wp\/v2\/posts\/56497","targetHints":{"allow":["GET"]}}],"collection":[{"href":"https:\/\/serbia.com\/srpski\/wp-json\/wp\/v2\/posts"}],"about":[{"href":"https:\/\/serbia.com\/srpski\/wp-json\/wp\/v2\/types\/post"}],"author":[{"embeddable":true,"href":"https:\/\/serbia.com\/srpski\/wp-json\/wp\/v2\/users\/27"}],"replies":[{"embeddable":true,"href":"https:\/\/serbia.com\/srpski\/wp-json\/wp\/v2\/comments?post=56497"}],"version-history":[{"count":1,"href":"https:\/\/serbia.com\/srpski\/wp-json\/wp\/v2\/posts\/56497\/revisions"}],"predecessor-version":[{"id":56498,"href":"https:\/\/serbia.com\/srpski\/wp-json\/wp\/v2\/posts\/56497\/revisions\/56498"}],"wp:featuredmedia":[{"embeddable":true,"href":"https:\/\/serbia.com\/srpski\/wp-json\/wp\/v2\/media\/56489"}],"wp:attachment":[{"href":"https:\/\/serbia.com\/srpski\/wp-json\/wp\/v2\/media?parent=56497"}],"wp:term":[{"taxonomy":"category","embeddable":true,"href":"https:\/\/serbia.com\/srpski\/wp-json\/wp\/v2\/categories?post=56497"},{"taxonomy":"post_tag","embeddable":true,"href":"https:\/\/serbia.com\/srpski\/wp-json\/wp\/v2\/tags?post=56497"}],"curies":[{"name":"wp","href":"https:\/\/api.w.org\/{rel}","templated":true}]}}