{"id":54623,"date":"2024-09-11T12:23:50","date_gmt":"2024-09-11T10:23:50","guid":{"rendered":"https:\/\/serbia.com\/?p=54623"},"modified":"2024-09-11T12:31:31","modified_gmt":"2024-09-11T10:31:31","slug":"6-razloga-da-posetite-mokru-goru","status":"publish","type":"post","link":"https:\/\/serbia.com\/srpski\/6-razloga-da-posetite-mokru-goru\/","title":{"rendered":"6 razloga da posetite Mokru Goru"},"content":{"rendered":"\n<p><em>Sme\u0161tena izme\u0111u planina <strong><a href=\"https:\/\/serbia.com\/srpski\/posetite-srbiju\/prirodne-lepote\/planine\/zlatibor-ukras-na-1-000-metara-visine\/\" data-type=\"page\" data-id=\"32552\">Zlatibora<\/a><\/strong> i <strong><a href=\"https:\/\/serbia.com\/srpski\/posetite-srbiju\/prirodne-lepote\/planine\/tara-planinski-dom-staroslovenskih-bogova\/\" data-type=\"page\" data-id=\"32523\">Tare<\/a><\/strong> u zapadnoj Srbiji, <strong><a href=\"https:\/\/serbia.com\/srpski\/posetite-srbiju\/prirodne-lepote\/planine\/mokra-gora-inspiracija-umetnosti-i-stvaralastva\/\" data-type=\"page\" data-id=\"32459\">Mokra Gora<\/a><\/strong> je \u017eivopisno selo koje je postalo simbol umiruju\u0107e prirodne lepote i svojevrsnog \u010duda prirode. Sa svojim bujnim \u0161umama, bre\u017euljcima i istorijskim \u0161armom, Mokra Gora nudi posetiocima <strong>jedinstven spoj prirode i kulture<\/strong>, \u0161to je \u010dini jednim od najomiljenijih skrivenih dragulja Srbije. Ovo tiho planinsko selo osvojilo je srca putnika koji su u potrazi za  mirom, avanturama na otvorenom i u\u017eivanjem na tradicionalni srpski na\u010din.<\/em><\/p>\n\n\n\n<h2 class=\"wp-block-heading\">Fascinatni pejza\u017ei<\/h2>\n\n\n\n<p><strong>Prirodni pejza\u017ei Mokre Gore jedna su najve\u0107ih atrakcija<\/strong>. Selo je okru\u017eeno netaknutim \u0161umama bora, jele i bukve, stvaraju\u0107i impresivne pejza\u017ee koji se prote\u017eu dokle pogled se\u017ee. Teren je raznovrstan, sa me\u0161avinom planina, dolina i potoka koji oduzimaju dah na svakom koraku. Tokom prole\u0107a i leta, livade su pro\u0161arane divljim cve\u0107em, a jesen donosi bujnost boja dok drve\u0107e dobija nijanse crvene, narand\u017easte i zlatne.<\/p>\n\n\n\n<figure class=\"wp-block-image size-full\"><img loading=\"lazy\" decoding=\"async\" width=\"2560\" height=\"1707\" src=\"https:\/\/serbia.com\/wp-content\/uploads\/2024\/09\/filip-zrnzevic-HpkTCaSIOy4-unsplash-scaled.jpg\" alt=\"Mokra Gora\" class=\"wp-image-54608\" style=\"aspect-ratio:16\/9;object-fit:cover\" srcset=\"https:\/\/serbia.com\/wp-content\/uploads\/2024\/09\/filip-zrnzevic-HpkTCaSIOy4-unsplash-scaled.jpg 2560w, https:\/\/serbia.com\/wp-content\/uploads\/2024\/09\/filip-zrnzevic-HpkTCaSIOy4-unsplash-300x200.jpg 300w, https:\/\/serbia.com\/wp-content\/uploads\/2024\/09\/filip-zrnzevic-HpkTCaSIOy4-unsplash-1280x853.jpg 1280w, https:\/\/serbia.com\/wp-content\/uploads\/2024\/09\/filip-zrnzevic-HpkTCaSIOy4-unsplash-768x512.jpg 768w, https:\/\/serbia.com\/wp-content\/uploads\/2024\/09\/filip-zrnzevic-HpkTCaSIOy4-unsplash-1536x1024.jpg 1536w, https:\/\/serbia.com\/wp-content\/uploads\/2024\/09\/filip-zrnzevic-HpkTCaSIOy4-unsplash-2048x1365.jpg 2048w, https:\/\/serbia.com\/wp-content\/uploads\/2024\/09\/filip-zrnzevic-HpkTCaSIOy4-unsplash-760x507.jpg 760w, https:\/\/serbia.com\/wp-content\/uploads\/2024\/09\/filip-zrnzevic-HpkTCaSIOy4-unsplash-1500x1000.jpg 1500w, https:\/\/serbia.com\/wp-content\/uploads\/2024\/09\/filip-zrnzevic-HpkTCaSIOy4-unsplash-750x500.jpg 750w\" sizes=\"auto, (max-width: 2560px) 100vw, 2560px\" \/><figcaption class=\"wp-element-caption\">Mokra Gora, ph by: Filip Zrnzevi\u0107<\/figcaption><\/figure>\n\n\n\n<p><\/p>\n\n\n\n<p>Selo je ispresecano kristalno \u010distim planinskim potocima i rekama, koje doprinose njegovom mirnom ambijentu. Obli\u017enja reka <strong><a href=\"https:\/\/serbia.com\/srpski\/posetite-srbiju\/prirodne-lepote\/reke-i-jezera\/drina-divlja-smaragdna-lepotica\/\" data-type=\"page\" data-id=\"32792\">Drina<\/a><\/strong>, poznata po svojim smaragdnim vodama, popularno je mesto za <a href=\"https:\/\/serbia.com\/srpski\/posetite-srbiju\/provedi-se\/ekstremni-sport\/rafting-spust-niz-divlje-reke\/\" data-type=\"page\" data-id=\"33493\">rafting<\/a> i pecanje, dodaju\u0107i avanturisti\u010dki element spokojnom pejza\u017eu.<\/p>\n\n\n\n<h2 class=\"wp-block-heading\"><strong>Nacionalni park Tara i kanjon reke Drine<\/strong><\/h2>\n\n\n\n<p>Mokra Gora se nalazi u blizini <strong><a href=\"https:\/\/serbia.com\/srpski\/posetite-srbiju\/prirodne-lepote\/planine\/tara-planinski-dom-staroslovenskih-bogova\/\" data-type=\"page\" data-id=\"32523\">Nacionalnog parka Tara<\/a><\/strong>, <strong>jednog od najva\u017enijih prirodnih rezervata Srbije<\/strong>. Park je dom gustih \u0161uma, retkih biljnih vrsta i raznovrsnih divljih \u017eivotinja, uklju\u010duju\u0107i mrke medvede, vukove i orlove. To je <strong>raj za ljubitelje prirode i entuzijaste na otvorenom <\/strong>koji u\u017eivaju u <a href=\"https:\/\/serbia.com\/srpski\/posetite-srbiju\/provedi-se\/rekreacija\/planinarenje-i-pesacenje\/\" data-type=\"page\" data-id=\"33559\">planinarenju<\/a>, posmatranju ptica i istra\u017eivanju netaknute divljine.<\/p>\n\n\n\n<figure class=\"wp-block-image size-full\"><img loading=\"lazy\" decoding=\"async\" width=\"2560\" height=\"1920\" src=\"https:\/\/serbia.com\/wp-content\/uploads\/2024\/06\/IMG_20200810_194923-scaled.jpg\" alt=\"Planina Tara\" class=\"wp-image-53830\" style=\"aspect-ratio:16\/9;object-fit:cover\" srcset=\"https:\/\/serbia.com\/wp-content\/uploads\/2024\/06\/IMG_20200810_194923-scaled.jpg 2560w, https:\/\/serbia.com\/wp-content\/uploads\/2024\/06\/IMG_20200810_194923-300x225.jpg 300w, https:\/\/serbia.com\/wp-content\/uploads\/2024\/06\/IMG_20200810_194923-1280x960.jpg 1280w, https:\/\/serbia.com\/wp-content\/uploads\/2024\/06\/IMG_20200810_194923-768x576.jpg 768w, https:\/\/serbia.com\/wp-content\/uploads\/2024\/06\/IMG_20200810_194923-1536x1152.jpg 1536w, https:\/\/serbia.com\/wp-content\/uploads\/2024\/06\/IMG_20200810_194923-2048x1536.jpg 2048w, https:\/\/serbia.com\/wp-content\/uploads\/2024\/06\/IMG_20200810_194923-760x570.jpg 760w, https:\/\/serbia.com\/wp-content\/uploads\/2024\/06\/IMG_20200810_194923-1333x1000.jpg 1333w, https:\/\/serbia.com\/wp-content\/uploads\/2024\/06\/IMG_20200810_194923-667x500.jpg 667w\" sizes=\"auto, (max-width: 2560px) 100vw, 2560px\" \/><figcaption class=\"wp-element-caption\">Nacionalni park Tara<\/figcaption><\/figure>\n\n\n\n<p><\/p>\n\n\n\n<p>Kanjon reke Drine, jedan od najdramati\u010dnijih predela u regionu, nalazi se na ivici Nacionalnog parka Tara. Kanjon je <strong>jedan od najdubljih u Evropi, sa liticama koje se uzdi\u017eu i do 1.000 metara iznad reke.<\/strong> Posetioci mogu da u\u017eivaju u panoramskom pogledu sa nekoliko vidikovaca ili da se proputuju \u010damcem du\u017e reke kako bi u potpunosti do\u017eiveli veli\u010danstvenost kanjona.<\/p>\n\n\n\n<h2 class=\"wp-block-heading\"><strong>\u0160arganska osmica: Putovanje kroz istoriju<\/strong><\/h2>\n\n\n\n<p>Jedna od najpoznatijih atrakcija Mokre Gore je <strong><a href=\"https:\/\/serbia.com\/srpski\/sarganska-osmica-romanticna-voznja-kroz-proslost\/\" data-type=\"post\" data-id=\"42059\">\u0160arganska osmica<\/a><\/strong>, istorijska pruga uskog koloseka koja vodi putnike na \u017eivopisno putovanje kroz planine. Prvobitno izgra\u0111ena po\u010detkom 20. veka kako bi povezala Beograd sa Sarajevom, pruga je obnovljena 1990-ih i sada radi kao turisti\u010dka atrakcija. Voz vijuga kroz <strong>22 tunela i preko pet mostova<\/strong>, pru\u017eaju\u0107i zadivljuju\u0107i pogled na okolni pejza\u017e. Sama vo\u017enja je putovanje u pro\u0161lost, po\u0161to su starinski vagoni i zgrade stanice sa\u010duvani u svom originalnom obliku.<\/p>\n\n\n\n<figure class=\"wp-block-image size-full\"><img loading=\"lazy\" decoding=\"async\" width=\"1200\" height=\"900\" src=\"https:\/\/serbia.com\/wp-content\/uploads\/2024\/06\/1200px-sarganska-osmica-1.jpg\" alt=\"\u0160arganska osmica\" class=\"wp-image-53820\" style=\"aspect-ratio:16\/9;object-fit:cover\" srcset=\"https:\/\/serbia.com\/wp-content\/uploads\/2024\/06\/1200px-sarganska-osmica-1.jpg 1200w, https:\/\/serbia.com\/wp-content\/uploads\/2024\/06\/1200px-sarganska-osmica-1-300x225.jpg 300w, https:\/\/serbia.com\/wp-content\/uploads\/2024\/06\/1200px-sarganska-osmica-1-768x576.jpg 768w, https:\/\/serbia.com\/wp-content\/uploads\/2024\/06\/1200px-sarganska-osmica-1-760x570.jpg 760w, https:\/\/serbia.com\/wp-content\/uploads\/2024\/06\/1200px-sarganska-osmica-1-667x500.jpg 667w\" sizes=\"auto, (max-width: 1200px) 100vw, 1200px\" \/><figcaption class=\"wp-element-caption\">\u0160arganska osmica<\/figcaption><\/figure>\n\n\n\n<p><\/p>\n\n\n\n<p>U srcu \u0160arganske osmice nalazi se selo Mokra Gora, koje slu\u017ei kao polazna ta\u010dka za prugu. Vo\u017enja vozom je popularna atrakcija i za ljubitelje istorije i za ljubitelje prirode, jer kombinuje kulturno nasle\u0111e sa pejza\u017eima koji oduzimaju dah.<\/p>\n\n\n\n<h2 class=\"wp-block-heading\"><strong>Drvengrad: Selo u selu<\/strong><\/h2>\n\n\n\n<p>Jo\u0161 jedno jedinstveno obele\u017eje Mokre Gore je <strong><a href=\"https:\/\/serbia.com\/srpski\/posetite-srbiju\/prirodne-lepote\/etno-sela\/carobno-selo-drvengrad\/\" data-type=\"page\" data-id=\"32394\">Drvengrad<\/a><\/strong>, ili <em>&#8220;Drvena varo\u0161&#8221;<\/em>, <a href=\"https:\/\/serbia.com\/srpski\/posetite-srbiju\/prirodne-lepote\/etno-sela\/\" data-type=\"page\" data-id=\"20929\">etno-selo<\/a> koje je izgradio srpski filmski reditelj <strong><a href=\"https:\/\/serbia.com\/srpski\/emir-kusturica-umetnik-graditelj-i-antiglobalista-2\/\" data-type=\"post\" data-id=\"2782\">Emir Kusturica<\/a><\/strong>. Izgra\u0111en kao scenografija za njegov film <em>\u017divot je \u010dudo<\/em>, Drvengrad je danas <strong>kulturni i turisti\u010dki centar.<\/strong> Selo je fascinantan primer tradicionalne srpske arhitekture, sa drvenim ku\u0107ama, kaldrmisanim ulicama i centralnim trgom sa crkvom i malim bioskopom.<\/p>\n\n\n\n<figure class=\"wp-block-image size-full\"><img loading=\"lazy\" decoding=\"async\" width=\"2560\" height=\"1920\" src=\"https:\/\/serbia.com\/wp-content\/uploads\/2024\/09\/dusan-davidov-NR6sZPf2uvg-unsplash-scaled.jpg\" alt=\"Drvengrad\" class=\"wp-image-54614\" style=\"aspect-ratio:16\/9;object-fit:cover\" srcset=\"https:\/\/serbia.com\/wp-content\/uploads\/2024\/09\/dusan-davidov-NR6sZPf2uvg-unsplash-scaled.jpg 2560w, https:\/\/serbia.com\/wp-content\/uploads\/2024\/09\/dusan-davidov-NR6sZPf2uvg-unsplash-300x225.jpg 300w, https:\/\/serbia.com\/wp-content\/uploads\/2024\/09\/dusan-davidov-NR6sZPf2uvg-unsplash-1280x960.jpg 1280w, https:\/\/serbia.com\/wp-content\/uploads\/2024\/09\/dusan-davidov-NR6sZPf2uvg-unsplash-768x576.jpg 768w, https:\/\/serbia.com\/wp-content\/uploads\/2024\/09\/dusan-davidov-NR6sZPf2uvg-unsplash-1536x1152.jpg 1536w, https:\/\/serbia.com\/wp-content\/uploads\/2024\/09\/dusan-davidov-NR6sZPf2uvg-unsplash-2048x1536.jpg 2048w, https:\/\/serbia.com\/wp-content\/uploads\/2024\/09\/dusan-davidov-NR6sZPf2uvg-unsplash-760x570.jpg 760w, https:\/\/serbia.com\/wp-content\/uploads\/2024\/09\/dusan-davidov-NR6sZPf2uvg-unsplash-1333x1000.jpg 1333w, https:\/\/serbia.com\/wp-content\/uploads\/2024\/09\/dusan-davidov-NR6sZPf2uvg-unsplash-667x500.jpg 667w\" sizes=\"auto, (max-width: 2560px) 100vw, 2560px\" \/><figcaption class=\"wp-element-caption\">Drvengrad, ph by: Du\u0161an Davidov<\/figcaption><\/figure>\n\n\n\n<p>Drvengrad je doma\u0107in raznih kulturnih doga\u0111aja tokom cele godine, uklju\u010duju\u0107i godi\u0161nji <strong>Kustendorf Film Festival<\/strong>, koji privla\u010di filmske stvaraoce i umetnike iz celog sveta. Selo pru\u017ea uvid u srpski seoski \u017eivot, a istovremeno slu\u017ei i kao centar za kreativnost i umetni\u010dko izra\u017eavanje.<\/p>\n\n\n\n<h2 class=\"wp-block-heading\"><strong>Zanimljiva atrakcija tokom \u010ditave godine<\/strong><\/h2>\n\n\n\n<p>Privla\u010dnost Mokre Gore nije ograni\u010dena samo na jedno godi\u0161nje doba. U prole\u0107e i leto, selo je raj za planinare i ljubitelje prirode, sa bezbroj staza koje vode kroz \u0161ume, livade i planinske vrhove. Sve\u017e vazduh i blaga klima \u010dine ga <strong>idealnom destinacijom za opu\u0161tanje i aktivnosti na otvorenom. <\/strong><\/p>\n\n\n\n<figure class=\"wp-block-image size-full\"><img loading=\"lazy\" decoding=\"async\" width=\"1400\" height=\"792\" src=\"https:\/\/serbia.com\/wp-content\/uploads\/2016\/04\/planinarenje-tara1111.png\" alt=\"\" class=\"wp-image-50911\" style=\"aspect-ratio:16\/9;object-fit:cover\" srcset=\"https:\/\/serbia.com\/wp-content\/uploads\/2016\/04\/planinarenje-tara1111.png 1400w, https:\/\/serbia.com\/wp-content\/uploads\/2016\/04\/planinarenje-tara1111-300x170.png 300w, https:\/\/serbia.com\/wp-content\/uploads\/2016\/04\/planinarenje-tara1111-768x434.png 768w, https:\/\/serbia.com\/wp-content\/uploads\/2016\/04\/planinarenje-tara1111-1024x579.png 1024w\" sizes=\"auto, (max-width: 1400px) 100vw, 1400px\" \/><figcaption class=\"wp-element-caption\">Foto: www.tarasportrafting.com<\/figcaption><\/figure>\n\n\n\n<p>Mokra Gora se tokom zime pretvara <strong>u sne\u017enu zemlju \u010duda, savr\u0161enu za <a href=\"https:\/\/serbia.com\/srpski\/posetite-srbiju\/provedi-se\/rekreacija\/skijanje-u-srbiji\/\" data-type=\"page\" data-id=\"38889\">skijanje<\/a>, snowbord i druge zimske sportove.<\/strong> Obli\u017enja planina <a href=\"https:\/\/serbia.com\/srpski\/posetite-srbiju\/prirodne-lepote\/planine\/zlatibor-ukras-na-1-000-metara-visine\/\" data-type=\"page\" data-id=\"32552\">Zlatibor<\/a> nudi skijali\u0161ta, a samo selo zadr\u017eava svoj mirni \u0161arm, sa udobnim kolibama i toplim gostoprimstvom.<\/p>\n\n\n\n<h2 class=\"wp-block-heading\"><strong>O\u010duvanje tradicije i prirodne lepote<\/strong><\/h2>\n\n\n\n<p>Uprkos rastu\u0107oj popularnosti kao turisti\u010dke destinacije, Mokra Gora je uspela da o\u010duva autenti\u010dan <strong>tradicionalni na\u010din \u017eivota i prirodne lepote. <\/strong>Selo je posve\u0107eno <strong>odr\u017eivom turizmu<\/strong>, uz napore da za\u0161titi \u017eivotnu sredinu i odr\u017ei svoje kulturno nasle\u0111e. Lokalne zanatlije nastavljaju da se bave tradicionalnim zanatima, a tradicionalni specijalitetu zasnivaju se na sve\u017eim, lokalnim sastojcima.<\/p>\n\n\n\n<figure class=\"wp-block-image size-full\"><img loading=\"lazy\" decoding=\"async\" width=\"1600\" height=\"913\" src=\"https:\/\/serbia.com\/wp-content\/uploads\/2015\/05\/drvengrad111.jpg\" alt=\"\" class=\"wp-image-32384\" style=\"aspect-ratio:16\/9;object-fit:cover\" srcset=\"https:\/\/serbia.com\/wp-content\/uploads\/2015\/05\/drvengrad111.jpg 1600w, https:\/\/serbia.com\/wp-content\/uploads\/2015\/05\/drvengrad111-300x171.jpg 300w, https:\/\/serbia.com\/wp-content\/uploads\/2015\/05\/drvengrad111-1024x584.jpg 1024w\" sizes=\"auto, (max-width: 1600px) 100vw, 1600px\" \/><\/figure>\n\n\n\n<p>Posetioci Mokre Gore mogu da u\u017eivaju u doma\u0107im sirevima, <a href=\"https:\/\/serbia.com\/srpski\/o-srbiji\/tradicionalna-kuhinja\/\" data-type=\"page\" data-id=\"20271\">tradicionalnim jelima<\/a> i \u010dorbama, kao i u <a href=\"https:\/\/serbia.com\/srpski\/sljivovica-kraljica-srpskih-rakija\/\" data-type=\"post\" data-id=\"29455\">rakiji<\/a>, \u010duvenoj srpskoj vo\u0107noj rakiji. Naglasak na lokalnim proizvodima i tradiciji doprinosi autenti\u010dnom iskustvu boravka u ovom \u0161armantnom selu.<\/p>\n\n\n\n<h2 class=\"wp-block-heading\">Zaklju\u010dak<\/h2>\n\n\n\n<p>Mokra Gora je mesto u kome vreme kao da je stalo, omogu\u0107avaju\u0107i posetiocima da se ponovo pove\u017eu sa prirodom i urone u lepotu srpskog sela. <strong>Bilo da tra\u017eite avanturu, opu\u0161tanje ili \u017eelite da istra\u017eite srpsku kulturu i tradiciju<\/strong>, ovo o\u010daravaju\u0107e selo ima \u0161ta da ponudi. Sa svojim zadivljuju\u0107im pejza\u017eima, istorijskom prugom i jedinstvenim etno-selom, Mokra Gora je zaista <strong>skriveni dragulj koji prikazuje prirodno i kulturno bogatstvo Srbije.<\/strong><\/p>\n\n\n\n<p><strong>\u017delite da istra\u017eite Mokru Goru? Imamo sjajnu turu za vas!<\/strong><\/p>\n\n\n\n<div class=\"wp-block-buttons is-layout-flex wp-block-buttons-is-layout-flex\">\n<div class=\"wp-block-button\"><a class=\"wp-block-button__link has-midnight-gradient-background has-background wp-element-button\" href=\"https:\/\/serbia.com\/srpski\/tour\/tour-test-2\/\">Zaka\u017eite turu<\/a><\/div>\n<\/div>\n\n\n\n<p><\/p>\n","protected":false},"excerpt":{"rendered":"<p>Sme\u0161tena izme\u0111u planina Zlatibora i Tare u zapadnoj Srbiji, Mokra Gora je \u017eivopisno selo koje je postalo simbol umiruju\u0107e prirodne lepote i svojevrsnog \u010duda prirode. Sa svojim bujnim \u0161umama, bre\u017euljcima [&hellip;]<\/p>\n","protected":false},"author":27,"featured_media":32446,"comment_status":"open","ping_status":"closed","sticky":false,"template":"","format":"standard","meta":{"_acf_changed":false,"inline_featured_image":false,"_monsterinsights_skip_tracking":false,"_monsterinsights_sitenote_active":false,"_monsterinsights_sitenote_note":"","_monsterinsights_sitenote_category":0,"footnotes":""},"categories":[1673,2846,1655,1653],"tags":[],"class_list":["post-54623","post","type-post","status-publish","format-standard","has-post-thumbnail","hentry","category-etno-sela","category-istaknuto","category-planine","category-prirodne-lepote-sta-posetiti"],"acf":[],"yoast_head":"<!-- This site is optimized with the Yoast SEO plugin v27.4 - https:\/\/yoast.com\/product\/yoast-seo-wordpress\/ -->\n<title>6 razloga da posetite Mokru Goru - Serbia.com<\/title>\n<meta name=\"robots\" content=\"index, follow, max-snippet:-1, max-image-preview:large, max-video-preview:-1\" \/>\n<link rel=\"canonical\" href=\"https:\/\/serbia.com\/srpski\/6-razloga-da-posetite-mokru-goru\/\" \/>\n<meta property=\"og:locale\" content=\"en_US\" \/>\n<meta property=\"og:type\" content=\"article\" \/>\n<meta property=\"og:title\" content=\"6 razloga da posetite Mokru Goru - Serbia.com\" \/>\n<meta property=\"og:description\" content=\"Sme\u0161tena izme\u0111u planina Zlatibora i Tare u zapadnoj Srbiji, Mokra Gora je \u017eivopisno selo koje je postalo simbol umiruju\u0107e prirodne lepote i svojevrsnog \u010duda prirode. Sa svojim bujnim \u0161umama, bre\u017euljcima [&hellip;]\" \/>\n<meta property=\"og:url\" content=\"https:\/\/serbia.com\/srpski\/6-razloga-da-posetite-mokru-goru\/\" \/>\n<meta property=\"og:site_name\" content=\"Serbia.com\" \/>\n<meta property=\"article:published_time\" content=\"2024-09-11T10:23:50+00:00\" \/>\n<meta property=\"article:modified_time\" content=\"2024-09-11T10:31:31+00:00\" \/>\n<meta property=\"og:image\" content=\"https:\/\/serbia.com\/wp-content\/uploads\/2015\/05\/mokra111.jpg\" \/>\n\t<meta property=\"og:image:width\" content=\"1024\" \/>\n\t<meta property=\"og:image:height\" content=\"414\" \/>\n\t<meta property=\"og:image:type\" content=\"image\/jpeg\" \/>\n<meta name=\"author\" content=\"Ivona Lekan\" \/>\n<meta name=\"twitter:label1\" content=\"Written by\" \/>\n\t<meta name=\"twitter:data1\" content=\"Ivona Lekan\" \/>\n\t<meta name=\"twitter:label2\" content=\"Est. reading time\" \/>\n\t<meta name=\"twitter:data2\" content=\"4 minutes\" \/>\n<script type=\"application\/ld+json\" class=\"yoast-schema-graph\">{\"@context\":\"https:\\\/\\\/schema.org\",\"@graph\":[{\"@type\":\"Article\",\"@id\":\"https:\\\/\\\/serbia.com\\\/srpski\\\/6-razloga-da-posetite-mokru-goru\\\/#article\",\"isPartOf\":{\"@id\":\"https:\\\/\\\/serbia.com\\\/srpski\\\/6-razloga-da-posetite-mokru-goru\\\/\"},\"author\":{\"name\":\"Ivona Lekan\",\"@id\":\"https:\\\/\\\/serbia.com\\\/#\\\/schema\\\/person\\\/954f6599db4406bd5f2e8384659bdc33\"},\"headline\":\"6 razloga da posetite Mokru Goru\",\"datePublished\":\"2024-09-11T10:23:50+00:00\",\"dateModified\":\"2024-09-11T10:31:31+00:00\",\"mainEntityOfPage\":{\"@id\":\"https:\\\/\\\/serbia.com\\\/srpski\\\/6-razloga-da-posetite-mokru-goru\\\/\"},\"wordCount\":896,\"commentCount\":0,\"image\":{\"@id\":\"https:\\\/\\\/serbia.com\\\/srpski\\\/6-razloga-da-posetite-mokru-goru\\\/#primaryimage\"},\"thumbnailUrl\":\"https:\\\/\\\/serbia.com\\\/wp-content\\\/uploads\\\/2015\\\/05\\\/mokra111.jpg\",\"articleSection\":[\"Etno sela\",\"Istaknuto\",\"Planine\",\"Prirodne lepote\"],\"inLanguage\":\"srpski\",\"potentialAction\":[{\"@type\":\"CommentAction\",\"name\":\"Comment\",\"target\":[\"https:\\\/\\\/serbia.com\\\/srpski\\\/6-razloga-da-posetite-mokru-goru\\\/#respond\"]}]},{\"@type\":\"WebPage\",\"@id\":\"https:\\\/\\\/serbia.com\\\/srpski\\\/6-razloga-da-posetite-mokru-goru\\\/\",\"url\":\"https:\\\/\\\/serbia.com\\\/srpski\\\/6-razloga-da-posetite-mokru-goru\\\/\",\"name\":\"6 razloga da posetite Mokru Goru - Serbia.com\",\"isPartOf\":{\"@id\":\"https:\\\/\\\/serbia.com\\\/#website\"},\"primaryImageOfPage\":{\"@id\":\"https:\\\/\\\/serbia.com\\\/srpski\\\/6-razloga-da-posetite-mokru-goru\\\/#primaryimage\"},\"image\":{\"@id\":\"https:\\\/\\\/serbia.com\\\/srpski\\\/6-razloga-da-posetite-mokru-goru\\\/#primaryimage\"},\"thumbnailUrl\":\"https:\\\/\\\/serbia.com\\\/wp-content\\\/uploads\\\/2015\\\/05\\\/mokra111.jpg\",\"datePublished\":\"2024-09-11T10:23:50+00:00\",\"dateModified\":\"2024-09-11T10:31:31+00:00\",\"author\":{\"@id\":\"https:\\\/\\\/serbia.com\\\/#\\\/schema\\\/person\\\/954f6599db4406bd5f2e8384659bdc33\"},\"breadcrumb\":{\"@id\":\"https:\\\/\\\/serbia.com\\\/srpski\\\/6-razloga-da-posetite-mokru-goru\\\/#breadcrumb\"},\"inLanguage\":\"srpski\",\"potentialAction\":[{\"@type\":\"ReadAction\",\"target\":[\"https:\\\/\\\/serbia.com\\\/srpski\\\/6-razloga-da-posetite-mokru-goru\\\/\"]}]},{\"@type\":\"ImageObject\",\"inLanguage\":\"srpski\",\"@id\":\"https:\\\/\\\/serbia.com\\\/srpski\\\/6-razloga-da-posetite-mokru-goru\\\/#primaryimage\",\"url\":\"https:\\\/\\\/serbia.com\\\/wp-content\\\/uploads\\\/2015\\\/05\\\/mokra111.jpg\",\"contentUrl\":\"https:\\\/\\\/serbia.com\\\/wp-content\\\/uploads\\\/2015\\\/05\\\/mokra111.jpg\",\"width\":1024,\"height\":414},{\"@type\":\"BreadcrumbList\",\"@id\":\"https:\\\/\\\/serbia.com\\\/srpski\\\/6-razloga-da-posetite-mokru-goru\\\/#breadcrumb\",\"itemListElement\":[{\"@type\":\"ListItem\",\"position\":1,\"name\":\"Home\",\"item\":\"https:\\\/\\\/serbia.com\\\/srpski\\\/srbija\\\/\"},{\"@type\":\"ListItem\",\"position\":2,\"name\":\"6 razloga da posetite Mokru Goru\"}]},{\"@type\":\"WebSite\",\"@id\":\"https:\\\/\\\/serbia.com\\\/#website\",\"url\":\"https:\\\/\\\/serbia.com\\\/\",\"name\":\"Serbia.com\",\"description\":\"Your Gateway to Serbia\",\"potentialAction\":[{\"@type\":\"SearchAction\",\"target\":{\"@type\":\"EntryPoint\",\"urlTemplate\":\"https:\\\/\\\/serbia.com\\\/?s={search_term_string}\"},\"query-input\":{\"@type\":\"PropertyValueSpecification\",\"valueRequired\":true,\"valueName\":\"search_term_string\"}}],\"inLanguage\":\"srpski\"},{\"@type\":\"Person\",\"@id\":\"https:\\\/\\\/serbia.com\\\/#\\\/schema\\\/person\\\/954f6599db4406bd5f2e8384659bdc33\",\"name\":\"Ivona Lekan\",\"image\":{\"@type\":\"ImageObject\",\"inLanguage\":\"srpski\",\"@id\":\"https:\\\/\\\/secure.gravatar.com\\\/avatar\\\/4eba414fa53ccc3824d6c0254e6c3425ccdebeb4c72580208b23386c071b50b2?s=96&d=mm&r=g\",\"url\":\"https:\\\/\\\/secure.gravatar.com\\\/avatar\\\/4eba414fa53ccc3824d6c0254e6c3425ccdebeb4c72580208b23386c071b50b2?s=96&d=mm&r=g\",\"contentUrl\":\"https:\\\/\\\/secure.gravatar.com\\\/avatar\\\/4eba414fa53ccc3824d6c0254e6c3425ccdebeb4c72580208b23386c071b50b2?s=96&d=mm&r=g\",\"caption\":\"Ivona Lekan\"},\"url\":\"https:\\\/\\\/serbia.com\\\/srpski\\\/author\\\/ivondivine\\\/\"}]}<\/script>\n<!-- \/ Yoast SEO plugin. -->","yoast_head_json":{"title":"6 razloga da posetite Mokru Goru - Serbia.com","robots":{"index":"index","follow":"follow","max-snippet":"max-snippet:-1","max-image-preview":"max-image-preview:large","max-video-preview":"max-video-preview:-1"},"canonical":"https:\/\/serbia.com\/srpski\/6-razloga-da-posetite-mokru-goru\/","og_locale":"en_US","og_type":"article","og_title":"6 razloga da posetite Mokru Goru - Serbia.com","og_description":"Sme\u0161tena izme\u0111u planina Zlatibora i Tare u zapadnoj Srbiji, Mokra Gora je \u017eivopisno selo koje je postalo simbol umiruju\u0107e prirodne lepote i svojevrsnog \u010duda prirode. Sa svojim bujnim \u0161umama, bre\u017euljcima [&hellip;]","og_url":"https:\/\/serbia.com\/srpski\/6-razloga-da-posetite-mokru-goru\/","og_site_name":"Serbia.com","article_published_time":"2024-09-11T10:23:50+00:00","article_modified_time":"2024-09-11T10:31:31+00:00","og_image":[{"width":1024,"height":414,"url":"https:\/\/serbia.com\/wp-content\/uploads\/2015\/05\/mokra111.jpg","type":"image\/jpeg"}],"author":"Ivona Lekan","twitter_misc":{"Written by":"Ivona Lekan","Est. reading time":"4 minutes"},"schema":{"@context":"https:\/\/schema.org","@graph":[{"@type":"Article","@id":"https:\/\/serbia.com\/srpski\/6-razloga-da-posetite-mokru-goru\/#article","isPartOf":{"@id":"https:\/\/serbia.com\/srpski\/6-razloga-da-posetite-mokru-goru\/"},"author":{"name":"Ivona Lekan","@id":"https:\/\/serbia.com\/#\/schema\/person\/954f6599db4406bd5f2e8384659bdc33"},"headline":"6 razloga da posetite Mokru Goru","datePublished":"2024-09-11T10:23:50+00:00","dateModified":"2024-09-11T10:31:31+00:00","mainEntityOfPage":{"@id":"https:\/\/serbia.com\/srpski\/6-razloga-da-posetite-mokru-goru\/"},"wordCount":896,"commentCount":0,"image":{"@id":"https:\/\/serbia.com\/srpski\/6-razloga-da-posetite-mokru-goru\/#primaryimage"},"thumbnailUrl":"https:\/\/serbia.com\/wp-content\/uploads\/2015\/05\/mokra111.jpg","articleSection":["Etno sela","Istaknuto","Planine","Prirodne lepote"],"inLanguage":"srpski","potentialAction":[{"@type":"CommentAction","name":"Comment","target":["https:\/\/serbia.com\/srpski\/6-razloga-da-posetite-mokru-goru\/#respond"]}]},{"@type":"WebPage","@id":"https:\/\/serbia.com\/srpski\/6-razloga-da-posetite-mokru-goru\/","url":"https:\/\/serbia.com\/srpski\/6-razloga-da-posetite-mokru-goru\/","name":"6 razloga da posetite Mokru Goru - Serbia.com","isPartOf":{"@id":"https:\/\/serbia.com\/#website"},"primaryImageOfPage":{"@id":"https:\/\/serbia.com\/srpski\/6-razloga-da-posetite-mokru-goru\/#primaryimage"},"image":{"@id":"https:\/\/serbia.com\/srpski\/6-razloga-da-posetite-mokru-goru\/#primaryimage"},"thumbnailUrl":"https:\/\/serbia.com\/wp-content\/uploads\/2015\/05\/mokra111.jpg","datePublished":"2024-09-11T10:23:50+00:00","dateModified":"2024-09-11T10:31:31+00:00","author":{"@id":"https:\/\/serbia.com\/#\/schema\/person\/954f6599db4406bd5f2e8384659bdc33"},"breadcrumb":{"@id":"https:\/\/serbia.com\/srpski\/6-razloga-da-posetite-mokru-goru\/#breadcrumb"},"inLanguage":"srpski","potentialAction":[{"@type":"ReadAction","target":["https:\/\/serbia.com\/srpski\/6-razloga-da-posetite-mokru-goru\/"]}]},{"@type":"ImageObject","inLanguage":"srpski","@id":"https:\/\/serbia.com\/srpski\/6-razloga-da-posetite-mokru-goru\/#primaryimage","url":"https:\/\/serbia.com\/wp-content\/uploads\/2015\/05\/mokra111.jpg","contentUrl":"https:\/\/serbia.com\/wp-content\/uploads\/2015\/05\/mokra111.jpg","width":1024,"height":414},{"@type":"BreadcrumbList","@id":"https:\/\/serbia.com\/srpski\/6-razloga-da-posetite-mokru-goru\/#breadcrumb","itemListElement":[{"@type":"ListItem","position":1,"name":"Home","item":"https:\/\/serbia.com\/srpski\/srbija\/"},{"@type":"ListItem","position":2,"name":"6 razloga da posetite Mokru Goru"}]},{"@type":"WebSite","@id":"https:\/\/serbia.com\/#website","url":"https:\/\/serbia.com\/","name":"Serbia.com","description":"Your Gateway to Serbia","potentialAction":[{"@type":"SearchAction","target":{"@type":"EntryPoint","urlTemplate":"https:\/\/serbia.com\/?s={search_term_string}"},"query-input":{"@type":"PropertyValueSpecification","valueRequired":true,"valueName":"search_term_string"}}],"inLanguage":"srpski"},{"@type":"Person","@id":"https:\/\/serbia.com\/#\/schema\/person\/954f6599db4406bd5f2e8384659bdc33","name":"Ivona Lekan","image":{"@type":"ImageObject","inLanguage":"srpski","@id":"https:\/\/secure.gravatar.com\/avatar\/4eba414fa53ccc3824d6c0254e6c3425ccdebeb4c72580208b23386c071b50b2?s=96&d=mm&r=g","url":"https:\/\/secure.gravatar.com\/avatar\/4eba414fa53ccc3824d6c0254e6c3425ccdebeb4c72580208b23386c071b50b2?s=96&d=mm&r=g","contentUrl":"https:\/\/secure.gravatar.com\/avatar\/4eba414fa53ccc3824d6c0254e6c3425ccdebeb4c72580208b23386c071b50b2?s=96&d=mm&r=g","caption":"Ivona Lekan"},"url":"https:\/\/serbia.com\/srpski\/author\/ivondivine\/"}]}},"brizy_media":[],"_links":{"self":[{"href":"https:\/\/serbia.com\/srpski\/wp-json\/wp\/v2\/posts\/54623","targetHints":{"allow":["GET"]}}],"collection":[{"href":"https:\/\/serbia.com\/srpski\/wp-json\/wp\/v2\/posts"}],"about":[{"href":"https:\/\/serbia.com\/srpski\/wp-json\/wp\/v2\/types\/post"}],"author":[{"embeddable":true,"href":"https:\/\/serbia.com\/srpski\/wp-json\/wp\/v2\/users\/27"}],"replies":[{"embeddable":true,"href":"https:\/\/serbia.com\/srpski\/wp-json\/wp\/v2\/comments?post=54623"}],"version-history":[{"count":5,"href":"https:\/\/serbia.com\/srpski\/wp-json\/wp\/v2\/posts\/54623\/revisions"}],"predecessor-version":[{"id":54633,"href":"https:\/\/serbia.com\/srpski\/wp-json\/wp\/v2\/posts\/54623\/revisions\/54633"}],"wp:featuredmedia":[{"embeddable":true,"href":"https:\/\/serbia.com\/srpski\/wp-json\/wp\/v2\/media\/32446"}],"wp:attachment":[{"href":"https:\/\/serbia.com\/srpski\/wp-json\/wp\/v2\/media?parent=54623"}],"wp:term":[{"taxonomy":"category","embeddable":true,"href":"https:\/\/serbia.com\/srpski\/wp-json\/wp\/v2\/categories?post=54623"},{"taxonomy":"post_tag","embeddable":true,"href":"https:\/\/serbia.com\/srpski\/wp-json\/wp\/v2\/tags?post=54623"}],"curies":[{"name":"wp","href":"https:\/\/api.w.org\/{rel}","templated":true}]}}