{"id":51885,"date":"2016-07-13T16:59:45","date_gmt":"2016-07-13T14:59:45","guid":{"rendered":"http:\/\/www.serbia.com\/srpski\/?p=51885"},"modified":"2016-07-13T16:59:45","modified_gmt":"2016-07-13T14:59:45","slug":"na-sat-od-beograda","status":"publish","type":"post","link":"https:\/\/serbia.com\/srpski\/na-sat-od-beograda\/","title":{"rendered":"Na sat od Beograda"},"content":{"rendered":"<h4>Od neodoljivog \u0161arma Beograda se ne mo\u017ee pobe\u0107i. Ipak, ukoliko se umorite od turisti\u010dkih obilazaka, \u0161etnji, gradske gu\u017eve i ludog no\u0107nog provoda, mali beg iz prestonice \u0107e vam sigurno prijati. Serbia.com vam preporu\u010duje \u010detiri sjajne destinacije nadomak Beograda. U\u017eivajte!<\/h4>\n<h3>1. Vin\u010da<\/h3>\n<p>Da li ste znali da <em>najdrevnija neolitska civilizacija Evrope<\/em> spava na lokalitetu <a href=\"http:\/\/www.serbia.com\/srpski\/posetite-srbiju\/kulturne-atrakcije\/arheoloska-nalazista\/vinca-kolevka-evropske-civilizacije\/\" target=\"_blank\"><strong>Vin\u010da<\/strong><\/a>, na desnoj obali <a href=\"http:\/\/www.serbia.com\/srpski\/posetite-srbiju\/prirodne-lepote\/reke-i-jezera\/dunav-mesto-spajanja-i-razdvajanja\/\" target=\"_blank\"><strong>Dunava<\/strong><\/a>, nedaleko od centra <a href=\"http:\/\/www.serbia.com\/srpski\/posetite-srbiju\/gradovi\/beograd\/\" target=\"_blank\"><strong>Beograda<\/strong><\/a>?<\/p>\n<p><img loading=\"lazy\" decoding=\"async\" class=\"size-full wp-image-51872 aligncenter\" src=\"http:\/\/www.serbia.com\/wp-content\/uploads\/2016\/07\/vinca32-e1460724872510.jpg\" alt=\"Vin\u010da\" width=\"800\" height=\"416\" srcset=\"https:\/\/serbia.com\/wp-content\/uploads\/2016\/07\/vinca32-e1460724872510.jpg 800w, https:\/\/serbia.com\/wp-content\/uploads\/2016\/07\/vinca32-e1460724872510-300x156.jpg 300w, https:\/\/serbia.com\/wp-content\/uploads\/2016\/07\/vinca32-e1460724872510-768x399.jpg 768w\" sizes=\"auto, (max-width: 800px) 100vw, 800px\" \/><\/p>\n<p>Ukoliko jo\u0161 uvek niste, pravo je vreme da otkrijete ovu zanimljivu destinaciju i <strong>zavirite u kolevku evropske civilizacije!<\/strong><\/p>\n<h3>2. Avala<\/h3>\n<p>Pogled na <a href=\"http:\/\/www.serbia.com\/srpski\/posetite-srbiju\/gradovi\/beograd\/\" target=\"_blank\"><strong>Beograd<\/strong><\/a> iz oblaka? Odli\u010dna ideja! Prelepa planina i jedno od omiljenih izleti\u0161ta pru\u017ei\u0107e vam <strong>jedinstven pogled na prestonicu<\/strong>, ali i mnogo toga drugog.<\/p>\n<p><img loading=\"lazy\" decoding=\"async\" class=\"size-full wp-image-51874 aligncenter\" src=\"http:\/\/www.serbia.com\/wp-content\/uploads\/2016\/07\/spomenik_avala_serbia_visit_02-e1468420192884.jpg\" alt=\"Avala\" width=\"800\" height=\"533\" \/><\/p>\n<p>Od <strong>krajolika<\/strong> <strong>netaknute prirode<\/strong>, preko raznih <strong>kulturno-istorijskih znamenitosti<\/strong>, do okreplju\u0107eg i <strong>blagotvornog vazduha<\/strong>.<\/p>\n<h3>3. Nauti\u010dko selo<\/h3>\n<p>Ukoliko ste ljubitelj <em>reke, sporta, lova, ribolova, ali i zanimljivog provoda na obali reke<\/em>, onda je<strong> nauti\u010dko selo nadomak Beograda<\/strong> idealna destinacija za vas!<\/p>\n<p><img loading=\"lazy\" decoding=\"async\" class=\"size-full wp-image-51876 aligncenter\" src=\"http:\/\/www.serbia.com\/wp-content\/uploads\/2016\/07\/Nautickoselowww.mojvodic.rs_-e1468420312945.jpg\" alt=\"Nauticko selo\" width=\"800\" height=\"533\" \/><\/p>\n<p>Ovde \u0107ete u\u017eivati u <strong>jedinstvenim ku\u0107icama na vodi<\/strong>, lepotama reke <a href=\"http:\/\/www.serbia.com\/srpski\/posetite-srbiju\/prirodne-lepote\/reke-i-jezera\/reka-sava-ispomoc-zevsu\/\" target=\"_blank\"><strong>Save<\/strong><\/a>, <strong>veli\u010danstvenoj prirodi<\/strong> i <strong>fantasti\u010dnim zalascima sunca<\/strong>.<\/p>\n<h3>4. Zorni\u0107a ku\u0107a<\/h3>\n<p>Nigde ne mo\u017eete tako intenzivno osetiti tradicionalni duh Srbije kao u <a href=\"http:\/\/www.serbia.com\/srpski\/posetite-srbiju\/prirodne-lepote\/etno-sela\/\" target=\"_blank\"><strong>etno selima<\/strong><\/a> rasutim po najskrovitijim i najlep\u0161im krajolicima Srbije!<\/p>\n<p><img loading=\"lazy\" decoding=\"async\" class=\"size-full wp-image-51878 aligncenter\" src=\"http:\/\/www.serbia.com\/wp-content\/uploads\/2016\/07\/ZORNICA-KUCA-restoran-1140x757-e1468420499243.jpg\" alt=\"Zornica kuca\" width=\"800\" height=\"531\" \/><\/p>\n<p>Jedno takvo autenti\u010dno mesto nalazi se na samo par kilometara od Beograda. Posetite <strong>Zorni\u0107a ku\u0107u<\/strong> i <em>o\u017eivite srpske obi\u010daje iz davnina!<\/em><\/p>\n","protected":false},"excerpt":{"rendered":"<p>Od neodoljivog \u0161arma Beograda se ne mo\u017ee pobe\u0107i. Ipak, ukoliko se umorite od turisti\u010dkih obilazaka, \u0161etnji, gradske gu\u017eve i ludog no\u0107nog provoda, mali beg iz prestonice \u0107e vam sigurno prijati. [&hellip;]<\/p>\n","protected":false},"author":9,"featured_media":51886,"comment_status":"closed","ping_status":"closed","sticky":false,"template":"","format":"standard","meta":{"_acf_changed":false,"inline_featured_image":false,"_monsterinsights_skip_tracking":false,"_monsterinsights_sitenote_active":false,"_monsterinsights_sitenote_note":"","_monsterinsights_sitenote_category":0,"footnotes":""},"categories":[2497,2846],"tags":[1249,729,6513,2522,6512],"class_list":["post-51885","post","type-post","status-publish","format-standard","has-post-thumbnail","hentry","category-beograd-gradovi","category-istaknuto","tag-avala-srpski","tag-beograd-srpski","tag-nauticko-selo","tag-vinca-srpski-srpski","tag-zornica-kuca"],"acf":[],"yoast_head":"<!-- This site is optimized with the Yoast SEO plugin v27.4 - https:\/\/yoast.com\/product\/yoast-seo-wordpress\/ -->\n<title>Na sat od Beograda - Serbia.com<\/title>\n<meta name=\"robots\" content=\"index, follow, max-snippet:-1, max-image-preview:large, max-video-preview:-1\" \/>\n<link rel=\"canonical\" href=\"https:\/\/serbia.com\/srpski\/na-sat-od-beograda\/\" \/>\n<meta property=\"og:locale\" content=\"en_US\" \/>\n<meta property=\"og:type\" content=\"article\" \/>\n<meta property=\"og:title\" content=\"Na sat od Beograda - Serbia.com\" \/>\n<meta property=\"og:description\" content=\"Od neodoljivog \u0161arma Beograda se ne mo\u017ee pobe\u0107i. Ipak, ukoliko se umorite od turisti\u010dkih obilazaka, \u0161etnji, gradske gu\u017eve i ludog no\u0107nog provoda, mali beg iz prestonice \u0107e vam sigurno prijati. [&hellip;]\" \/>\n<meta property=\"og:url\" content=\"https:\/\/serbia.com\/srpski\/na-sat-od-beograda\/\" \/>\n<meta property=\"og:site_name\" content=\"Serbia.com\" \/>\n<meta property=\"article:published_time\" content=\"2016-07-13T14:59:45+00:00\" \/>\n<meta property=\"og:image\" content=\"https:\/\/serbia.com\/wp-content\/uploads\/2016\/07\/na-sat-od-beograda.jpg\" \/>\n\t<meta property=\"og:image:width\" content=\"800\" \/>\n\t<meta property=\"og:image:height\" content=\"441\" \/>\n\t<meta property=\"og:image:type\" content=\"image\/jpeg\" \/>\n<meta name=\"author\" content=\"Serbia.com\" \/>\n<meta name=\"twitter:label1\" content=\"Written by\" \/>\n\t<meta name=\"twitter:data1\" content=\"Serbia.com\" \/>\n\t<meta name=\"twitter:label2\" content=\"Est. reading time\" \/>\n\t<meta name=\"twitter:data2\" content=\"1 minute\" \/>\n<script type=\"application\/ld+json\" class=\"yoast-schema-graph\">{\"@context\":\"https:\\\/\\\/schema.org\",\"@graph\":[{\"@type\":\"Article\",\"@id\":\"https:\\\/\\\/serbia.com\\\/srpski\\\/na-sat-od-beograda\\\/#article\",\"isPartOf\":{\"@id\":\"https:\\\/\\\/serbia.com\\\/srpski\\\/na-sat-od-beograda\\\/\"},\"author\":{\"name\":\"Serbia.com\",\"@id\":\"https:\\\/\\\/serbia.com\\\/#\\\/schema\\\/person\\\/6fe28d3055f5f291d832531e555da490\"},\"headline\":\"Na sat od Beograda\",\"datePublished\":\"2016-07-13T14:59:45+00:00\",\"mainEntityOfPage\":{\"@id\":\"https:\\\/\\\/serbia.com\\\/srpski\\\/na-sat-od-beograda\\\/\"},\"wordCount\":238,\"image\":{\"@id\":\"https:\\\/\\\/serbia.com\\\/srpski\\\/na-sat-od-beograda\\\/#primaryimage\"},\"thumbnailUrl\":\"https:\\\/\\\/serbia.com\\\/wp-content\\\/uploads\\\/2016\\\/07\\\/na-sat-od-beograda.jpg\",\"keywords\":[\"Avala\",\"Beograd\",\"Nauti\u010dko selo\",\"Vin\u010da\",\"Zornica kuca\"],\"articleSection\":[\"Beograd\",\"Istaknuto\"],\"inLanguage\":\"srpski\"},{\"@type\":\"WebPage\",\"@id\":\"https:\\\/\\\/serbia.com\\\/srpski\\\/na-sat-od-beograda\\\/\",\"url\":\"https:\\\/\\\/serbia.com\\\/srpski\\\/na-sat-od-beograda\\\/\",\"name\":\"Na sat od Beograda - Serbia.com\",\"isPartOf\":{\"@id\":\"https:\\\/\\\/serbia.com\\\/#website\"},\"primaryImageOfPage\":{\"@id\":\"https:\\\/\\\/serbia.com\\\/srpski\\\/na-sat-od-beograda\\\/#primaryimage\"},\"image\":{\"@id\":\"https:\\\/\\\/serbia.com\\\/srpski\\\/na-sat-od-beograda\\\/#primaryimage\"},\"thumbnailUrl\":\"https:\\\/\\\/serbia.com\\\/wp-content\\\/uploads\\\/2016\\\/07\\\/na-sat-od-beograda.jpg\",\"datePublished\":\"2016-07-13T14:59:45+00:00\",\"author\":{\"@id\":\"https:\\\/\\\/serbia.com\\\/#\\\/schema\\\/person\\\/6fe28d3055f5f291d832531e555da490\"},\"breadcrumb\":{\"@id\":\"https:\\\/\\\/serbia.com\\\/srpski\\\/na-sat-od-beograda\\\/#breadcrumb\"},\"inLanguage\":\"srpski\",\"potentialAction\":[{\"@type\":\"ReadAction\",\"target\":[\"https:\\\/\\\/serbia.com\\\/srpski\\\/na-sat-od-beograda\\\/\"]}]},{\"@type\":\"ImageObject\",\"inLanguage\":\"srpski\",\"@id\":\"https:\\\/\\\/serbia.com\\\/srpski\\\/na-sat-od-beograda\\\/#primaryimage\",\"url\":\"https:\\\/\\\/serbia.com\\\/wp-content\\\/uploads\\\/2016\\\/07\\\/na-sat-od-beograda.jpg\",\"contentUrl\":\"https:\\\/\\\/serbia.com\\\/wp-content\\\/uploads\\\/2016\\\/07\\\/na-sat-od-beograda.jpg\",\"width\":800,\"height\":441},{\"@type\":\"BreadcrumbList\",\"@id\":\"https:\\\/\\\/serbia.com\\\/srpski\\\/na-sat-od-beograda\\\/#breadcrumb\",\"itemListElement\":[{\"@type\":\"ListItem\",\"position\":1,\"name\":\"Home\",\"item\":\"https:\\\/\\\/serbia.com\\\/srpski\\\/srbija\\\/\"},{\"@type\":\"ListItem\",\"position\":2,\"name\":\"Na sat od Beograda\"}]},{\"@type\":\"WebSite\",\"@id\":\"https:\\\/\\\/serbia.com\\\/#website\",\"url\":\"https:\\\/\\\/serbia.com\\\/\",\"name\":\"Serbia.com\",\"description\":\"Your Gateway to Serbia\",\"potentialAction\":[{\"@type\":\"SearchAction\",\"target\":{\"@type\":\"EntryPoint\",\"urlTemplate\":\"https:\\\/\\\/serbia.com\\\/?s={search_term_string}\"},\"query-input\":{\"@type\":\"PropertyValueSpecification\",\"valueRequired\":true,\"valueName\":\"search_term_string\"}}],\"inLanguage\":\"srpski\"},{\"@type\":\"Person\",\"@id\":\"https:\\\/\\\/serbia.com\\\/#\\\/schema\\\/person\\\/6fe28d3055f5f291d832531e555da490\",\"name\":\"Serbia.com\",\"image\":{\"@type\":\"ImageObject\",\"inLanguage\":\"srpski\",\"@id\":\"https:\\\/\\\/secure.gravatar.com\\\/avatar\\\/8381eb54f5b393857857cb5fd6c42264c9e14b10435326bc567fcc3511bd8df4?s=96&d=mm&r=g\",\"url\":\"https:\\\/\\\/secure.gravatar.com\\\/avatar\\\/8381eb54f5b393857857cb5fd6c42264c9e14b10435326bc567fcc3511bd8df4?s=96&d=mm&r=g\",\"contentUrl\":\"https:\\\/\\\/secure.gravatar.com\\\/avatar\\\/8381eb54f5b393857857cb5fd6c42264c9e14b10435326bc567fcc3511bd8df4?s=96&d=mm&r=g\",\"caption\":\"Serbia.com\"},\"url\":\"https:\\\/\\\/serbia.com\\\/srpski\\\/author\\\/serbia-com\\\/\"}]}<\/script>\n<!-- \/ Yoast SEO plugin. -->","yoast_head_json":{"title":"Na sat od Beograda - Serbia.com","robots":{"index":"index","follow":"follow","max-snippet":"max-snippet:-1","max-image-preview":"max-image-preview:large","max-video-preview":"max-video-preview:-1"},"canonical":"https:\/\/serbia.com\/srpski\/na-sat-od-beograda\/","og_locale":"en_US","og_type":"article","og_title":"Na sat od Beograda - Serbia.com","og_description":"Od neodoljivog \u0161arma Beograda se ne mo\u017ee pobe\u0107i. Ipak, ukoliko se umorite od turisti\u010dkih obilazaka, \u0161etnji, gradske gu\u017eve i ludog no\u0107nog provoda, mali beg iz prestonice \u0107e vam sigurno prijati. [&hellip;]","og_url":"https:\/\/serbia.com\/srpski\/na-sat-od-beograda\/","og_site_name":"Serbia.com","article_published_time":"2016-07-13T14:59:45+00:00","og_image":[{"width":800,"height":441,"url":"https:\/\/serbia.com\/wp-content\/uploads\/2016\/07\/na-sat-od-beograda.jpg","type":"image\/jpeg"}],"author":"Serbia.com","twitter_misc":{"Written by":"Serbia.com","Est. reading time":"1 minute"},"schema":{"@context":"https:\/\/schema.org","@graph":[{"@type":"Article","@id":"https:\/\/serbia.com\/srpski\/na-sat-od-beograda\/#article","isPartOf":{"@id":"https:\/\/serbia.com\/srpski\/na-sat-od-beograda\/"},"author":{"name":"Serbia.com","@id":"https:\/\/serbia.com\/#\/schema\/person\/6fe28d3055f5f291d832531e555da490"},"headline":"Na sat od Beograda","datePublished":"2016-07-13T14:59:45+00:00","mainEntityOfPage":{"@id":"https:\/\/serbia.com\/srpski\/na-sat-od-beograda\/"},"wordCount":238,"image":{"@id":"https:\/\/serbia.com\/srpski\/na-sat-od-beograda\/#primaryimage"},"thumbnailUrl":"https:\/\/serbia.com\/wp-content\/uploads\/2016\/07\/na-sat-od-beograda.jpg","keywords":["Avala","Beograd","Nauti\u010dko selo","Vin\u010da","Zornica kuca"],"articleSection":["Beograd","Istaknuto"],"inLanguage":"srpski"},{"@type":"WebPage","@id":"https:\/\/serbia.com\/srpski\/na-sat-od-beograda\/","url":"https:\/\/serbia.com\/srpski\/na-sat-od-beograda\/","name":"Na sat od Beograda - Serbia.com","isPartOf":{"@id":"https:\/\/serbia.com\/#website"},"primaryImageOfPage":{"@id":"https:\/\/serbia.com\/srpski\/na-sat-od-beograda\/#primaryimage"},"image":{"@id":"https:\/\/serbia.com\/srpski\/na-sat-od-beograda\/#primaryimage"},"thumbnailUrl":"https:\/\/serbia.com\/wp-content\/uploads\/2016\/07\/na-sat-od-beograda.jpg","datePublished":"2016-07-13T14:59:45+00:00","author":{"@id":"https:\/\/serbia.com\/#\/schema\/person\/6fe28d3055f5f291d832531e555da490"},"breadcrumb":{"@id":"https:\/\/serbia.com\/srpski\/na-sat-od-beograda\/#breadcrumb"},"inLanguage":"srpski","potentialAction":[{"@type":"ReadAction","target":["https:\/\/serbia.com\/srpski\/na-sat-od-beograda\/"]}]},{"@type":"ImageObject","inLanguage":"srpski","@id":"https:\/\/serbia.com\/srpski\/na-sat-od-beograda\/#primaryimage","url":"https:\/\/serbia.com\/wp-content\/uploads\/2016\/07\/na-sat-od-beograda.jpg","contentUrl":"https:\/\/serbia.com\/wp-content\/uploads\/2016\/07\/na-sat-od-beograda.jpg","width":800,"height":441},{"@type":"BreadcrumbList","@id":"https:\/\/serbia.com\/srpski\/na-sat-od-beograda\/#breadcrumb","itemListElement":[{"@type":"ListItem","position":1,"name":"Home","item":"https:\/\/serbia.com\/srpski\/srbija\/"},{"@type":"ListItem","position":2,"name":"Na sat od Beograda"}]},{"@type":"WebSite","@id":"https:\/\/serbia.com\/#website","url":"https:\/\/serbia.com\/","name":"Serbia.com","description":"Your Gateway to Serbia","potentialAction":[{"@type":"SearchAction","target":{"@type":"EntryPoint","urlTemplate":"https:\/\/serbia.com\/?s={search_term_string}"},"query-input":{"@type":"PropertyValueSpecification","valueRequired":true,"valueName":"search_term_string"}}],"inLanguage":"srpski"},{"@type":"Person","@id":"https:\/\/serbia.com\/#\/schema\/person\/6fe28d3055f5f291d832531e555da490","name":"Serbia.com","image":{"@type":"ImageObject","inLanguage":"srpski","@id":"https:\/\/secure.gravatar.com\/avatar\/8381eb54f5b393857857cb5fd6c42264c9e14b10435326bc567fcc3511bd8df4?s=96&d=mm&r=g","url":"https:\/\/secure.gravatar.com\/avatar\/8381eb54f5b393857857cb5fd6c42264c9e14b10435326bc567fcc3511bd8df4?s=96&d=mm&r=g","contentUrl":"https:\/\/secure.gravatar.com\/avatar\/8381eb54f5b393857857cb5fd6c42264c9e14b10435326bc567fcc3511bd8df4?s=96&d=mm&r=g","caption":"Serbia.com"},"url":"https:\/\/serbia.com\/srpski\/author\/serbia-com\/"}]}},"brizy_media":[],"_links":{"self":[{"href":"https:\/\/serbia.com\/srpski\/wp-json\/wp\/v2\/posts\/51885","targetHints":{"allow":["GET"]}}],"collection":[{"href":"https:\/\/serbia.com\/srpski\/wp-json\/wp\/v2\/posts"}],"about":[{"href":"https:\/\/serbia.com\/srpski\/wp-json\/wp\/v2\/types\/post"}],"author":[{"embeddable":true,"href":"https:\/\/serbia.com\/srpski\/wp-json\/wp\/v2\/users\/9"}],"replies":[{"embeddable":true,"href":"https:\/\/serbia.com\/srpski\/wp-json\/wp\/v2\/comments?post=51885"}],"version-history":[{"count":1,"href":"https:\/\/serbia.com\/srpski\/wp-json\/wp\/v2\/posts\/51885\/revisions"}],"predecessor-version":[{"id":54545,"href":"https:\/\/serbia.com\/srpski\/wp-json\/wp\/v2\/posts\/51885\/revisions\/54545"}],"wp:featuredmedia":[{"embeddable":true,"href":"https:\/\/serbia.com\/srpski\/wp-json\/wp\/v2\/media\/51886"}],"wp:attachment":[{"href":"https:\/\/serbia.com\/srpski\/wp-json\/wp\/v2\/media?parent=51885"}],"wp:term":[{"taxonomy":"category","embeddable":true,"href":"https:\/\/serbia.com\/srpski\/wp-json\/wp\/v2\/categories?post=51885"},{"taxonomy":"post_tag","embeddable":true,"href":"https:\/\/serbia.com\/srpski\/wp-json\/wp\/v2\/tags?post=51885"}],"curies":[{"name":"wp","href":"https:\/\/api.w.org\/{rel}","templated":true}]}}