{"id":50744,"date":"2016-04-27T13:02:29","date_gmt":"2016-04-27T11:02:29","guid":{"rendered":"http:\/\/www.serbia.com\/srpski\/?p=50744"},"modified":"2016-04-27T13:02:29","modified_gmt":"2016-04-27T11:02:29","slug":"jos-nema-zvanicne-potvrde-o-oslobadanju-srbina-kidnapovanog-u-libiji","status":"publish","type":"post","link":"https:\/\/serbia.com\/srpski\/jos-nema-zvanicne-potvrde-o-oslobadanju-srbina-kidnapovanog-u-libiji\/","title":{"rendered":"Jo\u0161 nema zvani\u010dne potvrde o osloba\u0111anju Srbina kidnapovanog u Libiji"},"content":{"rendered":"<h4>Generalni sekretar Ministarstva spoljnih poslova Veljko Odalovi\u0107 izjavio je danas da veruje da je informacija o osloba\u0111anju dr\u017eavljana Srbije Miroslava Tomi\u0107a koji je kidnapovan u Libiji ta\u010dna, ali da jo\u0161 uvek nema zvani\u010dne potvrde o tome.<\/h4>\n<p>&#8220;Ono \u0161to je razgovor koji sam vodio pre 15-tak minuta sa na\u0161im ambasadorom \u010dinjenica to je da one potvrde na na\u010din da sa sigurno\u0161\u0107u mo\u017eemo da potvrdimo porodici i javnosti nismo dobili tu vrstu potvrde. Nema\u010dka firma u kojoj je zaposlen obavestila je da ima informacije da je oslobo\u0111en, ali da \u0107e to mo\u0107i da potvrdi kada bude do\u0161ao u kompaniju i na radno mesto&#8221;, rekao je Odalovi\u0107 za RTS.<\/p>\n<p>Dodao je i da oni, kao i organi Srbije, imaju iz vi\u0161e izvora tvrdnje da je oslobo\u0111en, ali da dok se ne bude javio kompaniji nema zvani\u010dne potvrde o tome.<\/p>\n<p>Odalovi\u0107 je rekao da je kidnapovanje Ministarstvu prijavila kompanija u kojoj je Tomi\u0107 zaposlen, posle \u010dega je na\u0161a ambasada u Libiji krenula zvani\u010dnim putem sa libijskim vlastima da radi na tome.<\/p>\n<p>Od libijske strane je dobijena potvrda da \u0107e sve snage uklju\u010diti da bi se ta situacija re\u0161ila, a u to su uklju\u010dene i lokalne vojne jedinice, koje su krenule putem tragova vozila, na\u0161le mesto gde je kidnapovan i krenule u potragu za tim vozililma.<\/p>\n<p>Upitan \u0161ta bi mogla da bude pozadina tog kidnapovanja, Odalovi\u0107 je naveo da nema\u010dka kompanija tvrdi da politi\u010dke pozadine nema.<\/p>\n<p>&#8220;Tamo postoje lokalni sukobi, lokalne policije, lokalne kriminalne grupe, verovatno je razlog otmice otkup, jer je to jedna od unosnijih delatnosti raznih kriminalnih grupa poslednjih godina&#8221;, naveo je Odalovi\u0107, dodaju\u0107i da nema\u010dka kompanija nije potvrdila da im je zatrazen otkup.<\/p>\n<p>Podse\u0107a da je Ministarstvo poslednje dve godine u nekoliko navrata davalo preporuke koje su to zemlje gde su bezbednosni rizici veliki i gde se ne preporu\u010duje da na\u0161i gra\u0111ani putuju.<\/p>\n<p>Re\u010d je o Tunisu, Libiji, Egiptu, nekim delovima Izraela, Siriji i Avganistanu.<\/p>\n<p>Situcija u tim zemljama se, prema Odalovi\u0107evim re\u010dima, nije bitno promenila i svi na\u0161i dr\u017eavljani u tim zemljama su upozoreni na rizike i znaju proceduru.<\/p>\n<p>U Libiji trenutno, kako je dodao, radi i \u017eivi oko 350 na\u0161ih dr\u017eavljana.<\/p>\n<p>&nbsp;<\/p>\n<p>Izvor: Tanjug<\/p>\n","protected":false},"excerpt":{"rendered":"<p>Generalni sekretar Ministarstva spoljnih poslova Veljko Odalovi\u0107 izjavio je danas da veruje da je informacija o osloba\u0111anju dr\u017eavljana Srbije Miroslava Tomi\u0107a koji je kidnapovan u Libiji ta\u010dna, ali da jo\u0161 [&hellip;]<\/p>\n","protected":false},"author":9,"featured_media":46116,"comment_status":"closed","ping_status":"closed","sticky":false,"template":"","format":"standard","meta":{"_acf_changed":false,"inline_featured_image":false,"_monsterinsights_skip_tracking":false,"_monsterinsights_sitenote_active":false,"_monsterinsights_sitenote_note":"","_monsterinsights_sitenote_category":0,"footnotes":""},"categories":[2700],"tags":[4839,6251,6252,4850],"class_list":["post-50744","post","type-post","status-publish","format-standard","has-post-thumbnail","hentry","category-vesti","tag-libija","tag-miroslav-tomic","tag-srpski-drzavljanin-kidnapovan-u-libiji","tag-veljko-odalovic"],"acf":[],"yoast_head":"<!-- This site is optimized with the Yoast SEO plugin v27.4 - https:\/\/yoast.com\/product\/yoast-seo-wordpress\/ -->\n<title>Jo\u0161 nema zvani\u010dne potvrde o osloba\u0111anju Srbina kidnapovanog u Libiji - Serbia.com<\/title>\n<meta name=\"robots\" content=\"index, follow, max-snippet:-1, max-image-preview:large, max-video-preview:-1\" \/>\n<link rel=\"canonical\" href=\"https:\/\/serbia.com\/srpski\/jos-nema-zvanicne-potvrde-o-oslobadanju-srbina-kidnapovanog-u-libiji\/\" \/>\n<meta property=\"og:locale\" content=\"en_US\" \/>\n<meta property=\"og:type\" content=\"article\" \/>\n<meta property=\"og:title\" content=\"Jo\u0161 nema zvani\u010dne potvrde o osloba\u0111anju Srbina kidnapovanog u Libiji - Serbia.com\" \/>\n<meta property=\"og:description\" content=\"Generalni sekretar Ministarstva spoljnih poslova Veljko Odalovi\u0107 izjavio je danas da veruje da je informacija o osloba\u0111anju dr\u017eavljana Srbije Miroslava Tomi\u0107a koji je kidnapovan u Libiji ta\u010dna, ali da jo\u0161 [&hellip;]\" \/>\n<meta property=\"og:url\" content=\"https:\/\/serbia.com\/srpski\/jos-nema-zvanicne-potvrde-o-oslobadanju-srbina-kidnapovanog-u-libiji\/\" \/>\n<meta property=\"og:site_name\" content=\"Serbia.com\" \/>\n<meta property=\"article:published_time\" content=\"2016-04-27T11:02:29+00:00\" \/>\n<meta property=\"og:image\" content=\"https:\/\/serbia.com\/wp-content\/uploads\/2016\/02\/veljko-odalovic-e1456079641829.jpg\" \/>\n\t<meta property=\"og:image:width\" content=\"800\" \/>\n\t<meta property=\"og:image:height\" content=\"531\" \/>\n\t<meta property=\"og:image:type\" content=\"image\/jpeg\" \/>\n<meta name=\"author\" content=\"Serbia.com\" \/>\n<meta name=\"twitter:label1\" content=\"Written by\" \/>\n\t<meta name=\"twitter:data1\" content=\"Serbia.com\" \/>\n\t<meta name=\"twitter:label2\" content=\"Est. reading time\" \/>\n\t<meta name=\"twitter:data2\" content=\"2 minutes\" \/>\n<script type=\"application\/ld+json\" class=\"yoast-schema-graph\">{\"@context\":\"https:\\\/\\\/schema.org\",\"@graph\":[{\"@type\":\"Article\",\"@id\":\"https:\\\/\\\/serbia.com\\\/srpski\\\/jos-nema-zvanicne-potvrde-o-oslobadanju-srbina-kidnapovanog-u-libiji\\\/#article\",\"isPartOf\":{\"@id\":\"https:\\\/\\\/serbia.com\\\/srpski\\\/jos-nema-zvanicne-potvrde-o-oslobadanju-srbina-kidnapovanog-u-libiji\\\/\"},\"author\":{\"name\":\"Serbia.com\",\"@id\":\"https:\\\/\\\/serbia.com\\\/#\\\/schema\\\/person\\\/6fe28d3055f5f291d832531e555da490\"},\"headline\":\"Jo\u0161 nema zvani\u010dne potvrde o osloba\u0111anju Srbina kidnapovanog u Libiji\",\"datePublished\":\"2016-04-27T11:02:29+00:00\",\"mainEntityOfPage\":{\"@id\":\"https:\\\/\\\/serbia.com\\\/srpski\\\/jos-nema-zvanicne-potvrde-o-oslobadanju-srbina-kidnapovanog-u-libiji\\\/\"},\"wordCount\":401,\"image\":{\"@id\":\"https:\\\/\\\/serbia.com\\\/srpski\\\/jos-nema-zvanicne-potvrde-o-oslobadanju-srbina-kidnapovanog-u-libiji\\\/#primaryimage\"},\"thumbnailUrl\":\"https:\\\/\\\/serbia.com\\\/wp-content\\\/uploads\\\/2016\\\/02\\\/veljko-odalovic-e1456079641829.jpg\",\"keywords\":[\"Libija\",\"Miroslav Tomic\",\"Srpski dr\u017eavljanin kidnapovan u Libiji\",\"Veljko Odalovi\u0107\"],\"articleSection\":[\"Vesti\"],\"inLanguage\":\"srpski\"},{\"@type\":\"WebPage\",\"@id\":\"https:\\\/\\\/serbia.com\\\/srpski\\\/jos-nema-zvanicne-potvrde-o-oslobadanju-srbina-kidnapovanog-u-libiji\\\/\",\"url\":\"https:\\\/\\\/serbia.com\\\/srpski\\\/jos-nema-zvanicne-potvrde-o-oslobadanju-srbina-kidnapovanog-u-libiji\\\/\",\"name\":\"Jo\u0161 nema zvani\u010dne potvrde o osloba\u0111anju Srbina kidnapovanog u Libiji - Serbia.com\",\"isPartOf\":{\"@id\":\"https:\\\/\\\/serbia.com\\\/#website\"},\"primaryImageOfPage\":{\"@id\":\"https:\\\/\\\/serbia.com\\\/srpski\\\/jos-nema-zvanicne-potvrde-o-oslobadanju-srbina-kidnapovanog-u-libiji\\\/#primaryimage\"},\"image\":{\"@id\":\"https:\\\/\\\/serbia.com\\\/srpski\\\/jos-nema-zvanicne-potvrde-o-oslobadanju-srbina-kidnapovanog-u-libiji\\\/#primaryimage\"},\"thumbnailUrl\":\"https:\\\/\\\/serbia.com\\\/wp-content\\\/uploads\\\/2016\\\/02\\\/veljko-odalovic-e1456079641829.jpg\",\"datePublished\":\"2016-04-27T11:02:29+00:00\",\"author\":{\"@id\":\"https:\\\/\\\/serbia.com\\\/#\\\/schema\\\/person\\\/6fe28d3055f5f291d832531e555da490\"},\"breadcrumb\":{\"@id\":\"https:\\\/\\\/serbia.com\\\/srpski\\\/jos-nema-zvanicne-potvrde-o-oslobadanju-srbina-kidnapovanog-u-libiji\\\/#breadcrumb\"},\"inLanguage\":\"srpski\",\"potentialAction\":[{\"@type\":\"ReadAction\",\"target\":[\"https:\\\/\\\/serbia.com\\\/srpski\\\/jos-nema-zvanicne-potvrde-o-oslobadanju-srbina-kidnapovanog-u-libiji\\\/\"]}]},{\"@type\":\"ImageObject\",\"inLanguage\":\"srpski\",\"@id\":\"https:\\\/\\\/serbia.com\\\/srpski\\\/jos-nema-zvanicne-potvrde-o-oslobadanju-srbina-kidnapovanog-u-libiji\\\/#primaryimage\",\"url\":\"https:\\\/\\\/serbia.com\\\/wp-content\\\/uploads\\\/2016\\\/02\\\/veljko-odalovic-e1456079641829.jpg\",\"contentUrl\":\"https:\\\/\\\/serbia.com\\\/wp-content\\\/uploads\\\/2016\\\/02\\\/veljko-odalovic-e1456079641829.jpg\",\"width\":800,\"height\":531,\"caption\":\"Veljko Odalovic\"},{\"@type\":\"BreadcrumbList\",\"@id\":\"https:\\\/\\\/serbia.com\\\/srpski\\\/jos-nema-zvanicne-potvrde-o-oslobadanju-srbina-kidnapovanog-u-libiji\\\/#breadcrumb\",\"itemListElement\":[{\"@type\":\"ListItem\",\"position\":1,\"name\":\"Home\",\"item\":\"https:\\\/\\\/serbia.com\\\/srpski\\\/\"},{\"@type\":\"ListItem\",\"position\":2,\"name\":\"Jo\u0161 nema zvani\u010dne potvrde o osloba\u0111anju Srbina kidnapovanog u Libiji\"}]},{\"@type\":\"WebSite\",\"@id\":\"https:\\\/\\\/serbia.com\\\/#website\",\"url\":\"https:\\\/\\\/serbia.com\\\/\",\"name\":\"Serbia.com\",\"description\":\"Your Gateway to Serbia\",\"potentialAction\":[{\"@type\":\"SearchAction\",\"target\":{\"@type\":\"EntryPoint\",\"urlTemplate\":\"https:\\\/\\\/serbia.com\\\/?s={search_term_string}\"},\"query-input\":{\"@type\":\"PropertyValueSpecification\",\"valueRequired\":true,\"valueName\":\"search_term_string\"}}],\"inLanguage\":\"srpski\"},{\"@type\":\"Person\",\"@id\":\"https:\\\/\\\/serbia.com\\\/#\\\/schema\\\/person\\\/6fe28d3055f5f291d832531e555da490\",\"name\":\"Serbia.com\",\"image\":{\"@type\":\"ImageObject\",\"inLanguage\":\"srpski\",\"@id\":\"https:\\\/\\\/secure.gravatar.com\\\/avatar\\\/8381eb54f5b393857857cb5fd6c42264c9e14b10435326bc567fcc3511bd8df4?s=96&d=mm&r=g\",\"url\":\"https:\\\/\\\/secure.gravatar.com\\\/avatar\\\/8381eb54f5b393857857cb5fd6c42264c9e14b10435326bc567fcc3511bd8df4?s=96&d=mm&r=g\",\"contentUrl\":\"https:\\\/\\\/secure.gravatar.com\\\/avatar\\\/8381eb54f5b393857857cb5fd6c42264c9e14b10435326bc567fcc3511bd8df4?s=96&d=mm&r=g\",\"caption\":\"Serbia.com\"},\"url\":\"https:\\\/\\\/serbia.com\\\/srpski\\\/author\\\/serbia-com\\\/\"}]}<\/script>\n<!-- \/ Yoast SEO plugin. -->","yoast_head_json":{"title":"Jo\u0161 nema zvani\u010dne potvrde o osloba\u0111anju Srbina kidnapovanog u Libiji - Serbia.com","robots":{"index":"index","follow":"follow","max-snippet":"max-snippet:-1","max-image-preview":"max-image-preview:large","max-video-preview":"max-video-preview:-1"},"canonical":"https:\/\/serbia.com\/srpski\/jos-nema-zvanicne-potvrde-o-oslobadanju-srbina-kidnapovanog-u-libiji\/","og_locale":"en_US","og_type":"article","og_title":"Jo\u0161 nema zvani\u010dne potvrde o osloba\u0111anju Srbina kidnapovanog u Libiji - Serbia.com","og_description":"Generalni sekretar Ministarstva spoljnih poslova Veljko Odalovi\u0107 izjavio je danas da veruje da je informacija o osloba\u0111anju dr\u017eavljana Srbije Miroslava Tomi\u0107a koji je kidnapovan u Libiji ta\u010dna, ali da jo\u0161 [&hellip;]","og_url":"https:\/\/serbia.com\/srpski\/jos-nema-zvanicne-potvrde-o-oslobadanju-srbina-kidnapovanog-u-libiji\/","og_site_name":"Serbia.com","article_published_time":"2016-04-27T11:02:29+00:00","og_image":[{"width":800,"height":531,"url":"https:\/\/serbia.com\/wp-content\/uploads\/2016\/02\/veljko-odalovic-e1456079641829.jpg","type":"image\/jpeg"}],"author":"Serbia.com","twitter_misc":{"Written by":"Serbia.com","Est. reading time":"2 minutes"},"schema":{"@context":"https:\/\/schema.org","@graph":[{"@type":"Article","@id":"https:\/\/serbia.com\/srpski\/jos-nema-zvanicne-potvrde-o-oslobadanju-srbina-kidnapovanog-u-libiji\/#article","isPartOf":{"@id":"https:\/\/serbia.com\/srpski\/jos-nema-zvanicne-potvrde-o-oslobadanju-srbina-kidnapovanog-u-libiji\/"},"author":{"name":"Serbia.com","@id":"https:\/\/serbia.com\/#\/schema\/person\/6fe28d3055f5f291d832531e555da490"},"headline":"Jo\u0161 nema zvani\u010dne potvrde o osloba\u0111anju Srbina kidnapovanog u Libiji","datePublished":"2016-04-27T11:02:29+00:00","mainEntityOfPage":{"@id":"https:\/\/serbia.com\/srpski\/jos-nema-zvanicne-potvrde-o-oslobadanju-srbina-kidnapovanog-u-libiji\/"},"wordCount":401,"image":{"@id":"https:\/\/serbia.com\/srpski\/jos-nema-zvanicne-potvrde-o-oslobadanju-srbina-kidnapovanog-u-libiji\/#primaryimage"},"thumbnailUrl":"https:\/\/serbia.com\/wp-content\/uploads\/2016\/02\/veljko-odalovic-e1456079641829.jpg","keywords":["Libija","Miroslav Tomic","Srpski dr\u017eavljanin kidnapovan u Libiji","Veljko Odalovi\u0107"],"articleSection":["Vesti"],"inLanguage":"srpski"},{"@type":"WebPage","@id":"https:\/\/serbia.com\/srpski\/jos-nema-zvanicne-potvrde-o-oslobadanju-srbina-kidnapovanog-u-libiji\/","url":"https:\/\/serbia.com\/srpski\/jos-nema-zvanicne-potvrde-o-oslobadanju-srbina-kidnapovanog-u-libiji\/","name":"Jo\u0161 nema zvani\u010dne potvrde o osloba\u0111anju Srbina kidnapovanog u Libiji - Serbia.com","isPartOf":{"@id":"https:\/\/serbia.com\/#website"},"primaryImageOfPage":{"@id":"https:\/\/serbia.com\/srpski\/jos-nema-zvanicne-potvrde-o-oslobadanju-srbina-kidnapovanog-u-libiji\/#primaryimage"},"image":{"@id":"https:\/\/serbia.com\/srpski\/jos-nema-zvanicne-potvrde-o-oslobadanju-srbina-kidnapovanog-u-libiji\/#primaryimage"},"thumbnailUrl":"https:\/\/serbia.com\/wp-content\/uploads\/2016\/02\/veljko-odalovic-e1456079641829.jpg","datePublished":"2016-04-27T11:02:29+00:00","author":{"@id":"https:\/\/serbia.com\/#\/schema\/person\/6fe28d3055f5f291d832531e555da490"},"breadcrumb":{"@id":"https:\/\/serbia.com\/srpski\/jos-nema-zvanicne-potvrde-o-oslobadanju-srbina-kidnapovanog-u-libiji\/#breadcrumb"},"inLanguage":"srpski","potentialAction":[{"@type":"ReadAction","target":["https:\/\/serbia.com\/srpski\/jos-nema-zvanicne-potvrde-o-oslobadanju-srbina-kidnapovanog-u-libiji\/"]}]},{"@type":"ImageObject","inLanguage":"srpski","@id":"https:\/\/serbia.com\/srpski\/jos-nema-zvanicne-potvrde-o-oslobadanju-srbina-kidnapovanog-u-libiji\/#primaryimage","url":"https:\/\/serbia.com\/wp-content\/uploads\/2016\/02\/veljko-odalovic-e1456079641829.jpg","contentUrl":"https:\/\/serbia.com\/wp-content\/uploads\/2016\/02\/veljko-odalovic-e1456079641829.jpg","width":800,"height":531,"caption":"Veljko Odalovic"},{"@type":"BreadcrumbList","@id":"https:\/\/serbia.com\/srpski\/jos-nema-zvanicne-potvrde-o-oslobadanju-srbina-kidnapovanog-u-libiji\/#breadcrumb","itemListElement":[{"@type":"ListItem","position":1,"name":"Home","item":"https:\/\/serbia.com\/srpski\/"},{"@type":"ListItem","position":2,"name":"Jo\u0161 nema zvani\u010dne potvrde o osloba\u0111anju Srbina kidnapovanog u Libiji"}]},{"@type":"WebSite","@id":"https:\/\/serbia.com\/#website","url":"https:\/\/serbia.com\/","name":"Serbia.com","description":"Your Gateway to Serbia","potentialAction":[{"@type":"SearchAction","target":{"@type":"EntryPoint","urlTemplate":"https:\/\/serbia.com\/?s={search_term_string}"},"query-input":{"@type":"PropertyValueSpecification","valueRequired":true,"valueName":"search_term_string"}}],"inLanguage":"srpski"},{"@type":"Person","@id":"https:\/\/serbia.com\/#\/schema\/person\/6fe28d3055f5f291d832531e555da490","name":"Serbia.com","image":{"@type":"ImageObject","inLanguage":"srpski","@id":"https:\/\/secure.gravatar.com\/avatar\/8381eb54f5b393857857cb5fd6c42264c9e14b10435326bc567fcc3511bd8df4?s=96&d=mm&r=g","url":"https:\/\/secure.gravatar.com\/avatar\/8381eb54f5b393857857cb5fd6c42264c9e14b10435326bc567fcc3511bd8df4?s=96&d=mm&r=g","contentUrl":"https:\/\/secure.gravatar.com\/avatar\/8381eb54f5b393857857cb5fd6c42264c9e14b10435326bc567fcc3511bd8df4?s=96&d=mm&r=g","caption":"Serbia.com"},"url":"https:\/\/serbia.com\/srpski\/author\/serbia-com\/"}]}},"brizy_media":[],"_links":{"self":[{"href":"https:\/\/serbia.com\/srpski\/wp-json\/wp\/v2\/posts\/50744","targetHints":{"allow":["GET"]}}],"collection":[{"href":"https:\/\/serbia.com\/srpski\/wp-json\/wp\/v2\/posts"}],"about":[{"href":"https:\/\/serbia.com\/srpski\/wp-json\/wp\/v2\/types\/post"}],"author":[{"embeddable":true,"href":"https:\/\/serbia.com\/srpski\/wp-json\/wp\/v2\/users\/9"}],"replies":[{"embeddable":true,"href":"https:\/\/serbia.com\/srpski\/wp-json\/wp\/v2\/comments?post=50744"}],"version-history":[{"count":0,"href":"https:\/\/serbia.com\/srpski\/wp-json\/wp\/v2\/posts\/50744\/revisions"}],"wp:featuredmedia":[{"embeddable":true,"href":"https:\/\/serbia.com\/srpski\/wp-json\/wp\/v2\/media\/46116"}],"wp:attachment":[{"href":"https:\/\/serbia.com\/srpski\/wp-json\/wp\/v2\/media?parent=50744"}],"wp:term":[{"taxonomy":"category","embeddable":true,"href":"https:\/\/serbia.com\/srpski\/wp-json\/wp\/v2\/categories?post=50744"},{"taxonomy":"post_tag","embeddable":true,"href":"https:\/\/serbia.com\/srpski\/wp-json\/wp\/v2\/tags?post=50744"}],"curies":[{"name":"wp","href":"https:\/\/api.w.org\/{rel}","templated":true}]}}