{"id":50720,"date":"2016-04-26T12:55:01","date_gmt":"2016-04-26T10:55:01","guid":{"rendered":"http:\/\/www.serbia.com\/srpski\/?p=50720"},"modified":"2016-04-26T12:55:01","modified_gmt":"2016-04-26T10:55:01","slug":"pik-obradeno-9798-birackog-tela-sns-u-63-mandata","status":"publish","type":"post","link":"https:\/\/serbia.com\/srpski\/pik-obradeno-9798-birackog-tela-sns-u-63-mandata\/","title":{"rendered":"PIK: Obra\u0111eno 97,98 bira\u010dkog tela, SNS-u 63 mandata"},"content":{"rendered":"<h4>Prema preliminarnim podacima Pokrajinske izborne komisije (PIK), na osnovu 97,98 odsto obra\u0111enog bira\u010dkog tela \u00a0i 97,70 obra\u0111enih bira\u010dkih mestau pokrajini, SNS je na izborima za poslanike u Skup\u0161tini Vojvodine osvojila 44,5 odsto glasova.<\/h4>\n<p>Na osnovu do sada obra\u0111enih podataka, ta lista ima 63 mandata, navedeno je na sajtu PIK-a.<\/p>\n<p>Slede koalicija oko SPS-a, sa 8,85 odsto glasova i 12 mandata, SRS sa 7,66 odsto glasova i deset mandata i koalicija oko DS-a sa osvojenih 7,24 odsto glasova i deset mandata.<\/p>\n<p>LSV, prema preliminarnim rezulatatima, osvojila je 6,43 odsto glasova i devet mandata, Pokret Dosta je bilo 5,54 dosto glasova i sedam mandata, a Savez vojvo\u0111anskim Ma\u0111ara 7,87 odsto glasova i \u0161est mandata.<\/p>\n<p>U pokrajinski parlament u\u0107i \u0107e i lista &#8220;Ma\u0111arski pokret za autonomiju&#8221; sa dva mandata i Zelena stranka sa jednim mandatom.<\/p>\n<p>PIK \u0107e nakon obrade celokupnog matrerijala objaviti kona\u010dne rezultate izbora, navedeno je na sajtu.<\/p>\n<p>&nbsp;<\/p>\n<p>Izvor: Tanjug<\/p>\n","protected":false},"excerpt":{"rendered":"<p>Prema preliminarnim podacima Pokrajinske izborne komisije (PIK), na osnovu 97,98 odsto obra\u0111enog bira\u010dkog tela \u00a0i 97,70 obra\u0111enih bira\u010dkih mestau pokrajini, SNS je na izborima za poslanike u Skup\u0161tini Vojvodine osvojila [&hellip;]<\/p>\n","protected":false},"author":9,"featured_media":47344,"comment_status":"closed","ping_status":"closed","sticky":false,"template":"","format":"standard","meta":{"_acf_changed":false,"inline_featured_image":false,"_monsterinsights_skip_tracking":false,"_monsterinsights_sitenote_active":false,"_monsterinsights_sitenote_note":"","_monsterinsights_sitenote_category":0,"footnotes":""},"categories":[2700],"tags":[2157,4372,5916,6241,6243,6244,2248],"class_list":["post-50720","post","type-post","status-publish","format-standard","has-post-thumbnail","hentry","category-vesti","tag-izbori-srpski","tag-izbori-2016","tag-izbori-u-srbiji","tag-pik","tag-pokrajinska-izborna-komisija","tag-poslanici-u-skupstini-vojvodine","tag-vojvodina-srpski-en"],"acf":[],"yoast_head":"<!-- This site is optimized with the Yoast SEO plugin v27.4 - https:\/\/yoast.com\/product\/yoast-seo-wordpress\/ -->\n<title>PIK: Obra\u0111eno 97,98 bira\u010dkog tela, SNS-u 63 mandata - Serbia.com<\/title>\n<meta name=\"robots\" content=\"index, follow, max-snippet:-1, max-image-preview:large, max-video-preview:-1\" \/>\n<link rel=\"canonical\" href=\"https:\/\/serbia.com\/srpski\/pik-obradeno-9798-birackog-tela-sns-u-63-mandata\/\" \/>\n<meta property=\"og:locale\" content=\"en_US\" \/>\n<meta property=\"og:type\" content=\"article\" \/>\n<meta property=\"og:title\" content=\"PIK: Obra\u0111eno 97,98 bira\u010dkog tela, SNS-u 63 mandata - Serbia.com\" \/>\n<meta property=\"og:description\" content=\"Prema preliminarnim podacima Pokrajinske izborne komisije (PIK), na osnovu 97,98 odsto obra\u0111enog bira\u010dkog tela \u00a0i 97,70 obra\u0111enih bira\u010dkih mestau pokrajini, SNS je na izborima za poslanike u Skup\u0161tini Vojvodine osvojila [&hellip;]\" \/>\n<meta property=\"og:url\" content=\"https:\/\/serbia.com\/srpski\/pik-obradeno-9798-birackog-tela-sns-u-63-mandata\/\" \/>\n<meta property=\"og:site_name\" content=\"Serbia.com\" \/>\n<meta property=\"article:published_time\" content=\"2016-04-26T10:55:01+00:00\" \/>\n<meta property=\"og:image\" content=\"https:\/\/serbia.com\/wp-content\/uploads\/2016\/03\/izbori_0.jpg\" \/>\n\t<meta property=\"og:image:width\" content=\"800\" \/>\n\t<meta property=\"og:image:height\" content=\"455\" \/>\n\t<meta property=\"og:image:type\" content=\"image\/jpeg\" \/>\n<meta name=\"author\" content=\"Serbia.com\" \/>\n<meta name=\"twitter:label1\" content=\"Written by\" \/>\n\t<meta name=\"twitter:data1\" content=\"Serbia.com\" \/>\n\t<meta name=\"twitter:label2\" content=\"Est. reading time\" \/>\n\t<meta name=\"twitter:data2\" content=\"1 minute\" \/>\n<script type=\"application\/ld+json\" class=\"yoast-schema-graph\">{\"@context\":\"https:\\\/\\\/schema.org\",\"@graph\":[{\"@type\":\"Article\",\"@id\":\"https:\\\/\\\/serbia.com\\\/srpski\\\/pik-obradeno-9798-birackog-tela-sns-u-63-mandata\\\/#article\",\"isPartOf\":{\"@id\":\"https:\\\/\\\/serbia.com\\\/srpski\\\/pik-obradeno-9798-birackog-tela-sns-u-63-mandata\\\/\"},\"author\":{\"name\":\"Serbia.com\",\"@id\":\"https:\\\/\\\/serbia.com\\\/#\\\/schema\\\/person\\\/6fe28d3055f5f291d832531e555da490\"},\"headline\":\"PIK: Obra\u0111eno 97,98 bira\u010dkog tela, SNS-u 63 mandata\",\"datePublished\":\"2016-04-26T10:55:01+00:00\",\"mainEntityOfPage\":{\"@id\":\"https:\\\/\\\/serbia.com\\\/srpski\\\/pik-obradeno-9798-birackog-tela-sns-u-63-mandata\\\/\"},\"wordCount\":157,\"image\":{\"@id\":\"https:\\\/\\\/serbia.com\\\/srpski\\\/pik-obradeno-9798-birackog-tela-sns-u-63-mandata\\\/#primaryimage\"},\"thumbnailUrl\":\"https:\\\/\\\/serbia.com\\\/wp-content\\\/uploads\\\/2016\\\/03\\\/izbori_0.jpg\",\"keywords\":[\"Izbori\",\"Izbori 2016.\",\"Izbori u Srbiji\",\"PIK\",\"Pokrajinska izborna komisija\",\"Poslanici u Skup\u0161tini Vojvodine\",\"Vojvodina\"],\"articleSection\":[\"Vesti\"],\"inLanguage\":\"srpski\"},{\"@type\":\"WebPage\",\"@id\":\"https:\\\/\\\/serbia.com\\\/srpski\\\/pik-obradeno-9798-birackog-tela-sns-u-63-mandata\\\/\",\"url\":\"https:\\\/\\\/serbia.com\\\/srpski\\\/pik-obradeno-9798-birackog-tela-sns-u-63-mandata\\\/\",\"name\":\"PIK: Obra\u0111eno 97,98 bira\u010dkog tela, SNS-u 63 mandata - Serbia.com\",\"isPartOf\":{\"@id\":\"https:\\\/\\\/serbia.com\\\/#website\"},\"primaryImageOfPage\":{\"@id\":\"https:\\\/\\\/serbia.com\\\/srpski\\\/pik-obradeno-9798-birackog-tela-sns-u-63-mandata\\\/#primaryimage\"},\"image\":{\"@id\":\"https:\\\/\\\/serbia.com\\\/srpski\\\/pik-obradeno-9798-birackog-tela-sns-u-63-mandata\\\/#primaryimage\"},\"thumbnailUrl\":\"https:\\\/\\\/serbia.com\\\/wp-content\\\/uploads\\\/2016\\\/03\\\/izbori_0.jpg\",\"datePublished\":\"2016-04-26T10:55:01+00:00\",\"author\":{\"@id\":\"https:\\\/\\\/serbia.com\\\/#\\\/schema\\\/person\\\/6fe28d3055f5f291d832531e555da490\"},\"breadcrumb\":{\"@id\":\"https:\\\/\\\/serbia.com\\\/srpski\\\/pik-obradeno-9798-birackog-tela-sns-u-63-mandata\\\/#breadcrumb\"},\"inLanguage\":\"srpski\",\"potentialAction\":[{\"@type\":\"ReadAction\",\"target\":[\"https:\\\/\\\/serbia.com\\\/srpski\\\/pik-obradeno-9798-birackog-tela-sns-u-63-mandata\\\/\"]}]},{\"@type\":\"ImageObject\",\"inLanguage\":\"srpski\",\"@id\":\"https:\\\/\\\/serbia.com\\\/srpski\\\/pik-obradeno-9798-birackog-tela-sns-u-63-mandata\\\/#primaryimage\",\"url\":\"https:\\\/\\\/serbia.com\\\/wp-content\\\/uploads\\\/2016\\\/03\\\/izbori_0.jpg\",\"contentUrl\":\"https:\\\/\\\/serbia.com\\\/wp-content\\\/uploads\\\/2016\\\/03\\\/izbori_0.jpg\",\"width\":800,\"height\":455,\"caption\":\"Elections 2016.\"},{\"@type\":\"BreadcrumbList\",\"@id\":\"https:\\\/\\\/serbia.com\\\/srpski\\\/pik-obradeno-9798-birackog-tela-sns-u-63-mandata\\\/#breadcrumb\",\"itemListElement\":[{\"@type\":\"ListItem\",\"position\":1,\"name\":\"Home\",\"item\":\"https:\\\/\\\/serbia.com\\\/srpski\\\/\"},{\"@type\":\"ListItem\",\"position\":2,\"name\":\"PIK: Obra\u0111eno 97,98 bira\u010dkog tela, SNS-u 63 mandata\"}]},{\"@type\":\"WebSite\",\"@id\":\"https:\\\/\\\/serbia.com\\\/#website\",\"url\":\"https:\\\/\\\/serbia.com\\\/\",\"name\":\"Serbia.com\",\"description\":\"Your Gateway to Serbia\",\"potentialAction\":[{\"@type\":\"SearchAction\",\"target\":{\"@type\":\"EntryPoint\",\"urlTemplate\":\"https:\\\/\\\/serbia.com\\\/?s={search_term_string}\"},\"query-input\":{\"@type\":\"PropertyValueSpecification\",\"valueRequired\":true,\"valueName\":\"search_term_string\"}}],\"inLanguage\":\"srpski\"},{\"@type\":\"Person\",\"@id\":\"https:\\\/\\\/serbia.com\\\/#\\\/schema\\\/person\\\/6fe28d3055f5f291d832531e555da490\",\"name\":\"Serbia.com\",\"image\":{\"@type\":\"ImageObject\",\"inLanguage\":\"srpski\",\"@id\":\"https:\\\/\\\/secure.gravatar.com\\\/avatar\\\/8381eb54f5b393857857cb5fd6c42264c9e14b10435326bc567fcc3511bd8df4?s=96&d=mm&r=g\",\"url\":\"https:\\\/\\\/secure.gravatar.com\\\/avatar\\\/8381eb54f5b393857857cb5fd6c42264c9e14b10435326bc567fcc3511bd8df4?s=96&d=mm&r=g\",\"contentUrl\":\"https:\\\/\\\/secure.gravatar.com\\\/avatar\\\/8381eb54f5b393857857cb5fd6c42264c9e14b10435326bc567fcc3511bd8df4?s=96&d=mm&r=g\",\"caption\":\"Serbia.com\"},\"url\":\"https:\\\/\\\/serbia.com\\\/srpski\\\/author\\\/serbia-com\\\/\"}]}<\/script>\n<!-- \/ Yoast SEO plugin. -->","yoast_head_json":{"title":"PIK: Obra\u0111eno 97,98 bira\u010dkog tela, SNS-u 63 mandata - Serbia.com","robots":{"index":"index","follow":"follow","max-snippet":"max-snippet:-1","max-image-preview":"max-image-preview:large","max-video-preview":"max-video-preview:-1"},"canonical":"https:\/\/serbia.com\/srpski\/pik-obradeno-9798-birackog-tela-sns-u-63-mandata\/","og_locale":"en_US","og_type":"article","og_title":"PIK: Obra\u0111eno 97,98 bira\u010dkog tela, SNS-u 63 mandata - Serbia.com","og_description":"Prema preliminarnim podacima Pokrajinske izborne komisije (PIK), na osnovu 97,98 odsto obra\u0111enog bira\u010dkog tela \u00a0i 97,70 obra\u0111enih bira\u010dkih mestau pokrajini, SNS je na izborima za poslanike u Skup\u0161tini Vojvodine osvojila [&hellip;]","og_url":"https:\/\/serbia.com\/srpski\/pik-obradeno-9798-birackog-tela-sns-u-63-mandata\/","og_site_name":"Serbia.com","article_published_time":"2016-04-26T10:55:01+00:00","og_image":[{"width":800,"height":455,"url":"https:\/\/serbia.com\/wp-content\/uploads\/2016\/03\/izbori_0.jpg","type":"image\/jpeg"}],"author":"Serbia.com","twitter_misc":{"Written by":"Serbia.com","Est. reading time":"1 minute"},"schema":{"@context":"https:\/\/schema.org","@graph":[{"@type":"Article","@id":"https:\/\/serbia.com\/srpski\/pik-obradeno-9798-birackog-tela-sns-u-63-mandata\/#article","isPartOf":{"@id":"https:\/\/serbia.com\/srpski\/pik-obradeno-9798-birackog-tela-sns-u-63-mandata\/"},"author":{"name":"Serbia.com","@id":"https:\/\/serbia.com\/#\/schema\/person\/6fe28d3055f5f291d832531e555da490"},"headline":"PIK: Obra\u0111eno 97,98 bira\u010dkog tela, SNS-u 63 mandata","datePublished":"2016-04-26T10:55:01+00:00","mainEntityOfPage":{"@id":"https:\/\/serbia.com\/srpski\/pik-obradeno-9798-birackog-tela-sns-u-63-mandata\/"},"wordCount":157,"image":{"@id":"https:\/\/serbia.com\/srpski\/pik-obradeno-9798-birackog-tela-sns-u-63-mandata\/#primaryimage"},"thumbnailUrl":"https:\/\/serbia.com\/wp-content\/uploads\/2016\/03\/izbori_0.jpg","keywords":["Izbori","Izbori 2016.","Izbori u Srbiji","PIK","Pokrajinska izborna komisija","Poslanici u Skup\u0161tini Vojvodine","Vojvodina"],"articleSection":["Vesti"],"inLanguage":"srpski"},{"@type":"WebPage","@id":"https:\/\/serbia.com\/srpski\/pik-obradeno-9798-birackog-tela-sns-u-63-mandata\/","url":"https:\/\/serbia.com\/srpski\/pik-obradeno-9798-birackog-tela-sns-u-63-mandata\/","name":"PIK: Obra\u0111eno 97,98 bira\u010dkog tela, SNS-u 63 mandata - Serbia.com","isPartOf":{"@id":"https:\/\/serbia.com\/#website"},"primaryImageOfPage":{"@id":"https:\/\/serbia.com\/srpski\/pik-obradeno-9798-birackog-tela-sns-u-63-mandata\/#primaryimage"},"image":{"@id":"https:\/\/serbia.com\/srpski\/pik-obradeno-9798-birackog-tela-sns-u-63-mandata\/#primaryimage"},"thumbnailUrl":"https:\/\/serbia.com\/wp-content\/uploads\/2016\/03\/izbori_0.jpg","datePublished":"2016-04-26T10:55:01+00:00","author":{"@id":"https:\/\/serbia.com\/#\/schema\/person\/6fe28d3055f5f291d832531e555da490"},"breadcrumb":{"@id":"https:\/\/serbia.com\/srpski\/pik-obradeno-9798-birackog-tela-sns-u-63-mandata\/#breadcrumb"},"inLanguage":"srpski","potentialAction":[{"@type":"ReadAction","target":["https:\/\/serbia.com\/srpski\/pik-obradeno-9798-birackog-tela-sns-u-63-mandata\/"]}]},{"@type":"ImageObject","inLanguage":"srpski","@id":"https:\/\/serbia.com\/srpski\/pik-obradeno-9798-birackog-tela-sns-u-63-mandata\/#primaryimage","url":"https:\/\/serbia.com\/wp-content\/uploads\/2016\/03\/izbori_0.jpg","contentUrl":"https:\/\/serbia.com\/wp-content\/uploads\/2016\/03\/izbori_0.jpg","width":800,"height":455,"caption":"Elections 2016."},{"@type":"BreadcrumbList","@id":"https:\/\/serbia.com\/srpski\/pik-obradeno-9798-birackog-tela-sns-u-63-mandata\/#breadcrumb","itemListElement":[{"@type":"ListItem","position":1,"name":"Home","item":"https:\/\/serbia.com\/srpski\/"},{"@type":"ListItem","position":2,"name":"PIK: Obra\u0111eno 97,98 bira\u010dkog tela, SNS-u 63 mandata"}]},{"@type":"WebSite","@id":"https:\/\/serbia.com\/#website","url":"https:\/\/serbia.com\/","name":"Serbia.com","description":"Your Gateway to Serbia","potentialAction":[{"@type":"SearchAction","target":{"@type":"EntryPoint","urlTemplate":"https:\/\/serbia.com\/?s={search_term_string}"},"query-input":{"@type":"PropertyValueSpecification","valueRequired":true,"valueName":"search_term_string"}}],"inLanguage":"srpski"},{"@type":"Person","@id":"https:\/\/serbia.com\/#\/schema\/person\/6fe28d3055f5f291d832531e555da490","name":"Serbia.com","image":{"@type":"ImageObject","inLanguage":"srpski","@id":"https:\/\/secure.gravatar.com\/avatar\/8381eb54f5b393857857cb5fd6c42264c9e14b10435326bc567fcc3511bd8df4?s=96&d=mm&r=g","url":"https:\/\/secure.gravatar.com\/avatar\/8381eb54f5b393857857cb5fd6c42264c9e14b10435326bc567fcc3511bd8df4?s=96&d=mm&r=g","contentUrl":"https:\/\/secure.gravatar.com\/avatar\/8381eb54f5b393857857cb5fd6c42264c9e14b10435326bc567fcc3511bd8df4?s=96&d=mm&r=g","caption":"Serbia.com"},"url":"https:\/\/serbia.com\/srpski\/author\/serbia-com\/"}]}},"brizy_media":[],"_links":{"self":[{"href":"https:\/\/serbia.com\/srpski\/wp-json\/wp\/v2\/posts\/50720","targetHints":{"allow":["GET"]}}],"collection":[{"href":"https:\/\/serbia.com\/srpski\/wp-json\/wp\/v2\/posts"}],"about":[{"href":"https:\/\/serbia.com\/srpski\/wp-json\/wp\/v2\/types\/post"}],"author":[{"embeddable":true,"href":"https:\/\/serbia.com\/srpski\/wp-json\/wp\/v2\/users\/9"}],"replies":[{"embeddable":true,"href":"https:\/\/serbia.com\/srpski\/wp-json\/wp\/v2\/comments?post=50720"}],"version-history":[{"count":0,"href":"https:\/\/serbia.com\/srpski\/wp-json\/wp\/v2\/posts\/50720\/revisions"}],"wp:featuredmedia":[{"embeddable":true,"href":"https:\/\/serbia.com\/srpski\/wp-json\/wp\/v2\/media\/47344"}],"wp:attachment":[{"href":"https:\/\/serbia.com\/srpski\/wp-json\/wp\/v2\/media?parent=50720"}],"wp:term":[{"taxonomy":"category","embeddable":true,"href":"https:\/\/serbia.com\/srpski\/wp-json\/wp\/v2\/categories?post=50720"},{"taxonomy":"post_tag","embeddable":true,"href":"https:\/\/serbia.com\/srpski\/wp-json\/wp\/v2\/tags?post=50720"}],"curies":[{"name":"wp","href":"https:\/\/api.w.org\/{rel}","templated":true}]}}