{"id":50639,"date":"2016-04-22T17:25:26","date_gmt":"2016-04-22T15:25:26","guid":{"rendered":"http:\/\/www.serbia.com\/srpski\/?p=50639"},"modified":"2016-04-22T17:25:26","modified_gmt":"2016-04-22T15:25:26","slug":"duric-trazicemo-da-se-ivanovic-brani-sa-slobode","status":"publish","type":"post","link":"https:\/\/serbia.com\/srpski\/duric-trazicemo-da-se-ivanovic-brani-sa-slobode\/","title":{"rendered":"\u0110uri\u0107: Tra\u017ei\u0107emo da se Ivanovi\u0107 brani sa slobode"},"content":{"rendered":"<h4>Vlada Srbije smatra da je sudski proces protiv lidera Gra\u0111anske inicijative SDP Olivera Ivanovi\u0107a, koji je u prvostepenom postupku osu\u0111en na devet godina zatvora, &#8220;par ekselans politi\u010dki proces&#8221; i zahteva\u0107e od me\u0111unarodne zajednice da se Ivanovi\u0107 momentalno pusti da se brani sa slobode, izjavio je danas direktor Kancelarije za Kosovo i Metohiju Marko \u0110uri\u0107.<\/h4>\n<p>\u0110uri\u0107 je na konferenciji za medije podsetio da prolaze meseci otkako je Ivanovi\u0107 nepravedno iza re\u0161etaka, &#8220;u uslovima u kojima nijedan nevin \u010dovek ne bi trebalo da se nalazi&#8221;.<\/p>\n<p>Prema njegovim re\u010dima Ivanovi\u0107, koji je osu\u0111en zbog ratnih zlo\u010dina po\u010dinjenih 1999. u Kosovskoj Mitrovici, nije imao pravo na fer su\u0111enje i nepristrasni sudski postupak u koji su, kako je rekao, upliv imale razli\u010dite politi\u010dke strukture.<\/p>\n<p>\u0110uri\u0107 je apelovao na predstavnike me\u0111unarodne zajednice, advokature, kao i sve koji mogu da doprinesu, da se pro\u0161iri istina o &#8220;nepravednom utamni\u010denju&#8221; Ivanovi\u0107a.<\/p>\n<p>&#8220;Ono \u0161to se dogodilo Ivanovi\u0107u mo\u017ee da se dogodi bilo kom Srbinu na Kosovu i Metohiji, i zato moramo da budemo ujedinjeni u njegovoj odbrani&#8221;, smatra \u0110uri\u0107.<\/p>\n<p>Na pitanje novinara da li o slu\u010daju Ivanovi\u0107 razgovara prilikom zvani\u010dnih poseta Briselu, \u0110uri\u0107 je odgovorio da to \u010dini svaki put, ali da uvek nai\u0111e na zid \u0107utanja.<\/p>\n<p>&#8220;Dobijamo uvek isti odgovor, da je to pitanje pravosu\u0111a i da kao politi\u010dki predstavnici oni ne mogu da se me\u0161aju&#8221;, rekao je \u0110uri\u0107, dodaju\u0107i da to smatra licemernim, jer, kako je primetio, upravo su ti ljudi odgovorni za funkcionisanje pravosu\u0111a na Kosovu i Metohiji.<\/p>\n<p>Branilac Ivanovi\u0107a, advokat Neboj\u0161a Vlaji\u0107, objasnio je da je trenutno postupak u fazi \u017ealbe pred drugostepenim organom, odnosno Apelacionim sudom, i da bi to trebalo da potraje nekoliko meseci.<\/p>\n<p>Prema njegovim re\u010dima, predmet je obiman, pa \u0107e biti potrebno da se \u017ealbe prevedu na engleski jezik, kako bi mogle da se s njima upoznaju svi u\u010desnici postupka, a zatim i da na njih odgovore.<\/p>\n<p>&#8220;Kaznu Ivanovi\u0107u ne smatramo prestrogom, ve\u0107 nepravi\u010dnom, jer za nevinog \u010doveka i devet dana je mnogo, a kamoli devet godina&#8221;, rekao je Vlaji\u0107 i podsetio da je Ivanovi\u0107 u pritvoru 27 meseci.<\/p>\n<p>Istakav\u0161i da nema dokaza da je Ivanovi\u0107 po\u010dinio ono za \u0161ta je osu\u0111en, Vlaji\u0107 je naveo da se to vidi i u presudi.<\/p>\n<p>&#8220;Na su\u0111enju koje je trajalo vi\u0161e od 100 dana niko se nije bavio postojanjem navodnog plana za proterivanje i ubijanje Albanaca, na osnovu kojeg je Ivanovi\u0107 osu\u0111en. To niko od svedoka nije spomenuo, ve\u0107 se to prvi put \u010dulo od predsednice ve\u0107a prilikom \u010ditanja presude&#8221;, rekao je Vlaji\u0107<\/p>\n<p>Predsednik Advokatske komore Srbije Dragoljub \u0110or\u0111evi\u0107 smatra da je presuda Ivanovi\u0107u odraz trenutne politike me\u0111unarodne zajednice na Kosovu i Metohiji, i poseban \u0161lu\u010daj politi\u010dkog marketinga me\u0111unarodne zajednice.<\/p>\n<p>Njegov kolega advokat Zdenko Tomanovi\u0107 objasnio je da je Ivanovi\u0107 osu\u0111en zbog pripadnosti grupi, \u0161to je, kako je rekao, kriterijum koji su napustile i one dr\u017eave koji su tu teoriju uvele u pravnu nauku.<\/p>\n<p>Euleksovo sudsko ve\u0107e izreklo je krajem januara u Osnovnom sudu u Kosovskoj Mitrovici kaznu zatvora od devet godina Oliveru Ivanovi\u0107u zbog ratnih zlo\u010dina pocinjenih 1999. u tom gradu, kada je ubijena grupa Albanaca.<\/p>\n<p>Istovremeno, Ivanovi\u0107 je oslobo\u0111en za drugi slu\u010daj ubistva i poku\u0161aja ubistva iz 2000.<\/p>\n<p>Ostala \u010detvorica optu\u017eenih Srba &#8211; nekada\u0161nji policijski pukovnik MUP-a Srbije Dragoljub Deliba\u0161i\u0107, profesor Aleksandar Lazovi\u0107, advokat Ilija Vuja\u010di\u0107 i pravnik Neboj\u0161a Vuja\u010di\u0107 oslobo\u0111eni su optu\u017ebi.<\/p>\n<p>&nbsp;<\/p>\n<p>Izvor: Tanjug<\/p>\n","protected":false},"excerpt":{"rendered":"<p>Vlada Srbije smatra da je sudski proces protiv lidera Gra\u0111anske inicijative SDP Olivera Ivanovi\u0107a, koji je u prvostepenom postupku osu\u0111en na devet godina zatvora, &#8220;par ekselans politi\u010dki proces&#8221; i zahteva\u0107e [&hellip;]<\/p>\n","protected":false},"author":9,"featured_media":44385,"comment_status":"closed","ping_status":"closed","sticky":false,"template":"","format":"standard","meta":{"_acf_changed":false,"inline_featured_image":false,"_monsterinsights_skip_tracking":false,"_monsterinsights_sitenote_active":false,"_monsterinsights_sitenote_note":"","_monsterinsights_sitenote_category":0,"footnotes":""},"categories":[2700],"tags":[3836,2203,4475,4386],"class_list":["post-50639","post","type-post","status-publish","format-standard","has-post-thumbnail","hentry","category-vesti","tag-kosovo","tag-kosovo-i-metohija","tag-marko-duric","tag-oliver-ivanovic"],"acf":[],"yoast_head":"<!-- This site is optimized with the Yoast SEO plugin v27.4 - https:\/\/yoast.com\/product\/yoast-seo-wordpress\/ -->\n<title>\u0110uri\u0107: Tra\u017ei\u0107emo da se Ivanovi\u0107 brani sa slobode - Serbia.com<\/title>\n<meta name=\"robots\" content=\"index, follow, max-snippet:-1, max-image-preview:large, max-video-preview:-1\" \/>\n<link rel=\"canonical\" href=\"https:\/\/serbia.com\/srpski\/duric-trazicemo-da-se-ivanovic-brani-sa-slobode\/\" \/>\n<meta property=\"og:locale\" content=\"en_US\" \/>\n<meta property=\"og:type\" content=\"article\" \/>\n<meta property=\"og:title\" content=\"\u0110uri\u0107: Tra\u017ei\u0107emo da se Ivanovi\u0107 brani sa slobode - Serbia.com\" \/>\n<meta property=\"og:description\" content=\"Vlada Srbije smatra da je sudski proces protiv lidera Gra\u0111anske inicijative SDP Olivera Ivanovi\u0107a, koji je u prvostepenom postupku osu\u0111en na devet godina zatvora, &#8220;par ekselans politi\u010dki proces&#8221; i zahteva\u0107e [&hellip;]\" \/>\n<meta property=\"og:url\" content=\"https:\/\/serbia.com\/srpski\/duric-trazicemo-da-se-ivanovic-brani-sa-slobode\/\" \/>\n<meta property=\"og:site_name\" content=\"Serbia.com\" \/>\n<meta property=\"article:published_time\" content=\"2016-04-22T15:25:26+00:00\" \/>\n<meta property=\"og:image\" content=\"https:\/\/serbia.com\/wp-content\/uploads\/2016\/01\/pol-ivanovic.jpg\" \/>\n\t<meta property=\"og:image:width\" content=\"800\" \/>\n\t<meta property=\"og:image:height\" content=\"512\" \/>\n\t<meta property=\"og:image:type\" content=\"image\/jpeg\" \/>\n<meta name=\"author\" content=\"Serbia.com\" \/>\n<meta name=\"twitter:label1\" content=\"Written by\" \/>\n\t<meta name=\"twitter:data1\" content=\"Serbia.com\" \/>\n\t<meta name=\"twitter:label2\" content=\"Est. reading time\" \/>\n\t<meta name=\"twitter:data2\" content=\"3 minutes\" \/>\n<script type=\"application\/ld+json\" class=\"yoast-schema-graph\">{\"@context\":\"https:\\\/\\\/schema.org\",\"@graph\":[{\"@type\":\"Article\",\"@id\":\"https:\\\/\\\/serbia.com\\\/srpski\\\/duric-trazicemo-da-se-ivanovic-brani-sa-slobode\\\/#article\",\"isPartOf\":{\"@id\":\"https:\\\/\\\/serbia.com\\\/srpski\\\/duric-trazicemo-da-se-ivanovic-brani-sa-slobode\\\/\"},\"author\":{\"name\":\"Serbia.com\",\"@id\":\"https:\\\/\\\/serbia.com\\\/#\\\/schema\\\/person\\\/6fe28d3055f5f291d832531e555da490\"},\"headline\":\"\u0110uri\u0107: Tra\u017ei\u0107emo da se Ivanovi\u0107 brani sa slobode\",\"datePublished\":\"2016-04-22T15:25:26+00:00\",\"mainEntityOfPage\":{\"@id\":\"https:\\\/\\\/serbia.com\\\/srpski\\\/duric-trazicemo-da-se-ivanovic-brani-sa-slobode\\\/\"},\"wordCount\":611,\"image\":{\"@id\":\"https:\\\/\\\/serbia.com\\\/srpski\\\/duric-trazicemo-da-se-ivanovic-brani-sa-slobode\\\/#primaryimage\"},\"thumbnailUrl\":\"https:\\\/\\\/serbia.com\\\/wp-content\\\/uploads\\\/2016\\\/01\\\/pol-ivanovic.jpg\",\"keywords\":[\"Kosovo\",\"Kosovo i Metohija\",\"Marko \u0110uri\u0107\",\"Oliver Ivanovi\u0107\"],\"articleSection\":[\"Vesti\"],\"inLanguage\":\"srpski\"},{\"@type\":\"WebPage\",\"@id\":\"https:\\\/\\\/serbia.com\\\/srpski\\\/duric-trazicemo-da-se-ivanovic-brani-sa-slobode\\\/\",\"url\":\"https:\\\/\\\/serbia.com\\\/srpski\\\/duric-trazicemo-da-se-ivanovic-brani-sa-slobode\\\/\",\"name\":\"\u0110uri\u0107: Tra\u017ei\u0107emo da se Ivanovi\u0107 brani sa slobode - Serbia.com\",\"isPartOf\":{\"@id\":\"https:\\\/\\\/serbia.com\\\/#website\"},\"primaryImageOfPage\":{\"@id\":\"https:\\\/\\\/serbia.com\\\/srpski\\\/duric-trazicemo-da-se-ivanovic-brani-sa-slobode\\\/#primaryimage\"},\"image\":{\"@id\":\"https:\\\/\\\/serbia.com\\\/srpski\\\/duric-trazicemo-da-se-ivanovic-brani-sa-slobode\\\/#primaryimage\"},\"thumbnailUrl\":\"https:\\\/\\\/serbia.com\\\/wp-content\\\/uploads\\\/2016\\\/01\\\/pol-ivanovic.jpg\",\"datePublished\":\"2016-04-22T15:25:26+00:00\",\"author\":{\"@id\":\"https:\\\/\\\/serbia.com\\\/#\\\/schema\\\/person\\\/6fe28d3055f5f291d832531e555da490\"},\"breadcrumb\":{\"@id\":\"https:\\\/\\\/serbia.com\\\/srpski\\\/duric-trazicemo-da-se-ivanovic-brani-sa-slobode\\\/#breadcrumb\"},\"inLanguage\":\"srpski\",\"potentialAction\":[{\"@type\":\"ReadAction\",\"target\":[\"https:\\\/\\\/serbia.com\\\/srpski\\\/duric-trazicemo-da-se-ivanovic-brani-sa-slobode\\\/\"]}]},{\"@type\":\"ImageObject\",\"inLanguage\":\"srpski\",\"@id\":\"https:\\\/\\\/serbia.com\\\/srpski\\\/duric-trazicemo-da-se-ivanovic-brani-sa-slobode\\\/#primaryimage\",\"url\":\"https:\\\/\\\/serbia.com\\\/wp-content\\\/uploads\\\/2016\\\/01\\\/pol-ivanovic.jpg\",\"contentUrl\":\"https:\\\/\\\/serbia.com\\\/wp-content\\\/uploads\\\/2016\\\/01\\\/pol-ivanovic.jpg\",\"width\":800,\"height\":512,\"caption\":\"Oliver Ivanovi\u0107\"},{\"@type\":\"BreadcrumbList\",\"@id\":\"https:\\\/\\\/serbia.com\\\/srpski\\\/duric-trazicemo-da-se-ivanovic-brani-sa-slobode\\\/#breadcrumb\",\"itemListElement\":[{\"@type\":\"ListItem\",\"position\":1,\"name\":\"Home\",\"item\":\"https:\\\/\\\/serbia.com\\\/srpski\\\/srbija\\\/\"},{\"@type\":\"ListItem\",\"position\":2,\"name\":\"\u0110uri\u0107: Tra\u017ei\u0107emo da se Ivanovi\u0107 brani sa slobode\"}]},{\"@type\":\"WebSite\",\"@id\":\"https:\\\/\\\/serbia.com\\\/#website\",\"url\":\"https:\\\/\\\/serbia.com\\\/\",\"name\":\"Serbia.com\",\"description\":\"Your Gateway to Serbia\",\"potentialAction\":[{\"@type\":\"SearchAction\",\"target\":{\"@type\":\"EntryPoint\",\"urlTemplate\":\"https:\\\/\\\/serbia.com\\\/?s={search_term_string}\"},\"query-input\":{\"@type\":\"PropertyValueSpecification\",\"valueRequired\":true,\"valueName\":\"search_term_string\"}}],\"inLanguage\":\"srpski\"},{\"@type\":\"Person\",\"@id\":\"https:\\\/\\\/serbia.com\\\/#\\\/schema\\\/person\\\/6fe28d3055f5f291d832531e555da490\",\"name\":\"Serbia.com\",\"image\":{\"@type\":\"ImageObject\",\"inLanguage\":\"srpski\",\"@id\":\"https:\\\/\\\/secure.gravatar.com\\\/avatar\\\/8381eb54f5b393857857cb5fd6c42264c9e14b10435326bc567fcc3511bd8df4?s=96&d=mm&r=g\",\"url\":\"https:\\\/\\\/secure.gravatar.com\\\/avatar\\\/8381eb54f5b393857857cb5fd6c42264c9e14b10435326bc567fcc3511bd8df4?s=96&d=mm&r=g\",\"contentUrl\":\"https:\\\/\\\/secure.gravatar.com\\\/avatar\\\/8381eb54f5b393857857cb5fd6c42264c9e14b10435326bc567fcc3511bd8df4?s=96&d=mm&r=g\",\"caption\":\"Serbia.com\"},\"url\":\"https:\\\/\\\/serbia.com\\\/srpski\\\/author\\\/serbia-com\\\/\"}]}<\/script>\n<!-- \/ Yoast SEO plugin. -->","yoast_head_json":{"title":"\u0110uri\u0107: Tra\u017ei\u0107emo da se Ivanovi\u0107 brani sa slobode - Serbia.com","robots":{"index":"index","follow":"follow","max-snippet":"max-snippet:-1","max-image-preview":"max-image-preview:large","max-video-preview":"max-video-preview:-1"},"canonical":"https:\/\/serbia.com\/srpski\/duric-trazicemo-da-se-ivanovic-brani-sa-slobode\/","og_locale":"en_US","og_type":"article","og_title":"\u0110uri\u0107: Tra\u017ei\u0107emo da se Ivanovi\u0107 brani sa slobode - Serbia.com","og_description":"Vlada Srbije smatra da je sudski proces protiv lidera Gra\u0111anske inicijative SDP Olivera Ivanovi\u0107a, koji je u prvostepenom postupku osu\u0111en na devet godina zatvora, &#8220;par ekselans politi\u010dki proces&#8221; i zahteva\u0107e [&hellip;]","og_url":"https:\/\/serbia.com\/srpski\/duric-trazicemo-da-se-ivanovic-brani-sa-slobode\/","og_site_name":"Serbia.com","article_published_time":"2016-04-22T15:25:26+00:00","og_image":[{"width":800,"height":512,"url":"https:\/\/serbia.com\/wp-content\/uploads\/2016\/01\/pol-ivanovic.jpg","type":"image\/jpeg"}],"author":"Serbia.com","twitter_misc":{"Written by":"Serbia.com","Est. reading time":"3 minutes"},"schema":{"@context":"https:\/\/schema.org","@graph":[{"@type":"Article","@id":"https:\/\/serbia.com\/srpski\/duric-trazicemo-da-se-ivanovic-brani-sa-slobode\/#article","isPartOf":{"@id":"https:\/\/serbia.com\/srpski\/duric-trazicemo-da-se-ivanovic-brani-sa-slobode\/"},"author":{"name":"Serbia.com","@id":"https:\/\/serbia.com\/#\/schema\/person\/6fe28d3055f5f291d832531e555da490"},"headline":"\u0110uri\u0107: Tra\u017ei\u0107emo da se Ivanovi\u0107 brani sa slobode","datePublished":"2016-04-22T15:25:26+00:00","mainEntityOfPage":{"@id":"https:\/\/serbia.com\/srpski\/duric-trazicemo-da-se-ivanovic-brani-sa-slobode\/"},"wordCount":611,"image":{"@id":"https:\/\/serbia.com\/srpski\/duric-trazicemo-da-se-ivanovic-brani-sa-slobode\/#primaryimage"},"thumbnailUrl":"https:\/\/serbia.com\/wp-content\/uploads\/2016\/01\/pol-ivanovic.jpg","keywords":["Kosovo","Kosovo i Metohija","Marko \u0110uri\u0107","Oliver Ivanovi\u0107"],"articleSection":["Vesti"],"inLanguage":"srpski"},{"@type":"WebPage","@id":"https:\/\/serbia.com\/srpski\/duric-trazicemo-da-se-ivanovic-brani-sa-slobode\/","url":"https:\/\/serbia.com\/srpski\/duric-trazicemo-da-se-ivanovic-brani-sa-slobode\/","name":"\u0110uri\u0107: Tra\u017ei\u0107emo da se Ivanovi\u0107 brani sa slobode - Serbia.com","isPartOf":{"@id":"https:\/\/serbia.com\/#website"},"primaryImageOfPage":{"@id":"https:\/\/serbia.com\/srpski\/duric-trazicemo-da-se-ivanovic-brani-sa-slobode\/#primaryimage"},"image":{"@id":"https:\/\/serbia.com\/srpski\/duric-trazicemo-da-se-ivanovic-brani-sa-slobode\/#primaryimage"},"thumbnailUrl":"https:\/\/serbia.com\/wp-content\/uploads\/2016\/01\/pol-ivanovic.jpg","datePublished":"2016-04-22T15:25:26+00:00","author":{"@id":"https:\/\/serbia.com\/#\/schema\/person\/6fe28d3055f5f291d832531e555da490"},"breadcrumb":{"@id":"https:\/\/serbia.com\/srpski\/duric-trazicemo-da-se-ivanovic-brani-sa-slobode\/#breadcrumb"},"inLanguage":"srpski","potentialAction":[{"@type":"ReadAction","target":["https:\/\/serbia.com\/srpski\/duric-trazicemo-da-se-ivanovic-brani-sa-slobode\/"]}]},{"@type":"ImageObject","inLanguage":"srpski","@id":"https:\/\/serbia.com\/srpski\/duric-trazicemo-da-se-ivanovic-brani-sa-slobode\/#primaryimage","url":"https:\/\/serbia.com\/wp-content\/uploads\/2016\/01\/pol-ivanovic.jpg","contentUrl":"https:\/\/serbia.com\/wp-content\/uploads\/2016\/01\/pol-ivanovic.jpg","width":800,"height":512,"caption":"Oliver Ivanovi\u0107"},{"@type":"BreadcrumbList","@id":"https:\/\/serbia.com\/srpski\/duric-trazicemo-da-se-ivanovic-brani-sa-slobode\/#breadcrumb","itemListElement":[{"@type":"ListItem","position":1,"name":"Home","item":"https:\/\/serbia.com\/srpski\/srbija\/"},{"@type":"ListItem","position":2,"name":"\u0110uri\u0107: Tra\u017ei\u0107emo da se Ivanovi\u0107 brani sa slobode"}]},{"@type":"WebSite","@id":"https:\/\/serbia.com\/#website","url":"https:\/\/serbia.com\/","name":"Serbia.com","description":"Your Gateway to Serbia","potentialAction":[{"@type":"SearchAction","target":{"@type":"EntryPoint","urlTemplate":"https:\/\/serbia.com\/?s={search_term_string}"},"query-input":{"@type":"PropertyValueSpecification","valueRequired":true,"valueName":"search_term_string"}}],"inLanguage":"srpski"},{"@type":"Person","@id":"https:\/\/serbia.com\/#\/schema\/person\/6fe28d3055f5f291d832531e555da490","name":"Serbia.com","image":{"@type":"ImageObject","inLanguage":"srpski","@id":"https:\/\/secure.gravatar.com\/avatar\/8381eb54f5b393857857cb5fd6c42264c9e14b10435326bc567fcc3511bd8df4?s=96&d=mm&r=g","url":"https:\/\/secure.gravatar.com\/avatar\/8381eb54f5b393857857cb5fd6c42264c9e14b10435326bc567fcc3511bd8df4?s=96&d=mm&r=g","contentUrl":"https:\/\/secure.gravatar.com\/avatar\/8381eb54f5b393857857cb5fd6c42264c9e14b10435326bc567fcc3511bd8df4?s=96&d=mm&r=g","caption":"Serbia.com"},"url":"https:\/\/serbia.com\/srpski\/author\/serbia-com\/"}]}},"brizy_media":[],"_links":{"self":[{"href":"https:\/\/serbia.com\/srpski\/wp-json\/wp\/v2\/posts\/50639","targetHints":{"allow":["GET"]}}],"collection":[{"href":"https:\/\/serbia.com\/srpski\/wp-json\/wp\/v2\/posts"}],"about":[{"href":"https:\/\/serbia.com\/srpski\/wp-json\/wp\/v2\/types\/post"}],"author":[{"embeddable":true,"href":"https:\/\/serbia.com\/srpski\/wp-json\/wp\/v2\/users\/9"}],"replies":[{"embeddable":true,"href":"https:\/\/serbia.com\/srpski\/wp-json\/wp\/v2\/comments?post=50639"}],"version-history":[{"count":0,"href":"https:\/\/serbia.com\/srpski\/wp-json\/wp\/v2\/posts\/50639\/revisions"}],"wp:featuredmedia":[{"embeddable":true,"href":"https:\/\/serbia.com\/srpski\/wp-json\/wp\/v2\/media\/44385"}],"wp:attachment":[{"href":"https:\/\/serbia.com\/srpski\/wp-json\/wp\/v2\/media?parent=50639"}],"wp:term":[{"taxonomy":"category","embeddable":true,"href":"https:\/\/serbia.com\/srpski\/wp-json\/wp\/v2\/categories?post=50639"},{"taxonomy":"post_tag","embeddable":true,"href":"https:\/\/serbia.com\/srpski\/wp-json\/wp\/v2\/tags?post=50639"}],"curies":[{"name":"wp","href":"https:\/\/api.w.org\/{rel}","templated":true}]}}