{"id":50441,"date":"2016-04-20T16:19:01","date_gmt":"2016-04-20T14:19:01","guid":{"rendered":"http:\/\/www.serbia.com\/srpski\/?p=50441"},"modified":"2016-04-20T16:19:01","modified_gmt":"2016-04-20T14:19:01","slug":"hrvatska-predsednica-duboko-sam-zabrinuta-presudom-seselju","status":"publish","type":"post","link":"https:\/\/serbia.com\/srpski\/hrvatska-predsednica-duboko-sam-zabrinuta-presudom-seselju\/","title":{"rendered":"Hrvatska predsednica: Duboko sam zabrinuta presudom \u0160e\u0161elju"},"content":{"rendered":"<h4>Hrvatska predsednica Kolinda Grabar-Kitarovi\u0107 je u pismu generalnom sekretaru UN Ban Ki Munu izrazila duboko razo\u010daranje i zabrinutost zbog prvostepene, oslobadaju\u0107e presude Ha\u0161kog tribunala (MKSJ) Vojislavu \u0160e\u0161elju, oceniv\u0161i da \u0107e negativno delovati na mir, pomirenje i dobrosusedske odnose u \u0161irem podru\u010dju Jugoisto\u010dne Evrope.<\/h4>\n<p>Tvrde\u0107i da su va\u017eni svedoci u slu\u010daju \u0160e\u0161elj bili zastra\u0161ivani, potkupljvani i ometani, Grabar-Kitarovi\u0107 je u pismu, objavljenom danas na njenom zvani\u010dnom sajtu, ka\u017ee da su u tom kontekstu prvostepena presuda dodatno &#8220;pravno upitna i sa stanovi\u0161ta njene verodostojnosti sasvim kompromituju\u0107a&#8221;.<\/p>\n<p>&#8220;O\u010dekujemo ne samo da Srbija u potpunosti sara\u0111uje s MKSJ, nego i da se prestane ignorisati \u010dinjenica da se spram svedoka u slu\u010daju \u0160e\u0161elj postupalo na nedopu\u0161ten na\u010din i u meri da je MKSJ na\u0161ao potrebnim podi\u0107i optu\u017enicu protiv za to odgovornih&#8221;, pi\u0161e Grabar-Kitarovi\u0107.<\/p>\n<p>Ova presuda je, smatra ona, opasan presedan za sve druge oru\u017eane sukobe u kojima se, kako navodi, &#8220;vojni ciljevi nastoje ostvariti sprovo\u0111enjem genocida i etni\u010dkog \u010di\u0161\u0107enja temeljem nacionalisti\u010dke ili rasisti\u010dke ideologije i zlo\u010dina\u010dko-hu\u0161ka\u010dke propagande&#8221;.<\/p>\n<p>Osloba\u0111anje \u0160e\u0161elja je, prema njenom mi\u0161ljenju, &#8220;protivno ranijim \u010dinjeni\u010dno-pravnim utvr\u0111enjima merodavnih ve\u0107a MKSJ, s obzirom na oru\u017eani sukob na podru\u010dju Hrvatske, te predstavlja apsolutno nepo\u0161tovanje \u017ertava i njihovih patnji koje jos intenzivno traju&#8221;.<\/p>\n<p>Grabar-Kitarovi\u0107 je navela da presuda \u0160e\u0161elju u hrvatskoj javnosti izazvala konsteranciju, ali i &#8220;duboko razo\u010daranje u sam MKSJ, koji se u ovom slu\u010daju pokazao o\u010dito neotporan na zloupotrebu me\u0111unarodnog javnog i krivi\u010dnog prava&#8221;.<\/p>\n<p>&#8220;Ono \u0107e, isto tako, negativno delovati na mir, pomirenje i dobrosusedske odnose u \u0161irem podru\u010dju Jugoisto\u010dne Evrope i svim kriznim \u017eari\u0161tima sveta. Ovom prvostepenom presudom jednog sudskog ve\u0107a duboko je poljuljano poverenje u MKSJ i razloge za\u0161to ga je Savet bezbednosti UN osnovalo&#8221;, navela je hrvatska predsednica.<\/p>\n<p>Ovakva presuda, smatra ona, stvara negativni presedan \u010dije posledice mogu iza\u0107i izvan okvira samog MKSJ i kontaminirati ukupnu percepciju svetske javnosti o zna\u010denju, dometima i smislu me\u0111unarodnog krivi\u010dnog prava.<\/p>\n<p>Osim Banu, pismo je upu\u0107eno predsedniku Generalne skup\u0161tine UN Mogensu Liketoftu i predsedavaju\u0107em Saveta bezbednosti UN Liu \u0110ieiju, a bi\u0107e dostavljeno svim dr\u017eavama \u010dlanicama UN kao dokument GS UN i SB UN.<\/p>\n<p>&nbsp;<\/p>\n<p>Izvor: Tanjug<\/p>\n","protected":false},"excerpt":{"rendered":"<p>Hrvatska predsednica Kolinda Grabar-Kitarovi\u0107 je u pismu generalnom sekretaru UN Ban Ki Munu izrazila duboko razo\u010daranje i zabrinutost zbog prvostepene, oslobadaju\u0107e presude Ha\u0161kog tribunala (MKSJ) Vojislavu \u0160e\u0161elju, oceniv\u0161i da \u0107e [&hellip;]<\/p>\n","protected":false},"author":9,"featured_media":50438,"comment_status":"closed","ping_status":"closed","sticky":false,"template":"","format":"standard","meta":{"_acf_changed":false,"inline_featured_image":false,"_monsterinsights_skip_tracking":false,"_monsterinsights_sitenote_active":false,"_monsterinsights_sitenote_note":"","_monsterinsights_sitenote_category":0,"footnotes":""},"categories":[2700],"tags":[4079,4080,4801,6141,5264,4628],"class_list":["post-50441","post","type-post","status-publish","format-standard","has-post-thumbnail","hentry","category-vesti","tag-hag","tag-haski-tribunal","tag-hrvatska","tag-kolinda-grabar-kitarovic","tag-presuda-seselju","tag-vojislav-seselj"],"acf":[],"yoast_head":"<!-- This site is optimized with the Yoast SEO plugin v27.4 - https:\/\/yoast.com\/product\/yoast-seo-wordpress\/ -->\n<title>Hrvatska predsednica: Duboko sam zabrinuta presudom \u0160e\u0161elju - Serbia.com<\/title>\n<meta name=\"robots\" content=\"index, follow, max-snippet:-1, max-image-preview:large, max-video-preview:-1\" \/>\n<link rel=\"canonical\" href=\"https:\/\/serbia.com\/srpski\/hrvatska-predsednica-duboko-sam-zabrinuta-presudom-seselju\/\" \/>\n<meta property=\"og:locale\" content=\"en_US\" \/>\n<meta property=\"og:type\" content=\"article\" \/>\n<meta property=\"og:title\" content=\"Hrvatska predsednica: Duboko sam zabrinuta presudom \u0160e\u0161elju - Serbia.com\" \/>\n<meta property=\"og:description\" content=\"Hrvatska predsednica Kolinda Grabar-Kitarovi\u0107 je u pismu generalnom sekretaru UN Ban Ki Munu izrazila duboko razo\u010daranje i zabrinutost zbog prvostepene, oslobadaju\u0107e presude Ha\u0161kog tribunala (MKSJ) Vojislavu \u0160e\u0161elju, oceniv\u0161i da \u0107e [&hellip;]\" \/>\n<meta property=\"og:url\" content=\"https:\/\/serbia.com\/srpski\/hrvatska-predsednica-duboko-sam-zabrinuta-presudom-seselju\/\" \/>\n<meta property=\"og:site_name\" content=\"Serbia.com\" \/>\n<meta property=\"article:published_time\" content=\"2016-04-20T14:19:01+00:00\" \/>\n<meta property=\"og:image\" content=\"https:\/\/serbia.com\/wp-content\/uploads\/2016\/04\/Kolinda-Grabar-Kitarovic.jpg\" \/>\n\t<meta property=\"og:image:width\" content=\"800\" \/>\n\t<meta property=\"og:image:height\" content=\"530\" \/>\n\t<meta property=\"og:image:type\" content=\"image\/jpeg\" \/>\n<meta name=\"author\" content=\"Serbia.com\" \/>\n<meta name=\"twitter:label1\" content=\"Written by\" \/>\n\t<meta name=\"twitter:data1\" content=\"Serbia.com\" \/>\n\t<meta name=\"twitter:label2\" content=\"Est. reading time\" \/>\n\t<meta name=\"twitter:data2\" content=\"2 minutes\" \/>\n<script type=\"application\/ld+json\" class=\"yoast-schema-graph\">{\"@context\":\"https:\\\/\\\/schema.org\",\"@graph\":[{\"@type\":\"Article\",\"@id\":\"https:\\\/\\\/serbia.com\\\/srpski\\\/hrvatska-predsednica-duboko-sam-zabrinuta-presudom-seselju\\\/#article\",\"isPartOf\":{\"@id\":\"https:\\\/\\\/serbia.com\\\/srpski\\\/hrvatska-predsednica-duboko-sam-zabrinuta-presudom-seselju\\\/\"},\"author\":{\"name\":\"Serbia.com\",\"@id\":\"https:\\\/\\\/serbia.com\\\/#\\\/schema\\\/person\\\/6fe28d3055f5f291d832531e555da490\"},\"headline\":\"Hrvatska predsednica: Duboko sam zabrinuta presudom \u0160e\u0161elju\",\"datePublished\":\"2016-04-20T14:19:01+00:00\",\"mainEntityOfPage\":{\"@id\":\"https:\\\/\\\/serbia.com\\\/srpski\\\/hrvatska-predsednica-duboko-sam-zabrinuta-presudom-seselju\\\/\"},\"wordCount\":412,\"image\":{\"@id\":\"https:\\\/\\\/serbia.com\\\/srpski\\\/hrvatska-predsednica-duboko-sam-zabrinuta-presudom-seselju\\\/#primaryimage\"},\"thumbnailUrl\":\"https:\\\/\\\/serbia.com\\\/wp-content\\\/uploads\\\/2016\\\/04\\\/Kolinda-Grabar-Kitarovic.jpg\",\"keywords\":[\"Hag\",\"Ha\u0161ki tribunal\",\"Hrvatska\",\"Kolinda Grabar-Kitarovic\",\"Presuda \u0160e\u0161elju\",\"Vojislav \u0160e\u0161elj\"],\"articleSection\":[\"Vesti\"],\"inLanguage\":\"srpski\"},{\"@type\":\"WebPage\",\"@id\":\"https:\\\/\\\/serbia.com\\\/srpski\\\/hrvatska-predsednica-duboko-sam-zabrinuta-presudom-seselju\\\/\",\"url\":\"https:\\\/\\\/serbia.com\\\/srpski\\\/hrvatska-predsednica-duboko-sam-zabrinuta-presudom-seselju\\\/\",\"name\":\"Hrvatska predsednica: Duboko sam zabrinuta presudom \u0160e\u0161elju - Serbia.com\",\"isPartOf\":{\"@id\":\"https:\\\/\\\/serbia.com\\\/#website\"},\"primaryImageOfPage\":{\"@id\":\"https:\\\/\\\/serbia.com\\\/srpski\\\/hrvatska-predsednica-duboko-sam-zabrinuta-presudom-seselju\\\/#primaryimage\"},\"image\":{\"@id\":\"https:\\\/\\\/serbia.com\\\/srpski\\\/hrvatska-predsednica-duboko-sam-zabrinuta-presudom-seselju\\\/#primaryimage\"},\"thumbnailUrl\":\"https:\\\/\\\/serbia.com\\\/wp-content\\\/uploads\\\/2016\\\/04\\\/Kolinda-Grabar-Kitarovic.jpg\",\"datePublished\":\"2016-04-20T14:19:01+00:00\",\"author\":{\"@id\":\"https:\\\/\\\/serbia.com\\\/#\\\/schema\\\/person\\\/6fe28d3055f5f291d832531e555da490\"},\"breadcrumb\":{\"@id\":\"https:\\\/\\\/serbia.com\\\/srpski\\\/hrvatska-predsednica-duboko-sam-zabrinuta-presudom-seselju\\\/#breadcrumb\"},\"inLanguage\":\"srpski\",\"potentialAction\":[{\"@type\":\"ReadAction\",\"target\":[\"https:\\\/\\\/serbia.com\\\/srpski\\\/hrvatska-predsednica-duboko-sam-zabrinuta-presudom-seselju\\\/\"]}]},{\"@type\":\"ImageObject\",\"inLanguage\":\"srpski\",\"@id\":\"https:\\\/\\\/serbia.com\\\/srpski\\\/hrvatska-predsednica-duboko-sam-zabrinuta-presudom-seselju\\\/#primaryimage\",\"url\":\"https:\\\/\\\/serbia.com\\\/wp-content\\\/uploads\\\/2016\\\/04\\\/Kolinda-Grabar-Kitarovic.jpg\",\"contentUrl\":\"https:\\\/\\\/serbia.com\\\/wp-content\\\/uploads\\\/2016\\\/04\\\/Kolinda-Grabar-Kitarovic.jpg\",\"width\":800,\"height\":530,\"caption\":\"Kolinda-Grabar-Kitarovic\"},{\"@type\":\"BreadcrumbList\",\"@id\":\"https:\\\/\\\/serbia.com\\\/srpski\\\/hrvatska-predsednica-duboko-sam-zabrinuta-presudom-seselju\\\/#breadcrumb\",\"itemListElement\":[{\"@type\":\"ListItem\",\"position\":1,\"name\":\"Home\",\"item\":\"https:\\\/\\\/serbia.com\\\/srpski\\\/srbija\\\/\"},{\"@type\":\"ListItem\",\"position\":2,\"name\":\"Hrvatska predsednica: Duboko sam zabrinuta presudom \u0160e\u0161elju\"}]},{\"@type\":\"WebSite\",\"@id\":\"https:\\\/\\\/serbia.com\\\/#website\",\"url\":\"https:\\\/\\\/serbia.com\\\/\",\"name\":\"Serbia.com\",\"description\":\"Your Gateway to Serbia\",\"potentialAction\":[{\"@type\":\"SearchAction\",\"target\":{\"@type\":\"EntryPoint\",\"urlTemplate\":\"https:\\\/\\\/serbia.com\\\/?s={search_term_string}\"},\"query-input\":{\"@type\":\"PropertyValueSpecification\",\"valueRequired\":true,\"valueName\":\"search_term_string\"}}],\"inLanguage\":\"srpski\"},{\"@type\":\"Person\",\"@id\":\"https:\\\/\\\/serbia.com\\\/#\\\/schema\\\/person\\\/6fe28d3055f5f291d832531e555da490\",\"name\":\"Serbia.com\",\"image\":{\"@type\":\"ImageObject\",\"inLanguage\":\"srpski\",\"@id\":\"https:\\\/\\\/secure.gravatar.com\\\/avatar\\\/8381eb54f5b393857857cb5fd6c42264c9e14b10435326bc567fcc3511bd8df4?s=96&d=mm&r=g\",\"url\":\"https:\\\/\\\/secure.gravatar.com\\\/avatar\\\/8381eb54f5b393857857cb5fd6c42264c9e14b10435326bc567fcc3511bd8df4?s=96&d=mm&r=g\",\"contentUrl\":\"https:\\\/\\\/secure.gravatar.com\\\/avatar\\\/8381eb54f5b393857857cb5fd6c42264c9e14b10435326bc567fcc3511bd8df4?s=96&d=mm&r=g\",\"caption\":\"Serbia.com\"},\"url\":\"https:\\\/\\\/serbia.com\\\/srpski\\\/author\\\/serbia-com\\\/\"}]}<\/script>\n<!-- \/ Yoast SEO plugin. -->","yoast_head_json":{"title":"Hrvatska predsednica: Duboko sam zabrinuta presudom \u0160e\u0161elju - Serbia.com","robots":{"index":"index","follow":"follow","max-snippet":"max-snippet:-1","max-image-preview":"max-image-preview:large","max-video-preview":"max-video-preview:-1"},"canonical":"https:\/\/serbia.com\/srpski\/hrvatska-predsednica-duboko-sam-zabrinuta-presudom-seselju\/","og_locale":"en_US","og_type":"article","og_title":"Hrvatska predsednica: Duboko sam zabrinuta presudom \u0160e\u0161elju - Serbia.com","og_description":"Hrvatska predsednica Kolinda Grabar-Kitarovi\u0107 je u pismu generalnom sekretaru UN Ban Ki Munu izrazila duboko razo\u010daranje i zabrinutost zbog prvostepene, oslobadaju\u0107e presude Ha\u0161kog tribunala (MKSJ) Vojislavu \u0160e\u0161elju, oceniv\u0161i da \u0107e [&hellip;]","og_url":"https:\/\/serbia.com\/srpski\/hrvatska-predsednica-duboko-sam-zabrinuta-presudom-seselju\/","og_site_name":"Serbia.com","article_published_time":"2016-04-20T14:19:01+00:00","og_image":[{"width":800,"height":530,"url":"https:\/\/serbia.com\/wp-content\/uploads\/2016\/04\/Kolinda-Grabar-Kitarovic.jpg","type":"image\/jpeg"}],"author":"Serbia.com","twitter_misc":{"Written by":"Serbia.com","Est. reading time":"2 minutes"},"schema":{"@context":"https:\/\/schema.org","@graph":[{"@type":"Article","@id":"https:\/\/serbia.com\/srpski\/hrvatska-predsednica-duboko-sam-zabrinuta-presudom-seselju\/#article","isPartOf":{"@id":"https:\/\/serbia.com\/srpski\/hrvatska-predsednica-duboko-sam-zabrinuta-presudom-seselju\/"},"author":{"name":"Serbia.com","@id":"https:\/\/serbia.com\/#\/schema\/person\/6fe28d3055f5f291d832531e555da490"},"headline":"Hrvatska predsednica: Duboko sam zabrinuta presudom \u0160e\u0161elju","datePublished":"2016-04-20T14:19:01+00:00","mainEntityOfPage":{"@id":"https:\/\/serbia.com\/srpski\/hrvatska-predsednica-duboko-sam-zabrinuta-presudom-seselju\/"},"wordCount":412,"image":{"@id":"https:\/\/serbia.com\/srpski\/hrvatska-predsednica-duboko-sam-zabrinuta-presudom-seselju\/#primaryimage"},"thumbnailUrl":"https:\/\/serbia.com\/wp-content\/uploads\/2016\/04\/Kolinda-Grabar-Kitarovic.jpg","keywords":["Hag","Ha\u0161ki tribunal","Hrvatska","Kolinda Grabar-Kitarovic","Presuda \u0160e\u0161elju","Vojislav \u0160e\u0161elj"],"articleSection":["Vesti"],"inLanguage":"srpski"},{"@type":"WebPage","@id":"https:\/\/serbia.com\/srpski\/hrvatska-predsednica-duboko-sam-zabrinuta-presudom-seselju\/","url":"https:\/\/serbia.com\/srpski\/hrvatska-predsednica-duboko-sam-zabrinuta-presudom-seselju\/","name":"Hrvatska predsednica: Duboko sam zabrinuta presudom \u0160e\u0161elju - Serbia.com","isPartOf":{"@id":"https:\/\/serbia.com\/#website"},"primaryImageOfPage":{"@id":"https:\/\/serbia.com\/srpski\/hrvatska-predsednica-duboko-sam-zabrinuta-presudom-seselju\/#primaryimage"},"image":{"@id":"https:\/\/serbia.com\/srpski\/hrvatska-predsednica-duboko-sam-zabrinuta-presudom-seselju\/#primaryimage"},"thumbnailUrl":"https:\/\/serbia.com\/wp-content\/uploads\/2016\/04\/Kolinda-Grabar-Kitarovic.jpg","datePublished":"2016-04-20T14:19:01+00:00","author":{"@id":"https:\/\/serbia.com\/#\/schema\/person\/6fe28d3055f5f291d832531e555da490"},"breadcrumb":{"@id":"https:\/\/serbia.com\/srpski\/hrvatska-predsednica-duboko-sam-zabrinuta-presudom-seselju\/#breadcrumb"},"inLanguage":"srpski","potentialAction":[{"@type":"ReadAction","target":["https:\/\/serbia.com\/srpski\/hrvatska-predsednica-duboko-sam-zabrinuta-presudom-seselju\/"]}]},{"@type":"ImageObject","inLanguage":"srpski","@id":"https:\/\/serbia.com\/srpski\/hrvatska-predsednica-duboko-sam-zabrinuta-presudom-seselju\/#primaryimage","url":"https:\/\/serbia.com\/wp-content\/uploads\/2016\/04\/Kolinda-Grabar-Kitarovic.jpg","contentUrl":"https:\/\/serbia.com\/wp-content\/uploads\/2016\/04\/Kolinda-Grabar-Kitarovic.jpg","width":800,"height":530,"caption":"Kolinda-Grabar-Kitarovic"},{"@type":"BreadcrumbList","@id":"https:\/\/serbia.com\/srpski\/hrvatska-predsednica-duboko-sam-zabrinuta-presudom-seselju\/#breadcrumb","itemListElement":[{"@type":"ListItem","position":1,"name":"Home","item":"https:\/\/serbia.com\/srpski\/srbija\/"},{"@type":"ListItem","position":2,"name":"Hrvatska predsednica: Duboko sam zabrinuta presudom \u0160e\u0161elju"}]},{"@type":"WebSite","@id":"https:\/\/serbia.com\/#website","url":"https:\/\/serbia.com\/","name":"Serbia.com","description":"Your Gateway to Serbia","potentialAction":[{"@type":"SearchAction","target":{"@type":"EntryPoint","urlTemplate":"https:\/\/serbia.com\/?s={search_term_string}"},"query-input":{"@type":"PropertyValueSpecification","valueRequired":true,"valueName":"search_term_string"}}],"inLanguage":"srpski"},{"@type":"Person","@id":"https:\/\/serbia.com\/#\/schema\/person\/6fe28d3055f5f291d832531e555da490","name":"Serbia.com","image":{"@type":"ImageObject","inLanguage":"srpski","@id":"https:\/\/secure.gravatar.com\/avatar\/8381eb54f5b393857857cb5fd6c42264c9e14b10435326bc567fcc3511bd8df4?s=96&d=mm&r=g","url":"https:\/\/secure.gravatar.com\/avatar\/8381eb54f5b393857857cb5fd6c42264c9e14b10435326bc567fcc3511bd8df4?s=96&d=mm&r=g","contentUrl":"https:\/\/secure.gravatar.com\/avatar\/8381eb54f5b393857857cb5fd6c42264c9e14b10435326bc567fcc3511bd8df4?s=96&d=mm&r=g","caption":"Serbia.com"},"url":"https:\/\/serbia.com\/srpski\/author\/serbia-com\/"}]}},"brizy_media":[],"_links":{"self":[{"href":"https:\/\/serbia.com\/srpski\/wp-json\/wp\/v2\/posts\/50441","targetHints":{"allow":["GET"]}}],"collection":[{"href":"https:\/\/serbia.com\/srpski\/wp-json\/wp\/v2\/posts"}],"about":[{"href":"https:\/\/serbia.com\/srpski\/wp-json\/wp\/v2\/types\/post"}],"author":[{"embeddable":true,"href":"https:\/\/serbia.com\/srpski\/wp-json\/wp\/v2\/users\/9"}],"replies":[{"embeddable":true,"href":"https:\/\/serbia.com\/srpski\/wp-json\/wp\/v2\/comments?post=50441"}],"version-history":[{"count":0,"href":"https:\/\/serbia.com\/srpski\/wp-json\/wp\/v2\/posts\/50441\/revisions"}],"wp:featuredmedia":[{"embeddable":true,"href":"https:\/\/serbia.com\/srpski\/wp-json\/wp\/v2\/media\/50438"}],"wp:attachment":[{"href":"https:\/\/serbia.com\/srpski\/wp-json\/wp\/v2\/media?parent=50441"}],"wp:term":[{"taxonomy":"category","embeddable":true,"href":"https:\/\/serbia.com\/srpski\/wp-json\/wp\/v2\/categories?post=50441"},{"taxonomy":"post_tag","embeddable":true,"href":"https:\/\/serbia.com\/srpski\/wp-json\/wp\/v2\/tags?post=50441"}],"curies":[{"name":"wp","href":"https:\/\/api.w.org\/{rel}","templated":true}]}}