{"id":49963,"date":"2016-04-13T15:36:18","date_gmt":"2016-04-13T13:36:18","guid":{"rendered":"http:\/\/www.serbia.com\/srpski\/?p=49963"},"modified":"2016-04-13T15:36:18","modified_gmt":"2016-04-13T13:36:18","slug":"delegacija-srbije-na-prolecnom-zasedanju-mmf-sb","status":"publish","type":"post","link":"https:\/\/serbia.com\/srpski\/delegacija-srbije-na-prolecnom-zasedanju-mmf-sb\/","title":{"rendered":"Delegacija Srbije na Prole\u0107nom zasedanju MMF i SB"},"content":{"rendered":"<h4>Delegacija Srbije koju predvodi guverner Narodne banke Srbije i guverner Srbije u Me\u0111unarodnom monetarnom fondu Jorgovanka Tabakovi\u0107, a \u010dine je predstavnici Ministarstva finansija i NBS, prisustvova\u0107e Prole\u0107nom zasedanju MMF i Grupacije Svetske banke u Va\u0161ingtonu.<\/h4>\n<p>Delegacija \u0107e na sastancima sa predstavnicima MMF-a predstaviti dosada\u0161nje rezultate u sprovo\u0111enju fiskalne konsolidacije, kao i realizaciju mera monetarne i finansijske politike u okviru dogovorenog ekonomskog programa, koji je podr\u017ean aktuelnim stendbaj aran\u017emanom.<\/p>\n<p>Planirani su sastanci sa predstavnicima Grupacije Svetske banke radi razmatranja saradnje u vezi sa aktuelnim programom &#8211; Strate\u0161ki okvir za partnerstvo za Republiku Srbiju.<\/p>\n<p>Pored navedenog, Prole\u0107no zasedanje \u0107e, tako\u0111e, biti prilika za niz bilateralnih susreta predstavnika delegacije Srbije sa investitorima, agencijama za kreditni rejting, globalnim poslovnim bankama i me\u0111unarodnim finansijskim institucijama.<\/p>\n<p>Prole\u0107no zasedanje MMF-a i Grupacije Svetske banke odr\u017eava se od 12. do 17. aprila.Tom prilikom bi\u0107e odr\u017eani sastanci Me\u0111unarodnog monetarnog i finansijskog komiteta i Zajedni\u010dkog komiteta za razvoj, savetodavnih organa ovih institucija.<\/p>\n<p>Na sastancima savetodavnih komiteta bi\u0107e razmatrana pitanja koja se odnose na me\u0111unarodni monetarni sistem, usporavanje privrednog rasta u zemljama u razvoju, migracije, globalne rizike, i iznala\u017eenje mera kojima bi se obezbedio stabilan monetarni sistem u svetu i time podstakao odr\u017eivi razvoj.<\/p>\n<p>Tokom Prole\u0107nog zasedanja bi\u0107e sumirani rezultati sprovo\u0111enja reforme kvota i upravljanja u Me\u0111unarodnom monetarnom fondu, koja je stupila na snagu 26. januara 2016. Realizacija ove reforme treba da obezbedi ja\u010danje legitimiteta i efikasnosti ove institucije.<\/p>\n<p>Tako\u0111e, Svetska banka preduzima mere u cilju reforme na\u010dina predstavljanja zemalja \u010dlanica, i s tim u vezi prezentova\u0107e napredak koji je ostvaren.<\/p>\n<p>&nbsp;<\/p>\n<p>Izvor: Tanjug<\/p>\n","protected":false},"excerpt":{"rendered":"<p>Delegacija Srbije koju predvodi guverner Narodne banke Srbije i guverner Srbije u Me\u0111unarodnom monetarnom fondu Jorgovanka Tabakovi\u0107, a \u010dine je predstavnici Ministarstva finansija i NBS, prisustvova\u0107e Prole\u0107nom zasedanju MMF i [&hellip;]<\/p>\n","protected":false},"author":9,"featured_media":49960,"comment_status":"closed","ping_status":"closed","sticky":false,"template":"","format":"standard","meta":{"_acf_changed":false,"inline_featured_image":false,"_monsterinsights_skip_tracking":false,"_monsterinsights_sitenote_active":false,"_monsterinsights_sitenote_note":"","_monsterinsights_sitenote_category":0,"footnotes":""},"categories":[2700],"tags":[4287,4789,5978,4697],"class_list":["post-49963","post","type-post","status-publish","format-standard","has-post-thumbnail","hentry","category-vesti","tag-jorgovanka-tabakovic","tag-mmf","tag-prolecno-zasedanje-mmf-i-sb","tag-svetska-banka"],"acf":[],"yoast_head":"<!-- This site is optimized with the Yoast SEO plugin v27.4 - https:\/\/yoast.com\/product\/yoast-seo-wordpress\/ -->\n<title>Delegacija Srbije na Prole\u0107nom zasedanju MMF i SB - Serbia.com<\/title>\n<meta name=\"robots\" content=\"index, follow, max-snippet:-1, max-image-preview:large, max-video-preview:-1\" \/>\n<link rel=\"canonical\" href=\"https:\/\/serbia.com\/srpski\/delegacija-srbije-na-prolecnom-zasedanju-mmf-sb\/\" \/>\n<meta property=\"og:locale\" content=\"en_US\" \/>\n<meta property=\"og:type\" content=\"article\" \/>\n<meta property=\"og:title\" content=\"Delegacija Srbije na Prole\u0107nom zasedanju MMF i SB - Serbia.com\" \/>\n<meta property=\"og:description\" content=\"Delegacija Srbije koju predvodi guverner Narodne banke Srbije i guverner Srbije u Me\u0111unarodnom monetarnom fondu Jorgovanka Tabakovi\u0107, a \u010dine je predstavnici Ministarstva finansija i NBS, prisustvova\u0107e Prole\u0107nom zasedanju MMF i [&hellip;]\" \/>\n<meta property=\"og:url\" content=\"https:\/\/serbia.com\/srpski\/delegacija-srbije-na-prolecnom-zasedanju-mmf-sb\/\" \/>\n<meta property=\"og:site_name\" content=\"Serbia.com\" \/>\n<meta property=\"article:published_time\" content=\"2016-04-13T13:36:18+00:00\" \/>\n<meta property=\"og:image\" content=\"https:\/\/serbia.com\/wp-content\/uploads\/2016\/04\/IMF-WB-spring-meetings-2016-e1460554189238.jpg\" \/>\n\t<meta property=\"og:image:width\" content=\"800\" \/>\n\t<meta property=\"og:image:height\" content=\"465\" \/>\n\t<meta property=\"og:image:type\" content=\"image\/jpeg\" \/>\n<meta name=\"author\" content=\"Serbia.com\" \/>\n<meta name=\"twitter:label1\" content=\"Written by\" \/>\n\t<meta name=\"twitter:data1\" content=\"Serbia.com\" \/>\n\t<meta name=\"twitter:label2\" content=\"Est. reading time\" \/>\n\t<meta name=\"twitter:data2\" content=\"1 minute\" \/>\n<script type=\"application\/ld+json\" class=\"yoast-schema-graph\">{\"@context\":\"https:\\\/\\\/schema.org\",\"@graph\":[{\"@type\":\"Article\",\"@id\":\"https:\\\/\\\/serbia.com\\\/srpski\\\/delegacija-srbije-na-prolecnom-zasedanju-mmf-sb\\\/#article\",\"isPartOf\":{\"@id\":\"https:\\\/\\\/serbia.com\\\/srpski\\\/delegacija-srbije-na-prolecnom-zasedanju-mmf-sb\\\/\"},\"author\":{\"name\":\"Serbia.com\",\"@id\":\"https:\\\/\\\/serbia.com\\\/#\\\/schema\\\/person\\\/6fe28d3055f5f291d832531e555da490\"},\"headline\":\"Delegacija Srbije na Prole\u0107nom zasedanju MMF i SB\",\"datePublished\":\"2016-04-13T13:36:18+00:00\",\"mainEntityOfPage\":{\"@id\":\"https:\\\/\\\/serbia.com\\\/srpski\\\/delegacija-srbije-na-prolecnom-zasedanju-mmf-sb\\\/\"},\"wordCount\":289,\"image\":{\"@id\":\"https:\\\/\\\/serbia.com\\\/srpski\\\/delegacija-srbije-na-prolecnom-zasedanju-mmf-sb\\\/#primaryimage\"},\"thumbnailUrl\":\"https:\\\/\\\/serbia.com\\\/wp-content\\\/uploads\\\/2016\\\/04\\\/IMF-WB-spring-meetings-2016-e1460554189238.jpg\",\"keywords\":[\"Jorgovanka Tabakovic\",\"MMF\",\"Prole\u0107no zasedanje MMF i SB\",\"Svetska banka\"],\"articleSection\":[\"Vesti\"],\"inLanguage\":\"srpski\"},{\"@type\":\"WebPage\",\"@id\":\"https:\\\/\\\/serbia.com\\\/srpski\\\/delegacija-srbije-na-prolecnom-zasedanju-mmf-sb\\\/\",\"url\":\"https:\\\/\\\/serbia.com\\\/srpski\\\/delegacija-srbije-na-prolecnom-zasedanju-mmf-sb\\\/\",\"name\":\"Delegacija Srbije na Prole\u0107nom zasedanju MMF i SB - Serbia.com\",\"isPartOf\":{\"@id\":\"https:\\\/\\\/serbia.com\\\/#website\"},\"primaryImageOfPage\":{\"@id\":\"https:\\\/\\\/serbia.com\\\/srpski\\\/delegacija-srbije-na-prolecnom-zasedanju-mmf-sb\\\/#primaryimage\"},\"image\":{\"@id\":\"https:\\\/\\\/serbia.com\\\/srpski\\\/delegacija-srbije-na-prolecnom-zasedanju-mmf-sb\\\/#primaryimage\"},\"thumbnailUrl\":\"https:\\\/\\\/serbia.com\\\/wp-content\\\/uploads\\\/2016\\\/04\\\/IMF-WB-spring-meetings-2016-e1460554189238.jpg\",\"datePublished\":\"2016-04-13T13:36:18+00:00\",\"author\":{\"@id\":\"https:\\\/\\\/serbia.com\\\/#\\\/schema\\\/person\\\/6fe28d3055f5f291d832531e555da490\"},\"breadcrumb\":{\"@id\":\"https:\\\/\\\/serbia.com\\\/srpski\\\/delegacija-srbije-na-prolecnom-zasedanju-mmf-sb\\\/#breadcrumb\"},\"inLanguage\":\"srpski\",\"potentialAction\":[{\"@type\":\"ReadAction\",\"target\":[\"https:\\\/\\\/serbia.com\\\/srpski\\\/delegacija-srbije-na-prolecnom-zasedanju-mmf-sb\\\/\"]}]},{\"@type\":\"ImageObject\",\"inLanguage\":\"srpski\",\"@id\":\"https:\\\/\\\/serbia.com\\\/srpski\\\/delegacija-srbije-na-prolecnom-zasedanju-mmf-sb\\\/#primaryimage\",\"url\":\"https:\\\/\\\/serbia.com\\\/wp-content\\\/uploads\\\/2016\\\/04\\\/IMF-WB-spring-meetings-2016-e1460554189238.jpg\",\"contentUrl\":\"https:\\\/\\\/serbia.com\\\/wp-content\\\/uploads\\\/2016\\\/04\\\/IMF-WB-spring-meetings-2016-e1460554189238.jpg\",\"width\":800,\"height\":465,\"caption\":\"IMF, WB spring meetings 2016\"},{\"@type\":\"BreadcrumbList\",\"@id\":\"https:\\\/\\\/serbia.com\\\/srpski\\\/delegacija-srbije-na-prolecnom-zasedanju-mmf-sb\\\/#breadcrumb\",\"itemListElement\":[{\"@type\":\"ListItem\",\"position\":1,\"name\":\"Home\",\"item\":\"https:\\\/\\\/serbia.com\\\/srpski\\\/srbija\\\/\"},{\"@type\":\"ListItem\",\"position\":2,\"name\":\"Delegacija Srbije na Prole\u0107nom zasedanju MMF i SB\"}]},{\"@type\":\"WebSite\",\"@id\":\"https:\\\/\\\/serbia.com\\\/#website\",\"url\":\"https:\\\/\\\/serbia.com\\\/\",\"name\":\"Serbia.com\",\"description\":\"Your Gateway to Serbia\",\"potentialAction\":[{\"@type\":\"SearchAction\",\"target\":{\"@type\":\"EntryPoint\",\"urlTemplate\":\"https:\\\/\\\/serbia.com\\\/?s={search_term_string}\"},\"query-input\":{\"@type\":\"PropertyValueSpecification\",\"valueRequired\":true,\"valueName\":\"search_term_string\"}}],\"inLanguage\":\"srpski\"},{\"@type\":\"Person\",\"@id\":\"https:\\\/\\\/serbia.com\\\/#\\\/schema\\\/person\\\/6fe28d3055f5f291d832531e555da490\",\"name\":\"Serbia.com\",\"image\":{\"@type\":\"ImageObject\",\"inLanguage\":\"srpski\",\"@id\":\"https:\\\/\\\/secure.gravatar.com\\\/avatar\\\/8381eb54f5b393857857cb5fd6c42264c9e14b10435326bc567fcc3511bd8df4?s=96&d=mm&r=g\",\"url\":\"https:\\\/\\\/secure.gravatar.com\\\/avatar\\\/8381eb54f5b393857857cb5fd6c42264c9e14b10435326bc567fcc3511bd8df4?s=96&d=mm&r=g\",\"contentUrl\":\"https:\\\/\\\/secure.gravatar.com\\\/avatar\\\/8381eb54f5b393857857cb5fd6c42264c9e14b10435326bc567fcc3511bd8df4?s=96&d=mm&r=g\",\"caption\":\"Serbia.com\"},\"url\":\"https:\\\/\\\/serbia.com\\\/srpski\\\/author\\\/serbia-com\\\/\"}]}<\/script>\n<!-- \/ Yoast SEO plugin. -->","yoast_head_json":{"title":"Delegacija Srbije na Prole\u0107nom zasedanju MMF i SB - Serbia.com","robots":{"index":"index","follow":"follow","max-snippet":"max-snippet:-1","max-image-preview":"max-image-preview:large","max-video-preview":"max-video-preview:-1"},"canonical":"https:\/\/serbia.com\/srpski\/delegacija-srbije-na-prolecnom-zasedanju-mmf-sb\/","og_locale":"en_US","og_type":"article","og_title":"Delegacija Srbije na Prole\u0107nom zasedanju MMF i SB - Serbia.com","og_description":"Delegacija Srbije koju predvodi guverner Narodne banke Srbije i guverner Srbije u Me\u0111unarodnom monetarnom fondu Jorgovanka Tabakovi\u0107, a \u010dine je predstavnici Ministarstva finansija i NBS, prisustvova\u0107e Prole\u0107nom zasedanju MMF i [&hellip;]","og_url":"https:\/\/serbia.com\/srpski\/delegacija-srbije-na-prolecnom-zasedanju-mmf-sb\/","og_site_name":"Serbia.com","article_published_time":"2016-04-13T13:36:18+00:00","og_image":[{"width":800,"height":465,"url":"https:\/\/serbia.com\/wp-content\/uploads\/2016\/04\/IMF-WB-spring-meetings-2016-e1460554189238.jpg","type":"image\/jpeg"}],"author":"Serbia.com","twitter_misc":{"Written by":"Serbia.com","Est. reading time":"1 minute"},"schema":{"@context":"https:\/\/schema.org","@graph":[{"@type":"Article","@id":"https:\/\/serbia.com\/srpski\/delegacija-srbije-na-prolecnom-zasedanju-mmf-sb\/#article","isPartOf":{"@id":"https:\/\/serbia.com\/srpski\/delegacija-srbije-na-prolecnom-zasedanju-mmf-sb\/"},"author":{"name":"Serbia.com","@id":"https:\/\/serbia.com\/#\/schema\/person\/6fe28d3055f5f291d832531e555da490"},"headline":"Delegacija Srbije na Prole\u0107nom zasedanju MMF i SB","datePublished":"2016-04-13T13:36:18+00:00","mainEntityOfPage":{"@id":"https:\/\/serbia.com\/srpski\/delegacija-srbije-na-prolecnom-zasedanju-mmf-sb\/"},"wordCount":289,"image":{"@id":"https:\/\/serbia.com\/srpski\/delegacija-srbije-na-prolecnom-zasedanju-mmf-sb\/#primaryimage"},"thumbnailUrl":"https:\/\/serbia.com\/wp-content\/uploads\/2016\/04\/IMF-WB-spring-meetings-2016-e1460554189238.jpg","keywords":["Jorgovanka Tabakovic","MMF","Prole\u0107no zasedanje MMF i SB","Svetska banka"],"articleSection":["Vesti"],"inLanguage":"srpski"},{"@type":"WebPage","@id":"https:\/\/serbia.com\/srpski\/delegacija-srbije-na-prolecnom-zasedanju-mmf-sb\/","url":"https:\/\/serbia.com\/srpski\/delegacija-srbije-na-prolecnom-zasedanju-mmf-sb\/","name":"Delegacija Srbije na Prole\u0107nom zasedanju MMF i SB - Serbia.com","isPartOf":{"@id":"https:\/\/serbia.com\/#website"},"primaryImageOfPage":{"@id":"https:\/\/serbia.com\/srpski\/delegacija-srbije-na-prolecnom-zasedanju-mmf-sb\/#primaryimage"},"image":{"@id":"https:\/\/serbia.com\/srpski\/delegacija-srbije-na-prolecnom-zasedanju-mmf-sb\/#primaryimage"},"thumbnailUrl":"https:\/\/serbia.com\/wp-content\/uploads\/2016\/04\/IMF-WB-spring-meetings-2016-e1460554189238.jpg","datePublished":"2016-04-13T13:36:18+00:00","author":{"@id":"https:\/\/serbia.com\/#\/schema\/person\/6fe28d3055f5f291d832531e555da490"},"breadcrumb":{"@id":"https:\/\/serbia.com\/srpski\/delegacija-srbije-na-prolecnom-zasedanju-mmf-sb\/#breadcrumb"},"inLanguage":"srpski","potentialAction":[{"@type":"ReadAction","target":["https:\/\/serbia.com\/srpski\/delegacija-srbije-na-prolecnom-zasedanju-mmf-sb\/"]}]},{"@type":"ImageObject","inLanguage":"srpski","@id":"https:\/\/serbia.com\/srpski\/delegacija-srbije-na-prolecnom-zasedanju-mmf-sb\/#primaryimage","url":"https:\/\/serbia.com\/wp-content\/uploads\/2016\/04\/IMF-WB-spring-meetings-2016-e1460554189238.jpg","contentUrl":"https:\/\/serbia.com\/wp-content\/uploads\/2016\/04\/IMF-WB-spring-meetings-2016-e1460554189238.jpg","width":800,"height":465,"caption":"IMF, WB spring meetings 2016"},{"@type":"BreadcrumbList","@id":"https:\/\/serbia.com\/srpski\/delegacija-srbije-na-prolecnom-zasedanju-mmf-sb\/#breadcrumb","itemListElement":[{"@type":"ListItem","position":1,"name":"Home","item":"https:\/\/serbia.com\/srpski\/srbija\/"},{"@type":"ListItem","position":2,"name":"Delegacija Srbije na Prole\u0107nom zasedanju MMF i SB"}]},{"@type":"WebSite","@id":"https:\/\/serbia.com\/#website","url":"https:\/\/serbia.com\/","name":"Serbia.com","description":"Your Gateway to Serbia","potentialAction":[{"@type":"SearchAction","target":{"@type":"EntryPoint","urlTemplate":"https:\/\/serbia.com\/?s={search_term_string}"},"query-input":{"@type":"PropertyValueSpecification","valueRequired":true,"valueName":"search_term_string"}}],"inLanguage":"srpski"},{"@type":"Person","@id":"https:\/\/serbia.com\/#\/schema\/person\/6fe28d3055f5f291d832531e555da490","name":"Serbia.com","image":{"@type":"ImageObject","inLanguage":"srpski","@id":"https:\/\/secure.gravatar.com\/avatar\/8381eb54f5b393857857cb5fd6c42264c9e14b10435326bc567fcc3511bd8df4?s=96&d=mm&r=g","url":"https:\/\/secure.gravatar.com\/avatar\/8381eb54f5b393857857cb5fd6c42264c9e14b10435326bc567fcc3511bd8df4?s=96&d=mm&r=g","contentUrl":"https:\/\/secure.gravatar.com\/avatar\/8381eb54f5b393857857cb5fd6c42264c9e14b10435326bc567fcc3511bd8df4?s=96&d=mm&r=g","caption":"Serbia.com"},"url":"https:\/\/serbia.com\/srpski\/author\/serbia-com\/"}]}},"brizy_media":[],"_links":{"self":[{"href":"https:\/\/serbia.com\/srpski\/wp-json\/wp\/v2\/posts\/49963","targetHints":{"allow":["GET"]}}],"collection":[{"href":"https:\/\/serbia.com\/srpski\/wp-json\/wp\/v2\/posts"}],"about":[{"href":"https:\/\/serbia.com\/srpski\/wp-json\/wp\/v2\/types\/post"}],"author":[{"embeddable":true,"href":"https:\/\/serbia.com\/srpski\/wp-json\/wp\/v2\/users\/9"}],"replies":[{"embeddable":true,"href":"https:\/\/serbia.com\/srpski\/wp-json\/wp\/v2\/comments?post=49963"}],"version-history":[{"count":0,"href":"https:\/\/serbia.com\/srpski\/wp-json\/wp\/v2\/posts\/49963\/revisions"}],"wp:featuredmedia":[{"embeddable":true,"href":"https:\/\/serbia.com\/srpski\/wp-json\/wp\/v2\/media\/49960"}],"wp:attachment":[{"href":"https:\/\/serbia.com\/srpski\/wp-json\/wp\/v2\/media?parent=49963"}],"wp:term":[{"taxonomy":"category","embeddable":true,"href":"https:\/\/serbia.com\/srpski\/wp-json\/wp\/v2\/categories?post=49963"},{"taxonomy":"post_tag","embeddable":true,"href":"https:\/\/serbia.com\/srpski\/wp-json\/wp\/v2\/tags?post=49963"}],"curies":[{"name":"wp","href":"https:\/\/api.w.org\/{rel}","templated":true}]}}