{"id":49481,"date":"2016-04-07T17:01:51","date_gmt":"2016-04-07T15:01:51","guid":{"rendered":"http:\/\/www.serbia.com\/srpski\/?p=49481"},"modified":"2016-04-07T17:01:51","modified_gmt":"2016-04-07T15:01:51","slug":"soder-povecan-broj-zahteva-za-azil-u-srbiji","status":"publish","type":"post","link":"https:\/\/serbia.com\/srpski\/soder-povecan-broj-zahteva-za-azil-u-srbiji\/","title":{"rendered":"\u0160oder: Pove\u0107an broj zahteva za azil u Srbiji"},"content":{"rendered":"<h4>\u0160ef Predstavni\u0161tva Visokog komesarijata UNHCR u Srbiji Hans Fridrih \u0160oder izjavio je da se pove\u0107ao broj zahteva migranata za azil u Srbiji.<\/h4>\n<p>\u0160oder je rekao da je broj migranata u Srbiji je smanjen, ali se njihov boravak ovde drasti\u010dno produ\u017eio.<\/p>\n<p>&#8220;Njihov pravni status jo\u0161 nije re\u0161en i to je segment u kojem moramo pomo\u0107i Vladi Republike Srbije&#8221;, rekao je on novinarima.<\/p>\n<p>On je istakao da se vlada ina\u010de dobro nosi sa migrantskom krizom.<\/p>\n<p>Japanski ambasador, predstavnici Unicefa i UNHCR su u kampu za privremeni sme\u0161taj migranata Principovci podelili pomo\u0107 za vi\u0161e od 70 dece migranata.<\/p>\n<p>&nbsp;<\/p>\n<p>Izvor: Tanjug<\/p>\n","protected":false},"excerpt":{"rendered":"<p>\u0160ef Predstavni\u0161tva Visokog komesarijata UNHCR u Srbiji Hans Fridrih \u0160oder izjavio je da se pove\u0107ao broj zahteva migranata za azil u Srbiji. \u0160oder je rekao da je broj migranata u [&hellip;]<\/p>\n","protected":false},"author":9,"featured_media":38012,"comment_status":"closed","ping_status":"closed","sticky":false,"template":"","format":"standard","meta":{"_acf_changed":false,"inline_featured_image":false,"_monsterinsights_skip_tracking":false,"_monsterinsights_sitenote_active":false,"_monsterinsights_sitenote_note":"","_monsterinsights_sitenote_category":0,"footnotes":""},"categories":[2700],"tags":[4391,3904,3878,4098,5832],"class_list":["post-49481","post","type-post","status-publish","format-standard","has-post-thumbnail","hentry","category-vesti","tag-hans-fridrih-soder","tag-migranti","tag-migrantska-kriza","tag-unhcr","tag-zahtev-za-azil-u-srbiji"],"acf":[],"yoast_head":"<!-- This site is optimized with the Yoast SEO plugin v27.4 - https:\/\/yoast.com\/product\/yoast-seo-wordpress\/ -->\n<title>\u0160oder: Pove\u0107an broj zahteva za azil u Srbiji - Serbia.com<\/title>\n<meta name=\"robots\" content=\"index, follow, max-snippet:-1, max-image-preview:large, max-video-preview:-1\" \/>\n<link rel=\"canonical\" href=\"https:\/\/serbia.com\/srpski\/soder-povecan-broj-zahteva-za-azil-u-srbiji\/\" \/>\n<meta property=\"og:locale\" content=\"en_US\" \/>\n<meta property=\"og:type\" content=\"article\" \/>\n<meta property=\"og:title\" content=\"\u0160oder: Pove\u0107an broj zahteva za azil u Srbiji - Serbia.com\" \/>\n<meta property=\"og:description\" content=\"\u0160ef Predstavni\u0161tva Visokog komesarijata UNHCR u Srbiji Hans Fridrih \u0160oder izjavio je da se pove\u0107ao broj zahteva migranata za azil u Srbiji. \u0160oder je rekao da je broj migranata u [&hellip;]\" \/>\n<meta property=\"og:url\" content=\"https:\/\/serbia.com\/srpski\/soder-povecan-broj-zahteva-za-azil-u-srbiji\/\" \/>\n<meta property=\"og:site_name\" content=\"Serbia.com\" \/>\n<meta property=\"article:published_time\" content=\"2016-04-07T15:01:51+00:00\" \/>\n<meta property=\"og:image\" content=\"https:\/\/serbia.com\/wp-content\/uploads\/2015\/11\/Migrants.jpg\" \/>\n\t<meta property=\"og:image:width\" content=\"800\" \/>\n\t<meta property=\"og:image:height\" content=\"433\" \/>\n\t<meta property=\"og:image:type\" content=\"image\/jpeg\" \/>\n<meta name=\"author\" content=\"Serbia.com\" \/>\n<meta name=\"twitter:label1\" content=\"Written by\" \/>\n\t<meta name=\"twitter:data1\" content=\"Serbia.com\" \/>\n\t<meta name=\"twitter:label2\" content=\"Est. reading time\" \/>\n\t<meta name=\"twitter:data2\" content=\"1 minute\" \/>\n<script type=\"application\/ld+json\" class=\"yoast-schema-graph\">{\"@context\":\"https:\\\/\\\/schema.org\",\"@graph\":[{\"@type\":\"Article\",\"@id\":\"https:\\\/\\\/serbia.com\\\/srpski\\\/soder-povecan-broj-zahteva-za-azil-u-srbiji\\\/#article\",\"isPartOf\":{\"@id\":\"https:\\\/\\\/serbia.com\\\/srpski\\\/soder-povecan-broj-zahteva-za-azil-u-srbiji\\\/\"},\"author\":{\"name\":\"Serbia.com\",\"@id\":\"https:\\\/\\\/serbia.com\\\/#\\\/schema\\\/person\\\/6fe28d3055f5f291d832531e555da490\"},\"headline\":\"\u0160oder: Pove\u0107an broj zahteva za azil u Srbiji\",\"datePublished\":\"2016-04-07T15:01:51+00:00\",\"mainEntityOfPage\":{\"@id\":\"https:\\\/\\\/serbia.com\\\/srpski\\\/soder-povecan-broj-zahteva-za-azil-u-srbiji\\\/\"},\"wordCount\":115,\"image\":{\"@id\":\"https:\\\/\\\/serbia.com\\\/srpski\\\/soder-povecan-broj-zahteva-za-azil-u-srbiji\\\/#primaryimage\"},\"thumbnailUrl\":\"https:\\\/\\\/serbia.com\\\/wp-content\\\/uploads\\\/2015\\\/11\\\/Migrants.jpg\",\"keywords\":[\"Hans Fridrih \u0160oder\",\"Migranti\",\"Migrantska kriza\",\"UNHCR\",\"Zahtev za azil u Srbiji\"],\"articleSection\":[\"Vesti\"],\"inLanguage\":\"srpski\"},{\"@type\":\"WebPage\",\"@id\":\"https:\\\/\\\/serbia.com\\\/srpski\\\/soder-povecan-broj-zahteva-za-azil-u-srbiji\\\/\",\"url\":\"https:\\\/\\\/serbia.com\\\/srpski\\\/soder-povecan-broj-zahteva-za-azil-u-srbiji\\\/\",\"name\":\"\u0160oder: Pove\u0107an broj zahteva za azil u Srbiji - Serbia.com\",\"isPartOf\":{\"@id\":\"https:\\\/\\\/serbia.com\\\/#website\"},\"primaryImageOfPage\":{\"@id\":\"https:\\\/\\\/serbia.com\\\/srpski\\\/soder-povecan-broj-zahteva-za-azil-u-srbiji\\\/#primaryimage\"},\"image\":{\"@id\":\"https:\\\/\\\/serbia.com\\\/srpski\\\/soder-povecan-broj-zahteva-za-azil-u-srbiji\\\/#primaryimage\"},\"thumbnailUrl\":\"https:\\\/\\\/serbia.com\\\/wp-content\\\/uploads\\\/2015\\\/11\\\/Migrants.jpg\",\"datePublished\":\"2016-04-07T15:01:51+00:00\",\"author\":{\"@id\":\"https:\\\/\\\/serbia.com\\\/#\\\/schema\\\/person\\\/6fe28d3055f5f291d832531e555da490\"},\"breadcrumb\":{\"@id\":\"https:\\\/\\\/serbia.com\\\/srpski\\\/soder-povecan-broj-zahteva-za-azil-u-srbiji\\\/#breadcrumb\"},\"inLanguage\":\"srpski\",\"potentialAction\":[{\"@type\":\"ReadAction\",\"target\":[\"https:\\\/\\\/serbia.com\\\/srpski\\\/soder-povecan-broj-zahteva-za-azil-u-srbiji\\\/\"]}]},{\"@type\":\"ImageObject\",\"inLanguage\":\"srpski\",\"@id\":\"https:\\\/\\\/serbia.com\\\/srpski\\\/soder-povecan-broj-zahteva-za-azil-u-srbiji\\\/#primaryimage\",\"url\":\"https:\\\/\\\/serbia.com\\\/wp-content\\\/uploads\\\/2015\\\/11\\\/Migrants.jpg\",\"contentUrl\":\"https:\\\/\\\/serbia.com\\\/wp-content\\\/uploads\\\/2015\\\/11\\\/Migrants.jpg\",\"width\":800,\"height\":433,\"caption\":\"Migrant crisis\"},{\"@type\":\"BreadcrumbList\",\"@id\":\"https:\\\/\\\/serbia.com\\\/srpski\\\/soder-povecan-broj-zahteva-za-azil-u-srbiji\\\/#breadcrumb\",\"itemListElement\":[{\"@type\":\"ListItem\",\"position\":1,\"name\":\"Home\",\"item\":\"https:\\\/\\\/serbia.com\\\/srpski\\\/srbija\\\/\"},{\"@type\":\"ListItem\",\"position\":2,\"name\":\"\u0160oder: Pove\u0107an broj zahteva za azil u Srbiji\"}]},{\"@type\":\"WebSite\",\"@id\":\"https:\\\/\\\/serbia.com\\\/#website\",\"url\":\"https:\\\/\\\/serbia.com\\\/\",\"name\":\"Serbia.com\",\"description\":\"Your Gateway to Serbia\",\"potentialAction\":[{\"@type\":\"SearchAction\",\"target\":{\"@type\":\"EntryPoint\",\"urlTemplate\":\"https:\\\/\\\/serbia.com\\\/?s={search_term_string}\"},\"query-input\":{\"@type\":\"PropertyValueSpecification\",\"valueRequired\":true,\"valueName\":\"search_term_string\"}}],\"inLanguage\":\"srpski\"},{\"@type\":\"Person\",\"@id\":\"https:\\\/\\\/serbia.com\\\/#\\\/schema\\\/person\\\/6fe28d3055f5f291d832531e555da490\",\"name\":\"Serbia.com\",\"image\":{\"@type\":\"ImageObject\",\"inLanguage\":\"srpski\",\"@id\":\"https:\\\/\\\/secure.gravatar.com\\\/avatar\\\/8381eb54f5b393857857cb5fd6c42264c9e14b10435326bc567fcc3511bd8df4?s=96&d=mm&r=g\",\"url\":\"https:\\\/\\\/secure.gravatar.com\\\/avatar\\\/8381eb54f5b393857857cb5fd6c42264c9e14b10435326bc567fcc3511bd8df4?s=96&d=mm&r=g\",\"contentUrl\":\"https:\\\/\\\/secure.gravatar.com\\\/avatar\\\/8381eb54f5b393857857cb5fd6c42264c9e14b10435326bc567fcc3511bd8df4?s=96&d=mm&r=g\",\"caption\":\"Serbia.com\"},\"url\":\"https:\\\/\\\/serbia.com\\\/srpski\\\/author\\\/serbia-com\\\/\"}]}<\/script>\n<!-- \/ Yoast SEO plugin. -->","yoast_head_json":{"title":"\u0160oder: Pove\u0107an broj zahteva za azil u Srbiji - Serbia.com","robots":{"index":"index","follow":"follow","max-snippet":"max-snippet:-1","max-image-preview":"max-image-preview:large","max-video-preview":"max-video-preview:-1"},"canonical":"https:\/\/serbia.com\/srpski\/soder-povecan-broj-zahteva-za-azil-u-srbiji\/","og_locale":"en_US","og_type":"article","og_title":"\u0160oder: Pove\u0107an broj zahteva za azil u Srbiji - Serbia.com","og_description":"\u0160ef Predstavni\u0161tva Visokog komesarijata UNHCR u Srbiji Hans Fridrih \u0160oder izjavio je da se pove\u0107ao broj zahteva migranata za azil u Srbiji. \u0160oder je rekao da je broj migranata u [&hellip;]","og_url":"https:\/\/serbia.com\/srpski\/soder-povecan-broj-zahteva-za-azil-u-srbiji\/","og_site_name":"Serbia.com","article_published_time":"2016-04-07T15:01:51+00:00","og_image":[{"width":800,"height":433,"url":"https:\/\/serbia.com\/wp-content\/uploads\/2015\/11\/Migrants.jpg","type":"image\/jpeg"}],"author":"Serbia.com","twitter_misc":{"Written by":"Serbia.com","Est. reading time":"1 minute"},"schema":{"@context":"https:\/\/schema.org","@graph":[{"@type":"Article","@id":"https:\/\/serbia.com\/srpski\/soder-povecan-broj-zahteva-za-azil-u-srbiji\/#article","isPartOf":{"@id":"https:\/\/serbia.com\/srpski\/soder-povecan-broj-zahteva-za-azil-u-srbiji\/"},"author":{"name":"Serbia.com","@id":"https:\/\/serbia.com\/#\/schema\/person\/6fe28d3055f5f291d832531e555da490"},"headline":"\u0160oder: Pove\u0107an broj zahteva za azil u Srbiji","datePublished":"2016-04-07T15:01:51+00:00","mainEntityOfPage":{"@id":"https:\/\/serbia.com\/srpski\/soder-povecan-broj-zahteva-za-azil-u-srbiji\/"},"wordCount":115,"image":{"@id":"https:\/\/serbia.com\/srpski\/soder-povecan-broj-zahteva-za-azil-u-srbiji\/#primaryimage"},"thumbnailUrl":"https:\/\/serbia.com\/wp-content\/uploads\/2015\/11\/Migrants.jpg","keywords":["Hans Fridrih \u0160oder","Migranti","Migrantska kriza","UNHCR","Zahtev za azil u Srbiji"],"articleSection":["Vesti"],"inLanguage":"srpski"},{"@type":"WebPage","@id":"https:\/\/serbia.com\/srpski\/soder-povecan-broj-zahteva-za-azil-u-srbiji\/","url":"https:\/\/serbia.com\/srpski\/soder-povecan-broj-zahteva-za-azil-u-srbiji\/","name":"\u0160oder: Pove\u0107an broj zahteva za azil u Srbiji - Serbia.com","isPartOf":{"@id":"https:\/\/serbia.com\/#website"},"primaryImageOfPage":{"@id":"https:\/\/serbia.com\/srpski\/soder-povecan-broj-zahteva-za-azil-u-srbiji\/#primaryimage"},"image":{"@id":"https:\/\/serbia.com\/srpski\/soder-povecan-broj-zahteva-za-azil-u-srbiji\/#primaryimage"},"thumbnailUrl":"https:\/\/serbia.com\/wp-content\/uploads\/2015\/11\/Migrants.jpg","datePublished":"2016-04-07T15:01:51+00:00","author":{"@id":"https:\/\/serbia.com\/#\/schema\/person\/6fe28d3055f5f291d832531e555da490"},"breadcrumb":{"@id":"https:\/\/serbia.com\/srpski\/soder-povecan-broj-zahteva-za-azil-u-srbiji\/#breadcrumb"},"inLanguage":"srpski","potentialAction":[{"@type":"ReadAction","target":["https:\/\/serbia.com\/srpski\/soder-povecan-broj-zahteva-za-azil-u-srbiji\/"]}]},{"@type":"ImageObject","inLanguage":"srpski","@id":"https:\/\/serbia.com\/srpski\/soder-povecan-broj-zahteva-za-azil-u-srbiji\/#primaryimage","url":"https:\/\/serbia.com\/wp-content\/uploads\/2015\/11\/Migrants.jpg","contentUrl":"https:\/\/serbia.com\/wp-content\/uploads\/2015\/11\/Migrants.jpg","width":800,"height":433,"caption":"Migrant crisis"},{"@type":"BreadcrumbList","@id":"https:\/\/serbia.com\/srpski\/soder-povecan-broj-zahteva-za-azil-u-srbiji\/#breadcrumb","itemListElement":[{"@type":"ListItem","position":1,"name":"Home","item":"https:\/\/serbia.com\/srpski\/srbija\/"},{"@type":"ListItem","position":2,"name":"\u0160oder: Pove\u0107an broj zahteva za azil u Srbiji"}]},{"@type":"WebSite","@id":"https:\/\/serbia.com\/#website","url":"https:\/\/serbia.com\/","name":"Serbia.com","description":"Your Gateway to Serbia","potentialAction":[{"@type":"SearchAction","target":{"@type":"EntryPoint","urlTemplate":"https:\/\/serbia.com\/?s={search_term_string}"},"query-input":{"@type":"PropertyValueSpecification","valueRequired":true,"valueName":"search_term_string"}}],"inLanguage":"srpski"},{"@type":"Person","@id":"https:\/\/serbia.com\/#\/schema\/person\/6fe28d3055f5f291d832531e555da490","name":"Serbia.com","image":{"@type":"ImageObject","inLanguage":"srpski","@id":"https:\/\/secure.gravatar.com\/avatar\/8381eb54f5b393857857cb5fd6c42264c9e14b10435326bc567fcc3511bd8df4?s=96&d=mm&r=g","url":"https:\/\/secure.gravatar.com\/avatar\/8381eb54f5b393857857cb5fd6c42264c9e14b10435326bc567fcc3511bd8df4?s=96&d=mm&r=g","contentUrl":"https:\/\/secure.gravatar.com\/avatar\/8381eb54f5b393857857cb5fd6c42264c9e14b10435326bc567fcc3511bd8df4?s=96&d=mm&r=g","caption":"Serbia.com"},"url":"https:\/\/serbia.com\/srpski\/author\/serbia-com\/"}]}},"brizy_media":[],"_links":{"self":[{"href":"https:\/\/serbia.com\/srpski\/wp-json\/wp\/v2\/posts\/49481","targetHints":{"allow":["GET"]}}],"collection":[{"href":"https:\/\/serbia.com\/srpski\/wp-json\/wp\/v2\/posts"}],"about":[{"href":"https:\/\/serbia.com\/srpski\/wp-json\/wp\/v2\/types\/post"}],"author":[{"embeddable":true,"href":"https:\/\/serbia.com\/srpski\/wp-json\/wp\/v2\/users\/9"}],"replies":[{"embeddable":true,"href":"https:\/\/serbia.com\/srpski\/wp-json\/wp\/v2\/comments?post=49481"}],"version-history":[{"count":0,"href":"https:\/\/serbia.com\/srpski\/wp-json\/wp\/v2\/posts\/49481\/revisions"}],"wp:featuredmedia":[{"embeddable":true,"href":"https:\/\/serbia.com\/srpski\/wp-json\/wp\/v2\/media\/38012"}],"wp:attachment":[{"href":"https:\/\/serbia.com\/srpski\/wp-json\/wp\/v2\/media?parent=49481"}],"wp:term":[{"taxonomy":"category","embeddable":true,"href":"https:\/\/serbia.com\/srpski\/wp-json\/wp\/v2\/categories?post=49481"},{"taxonomy":"post_tag","embeddable":true,"href":"https:\/\/serbia.com\/srpski\/wp-json\/wp\/v2\/tags?post=49481"}],"curies":[{"name":"wp","href":"https:\/\/api.w.org\/{rel}","templated":true}]}}