{"id":49135,"date":"2016-04-01T17:24:57","date_gmt":"2016-04-01T15:24:57","guid":{"rendered":"http:\/\/www.serbia.com\/srpski\/?p=49135"},"modified":"2016-04-01T17:24:57","modified_gmt":"2016-04-01T15:24:57","slug":"pristina-ukinula-blokadu-za-kamione-iz-srbije","status":"publish","type":"post","link":"https:\/\/serbia.com\/srpski\/pristina-ukinula-blokadu-za-kamione-iz-srbije\/","title":{"rendered":"Pri\u0161tina ukinula blokadu za kamione iz Srbije?"},"content":{"rendered":"<h4>Pri\u0161tina nije ukinula blokadu ulaska kamiona koji prevoze opasne materije, odnosno naftu i gas, iz centralne Srbije na Kosovo, izjavio je danas portparol Kosovske carine Adriatik Staviljeci, demantuju\u0107i tako jutro\u0161nje izve\u0161taje TV Mosta iz Zve\u010dana da je blokada ukinuta.<\/h4>\n<p>Pri\u0161tina nije ukinula blokadu ulaska kamiona koji prevoze opasne materije, odnosno naftu i gas, iz centralne Srbije na Kosovo, izjavio je Staviljeci, demantuju\u0107i tako jutro\u0161nje izve\u0161taje TV Mosta.<\/p>\n<p>Kancelarija za Kosovo i Metohiju najavila da je, uz posredovanje EU, dogovoreno da Pri\u0161tina od danas u 9.00 \u010dasova ukine jednostrano uvedenu blokadu ulaska kamiona koji prevoze opasne materije iz centralne Srbije.<\/p>\n<p>Portparol Kosovske carine Adriatik Staviljeci je, me\u0111utim, za RTV Kim rekao da je blokada i dalje na snazi.<\/p>\n<p>&#8220;Carina ne komentari\u0161e nikakve politi\u010dke izjave. Carina samo mo\u017ee jo\u0161 jednom da potvrdi da je recipro\u010dna mera i dalje na snazi\u201c, rekao je Staviljeci.<\/p>\n<p>Odluka Ministarstva trgovine Kosova o uvo\u0111enju recipro\u010dnih mera za transport iz Srbije stupila je na snagu 21. marta i do tog trenutka Kosovska carina ne dozvoljava prolazak na Kosovo kamionima koji prevoze opasne materije, podse\u0107a RTV KiM.<\/p>\n<p>Staviljeci je ponovio da se odluka ne odnosi za promet robe iz centralne Srbije ve\u0107 samo na unos opasnih materija, poput nafte i gasa.<\/p>\n<p>TV Most je jutros javio da je Pri\u0161tina ukinula blokadu ulaska kamiona koji prevoze opasne materije iz centralne Srbije u ju\u017enu srpsku pokrajinu, tako da vi\u0161e nema gu\u017eve na administrativnom prelazu Merdare i saobra\u0107aj funkcioni\u0161e nesmetano.<\/p>\n<p>Voza\u010di kamiona su rekli da su zadovoljni i da prolaze bez problema jer nema du\u017eeg zadr\u017eavanja.<\/p>\n<p>U Kancelariji za Kosovo i Metohiju Vlade Srbije navode da su se strane saglasile da u cilju trajnog re\u0161avanja ovog problema slede\u0107e nedelje bude odr\u017eana posebna runda dijaloga na ekspertskom nivou.<\/p>\n<p>Kosovske vlasti je mere blokade nazvala recipro\u010dnim, a Vlada Srbije je ranije saop\u0161tila da Pri\u0161tina kr\u0161i CEFTA sporazum i da je Beograd zbog tog problema u stalnoj vezi sa Briselom.<\/p>\n<p>&nbsp;<\/p>\n<p>Izvor: Tanjug<\/p>\n","protected":false},"excerpt":{"rendered":"<p>Pri\u0161tina nije ukinula blokadu ulaska kamiona koji prevoze opasne materije, odnosno naftu i gas, iz centralne Srbije na Kosovo, izjavio je danas portparol Kosovske carine Adriatik Staviljeci, demantuju\u0107i tako jutro\u0161nje [&hellip;]<\/p>\n","protected":false},"author":9,"featured_media":49132,"comment_status":"closed","ping_status":"closed","sticky":false,"template":"","format":"standard","meta":{"_acf_changed":false,"inline_featured_image":false,"_monsterinsights_skip_tracking":false,"_monsterinsights_sitenote_active":false,"_monsterinsights_sitenote_note":"","_monsterinsights_sitenote_category":0,"footnotes":""},"categories":[2700],"tags":[5704,3836,3978,5726],"class_list":["post-49135","post","type-post","status-publish","format-standard","has-post-thumbnail","hentry","category-vesti","tag-blokada-kamiona","tag-kosovo","tag-pristina","tag-srpski-kamioni"],"acf":[],"yoast_head":"<!-- This site is optimized with the Yoast SEO plugin v27.4 - https:\/\/yoast.com\/product\/yoast-seo-wordpress\/ -->\n<title>Pri\u0161tina ukinula blokadu za kamione iz Srbije? - Serbia.com<\/title>\n<meta name=\"robots\" content=\"index, follow, max-snippet:-1, max-image-preview:large, max-video-preview:-1\" \/>\n<link rel=\"canonical\" href=\"https:\/\/serbia.com\/srpski\/pristina-ukinula-blokadu-za-kamione-iz-srbije\/\" \/>\n<meta property=\"og:locale\" content=\"en_US\" \/>\n<meta property=\"og:type\" content=\"article\" \/>\n<meta property=\"og:title\" content=\"Pri\u0161tina ukinula blokadu za kamione iz Srbije? - Serbia.com\" \/>\n<meta property=\"og:description\" content=\"Pri\u0161tina nije ukinula blokadu ulaska kamiona koji prevoze opasne materije, odnosno naftu i gas, iz centralne Srbije na Kosovo, izjavio je danas portparol Kosovske carine Adriatik Staviljeci, demantuju\u0107i tako jutro\u0161nje [&hellip;]\" \/>\n<meta property=\"og:url\" content=\"https:\/\/serbia.com\/srpski\/pristina-ukinula-blokadu-za-kamione-iz-srbije\/\" \/>\n<meta property=\"og:site_name\" content=\"Serbia.com\" \/>\n<meta property=\"article:published_time\" content=\"2016-04-01T15:24:57+00:00\" \/>\n<meta property=\"og:image\" content=\"https:\/\/serbia.com\/wp-content\/uploads\/2016\/04\/znak-stop.jpg\" \/>\n\t<meta property=\"og:image:width\" content=\"940\" \/>\n\t<meta property=\"og:image:height\" content=\"529\" \/>\n\t<meta property=\"og:image:type\" content=\"image\/jpeg\" \/>\n<meta name=\"author\" content=\"Serbia.com\" \/>\n<meta name=\"twitter:label1\" content=\"Written by\" \/>\n\t<meta name=\"twitter:data1\" content=\"Serbia.com\" \/>\n\t<meta name=\"twitter:label2\" content=\"Est. reading time\" \/>\n\t<meta name=\"twitter:data2\" content=\"2 minutes\" \/>\n<script type=\"application\/ld+json\" class=\"yoast-schema-graph\">{\"@context\":\"https:\\\/\\\/schema.org\",\"@graph\":[{\"@type\":\"Article\",\"@id\":\"https:\\\/\\\/serbia.com\\\/srpski\\\/pristina-ukinula-blokadu-za-kamione-iz-srbije\\\/#article\",\"isPartOf\":{\"@id\":\"https:\\\/\\\/serbia.com\\\/srpski\\\/pristina-ukinula-blokadu-za-kamione-iz-srbije\\\/\"},\"author\":{\"name\":\"Serbia.com\",\"@id\":\"https:\\\/\\\/serbia.com\\\/#\\\/schema\\\/person\\\/6fe28d3055f5f291d832531e555da490\"},\"headline\":\"Pri\u0161tina ukinula blokadu za kamione iz Srbije?\",\"datePublished\":\"2016-04-01T15:24:57+00:00\",\"mainEntityOfPage\":{\"@id\":\"https:\\\/\\\/serbia.com\\\/srpski\\\/pristina-ukinula-blokadu-za-kamione-iz-srbije\\\/\"},\"wordCount\":358,\"image\":{\"@id\":\"https:\\\/\\\/serbia.com\\\/srpski\\\/pristina-ukinula-blokadu-za-kamione-iz-srbije\\\/#primaryimage\"},\"thumbnailUrl\":\"https:\\\/\\\/serbia.com\\\/wp-content\\\/uploads\\\/2016\\\/04\\\/znak-stop.jpg\",\"keywords\":[\"Blokada kamiona\",\"Kosovo\",\"Pristina\",\"Srpski kamioni\"],\"articleSection\":[\"Vesti\"],\"inLanguage\":\"srpski\"},{\"@type\":\"WebPage\",\"@id\":\"https:\\\/\\\/serbia.com\\\/srpski\\\/pristina-ukinula-blokadu-za-kamione-iz-srbije\\\/\",\"url\":\"https:\\\/\\\/serbia.com\\\/srpski\\\/pristina-ukinula-blokadu-za-kamione-iz-srbije\\\/\",\"name\":\"Pri\u0161tina ukinula blokadu za kamione iz Srbije? - Serbia.com\",\"isPartOf\":{\"@id\":\"https:\\\/\\\/serbia.com\\\/#website\"},\"primaryImageOfPage\":{\"@id\":\"https:\\\/\\\/serbia.com\\\/srpski\\\/pristina-ukinula-blokadu-za-kamione-iz-srbije\\\/#primaryimage\"},\"image\":{\"@id\":\"https:\\\/\\\/serbia.com\\\/srpski\\\/pristina-ukinula-blokadu-za-kamione-iz-srbije\\\/#primaryimage\"},\"thumbnailUrl\":\"https:\\\/\\\/serbia.com\\\/wp-content\\\/uploads\\\/2016\\\/04\\\/znak-stop.jpg\",\"datePublished\":\"2016-04-01T15:24:57+00:00\",\"author\":{\"@id\":\"https:\\\/\\\/serbia.com\\\/#\\\/schema\\\/person\\\/6fe28d3055f5f291d832531e555da490\"},\"breadcrumb\":{\"@id\":\"https:\\\/\\\/serbia.com\\\/srpski\\\/pristina-ukinula-blokadu-za-kamione-iz-srbije\\\/#breadcrumb\"},\"inLanguage\":\"srpski\",\"potentialAction\":[{\"@type\":\"ReadAction\",\"target\":[\"https:\\\/\\\/serbia.com\\\/srpski\\\/pristina-ukinula-blokadu-za-kamione-iz-srbije\\\/\"]}]},{\"@type\":\"ImageObject\",\"inLanguage\":\"srpski\",\"@id\":\"https:\\\/\\\/serbia.com\\\/srpski\\\/pristina-ukinula-blokadu-za-kamione-iz-srbije\\\/#primaryimage\",\"url\":\"https:\\\/\\\/serbia.com\\\/wp-content\\\/uploads\\\/2016\\\/04\\\/znak-stop.jpg\",\"contentUrl\":\"https:\\\/\\\/serbia.com\\\/wp-content\\\/uploads\\\/2016\\\/04\\\/znak-stop.jpg\",\"width\":940,\"height\":529,\"caption\":\"Truck blockade Pristina\"},{\"@type\":\"BreadcrumbList\",\"@id\":\"https:\\\/\\\/serbia.com\\\/srpski\\\/pristina-ukinula-blokadu-za-kamione-iz-srbije\\\/#breadcrumb\",\"itemListElement\":[{\"@type\":\"ListItem\",\"position\":1,\"name\":\"Home\",\"item\":\"https:\\\/\\\/serbia.com\\\/srpski\\\/srbija\\\/\"},{\"@type\":\"ListItem\",\"position\":2,\"name\":\"Pri\u0161tina ukinula blokadu za kamione iz Srbije?\"}]},{\"@type\":\"WebSite\",\"@id\":\"https:\\\/\\\/serbia.com\\\/#website\",\"url\":\"https:\\\/\\\/serbia.com\\\/\",\"name\":\"Serbia.com\",\"description\":\"Your Gateway to Serbia\",\"potentialAction\":[{\"@type\":\"SearchAction\",\"target\":{\"@type\":\"EntryPoint\",\"urlTemplate\":\"https:\\\/\\\/serbia.com\\\/?s={search_term_string}\"},\"query-input\":{\"@type\":\"PropertyValueSpecification\",\"valueRequired\":true,\"valueName\":\"search_term_string\"}}],\"inLanguage\":\"srpski\"},{\"@type\":\"Person\",\"@id\":\"https:\\\/\\\/serbia.com\\\/#\\\/schema\\\/person\\\/6fe28d3055f5f291d832531e555da490\",\"name\":\"Serbia.com\",\"image\":{\"@type\":\"ImageObject\",\"inLanguage\":\"srpski\",\"@id\":\"https:\\\/\\\/secure.gravatar.com\\\/avatar\\\/8381eb54f5b393857857cb5fd6c42264c9e14b10435326bc567fcc3511bd8df4?s=96&d=mm&r=g\",\"url\":\"https:\\\/\\\/secure.gravatar.com\\\/avatar\\\/8381eb54f5b393857857cb5fd6c42264c9e14b10435326bc567fcc3511bd8df4?s=96&d=mm&r=g\",\"contentUrl\":\"https:\\\/\\\/secure.gravatar.com\\\/avatar\\\/8381eb54f5b393857857cb5fd6c42264c9e14b10435326bc567fcc3511bd8df4?s=96&d=mm&r=g\",\"caption\":\"Serbia.com\"},\"url\":\"https:\\\/\\\/serbia.com\\\/srpski\\\/author\\\/serbia-com\\\/\"}]}<\/script>\n<!-- \/ Yoast SEO plugin. -->","yoast_head_json":{"title":"Pri\u0161tina ukinula blokadu za kamione iz Srbije? - Serbia.com","robots":{"index":"index","follow":"follow","max-snippet":"max-snippet:-1","max-image-preview":"max-image-preview:large","max-video-preview":"max-video-preview:-1"},"canonical":"https:\/\/serbia.com\/srpski\/pristina-ukinula-blokadu-za-kamione-iz-srbije\/","og_locale":"en_US","og_type":"article","og_title":"Pri\u0161tina ukinula blokadu za kamione iz Srbije? - Serbia.com","og_description":"Pri\u0161tina nije ukinula blokadu ulaska kamiona koji prevoze opasne materije, odnosno naftu i gas, iz centralne Srbije na Kosovo, izjavio je danas portparol Kosovske carine Adriatik Staviljeci, demantuju\u0107i tako jutro\u0161nje [&hellip;]","og_url":"https:\/\/serbia.com\/srpski\/pristina-ukinula-blokadu-za-kamione-iz-srbije\/","og_site_name":"Serbia.com","article_published_time":"2016-04-01T15:24:57+00:00","og_image":[{"width":940,"height":529,"url":"https:\/\/serbia.com\/wp-content\/uploads\/2016\/04\/znak-stop.jpg","type":"image\/jpeg"}],"author":"Serbia.com","twitter_misc":{"Written by":"Serbia.com","Est. reading time":"2 minutes"},"schema":{"@context":"https:\/\/schema.org","@graph":[{"@type":"Article","@id":"https:\/\/serbia.com\/srpski\/pristina-ukinula-blokadu-za-kamione-iz-srbije\/#article","isPartOf":{"@id":"https:\/\/serbia.com\/srpski\/pristina-ukinula-blokadu-za-kamione-iz-srbije\/"},"author":{"name":"Serbia.com","@id":"https:\/\/serbia.com\/#\/schema\/person\/6fe28d3055f5f291d832531e555da490"},"headline":"Pri\u0161tina ukinula blokadu za kamione iz Srbije?","datePublished":"2016-04-01T15:24:57+00:00","mainEntityOfPage":{"@id":"https:\/\/serbia.com\/srpski\/pristina-ukinula-blokadu-za-kamione-iz-srbije\/"},"wordCount":358,"image":{"@id":"https:\/\/serbia.com\/srpski\/pristina-ukinula-blokadu-za-kamione-iz-srbije\/#primaryimage"},"thumbnailUrl":"https:\/\/serbia.com\/wp-content\/uploads\/2016\/04\/znak-stop.jpg","keywords":["Blokada kamiona","Kosovo","Pristina","Srpski kamioni"],"articleSection":["Vesti"],"inLanguage":"srpski"},{"@type":"WebPage","@id":"https:\/\/serbia.com\/srpski\/pristina-ukinula-blokadu-za-kamione-iz-srbije\/","url":"https:\/\/serbia.com\/srpski\/pristina-ukinula-blokadu-za-kamione-iz-srbije\/","name":"Pri\u0161tina ukinula blokadu za kamione iz Srbije? - Serbia.com","isPartOf":{"@id":"https:\/\/serbia.com\/#website"},"primaryImageOfPage":{"@id":"https:\/\/serbia.com\/srpski\/pristina-ukinula-blokadu-za-kamione-iz-srbije\/#primaryimage"},"image":{"@id":"https:\/\/serbia.com\/srpski\/pristina-ukinula-blokadu-za-kamione-iz-srbije\/#primaryimage"},"thumbnailUrl":"https:\/\/serbia.com\/wp-content\/uploads\/2016\/04\/znak-stop.jpg","datePublished":"2016-04-01T15:24:57+00:00","author":{"@id":"https:\/\/serbia.com\/#\/schema\/person\/6fe28d3055f5f291d832531e555da490"},"breadcrumb":{"@id":"https:\/\/serbia.com\/srpski\/pristina-ukinula-blokadu-za-kamione-iz-srbije\/#breadcrumb"},"inLanguage":"srpski","potentialAction":[{"@type":"ReadAction","target":["https:\/\/serbia.com\/srpski\/pristina-ukinula-blokadu-za-kamione-iz-srbije\/"]}]},{"@type":"ImageObject","inLanguage":"srpski","@id":"https:\/\/serbia.com\/srpski\/pristina-ukinula-blokadu-za-kamione-iz-srbije\/#primaryimage","url":"https:\/\/serbia.com\/wp-content\/uploads\/2016\/04\/znak-stop.jpg","contentUrl":"https:\/\/serbia.com\/wp-content\/uploads\/2016\/04\/znak-stop.jpg","width":940,"height":529,"caption":"Truck blockade Pristina"},{"@type":"BreadcrumbList","@id":"https:\/\/serbia.com\/srpski\/pristina-ukinula-blokadu-za-kamione-iz-srbije\/#breadcrumb","itemListElement":[{"@type":"ListItem","position":1,"name":"Home","item":"https:\/\/serbia.com\/srpski\/srbija\/"},{"@type":"ListItem","position":2,"name":"Pri\u0161tina ukinula blokadu za kamione iz Srbije?"}]},{"@type":"WebSite","@id":"https:\/\/serbia.com\/#website","url":"https:\/\/serbia.com\/","name":"Serbia.com","description":"Your Gateway to Serbia","potentialAction":[{"@type":"SearchAction","target":{"@type":"EntryPoint","urlTemplate":"https:\/\/serbia.com\/?s={search_term_string}"},"query-input":{"@type":"PropertyValueSpecification","valueRequired":true,"valueName":"search_term_string"}}],"inLanguage":"srpski"},{"@type":"Person","@id":"https:\/\/serbia.com\/#\/schema\/person\/6fe28d3055f5f291d832531e555da490","name":"Serbia.com","image":{"@type":"ImageObject","inLanguage":"srpski","@id":"https:\/\/secure.gravatar.com\/avatar\/8381eb54f5b393857857cb5fd6c42264c9e14b10435326bc567fcc3511bd8df4?s=96&d=mm&r=g","url":"https:\/\/secure.gravatar.com\/avatar\/8381eb54f5b393857857cb5fd6c42264c9e14b10435326bc567fcc3511bd8df4?s=96&d=mm&r=g","contentUrl":"https:\/\/secure.gravatar.com\/avatar\/8381eb54f5b393857857cb5fd6c42264c9e14b10435326bc567fcc3511bd8df4?s=96&d=mm&r=g","caption":"Serbia.com"},"url":"https:\/\/serbia.com\/srpski\/author\/serbia-com\/"}]}},"brizy_media":[],"_links":{"self":[{"href":"https:\/\/serbia.com\/srpski\/wp-json\/wp\/v2\/posts\/49135","targetHints":{"allow":["GET"]}}],"collection":[{"href":"https:\/\/serbia.com\/srpski\/wp-json\/wp\/v2\/posts"}],"about":[{"href":"https:\/\/serbia.com\/srpski\/wp-json\/wp\/v2\/types\/post"}],"author":[{"embeddable":true,"href":"https:\/\/serbia.com\/srpski\/wp-json\/wp\/v2\/users\/9"}],"replies":[{"embeddable":true,"href":"https:\/\/serbia.com\/srpski\/wp-json\/wp\/v2\/comments?post=49135"}],"version-history":[{"count":0,"href":"https:\/\/serbia.com\/srpski\/wp-json\/wp\/v2\/posts\/49135\/revisions"}],"wp:featuredmedia":[{"embeddable":true,"href":"https:\/\/serbia.com\/srpski\/wp-json\/wp\/v2\/media\/49132"}],"wp:attachment":[{"href":"https:\/\/serbia.com\/srpski\/wp-json\/wp\/v2\/media?parent=49135"}],"wp:term":[{"taxonomy":"category","embeddable":true,"href":"https:\/\/serbia.com\/srpski\/wp-json\/wp\/v2\/categories?post=49135"},{"taxonomy":"post_tag","embeddable":true,"href":"https:\/\/serbia.com\/srpski\/wp-json\/wp\/v2\/tags?post=49135"}],"curies":[{"name":"wp","href":"https:\/\/api.w.org\/{rel}","templated":true}]}}