{"id":48848,"date":"2016-03-29T17:23:56","date_gmt":"2016-03-29T15:23:56","guid":{"rendered":"http:\/\/www.serbia.com\/srpski\/?p=48848"},"modified":"2016-03-29T17:23:56","modified_gmt":"2016-03-29T15:23:56","slug":"odrzana-analiza-sposobnosti-vojske-srbije-za-2015-godinu","status":"publish","type":"post","link":"https:\/\/serbia.com\/srpski\/odrzana-analiza-sposobnosti-vojske-srbije-za-2015-godinu\/","title":{"rendered":"Odr\u017eana analiza sposobnosti Vojske Srbije za 2015. godinu"},"content":{"rendered":"<h4>Redovna godi\u0161nja analiza operativnih i funkcionalnih sposobnosti Vojske Srbije za 2015. godinu odr\u017eana je danas u Domu Garde u Top\u010dideru.<\/h4>\n<p>Analizi su prisustvovali predsednik Srbije Tomislav Nikoli\u0107, predsednica Narodne skup\u0161tine Maja Gojkovi\u0107, ministar odbrane Zoran \u0110ordevi\u0107, nacelnik General\u0161taba Vojske Srbije general Ljubi\u0161a Dikovi\u0107 i \u010dlanovi kolegijuma ministra odbrane i nacelnika General\u0161taba, saop\u0161tilo je Ministarstvo odbrane.<\/p>\n<p>U toku analize sagledani su rezultati rada Vojske Srbije u 2015. godini, dostignu\u0107a u izgradnji operativnih i funkcionalnih sposobnosti, sposobnosti Kopnene vojske, Ratnog vazduhoplovstva i PVO, Komande za obuku, kao i Vojske Srbije u celini za izvr\u0161enje dodeljenih misija, zatim elementi operativnih i funkcionalnih sposobnosti za 2015. godinu i druga pitanja koja uticu na odr\u017eavanje i razvoj sposobnosti Vojske Srbije.<\/p>\n<p>Definisani su i zadaci za odr\u017eavanje i unapredivanje sposobnosti Vojske Srbije u 2016. godini.<\/p>\n<p>Nakon analize, ucesnici su videli prikaz naoru\u017eanja i vojne opreme, a predstavljeni su im i najnoviji naslovi vojnoizdavacke delatnosti, navedeno je u saop\u0161tenju.<\/p>\n<p>&nbsp;<\/p>\n<p>Izvor. Tanjug<\/p>\n","protected":false},"excerpt":{"rendered":"<p>Redovna godi\u0161nja analiza operativnih i funkcionalnih sposobnosti Vojske Srbije za 2015. godinu odr\u017eana je danas u Domu Garde u Top\u010dideru. Analizi su prisustvovali predsednik Srbije Tomislav Nikoli\u0107, predsednica Narodne skup\u0161tine [&hellip;]<\/p>\n","protected":false},"author":9,"featured_media":48845,"comment_status":"closed","ping_status":"closed","sticky":false,"template":"","format":"standard","meta":{"_acf_changed":false,"inline_featured_image":false,"_monsterinsights_skip_tracking":false,"_monsterinsights_sitenote_active":false,"_monsterinsights_sitenote_note":"","_monsterinsights_sitenote_category":0,"footnotes":""},"categories":[2700],"tags":[5644,2792],"class_list":["post-48848","post","type-post","status-publish","format-standard","has-post-thumbnail","hentry","category-vesti","tag-analiza-sposobnosti","tag-vojska-srbije-srpski-srpski"],"acf":[],"yoast_head":"<!-- This site is optimized with the Yoast SEO plugin v27.4 - https:\/\/yoast.com\/product\/yoast-seo-wordpress\/ -->\n<title>Odr\u017eana analiza sposobnosti Vojske Srbije za 2015. godinu - Serbia.com<\/title>\n<meta name=\"robots\" content=\"index, follow, max-snippet:-1, max-image-preview:large, max-video-preview:-1\" \/>\n<link rel=\"canonical\" href=\"https:\/\/serbia.com\/srpski\/odrzana-analiza-sposobnosti-vojske-srbije-za-2015-godinu\/\" \/>\n<meta property=\"og:locale\" content=\"en_US\" \/>\n<meta property=\"og:type\" content=\"article\" \/>\n<meta property=\"og:title\" content=\"Odr\u017eana analiza sposobnosti Vojske Srbije za 2015. godinu - Serbia.com\" \/>\n<meta property=\"og:description\" content=\"Redovna godi\u0161nja analiza operativnih i funkcionalnih sposobnosti Vojske Srbije za 2015. godinu odr\u017eana je danas u Domu Garde u Top\u010dideru. Analizi su prisustvovali predsednik Srbije Tomislav Nikoli\u0107, predsednica Narodne skup\u0161tine [&hellip;]\" \/>\n<meta property=\"og:url\" content=\"https:\/\/serbia.com\/srpski\/odrzana-analiza-sposobnosti-vojske-srbije-za-2015-godinu\/\" \/>\n<meta property=\"og:site_name\" content=\"Serbia.com\" \/>\n<meta property=\"article:published_time\" content=\"2016-03-29T15:23:56+00:00\" \/>\n<meta property=\"og:image\" content=\"https:\/\/serbia.com\/wp-content\/uploads\/2016\/03\/Serbian-Armed-Forces-e1459264954294.jpg\" \/>\n\t<meta property=\"og:image:width\" content=\"800\" \/>\n\t<meta property=\"og:image:height\" content=\"534\" \/>\n\t<meta property=\"og:image:type\" content=\"image\/jpeg\" \/>\n<meta name=\"author\" content=\"Serbia.com\" \/>\n<meta name=\"twitter:label1\" content=\"Written by\" \/>\n\t<meta name=\"twitter:data1\" content=\"Serbia.com\" \/>\n\t<meta name=\"twitter:label2\" content=\"Est. reading time\" \/>\n\t<meta name=\"twitter:data2\" content=\"1 minute\" \/>\n<script type=\"application\/ld+json\" class=\"yoast-schema-graph\">{\"@context\":\"https:\\\/\\\/schema.org\",\"@graph\":[{\"@type\":\"Article\",\"@id\":\"https:\\\/\\\/serbia.com\\\/srpski\\\/odrzana-analiza-sposobnosti-vojske-srbije-za-2015-godinu\\\/#article\",\"isPartOf\":{\"@id\":\"https:\\\/\\\/serbia.com\\\/srpski\\\/odrzana-analiza-sposobnosti-vojske-srbije-za-2015-godinu\\\/\"},\"author\":{\"name\":\"Serbia.com\",\"@id\":\"https:\\\/\\\/serbia.com\\\/#\\\/schema\\\/person\\\/6fe28d3055f5f291d832531e555da490\"},\"headline\":\"Odr\u017eana analiza sposobnosti Vojske Srbije za 2015. godinu\",\"datePublished\":\"2016-03-29T15:23:56+00:00\",\"mainEntityOfPage\":{\"@id\":\"https:\\\/\\\/serbia.com\\\/srpski\\\/odrzana-analiza-sposobnosti-vojske-srbije-za-2015-godinu\\\/\"},\"wordCount\":173,\"image\":{\"@id\":\"https:\\\/\\\/serbia.com\\\/srpski\\\/odrzana-analiza-sposobnosti-vojske-srbije-za-2015-godinu\\\/#primaryimage\"},\"thumbnailUrl\":\"https:\\\/\\\/serbia.com\\\/wp-content\\\/uploads\\\/2016\\\/03\\\/Serbian-Armed-Forces-e1459264954294.jpg\",\"keywords\":[\"Analiza sposobnosti\",\"Vojska Srbije\"],\"articleSection\":[\"Vesti\"],\"inLanguage\":\"srpski\"},{\"@type\":\"WebPage\",\"@id\":\"https:\\\/\\\/serbia.com\\\/srpski\\\/odrzana-analiza-sposobnosti-vojske-srbije-za-2015-godinu\\\/\",\"url\":\"https:\\\/\\\/serbia.com\\\/srpski\\\/odrzana-analiza-sposobnosti-vojske-srbije-za-2015-godinu\\\/\",\"name\":\"Odr\u017eana analiza sposobnosti Vojske Srbije za 2015. godinu - Serbia.com\",\"isPartOf\":{\"@id\":\"https:\\\/\\\/serbia.com\\\/#website\"},\"primaryImageOfPage\":{\"@id\":\"https:\\\/\\\/serbia.com\\\/srpski\\\/odrzana-analiza-sposobnosti-vojske-srbije-za-2015-godinu\\\/#primaryimage\"},\"image\":{\"@id\":\"https:\\\/\\\/serbia.com\\\/srpski\\\/odrzana-analiza-sposobnosti-vojske-srbije-za-2015-godinu\\\/#primaryimage\"},\"thumbnailUrl\":\"https:\\\/\\\/serbia.com\\\/wp-content\\\/uploads\\\/2016\\\/03\\\/Serbian-Armed-Forces-e1459264954294.jpg\",\"datePublished\":\"2016-03-29T15:23:56+00:00\",\"author\":{\"@id\":\"https:\\\/\\\/serbia.com\\\/#\\\/schema\\\/person\\\/6fe28d3055f5f291d832531e555da490\"},\"breadcrumb\":{\"@id\":\"https:\\\/\\\/serbia.com\\\/srpski\\\/odrzana-analiza-sposobnosti-vojske-srbije-za-2015-godinu\\\/#breadcrumb\"},\"inLanguage\":\"srpski\",\"potentialAction\":[{\"@type\":\"ReadAction\",\"target\":[\"https:\\\/\\\/serbia.com\\\/srpski\\\/odrzana-analiza-sposobnosti-vojske-srbije-za-2015-godinu\\\/\"]}]},{\"@type\":\"ImageObject\",\"inLanguage\":\"srpski\",\"@id\":\"https:\\\/\\\/serbia.com\\\/srpski\\\/odrzana-analiza-sposobnosti-vojske-srbije-za-2015-godinu\\\/#primaryimage\",\"url\":\"https:\\\/\\\/serbia.com\\\/wp-content\\\/uploads\\\/2016\\\/03\\\/Serbian-Armed-Forces-e1459264954294.jpg\",\"contentUrl\":\"https:\\\/\\\/serbia.com\\\/wp-content\\\/uploads\\\/2016\\\/03\\\/Serbian-Armed-Forces-e1459264954294.jpg\",\"width\":800,\"height\":534,\"caption\":\"Serbian Armed Forces\"},{\"@type\":\"BreadcrumbList\",\"@id\":\"https:\\\/\\\/serbia.com\\\/srpski\\\/odrzana-analiza-sposobnosti-vojske-srbije-za-2015-godinu\\\/#breadcrumb\",\"itemListElement\":[{\"@type\":\"ListItem\",\"position\":1,\"name\":\"Home\",\"item\":\"https:\\\/\\\/serbia.com\\\/srpski\\\/srbija\\\/\"},{\"@type\":\"ListItem\",\"position\":2,\"name\":\"Odr\u017eana analiza sposobnosti Vojske Srbije za 2015. godinu\"}]},{\"@type\":\"WebSite\",\"@id\":\"https:\\\/\\\/serbia.com\\\/#website\",\"url\":\"https:\\\/\\\/serbia.com\\\/\",\"name\":\"Serbia.com\",\"description\":\"Your Gateway to Serbia\",\"potentialAction\":[{\"@type\":\"SearchAction\",\"target\":{\"@type\":\"EntryPoint\",\"urlTemplate\":\"https:\\\/\\\/serbia.com\\\/?s={search_term_string}\"},\"query-input\":{\"@type\":\"PropertyValueSpecification\",\"valueRequired\":true,\"valueName\":\"search_term_string\"}}],\"inLanguage\":\"srpski\"},{\"@type\":\"Person\",\"@id\":\"https:\\\/\\\/serbia.com\\\/#\\\/schema\\\/person\\\/6fe28d3055f5f291d832531e555da490\",\"name\":\"Serbia.com\",\"image\":{\"@type\":\"ImageObject\",\"inLanguage\":\"srpski\",\"@id\":\"https:\\\/\\\/secure.gravatar.com\\\/avatar\\\/8381eb54f5b393857857cb5fd6c42264c9e14b10435326bc567fcc3511bd8df4?s=96&d=mm&r=g\",\"url\":\"https:\\\/\\\/secure.gravatar.com\\\/avatar\\\/8381eb54f5b393857857cb5fd6c42264c9e14b10435326bc567fcc3511bd8df4?s=96&d=mm&r=g\",\"contentUrl\":\"https:\\\/\\\/secure.gravatar.com\\\/avatar\\\/8381eb54f5b393857857cb5fd6c42264c9e14b10435326bc567fcc3511bd8df4?s=96&d=mm&r=g\",\"caption\":\"Serbia.com\"},\"url\":\"https:\\\/\\\/serbia.com\\\/srpski\\\/author\\\/serbia-com\\\/\"}]}<\/script>\n<!-- \/ Yoast SEO plugin. -->","yoast_head_json":{"title":"Odr\u017eana analiza sposobnosti Vojske Srbije za 2015. godinu - Serbia.com","robots":{"index":"index","follow":"follow","max-snippet":"max-snippet:-1","max-image-preview":"max-image-preview:large","max-video-preview":"max-video-preview:-1"},"canonical":"https:\/\/serbia.com\/srpski\/odrzana-analiza-sposobnosti-vojske-srbije-za-2015-godinu\/","og_locale":"en_US","og_type":"article","og_title":"Odr\u017eana analiza sposobnosti Vojske Srbije za 2015. godinu - Serbia.com","og_description":"Redovna godi\u0161nja analiza operativnih i funkcionalnih sposobnosti Vojske Srbije za 2015. godinu odr\u017eana je danas u Domu Garde u Top\u010dideru. Analizi su prisustvovali predsednik Srbije Tomislav Nikoli\u0107, predsednica Narodne skup\u0161tine [&hellip;]","og_url":"https:\/\/serbia.com\/srpski\/odrzana-analiza-sposobnosti-vojske-srbije-za-2015-godinu\/","og_site_name":"Serbia.com","article_published_time":"2016-03-29T15:23:56+00:00","og_image":[{"width":800,"height":534,"url":"https:\/\/serbia.com\/wp-content\/uploads\/2016\/03\/Serbian-Armed-Forces-e1459264954294.jpg","type":"image\/jpeg"}],"author":"Serbia.com","twitter_misc":{"Written by":"Serbia.com","Est. reading time":"1 minute"},"schema":{"@context":"https:\/\/schema.org","@graph":[{"@type":"Article","@id":"https:\/\/serbia.com\/srpski\/odrzana-analiza-sposobnosti-vojske-srbije-za-2015-godinu\/#article","isPartOf":{"@id":"https:\/\/serbia.com\/srpski\/odrzana-analiza-sposobnosti-vojske-srbije-za-2015-godinu\/"},"author":{"name":"Serbia.com","@id":"https:\/\/serbia.com\/#\/schema\/person\/6fe28d3055f5f291d832531e555da490"},"headline":"Odr\u017eana analiza sposobnosti Vojske Srbije za 2015. godinu","datePublished":"2016-03-29T15:23:56+00:00","mainEntityOfPage":{"@id":"https:\/\/serbia.com\/srpski\/odrzana-analiza-sposobnosti-vojske-srbije-za-2015-godinu\/"},"wordCount":173,"image":{"@id":"https:\/\/serbia.com\/srpski\/odrzana-analiza-sposobnosti-vojske-srbije-za-2015-godinu\/#primaryimage"},"thumbnailUrl":"https:\/\/serbia.com\/wp-content\/uploads\/2016\/03\/Serbian-Armed-Forces-e1459264954294.jpg","keywords":["Analiza sposobnosti","Vojska Srbije"],"articleSection":["Vesti"],"inLanguage":"srpski"},{"@type":"WebPage","@id":"https:\/\/serbia.com\/srpski\/odrzana-analiza-sposobnosti-vojske-srbije-za-2015-godinu\/","url":"https:\/\/serbia.com\/srpski\/odrzana-analiza-sposobnosti-vojske-srbije-za-2015-godinu\/","name":"Odr\u017eana analiza sposobnosti Vojske Srbije za 2015. godinu - Serbia.com","isPartOf":{"@id":"https:\/\/serbia.com\/#website"},"primaryImageOfPage":{"@id":"https:\/\/serbia.com\/srpski\/odrzana-analiza-sposobnosti-vojske-srbije-za-2015-godinu\/#primaryimage"},"image":{"@id":"https:\/\/serbia.com\/srpski\/odrzana-analiza-sposobnosti-vojske-srbije-za-2015-godinu\/#primaryimage"},"thumbnailUrl":"https:\/\/serbia.com\/wp-content\/uploads\/2016\/03\/Serbian-Armed-Forces-e1459264954294.jpg","datePublished":"2016-03-29T15:23:56+00:00","author":{"@id":"https:\/\/serbia.com\/#\/schema\/person\/6fe28d3055f5f291d832531e555da490"},"breadcrumb":{"@id":"https:\/\/serbia.com\/srpski\/odrzana-analiza-sposobnosti-vojske-srbije-za-2015-godinu\/#breadcrumb"},"inLanguage":"srpski","potentialAction":[{"@type":"ReadAction","target":["https:\/\/serbia.com\/srpski\/odrzana-analiza-sposobnosti-vojske-srbije-za-2015-godinu\/"]}]},{"@type":"ImageObject","inLanguage":"srpski","@id":"https:\/\/serbia.com\/srpski\/odrzana-analiza-sposobnosti-vojske-srbije-za-2015-godinu\/#primaryimage","url":"https:\/\/serbia.com\/wp-content\/uploads\/2016\/03\/Serbian-Armed-Forces-e1459264954294.jpg","contentUrl":"https:\/\/serbia.com\/wp-content\/uploads\/2016\/03\/Serbian-Armed-Forces-e1459264954294.jpg","width":800,"height":534,"caption":"Serbian Armed Forces"},{"@type":"BreadcrumbList","@id":"https:\/\/serbia.com\/srpski\/odrzana-analiza-sposobnosti-vojske-srbije-za-2015-godinu\/#breadcrumb","itemListElement":[{"@type":"ListItem","position":1,"name":"Home","item":"https:\/\/serbia.com\/srpski\/srbija\/"},{"@type":"ListItem","position":2,"name":"Odr\u017eana analiza sposobnosti Vojske Srbije za 2015. godinu"}]},{"@type":"WebSite","@id":"https:\/\/serbia.com\/#website","url":"https:\/\/serbia.com\/","name":"Serbia.com","description":"Your Gateway to Serbia","potentialAction":[{"@type":"SearchAction","target":{"@type":"EntryPoint","urlTemplate":"https:\/\/serbia.com\/?s={search_term_string}"},"query-input":{"@type":"PropertyValueSpecification","valueRequired":true,"valueName":"search_term_string"}}],"inLanguage":"srpski"},{"@type":"Person","@id":"https:\/\/serbia.com\/#\/schema\/person\/6fe28d3055f5f291d832531e555da490","name":"Serbia.com","image":{"@type":"ImageObject","inLanguage":"srpski","@id":"https:\/\/secure.gravatar.com\/avatar\/8381eb54f5b393857857cb5fd6c42264c9e14b10435326bc567fcc3511bd8df4?s=96&d=mm&r=g","url":"https:\/\/secure.gravatar.com\/avatar\/8381eb54f5b393857857cb5fd6c42264c9e14b10435326bc567fcc3511bd8df4?s=96&d=mm&r=g","contentUrl":"https:\/\/secure.gravatar.com\/avatar\/8381eb54f5b393857857cb5fd6c42264c9e14b10435326bc567fcc3511bd8df4?s=96&d=mm&r=g","caption":"Serbia.com"},"url":"https:\/\/serbia.com\/srpski\/author\/serbia-com\/"}]}},"brizy_media":[],"_links":{"self":[{"href":"https:\/\/serbia.com\/srpski\/wp-json\/wp\/v2\/posts\/48848","targetHints":{"allow":["GET"]}}],"collection":[{"href":"https:\/\/serbia.com\/srpski\/wp-json\/wp\/v2\/posts"}],"about":[{"href":"https:\/\/serbia.com\/srpski\/wp-json\/wp\/v2\/types\/post"}],"author":[{"embeddable":true,"href":"https:\/\/serbia.com\/srpski\/wp-json\/wp\/v2\/users\/9"}],"replies":[{"embeddable":true,"href":"https:\/\/serbia.com\/srpski\/wp-json\/wp\/v2\/comments?post=48848"}],"version-history":[{"count":0,"href":"https:\/\/serbia.com\/srpski\/wp-json\/wp\/v2\/posts\/48848\/revisions"}],"wp:featuredmedia":[{"embeddable":true,"href":"https:\/\/serbia.com\/srpski\/wp-json\/wp\/v2\/media\/48845"}],"wp:attachment":[{"href":"https:\/\/serbia.com\/srpski\/wp-json\/wp\/v2\/media?parent=48848"}],"wp:term":[{"taxonomy":"category","embeddable":true,"href":"https:\/\/serbia.com\/srpski\/wp-json\/wp\/v2\/categories?post=48848"},{"taxonomy":"post_tag","embeddable":true,"href":"https:\/\/serbia.com\/srpski\/wp-json\/wp\/v2\/tags?post=48848"}],"curies":[{"name":"wp","href":"https:\/\/api.w.org\/{rel}","templated":true}]}}