{"id":48172,"date":"2016-03-23T10:04:03","date_gmt":"2016-03-23T09:04:03","guid":{"rendered":"http:\/\/www.serbia.com\/srpski\/?p=48172"},"modified":"2016-03-23T10:04:03","modified_gmt":"2016-03-23T09:04:03","slug":"krihbaum-privrednicima-nemacka-partner-srbije-na-putu-ka-eu","status":"publish","type":"post","link":"https:\/\/serbia.com\/srpski\/krihbaum-privrednicima-nemacka-partner-srbije-na-putu-ka-eu\/","title":{"rendered":"Krihbaum privrednicima: Nema\u010dka partner Srbije na putu ka EU"},"content":{"rendered":"<h4>Predsednik Odbora za odnose sa EU u nema\u010dkom Bundestagu Ginter Krihbaum poru\u010dio je danas da je Nema\u010dka pouzdan partner Srbije na njenom putu ka \u010dlanstvu u EU.<\/h4>\n<p>Krihbaum je to izjavio obra\u0107aju\u0107i se predstavnicima nema\u010dkih i srpskih kompanija, \u010dlanica nema\u010dko-srpskog privrednog udru\u017eenja\u00a0(DSW), pozdravljaju\u0107i istovremeno odluku o osnivanju Nema\u010dko-srpske privredne komore.<\/p>\n<p>Kako je saop\u0161tila Delegacija nema\u010dke privrede u Srbiji, Krihbaum je na predavanju pod nazivom &#8220;Evropa u krizi&#8221;, odr\u017eanom u beogradskom sedi\u0161tu Hemofarma, upoznao predstavnike privrede sa radom Odbora za odnose sa EU, na \u010dijem je \u010delu.<\/p>\n<p>Govore\u0107i o Evropi i njenim izazovima, on je izrazio je duboko \u017ealjenje zbog tragi\u010dnih doga\u0111aja u Briselu.<\/p>\n<p>Doma\u0107in skupa, Dr Ronald Zeliger, predsednik DSW i generalni direktor Hemofarma, pozdravio je u\u010desnike naglasiv\u0161i da je veoma va\u017eno da privreda dobija konstatne i konkretne odgovore od predstavnika insitucija, kako doma\u0107ih tako i evropskih.<\/p>\n<p>Usledio je otvoreni dijalog tokom kojeg su \u010dlanovi DSW-a postavljali pitanja o budu\u0107im planovima EU i statusu Srbije u EU integracijama, kori\u0161\u0107enju EU fondova, podr\u0161ke Nema\u010dke kao partnera.<\/p>\n<p>Nema\u010dko-srpsko privredno udru\u017eenje je najve\u0107e bilateralno udru\u017eenje u Srbiji, koje broji blizu 300 kompanija.<\/p>\n<p>Zajedno sa Delegacijom nema\u010dke privrede u Srbiji i komercijalnim odeljenjem DEinternational, \u010dini budu\u0107u Nema\u010dko-srpsku privrednu komoru, prvu zvani\u010dnu bilateralnu komoru u Srbiji, \u010dije je osnivanje predvi\u0111eno za april ove godine.<\/p>\n<p>&nbsp;<\/p>\n<p>Izvor: Tanjug<\/p>\n","protected":false},"excerpt":{"rendered":"<p>Predsednik Odbora za odnose sa EU u nema\u010dkom Bundestagu Ginter Krihbaum poru\u010dio je danas da je Nema\u010dka pouzdan partner Srbije na njenom putu ka \u010dlanstvu u EU. Krihbaum je to [&hellip;]<\/p>\n","protected":false},"author":9,"featured_media":48169,"comment_status":"closed","ping_status":"closed","sticky":false,"template":"","format":"standard","meta":{"_acf_changed":false,"inline_featured_image":false,"_monsterinsights_skip_tracking":false,"_monsterinsights_sitenote_active":false,"_monsterinsights_sitenote_note":"","_monsterinsights_sitenote_category":0,"footnotes":""},"categories":[2700],"tags":[5474,5472,5473],"class_list":["post-48172","post","type-post","status-publish","format-standard","has-post-thumbnail","hentry","category-vesti","tag-delegacija-nemacke-privrede-u-srbiji","tag-ginter-krihbaum","tag-nemacko-srpsko-privredno-udruzenje"],"acf":[],"yoast_head":"<!-- This site is optimized with the Yoast SEO plugin v27.4 - https:\/\/yoast.com\/product\/yoast-seo-wordpress\/ -->\n<title>Krihbaum privrednicima: Nema\u010dka partner Srbije na putu ka EU - Serbia.com<\/title>\n<meta name=\"robots\" content=\"index, follow, max-snippet:-1, max-image-preview:large, max-video-preview:-1\" \/>\n<link rel=\"canonical\" href=\"https:\/\/serbia.com\/srpski\/krihbaum-privrednicima-nemacka-partner-srbije-na-putu-ka-eu\/\" \/>\n<meta property=\"og:locale\" content=\"en_US\" \/>\n<meta property=\"og:type\" content=\"article\" \/>\n<meta property=\"og:title\" content=\"Krihbaum privrednicima: Nema\u010dka partner Srbije na putu ka EU - Serbia.com\" \/>\n<meta property=\"og:description\" content=\"Predsednik Odbora za odnose sa EU u nema\u010dkom Bundestagu Ginter Krihbaum poru\u010dio je danas da je Nema\u010dka pouzdan partner Srbije na njenom putu ka \u010dlanstvu u EU. Krihbaum je to [&hellip;]\" \/>\n<meta property=\"og:url\" content=\"https:\/\/serbia.com\/srpski\/krihbaum-privrednicima-nemacka-partner-srbije-na-putu-ka-eu\/\" \/>\n<meta property=\"og:site_name\" content=\"Serbia.com\" \/>\n<meta property=\"article:published_time\" content=\"2016-03-23T09:04:03+00:00\" \/>\n<meta property=\"og:image\" content=\"https:\/\/serbia.com\/wp-content\/uploads\/2016\/03\/Gunther-Krichbaum.jpg\" \/>\n\t<meta property=\"og:image:width\" content=\"630\" \/>\n\t<meta property=\"og:image:height\" content=\"419\" \/>\n\t<meta property=\"og:image:type\" content=\"image\/jpeg\" \/>\n<meta name=\"author\" content=\"Serbia.com\" \/>\n<meta name=\"twitter:label1\" content=\"Written by\" \/>\n\t<meta name=\"twitter:data1\" content=\"Serbia.com\" \/>\n\t<meta name=\"twitter:label2\" content=\"Est. reading time\" \/>\n\t<meta name=\"twitter:data2\" content=\"1 minute\" \/>\n<script type=\"application\/ld+json\" class=\"yoast-schema-graph\">{\"@context\":\"https:\\\/\\\/schema.org\",\"@graph\":[{\"@type\":\"Article\",\"@id\":\"https:\\\/\\\/serbia.com\\\/srpski\\\/krihbaum-privrednicima-nemacka-partner-srbije-na-putu-ka-eu\\\/#article\",\"isPartOf\":{\"@id\":\"https:\\\/\\\/serbia.com\\\/srpski\\\/krihbaum-privrednicima-nemacka-partner-srbije-na-putu-ka-eu\\\/\"},\"author\":{\"name\":\"Serbia.com\",\"@id\":\"https:\\\/\\\/serbia.com\\\/#\\\/schema\\\/person\\\/6fe28d3055f5f291d832531e555da490\"},\"headline\":\"Krihbaum privrednicima: Nema\u010dka partner Srbije na putu ka EU\",\"datePublished\":\"2016-03-23T09:04:03+00:00\",\"mainEntityOfPage\":{\"@id\":\"https:\\\/\\\/serbia.com\\\/srpski\\\/krihbaum-privrednicima-nemacka-partner-srbije-na-putu-ka-eu\\\/\"},\"wordCount\":257,\"image\":{\"@id\":\"https:\\\/\\\/serbia.com\\\/srpski\\\/krihbaum-privrednicima-nemacka-partner-srbije-na-putu-ka-eu\\\/#primaryimage\"},\"thumbnailUrl\":\"https:\\\/\\\/serbia.com\\\/wp-content\\\/uploads\\\/2016\\\/03\\\/Gunther-Krichbaum.jpg\",\"keywords\":[\"Delegacija nema\u010dke privrede u Srbiji\",\"Ginter Krihbaum\",\"nema\u010dko-srpsko privredno udru\u017eenje\"],\"articleSection\":[\"Vesti\"],\"inLanguage\":\"srpski\"},{\"@type\":\"WebPage\",\"@id\":\"https:\\\/\\\/serbia.com\\\/srpski\\\/krihbaum-privrednicima-nemacka-partner-srbije-na-putu-ka-eu\\\/\",\"url\":\"https:\\\/\\\/serbia.com\\\/srpski\\\/krihbaum-privrednicima-nemacka-partner-srbije-na-putu-ka-eu\\\/\",\"name\":\"Krihbaum privrednicima: Nema\u010dka partner Srbije na putu ka EU - Serbia.com\",\"isPartOf\":{\"@id\":\"https:\\\/\\\/serbia.com\\\/#website\"},\"primaryImageOfPage\":{\"@id\":\"https:\\\/\\\/serbia.com\\\/srpski\\\/krihbaum-privrednicima-nemacka-partner-srbije-na-putu-ka-eu\\\/#primaryimage\"},\"image\":{\"@id\":\"https:\\\/\\\/serbia.com\\\/srpski\\\/krihbaum-privrednicima-nemacka-partner-srbije-na-putu-ka-eu\\\/#primaryimage\"},\"thumbnailUrl\":\"https:\\\/\\\/serbia.com\\\/wp-content\\\/uploads\\\/2016\\\/03\\\/Gunther-Krichbaum.jpg\",\"datePublished\":\"2016-03-23T09:04:03+00:00\",\"author\":{\"@id\":\"https:\\\/\\\/serbia.com\\\/#\\\/schema\\\/person\\\/6fe28d3055f5f291d832531e555da490\"},\"breadcrumb\":{\"@id\":\"https:\\\/\\\/serbia.com\\\/srpski\\\/krihbaum-privrednicima-nemacka-partner-srbije-na-putu-ka-eu\\\/#breadcrumb\"},\"inLanguage\":\"srpski\",\"potentialAction\":[{\"@type\":\"ReadAction\",\"target\":[\"https:\\\/\\\/serbia.com\\\/srpski\\\/krihbaum-privrednicima-nemacka-partner-srbije-na-putu-ka-eu\\\/\"]}]},{\"@type\":\"ImageObject\",\"inLanguage\":\"srpski\",\"@id\":\"https:\\\/\\\/serbia.com\\\/srpski\\\/krihbaum-privrednicima-nemacka-partner-srbije-na-putu-ka-eu\\\/#primaryimage\",\"url\":\"https:\\\/\\\/serbia.com\\\/wp-content\\\/uploads\\\/2016\\\/03\\\/Gunther-Krichbaum.jpg\",\"contentUrl\":\"https:\\\/\\\/serbia.com\\\/wp-content\\\/uploads\\\/2016\\\/03\\\/Gunther-Krichbaum.jpg\",\"width\":630,\"height\":419,\"caption\":\"Gunther Krichbaum\"},{\"@type\":\"BreadcrumbList\",\"@id\":\"https:\\\/\\\/serbia.com\\\/srpski\\\/krihbaum-privrednicima-nemacka-partner-srbije-na-putu-ka-eu\\\/#breadcrumb\",\"itemListElement\":[{\"@type\":\"ListItem\",\"position\":1,\"name\":\"Home\",\"item\":\"https:\\\/\\\/serbia.com\\\/srpski\\\/srbija\\\/\"},{\"@type\":\"ListItem\",\"position\":2,\"name\":\"Krihbaum privrednicima: Nema\u010dka partner Srbije na putu ka EU\"}]},{\"@type\":\"WebSite\",\"@id\":\"https:\\\/\\\/serbia.com\\\/#website\",\"url\":\"https:\\\/\\\/serbia.com\\\/\",\"name\":\"Serbia.com\",\"description\":\"Your Gateway to Serbia\",\"potentialAction\":[{\"@type\":\"SearchAction\",\"target\":{\"@type\":\"EntryPoint\",\"urlTemplate\":\"https:\\\/\\\/serbia.com\\\/?s={search_term_string}\"},\"query-input\":{\"@type\":\"PropertyValueSpecification\",\"valueRequired\":true,\"valueName\":\"search_term_string\"}}],\"inLanguage\":\"srpski\"},{\"@type\":\"Person\",\"@id\":\"https:\\\/\\\/serbia.com\\\/#\\\/schema\\\/person\\\/6fe28d3055f5f291d832531e555da490\",\"name\":\"Serbia.com\",\"image\":{\"@type\":\"ImageObject\",\"inLanguage\":\"srpski\",\"@id\":\"https:\\\/\\\/secure.gravatar.com\\\/avatar\\\/8381eb54f5b393857857cb5fd6c42264c9e14b10435326bc567fcc3511bd8df4?s=96&d=mm&r=g\",\"url\":\"https:\\\/\\\/secure.gravatar.com\\\/avatar\\\/8381eb54f5b393857857cb5fd6c42264c9e14b10435326bc567fcc3511bd8df4?s=96&d=mm&r=g\",\"contentUrl\":\"https:\\\/\\\/secure.gravatar.com\\\/avatar\\\/8381eb54f5b393857857cb5fd6c42264c9e14b10435326bc567fcc3511bd8df4?s=96&d=mm&r=g\",\"caption\":\"Serbia.com\"},\"url\":\"https:\\\/\\\/serbia.com\\\/srpski\\\/author\\\/serbia-com\\\/\"}]}<\/script>\n<!-- \/ Yoast SEO plugin. -->","yoast_head_json":{"title":"Krihbaum privrednicima: Nema\u010dka partner Srbije na putu ka EU - Serbia.com","robots":{"index":"index","follow":"follow","max-snippet":"max-snippet:-1","max-image-preview":"max-image-preview:large","max-video-preview":"max-video-preview:-1"},"canonical":"https:\/\/serbia.com\/srpski\/krihbaum-privrednicima-nemacka-partner-srbije-na-putu-ka-eu\/","og_locale":"en_US","og_type":"article","og_title":"Krihbaum privrednicima: Nema\u010dka partner Srbije na putu ka EU - Serbia.com","og_description":"Predsednik Odbora za odnose sa EU u nema\u010dkom Bundestagu Ginter Krihbaum poru\u010dio je danas da je Nema\u010dka pouzdan partner Srbije na njenom putu ka \u010dlanstvu u EU. Krihbaum je to [&hellip;]","og_url":"https:\/\/serbia.com\/srpski\/krihbaum-privrednicima-nemacka-partner-srbije-na-putu-ka-eu\/","og_site_name":"Serbia.com","article_published_time":"2016-03-23T09:04:03+00:00","og_image":[{"width":630,"height":419,"url":"https:\/\/serbia.com\/wp-content\/uploads\/2016\/03\/Gunther-Krichbaum.jpg","type":"image\/jpeg"}],"author":"Serbia.com","twitter_misc":{"Written by":"Serbia.com","Est. reading time":"1 minute"},"schema":{"@context":"https:\/\/schema.org","@graph":[{"@type":"Article","@id":"https:\/\/serbia.com\/srpski\/krihbaum-privrednicima-nemacka-partner-srbije-na-putu-ka-eu\/#article","isPartOf":{"@id":"https:\/\/serbia.com\/srpski\/krihbaum-privrednicima-nemacka-partner-srbije-na-putu-ka-eu\/"},"author":{"name":"Serbia.com","@id":"https:\/\/serbia.com\/#\/schema\/person\/6fe28d3055f5f291d832531e555da490"},"headline":"Krihbaum privrednicima: Nema\u010dka partner Srbije na putu ka EU","datePublished":"2016-03-23T09:04:03+00:00","mainEntityOfPage":{"@id":"https:\/\/serbia.com\/srpski\/krihbaum-privrednicima-nemacka-partner-srbije-na-putu-ka-eu\/"},"wordCount":257,"image":{"@id":"https:\/\/serbia.com\/srpski\/krihbaum-privrednicima-nemacka-partner-srbije-na-putu-ka-eu\/#primaryimage"},"thumbnailUrl":"https:\/\/serbia.com\/wp-content\/uploads\/2016\/03\/Gunther-Krichbaum.jpg","keywords":["Delegacija nema\u010dke privrede u Srbiji","Ginter Krihbaum","nema\u010dko-srpsko privredno udru\u017eenje"],"articleSection":["Vesti"],"inLanguage":"srpski"},{"@type":"WebPage","@id":"https:\/\/serbia.com\/srpski\/krihbaum-privrednicima-nemacka-partner-srbije-na-putu-ka-eu\/","url":"https:\/\/serbia.com\/srpski\/krihbaum-privrednicima-nemacka-partner-srbije-na-putu-ka-eu\/","name":"Krihbaum privrednicima: Nema\u010dka partner Srbije na putu ka EU - Serbia.com","isPartOf":{"@id":"https:\/\/serbia.com\/#website"},"primaryImageOfPage":{"@id":"https:\/\/serbia.com\/srpski\/krihbaum-privrednicima-nemacka-partner-srbije-na-putu-ka-eu\/#primaryimage"},"image":{"@id":"https:\/\/serbia.com\/srpski\/krihbaum-privrednicima-nemacka-partner-srbije-na-putu-ka-eu\/#primaryimage"},"thumbnailUrl":"https:\/\/serbia.com\/wp-content\/uploads\/2016\/03\/Gunther-Krichbaum.jpg","datePublished":"2016-03-23T09:04:03+00:00","author":{"@id":"https:\/\/serbia.com\/#\/schema\/person\/6fe28d3055f5f291d832531e555da490"},"breadcrumb":{"@id":"https:\/\/serbia.com\/srpski\/krihbaum-privrednicima-nemacka-partner-srbije-na-putu-ka-eu\/#breadcrumb"},"inLanguage":"srpski","potentialAction":[{"@type":"ReadAction","target":["https:\/\/serbia.com\/srpski\/krihbaum-privrednicima-nemacka-partner-srbije-na-putu-ka-eu\/"]}]},{"@type":"ImageObject","inLanguage":"srpski","@id":"https:\/\/serbia.com\/srpski\/krihbaum-privrednicima-nemacka-partner-srbije-na-putu-ka-eu\/#primaryimage","url":"https:\/\/serbia.com\/wp-content\/uploads\/2016\/03\/Gunther-Krichbaum.jpg","contentUrl":"https:\/\/serbia.com\/wp-content\/uploads\/2016\/03\/Gunther-Krichbaum.jpg","width":630,"height":419,"caption":"Gunther Krichbaum"},{"@type":"BreadcrumbList","@id":"https:\/\/serbia.com\/srpski\/krihbaum-privrednicima-nemacka-partner-srbije-na-putu-ka-eu\/#breadcrumb","itemListElement":[{"@type":"ListItem","position":1,"name":"Home","item":"https:\/\/serbia.com\/srpski\/srbija\/"},{"@type":"ListItem","position":2,"name":"Krihbaum privrednicima: Nema\u010dka partner Srbije na putu ka EU"}]},{"@type":"WebSite","@id":"https:\/\/serbia.com\/#website","url":"https:\/\/serbia.com\/","name":"Serbia.com","description":"Your Gateway to Serbia","potentialAction":[{"@type":"SearchAction","target":{"@type":"EntryPoint","urlTemplate":"https:\/\/serbia.com\/?s={search_term_string}"},"query-input":{"@type":"PropertyValueSpecification","valueRequired":true,"valueName":"search_term_string"}}],"inLanguage":"srpski"},{"@type":"Person","@id":"https:\/\/serbia.com\/#\/schema\/person\/6fe28d3055f5f291d832531e555da490","name":"Serbia.com","image":{"@type":"ImageObject","inLanguage":"srpski","@id":"https:\/\/secure.gravatar.com\/avatar\/8381eb54f5b393857857cb5fd6c42264c9e14b10435326bc567fcc3511bd8df4?s=96&d=mm&r=g","url":"https:\/\/secure.gravatar.com\/avatar\/8381eb54f5b393857857cb5fd6c42264c9e14b10435326bc567fcc3511bd8df4?s=96&d=mm&r=g","contentUrl":"https:\/\/secure.gravatar.com\/avatar\/8381eb54f5b393857857cb5fd6c42264c9e14b10435326bc567fcc3511bd8df4?s=96&d=mm&r=g","caption":"Serbia.com"},"url":"https:\/\/serbia.com\/srpski\/author\/serbia-com\/"}]}},"brizy_media":[],"_links":{"self":[{"href":"https:\/\/serbia.com\/srpski\/wp-json\/wp\/v2\/posts\/48172","targetHints":{"allow":["GET"]}}],"collection":[{"href":"https:\/\/serbia.com\/srpski\/wp-json\/wp\/v2\/posts"}],"about":[{"href":"https:\/\/serbia.com\/srpski\/wp-json\/wp\/v2\/types\/post"}],"author":[{"embeddable":true,"href":"https:\/\/serbia.com\/srpski\/wp-json\/wp\/v2\/users\/9"}],"replies":[{"embeddable":true,"href":"https:\/\/serbia.com\/srpski\/wp-json\/wp\/v2\/comments?post=48172"}],"version-history":[{"count":0,"href":"https:\/\/serbia.com\/srpski\/wp-json\/wp\/v2\/posts\/48172\/revisions"}],"wp:featuredmedia":[{"embeddable":true,"href":"https:\/\/serbia.com\/srpski\/wp-json\/wp\/v2\/media\/48169"}],"wp:attachment":[{"href":"https:\/\/serbia.com\/srpski\/wp-json\/wp\/v2\/media?parent=48172"}],"wp:term":[{"taxonomy":"category","embeddable":true,"href":"https:\/\/serbia.com\/srpski\/wp-json\/wp\/v2\/categories?post=48172"},{"taxonomy":"post_tag","embeddable":true,"href":"https:\/\/serbia.com\/srpski\/wp-json\/wp\/v2\/tags?post=48172"}],"curies":[{"name":"wp","href":"https:\/\/api.w.org\/{rel}","templated":true}]}}