{"id":48097,"date":"2016-03-22T10:29:56","date_gmt":"2016-03-22T09:29:56","guid":{"rendered":"http:\/\/www.serbia.com\/srpski\/?p=48097"},"modified":"2016-03-22T10:29:56","modified_gmt":"2016-03-22T09:29:56","slug":"vulin-srbija-ce-postovati-sporazum-eu-turska","status":"publish","type":"post","link":"https:\/\/serbia.com\/srpski\/vulin-srbija-ce-postovati-sporazum-eu-turska\/","title":{"rendered":"Vulin: Srbija \u0107e po\u0161tovati sporazum EU &#8211; Turska"},"content":{"rendered":"<h4>Srbija \u0107e po\u0161tovati sporazum izme\u0111u EU i Turske o migrantima, izjavio je danas ministar Aleksandar Vulin i objasnio da \u0107e se, kako se taj sporazum bude primenjivao, na taj na\u010din pona\u0161ati i na\u0161a zemlja,<\/h4>\n<p>Na pitanje novinara da li \u0107e prema tom sporazumu i Srbija preuzeti deo tereta, Vulin je rekao da najpre EU mora da odredi gde \u0107e migranti biti raspore\u0111eni, i koje \u0107e ih zemlje primiti, ali da ona nije jo\u0161 postigla sporazum da li \u0107e sistem kvota funkcionisati.<\/p>\n<p>&#8220;Suvi\u0161e je sporazum sve\u017e, moramo da vidimo \u0161ta \u0107e se de\u0161avati. \u0160to se Srbije ti\u010de pona\u0161a\u0107emo se maksimalno humano, vode\u0107i ra\u010duna o sopstevnom stanovni\u0161tvu i na\u0161im mogu\u0107nostima&#8221;, rekao je ministar nakon obilaska Centra za azil u Krnja\u010di..<\/p>\n<p>&#8220;Nikoga ne\u0107emo terati da ostane, ako neko \u017eeli da ostane izrazi\u0107e nameru, ako ne \u017eeli mi ih ne\u0107emo terati&#8221;, podvukao je ministar.<\/p>\n<p>&#8220;O\u010digledno je da \u0107e se smanjiti broj onih koji \u0107e prolaziti kroz na\u0161u zemlju, i nama \u0107e biti lak\u0161e, jer \u0107emo imati manje organizacionih problema i tro\u0161kova i to nama olak\u0161ava posao&#8221;, rekao je Vulin.<\/p>\n<p>Srbija, kako je istakao, nije zemlja poslednje destinacije i izbeglice u ogromnoj ve\u0107ini ne \u017eele da ostanu u Srbiji.<\/p>\n<p>&#8220;Mi nismo hteli da zatvorimo granice, pona\u0161amo se kao i druge zemlje na ruti&#8221;, rekao je Vulin.<\/p>\n<p>Upitan \u0161ta \u0107e biti sa migrantima koji su ve\u0107 ovde, budu\u0107i da su granice zatvorene, ministar je rekao da oni mogu da zatra\u017ee azil, i da Srbija ima kapaciteta da se brine o njima.<\/p>\n<p>On je podvukao da nijedan dinar nije dobijen, niti tra\u017een za izgradnju trajnih kapaciteta za sme\u0161taj migranata, ve\u0107 samo privremenih.<\/p>\n<p>&#8220;Nismo gradili stalne kapacitete, gradili smo i gradimo privremene, a za ostalo se obratite na\u0161im donatorima, po\u0161to oni to rade preko implementacionih partnera&#8221;, rekao je Vulin.<\/p>\n<p>&nbsp;<\/p>\n<p>Izvor: Tanjug<\/p>\n","protected":false},"excerpt":{"rendered":"<p>Srbija \u0107e po\u0161tovati sporazum izme\u0111u EU i Turske o migrantima, izjavio je danas ministar Aleksandar Vulin i objasnio da \u0107e se, kako se taj sporazum bude primenjivao, na taj na\u010din [&hellip;]<\/p>\n","protected":false},"author":9,"featured_media":43027,"comment_status":"closed","ping_status":"closed","sticky":false,"template":"","format":"standard","meta":{"_acf_changed":false,"inline_featured_image":false,"_monsterinsights_skip_tracking":false,"_monsterinsights_sitenote_active":false,"_monsterinsights_sitenote_note":"","_monsterinsights_sitenote_category":0,"footnotes":""},"categories":[2700],"tags":[3984,3904,5441],"class_list":["post-48097","post","type-post","status-publish","format-standard","has-post-thumbnail","hentry","category-vesti","tag-aleksandar-vulin","tag-migranti","tag-sporazum-eu-turska"],"acf":[],"yoast_head":"<!-- This site is optimized with the Yoast SEO plugin v27.4 - https:\/\/yoast.com\/product\/yoast-seo-wordpress\/ -->\n<title>Vulin: Srbija \u0107e po\u0161tovati sporazum EU - Turska - Serbia.com<\/title>\n<meta name=\"robots\" content=\"index, follow, max-snippet:-1, max-image-preview:large, max-video-preview:-1\" \/>\n<link rel=\"canonical\" href=\"https:\/\/serbia.com\/srpski\/vulin-srbija-ce-postovati-sporazum-eu-turska\/\" \/>\n<meta property=\"og:locale\" content=\"en_US\" \/>\n<meta property=\"og:type\" content=\"article\" \/>\n<meta property=\"og:title\" content=\"Vulin: Srbija \u0107e po\u0161tovati sporazum EU - Turska - Serbia.com\" \/>\n<meta property=\"og:description\" content=\"Srbija \u0107e po\u0161tovati sporazum izme\u0111u EU i Turske o migrantima, izjavio je danas ministar Aleksandar Vulin i objasnio da \u0107e se, kako se taj sporazum bude primenjivao, na taj na\u010din [&hellip;]\" \/>\n<meta property=\"og:url\" content=\"https:\/\/serbia.com\/srpski\/vulin-srbija-ce-postovati-sporazum-eu-turska\/\" \/>\n<meta property=\"og:site_name\" content=\"Serbia.com\" \/>\n<meta property=\"article:published_time\" content=\"2016-03-22T09:29:56+00:00\" \/>\n<meta property=\"og:image\" content=\"https:\/\/serbia.com\/wp-content\/uploads\/2015\/12\/vulin.jpg\" \/>\n\t<meta property=\"og:image:width\" content=\"800\" \/>\n\t<meta property=\"og:image:height\" content=\"483\" \/>\n\t<meta property=\"og:image:type\" content=\"image\/jpeg\" \/>\n<meta name=\"author\" content=\"Serbia.com\" \/>\n<meta name=\"twitter:label1\" content=\"Written by\" \/>\n\t<meta name=\"twitter:data1\" content=\"Serbia.com\" \/>\n\t<meta name=\"twitter:label2\" content=\"Est. reading time\" \/>\n\t<meta name=\"twitter:data2\" content=\"2 minutes\" \/>\n<script type=\"application\/ld+json\" class=\"yoast-schema-graph\">{\"@context\":\"https:\\\/\\\/schema.org\",\"@graph\":[{\"@type\":\"Article\",\"@id\":\"https:\\\/\\\/serbia.com\\\/srpski\\\/vulin-srbija-ce-postovati-sporazum-eu-turska\\\/#article\",\"isPartOf\":{\"@id\":\"https:\\\/\\\/serbia.com\\\/srpski\\\/vulin-srbija-ce-postovati-sporazum-eu-turska\\\/\"},\"author\":{\"name\":\"Serbia.com\",\"@id\":\"https:\\\/\\\/serbia.com\\\/#\\\/schema\\\/person\\\/6fe28d3055f5f291d832531e555da490\"},\"headline\":\"Vulin: Srbija \u0107e po\u0161tovati sporazum EU &#8211; Turska\",\"datePublished\":\"2016-03-22T09:29:56+00:00\",\"mainEntityOfPage\":{\"@id\":\"https:\\\/\\\/serbia.com\\\/srpski\\\/vulin-srbija-ce-postovati-sporazum-eu-turska\\\/\"},\"wordCount\":336,\"image\":{\"@id\":\"https:\\\/\\\/serbia.com\\\/srpski\\\/vulin-srbija-ce-postovati-sporazum-eu-turska\\\/#primaryimage\"},\"thumbnailUrl\":\"https:\\\/\\\/serbia.com\\\/wp-content\\\/uploads\\\/2015\\\/12\\\/vulin.jpg\",\"keywords\":[\"Aleksandar Vulin\",\"Migranti\",\"Sporazum EU-Turska\"],\"articleSection\":[\"Vesti\"],\"inLanguage\":\"srpski\"},{\"@type\":\"WebPage\",\"@id\":\"https:\\\/\\\/serbia.com\\\/srpski\\\/vulin-srbija-ce-postovati-sporazum-eu-turska\\\/\",\"url\":\"https:\\\/\\\/serbia.com\\\/srpski\\\/vulin-srbija-ce-postovati-sporazum-eu-turska\\\/\",\"name\":\"Vulin: Srbija \u0107e po\u0161tovati sporazum EU - Turska - Serbia.com\",\"isPartOf\":{\"@id\":\"https:\\\/\\\/serbia.com\\\/#website\"},\"primaryImageOfPage\":{\"@id\":\"https:\\\/\\\/serbia.com\\\/srpski\\\/vulin-srbija-ce-postovati-sporazum-eu-turska\\\/#primaryimage\"},\"image\":{\"@id\":\"https:\\\/\\\/serbia.com\\\/srpski\\\/vulin-srbija-ce-postovati-sporazum-eu-turska\\\/#primaryimage\"},\"thumbnailUrl\":\"https:\\\/\\\/serbia.com\\\/wp-content\\\/uploads\\\/2015\\\/12\\\/vulin.jpg\",\"datePublished\":\"2016-03-22T09:29:56+00:00\",\"author\":{\"@id\":\"https:\\\/\\\/serbia.com\\\/#\\\/schema\\\/person\\\/6fe28d3055f5f291d832531e555da490\"},\"breadcrumb\":{\"@id\":\"https:\\\/\\\/serbia.com\\\/srpski\\\/vulin-srbija-ce-postovati-sporazum-eu-turska\\\/#breadcrumb\"},\"inLanguage\":\"srpski\",\"potentialAction\":[{\"@type\":\"ReadAction\",\"target\":[\"https:\\\/\\\/serbia.com\\\/srpski\\\/vulin-srbija-ce-postovati-sporazum-eu-turska\\\/\"]}]},{\"@type\":\"ImageObject\",\"inLanguage\":\"srpski\",\"@id\":\"https:\\\/\\\/serbia.com\\\/srpski\\\/vulin-srbija-ce-postovati-sporazum-eu-turska\\\/#primaryimage\",\"url\":\"https:\\\/\\\/serbia.com\\\/wp-content\\\/uploads\\\/2015\\\/12\\\/vulin.jpg\",\"contentUrl\":\"https:\\\/\\\/serbia.com\\\/wp-content\\\/uploads\\\/2015\\\/12\\\/vulin.jpg\",\"width\":800,\"height\":483,\"caption\":\"Aleksandar Vulin\"},{\"@type\":\"BreadcrumbList\",\"@id\":\"https:\\\/\\\/serbia.com\\\/srpski\\\/vulin-srbija-ce-postovati-sporazum-eu-turska\\\/#breadcrumb\",\"itemListElement\":[{\"@type\":\"ListItem\",\"position\":1,\"name\":\"Home\",\"item\":\"https:\\\/\\\/serbia.com\\\/srpski\\\/\"},{\"@type\":\"ListItem\",\"position\":2,\"name\":\"Vulin: Srbija \u0107e po\u0161tovati sporazum EU &#8211; Turska\"}]},{\"@type\":\"WebSite\",\"@id\":\"https:\\\/\\\/serbia.com\\\/#website\",\"url\":\"https:\\\/\\\/serbia.com\\\/\",\"name\":\"Serbia.com\",\"description\":\"Your Gateway to Serbia\",\"potentialAction\":[{\"@type\":\"SearchAction\",\"target\":{\"@type\":\"EntryPoint\",\"urlTemplate\":\"https:\\\/\\\/serbia.com\\\/?s={search_term_string}\"},\"query-input\":{\"@type\":\"PropertyValueSpecification\",\"valueRequired\":true,\"valueName\":\"search_term_string\"}}],\"inLanguage\":\"srpski\"},{\"@type\":\"Person\",\"@id\":\"https:\\\/\\\/serbia.com\\\/#\\\/schema\\\/person\\\/6fe28d3055f5f291d832531e555da490\",\"name\":\"Serbia.com\",\"image\":{\"@type\":\"ImageObject\",\"inLanguage\":\"srpski\",\"@id\":\"https:\\\/\\\/secure.gravatar.com\\\/avatar\\\/8381eb54f5b393857857cb5fd6c42264c9e14b10435326bc567fcc3511bd8df4?s=96&d=mm&r=g\",\"url\":\"https:\\\/\\\/secure.gravatar.com\\\/avatar\\\/8381eb54f5b393857857cb5fd6c42264c9e14b10435326bc567fcc3511bd8df4?s=96&d=mm&r=g\",\"contentUrl\":\"https:\\\/\\\/secure.gravatar.com\\\/avatar\\\/8381eb54f5b393857857cb5fd6c42264c9e14b10435326bc567fcc3511bd8df4?s=96&d=mm&r=g\",\"caption\":\"Serbia.com\"},\"url\":\"https:\\\/\\\/serbia.com\\\/srpski\\\/author\\\/serbia-com\\\/\"}]}<\/script>\n<!-- \/ Yoast SEO plugin. -->","yoast_head_json":{"title":"Vulin: Srbija \u0107e po\u0161tovati sporazum EU - Turska - Serbia.com","robots":{"index":"index","follow":"follow","max-snippet":"max-snippet:-1","max-image-preview":"max-image-preview:large","max-video-preview":"max-video-preview:-1"},"canonical":"https:\/\/serbia.com\/srpski\/vulin-srbija-ce-postovati-sporazum-eu-turska\/","og_locale":"en_US","og_type":"article","og_title":"Vulin: Srbija \u0107e po\u0161tovati sporazum EU - Turska - Serbia.com","og_description":"Srbija \u0107e po\u0161tovati sporazum izme\u0111u EU i Turske o migrantima, izjavio je danas ministar Aleksandar Vulin i objasnio da \u0107e se, kako se taj sporazum bude primenjivao, na taj na\u010din [&hellip;]","og_url":"https:\/\/serbia.com\/srpski\/vulin-srbija-ce-postovati-sporazum-eu-turska\/","og_site_name":"Serbia.com","article_published_time":"2016-03-22T09:29:56+00:00","og_image":[{"width":800,"height":483,"url":"https:\/\/serbia.com\/wp-content\/uploads\/2015\/12\/vulin.jpg","type":"image\/jpeg"}],"author":"Serbia.com","twitter_misc":{"Written by":"Serbia.com","Est. reading time":"2 minutes"},"schema":{"@context":"https:\/\/schema.org","@graph":[{"@type":"Article","@id":"https:\/\/serbia.com\/srpski\/vulin-srbija-ce-postovati-sporazum-eu-turska\/#article","isPartOf":{"@id":"https:\/\/serbia.com\/srpski\/vulin-srbija-ce-postovati-sporazum-eu-turska\/"},"author":{"name":"Serbia.com","@id":"https:\/\/serbia.com\/#\/schema\/person\/6fe28d3055f5f291d832531e555da490"},"headline":"Vulin: Srbija \u0107e po\u0161tovati sporazum EU &#8211; Turska","datePublished":"2016-03-22T09:29:56+00:00","mainEntityOfPage":{"@id":"https:\/\/serbia.com\/srpski\/vulin-srbija-ce-postovati-sporazum-eu-turska\/"},"wordCount":336,"image":{"@id":"https:\/\/serbia.com\/srpski\/vulin-srbija-ce-postovati-sporazum-eu-turska\/#primaryimage"},"thumbnailUrl":"https:\/\/serbia.com\/wp-content\/uploads\/2015\/12\/vulin.jpg","keywords":["Aleksandar Vulin","Migranti","Sporazum EU-Turska"],"articleSection":["Vesti"],"inLanguage":"srpski"},{"@type":"WebPage","@id":"https:\/\/serbia.com\/srpski\/vulin-srbija-ce-postovati-sporazum-eu-turska\/","url":"https:\/\/serbia.com\/srpski\/vulin-srbija-ce-postovati-sporazum-eu-turska\/","name":"Vulin: Srbija \u0107e po\u0161tovati sporazum EU - Turska - Serbia.com","isPartOf":{"@id":"https:\/\/serbia.com\/#website"},"primaryImageOfPage":{"@id":"https:\/\/serbia.com\/srpski\/vulin-srbija-ce-postovati-sporazum-eu-turska\/#primaryimage"},"image":{"@id":"https:\/\/serbia.com\/srpski\/vulin-srbija-ce-postovati-sporazum-eu-turska\/#primaryimage"},"thumbnailUrl":"https:\/\/serbia.com\/wp-content\/uploads\/2015\/12\/vulin.jpg","datePublished":"2016-03-22T09:29:56+00:00","author":{"@id":"https:\/\/serbia.com\/#\/schema\/person\/6fe28d3055f5f291d832531e555da490"},"breadcrumb":{"@id":"https:\/\/serbia.com\/srpski\/vulin-srbija-ce-postovati-sporazum-eu-turska\/#breadcrumb"},"inLanguage":"srpski","potentialAction":[{"@type":"ReadAction","target":["https:\/\/serbia.com\/srpski\/vulin-srbija-ce-postovati-sporazum-eu-turska\/"]}]},{"@type":"ImageObject","inLanguage":"srpski","@id":"https:\/\/serbia.com\/srpski\/vulin-srbija-ce-postovati-sporazum-eu-turska\/#primaryimage","url":"https:\/\/serbia.com\/wp-content\/uploads\/2015\/12\/vulin.jpg","contentUrl":"https:\/\/serbia.com\/wp-content\/uploads\/2015\/12\/vulin.jpg","width":800,"height":483,"caption":"Aleksandar Vulin"},{"@type":"BreadcrumbList","@id":"https:\/\/serbia.com\/srpski\/vulin-srbija-ce-postovati-sporazum-eu-turska\/#breadcrumb","itemListElement":[{"@type":"ListItem","position":1,"name":"Home","item":"https:\/\/serbia.com\/srpski\/"},{"@type":"ListItem","position":2,"name":"Vulin: Srbija \u0107e po\u0161tovati sporazum EU &#8211; Turska"}]},{"@type":"WebSite","@id":"https:\/\/serbia.com\/#website","url":"https:\/\/serbia.com\/","name":"Serbia.com","description":"Your Gateway to Serbia","potentialAction":[{"@type":"SearchAction","target":{"@type":"EntryPoint","urlTemplate":"https:\/\/serbia.com\/?s={search_term_string}"},"query-input":{"@type":"PropertyValueSpecification","valueRequired":true,"valueName":"search_term_string"}}],"inLanguage":"srpski"},{"@type":"Person","@id":"https:\/\/serbia.com\/#\/schema\/person\/6fe28d3055f5f291d832531e555da490","name":"Serbia.com","image":{"@type":"ImageObject","inLanguage":"srpski","@id":"https:\/\/secure.gravatar.com\/avatar\/8381eb54f5b393857857cb5fd6c42264c9e14b10435326bc567fcc3511bd8df4?s=96&d=mm&r=g","url":"https:\/\/secure.gravatar.com\/avatar\/8381eb54f5b393857857cb5fd6c42264c9e14b10435326bc567fcc3511bd8df4?s=96&d=mm&r=g","contentUrl":"https:\/\/secure.gravatar.com\/avatar\/8381eb54f5b393857857cb5fd6c42264c9e14b10435326bc567fcc3511bd8df4?s=96&d=mm&r=g","caption":"Serbia.com"},"url":"https:\/\/serbia.com\/srpski\/author\/serbia-com\/"}]}},"brizy_media":[],"_links":{"self":[{"href":"https:\/\/serbia.com\/srpski\/wp-json\/wp\/v2\/posts\/48097","targetHints":{"allow":["GET"]}}],"collection":[{"href":"https:\/\/serbia.com\/srpski\/wp-json\/wp\/v2\/posts"}],"about":[{"href":"https:\/\/serbia.com\/srpski\/wp-json\/wp\/v2\/types\/post"}],"author":[{"embeddable":true,"href":"https:\/\/serbia.com\/srpski\/wp-json\/wp\/v2\/users\/9"}],"replies":[{"embeddable":true,"href":"https:\/\/serbia.com\/srpski\/wp-json\/wp\/v2\/comments?post=48097"}],"version-history":[{"count":0,"href":"https:\/\/serbia.com\/srpski\/wp-json\/wp\/v2\/posts\/48097\/revisions"}],"wp:featuredmedia":[{"embeddable":true,"href":"https:\/\/serbia.com\/srpski\/wp-json\/wp\/v2\/media\/43027"}],"wp:attachment":[{"href":"https:\/\/serbia.com\/srpski\/wp-json\/wp\/v2\/media?parent=48097"}],"wp:term":[{"taxonomy":"category","embeddable":true,"href":"https:\/\/serbia.com\/srpski\/wp-json\/wp\/v2\/categories?post=48097"},{"taxonomy":"post_tag","embeddable":true,"href":"https:\/\/serbia.com\/srpski\/wp-json\/wp\/v2\/tags?post=48097"}],"curies":[{"name":"wp","href":"https:\/\/api.w.org\/{rel}","templated":true}]}}