{"id":48039,"date":"2016-03-21T14:09:00","date_gmt":"2016-03-21T13:09:00","guid":{"rendered":"http:\/\/www.serbia.com\/srpski\/?p=48039"},"modified":"2016-03-21T14:09:00","modified_gmt":"2016-03-21T13:09:00","slug":"mihajlovic-razvoj-autoindustrije-znacajan-za-privredni-rast","status":"publish","type":"post","link":"https:\/\/serbia.com\/srpski\/mihajlovic-razvoj-autoindustrije-znacajan-za-privredni-rast\/","title":{"rendered":"Mihajlovi\u0107: Razvoj autoindustrije zna\u010dajan za privredni rast"},"content":{"rendered":"<h4>Potpredsednica Vlade Zorana Mihajlovi\u0107 istakla je danas da je razvoj autoindustrije zna\u010dajan za privredni rast, kao i da u vremenu ispred nas mo\u017eemo o\u010dekivati jo\u0161 bolje rezultate te privredne grane.<\/h4>\n<p>Ona je, obra\u0107aju\u0107i se na skupu &#8220;Autoforum 2016&#8221;, ukazala da je za Srbiju veoma va\u017eno da svakog meseca i godine autoindustrija bele\u017ei rast.<\/p>\n<p>&#8220;Svesni smo da je autoindustrija vrlo va\u017ena jer omogu\u0107ava pokretanje i rast svih drugih industrija, koje proizvode razne komponente&#8221;, podvukla je minsitarka saobra\u0107aja, infrastrukture i gra\u0111evinarstva.<\/p>\n<p>Ona je istakla da je za dr\u017eavu va\u017eno da automobili budu bezbedni, ekolo\u0161ki prihvatljivi i tro\u0161e sve manje goriva.<\/p>\n<p>Tako\u0111e je naglasila da joj je, kao ministarki zadu\u017eenoj za saobar\u0107aj, veoma bitno da u Srbiji imamo i bezbedne puteve i bezbedne voza\u010de.<\/p>\n<p>&#8220;Bezbedan automobil i rast autoindustrije je pitanje sigurno kompletnog privrednog razvoja na\u0161e zemlje i na to mo\u017eemo da uti\u010demo, kao i na bezbednost puteva. Putevi treba da budu po evropskim standardima, kvaliletni&#8221;, podvukla je Mihajlovi\u0107.<\/p>\n<p>Ona je rekla da trenutno jo\u0161 ne mo\u017eemo da se pohvalimo kvalitetnim putevima i dodala da dr\u017eava \u010dini sve \u0161to mo\u017ee da se putevi odr\u017eavaju na kvalitetniji i druga\u010diji na\u010din nego \u0161to se \u010dinilo pre 10 godina.<\/p>\n<p>S druge strane, kako je dodala, dr\u017eava se trudi da putevi koji se grade budu po evropskim standardima.<\/p>\n<p>&#8220;Ne mo\u017ee se razgovarati o evropskom povezivanju, a da nemamo ure\u0111ene puteve&#8221;, podvukla je Mihajlovi\u0107 dodaju\u0107i da su putevi ti koji povezuju region.<\/p>\n<p>S tim u vezi ona je prenela podatak da je kroz Srbiju tokom pro\u0161le godine pro\u0161lo 37 miliona automobila, za dva miliona vi\u0161e nego 2014.<\/p>\n<p>&#8220;To je dobro za Srbiju jer se na\u0161a zemlja prepoznaje kao dr\u017eava koja se vra\u0107a na mapu regionalnog povezivanja, kao najbr\u017eu vezu izme\u0111u Istoka i Zapada, a ujedno to nam pove\u0107ava prihode i za odr\u017eavanje puteva&#8221;, kazala je Mihajlovi\u0107 dodaju\u0107i da o\u010dekuje da \u0107e se nastaviti trend rasta broja automobila koja prolaze kroz na\u0161u zemlju.<\/p>\n<p>\u0160to se bezbednosti u saobra\u0107aju ti\u010de, ona je rekla da Srbija \u017eeli da vi\u0161e nema decu koja stradaju u saobra\u0107aju, kao \u0161to su u tome uspele neke nordijske zemlje.<\/p>\n<p>&#8220;Koliko god imala uspone i padove na\u0161a autoindustrija, dr\u017eava \u0107e u\u010diniti sve da stvori ambijent da se nastavi rast&#8221;, podvukla je ona.<\/p>\n<p>Ambasador Nema\u010dke u Beogradu Aksel Ditman rekao je da autoindustrija klju\u010dna privredna grana u Nema\u010dkoj, gde kompanije u ovom sektoru proizvode svake godine \u0161est miliona automobila u Nema\u010dkoj i dodatnih pet miliona van zemlje.<\/p>\n<p>Ta industrija, prema njegovim re\u010dima, prihoduje 11 odsto BDP-a i zapo\u0161ljava 700.000 ljudi, a najvaznije je \u0161to godi\u0161nje daje priliku da se 40.000 mladih obu\u010dava u ovoj privrednoj grani.<\/p>\n<p>Izazovi autoindustrije, kako je rekao jesu energetska efikasnost, bolja primena IT tehnologije, ali i bezbednost vozila.<\/p>\n<p>Autoindustrija je, prema njegovim re\u010dima, i va\u017ean element nema\u010dke privredne saradnje sa Srbijom.<\/p>\n<p>Nema\u010dke kompanije iz sektora autoindustrije investirale su u Srbiji vi\u0161e od 100 miliona evra i otvorila 11.000 radnih mesta.<\/p>\n<p>Autoindustrija, kako je podvukao, povezuje ljude i zemlje.<\/p>\n<p>&nbsp;<\/p>\n<p>Izvor: Tanjug<\/p>\n","protected":false},"excerpt":{"rendered":"<p>Potpredsednica Vlade Zorana Mihajlovi\u0107 istakla je danas da je razvoj autoindustrije zna\u010dajan za privredni rast, kao i da u vremenu ispred nas mo\u017eemo o\u010dekivati jo\u0161 bolje rezultate te privredne grane. [&hellip;]<\/p>\n","protected":false},"author":9,"featured_media":38479,"comment_status":"closed","ping_status":"closed","sticky":false,"template":"","format":"standard","meta":{"_acf_changed":false,"inline_featured_image":false,"_monsterinsights_skip_tracking":false,"_monsterinsights_sitenote_active":false,"_monsterinsights_sitenote_note":"","_monsterinsights_sitenote_category":0,"footnotes":""},"categories":[2700],"tags":[5420,5422,5421,4047],"class_list":["post-48039","post","type-post","status-publish","format-standard","has-post-thumbnail","hentry","category-vesti","tag-autoforum-2016","tag-autoindustrija","tag-razvoj-autoindustrije","tag-zorana-mihajlovic"],"acf":[],"yoast_head":"<!-- This site is optimized with the Yoast SEO plugin v27.4 - https:\/\/yoast.com\/product\/yoast-seo-wordpress\/ -->\n<title>Mihajlovi\u0107: Razvoj autoindustrije zna\u010dajan za privredni rast - Serbia.com<\/title>\n<meta name=\"robots\" content=\"index, follow, max-snippet:-1, max-image-preview:large, max-video-preview:-1\" \/>\n<link rel=\"canonical\" href=\"https:\/\/serbia.com\/srpski\/mihajlovic-razvoj-autoindustrije-znacajan-za-privredni-rast\/\" \/>\n<meta property=\"og:locale\" content=\"en_US\" \/>\n<meta property=\"og:type\" content=\"article\" \/>\n<meta property=\"og:title\" content=\"Mihajlovi\u0107: Razvoj autoindustrije zna\u010dajan za privredni rast - Serbia.com\" \/>\n<meta property=\"og:description\" content=\"Potpredsednica Vlade Zorana Mihajlovi\u0107 istakla je danas da je razvoj autoindustrije zna\u010dajan za privredni rast, kao i da u vremenu ispred nas mo\u017eemo o\u010dekivati jo\u0161 bolje rezultate te privredne grane. [&hellip;]\" \/>\n<meta property=\"og:url\" content=\"https:\/\/serbia.com\/srpski\/mihajlovic-razvoj-autoindustrije-znacajan-za-privredni-rast\/\" \/>\n<meta property=\"og:site_name\" content=\"Serbia.com\" \/>\n<meta property=\"article:published_time\" content=\"2016-03-21T13:09:00+00:00\" \/>\n<meta property=\"og:image\" content=\"https:\/\/serbia.com\/wp-content\/uploads\/2015\/12\/zorana-mihajlovic.jpg\" \/>\n\t<meta property=\"og:image:width\" content=\"800\" \/>\n\t<meta property=\"og:image:height\" content=\"424\" \/>\n\t<meta property=\"og:image:type\" content=\"image\/jpeg\" \/>\n<meta name=\"author\" content=\"Serbia.com\" \/>\n<meta name=\"twitter:label1\" content=\"Written by\" \/>\n\t<meta name=\"twitter:data1\" content=\"Serbia.com\" \/>\n\t<meta name=\"twitter:label2\" content=\"Est. reading time\" \/>\n\t<meta name=\"twitter:data2\" content=\"3 minutes\" \/>\n<script type=\"application\/ld+json\" class=\"yoast-schema-graph\">{\"@context\":\"https:\\\/\\\/schema.org\",\"@graph\":[{\"@type\":\"Article\",\"@id\":\"https:\\\/\\\/serbia.com\\\/srpski\\\/mihajlovic-razvoj-autoindustrije-znacajan-za-privredni-rast\\\/#article\",\"isPartOf\":{\"@id\":\"https:\\\/\\\/serbia.com\\\/srpski\\\/mihajlovic-razvoj-autoindustrije-znacajan-za-privredni-rast\\\/\"},\"author\":{\"name\":\"Serbia.com\",\"@id\":\"https:\\\/\\\/serbia.com\\\/#\\\/schema\\\/person\\\/6fe28d3055f5f291d832531e555da490\"},\"headline\":\"Mihajlovi\u0107: Razvoj autoindustrije zna\u010dajan za privredni rast\",\"datePublished\":\"2016-03-21T13:09:00+00:00\",\"mainEntityOfPage\":{\"@id\":\"https:\\\/\\\/serbia.com\\\/srpski\\\/mihajlovic-razvoj-autoindustrije-znacajan-za-privredni-rast\\\/\"},\"wordCount\":551,\"image\":{\"@id\":\"https:\\\/\\\/serbia.com\\\/srpski\\\/mihajlovic-razvoj-autoindustrije-znacajan-za-privredni-rast\\\/#primaryimage\"},\"thumbnailUrl\":\"https:\\\/\\\/serbia.com\\\/wp-content\\\/uploads\\\/2015\\\/12\\\/zorana-mihajlovic.jpg\",\"keywords\":[\"Autoforum 2016\",\"Autoindustrija\",\"Razvoj autoindustrije\",\"Zorana Mihajlovic\"],\"articleSection\":[\"Vesti\"],\"inLanguage\":\"srpski\"},{\"@type\":\"WebPage\",\"@id\":\"https:\\\/\\\/serbia.com\\\/srpski\\\/mihajlovic-razvoj-autoindustrije-znacajan-za-privredni-rast\\\/\",\"url\":\"https:\\\/\\\/serbia.com\\\/srpski\\\/mihajlovic-razvoj-autoindustrije-znacajan-za-privredni-rast\\\/\",\"name\":\"Mihajlovi\u0107: Razvoj autoindustrije zna\u010dajan za privredni rast - Serbia.com\",\"isPartOf\":{\"@id\":\"https:\\\/\\\/serbia.com\\\/#website\"},\"primaryImageOfPage\":{\"@id\":\"https:\\\/\\\/serbia.com\\\/srpski\\\/mihajlovic-razvoj-autoindustrije-znacajan-za-privredni-rast\\\/#primaryimage\"},\"image\":{\"@id\":\"https:\\\/\\\/serbia.com\\\/srpski\\\/mihajlovic-razvoj-autoindustrije-znacajan-za-privredni-rast\\\/#primaryimage\"},\"thumbnailUrl\":\"https:\\\/\\\/serbia.com\\\/wp-content\\\/uploads\\\/2015\\\/12\\\/zorana-mihajlovic.jpg\",\"datePublished\":\"2016-03-21T13:09:00+00:00\",\"author\":{\"@id\":\"https:\\\/\\\/serbia.com\\\/#\\\/schema\\\/person\\\/6fe28d3055f5f291d832531e555da490\"},\"breadcrumb\":{\"@id\":\"https:\\\/\\\/serbia.com\\\/srpski\\\/mihajlovic-razvoj-autoindustrije-znacajan-za-privredni-rast\\\/#breadcrumb\"},\"inLanguage\":\"srpski\",\"potentialAction\":[{\"@type\":\"ReadAction\",\"target\":[\"https:\\\/\\\/serbia.com\\\/srpski\\\/mihajlovic-razvoj-autoindustrije-znacajan-za-privredni-rast\\\/\"]}]},{\"@type\":\"ImageObject\",\"inLanguage\":\"srpski\",\"@id\":\"https:\\\/\\\/serbia.com\\\/srpski\\\/mihajlovic-razvoj-autoindustrije-znacajan-za-privredni-rast\\\/#primaryimage\",\"url\":\"https:\\\/\\\/serbia.com\\\/wp-content\\\/uploads\\\/2015\\\/12\\\/zorana-mihajlovic.jpg\",\"contentUrl\":\"https:\\\/\\\/serbia.com\\\/wp-content\\\/uploads\\\/2015\\\/12\\\/zorana-mihajlovic.jpg\",\"width\":800,\"height\":424,\"caption\":\"Zorana Mihajlovic\"},{\"@type\":\"BreadcrumbList\",\"@id\":\"https:\\\/\\\/serbia.com\\\/srpski\\\/mihajlovic-razvoj-autoindustrije-znacajan-za-privredni-rast\\\/#breadcrumb\",\"itemListElement\":[{\"@type\":\"ListItem\",\"position\":1,\"name\":\"Home\",\"item\":\"https:\\\/\\\/serbia.com\\\/srpski\\\/srbija\\\/\"},{\"@type\":\"ListItem\",\"position\":2,\"name\":\"Mihajlovi\u0107: Razvoj autoindustrije zna\u010dajan za privredni rast\"}]},{\"@type\":\"WebSite\",\"@id\":\"https:\\\/\\\/serbia.com\\\/#website\",\"url\":\"https:\\\/\\\/serbia.com\\\/\",\"name\":\"Serbia.com\",\"description\":\"Your Gateway to Serbia\",\"potentialAction\":[{\"@type\":\"SearchAction\",\"target\":{\"@type\":\"EntryPoint\",\"urlTemplate\":\"https:\\\/\\\/serbia.com\\\/?s={search_term_string}\"},\"query-input\":{\"@type\":\"PropertyValueSpecification\",\"valueRequired\":true,\"valueName\":\"search_term_string\"}}],\"inLanguage\":\"srpski\"},{\"@type\":\"Person\",\"@id\":\"https:\\\/\\\/serbia.com\\\/#\\\/schema\\\/person\\\/6fe28d3055f5f291d832531e555da490\",\"name\":\"Serbia.com\",\"image\":{\"@type\":\"ImageObject\",\"inLanguage\":\"srpski\",\"@id\":\"https:\\\/\\\/secure.gravatar.com\\\/avatar\\\/8381eb54f5b393857857cb5fd6c42264c9e14b10435326bc567fcc3511bd8df4?s=96&d=mm&r=g\",\"url\":\"https:\\\/\\\/secure.gravatar.com\\\/avatar\\\/8381eb54f5b393857857cb5fd6c42264c9e14b10435326bc567fcc3511bd8df4?s=96&d=mm&r=g\",\"contentUrl\":\"https:\\\/\\\/secure.gravatar.com\\\/avatar\\\/8381eb54f5b393857857cb5fd6c42264c9e14b10435326bc567fcc3511bd8df4?s=96&d=mm&r=g\",\"caption\":\"Serbia.com\"},\"url\":\"https:\\\/\\\/serbia.com\\\/srpski\\\/author\\\/serbia-com\\\/\"}]}<\/script>\n<!-- \/ Yoast SEO plugin. -->","yoast_head_json":{"title":"Mihajlovi\u0107: Razvoj autoindustrije zna\u010dajan za privredni rast - Serbia.com","robots":{"index":"index","follow":"follow","max-snippet":"max-snippet:-1","max-image-preview":"max-image-preview:large","max-video-preview":"max-video-preview:-1"},"canonical":"https:\/\/serbia.com\/srpski\/mihajlovic-razvoj-autoindustrije-znacajan-za-privredni-rast\/","og_locale":"en_US","og_type":"article","og_title":"Mihajlovi\u0107: Razvoj autoindustrije zna\u010dajan za privredni rast - Serbia.com","og_description":"Potpredsednica Vlade Zorana Mihajlovi\u0107 istakla je danas da je razvoj autoindustrije zna\u010dajan za privredni rast, kao i da u vremenu ispred nas mo\u017eemo o\u010dekivati jo\u0161 bolje rezultate te privredne grane. [&hellip;]","og_url":"https:\/\/serbia.com\/srpski\/mihajlovic-razvoj-autoindustrije-znacajan-za-privredni-rast\/","og_site_name":"Serbia.com","article_published_time":"2016-03-21T13:09:00+00:00","og_image":[{"width":800,"height":424,"url":"https:\/\/serbia.com\/wp-content\/uploads\/2015\/12\/zorana-mihajlovic.jpg","type":"image\/jpeg"}],"author":"Serbia.com","twitter_misc":{"Written by":"Serbia.com","Est. reading time":"3 minutes"},"schema":{"@context":"https:\/\/schema.org","@graph":[{"@type":"Article","@id":"https:\/\/serbia.com\/srpski\/mihajlovic-razvoj-autoindustrije-znacajan-za-privredni-rast\/#article","isPartOf":{"@id":"https:\/\/serbia.com\/srpski\/mihajlovic-razvoj-autoindustrije-znacajan-za-privredni-rast\/"},"author":{"name":"Serbia.com","@id":"https:\/\/serbia.com\/#\/schema\/person\/6fe28d3055f5f291d832531e555da490"},"headline":"Mihajlovi\u0107: Razvoj autoindustrije zna\u010dajan za privredni rast","datePublished":"2016-03-21T13:09:00+00:00","mainEntityOfPage":{"@id":"https:\/\/serbia.com\/srpski\/mihajlovic-razvoj-autoindustrije-znacajan-za-privredni-rast\/"},"wordCount":551,"image":{"@id":"https:\/\/serbia.com\/srpski\/mihajlovic-razvoj-autoindustrije-znacajan-za-privredni-rast\/#primaryimage"},"thumbnailUrl":"https:\/\/serbia.com\/wp-content\/uploads\/2015\/12\/zorana-mihajlovic.jpg","keywords":["Autoforum 2016","Autoindustrija","Razvoj autoindustrije","Zorana Mihajlovic"],"articleSection":["Vesti"],"inLanguage":"srpski"},{"@type":"WebPage","@id":"https:\/\/serbia.com\/srpski\/mihajlovic-razvoj-autoindustrije-znacajan-za-privredni-rast\/","url":"https:\/\/serbia.com\/srpski\/mihajlovic-razvoj-autoindustrije-znacajan-za-privredni-rast\/","name":"Mihajlovi\u0107: Razvoj autoindustrije zna\u010dajan za privredni rast - Serbia.com","isPartOf":{"@id":"https:\/\/serbia.com\/#website"},"primaryImageOfPage":{"@id":"https:\/\/serbia.com\/srpski\/mihajlovic-razvoj-autoindustrije-znacajan-za-privredni-rast\/#primaryimage"},"image":{"@id":"https:\/\/serbia.com\/srpski\/mihajlovic-razvoj-autoindustrije-znacajan-za-privredni-rast\/#primaryimage"},"thumbnailUrl":"https:\/\/serbia.com\/wp-content\/uploads\/2015\/12\/zorana-mihajlovic.jpg","datePublished":"2016-03-21T13:09:00+00:00","author":{"@id":"https:\/\/serbia.com\/#\/schema\/person\/6fe28d3055f5f291d832531e555da490"},"breadcrumb":{"@id":"https:\/\/serbia.com\/srpski\/mihajlovic-razvoj-autoindustrije-znacajan-za-privredni-rast\/#breadcrumb"},"inLanguage":"srpski","potentialAction":[{"@type":"ReadAction","target":["https:\/\/serbia.com\/srpski\/mihajlovic-razvoj-autoindustrije-znacajan-za-privredni-rast\/"]}]},{"@type":"ImageObject","inLanguage":"srpski","@id":"https:\/\/serbia.com\/srpski\/mihajlovic-razvoj-autoindustrije-znacajan-za-privredni-rast\/#primaryimage","url":"https:\/\/serbia.com\/wp-content\/uploads\/2015\/12\/zorana-mihajlovic.jpg","contentUrl":"https:\/\/serbia.com\/wp-content\/uploads\/2015\/12\/zorana-mihajlovic.jpg","width":800,"height":424,"caption":"Zorana Mihajlovic"},{"@type":"BreadcrumbList","@id":"https:\/\/serbia.com\/srpski\/mihajlovic-razvoj-autoindustrije-znacajan-za-privredni-rast\/#breadcrumb","itemListElement":[{"@type":"ListItem","position":1,"name":"Home","item":"https:\/\/serbia.com\/srpski\/srbija\/"},{"@type":"ListItem","position":2,"name":"Mihajlovi\u0107: Razvoj autoindustrije zna\u010dajan za privredni rast"}]},{"@type":"WebSite","@id":"https:\/\/serbia.com\/#website","url":"https:\/\/serbia.com\/","name":"Serbia.com","description":"Your Gateway to Serbia","potentialAction":[{"@type":"SearchAction","target":{"@type":"EntryPoint","urlTemplate":"https:\/\/serbia.com\/?s={search_term_string}"},"query-input":{"@type":"PropertyValueSpecification","valueRequired":true,"valueName":"search_term_string"}}],"inLanguage":"srpski"},{"@type":"Person","@id":"https:\/\/serbia.com\/#\/schema\/person\/6fe28d3055f5f291d832531e555da490","name":"Serbia.com","image":{"@type":"ImageObject","inLanguage":"srpski","@id":"https:\/\/secure.gravatar.com\/avatar\/8381eb54f5b393857857cb5fd6c42264c9e14b10435326bc567fcc3511bd8df4?s=96&d=mm&r=g","url":"https:\/\/secure.gravatar.com\/avatar\/8381eb54f5b393857857cb5fd6c42264c9e14b10435326bc567fcc3511bd8df4?s=96&d=mm&r=g","contentUrl":"https:\/\/secure.gravatar.com\/avatar\/8381eb54f5b393857857cb5fd6c42264c9e14b10435326bc567fcc3511bd8df4?s=96&d=mm&r=g","caption":"Serbia.com"},"url":"https:\/\/serbia.com\/srpski\/author\/serbia-com\/"}]}},"brizy_media":[],"_links":{"self":[{"href":"https:\/\/serbia.com\/srpski\/wp-json\/wp\/v2\/posts\/48039","targetHints":{"allow":["GET"]}}],"collection":[{"href":"https:\/\/serbia.com\/srpski\/wp-json\/wp\/v2\/posts"}],"about":[{"href":"https:\/\/serbia.com\/srpski\/wp-json\/wp\/v2\/types\/post"}],"author":[{"embeddable":true,"href":"https:\/\/serbia.com\/srpski\/wp-json\/wp\/v2\/users\/9"}],"replies":[{"embeddable":true,"href":"https:\/\/serbia.com\/srpski\/wp-json\/wp\/v2\/comments?post=48039"}],"version-history":[{"count":0,"href":"https:\/\/serbia.com\/srpski\/wp-json\/wp\/v2\/posts\/48039\/revisions"}],"wp:featuredmedia":[{"embeddable":true,"href":"https:\/\/serbia.com\/srpski\/wp-json\/wp\/v2\/media\/38479"}],"wp:attachment":[{"href":"https:\/\/serbia.com\/srpski\/wp-json\/wp\/v2\/media?parent=48039"}],"wp:term":[{"taxonomy":"category","embeddable":true,"href":"https:\/\/serbia.com\/srpski\/wp-json\/wp\/v2\/categories?post=48039"},{"taxonomy":"post_tag","embeddable":true,"href":"https:\/\/serbia.com\/srpski\/wp-json\/wp\/v2\/tags?post=48039"}],"curies":[{"name":"wp","href":"https:\/\/api.w.org\/{rel}","templated":true}]}}