{"id":48023,"date":"2016-03-21T13:41:10","date_gmt":"2016-03-21T12:41:10","guid":{"rendered":"http:\/\/www.serbia.com\/srpski\/?p=48023"},"modified":"2016-03-21T13:41:10","modified_gmt":"2016-03-21T12:41:10","slug":"nestabilna-politicka-situacija-na-kosovu-utice-na-povratak-raseljenih","status":"publish","type":"post","link":"https:\/\/serbia.com\/srpski\/nestabilna-politicka-situacija-na-kosovu-utice-na-povratak-raseljenih\/","title":{"rendered":"Nestabilna politi\u010dka situacija na Kosovu uti\u010de na povratak raseljenih"},"content":{"rendered":"<h4>Kosovski ministar za zajednice i povratak Dalibor Jevti\u0107 izjavio je danas u Pri\u0161tini da nestabilna politi\u010dka situacija na Kosovu uti\u010de na proces povratka raseljenih lica na Kosovo i da je odgovornost zbog toga na institucijama i kosovskom dru\u0161tvu.<\/h4>\n<p>Jevti\u0107 je u izjavi novinarima ocenio da je politi\u010dka situacija na Kosovu te\u0161ka i da ote\u017eava proces povratka raseljenih, da su protesti opozicije usmereni protiv jednog naroda i da se sve ono \u0161to dolazi od strane Srba prihvata kao negativno.<\/p>\n<p>Svedoci smo da su u nekoliko navrata pristalice opozcije na Kosovu prevrtali kamione sa srpskom robom \u0161to je neprihvatljivo, ocenio je Jevti\u0107 \u00a0i kazao da trgovina treba da povezuje a da su takvi postupci neprihvatljivi jer odma\u017eu procesu izgradnje poverenja i pomirenja.<\/p>\n<p>U Pri\u0161tini se odr\u017eava, prvi u ovoj godini, dvodnevni sastanak tehni\u010dke radne grupe za trajna re\u0161enja raseljenih lica kojim predsedava ministar Jevti\u0107 a glavne teme su bezbednost, dijalog i reintegracija.<\/p>\n<p>Sastanku prisustvuju predstavnici OEBS, UNHCR, Komesarijata za izbeglice i raseljena lica Republike Srbije, predstavnici Kancelarije za KiM Vlade Srbije, vi\u0161e predstavnika kosovskih ministarstava, \u00a0Ministarstva rada i socijslnog staranja Rebulika Crne Gore i Makedonije i drugi.<\/p>\n<p>Jevti\u0107 je kazao da dana\u0161nji sastanak ima za cilj davanje preporuka i odre\u0111ivanje mera u cilju re\u0161avanja svih problema povratnika, bezbednosti i svega onoga \u0161to imamo kao negativnu pojavu u povratni\u010dkim sredinama.<\/p>\n<p>U tom kontekstu Jevti\u0107 je naveo posebno problemati\u010dnim \u0161irenje ideje islamskog radikalizma na Kosovu \u0161to je ocenio kao otvorenu opasnost za \u010ditavo kosovsko dru\u0161tvo.<\/p>\n<p>\u201cO\u010dekujem da svi daju pun doprinos i mi smo se okupili kako bi kroz dijalog zajedni\u010dki doneli odre\u0111ene zaklju\u010dke kako bi sve ono \u0161to dogovorimo i implementirali, \u0161to je najbolji na\u010din za re\u0161avanje pitanja povratka,\u201d- rekao je Jevti\u0107.<\/p>\n<p>On je naveo da vrlo \u010desto policija re\u0161i neki problem ali da onda problem nastaje u sporom pravosu\u0111u.<\/p>\n<p>\u201cNajve\u0107a odgovornost u ovom procesu, kada govorimo o bezbednosti povratnika, je na kosovskim institucijama i u ve\u0107inskom albanskom narodu, jer Albanci moraju prihvatiti da raseljeni imaju pravo na povratak,\u201d- kazao je Jevti\u0107.<\/p>\n<p>Predstavnici OEBS koji prisustvuju dana\u0161njem sastanku radne grupe izrazili su nadu da \u0107e ova godina biti operativna i da \u0107e dati konkretna re\u0161enja kada je u pitanju problem povratka raseljenih lica na Kosovo.<\/p>\n<p>&nbsp;<\/p>\n<p>Izvor: Tanjug<\/p>\n<p>Foto: www.newsweek.rs<\/p>\n","protected":false},"excerpt":{"rendered":"<p>Kosovski ministar za zajednice i povratak Dalibor Jevti\u0107 izjavio je danas u Pri\u0161tini da nestabilna politi\u010dka situacija na Kosovu uti\u010de na proces povratka raseljenih lica na Kosovo i da je [&hellip;]<\/p>\n","protected":false},"author":9,"featured_media":48020,"comment_status":"closed","ping_status":"closed","sticky":false,"template":"","format":"standard","meta":{"_acf_changed":false,"inline_featured_image":false,"_monsterinsights_skip_tracking":false,"_monsterinsights_sitenote_active":false,"_monsterinsights_sitenote_note":"","_monsterinsights_sitenote_category":0,"footnotes":""},"categories":[2700],"tags":[5409,4474,3836,2203,3978],"class_list":["post-48023","post","type-post","status-publish","format-standard","has-post-thumbnail","hentry","category-vesti","tag-dalibor-jevtic","tag-kim","tag-kosovo","tag-kosovo-i-metohija","tag-pristina"],"acf":[],"yoast_head":"<!-- This site is optimized with the Yoast SEO plugin v27.4 - https:\/\/yoast.com\/product\/yoast-seo-wordpress\/ -->\n<title>Nestabilna politi\u010dka situacija na Kosovu uti\u010de na povratak raseljenih - Serbia.com<\/title>\n<meta name=\"robots\" content=\"index, follow, max-snippet:-1, max-image-preview:large, max-video-preview:-1\" \/>\n<link rel=\"canonical\" href=\"https:\/\/serbia.com\/srpski\/nestabilna-politicka-situacija-na-kosovu-utice-na-povratak-raseljenih\/\" \/>\n<meta property=\"og:locale\" content=\"en_US\" \/>\n<meta property=\"og:type\" content=\"article\" \/>\n<meta property=\"og:title\" content=\"Nestabilna politi\u010dka situacija na Kosovu uti\u010de na povratak raseljenih - Serbia.com\" \/>\n<meta property=\"og:description\" content=\"Kosovski ministar za zajednice i povratak Dalibor Jevti\u0107 izjavio je danas u Pri\u0161tini da nestabilna politi\u010dka situacija na Kosovu uti\u010de na proces povratka raseljenih lica na Kosovo i da je [&hellip;]\" \/>\n<meta property=\"og:url\" content=\"https:\/\/serbia.com\/srpski\/nestabilna-politicka-situacija-na-kosovu-utice-na-povratak-raseljenih\/\" \/>\n<meta property=\"og:site_name\" content=\"Serbia.com\" \/>\n<meta property=\"article:published_time\" content=\"2016-03-21T12:41:10+00:00\" \/>\n<meta property=\"og:image\" content=\"https:\/\/serbia.com\/wp-content\/uploads\/2016\/03\/Dalibor-Jevtic-newsweek.rs_.jpg\" \/>\n\t<meta property=\"og:image:width\" content=\"800\" \/>\n\t<meta property=\"og:image:height\" content=\"532\" \/>\n\t<meta property=\"og:image:type\" content=\"image\/jpeg\" \/>\n<meta name=\"author\" content=\"Serbia.com\" \/>\n<meta name=\"twitter:label1\" content=\"Written by\" \/>\n\t<meta name=\"twitter:data1\" content=\"Serbia.com\" \/>\n\t<meta name=\"twitter:label2\" content=\"Est. reading time\" \/>\n\t<meta name=\"twitter:data2\" content=\"2 minutes\" \/>\n<script type=\"application\/ld+json\" class=\"yoast-schema-graph\">{\"@context\":\"https:\\\/\\\/schema.org\",\"@graph\":[{\"@type\":\"Article\",\"@id\":\"https:\\\/\\\/serbia.com\\\/srpski\\\/nestabilna-politicka-situacija-na-kosovu-utice-na-povratak-raseljenih\\\/#article\",\"isPartOf\":{\"@id\":\"https:\\\/\\\/serbia.com\\\/srpski\\\/nestabilna-politicka-situacija-na-kosovu-utice-na-povratak-raseljenih\\\/\"},\"author\":{\"name\":\"Serbia.com\",\"@id\":\"https:\\\/\\\/serbia.com\\\/#\\\/schema\\\/person\\\/6fe28d3055f5f291d832531e555da490\"},\"headline\":\"Nestabilna politi\u010dka situacija na Kosovu uti\u010de na povratak raseljenih\",\"datePublished\":\"2016-03-21T12:41:10+00:00\",\"mainEntityOfPage\":{\"@id\":\"https:\\\/\\\/serbia.com\\\/srpski\\\/nestabilna-politicka-situacija-na-kosovu-utice-na-povratak-raseljenih\\\/\"},\"wordCount\":413,\"image\":{\"@id\":\"https:\\\/\\\/serbia.com\\\/srpski\\\/nestabilna-politicka-situacija-na-kosovu-utice-na-povratak-raseljenih\\\/#primaryimage\"},\"thumbnailUrl\":\"https:\\\/\\\/serbia.com\\\/wp-content\\\/uploads\\\/2016\\\/03\\\/Dalibor-Jevtic-newsweek.rs_.jpg\",\"keywords\":[\"Dalibor Jevtic\",\"KIM\",\"Kosovo\",\"Kosovo i Metohija\",\"Pristina\"],\"articleSection\":[\"Vesti\"],\"inLanguage\":\"srpski\"},{\"@type\":\"WebPage\",\"@id\":\"https:\\\/\\\/serbia.com\\\/srpski\\\/nestabilna-politicka-situacija-na-kosovu-utice-na-povratak-raseljenih\\\/\",\"url\":\"https:\\\/\\\/serbia.com\\\/srpski\\\/nestabilna-politicka-situacija-na-kosovu-utice-na-povratak-raseljenih\\\/\",\"name\":\"Nestabilna politi\u010dka situacija na Kosovu uti\u010de na povratak raseljenih - Serbia.com\",\"isPartOf\":{\"@id\":\"https:\\\/\\\/serbia.com\\\/#website\"},\"primaryImageOfPage\":{\"@id\":\"https:\\\/\\\/serbia.com\\\/srpski\\\/nestabilna-politicka-situacija-na-kosovu-utice-na-povratak-raseljenih\\\/#primaryimage\"},\"image\":{\"@id\":\"https:\\\/\\\/serbia.com\\\/srpski\\\/nestabilna-politicka-situacija-na-kosovu-utice-na-povratak-raseljenih\\\/#primaryimage\"},\"thumbnailUrl\":\"https:\\\/\\\/serbia.com\\\/wp-content\\\/uploads\\\/2016\\\/03\\\/Dalibor-Jevtic-newsweek.rs_.jpg\",\"datePublished\":\"2016-03-21T12:41:10+00:00\",\"author\":{\"@id\":\"https:\\\/\\\/serbia.com\\\/#\\\/schema\\\/person\\\/6fe28d3055f5f291d832531e555da490\"},\"breadcrumb\":{\"@id\":\"https:\\\/\\\/serbia.com\\\/srpski\\\/nestabilna-politicka-situacija-na-kosovu-utice-na-povratak-raseljenih\\\/#breadcrumb\"},\"inLanguage\":\"srpski\",\"potentialAction\":[{\"@type\":\"ReadAction\",\"target\":[\"https:\\\/\\\/serbia.com\\\/srpski\\\/nestabilna-politicka-situacija-na-kosovu-utice-na-povratak-raseljenih\\\/\"]}]},{\"@type\":\"ImageObject\",\"inLanguage\":\"srpski\",\"@id\":\"https:\\\/\\\/serbia.com\\\/srpski\\\/nestabilna-politicka-situacija-na-kosovu-utice-na-povratak-raseljenih\\\/#primaryimage\",\"url\":\"https:\\\/\\\/serbia.com\\\/wp-content\\\/uploads\\\/2016\\\/03\\\/Dalibor-Jevtic-newsweek.rs_.jpg\",\"contentUrl\":\"https:\\\/\\\/serbia.com\\\/wp-content\\\/uploads\\\/2016\\\/03\\\/Dalibor-Jevtic-newsweek.rs_.jpg\",\"width\":800,\"height\":532,\"caption\":\"Dalibor Jevtic\"},{\"@type\":\"BreadcrumbList\",\"@id\":\"https:\\\/\\\/serbia.com\\\/srpski\\\/nestabilna-politicka-situacija-na-kosovu-utice-na-povratak-raseljenih\\\/#breadcrumb\",\"itemListElement\":[{\"@type\":\"ListItem\",\"position\":1,\"name\":\"Home\",\"item\":\"https:\\\/\\\/serbia.com\\\/srpski\\\/srbija\\\/\"},{\"@type\":\"ListItem\",\"position\":2,\"name\":\"Nestabilna politi\u010dka situacija na Kosovu uti\u010de na povratak raseljenih\"}]},{\"@type\":\"WebSite\",\"@id\":\"https:\\\/\\\/serbia.com\\\/#website\",\"url\":\"https:\\\/\\\/serbia.com\\\/\",\"name\":\"Serbia.com\",\"description\":\"Your Gateway to Serbia\",\"potentialAction\":[{\"@type\":\"SearchAction\",\"target\":{\"@type\":\"EntryPoint\",\"urlTemplate\":\"https:\\\/\\\/serbia.com\\\/?s={search_term_string}\"},\"query-input\":{\"@type\":\"PropertyValueSpecification\",\"valueRequired\":true,\"valueName\":\"search_term_string\"}}],\"inLanguage\":\"srpski\"},{\"@type\":\"Person\",\"@id\":\"https:\\\/\\\/serbia.com\\\/#\\\/schema\\\/person\\\/6fe28d3055f5f291d832531e555da490\",\"name\":\"Serbia.com\",\"image\":{\"@type\":\"ImageObject\",\"inLanguage\":\"srpski\",\"@id\":\"https:\\\/\\\/secure.gravatar.com\\\/avatar\\\/8381eb54f5b393857857cb5fd6c42264c9e14b10435326bc567fcc3511bd8df4?s=96&d=mm&r=g\",\"url\":\"https:\\\/\\\/secure.gravatar.com\\\/avatar\\\/8381eb54f5b393857857cb5fd6c42264c9e14b10435326bc567fcc3511bd8df4?s=96&d=mm&r=g\",\"contentUrl\":\"https:\\\/\\\/secure.gravatar.com\\\/avatar\\\/8381eb54f5b393857857cb5fd6c42264c9e14b10435326bc567fcc3511bd8df4?s=96&d=mm&r=g\",\"caption\":\"Serbia.com\"},\"url\":\"https:\\\/\\\/serbia.com\\\/srpski\\\/author\\\/serbia-com\\\/\"}]}<\/script>\n<!-- \/ Yoast SEO plugin. -->","yoast_head_json":{"title":"Nestabilna politi\u010dka situacija na Kosovu uti\u010de na povratak raseljenih - Serbia.com","robots":{"index":"index","follow":"follow","max-snippet":"max-snippet:-1","max-image-preview":"max-image-preview:large","max-video-preview":"max-video-preview:-1"},"canonical":"https:\/\/serbia.com\/srpski\/nestabilna-politicka-situacija-na-kosovu-utice-na-povratak-raseljenih\/","og_locale":"en_US","og_type":"article","og_title":"Nestabilna politi\u010dka situacija na Kosovu uti\u010de na povratak raseljenih - Serbia.com","og_description":"Kosovski ministar za zajednice i povratak Dalibor Jevti\u0107 izjavio je danas u Pri\u0161tini da nestabilna politi\u010dka situacija na Kosovu uti\u010de na proces povratka raseljenih lica na Kosovo i da je [&hellip;]","og_url":"https:\/\/serbia.com\/srpski\/nestabilna-politicka-situacija-na-kosovu-utice-na-povratak-raseljenih\/","og_site_name":"Serbia.com","article_published_time":"2016-03-21T12:41:10+00:00","og_image":[{"width":800,"height":532,"url":"https:\/\/serbia.com\/wp-content\/uploads\/2016\/03\/Dalibor-Jevtic-newsweek.rs_.jpg","type":"image\/jpeg"}],"author":"Serbia.com","twitter_misc":{"Written by":"Serbia.com","Est. reading time":"2 minutes"},"schema":{"@context":"https:\/\/schema.org","@graph":[{"@type":"Article","@id":"https:\/\/serbia.com\/srpski\/nestabilna-politicka-situacija-na-kosovu-utice-na-povratak-raseljenih\/#article","isPartOf":{"@id":"https:\/\/serbia.com\/srpski\/nestabilna-politicka-situacija-na-kosovu-utice-na-povratak-raseljenih\/"},"author":{"name":"Serbia.com","@id":"https:\/\/serbia.com\/#\/schema\/person\/6fe28d3055f5f291d832531e555da490"},"headline":"Nestabilna politi\u010dka situacija na Kosovu uti\u010de na povratak raseljenih","datePublished":"2016-03-21T12:41:10+00:00","mainEntityOfPage":{"@id":"https:\/\/serbia.com\/srpski\/nestabilna-politicka-situacija-na-kosovu-utice-na-povratak-raseljenih\/"},"wordCount":413,"image":{"@id":"https:\/\/serbia.com\/srpski\/nestabilna-politicka-situacija-na-kosovu-utice-na-povratak-raseljenih\/#primaryimage"},"thumbnailUrl":"https:\/\/serbia.com\/wp-content\/uploads\/2016\/03\/Dalibor-Jevtic-newsweek.rs_.jpg","keywords":["Dalibor Jevtic","KIM","Kosovo","Kosovo i Metohija","Pristina"],"articleSection":["Vesti"],"inLanguage":"srpski"},{"@type":"WebPage","@id":"https:\/\/serbia.com\/srpski\/nestabilna-politicka-situacija-na-kosovu-utice-na-povratak-raseljenih\/","url":"https:\/\/serbia.com\/srpski\/nestabilna-politicka-situacija-na-kosovu-utice-na-povratak-raseljenih\/","name":"Nestabilna politi\u010dka situacija na Kosovu uti\u010de na povratak raseljenih - Serbia.com","isPartOf":{"@id":"https:\/\/serbia.com\/#website"},"primaryImageOfPage":{"@id":"https:\/\/serbia.com\/srpski\/nestabilna-politicka-situacija-na-kosovu-utice-na-povratak-raseljenih\/#primaryimage"},"image":{"@id":"https:\/\/serbia.com\/srpski\/nestabilna-politicka-situacija-na-kosovu-utice-na-povratak-raseljenih\/#primaryimage"},"thumbnailUrl":"https:\/\/serbia.com\/wp-content\/uploads\/2016\/03\/Dalibor-Jevtic-newsweek.rs_.jpg","datePublished":"2016-03-21T12:41:10+00:00","author":{"@id":"https:\/\/serbia.com\/#\/schema\/person\/6fe28d3055f5f291d832531e555da490"},"breadcrumb":{"@id":"https:\/\/serbia.com\/srpski\/nestabilna-politicka-situacija-na-kosovu-utice-na-povratak-raseljenih\/#breadcrumb"},"inLanguage":"srpski","potentialAction":[{"@type":"ReadAction","target":["https:\/\/serbia.com\/srpski\/nestabilna-politicka-situacija-na-kosovu-utice-na-povratak-raseljenih\/"]}]},{"@type":"ImageObject","inLanguage":"srpski","@id":"https:\/\/serbia.com\/srpski\/nestabilna-politicka-situacija-na-kosovu-utice-na-povratak-raseljenih\/#primaryimage","url":"https:\/\/serbia.com\/wp-content\/uploads\/2016\/03\/Dalibor-Jevtic-newsweek.rs_.jpg","contentUrl":"https:\/\/serbia.com\/wp-content\/uploads\/2016\/03\/Dalibor-Jevtic-newsweek.rs_.jpg","width":800,"height":532,"caption":"Dalibor Jevtic"},{"@type":"BreadcrumbList","@id":"https:\/\/serbia.com\/srpski\/nestabilna-politicka-situacija-na-kosovu-utice-na-povratak-raseljenih\/#breadcrumb","itemListElement":[{"@type":"ListItem","position":1,"name":"Home","item":"https:\/\/serbia.com\/srpski\/srbija\/"},{"@type":"ListItem","position":2,"name":"Nestabilna politi\u010dka situacija na Kosovu uti\u010de na povratak raseljenih"}]},{"@type":"WebSite","@id":"https:\/\/serbia.com\/#website","url":"https:\/\/serbia.com\/","name":"Serbia.com","description":"Your Gateway to Serbia","potentialAction":[{"@type":"SearchAction","target":{"@type":"EntryPoint","urlTemplate":"https:\/\/serbia.com\/?s={search_term_string}"},"query-input":{"@type":"PropertyValueSpecification","valueRequired":true,"valueName":"search_term_string"}}],"inLanguage":"srpski"},{"@type":"Person","@id":"https:\/\/serbia.com\/#\/schema\/person\/6fe28d3055f5f291d832531e555da490","name":"Serbia.com","image":{"@type":"ImageObject","inLanguage":"srpski","@id":"https:\/\/secure.gravatar.com\/avatar\/8381eb54f5b393857857cb5fd6c42264c9e14b10435326bc567fcc3511bd8df4?s=96&d=mm&r=g","url":"https:\/\/secure.gravatar.com\/avatar\/8381eb54f5b393857857cb5fd6c42264c9e14b10435326bc567fcc3511bd8df4?s=96&d=mm&r=g","contentUrl":"https:\/\/secure.gravatar.com\/avatar\/8381eb54f5b393857857cb5fd6c42264c9e14b10435326bc567fcc3511bd8df4?s=96&d=mm&r=g","caption":"Serbia.com"},"url":"https:\/\/serbia.com\/srpski\/author\/serbia-com\/"}]}},"brizy_media":[],"_links":{"self":[{"href":"https:\/\/serbia.com\/srpski\/wp-json\/wp\/v2\/posts\/48023","targetHints":{"allow":["GET"]}}],"collection":[{"href":"https:\/\/serbia.com\/srpski\/wp-json\/wp\/v2\/posts"}],"about":[{"href":"https:\/\/serbia.com\/srpski\/wp-json\/wp\/v2\/types\/post"}],"author":[{"embeddable":true,"href":"https:\/\/serbia.com\/srpski\/wp-json\/wp\/v2\/users\/9"}],"replies":[{"embeddable":true,"href":"https:\/\/serbia.com\/srpski\/wp-json\/wp\/v2\/comments?post=48023"}],"version-history":[{"count":0,"href":"https:\/\/serbia.com\/srpski\/wp-json\/wp\/v2\/posts\/48023\/revisions"}],"wp:featuredmedia":[{"embeddable":true,"href":"https:\/\/serbia.com\/srpski\/wp-json\/wp\/v2\/media\/48020"}],"wp:attachment":[{"href":"https:\/\/serbia.com\/srpski\/wp-json\/wp\/v2\/media?parent=48023"}],"wp:term":[{"taxonomy":"category","embeddable":true,"href":"https:\/\/serbia.com\/srpski\/wp-json\/wp\/v2\/categories?post=48023"},{"taxonomy":"post_tag","embeddable":true,"href":"https:\/\/serbia.com\/srpski\/wp-json\/wp\/v2\/tags?post=48023"}],"curies":[{"name":"wp","href":"https:\/\/api.w.org\/{rel}","templated":true}]}}