{"id":47849,"date":"2016-03-18T15:47:38","date_gmt":"2016-03-18T14:47:38","guid":{"rendered":"http:\/\/www.serbia.com\/srpski\/?p=47849"},"modified":"2016-03-18T15:47:38","modified_gmt":"2016-03-18T14:47:38","slug":"nas-cilj-visi-zivotni-standard-stabilnost-napredak","status":"publish","type":"post","link":"https:\/\/serbia.com\/srpski\/nas-cilj-visi-zivotni-standard-stabilnost-napredak\/","title":{"rendered":"Na\u0161 cilj, vi\u0161i \u017eivotni standard, stabilnost i napredak"},"content":{"rendered":"<h4>Srbija i zemlje regiona na\u010dinile su veliki napredak na putu ka Evropskoj uniji koja ne mo\u017ee da razmi\u0161lja o svojoj budu\u0107nosti bez zemalja zapadnog Balkana, poruka je dana\u0161nje konferencije &#8220;Srbija i evropska integracija zapadnog Balkana&#8221;.<\/h4>\n<p>Obra\u0107aju\u0107i se u\u010desnicima skupa, \u010diji je povod bio predstoje\u0107a Pariska konferencija o zapadnom Balkanu, 4. jula ministarka bez portfelja zadu\u017eena za evropske integracije Jadranka Joksimovi\u0107 istakla je da ovaj region funkcioni\u0161e izme\u0111u dva suprotstavljena politi\u010dka prostora &#8211; pro\u0161losti i budu\u0107nosti.<\/p>\n<p>Kako je objasnila brojni politi\u010dki akteri, ne samo u Srbiji, grade svoje politi\u010dko delovanje na temeljima pro\u0161losti &#8220;\u0161to nije dobro ni za koga u regionu&#8221;.<\/p>\n<p>Ona je dodala da je aktuelna vlada, na \u010delu sa premijerom Aleksandrom Vu\u010di\u0107em, pokazala veoma odgovornu politiku koja je bila spremna da i u nepopularnim uslovima poka\u017ee odgovornost i posve\u0107enost.<\/p>\n<p>Prema njenim re\u010dima, svi u vladi bili su spremni da investiraju svoj li\u010dni i politi\u010dki kredibilitet zarad stabilnosti i bolje budu\u0107nosti celog regiona.<\/p>\n<p>&#8220;Sigurna sam da je takva politika dobila zaslu\u017eeno priznanje u Evropsko uniji u kojoj je Srbija percepirana kao jedna od najva\u017enijih karika kada je re\u010d o stabilnosti zapadnog Balkana&#8221;, rekla je Joksimovi\u0107.<\/p>\n<p>Ona je naglasila da je veoma va\u017eno unapre\u0111ivati odnose u regionu i biti iskren u tim naporima i aktivnostima.<\/p>\n<p>U tom kontekstu, kako je dodala, Srbija je razgovarala sa Bosnom i Hercegovinom, kako bi joj pru\u017eila tehni\u010dko-ekspertsku pomo\u0107 na njenom putu evrointegracija i najvila potpisivanje unapre\u0111enog memoranduma o saradnji dve zemelje.<\/p>\n<p>&#8220;Svaki korak u tom pravcu je va\u017ean. Samo saradnjom i dijalogom svi zajedno mo\u017eemo da budemo kredibilniji i ozbiljniji partneri Evropskoj uniji i kandidati za \u010dlanstvo. Vlada Srbije \u0107e nataviti u tom pravcu i od nas \u0107e uvek stizati pozitivne poruke&#8221;, rekla je Joksimovi\u0107.<\/p>\n<p>Ona je poru\u010dila da \u0107e Srbija sva otvorena pitanja re\u0161avati u dobroj veri i dodala da od konferencije u Parizu, 4. jula, o\u010dekuje da iznedri dobre poruke i konkretne rezultate.<\/p>\n<p>Ministar spoljnih poslova Bosne i Hercegovine Igor Crnadak istakao je da je dobra stvar \u0161to zemlje regiona imaju veoma jake napore na putu ka EU, iako ni njoj &#8220;ne cvetaju ru\u017ee&#8221;.<\/p>\n<p>&#8220;Mi \u0161aljemo poruku da, bez obzira na sve probleme, EU predstavlja najbolji okvir i na\u010din da sve zemlje u regionu koje se opredele na taj put na bolji na\u010din re\u0161e probleme svojih gra\u0111ana&#8221;, rekao je Crnadak.<\/p>\n<p>Prema njegovim re\u010dima proces evropskih integracija omogu\u0107i\u0107e kvalitetniju ekonomsku tranziciju, ali i podizanje nivoa bezbednosti, podse\u0107aju\u0107i da je na ovim prostorima skoro svaka generacija u\u010desvovala u nekom ratu, a pojedine \u010dak i u tri rata.<\/p>\n<p>&#8220;Ako nam proces integracija donosi stogodi\u0161nji ili dvestogodi\u0161nji mir, \u010dak i da ni\u0161ta drugo ne dobijemo, samo to je ve\u0107 ne\u0161to veliko&#8221;, ocenio je Crnadak.<\/p>\n<p>Komesar za susedsku politiku i pregovore o pro\u0161irenju Johanes Han obratio se u\u010desnicima skupa preko snimljene video-poruke u kojoj je poru\u010dio da je izbegli\u010dka kriza pokazala da region zapadnog Balkana pripada Evropskoj uniji jer ona ne mo\u017ee da se re\u0161i bez u\u010de\u0161\u0107a zemalja regiona.<\/p>\n<p>Prema njegovim re\u010dima pozitivni koraci koje su ostvarile zemlje u regionu ne treba da prestanu, ve\u0107 da se iskoristi taj momentum kako bi jo\u0161 vi\u0161e krenule napred.<\/p>\n<p>Han je poru\u010dio i da se nada da \u0107e ono \u0161to je po\u010delo samitom u Berlinu, biti uspe\u0161no nastavljeno i konkretizovano u Parizu ove godine.<\/p>\n<p>\u0160ef Delegacije Evropske unije u Srbiji Majkl Devenport istakao je da su Srbija i zemlje regiona napravile va\u017ean strate\u0161ki izbor kada su kao svoj put odredile Evropsku uniju, isti\u010du\u0107i da to strate\u0161ko opredeljenje nije bilo nikada jasnije nego \u0161to je to danas kod aktuelne srpske vlade.<\/p>\n<p>On je dodao da je Srbija pokazala zna\u010dajan narpedak u bilateralnim odnosima tokom poslednjih godina i zapitao se ko bi pre nekoliko godina mogao da zamisli da se ostvari toliki nivo regionalne saradnje.<\/p>\n<p>Predsednik Austrijsko-francuskog centra za zbli\u017eavanje u Evropi Dominik David istakao je da EU ne mo\u017ee da ra\u010duna na svoju budu\u0107nost bez zemalja zapadnog Balakana, dodaju\u0107i da je prvi zadatak re\u0161iti funkcionisanje civilnih i politi\u010dkih dru\u0161tava, kao i pitanja pomirenja&#8230;<\/p>\n<p>Generalni sekretar Austrijsko-francuskog centra za zbli\u017eavanje u Evropi Johanes Kirle istakao je da Austrija ve\u0107 godinama prati i podr\u017eava sna\u017enu integraciju zapadnog Balkana i poru\u010dio da je ta dr\u017eava duboko uverena da ne postoji alternativa integraciji dunavskog regiona.<\/p>\n<p>&#8220;Austrija je od 1987. do 1995. vodila svoje pregovore i tada se ve\u0107 govorilo da svako mora da ra\u010duna na sopstvene rezultate i zasluge&#8221;, zaklju\u010dio je Kirle.<\/p>\n<p>&nbsp;<\/p>\n<p>Izvor: Tanjug<\/p>\n","protected":false},"excerpt":{"rendered":"<p>Srbija i zemlje regiona na\u010dinile su veliki napredak na putu ka Evropskoj uniji koja ne mo\u017ee da razmi\u0161lja o svojoj budu\u0107nosti bez zemalja zapadnog Balkana, poruka je dana\u0161nje konferencije &#8220;Srbija [&hellip;]<\/p>\n","protected":false},"author":9,"featured_media":44123,"comment_status":"closed","ping_status":"closed","sticky":false,"template":"","format":"standard","meta":{"_acf_changed":false,"inline_featured_image":false,"_monsterinsights_skip_tracking":false,"_monsterinsights_sitenote_active":false,"_monsterinsights_sitenote_note":"","_monsterinsights_sitenote_category":0,"footnotes":""},"categories":[2700],"tags":[5346,3999],"class_list":["post-47849","post","type-post","status-publish","format-standard","has-post-thumbnail","hentry","category-vesti","tag-ciljevi-srbije","tag-jadranka-joksimovic"],"acf":[],"yoast_head":"<!-- This site is optimized with the Yoast SEO plugin v27.4 - https:\/\/yoast.com\/product\/yoast-seo-wordpress\/ -->\n<title>Na\u0161 cilj, vi\u0161i \u017eivotni standard, stabilnost i napredak - Serbia.com<\/title>\n<meta name=\"robots\" content=\"index, follow, max-snippet:-1, max-image-preview:large, max-video-preview:-1\" \/>\n<link rel=\"canonical\" href=\"https:\/\/serbia.com\/srpski\/nas-cilj-visi-zivotni-standard-stabilnost-napredak\/\" \/>\n<meta property=\"og:locale\" content=\"en_US\" \/>\n<meta property=\"og:type\" content=\"article\" \/>\n<meta property=\"og:title\" content=\"Na\u0161 cilj, vi\u0161i \u017eivotni standard, stabilnost i napredak - Serbia.com\" \/>\n<meta property=\"og:description\" content=\"Srbija i zemlje regiona na\u010dinile su veliki napredak na putu ka Evropskoj uniji koja ne mo\u017ee da razmi\u0161lja o svojoj budu\u0107nosti bez zemalja zapadnog Balkana, poruka je dana\u0161nje konferencije &#8220;Srbija [&hellip;]\" \/>\n<meta property=\"og:url\" content=\"https:\/\/serbia.com\/srpski\/nas-cilj-visi-zivotni-standard-stabilnost-napredak\/\" \/>\n<meta property=\"og:site_name\" content=\"Serbia.com\" \/>\n<meta property=\"article:published_time\" content=\"2016-03-18T14:47:38+00:00\" \/>\n<meta property=\"og:image\" content=\"https:\/\/serbia.com\/wp-content\/uploads\/2016\/01\/jadranka-joksimovic-dado-djilas-1412840270-537669-e1453037951186.jpg\" \/>\n\t<meta property=\"og:image:width\" content=\"800\" \/>\n\t<meta property=\"og:image:height\" content=\"540\" \/>\n\t<meta property=\"og:image:type\" content=\"image\/jpeg\" \/>\n<meta name=\"author\" content=\"Serbia.com\" \/>\n<meta name=\"twitter:label1\" content=\"Written by\" \/>\n\t<meta name=\"twitter:data1\" content=\"Serbia.com\" \/>\n\t<meta name=\"twitter:label2\" content=\"Est. reading time\" \/>\n\t<meta name=\"twitter:data2\" content=\"4 minutes\" \/>\n<script type=\"application\/ld+json\" class=\"yoast-schema-graph\">{\"@context\":\"https:\\\/\\\/schema.org\",\"@graph\":[{\"@type\":\"Article\",\"@id\":\"https:\\\/\\\/serbia.com\\\/srpski\\\/nas-cilj-visi-zivotni-standard-stabilnost-napredak\\\/#article\",\"isPartOf\":{\"@id\":\"https:\\\/\\\/serbia.com\\\/srpski\\\/nas-cilj-visi-zivotni-standard-stabilnost-napredak\\\/\"},\"author\":{\"name\":\"Serbia.com\",\"@id\":\"https:\\\/\\\/serbia.com\\\/#\\\/schema\\\/person\\\/6fe28d3055f5f291d832531e555da490\"},\"headline\":\"Na\u0161 cilj, vi\u0161i \u017eivotni standard, stabilnost i napredak\",\"datePublished\":\"2016-03-18T14:47:38+00:00\",\"mainEntityOfPage\":{\"@id\":\"https:\\\/\\\/serbia.com\\\/srpski\\\/nas-cilj-visi-zivotni-standard-stabilnost-napredak\\\/\"},\"wordCount\":811,\"image\":{\"@id\":\"https:\\\/\\\/serbia.com\\\/srpski\\\/nas-cilj-visi-zivotni-standard-stabilnost-napredak\\\/#primaryimage\"},\"thumbnailUrl\":\"https:\\\/\\\/serbia.com\\\/wp-content\\\/uploads\\\/2016\\\/01\\\/jadranka-joksimovic-dado-djilas-1412840270-537669-e1453037951186.jpg\",\"keywords\":[\"Ciljevi Srbije\",\"Jadranka Joksimovi\u0107\"],\"articleSection\":[\"Vesti\"],\"inLanguage\":\"srpski\"},{\"@type\":\"WebPage\",\"@id\":\"https:\\\/\\\/serbia.com\\\/srpski\\\/nas-cilj-visi-zivotni-standard-stabilnost-napredak\\\/\",\"url\":\"https:\\\/\\\/serbia.com\\\/srpski\\\/nas-cilj-visi-zivotni-standard-stabilnost-napredak\\\/\",\"name\":\"Na\u0161 cilj, vi\u0161i \u017eivotni standard, stabilnost i napredak - Serbia.com\",\"isPartOf\":{\"@id\":\"https:\\\/\\\/serbia.com\\\/#website\"},\"primaryImageOfPage\":{\"@id\":\"https:\\\/\\\/serbia.com\\\/srpski\\\/nas-cilj-visi-zivotni-standard-stabilnost-napredak\\\/#primaryimage\"},\"image\":{\"@id\":\"https:\\\/\\\/serbia.com\\\/srpski\\\/nas-cilj-visi-zivotni-standard-stabilnost-napredak\\\/#primaryimage\"},\"thumbnailUrl\":\"https:\\\/\\\/serbia.com\\\/wp-content\\\/uploads\\\/2016\\\/01\\\/jadranka-joksimovic-dado-djilas-1412840270-537669-e1453037951186.jpg\",\"datePublished\":\"2016-03-18T14:47:38+00:00\",\"author\":{\"@id\":\"https:\\\/\\\/serbia.com\\\/#\\\/schema\\\/person\\\/6fe28d3055f5f291d832531e555da490\"},\"breadcrumb\":{\"@id\":\"https:\\\/\\\/serbia.com\\\/srpski\\\/nas-cilj-visi-zivotni-standard-stabilnost-napredak\\\/#breadcrumb\"},\"inLanguage\":\"srpski\",\"potentialAction\":[{\"@type\":\"ReadAction\",\"target\":[\"https:\\\/\\\/serbia.com\\\/srpski\\\/nas-cilj-visi-zivotni-standard-stabilnost-napredak\\\/\"]}]},{\"@type\":\"ImageObject\",\"inLanguage\":\"srpski\",\"@id\":\"https:\\\/\\\/serbia.com\\\/srpski\\\/nas-cilj-visi-zivotni-standard-stabilnost-napredak\\\/#primaryimage\",\"url\":\"https:\\\/\\\/serbia.com\\\/wp-content\\\/uploads\\\/2016\\\/01\\\/jadranka-joksimovic-dado-djilas-1412840270-537669-e1453037951186.jpg\",\"contentUrl\":\"https:\\\/\\\/serbia.com\\\/wp-content\\\/uploads\\\/2016\\\/01\\\/jadranka-joksimovic-dado-djilas-1412840270-537669-e1453037951186.jpg\",\"width\":800,\"height\":540,\"caption\":\"Jadranka Joksimovic\"},{\"@type\":\"BreadcrumbList\",\"@id\":\"https:\\\/\\\/serbia.com\\\/srpski\\\/nas-cilj-visi-zivotni-standard-stabilnost-napredak\\\/#breadcrumb\",\"itemListElement\":[{\"@type\":\"ListItem\",\"position\":1,\"name\":\"Home\",\"item\":\"https:\\\/\\\/serbia.com\\\/srpski\\\/srbija\\\/\"},{\"@type\":\"ListItem\",\"position\":2,\"name\":\"Na\u0161 cilj, vi\u0161i \u017eivotni standard, stabilnost i napredak\"}]},{\"@type\":\"WebSite\",\"@id\":\"https:\\\/\\\/serbia.com\\\/#website\",\"url\":\"https:\\\/\\\/serbia.com\\\/\",\"name\":\"Serbia.com\",\"description\":\"Your Gateway to Serbia\",\"potentialAction\":[{\"@type\":\"SearchAction\",\"target\":{\"@type\":\"EntryPoint\",\"urlTemplate\":\"https:\\\/\\\/serbia.com\\\/?s={search_term_string}\"},\"query-input\":{\"@type\":\"PropertyValueSpecification\",\"valueRequired\":true,\"valueName\":\"search_term_string\"}}],\"inLanguage\":\"srpski\"},{\"@type\":\"Person\",\"@id\":\"https:\\\/\\\/serbia.com\\\/#\\\/schema\\\/person\\\/6fe28d3055f5f291d832531e555da490\",\"name\":\"Serbia.com\",\"image\":{\"@type\":\"ImageObject\",\"inLanguage\":\"srpski\",\"@id\":\"https:\\\/\\\/secure.gravatar.com\\\/avatar\\\/8381eb54f5b393857857cb5fd6c42264c9e14b10435326bc567fcc3511bd8df4?s=96&d=mm&r=g\",\"url\":\"https:\\\/\\\/secure.gravatar.com\\\/avatar\\\/8381eb54f5b393857857cb5fd6c42264c9e14b10435326bc567fcc3511bd8df4?s=96&d=mm&r=g\",\"contentUrl\":\"https:\\\/\\\/secure.gravatar.com\\\/avatar\\\/8381eb54f5b393857857cb5fd6c42264c9e14b10435326bc567fcc3511bd8df4?s=96&d=mm&r=g\",\"caption\":\"Serbia.com\"},\"url\":\"https:\\\/\\\/serbia.com\\\/srpski\\\/author\\\/serbia-com\\\/\"}]}<\/script>\n<!-- \/ Yoast SEO plugin. -->","yoast_head_json":{"title":"Na\u0161 cilj, vi\u0161i \u017eivotni standard, stabilnost i napredak - Serbia.com","robots":{"index":"index","follow":"follow","max-snippet":"max-snippet:-1","max-image-preview":"max-image-preview:large","max-video-preview":"max-video-preview:-1"},"canonical":"https:\/\/serbia.com\/srpski\/nas-cilj-visi-zivotni-standard-stabilnost-napredak\/","og_locale":"en_US","og_type":"article","og_title":"Na\u0161 cilj, vi\u0161i \u017eivotni standard, stabilnost i napredak - Serbia.com","og_description":"Srbija i zemlje regiona na\u010dinile su veliki napredak na putu ka Evropskoj uniji koja ne mo\u017ee da razmi\u0161lja o svojoj budu\u0107nosti bez zemalja zapadnog Balkana, poruka je dana\u0161nje konferencije &#8220;Srbija [&hellip;]","og_url":"https:\/\/serbia.com\/srpski\/nas-cilj-visi-zivotni-standard-stabilnost-napredak\/","og_site_name":"Serbia.com","article_published_time":"2016-03-18T14:47:38+00:00","og_image":[{"width":800,"height":540,"url":"https:\/\/serbia.com\/wp-content\/uploads\/2016\/01\/jadranka-joksimovic-dado-djilas-1412840270-537669-e1453037951186.jpg","type":"image\/jpeg"}],"author":"Serbia.com","twitter_misc":{"Written by":"Serbia.com","Est. reading time":"4 minutes"},"schema":{"@context":"https:\/\/schema.org","@graph":[{"@type":"Article","@id":"https:\/\/serbia.com\/srpski\/nas-cilj-visi-zivotni-standard-stabilnost-napredak\/#article","isPartOf":{"@id":"https:\/\/serbia.com\/srpski\/nas-cilj-visi-zivotni-standard-stabilnost-napredak\/"},"author":{"name":"Serbia.com","@id":"https:\/\/serbia.com\/#\/schema\/person\/6fe28d3055f5f291d832531e555da490"},"headline":"Na\u0161 cilj, vi\u0161i \u017eivotni standard, stabilnost i napredak","datePublished":"2016-03-18T14:47:38+00:00","mainEntityOfPage":{"@id":"https:\/\/serbia.com\/srpski\/nas-cilj-visi-zivotni-standard-stabilnost-napredak\/"},"wordCount":811,"image":{"@id":"https:\/\/serbia.com\/srpski\/nas-cilj-visi-zivotni-standard-stabilnost-napredak\/#primaryimage"},"thumbnailUrl":"https:\/\/serbia.com\/wp-content\/uploads\/2016\/01\/jadranka-joksimovic-dado-djilas-1412840270-537669-e1453037951186.jpg","keywords":["Ciljevi Srbije","Jadranka Joksimovi\u0107"],"articleSection":["Vesti"],"inLanguage":"srpski"},{"@type":"WebPage","@id":"https:\/\/serbia.com\/srpski\/nas-cilj-visi-zivotni-standard-stabilnost-napredak\/","url":"https:\/\/serbia.com\/srpski\/nas-cilj-visi-zivotni-standard-stabilnost-napredak\/","name":"Na\u0161 cilj, vi\u0161i \u017eivotni standard, stabilnost i napredak - Serbia.com","isPartOf":{"@id":"https:\/\/serbia.com\/#website"},"primaryImageOfPage":{"@id":"https:\/\/serbia.com\/srpski\/nas-cilj-visi-zivotni-standard-stabilnost-napredak\/#primaryimage"},"image":{"@id":"https:\/\/serbia.com\/srpski\/nas-cilj-visi-zivotni-standard-stabilnost-napredak\/#primaryimage"},"thumbnailUrl":"https:\/\/serbia.com\/wp-content\/uploads\/2016\/01\/jadranka-joksimovic-dado-djilas-1412840270-537669-e1453037951186.jpg","datePublished":"2016-03-18T14:47:38+00:00","author":{"@id":"https:\/\/serbia.com\/#\/schema\/person\/6fe28d3055f5f291d832531e555da490"},"breadcrumb":{"@id":"https:\/\/serbia.com\/srpski\/nas-cilj-visi-zivotni-standard-stabilnost-napredak\/#breadcrumb"},"inLanguage":"srpski","potentialAction":[{"@type":"ReadAction","target":["https:\/\/serbia.com\/srpski\/nas-cilj-visi-zivotni-standard-stabilnost-napredak\/"]}]},{"@type":"ImageObject","inLanguage":"srpski","@id":"https:\/\/serbia.com\/srpski\/nas-cilj-visi-zivotni-standard-stabilnost-napredak\/#primaryimage","url":"https:\/\/serbia.com\/wp-content\/uploads\/2016\/01\/jadranka-joksimovic-dado-djilas-1412840270-537669-e1453037951186.jpg","contentUrl":"https:\/\/serbia.com\/wp-content\/uploads\/2016\/01\/jadranka-joksimovic-dado-djilas-1412840270-537669-e1453037951186.jpg","width":800,"height":540,"caption":"Jadranka Joksimovic"},{"@type":"BreadcrumbList","@id":"https:\/\/serbia.com\/srpski\/nas-cilj-visi-zivotni-standard-stabilnost-napredak\/#breadcrumb","itemListElement":[{"@type":"ListItem","position":1,"name":"Home","item":"https:\/\/serbia.com\/srpski\/srbija\/"},{"@type":"ListItem","position":2,"name":"Na\u0161 cilj, vi\u0161i \u017eivotni standard, stabilnost i napredak"}]},{"@type":"WebSite","@id":"https:\/\/serbia.com\/#website","url":"https:\/\/serbia.com\/","name":"Serbia.com","description":"Your Gateway to Serbia","potentialAction":[{"@type":"SearchAction","target":{"@type":"EntryPoint","urlTemplate":"https:\/\/serbia.com\/?s={search_term_string}"},"query-input":{"@type":"PropertyValueSpecification","valueRequired":true,"valueName":"search_term_string"}}],"inLanguage":"srpski"},{"@type":"Person","@id":"https:\/\/serbia.com\/#\/schema\/person\/6fe28d3055f5f291d832531e555da490","name":"Serbia.com","image":{"@type":"ImageObject","inLanguage":"srpski","@id":"https:\/\/secure.gravatar.com\/avatar\/8381eb54f5b393857857cb5fd6c42264c9e14b10435326bc567fcc3511bd8df4?s=96&d=mm&r=g","url":"https:\/\/secure.gravatar.com\/avatar\/8381eb54f5b393857857cb5fd6c42264c9e14b10435326bc567fcc3511bd8df4?s=96&d=mm&r=g","contentUrl":"https:\/\/secure.gravatar.com\/avatar\/8381eb54f5b393857857cb5fd6c42264c9e14b10435326bc567fcc3511bd8df4?s=96&d=mm&r=g","caption":"Serbia.com"},"url":"https:\/\/serbia.com\/srpski\/author\/serbia-com\/"}]}},"brizy_media":[],"_links":{"self":[{"href":"https:\/\/serbia.com\/srpski\/wp-json\/wp\/v2\/posts\/47849","targetHints":{"allow":["GET"]}}],"collection":[{"href":"https:\/\/serbia.com\/srpski\/wp-json\/wp\/v2\/posts"}],"about":[{"href":"https:\/\/serbia.com\/srpski\/wp-json\/wp\/v2\/types\/post"}],"author":[{"embeddable":true,"href":"https:\/\/serbia.com\/srpski\/wp-json\/wp\/v2\/users\/9"}],"replies":[{"embeddable":true,"href":"https:\/\/serbia.com\/srpski\/wp-json\/wp\/v2\/comments?post=47849"}],"version-history":[{"count":0,"href":"https:\/\/serbia.com\/srpski\/wp-json\/wp\/v2\/posts\/47849\/revisions"}],"wp:featuredmedia":[{"embeddable":true,"href":"https:\/\/serbia.com\/srpski\/wp-json\/wp\/v2\/media\/44123"}],"wp:attachment":[{"href":"https:\/\/serbia.com\/srpski\/wp-json\/wp\/v2\/media?parent=47849"}],"wp:term":[{"taxonomy":"category","embeddable":true,"href":"https:\/\/serbia.com\/srpski\/wp-json\/wp\/v2\/categories?post=47849"},{"taxonomy":"post_tag","embeddable":true,"href":"https:\/\/serbia.com\/srpski\/wp-json\/wp\/v2\/tags?post=47849"}],"curies":[{"name":"wp","href":"https:\/\/api.w.org\/{rel}","templated":true}]}}