{"id":47809,"date":"2016-03-17T11:34:05","date_gmt":"2016-03-17T10:34:05","guid":{"rendered":"http:\/\/www.serbia.com\/srpski\/?p=47809"},"modified":"2016-03-18T11:34:24","modified_gmt":"2016-03-18T10:34:24","slug":"skolski-cas-posvecen-pogromu-srba","status":"publish","type":"post","link":"https:\/\/serbia.com\/srpski\/skolski-cas-posvecen-pogromu-srba\/","title":{"rendered":"\u0160kolski \u010das posve\u0107en pogromu Srba"},"content":{"rendered":"<h4>U svim \u0161kola u Srbiji danas je odr\u017ean \u0161kolski \u010das koji je bio posve\u0107en pogromu Srba na Kosovu 17. marta 2004. godine, a ministar za rad Aleksandar Vulin poru\u010dio je da se paljenja i ubistva nisu desila slu\u010dajno i bez organizacije.<\/h4>\n<p>&#8220;Pogrom je po\u010deo i prestao na komandu i vreme je da saznamo ko je tu komandu izdao&#8221;, rekao je Vulin tokom posete O\u0160 &#8220;Banovi\u0107 Strahinja&#8221; u Beogradu.<\/p>\n<p>On je dodao da je jedna od najve\u0107ih zamerki Srba na KiM, prilikom osnivanja Specijalnog suda koji \u0107e rasvetljavati ratne zlo\u010dine OVK, to \u0161to martovski pogrom nije predmet njegovog interesovanja .<\/p>\n<p>&#8220;To nije razlog da se ne iskoriste sva pravna i politi\u010dka sredstva da 17. mart bude kona\u010dno rasvetljen&#8221;, rekao je ministar za rad i dodao da je spaljeno i sru\u0161eno delimi\u010dno obnovljeno, ali da se Srbi nisu vratili.<\/p>\n<p>Srbi se se\u0107aju martovskog pogroma, ka\u017ee on, i ono \u0161to je ura\u0111eno na\u0161em narodu ne sme da se desi nikome i nigde vi\u0161e.<\/p>\n<p>Nakon \u0161to su pogledali film o de\u0161avanjima na KiM 2004. godine u\u010denici O\u0160 &#8220;Banovi\u0107 Strahinja&#8221; imali su brojna pitanja kao \u0161to su: &#8220;Da li je neko odgovarao za ono \u0161to se desilo?&#8221;, &#8220;Koliko se Srba vratilo?&#8221;, &#8220;Da li je ne\u0161to obnovljeno?&#8221;, &#8220;\u0160ta su rekle velike sile na ta de\u0161avanja?&#8221;<\/p>\n<p>Ministar Vulin im je o povratku Srba najslikovitije objasnio time \u0161to u Prizrenu \u017eivi samo jedna devoj\u010dica sa majkom i da nikada nisu stvoreni uslovi za povratak, da su sva de\u0161avanja te 2004. godine po\u010dela jednom velikom la\u017ei da su Srbi naterali svojim psima albanske de\u010dake u reku i da su se oni udavili.<\/p>\n<p>On je dodao da mr\u017enja ne sme da postane deo dana\u0161nje generacije, jer taj koji je dirigovao pogromom na Kosovu &#8220;nije \u010dovek&#8221;.<\/p>\n<p>Direktorka \u0161kole &#8220;Banovi\u0107 Strahinja&#8221; Tatjana Novosel rekla je da ve\u0107ina u\u010denika te \u0161kole nije bila ro\u0111ena kada se sve to de\u0161avalo i da je na prosvetnim radnicima da se se\u0107aju i da prenose deci.<\/p>\n<p>\u0160kolu je sa ministrom za rad posetila i dr\u017eavna sekretarka ministarstva prosvete Zorana Lu\u017eanin koja je rekla da je \u0161kola mesto koja treba da obezbedi da budu\u0107nost svih nas buude lep\u0161a i da decu nau\u010de prave vrednosti i da na tome rade celog \u017eivota.<\/p>\n<p>&#8220;Zato nam je drago \u0161to se u\u010di iz pro\u0161losti zarad lep\u0161e i sigurnije budu\u0107nosti&#8221;, zaklju\u010dila je Lu\u017eanin.<\/p>\n<p>&nbsp;<\/p>\n<p>Izvor: Tanjug<\/p>\n","protected":false},"excerpt":{"rendered":"<p>U svim \u0161kola u Srbiji danas je odr\u017ean \u0161kolski \u010das koji je bio posve\u0107en pogromu Srba na Kosovu 17. marta 2004. godine, a ministar za rad Aleksandar Vulin poru\u010dio je [&hellip;]<\/p>\n","protected":false},"author":9,"featured_media":47806,"comment_status":"closed","ping_status":"closed","sticky":false,"template":"","format":"standard","meta":{"_acf_changed":false,"inline_featured_image":false,"_monsterinsights_skip_tracking":false,"_monsterinsights_sitenote_active":false,"_monsterinsights_sitenote_note":"","_monsterinsights_sitenote_category":0,"footnotes":""},"categories":[2700],"tags":[3984,4474,3836,5321,5311],"class_list":["post-47809","post","type-post","status-publish","format-standard","has-post-thumbnail","hentry","category-vesti","tag-aleksandar-vulin","tag-kim","tag-kosovo","tag-martovski-pogrom-srba","tag-pogrom"],"acf":[],"yoast_head":"<!-- This site is optimized with the Yoast SEO plugin v27.4 - https:\/\/yoast.com\/product\/yoast-seo-wordpress\/ -->\n<title>\u0160kolski \u010das posve\u0107en pogromu Srba - Serbia.com<\/title>\n<meta name=\"robots\" content=\"index, follow, max-snippet:-1, max-image-preview:large, max-video-preview:-1\" \/>\n<link rel=\"canonical\" href=\"https:\/\/serbia.com\/srpski\/skolski-cas-posvecen-pogromu-srba\/\" \/>\n<meta property=\"og:locale\" content=\"en_US\" \/>\n<meta property=\"og:type\" content=\"article\" \/>\n<meta property=\"og:title\" content=\"\u0160kolski \u010das posve\u0107en pogromu Srba - Serbia.com\" \/>\n<meta property=\"og:description\" content=\"U svim \u0161kola u Srbiji danas je odr\u017ean \u0161kolski \u010das koji je bio posve\u0107en pogromu Srba na Kosovu 17. marta 2004. godine, a ministar za rad Aleksandar Vulin poru\u010dio je [&hellip;]\" \/>\n<meta property=\"og:url\" content=\"https:\/\/serbia.com\/srpski\/skolski-cas-posvecen-pogromu-srba\/\" \/>\n<meta property=\"og:site_name\" content=\"Serbia.com\" \/>\n<meta property=\"article:published_time\" content=\"2016-03-17T10:34:05+00:00\" \/>\n<meta property=\"article:modified_time\" content=\"2016-03-18T10:34:24+00:00\" \/>\n<meta property=\"og:image\" content=\"https:\/\/serbia.com\/wp-content\/uploads\/2016\/03\/aleksandar-vulin-Tanjug-Oksna-Toskic.jpg\" \/>\n\t<meta property=\"og:image:width\" content=\"940\" \/>\n\t<meta property=\"og:image:height\" content=\"529\" \/>\n\t<meta property=\"og:image:type\" content=\"image\/jpeg\" \/>\n<meta name=\"author\" content=\"Serbia.com\" \/>\n<meta name=\"twitter:label1\" content=\"Written by\" \/>\n\t<meta name=\"twitter:data1\" content=\"Serbia.com\" \/>\n\t<meta name=\"twitter:label2\" content=\"Est. reading time\" \/>\n\t<meta name=\"twitter:data2\" content=\"2 minutes\" \/>\n<script type=\"application\/ld+json\" class=\"yoast-schema-graph\">{\"@context\":\"https:\\\/\\\/schema.org\",\"@graph\":[{\"@type\":\"Article\",\"@id\":\"https:\\\/\\\/serbia.com\\\/srpski\\\/skolski-cas-posvecen-pogromu-srba\\\/#article\",\"isPartOf\":{\"@id\":\"https:\\\/\\\/serbia.com\\\/srpski\\\/skolski-cas-posvecen-pogromu-srba\\\/\"},\"author\":{\"name\":\"Serbia.com\",\"@id\":\"https:\\\/\\\/serbia.com\\\/#\\\/schema\\\/person\\\/6fe28d3055f5f291d832531e555da490\"},\"headline\":\"\u0160kolski \u010das posve\u0107en pogromu Srba\",\"datePublished\":\"2016-03-17T10:34:05+00:00\",\"dateModified\":\"2016-03-18T10:34:24+00:00\",\"mainEntityOfPage\":{\"@id\":\"https:\\\/\\\/serbia.com\\\/srpski\\\/skolski-cas-posvecen-pogromu-srba\\\/\"},\"wordCount\":426,\"image\":{\"@id\":\"https:\\\/\\\/serbia.com\\\/srpski\\\/skolski-cas-posvecen-pogromu-srba\\\/#primaryimage\"},\"thumbnailUrl\":\"https:\\\/\\\/serbia.com\\\/wp-content\\\/uploads\\\/2016\\\/03\\\/aleksandar-vulin-Tanjug-Oksna-Toskic.jpg\",\"keywords\":[\"Aleksandar Vulin\",\"KIM\",\"Kosovo\",\"Martovski pogrom Srba\",\"Pogrom\"],\"articleSection\":[\"Vesti\"],\"inLanguage\":\"srpski\"},{\"@type\":\"WebPage\",\"@id\":\"https:\\\/\\\/serbia.com\\\/srpski\\\/skolski-cas-posvecen-pogromu-srba\\\/\",\"url\":\"https:\\\/\\\/serbia.com\\\/srpski\\\/skolski-cas-posvecen-pogromu-srba\\\/\",\"name\":\"\u0160kolski \u010das posve\u0107en pogromu Srba - Serbia.com\",\"isPartOf\":{\"@id\":\"https:\\\/\\\/serbia.com\\\/#website\"},\"primaryImageOfPage\":{\"@id\":\"https:\\\/\\\/serbia.com\\\/srpski\\\/skolski-cas-posvecen-pogromu-srba\\\/#primaryimage\"},\"image\":{\"@id\":\"https:\\\/\\\/serbia.com\\\/srpski\\\/skolski-cas-posvecen-pogromu-srba\\\/#primaryimage\"},\"thumbnailUrl\":\"https:\\\/\\\/serbia.com\\\/wp-content\\\/uploads\\\/2016\\\/03\\\/aleksandar-vulin-Tanjug-Oksna-Toskic.jpg\",\"datePublished\":\"2016-03-17T10:34:05+00:00\",\"dateModified\":\"2016-03-18T10:34:24+00:00\",\"author\":{\"@id\":\"https:\\\/\\\/serbia.com\\\/#\\\/schema\\\/person\\\/6fe28d3055f5f291d832531e555da490\"},\"breadcrumb\":{\"@id\":\"https:\\\/\\\/serbia.com\\\/srpski\\\/skolski-cas-posvecen-pogromu-srba\\\/#breadcrumb\"},\"inLanguage\":\"srpski\",\"potentialAction\":[{\"@type\":\"ReadAction\",\"target\":[\"https:\\\/\\\/serbia.com\\\/srpski\\\/skolski-cas-posvecen-pogromu-srba\\\/\"]}]},{\"@type\":\"ImageObject\",\"inLanguage\":\"srpski\",\"@id\":\"https:\\\/\\\/serbia.com\\\/srpski\\\/skolski-cas-posvecen-pogromu-srba\\\/#primaryimage\",\"url\":\"https:\\\/\\\/serbia.com\\\/wp-content\\\/uploads\\\/2016\\\/03\\\/aleksandar-vulin-Tanjug-Oksna-Toskic.jpg\",\"contentUrl\":\"https:\\\/\\\/serbia.com\\\/wp-content\\\/uploads\\\/2016\\\/03\\\/aleksandar-vulin-Tanjug-Oksna-Toskic.jpg\",\"width\":940,\"height\":529,\"caption\":\"Aleksandar Vulin-Tanjug-Oksna-Toskic\"},{\"@type\":\"BreadcrumbList\",\"@id\":\"https:\\\/\\\/serbia.com\\\/srpski\\\/skolski-cas-posvecen-pogromu-srba\\\/#breadcrumb\",\"itemListElement\":[{\"@type\":\"ListItem\",\"position\":1,\"name\":\"Home\",\"item\":\"https:\\\/\\\/serbia.com\\\/srpski\\\/srbija\\\/\"},{\"@type\":\"ListItem\",\"position\":2,\"name\":\"\u0160kolski \u010das posve\u0107en pogromu Srba\"}]},{\"@type\":\"WebSite\",\"@id\":\"https:\\\/\\\/serbia.com\\\/#website\",\"url\":\"https:\\\/\\\/serbia.com\\\/\",\"name\":\"Serbia.com\",\"description\":\"Your Gateway to Serbia\",\"potentialAction\":[{\"@type\":\"SearchAction\",\"target\":{\"@type\":\"EntryPoint\",\"urlTemplate\":\"https:\\\/\\\/serbia.com\\\/?s={search_term_string}\"},\"query-input\":{\"@type\":\"PropertyValueSpecification\",\"valueRequired\":true,\"valueName\":\"search_term_string\"}}],\"inLanguage\":\"srpski\"},{\"@type\":\"Person\",\"@id\":\"https:\\\/\\\/serbia.com\\\/#\\\/schema\\\/person\\\/6fe28d3055f5f291d832531e555da490\",\"name\":\"Serbia.com\",\"image\":{\"@type\":\"ImageObject\",\"inLanguage\":\"srpski\",\"@id\":\"https:\\\/\\\/secure.gravatar.com\\\/avatar\\\/8381eb54f5b393857857cb5fd6c42264c9e14b10435326bc567fcc3511bd8df4?s=96&d=mm&r=g\",\"url\":\"https:\\\/\\\/secure.gravatar.com\\\/avatar\\\/8381eb54f5b393857857cb5fd6c42264c9e14b10435326bc567fcc3511bd8df4?s=96&d=mm&r=g\",\"contentUrl\":\"https:\\\/\\\/secure.gravatar.com\\\/avatar\\\/8381eb54f5b393857857cb5fd6c42264c9e14b10435326bc567fcc3511bd8df4?s=96&d=mm&r=g\",\"caption\":\"Serbia.com\"},\"url\":\"https:\\\/\\\/serbia.com\\\/srpski\\\/author\\\/serbia-com\\\/\"}]}<\/script>\n<!-- \/ Yoast SEO plugin. -->","yoast_head_json":{"title":"\u0160kolski \u010das posve\u0107en pogromu Srba - Serbia.com","robots":{"index":"index","follow":"follow","max-snippet":"max-snippet:-1","max-image-preview":"max-image-preview:large","max-video-preview":"max-video-preview:-1"},"canonical":"https:\/\/serbia.com\/srpski\/skolski-cas-posvecen-pogromu-srba\/","og_locale":"en_US","og_type":"article","og_title":"\u0160kolski \u010das posve\u0107en pogromu Srba - Serbia.com","og_description":"U svim \u0161kola u Srbiji danas je odr\u017ean \u0161kolski \u010das koji je bio posve\u0107en pogromu Srba na Kosovu 17. marta 2004. godine, a ministar za rad Aleksandar Vulin poru\u010dio je [&hellip;]","og_url":"https:\/\/serbia.com\/srpski\/skolski-cas-posvecen-pogromu-srba\/","og_site_name":"Serbia.com","article_published_time":"2016-03-17T10:34:05+00:00","article_modified_time":"2016-03-18T10:34:24+00:00","og_image":[{"width":940,"height":529,"url":"https:\/\/serbia.com\/wp-content\/uploads\/2016\/03\/aleksandar-vulin-Tanjug-Oksna-Toskic.jpg","type":"image\/jpeg"}],"author":"Serbia.com","twitter_misc":{"Written by":"Serbia.com","Est. reading time":"2 minutes"},"schema":{"@context":"https:\/\/schema.org","@graph":[{"@type":"Article","@id":"https:\/\/serbia.com\/srpski\/skolski-cas-posvecen-pogromu-srba\/#article","isPartOf":{"@id":"https:\/\/serbia.com\/srpski\/skolski-cas-posvecen-pogromu-srba\/"},"author":{"name":"Serbia.com","@id":"https:\/\/serbia.com\/#\/schema\/person\/6fe28d3055f5f291d832531e555da490"},"headline":"\u0160kolski \u010das posve\u0107en pogromu Srba","datePublished":"2016-03-17T10:34:05+00:00","dateModified":"2016-03-18T10:34:24+00:00","mainEntityOfPage":{"@id":"https:\/\/serbia.com\/srpski\/skolski-cas-posvecen-pogromu-srba\/"},"wordCount":426,"image":{"@id":"https:\/\/serbia.com\/srpski\/skolski-cas-posvecen-pogromu-srba\/#primaryimage"},"thumbnailUrl":"https:\/\/serbia.com\/wp-content\/uploads\/2016\/03\/aleksandar-vulin-Tanjug-Oksna-Toskic.jpg","keywords":["Aleksandar Vulin","KIM","Kosovo","Martovski pogrom Srba","Pogrom"],"articleSection":["Vesti"],"inLanguage":"srpski"},{"@type":"WebPage","@id":"https:\/\/serbia.com\/srpski\/skolski-cas-posvecen-pogromu-srba\/","url":"https:\/\/serbia.com\/srpski\/skolski-cas-posvecen-pogromu-srba\/","name":"\u0160kolski \u010das posve\u0107en pogromu Srba - Serbia.com","isPartOf":{"@id":"https:\/\/serbia.com\/#website"},"primaryImageOfPage":{"@id":"https:\/\/serbia.com\/srpski\/skolski-cas-posvecen-pogromu-srba\/#primaryimage"},"image":{"@id":"https:\/\/serbia.com\/srpski\/skolski-cas-posvecen-pogromu-srba\/#primaryimage"},"thumbnailUrl":"https:\/\/serbia.com\/wp-content\/uploads\/2016\/03\/aleksandar-vulin-Tanjug-Oksna-Toskic.jpg","datePublished":"2016-03-17T10:34:05+00:00","dateModified":"2016-03-18T10:34:24+00:00","author":{"@id":"https:\/\/serbia.com\/#\/schema\/person\/6fe28d3055f5f291d832531e555da490"},"breadcrumb":{"@id":"https:\/\/serbia.com\/srpski\/skolski-cas-posvecen-pogromu-srba\/#breadcrumb"},"inLanguage":"srpski","potentialAction":[{"@type":"ReadAction","target":["https:\/\/serbia.com\/srpski\/skolski-cas-posvecen-pogromu-srba\/"]}]},{"@type":"ImageObject","inLanguage":"srpski","@id":"https:\/\/serbia.com\/srpski\/skolski-cas-posvecen-pogromu-srba\/#primaryimage","url":"https:\/\/serbia.com\/wp-content\/uploads\/2016\/03\/aleksandar-vulin-Tanjug-Oksna-Toskic.jpg","contentUrl":"https:\/\/serbia.com\/wp-content\/uploads\/2016\/03\/aleksandar-vulin-Tanjug-Oksna-Toskic.jpg","width":940,"height":529,"caption":"Aleksandar Vulin-Tanjug-Oksna-Toskic"},{"@type":"BreadcrumbList","@id":"https:\/\/serbia.com\/srpski\/skolski-cas-posvecen-pogromu-srba\/#breadcrumb","itemListElement":[{"@type":"ListItem","position":1,"name":"Home","item":"https:\/\/serbia.com\/srpski\/srbija\/"},{"@type":"ListItem","position":2,"name":"\u0160kolski \u010das posve\u0107en pogromu Srba"}]},{"@type":"WebSite","@id":"https:\/\/serbia.com\/#website","url":"https:\/\/serbia.com\/","name":"Serbia.com","description":"Your Gateway to Serbia","potentialAction":[{"@type":"SearchAction","target":{"@type":"EntryPoint","urlTemplate":"https:\/\/serbia.com\/?s={search_term_string}"},"query-input":{"@type":"PropertyValueSpecification","valueRequired":true,"valueName":"search_term_string"}}],"inLanguage":"srpski"},{"@type":"Person","@id":"https:\/\/serbia.com\/#\/schema\/person\/6fe28d3055f5f291d832531e555da490","name":"Serbia.com","image":{"@type":"ImageObject","inLanguage":"srpski","@id":"https:\/\/secure.gravatar.com\/avatar\/8381eb54f5b393857857cb5fd6c42264c9e14b10435326bc567fcc3511bd8df4?s=96&d=mm&r=g","url":"https:\/\/secure.gravatar.com\/avatar\/8381eb54f5b393857857cb5fd6c42264c9e14b10435326bc567fcc3511bd8df4?s=96&d=mm&r=g","contentUrl":"https:\/\/secure.gravatar.com\/avatar\/8381eb54f5b393857857cb5fd6c42264c9e14b10435326bc567fcc3511bd8df4?s=96&d=mm&r=g","caption":"Serbia.com"},"url":"https:\/\/serbia.com\/srpski\/author\/serbia-com\/"}]}},"brizy_media":[],"_links":{"self":[{"href":"https:\/\/serbia.com\/srpski\/wp-json\/wp\/v2\/posts\/47809","targetHints":{"allow":["GET"]}}],"collection":[{"href":"https:\/\/serbia.com\/srpski\/wp-json\/wp\/v2\/posts"}],"about":[{"href":"https:\/\/serbia.com\/srpski\/wp-json\/wp\/v2\/types\/post"}],"author":[{"embeddable":true,"href":"https:\/\/serbia.com\/srpski\/wp-json\/wp\/v2\/users\/9"}],"replies":[{"embeddable":true,"href":"https:\/\/serbia.com\/srpski\/wp-json\/wp\/v2\/comments?post=47809"}],"version-history":[{"count":0,"href":"https:\/\/serbia.com\/srpski\/wp-json\/wp\/v2\/posts\/47809\/revisions"}],"wp:featuredmedia":[{"embeddable":true,"href":"https:\/\/serbia.com\/srpski\/wp-json\/wp\/v2\/media\/47806"}],"wp:attachment":[{"href":"https:\/\/serbia.com\/srpski\/wp-json\/wp\/v2\/media?parent=47809"}],"wp:term":[{"taxonomy":"category","embeddable":true,"href":"https:\/\/serbia.com\/srpski\/wp-json\/wp\/v2\/categories?post=47809"},{"taxonomy":"post_tag","embeddable":true,"href":"https:\/\/serbia.com\/srpski\/wp-json\/wp\/v2\/tags?post=47809"}],"curies":[{"name":"wp","href":"https:\/\/api.w.org\/{rel}","templated":true}]}}