{"id":47381,"date":"2016-03-09T18:56:25","date_gmt":"2016-03-09T17:56:25","guid":{"rendered":"http:\/\/www.serbia.com\/srpski\/?p=47381"},"modified":"2016-03-09T18:56:25","modified_gmt":"2016-03-09T17:56:25","slug":"strani-mediji-o-srbiji-kako-nas-svet-vidi","status":"publish","type":"post","link":"https:\/\/serbia.com\/srpski\/strani-mediji-o-srbiji-kako-nas-svet-vidi\/","title":{"rendered":"Strani mediji o Srbiji: Kako nas svet vidi?"},"content":{"rendered":"<h4>Renomirani britanski list <em>The Guardian<\/em> je 7. marta dodao Mikser House, najistaknutiji umetni\u010dki centar iz Savamale na svoju listu ,,10 najprivla\u010dnijih \u0161ik industrijskih prostora na svetu\u201d. Ovaj list ipak nije prvo veliko ime koje je pomenulo na\u0161u malu dr\u017eavu. Ako vas zanima \u0161ta su <em>CNN, BBC, The Lonely Planet<\/em> i mnogi drugi poznati mediji imali da ka\u017eu o Srbiji, onda nastavite sa \u010ditanjem!<\/h4>\n<p>Zbog svojih neverovatnih <a href=\"http:\/\/www.serbia.com\/srpski\/posetite-srbiju\/prirodne-lepote\/jedinstvena-priroda\/\" target=\"_blank\">prirodnih lepota<\/a>, \u017eivih <a href=\"http:\/\/www.serbia.com\/srpski\/posetite-srbiju\/gradovi\/\" target=\"_blank\">gradova<\/a>, \u0161armantinh <a href=\"http:\/\/www.serbia.com\/srpski\/posetite-srbiju\/prirodne-lepote\/etno-sela\/\" target=\"_blank\">etno sela<\/a>, neobi\u010dnih <a href=\"http:\/\/www.serbia.com\/srpski\/o-srbiji\/kultura\/etno-naslede\/narodni-obicaji\/\" target=\"_blank\">obi\u010daja<\/a>, gostoprimljivih (i, da se ne la\u017eemo, ponekad pomalo ludih) <a href=\"http:\/\/www.serbia.com\/srpski\/o-srbiji\/narod-srbije\/\" target=\"_blank\">ljudi<\/a>, svetskih <a href=\"http:\/\/www.serbia.com\/srpski\/o-srbiji\/poznati-srbi\/sportisti\/\" target=\"_blank\">sportista<\/a> i fenomenalnih <a href=\"http:\/\/www.serbia.com\/srpski\/posetite-srbiju\/kulturne-atrakcije\/festivali-i-manifestacije\/\" target=\"_blank\">festivala<\/a>, Srbija danas krasi mnoge naslove i \u010dlanke stranih medija.<\/p>\n<p>Hajde sad da pogledamo kroz o\u010di svetskih medija i vidimo \u0161ta svet misli o Srbiji.<\/p>\n<h4>Srbija, srce Balkana<\/h4>\n<p>Po\u010de\u0107emo od kratkog ali slatkog opisa Srbija koji je skrojila novinarka <strong><em>Lonely Planet-a<\/em><\/strong> Marika Mekadam.<\/p>\n<p><em>,,Samo zamislite sve \u0161to biste po\u017eeleli od tipi\u010dnih evropskih zemalja i onda tome dodajte ne\u0161to neobi\u010dno i neobja\u0161njivo \u0161to ne mo\u017eete na\u0107i nigde drugde sem na Balkanu.\u201d<\/em><\/p>\n<figure id=\"attachment_47370\" aria-describedby=\"caption-attachment-47370\" style=\"width: 800px\" class=\"wp-caption aligncenter\"><img loading=\"lazy\" decoding=\"async\" class=\"wp-image-47370 size-full\" src=\"http:\/\/www.serbia.com\/wp-content\/uploads\/2016\/03\/beograd-skadarlija-1.jpg\" alt=\"belgrade skadarlija\" width=\"800\" height=\"474\" srcset=\"https:\/\/serbia.com\/wp-content\/uploads\/2016\/03\/beograd-skadarlija-1.jpg 800w, https:\/\/serbia.com\/wp-content\/uploads\/2016\/03\/beograd-skadarlija-1-300x178.jpg 300w, https:\/\/serbia.com\/wp-content\/uploads\/2016\/03\/beograd-skadarlija-1-768x455.jpg 768w\" sizes=\"auto, (max-width: 800px) 100vw, 800px\" \/><figcaption id=\"caption-attachment-47370\" class=\"wp-caption-text\">Skadarlija no\u0107u<\/figcaption><\/figure>\n<p>Pored toga \u0161to ga je nazvao ko\u0161nicom inovacije regiona i vode\u0107om turisti\u010dkom destinacijom u usponu, <strong><em>CNN<\/em><\/strong> je imao malo druga\u010diji pristup opisivanju Srbije. On je, naime, zatra\u017eio svojim \u010ditaocima da navedu koje su njihove omiljene stvari u vezi Srbije. Na ovoj listi su se na\u0161li: <a href=\"http:\/\/www.serbia.com\/srpski\/posetite-srbiju\/prirodne-lepote\/planine\/kopaonik-suncana-planina-puna-srebra\/\" target=\"_blank\">Kopaonik<\/a>, <a href=\"http:\/\/www.serbia.com\/srpski\/posetite-srbiju\/prirodne-lepote\/planine\/stara-planina-prirodni-rezervat-u-dve-drzave\/\" target=\"_blank\">Stara planina<\/a>, <a href=\"http:\/\/www.serbia.com\/srpski\/posetite-srbiju\/prirodne-lepote\/reke-i-jezera\/perucac-raj-za-pecarose\/\" target=\"_blank\">jezero Peru\u0107ac<\/a>, <a href=\"http:\/\/www.serbia.com\/srpski\/posetite-srbiju\/prirodne-lepote\/banje\/vrnjacka-banja\/\" target=\"_blank\">Vrnja\u010dka Banja<\/a>, srpske <a href=\"http:\/\/www.serbia.com\/srpski\/posetite-srbiju\/kulturne-atrakcije\/manastiri-i-crkve\/\" target=\"_blank\">crkve i manastiri<\/a>, kandirane jabuke, \u0161ljive (a verovatno i <a href=\"http:\/\/www.serbia.com\/srpski\/sljivovica-kraljica-srpskih-rakija\/\" target=\"_blank\">\u0161ljivovica<\/a>), <a href=\"http:\/\/www.serbia.com\/srpski\/posetite-srbiju\/gradovi\/pirot-mali-grad-sa-dva-velika-srpska-brenda\/\" target=\"_blank\">Pirot<\/a> i, naravno, <a href=\"http:\/\/www.serbia.com\/srpski\/posetite-srbiju\/gradovi\/beograd\/\" target=\"_blank\">Beograd<\/a>.<\/p>\n<figure id=\"attachment_47375\" aria-describedby=\"caption-attachment-47375\" style=\"width: 800px\" class=\"wp-caption aligncenter\"><img loading=\"lazy\" decoding=\"async\" class=\"wp-image-47375 size-full\" src=\"http:\/\/www.serbia.com\/wp-content\/uploads\/2016\/03\/perucac-1.jpg\" alt=\"perucac\" width=\"800\" height=\"488\" srcset=\"https:\/\/serbia.com\/wp-content\/uploads\/2016\/03\/perucac-1.jpg 800w, https:\/\/serbia.com\/wp-content\/uploads\/2016\/03\/perucac-1-300x183.jpg 300w, https:\/\/serbia.com\/wp-content\/uploads\/2016\/03\/perucac-1-768x468.jpg 768w\" sizes=\"auto, (max-width: 800px) 100vw, 800px\" \/><figcaption id=\"caption-attachment-47375\" class=\"wp-caption-text\">Ku\u0107ica na jezeru Peru\u0107ac<\/figcaption><\/figure>\n<p>Kad smo kod Beograda, <strong><em>Lonely Planet-u<\/em><\/strong> nije bilo mnogo te\u0161ko da na\u0111e re\u010di da opi\u0161e na\u0161 \u0161arenoliki Beli grad.<\/p>\n<p><em>,,Ponosit i drzak, Beograd je grad bez dlake na jeziku, kao stvoren za avanturiste. Iako nije mo\u017eda najlep\u0161i grad na svetu, izobilje zabave koje on nudi \u010dini ga <strong>gradom sa najve\u0107im brojem de\u0161avanja u Evropi<\/strong>. I dok Beograd hrabro kora\u010da ka svetlijoj budu\u0107nosti, njegova haoti\u010dna pro\u0161lost otkriva vam se svakim korakom kroz njegove ulice..\u201d<\/em><\/p>\n<h4>Neobi\u010dni obi\u010daji i fenomenalni festivali<\/h4>\n<p>Stranci, nekako, ne mogu da se zasite srpskih <a href=\"http:\/\/www.serbia.com\/srpski\/o-srbiji\/kultura\/etno-naslede\/narodni-obicaji\/\" target=\"_blank\">obi\u010daja<\/a>. Njihova kreativnost i neobi\u010dnost ne prestaje da ih fascinira.<\/p>\n<p>Uzmimo za primer sajt <strong><em>Mashable<\/em><\/strong> koji prosto nije odoleo, a da ne podeli sa svetom slike sa <strong>Svetskog prvenstva u nadmetanju gusana<\/strong>, koje se odr\u017eava u Mokrinu, selu severno od Beograda.<\/p>\n<p><img loading=\"lazy\" decoding=\"async\" class=\"aligncenter size-full wp-image-47362\" src=\"http:\/\/www.serbia.com\/wp-content\/uploads\/2016\/03\/mashable-com.jpg\" alt=\"mashable com\" width=\"800\" height=\"418\" srcset=\"https:\/\/serbia.com\/wp-content\/uploads\/2016\/03\/mashable-com.jpg 800w, https:\/\/serbia.com\/wp-content\/uploads\/2016\/03\/mashable-com-300x157.jpg 300w, https:\/\/serbia.com\/wp-content\/uploads\/2016\/03\/mashable-com-768x401.jpg 768w\" sizes=\"auto, (max-width: 800px) 100vw, 800px\" \/><\/p>\n<p><em>Mashable<\/em> je tako\u0111e postovao \u010dlanak pod imenom<em> \u201cSrbija je napravila napravila kobasicu od 250 kilograma\u2019\u2019<\/em> u kome su pisali o dve hiljade metara duga\u010dkoj kobasici napravljenoj na tradicionalnoj Kobasicijadi u Turiji 2015. godine.<\/p>\n<p>Ali srpski obi\u010daji nisu jedina stvar koja privla\u010di pa\u017enju stranih medija! O\u010di sveta su uprte i u na\u0161e <a href=\"http:\/\/www.serbia.com\/srpski\/posetite-srbiju\/kulturne-atrakcije\/festivali-i-manifestacije\/\" target=\"_blank\">festivale<\/a>.<\/p>\n<p><strong><em>Huffington Post<\/em><\/strong> se odlu\u010dio za <a href=\"http:\/\/www.serbia.com\/srpski\/posetite-srbiju\/kulturne-atrakcije\/festivali-i-manifestacije\/exit-festival-najbolji-u-regionu\/\" target=\"_blank\">Exit<\/a>, jedan od na\u0161ih najve\u0107ih internacionalnih muzi\u010dkih festivala, i po\u010deo od opisa na\u0161eg naroda.<\/p>\n<p><em>,,Ljudi su <strong>topli, ose\u0107ajni, strastveni i velikodu\u0161ni.<\/strong>\u201c<\/em><\/p>\n<p><strong><em>Meanderbug<\/em><\/strong> nastavlja ovu pri\u010du izdvajaju\u0107i samu sr\u017e Exit-a.<\/p>\n<p><em>,,Ovde se ne radi o nacionalnosti ili rasi. Ni o stilu ni \u017eanru. <strong>Radi se o ljudima. O umetnosti.<\/strong> O vremenu provedenom sa starim i novim prijateljima&#8230;\u201d<\/em><\/p>\n<p>A za sve one koji su prvo pomislili na <a href=\"http:\/\/www.serbia.com\/srpski\/posetite-srbiju\/kulturne-atrakcije\/festivali-i-manifestacije\/guca-festival-trube-i-dobrog-provoda\/\" target=\"_blank\">Gu\u010du<\/a> pri pomenu festivala, sledi opis Garta Kartrajta iz <em><strong>The Guardian-a <\/strong><\/em>koji\u00a0je li\u010dno oti\u0161ao u Gu\u010du kako bi iskusio ove bakrene bahanije.<\/p>\n<p><img loading=\"lazy\" decoding=\"async\" class=\"aligncenter size-full wp-image-47368\" src=\"http:\/\/www.serbia.com\/wp-content\/uploads\/2016\/03\/6_G.jpg\" alt=\"6_G\" width=\"800\" height=\"502\" srcset=\"https:\/\/serbia.com\/wp-content\/uploads\/2016\/03\/6_G.jpg 800w, https:\/\/serbia.com\/wp-content\/uploads\/2016\/03\/6_G-300x188.jpg 300w, https:\/\/serbia.com\/wp-content\/uploads\/2016\/03\/6_G-768x482.jpg 768w\" sizes=\"auto, (max-width: 800px) 100vw, 800px\" \/><\/p>\n<p><em>,,<a href=\"http:\/\/www.serbia.com\/srpski\/posetite-srbiju\/kulturne-atrakcije\/festivali-i-manifestacije\/guca-festival-trube-i-dobrog-provoda\/\" target=\"_blank\">Festival Gu\u010da<\/a> ima malo pravila i nema konkretan kraj. Festival se zavr\u0161ava kada svi koji igraju uz veselu i (pre)glasnu muziku trube popadaju. [\u2026] <strong>Energija koja se ose\u0107a u ovih par dana se ne mo\u017ee opisati re\u010dima.<\/strong> Ljudi ska\u010du i igraju po stolovima, veraju se po statuama, odbijaju od zidova, me\u0161aju kukovima uz opojnu muziku, i do\u017eivljavaju ekstazu uz zvuk trube i izobilje mesa i piva.\u2019\u2019<\/em><\/p>\n<p>Naravno, kada je re\u010d o slavlju &#8211; <a href=\"http:\/\/www.serbia.com\/srpski\/o-srbiji\/kultura\/nematerijalno-kulturno-nasledje-srbije\/nematerijalno-kulturno-naslede-kao-cuvar-srpskog-identiteta\/slava\/\" target=\"_blank\">slava<\/a> je nezaobilazna stavka.<strong><em> BBC-ijev<\/em><\/strong> Gaj de Loni se \u010dak pridru\u017eio jednoj srpskoj porodici kako bi do\u017eiveo slavljenje <a href=\"http:\/\/www.serbia.com\/srpski\/o-srbiji\/poznati-srbi\/istorijske-licnosti\/sveti-sava\/\" target=\"_blank\">svetog Save<\/a> na pravi, srpski, na\u010din.<\/p>\n<h4>Niko ne mo\u017ee da odoli na\u0161oj pljeskavici<\/h4>\n<p>Svi koji ikada probaju <a href=\"http:\/\/www.serbia.com\/srpski\/o-srbiji\/tradicionalna-kuhinja\/\" target=\"_blank\">srpsku kuhinju<\/a> samo razmi\u0161ljaju o tome kada \u0107e ponovo probati neki srpski specijalitet. Pa, \u010dak i kada je u pitanju uli\u010dna hrana. <strong><em>The Guardian<\/em><\/strong> je imao \u0161ta da ka\u017ee i o na\u0161oj pljeskavici.<\/p>\n<p><img loading=\"lazy\" decoding=\"async\" class=\"aligncenter size-full wp-image-47365\" src=\"http:\/\/www.serbia.com\/wp-content\/uploads\/2016\/03\/brza-hrana-cedic-rs.jpg\" alt=\"Pljeskavica\" width=\"800\" height=\"415\" srcset=\"https:\/\/serbia.com\/wp-content\/uploads\/2016\/03\/brza-hrana-cedic-rs.jpg 800w, https:\/\/serbia.com\/wp-content\/uploads\/2016\/03\/brza-hrana-cedic-rs-300x156.jpg 300w, https:\/\/serbia.com\/wp-content\/uploads\/2016\/03\/brza-hrana-cedic-rs-768x398.jpg 768w\" sizes=\"auto, (max-width: 800px) 100vw, 800px\" \/><\/p>\n<p><em>,,Puritanci \u0107e re\u0107i da se prava pljeskavica mo\u017ee jesti samo sa kupus salatom i <a href=\"http:\/\/www.serbia.com\/srpski\/kajmak-nezamenljivo-dobar-3\/\" target=\"_blank\">kajmakom<\/a> (koji je bo\u017eanstvenog ukusa). Mladi, stari, bogati, siroma\u0161ni..<strong> Svi smo jednaki kada \u010dekamo u redu za pljeskavicu.<\/strong>\u201d<\/em><\/p>\n<h4>Neobuzdan no\u0107ni \u017eivot<\/h4>\n<p>Kao \u0161to smo ve\u0107 rekli na po\u010detku teksta <strong><em>Guardian<\/em><\/strong> je u svom \u010dlanku <em>,,10 najprivla\u010dnijih \u0161ik industrijskih prostora na svetu\u201d<\/em> podario mesto i \u00a0na\u0161em <a href=\"http:\/\/www.serbia.com\/srpski\/beogradski-vodic-kroz-klubove-savamale\/\" target=\"_blank\">Savamala<\/a> Mikser House-u.<\/p>\n<p><em>,,Sme\u0161ten u lepo osvetljenom i \u00a0impresivno renoviranom skladi\u0161tu, Mikser House je, nakon svog otvaranja 2013. godine u kreativnom kvartu Savamale, postao <strong>najistaknutiji beogradski umetni\u010dki centar<\/strong>. [&#8230;] U njemu mo\u017eete prona\u0107i i kupiti rukotvorine srpskih dizajnera, popiti odli\u010dnu kafu i poraditi malo na svom laptopu. Uve\u010de se Mikser pretvara u prostor u kom se odr\u017eavaju pozori\u0161ne predstave, performansi i \u017eurke\u201d<\/em><\/p>\n<p>Tamara \u0160uard iz <strong><em>Lonely Planet-a<\/em><\/strong> je oslikala na\u0161u haoti\u010dni i hedonisti\u010dki <a href=\"http:\/\/www.serbia.com\/srpski\/posetite-srbiju\/provedi-se\/nocni-zivot\/\" target=\"_blank\">no\u0107ni \u017eivot<\/a> na\u0161e prestonice u svom \u010dlanku \u201cBeogradske bahanalije: no\u0107 u srpskoj prestonici\u201d.<\/p>\n<p><img loading=\"lazy\" decoding=\"async\" class=\"aligncenter size-full wp-image-47383\" src=\"http:\/\/www.serbia.com\/wp-content\/uploads\/2016\/03\/Monsun-1-e1455277317551.jpg\" alt=\"Belgrade nightlife\" width=\"800\" height=\"533\" srcset=\"https:\/\/serbia.com\/wp-content\/uploads\/2016\/03\/Monsun-1-e1455277317551.jpg 800w, https:\/\/serbia.com\/wp-content\/uploads\/2016\/03\/Monsun-1-e1455277317551-300x200.jpg 300w, https:\/\/serbia.com\/wp-content\/uploads\/2016\/03\/Monsun-1-e1455277317551-768x512.jpg 768w\" sizes=\"auto, (max-width: 800px) 100vw, 800px\" \/><\/p>\n<p><em>,,Iako niko ne zna ta\u010dno za\u0161to, <a href=\"http:\/\/www.serbia.com\/srpski\/posetite-srbiju\/gradovi\/beograd\/\" target=\"_blank\">Beograd<\/a>, svetlosnim godinama udaljen od urbane Barselone i Berlina, postao je <strong>vrhuska svetska party odrednica<\/strong>. Mo\u017eda je to zato \u0161to se ovde \u017eivi svaki dan kao da ti je poslednju (posledica bombardovanja iz 1999.) ili zbog dru\u017eeljubivog duha Srba. Koji god da je razlog, ovde zabava traje dok sunce ne za\u0111e (i nastavlja se \u010dim svane).\u201d<\/em><br \/>\nNe postoji bolji na\u010din da zavr\u0161imo ovaj \u010dlanak nego uz ove re\u010di <strong><em>Lonely Planet-a<\/em><\/strong>: ,,<em>Naslovi vezani za Srbiju se, zaslu\u017eeno, pomeraju iz odeljka sa vestima u odeljak za turizam i putovanja. Ova, i dalje potcenjena, destinacija je <strong>savr\u0161ena meta za sve one \u017eeljne nezaboravnih iskustava<\/strong>.\u201d<\/em><\/p>\n","protected":false},"excerpt":{"rendered":"<p>Renomirani britanski list The Guardian je 7. marta dodao Mikser House, najistaknutiji umetni\u010dki centar iz Savamale na svoju listu ,,10 najprivla\u010dnijih \u0161ik industrijskih prostora na svetu\u201d. Ovaj list ipak nije [&hellip;]<\/p>\n","protected":false},"author":9,"featured_media":47376,"comment_status":"closed","ping_status":"closed","sticky":false,"template":"","format":"standard","meta":{"_acf_changed":false,"inline_featured_image":false,"_monsterinsights_skip_tracking":false,"_monsterinsights_sitenote_active":false,"_monsterinsights_sitenote_note":"","_monsterinsights_sitenote_category":0,"footnotes":""},"categories":[2846],"tags":[3866,5150,5153,3656,5149,5152,5151],"class_list":["post-47381","post","type-post","status-publish","format-standard","has-post-thumbnail","hentry","category-istaknuto","tag-bbc","tag-cnn","tag-mashable","tag-srbija-en","tag-strani-mediji","tag-the-guardian","tag-the-lonely-planet"],"acf":[],"yoast_head":"<!-- This site is optimized with the Yoast SEO plugin v27.4 - https:\/\/yoast.com\/product\/yoast-seo-wordpress\/ -->\n<title>Strani mediji o Srbiji: Kako nas svet vidi? - Serbia.com<\/title>\n<meta name=\"robots\" content=\"index, follow, max-snippet:-1, max-image-preview:large, max-video-preview:-1\" \/>\n<link rel=\"canonical\" href=\"https:\/\/serbia.com\/srpski\/strani-mediji-o-srbiji-kako-nas-svet-vidi\/\" \/>\n<meta property=\"og:locale\" content=\"en_US\" \/>\n<meta property=\"og:type\" content=\"article\" \/>\n<meta property=\"og:title\" content=\"Strani mediji o Srbiji: Kako nas svet vidi? - Serbia.com\" \/>\n<meta property=\"og:description\" content=\"Renomirani britanski list The Guardian je 7. marta dodao Mikser House, najistaknutiji umetni\u010dki centar iz Savamale na svoju listu ,,10 najprivla\u010dnijih \u0161ik industrijskih prostora na svetu\u201d. Ovaj list ipak nije [&hellip;]\" \/>\n<meta property=\"og:url\" content=\"https:\/\/serbia.com\/srpski\/strani-mediji-o-srbiji-kako-nas-svet-vidi\/\" \/>\n<meta property=\"og:site_name\" content=\"Serbia.com\" \/>\n<meta property=\"article:published_time\" content=\"2016-03-09T17:56:25+00:00\" \/>\n<meta property=\"og:image\" content=\"https:\/\/serbia.com\/wp-content\/uploads\/2016\/03\/PicMonkey-Collage1.jpg\" \/>\n\t<meta property=\"og:image:width\" content=\"800\" \/>\n\t<meta property=\"og:image:height\" content=\"400\" \/>\n\t<meta property=\"og:image:type\" content=\"image\/jpeg\" \/>\n<meta name=\"author\" content=\"Serbia.com\" \/>\n<meta name=\"twitter:label1\" content=\"Written by\" \/>\n\t<meta name=\"twitter:data1\" content=\"Serbia.com\" \/>\n\t<meta name=\"twitter:label2\" content=\"Est. reading time\" \/>\n\t<meta name=\"twitter:data2\" content=\"5 minutes\" \/>\n<script type=\"application\/ld+json\" class=\"yoast-schema-graph\">{\"@context\":\"https:\\\/\\\/schema.org\",\"@graph\":[{\"@type\":\"Article\",\"@id\":\"https:\\\/\\\/serbia.com\\\/srpski\\\/strani-mediji-o-srbiji-kako-nas-svet-vidi\\\/#article\",\"isPartOf\":{\"@id\":\"https:\\\/\\\/serbia.com\\\/srpski\\\/strani-mediji-o-srbiji-kako-nas-svet-vidi\\\/\"},\"author\":{\"name\":\"Serbia.com\",\"@id\":\"https:\\\/\\\/serbia.com\\\/#\\\/schema\\\/person\\\/6fe28d3055f5f291d832531e555da490\"},\"headline\":\"Strani mediji o Srbiji: Kako nas svet vidi?\",\"datePublished\":\"2016-03-09T17:56:25+00:00\",\"mainEntityOfPage\":{\"@id\":\"https:\\\/\\\/serbia.com\\\/srpski\\\/strani-mediji-o-srbiji-kako-nas-svet-vidi\\\/\"},\"wordCount\":1027,\"image\":{\"@id\":\"https:\\\/\\\/serbia.com\\\/srpski\\\/strani-mediji-o-srbiji-kako-nas-svet-vidi\\\/#primaryimage\"},\"thumbnailUrl\":\"https:\\\/\\\/serbia.com\\\/wp-content\\\/uploads\\\/2016\\\/03\\\/PicMonkey-Collage1.jpg\",\"keywords\":[\"BBC\",\"CNN\",\"Mashable\",\"Srbija\",\"Strani mediji\",\"The Guardian\",\"The Lonely Planet\"],\"articleSection\":[\"Istaknuto\"],\"inLanguage\":\"srpski\"},{\"@type\":\"WebPage\",\"@id\":\"https:\\\/\\\/serbia.com\\\/srpski\\\/strani-mediji-o-srbiji-kako-nas-svet-vidi\\\/\",\"url\":\"https:\\\/\\\/serbia.com\\\/srpski\\\/strani-mediji-o-srbiji-kako-nas-svet-vidi\\\/\",\"name\":\"Strani mediji o Srbiji: Kako nas svet vidi? - Serbia.com\",\"isPartOf\":{\"@id\":\"https:\\\/\\\/serbia.com\\\/#website\"},\"primaryImageOfPage\":{\"@id\":\"https:\\\/\\\/serbia.com\\\/srpski\\\/strani-mediji-o-srbiji-kako-nas-svet-vidi\\\/#primaryimage\"},\"image\":{\"@id\":\"https:\\\/\\\/serbia.com\\\/srpski\\\/strani-mediji-o-srbiji-kako-nas-svet-vidi\\\/#primaryimage\"},\"thumbnailUrl\":\"https:\\\/\\\/serbia.com\\\/wp-content\\\/uploads\\\/2016\\\/03\\\/PicMonkey-Collage1.jpg\",\"datePublished\":\"2016-03-09T17:56:25+00:00\",\"author\":{\"@id\":\"https:\\\/\\\/serbia.com\\\/#\\\/schema\\\/person\\\/6fe28d3055f5f291d832531e555da490\"},\"breadcrumb\":{\"@id\":\"https:\\\/\\\/serbia.com\\\/srpski\\\/strani-mediji-o-srbiji-kako-nas-svet-vidi\\\/#breadcrumb\"},\"inLanguage\":\"srpski\",\"potentialAction\":[{\"@type\":\"ReadAction\",\"target\":[\"https:\\\/\\\/serbia.com\\\/srpski\\\/strani-mediji-o-srbiji-kako-nas-svet-vidi\\\/\"]}]},{\"@type\":\"ImageObject\",\"inLanguage\":\"srpski\",\"@id\":\"https:\\\/\\\/serbia.com\\\/srpski\\\/strani-mediji-o-srbiji-kako-nas-svet-vidi\\\/#primaryimage\",\"url\":\"https:\\\/\\\/serbia.com\\\/wp-content\\\/uploads\\\/2016\\\/03\\\/PicMonkey-Collage1.jpg\",\"contentUrl\":\"https:\\\/\\\/serbia.com\\\/wp-content\\\/uploads\\\/2016\\\/03\\\/PicMonkey-Collage1.jpg\",\"width\":800,\"height\":400},{\"@type\":\"BreadcrumbList\",\"@id\":\"https:\\\/\\\/serbia.com\\\/srpski\\\/strani-mediji-o-srbiji-kako-nas-svet-vidi\\\/#breadcrumb\",\"itemListElement\":[{\"@type\":\"ListItem\",\"position\":1,\"name\":\"Home\",\"item\":\"https:\\\/\\\/serbia.com\\\/srpski\\\/srbija\\\/\"},{\"@type\":\"ListItem\",\"position\":2,\"name\":\"Strani mediji o Srbiji: Kako nas svet vidi?\"}]},{\"@type\":\"WebSite\",\"@id\":\"https:\\\/\\\/serbia.com\\\/#website\",\"url\":\"https:\\\/\\\/serbia.com\\\/\",\"name\":\"Serbia.com\",\"description\":\"Your Gateway to Serbia\",\"potentialAction\":[{\"@type\":\"SearchAction\",\"target\":{\"@type\":\"EntryPoint\",\"urlTemplate\":\"https:\\\/\\\/serbia.com\\\/?s={search_term_string}\"},\"query-input\":{\"@type\":\"PropertyValueSpecification\",\"valueRequired\":true,\"valueName\":\"search_term_string\"}}],\"inLanguage\":\"srpski\"},{\"@type\":\"Person\",\"@id\":\"https:\\\/\\\/serbia.com\\\/#\\\/schema\\\/person\\\/6fe28d3055f5f291d832531e555da490\",\"name\":\"Serbia.com\",\"image\":{\"@type\":\"ImageObject\",\"inLanguage\":\"srpski\",\"@id\":\"https:\\\/\\\/secure.gravatar.com\\\/avatar\\\/8381eb54f5b393857857cb5fd6c42264c9e14b10435326bc567fcc3511bd8df4?s=96&d=mm&r=g\",\"url\":\"https:\\\/\\\/secure.gravatar.com\\\/avatar\\\/8381eb54f5b393857857cb5fd6c42264c9e14b10435326bc567fcc3511bd8df4?s=96&d=mm&r=g\",\"contentUrl\":\"https:\\\/\\\/secure.gravatar.com\\\/avatar\\\/8381eb54f5b393857857cb5fd6c42264c9e14b10435326bc567fcc3511bd8df4?s=96&d=mm&r=g\",\"caption\":\"Serbia.com\"},\"url\":\"https:\\\/\\\/serbia.com\\\/srpski\\\/author\\\/serbia-com\\\/\"}]}<\/script>\n<!-- \/ Yoast SEO plugin. -->","yoast_head_json":{"title":"Strani mediji o Srbiji: Kako nas svet vidi? - Serbia.com","robots":{"index":"index","follow":"follow","max-snippet":"max-snippet:-1","max-image-preview":"max-image-preview:large","max-video-preview":"max-video-preview:-1"},"canonical":"https:\/\/serbia.com\/srpski\/strani-mediji-o-srbiji-kako-nas-svet-vidi\/","og_locale":"en_US","og_type":"article","og_title":"Strani mediji o Srbiji: Kako nas svet vidi? - Serbia.com","og_description":"Renomirani britanski list The Guardian je 7. marta dodao Mikser House, najistaknutiji umetni\u010dki centar iz Savamale na svoju listu ,,10 najprivla\u010dnijih \u0161ik industrijskih prostora na svetu\u201d. Ovaj list ipak nije [&hellip;]","og_url":"https:\/\/serbia.com\/srpski\/strani-mediji-o-srbiji-kako-nas-svet-vidi\/","og_site_name":"Serbia.com","article_published_time":"2016-03-09T17:56:25+00:00","og_image":[{"width":800,"height":400,"url":"https:\/\/serbia.com\/wp-content\/uploads\/2016\/03\/PicMonkey-Collage1.jpg","type":"image\/jpeg"}],"author":"Serbia.com","twitter_misc":{"Written by":"Serbia.com","Est. reading time":"5 minutes"},"schema":{"@context":"https:\/\/schema.org","@graph":[{"@type":"Article","@id":"https:\/\/serbia.com\/srpski\/strani-mediji-o-srbiji-kako-nas-svet-vidi\/#article","isPartOf":{"@id":"https:\/\/serbia.com\/srpski\/strani-mediji-o-srbiji-kako-nas-svet-vidi\/"},"author":{"name":"Serbia.com","@id":"https:\/\/serbia.com\/#\/schema\/person\/6fe28d3055f5f291d832531e555da490"},"headline":"Strani mediji o Srbiji: Kako nas svet vidi?","datePublished":"2016-03-09T17:56:25+00:00","mainEntityOfPage":{"@id":"https:\/\/serbia.com\/srpski\/strani-mediji-o-srbiji-kako-nas-svet-vidi\/"},"wordCount":1027,"image":{"@id":"https:\/\/serbia.com\/srpski\/strani-mediji-o-srbiji-kako-nas-svet-vidi\/#primaryimage"},"thumbnailUrl":"https:\/\/serbia.com\/wp-content\/uploads\/2016\/03\/PicMonkey-Collage1.jpg","keywords":["BBC","CNN","Mashable","Srbija","Strani mediji","The Guardian","The Lonely Planet"],"articleSection":["Istaknuto"],"inLanguage":"srpski"},{"@type":"WebPage","@id":"https:\/\/serbia.com\/srpski\/strani-mediji-o-srbiji-kako-nas-svet-vidi\/","url":"https:\/\/serbia.com\/srpski\/strani-mediji-o-srbiji-kako-nas-svet-vidi\/","name":"Strani mediji o Srbiji: Kako nas svet vidi? - Serbia.com","isPartOf":{"@id":"https:\/\/serbia.com\/#website"},"primaryImageOfPage":{"@id":"https:\/\/serbia.com\/srpski\/strani-mediji-o-srbiji-kako-nas-svet-vidi\/#primaryimage"},"image":{"@id":"https:\/\/serbia.com\/srpski\/strani-mediji-o-srbiji-kako-nas-svet-vidi\/#primaryimage"},"thumbnailUrl":"https:\/\/serbia.com\/wp-content\/uploads\/2016\/03\/PicMonkey-Collage1.jpg","datePublished":"2016-03-09T17:56:25+00:00","author":{"@id":"https:\/\/serbia.com\/#\/schema\/person\/6fe28d3055f5f291d832531e555da490"},"breadcrumb":{"@id":"https:\/\/serbia.com\/srpski\/strani-mediji-o-srbiji-kako-nas-svet-vidi\/#breadcrumb"},"inLanguage":"srpski","potentialAction":[{"@type":"ReadAction","target":["https:\/\/serbia.com\/srpski\/strani-mediji-o-srbiji-kako-nas-svet-vidi\/"]}]},{"@type":"ImageObject","inLanguage":"srpski","@id":"https:\/\/serbia.com\/srpski\/strani-mediji-o-srbiji-kako-nas-svet-vidi\/#primaryimage","url":"https:\/\/serbia.com\/wp-content\/uploads\/2016\/03\/PicMonkey-Collage1.jpg","contentUrl":"https:\/\/serbia.com\/wp-content\/uploads\/2016\/03\/PicMonkey-Collage1.jpg","width":800,"height":400},{"@type":"BreadcrumbList","@id":"https:\/\/serbia.com\/srpski\/strani-mediji-o-srbiji-kako-nas-svet-vidi\/#breadcrumb","itemListElement":[{"@type":"ListItem","position":1,"name":"Home","item":"https:\/\/serbia.com\/srpski\/srbija\/"},{"@type":"ListItem","position":2,"name":"Strani mediji o Srbiji: Kako nas svet vidi?"}]},{"@type":"WebSite","@id":"https:\/\/serbia.com\/#website","url":"https:\/\/serbia.com\/","name":"Serbia.com","description":"Your Gateway to Serbia","potentialAction":[{"@type":"SearchAction","target":{"@type":"EntryPoint","urlTemplate":"https:\/\/serbia.com\/?s={search_term_string}"},"query-input":{"@type":"PropertyValueSpecification","valueRequired":true,"valueName":"search_term_string"}}],"inLanguage":"srpski"},{"@type":"Person","@id":"https:\/\/serbia.com\/#\/schema\/person\/6fe28d3055f5f291d832531e555da490","name":"Serbia.com","image":{"@type":"ImageObject","inLanguage":"srpski","@id":"https:\/\/secure.gravatar.com\/avatar\/8381eb54f5b393857857cb5fd6c42264c9e14b10435326bc567fcc3511bd8df4?s=96&d=mm&r=g","url":"https:\/\/secure.gravatar.com\/avatar\/8381eb54f5b393857857cb5fd6c42264c9e14b10435326bc567fcc3511bd8df4?s=96&d=mm&r=g","contentUrl":"https:\/\/secure.gravatar.com\/avatar\/8381eb54f5b393857857cb5fd6c42264c9e14b10435326bc567fcc3511bd8df4?s=96&d=mm&r=g","caption":"Serbia.com"},"url":"https:\/\/serbia.com\/srpski\/author\/serbia-com\/"}]}},"brizy_media":[],"_links":{"self":[{"href":"https:\/\/serbia.com\/srpski\/wp-json\/wp\/v2\/posts\/47381","targetHints":{"allow":["GET"]}}],"collection":[{"href":"https:\/\/serbia.com\/srpski\/wp-json\/wp\/v2\/posts"}],"about":[{"href":"https:\/\/serbia.com\/srpski\/wp-json\/wp\/v2\/types\/post"}],"author":[{"embeddable":true,"href":"https:\/\/serbia.com\/srpski\/wp-json\/wp\/v2\/users\/9"}],"replies":[{"embeddable":true,"href":"https:\/\/serbia.com\/srpski\/wp-json\/wp\/v2\/comments?post=47381"}],"version-history":[{"count":0,"href":"https:\/\/serbia.com\/srpski\/wp-json\/wp\/v2\/posts\/47381\/revisions"}],"wp:featuredmedia":[{"embeddable":true,"href":"https:\/\/serbia.com\/srpski\/wp-json\/wp\/v2\/media\/47376"}],"wp:attachment":[{"href":"https:\/\/serbia.com\/srpski\/wp-json\/wp\/v2\/media?parent=47381"}],"wp:term":[{"taxonomy":"category","embeddable":true,"href":"https:\/\/serbia.com\/srpski\/wp-json\/wp\/v2\/categories?post=47381"},{"taxonomy":"post_tag","embeddable":true,"href":"https:\/\/serbia.com\/srpski\/wp-json\/wp\/v2\/tags?post=47381"}],"curies":[{"name":"wp","href":"https:\/\/api.w.org\/{rel}","templated":true}]}}