{"id":47341,"date":"2016-03-09T11:11:47","date_gmt":"2016-03-09T10:11:47","guid":{"rendered":"http:\/\/www.serbia.com\/srpski\/?p=47341"},"modified":"2016-03-09T11:11:47","modified_gmt":"2016-03-09T10:11:47","slug":"oko-35-milijarde-evra-problematicnih-kredita-u-srbiji","status":"publish","type":"post","link":"https:\/\/serbia.com\/srpski\/oko-35-milijarde-evra-problematicnih-kredita-u-srbiji\/","title":{"rendered":"Oko 3,5 milijarde evra problemati\u010dnih kredita u Srbiji"},"content":{"rendered":"<h4>Prema preliminarnim podacima za kraj decembra pro\u0161le godine, nivo nenaplativih (NPL) kredita u bankarskom sektoru je iznosio 426 milijardi dinara odnosno pribli\u017eno 3,5 milijarde evra, izjavio je danas direktor Uprave za nadzor za nadzor nad finansijskim institucijama \u0110or\u0111e Jevti\u0107.<\/h4>\n<p>Na panelu u okviru Kopaonik biznis foruma, re\u010deno je da je u Srbiji udeo problemati\u010dnih kredita dostigao cifru od oko 22 odsto u odnosu na ukupan broj kredita.<\/p>\n<p>&#8220;Banke su u 2014. i 2015. prodale ili ustupile 94 milijarde dinara NPL-ova, uz naknadu od 46 milijardi dinara \u0161to je oko 50 odsto. Od toga 35 odsto je ostalo u banarskom sektoru gde su banke kupovale jedne od drugih, a 65 odsto je iza\u0161lo iz tog sektora&#8221;, rekao je Jevti\u0107 na Kopaonik biznis forumu.<\/p>\n<p>Prema njegovim re\u010dima, vidi se lagani oporavak kreditne aktivnosti i to \u00a0vi\u0161e kod stanovni\u0161tva nego kod privrede.<\/p>\n<p>&#8220;Mi \u017eelimo kao regulator da podstaknemo kreditnu aktivnost, ali uz veliku opreznost kako ne bi do\u0161lo do novog talasa NPL-ova u Srbiji&#8221;, kazao je Jevti\u0107.<\/p>\n<p>Predsednik UO banke Sosijete \u017eeneral Srbija Goran Piti\u0107 je rekao da je klju\u010dni problem kako podsta\u0107i privredu i pove\u0107ati BDP i da \u0107e onda biti lako re\u0161avati NPL kredite,&#8221;jer je mnogo to te\u0161ko re\u0161avati ako nemate razvijenu privredu&#8221;.<\/p>\n<p>&#8220;Nije samo kamatna stopa ta koja uti\u010de na investiranje, to se vidi i u Evrozoni, ve\u0107 se radi o investicionom apetitu \u0161to je u vezi sa neizveso\u0161\u0107u. Ekonomska politika treba da pomogne privredi u smislu predvidivosti I transparentnosti&#8221;, rekao je Piti\u0107.<\/p>\n<p>On je kazao da bi Ministarstvo finansija moglo da napravi registar nameta i napravi kalendar pla\u0107anja, jer bi to puno pomoglo privredi.<\/p>\n<p>Kako je naveo, postoji trend sni\u017eavanja kamatnih stopa koji \u0107e \u00a0omogu\u0107iti nove investicije.<\/p>\n<p>Predsednica Izvr\u0161nog odbora Banka inteze Draginja \u0110uri\u0107 rekla je da je dobro \u0161to je formirana strategija za re\u0161avanje problemati\u010dnih kredita.<\/p>\n<p>&#8220;Mo\u017eda ona nije dala pun rezultat i nivo NPL-ova je ostao na istom nivou, nije se pove\u0107avao. Ipak \u00a0treba sa\u010dekati podatke za 2015. godinu&#8221;, rekla je ona i dodala da je dosta \u00a0regulative pokrenuto u protekloj godini u cilju re\u0161avanja \u00a0lo\u0161ih kredita i pokretanja privredne aktivnosti.<\/p>\n<p>Predsednica Izvr\u0161nog odbora \u00a0AIK Banke, Jelena Gali\u0107, istakla je da je nivo nenaplativih kredita na visokom nivou i da je primetna udr\u017eanost banaka da proakativnije krenu sa re\u0161avanjem problema.<\/p>\n<p>&#8220;Ako govorimo o tome u \u00a0kom pravcu treba ici\u0107i da bi se smanji nivo lo\u0161ih kredita, prvi pravac \u00a0treba da bude to da banke budu jo\u0161 vi\u0161e aktivnije u re\u0161avanju tog pitanja, a da nadle\u017ene institucije nastave sa sistemskim pristupom&#8221;, rekla je Gali\u0107.<\/p>\n<p>Ona je pohvalila sve dosada\u0161nje korake koji su preduzeti u pravcu<\/p>\n<p>podsticanja doma\u0107eg finansijskog sistema.<\/p>\n<p>Gali\u0107 je ukazala da je va\u017eno dalje spre\u010davanje akumuliranja lo\u0161ih plasmana.<\/p>\n<p>&#8220;Va\u017eno je da se ne odlaze problem, ve\u0107 da se ide u susret problemu&#8221;, istakla je ona.<\/p>\n<p>Predsednik Izvr\u0161nog odbora Vojvo\u0111anske banke Marinos Vatis smatra da, na \u017ealost, nema jedinstvenog re\u0161enja za ovaj problem i da \u0107e on postojati dokle god banke pozajmljuju i kreditiraju.<\/p>\n<p>Kako je kazao, lo\u0161i krediti jesu veliki problem, a od 2009. broj nenaplativih kredita se duplirao i oni se uglavnom odnose na mala i srednja preduze\u0107a.<\/p>\n<p>&#8220;NPL-ovi su kao neka vrsta hroni\u010dne bolesti, ali imamo zdrav bankarski sistem na delu&#8221;, istakao je on i dodao da bi trebalo problem posmatrati iz tri ugla- dr\u017eave, banke, preduze\u0107a.<\/p>\n<p>Bitno je koji deo ovog trougla nije uradio svoj doma\u0107i zadatak, rekao je \u00a0Vatis i dodao da \u0161to su \u010dvr\u0161\u0107i propisi, br\u017ee \u0107e se otkloniti ovi problemi.<\/p>\n<p>Predsednik Izvr\u0161nog odbora Erste banke Slavko Cari\u0107 rekao je da informacije od decembra pro\u0161le godine pokazuju da je udeo problemati\u010dnih kredita u ukupnim kreditima oko 22,3 odsto, i da oni nikada nisu bili ve\u0107i.<\/p>\n<p>On je naveo primer da je Erste banka uspela u poslednjih nekoliko meseci da proda dva velika portfelja NPL-ova i da je cena za njih bila i vi\u0161e nego zadovoljavaju\u0107a.<\/p>\n<p>Cari\u0107 je kazao da je va\u017eno da nakon kupoprodaje to ne bude proces koji \u0107e trajati godinama i &#8220;da investitor ne gleda u pasulj, ve\u0107 da ima proces koji \u0107e biti br\u017ei i efikasniji&#8221;.<\/p>\n<p>&nbsp;<\/p>\n<p>Izvor: Tanjug<\/p>\n","protected":false},"excerpt":{"rendered":"<p>Prema preliminarnim podacima za kraj decembra pro\u0161le godine, nivo nenaplativih (NPL) kredita u bankarskom sektoru je iznosio 426 milijardi dinara odnosno pribli\u017eno 3,5 milijarde evra, izjavio je danas direktor Uprave [&hellip;]<\/p>\n","protected":false},"author":9,"featured_media":47338,"comment_status":"closed","ping_status":"closed","sticky":false,"template":"","format":"standard","meta":{"_acf_changed":false,"inline_featured_image":false,"_monsterinsights_skip_tracking":false,"_monsterinsights_sitenote_active":false,"_monsterinsights_sitenote_note":"","_monsterinsights_sitenote_category":0,"footnotes":""},"categories":[2700],"tags":[5143,5039],"class_list":["post-47341","post","type-post","status-publish","format-standard","has-post-thumbnail","hentry","category-vesti","tag-dorde-jevtic","tag-kopaonik-biznis-forum"],"acf":[],"yoast_head":"<!-- This site is optimized with the Yoast SEO plugin v27.4 - https:\/\/yoast.com\/product\/yoast-seo-wordpress\/ -->\n<title>Oko 3,5 milijarde evra problemati\u010dnih kredita u Srbiji - Serbia.com<\/title>\n<meta name=\"robots\" content=\"index, follow, max-snippet:-1, max-image-preview:large, max-video-preview:-1\" \/>\n<link rel=\"canonical\" href=\"https:\/\/serbia.com\/srpski\/oko-35-milijarde-evra-problematicnih-kredita-u-srbiji\/\" \/>\n<meta property=\"og:locale\" content=\"en_US\" \/>\n<meta property=\"og:type\" content=\"article\" \/>\n<meta property=\"og:title\" content=\"Oko 3,5 milijarde evra problemati\u010dnih kredita u Srbiji - Serbia.com\" \/>\n<meta property=\"og:description\" content=\"Prema preliminarnim podacima za kraj decembra pro\u0161le godine, nivo nenaplativih (NPL) kredita u bankarskom sektoru je iznosio 426 milijardi dinara odnosno pribli\u017eno 3,5 milijarde evra, izjavio je danas direktor Uprave [&hellip;]\" \/>\n<meta property=\"og:url\" content=\"https:\/\/serbia.com\/srpski\/oko-35-milijarde-evra-problematicnih-kredita-u-srbiji\/\" \/>\n<meta property=\"og:site_name\" content=\"Serbia.com\" \/>\n<meta property=\"article:published_time\" content=\"2016-03-09T10:11:47+00:00\" \/>\n<meta property=\"og:image\" content=\"https:\/\/serbia.com\/wp-content\/uploads\/2016\/03\/Djordje-Jevtic.jpg\" \/>\n\t<meta property=\"og:image:width\" content=\"830\" \/>\n\t<meta property=\"og:image:height\" content=\"553\" \/>\n\t<meta property=\"og:image:type\" content=\"image\/jpeg\" \/>\n<meta name=\"author\" content=\"Serbia.com\" \/>\n<meta name=\"twitter:label1\" content=\"Written by\" \/>\n\t<meta name=\"twitter:data1\" content=\"Serbia.com\" \/>\n\t<meta name=\"twitter:label2\" content=\"Est. reading time\" \/>\n\t<meta name=\"twitter:data2\" content=\"4 minutes\" \/>\n<script type=\"application\/ld+json\" class=\"yoast-schema-graph\">{\"@context\":\"https:\\\/\\\/schema.org\",\"@graph\":[{\"@type\":\"Article\",\"@id\":\"https:\\\/\\\/serbia.com\\\/srpski\\\/oko-35-milijarde-evra-problematicnih-kredita-u-srbiji\\\/#article\",\"isPartOf\":{\"@id\":\"https:\\\/\\\/serbia.com\\\/srpski\\\/oko-35-milijarde-evra-problematicnih-kredita-u-srbiji\\\/\"},\"author\":{\"name\":\"Serbia.com\",\"@id\":\"https:\\\/\\\/serbia.com\\\/#\\\/schema\\\/person\\\/6fe28d3055f5f291d832531e555da490\"},\"headline\":\"Oko 3,5 milijarde evra problemati\u010dnih kredita u Srbiji\",\"datePublished\":\"2016-03-09T10:11:47+00:00\",\"mainEntityOfPage\":{\"@id\":\"https:\\\/\\\/serbia.com\\\/srpski\\\/oko-35-milijarde-evra-problematicnih-kredita-u-srbiji\\\/\"},\"wordCount\":729,\"image\":{\"@id\":\"https:\\\/\\\/serbia.com\\\/srpski\\\/oko-35-milijarde-evra-problematicnih-kredita-u-srbiji\\\/#primaryimage\"},\"thumbnailUrl\":\"https:\\\/\\\/serbia.com\\\/wp-content\\\/uploads\\\/2016\\\/03\\\/Djordje-Jevtic.jpg\",\"keywords\":[\"\u0110or\u0111e Jevti\u0107\",\"Kopaonik biznis forum\"],\"articleSection\":[\"Vesti\"],\"inLanguage\":\"srpski\"},{\"@type\":\"WebPage\",\"@id\":\"https:\\\/\\\/serbia.com\\\/srpski\\\/oko-35-milijarde-evra-problematicnih-kredita-u-srbiji\\\/\",\"url\":\"https:\\\/\\\/serbia.com\\\/srpski\\\/oko-35-milijarde-evra-problematicnih-kredita-u-srbiji\\\/\",\"name\":\"Oko 3,5 milijarde evra problemati\u010dnih kredita u Srbiji - Serbia.com\",\"isPartOf\":{\"@id\":\"https:\\\/\\\/serbia.com\\\/#website\"},\"primaryImageOfPage\":{\"@id\":\"https:\\\/\\\/serbia.com\\\/srpski\\\/oko-35-milijarde-evra-problematicnih-kredita-u-srbiji\\\/#primaryimage\"},\"image\":{\"@id\":\"https:\\\/\\\/serbia.com\\\/srpski\\\/oko-35-milijarde-evra-problematicnih-kredita-u-srbiji\\\/#primaryimage\"},\"thumbnailUrl\":\"https:\\\/\\\/serbia.com\\\/wp-content\\\/uploads\\\/2016\\\/03\\\/Djordje-Jevtic.jpg\",\"datePublished\":\"2016-03-09T10:11:47+00:00\",\"author\":{\"@id\":\"https:\\\/\\\/serbia.com\\\/#\\\/schema\\\/person\\\/6fe28d3055f5f291d832531e555da490\"},\"breadcrumb\":{\"@id\":\"https:\\\/\\\/serbia.com\\\/srpski\\\/oko-35-milijarde-evra-problematicnih-kredita-u-srbiji\\\/#breadcrumb\"},\"inLanguage\":\"srpski\",\"potentialAction\":[{\"@type\":\"ReadAction\",\"target\":[\"https:\\\/\\\/serbia.com\\\/srpski\\\/oko-35-milijarde-evra-problematicnih-kredita-u-srbiji\\\/\"]}]},{\"@type\":\"ImageObject\",\"inLanguage\":\"srpski\",\"@id\":\"https:\\\/\\\/serbia.com\\\/srpski\\\/oko-35-milijarde-evra-problematicnih-kredita-u-srbiji\\\/#primaryimage\",\"url\":\"https:\\\/\\\/serbia.com\\\/wp-content\\\/uploads\\\/2016\\\/03\\\/Djordje-Jevtic.jpg\",\"contentUrl\":\"https:\\\/\\\/serbia.com\\\/wp-content\\\/uploads\\\/2016\\\/03\\\/Djordje-Jevtic.jpg\",\"width\":830,\"height\":553,\"caption\":\"Djordje Jevtic\"},{\"@type\":\"BreadcrumbList\",\"@id\":\"https:\\\/\\\/serbia.com\\\/srpski\\\/oko-35-milijarde-evra-problematicnih-kredita-u-srbiji\\\/#breadcrumb\",\"itemListElement\":[{\"@type\":\"ListItem\",\"position\":1,\"name\":\"Home\",\"item\":\"https:\\\/\\\/serbia.com\\\/srpski\\\/srbija\\\/\"},{\"@type\":\"ListItem\",\"position\":2,\"name\":\"Oko 3,5 milijarde evra problemati\u010dnih kredita u Srbiji\"}]},{\"@type\":\"WebSite\",\"@id\":\"https:\\\/\\\/serbia.com\\\/#website\",\"url\":\"https:\\\/\\\/serbia.com\\\/\",\"name\":\"Serbia.com\",\"description\":\"Your Gateway to Serbia\",\"potentialAction\":[{\"@type\":\"SearchAction\",\"target\":{\"@type\":\"EntryPoint\",\"urlTemplate\":\"https:\\\/\\\/serbia.com\\\/?s={search_term_string}\"},\"query-input\":{\"@type\":\"PropertyValueSpecification\",\"valueRequired\":true,\"valueName\":\"search_term_string\"}}],\"inLanguage\":\"srpski\"},{\"@type\":\"Person\",\"@id\":\"https:\\\/\\\/serbia.com\\\/#\\\/schema\\\/person\\\/6fe28d3055f5f291d832531e555da490\",\"name\":\"Serbia.com\",\"image\":{\"@type\":\"ImageObject\",\"inLanguage\":\"srpski\",\"@id\":\"https:\\\/\\\/secure.gravatar.com\\\/avatar\\\/8381eb54f5b393857857cb5fd6c42264c9e14b10435326bc567fcc3511bd8df4?s=96&d=mm&r=g\",\"url\":\"https:\\\/\\\/secure.gravatar.com\\\/avatar\\\/8381eb54f5b393857857cb5fd6c42264c9e14b10435326bc567fcc3511bd8df4?s=96&d=mm&r=g\",\"contentUrl\":\"https:\\\/\\\/secure.gravatar.com\\\/avatar\\\/8381eb54f5b393857857cb5fd6c42264c9e14b10435326bc567fcc3511bd8df4?s=96&d=mm&r=g\",\"caption\":\"Serbia.com\"},\"url\":\"https:\\\/\\\/serbia.com\\\/srpski\\\/author\\\/serbia-com\\\/\"}]}<\/script>\n<!-- \/ Yoast SEO plugin. -->","yoast_head_json":{"title":"Oko 3,5 milijarde evra problemati\u010dnih kredita u Srbiji - Serbia.com","robots":{"index":"index","follow":"follow","max-snippet":"max-snippet:-1","max-image-preview":"max-image-preview:large","max-video-preview":"max-video-preview:-1"},"canonical":"https:\/\/serbia.com\/srpski\/oko-35-milijarde-evra-problematicnih-kredita-u-srbiji\/","og_locale":"en_US","og_type":"article","og_title":"Oko 3,5 milijarde evra problemati\u010dnih kredita u Srbiji - Serbia.com","og_description":"Prema preliminarnim podacima za kraj decembra pro\u0161le godine, nivo nenaplativih (NPL) kredita u bankarskom sektoru je iznosio 426 milijardi dinara odnosno pribli\u017eno 3,5 milijarde evra, izjavio je danas direktor Uprave [&hellip;]","og_url":"https:\/\/serbia.com\/srpski\/oko-35-milijarde-evra-problematicnih-kredita-u-srbiji\/","og_site_name":"Serbia.com","article_published_time":"2016-03-09T10:11:47+00:00","og_image":[{"width":830,"height":553,"url":"https:\/\/serbia.com\/wp-content\/uploads\/2016\/03\/Djordje-Jevtic.jpg","type":"image\/jpeg"}],"author":"Serbia.com","twitter_misc":{"Written by":"Serbia.com","Est. reading time":"4 minutes"},"schema":{"@context":"https:\/\/schema.org","@graph":[{"@type":"Article","@id":"https:\/\/serbia.com\/srpski\/oko-35-milijarde-evra-problematicnih-kredita-u-srbiji\/#article","isPartOf":{"@id":"https:\/\/serbia.com\/srpski\/oko-35-milijarde-evra-problematicnih-kredita-u-srbiji\/"},"author":{"name":"Serbia.com","@id":"https:\/\/serbia.com\/#\/schema\/person\/6fe28d3055f5f291d832531e555da490"},"headline":"Oko 3,5 milijarde evra problemati\u010dnih kredita u Srbiji","datePublished":"2016-03-09T10:11:47+00:00","mainEntityOfPage":{"@id":"https:\/\/serbia.com\/srpski\/oko-35-milijarde-evra-problematicnih-kredita-u-srbiji\/"},"wordCount":729,"image":{"@id":"https:\/\/serbia.com\/srpski\/oko-35-milijarde-evra-problematicnih-kredita-u-srbiji\/#primaryimage"},"thumbnailUrl":"https:\/\/serbia.com\/wp-content\/uploads\/2016\/03\/Djordje-Jevtic.jpg","keywords":["\u0110or\u0111e Jevti\u0107","Kopaonik biznis forum"],"articleSection":["Vesti"],"inLanguage":"srpski"},{"@type":"WebPage","@id":"https:\/\/serbia.com\/srpski\/oko-35-milijarde-evra-problematicnih-kredita-u-srbiji\/","url":"https:\/\/serbia.com\/srpski\/oko-35-milijarde-evra-problematicnih-kredita-u-srbiji\/","name":"Oko 3,5 milijarde evra problemati\u010dnih kredita u Srbiji - Serbia.com","isPartOf":{"@id":"https:\/\/serbia.com\/#website"},"primaryImageOfPage":{"@id":"https:\/\/serbia.com\/srpski\/oko-35-milijarde-evra-problematicnih-kredita-u-srbiji\/#primaryimage"},"image":{"@id":"https:\/\/serbia.com\/srpski\/oko-35-milijarde-evra-problematicnih-kredita-u-srbiji\/#primaryimage"},"thumbnailUrl":"https:\/\/serbia.com\/wp-content\/uploads\/2016\/03\/Djordje-Jevtic.jpg","datePublished":"2016-03-09T10:11:47+00:00","author":{"@id":"https:\/\/serbia.com\/#\/schema\/person\/6fe28d3055f5f291d832531e555da490"},"breadcrumb":{"@id":"https:\/\/serbia.com\/srpski\/oko-35-milijarde-evra-problematicnih-kredita-u-srbiji\/#breadcrumb"},"inLanguage":"srpski","potentialAction":[{"@type":"ReadAction","target":["https:\/\/serbia.com\/srpski\/oko-35-milijarde-evra-problematicnih-kredita-u-srbiji\/"]}]},{"@type":"ImageObject","inLanguage":"srpski","@id":"https:\/\/serbia.com\/srpski\/oko-35-milijarde-evra-problematicnih-kredita-u-srbiji\/#primaryimage","url":"https:\/\/serbia.com\/wp-content\/uploads\/2016\/03\/Djordje-Jevtic.jpg","contentUrl":"https:\/\/serbia.com\/wp-content\/uploads\/2016\/03\/Djordje-Jevtic.jpg","width":830,"height":553,"caption":"Djordje Jevtic"},{"@type":"BreadcrumbList","@id":"https:\/\/serbia.com\/srpski\/oko-35-milijarde-evra-problematicnih-kredita-u-srbiji\/#breadcrumb","itemListElement":[{"@type":"ListItem","position":1,"name":"Home","item":"https:\/\/serbia.com\/srpski\/srbija\/"},{"@type":"ListItem","position":2,"name":"Oko 3,5 milijarde evra problemati\u010dnih kredita u Srbiji"}]},{"@type":"WebSite","@id":"https:\/\/serbia.com\/#website","url":"https:\/\/serbia.com\/","name":"Serbia.com","description":"Your Gateway to Serbia","potentialAction":[{"@type":"SearchAction","target":{"@type":"EntryPoint","urlTemplate":"https:\/\/serbia.com\/?s={search_term_string}"},"query-input":{"@type":"PropertyValueSpecification","valueRequired":true,"valueName":"search_term_string"}}],"inLanguage":"srpski"},{"@type":"Person","@id":"https:\/\/serbia.com\/#\/schema\/person\/6fe28d3055f5f291d832531e555da490","name":"Serbia.com","image":{"@type":"ImageObject","inLanguage":"srpski","@id":"https:\/\/secure.gravatar.com\/avatar\/8381eb54f5b393857857cb5fd6c42264c9e14b10435326bc567fcc3511bd8df4?s=96&d=mm&r=g","url":"https:\/\/secure.gravatar.com\/avatar\/8381eb54f5b393857857cb5fd6c42264c9e14b10435326bc567fcc3511bd8df4?s=96&d=mm&r=g","contentUrl":"https:\/\/secure.gravatar.com\/avatar\/8381eb54f5b393857857cb5fd6c42264c9e14b10435326bc567fcc3511bd8df4?s=96&d=mm&r=g","caption":"Serbia.com"},"url":"https:\/\/serbia.com\/srpski\/author\/serbia-com\/"}]}},"brizy_media":[],"_links":{"self":[{"href":"https:\/\/serbia.com\/srpski\/wp-json\/wp\/v2\/posts\/47341","targetHints":{"allow":["GET"]}}],"collection":[{"href":"https:\/\/serbia.com\/srpski\/wp-json\/wp\/v2\/posts"}],"about":[{"href":"https:\/\/serbia.com\/srpski\/wp-json\/wp\/v2\/types\/post"}],"author":[{"embeddable":true,"href":"https:\/\/serbia.com\/srpski\/wp-json\/wp\/v2\/users\/9"}],"replies":[{"embeddable":true,"href":"https:\/\/serbia.com\/srpski\/wp-json\/wp\/v2\/comments?post=47341"}],"version-history":[{"count":0,"href":"https:\/\/serbia.com\/srpski\/wp-json\/wp\/v2\/posts\/47341\/revisions"}],"wp:featuredmedia":[{"embeddable":true,"href":"https:\/\/serbia.com\/srpski\/wp-json\/wp\/v2\/media\/47338"}],"wp:attachment":[{"href":"https:\/\/serbia.com\/srpski\/wp-json\/wp\/v2\/media?parent=47341"}],"wp:term":[{"taxonomy":"category","embeddable":true,"href":"https:\/\/serbia.com\/srpski\/wp-json\/wp\/v2\/categories?post=47341"},{"taxonomy":"post_tag","embeddable":true,"href":"https:\/\/serbia.com\/srpski\/wp-json\/wp\/v2\/tags?post=47341"}],"curies":[{"name":"wp","href":"https:\/\/api.w.org\/{rel}","templated":true}]}}