{"id":47218,"date":"2016-03-08T11:39:40","date_gmt":"2016-03-08T10:39:40","guid":{"rendered":"http:\/\/www.serbia.com\/srpski\/?p=47218"},"modified":"2016-03-08T11:39:40","modified_gmt":"2016-03-08T10:39:40","slug":"vojska-se-angazuje-u-poplavljenjim-podrucjima","status":"publish","type":"post","link":"https:\/\/serbia.com\/srpski\/vojska-se-angazuje-u-poplavljenjim-podrucjima\/","title":{"rendered":"I vojska se anga\u017euje u poplavljenjim podru\u010djima"},"content":{"rendered":"<h4>Ministar odbrane Zoran \u0110or\u0111evi\u0107 doneo je danas odluku o anga\u017eovanju pripadnika Vojske Srbije na pru\u017eanju pomo\u0107i nadle\u017enim organima lokalne samouprave u poplavljenim podru\u010djima i podr\u0161ci Ministarstvu unutra\u0161njih poslova-Sektoru za vanredne situacije.<\/h4>\n<p>Kako se navodi u saop\u0161tenju, \u0110or\u0111evi\u0107 je odluku doneo po ovla\u0161\u0107enju predsednika Republike Tomislava Nikoli\u0107a i preporuke Vlade za anga\u017eovanje raspolo\u017eivih kapaciteta.<\/p>\n<p>Pripadnici Vojske Srbije anga\u017eovani su u Lu\u010danima, \u010ca\u010dku, Novom Pazaru i Gornjem Milanovcu. Kako se dodaje, u svim mestima gde je progla\u0161ena vanredna situacija, u okviru kriznih \u0161tabova nalaze se i pripadnici Vojske Srbije koji prate situaciju na terenu i koordiniraju aktivnosti.<\/p>\n<p>U okviru preduzetih aktivnosti, ministar \u0110or\u0111evi\u0107 \u0107e u toku sutra\u0161njeg dana sagledati situaciju u poplavljenim podru\u010djima i obi\u0107i preduze\u0107a namenske industrije u Lu\u010danima i \u010ca\u010dku i po potrebi doneti odluku o dodatnom anga\u017eovanju pripadnika Vojske Srbije, pi\u0161e u saop\u0161tenju.<\/p>\n<p>&nbsp;<\/p>\n<p>Izvor: Tanjug<\/p>\n","protected":false},"excerpt":{"rendered":"<p>Ministar odbrane Zoran \u0110or\u0111evi\u0107 doneo je danas odluku o anga\u017eovanju pripadnika Vojske Srbije na pru\u017eanju pomo\u0107i nadle\u017enim organima lokalne samouprave u poplavljenim podru\u010djima i podr\u0161ci Ministarstvu unutra\u0161njih poslova-Sektoru za vanredne [&hellip;]<\/p>\n","protected":false},"author":9,"featured_media":47215,"comment_status":"closed","ping_status":"closed","sticky":false,"template":"","format":"standard","meta":{"_acf_changed":false,"inline_featured_image":false,"_monsterinsights_skip_tracking":false,"_monsterinsights_sitenote_active":false,"_monsterinsights_sitenote_note":"","_monsterinsights_sitenote_category":0,"footnotes":""},"categories":[2700],"tags":[3239,5095,2792,4844],"class_list":["post-47218","post","type-post","status-publish","format-standard","has-post-thumbnail","hentry","category-vesti","tag-poplave","tag-poplave-u-srbiji","tag-vojska-srbije-srpski-srpski","tag-zoran-dordevic"],"acf":[],"yoast_head":"<!-- This site is optimized with the Yoast SEO plugin v27.4 - https:\/\/yoast.com\/product\/yoast-seo-wordpress\/ -->\n<title>I vojska se anga\u017euje u poplavljenjim podru\u010djima - Serbia.com<\/title>\n<meta name=\"robots\" content=\"index, follow, max-snippet:-1, max-image-preview:large, max-video-preview:-1\" \/>\n<link rel=\"canonical\" href=\"https:\/\/serbia.com\/srpski\/vojska-se-angazuje-u-poplavljenjim-podrucjima\/\" \/>\n<meta property=\"og:locale\" content=\"en_US\" \/>\n<meta property=\"og:type\" content=\"article\" \/>\n<meta property=\"og:title\" content=\"I vojska se anga\u017euje u poplavljenjim podru\u010djima - Serbia.com\" \/>\n<meta property=\"og:description\" content=\"Ministar odbrane Zoran \u0110or\u0111evi\u0107 doneo je danas odluku o anga\u017eovanju pripadnika Vojske Srbije na pru\u017eanju pomo\u0107i nadle\u017enim organima lokalne samouprave u poplavljenim podru\u010djima i podr\u0161ci Ministarstvu unutra\u0161njih poslova-Sektoru za vanredne [&hellip;]\" \/>\n<meta property=\"og:url\" content=\"https:\/\/serbia.com\/srpski\/vojska-se-angazuje-u-poplavljenjim-podrucjima\/\" \/>\n<meta property=\"og:site_name\" content=\"Serbia.com\" \/>\n<meta property=\"article:published_time\" content=\"2016-03-08T10:39:40+00:00\" \/>\n<meta property=\"og:image\" content=\"https:\/\/serbia.com\/wp-content\/uploads\/2016\/03\/zoran-djordjevic.jpg\" \/>\n\t<meta property=\"og:image:width\" content=\"800\" \/>\n\t<meta property=\"og:image:height\" content=\"487\" \/>\n\t<meta property=\"og:image:type\" content=\"image\/jpeg\" \/>\n<meta name=\"author\" content=\"Serbia.com\" \/>\n<meta name=\"twitter:label1\" content=\"Written by\" \/>\n\t<meta name=\"twitter:data1\" content=\"Serbia.com\" \/>\n\t<meta name=\"twitter:label2\" content=\"Est. reading time\" \/>\n\t<meta name=\"twitter:data2\" content=\"1 minute\" \/>\n<script type=\"application\/ld+json\" class=\"yoast-schema-graph\">{\"@context\":\"https:\\\/\\\/schema.org\",\"@graph\":[{\"@type\":\"Article\",\"@id\":\"https:\\\/\\\/serbia.com\\\/srpski\\\/vojska-se-angazuje-u-poplavljenjim-podrucjima\\\/#article\",\"isPartOf\":{\"@id\":\"https:\\\/\\\/serbia.com\\\/srpski\\\/vojska-se-angazuje-u-poplavljenjim-podrucjima\\\/\"},\"author\":{\"name\":\"Serbia.com\",\"@id\":\"https:\\\/\\\/serbia.com\\\/#\\\/schema\\\/person\\\/6fe28d3055f5f291d832531e555da490\"},\"headline\":\"I vojska se anga\u017euje u poplavljenjim podru\u010djima\",\"datePublished\":\"2016-03-08T10:39:40+00:00\",\"mainEntityOfPage\":{\"@id\":\"https:\\\/\\\/serbia.com\\\/srpski\\\/vojska-se-angazuje-u-poplavljenjim-podrucjima\\\/\"},\"wordCount\":174,\"image\":{\"@id\":\"https:\\\/\\\/serbia.com\\\/srpski\\\/vojska-se-angazuje-u-poplavljenjim-podrucjima\\\/#primaryimage\"},\"thumbnailUrl\":\"https:\\\/\\\/serbia.com\\\/wp-content\\\/uploads\\\/2016\\\/03\\\/zoran-djordjevic.jpg\",\"keywords\":[\"poplave\",\"Poplave u Srbiji\",\"Vojska Srbije\",\"Zoran \u0110or\u0111evi\u0107\"],\"articleSection\":[\"Vesti\"],\"inLanguage\":\"srpski\"},{\"@type\":\"WebPage\",\"@id\":\"https:\\\/\\\/serbia.com\\\/srpski\\\/vojska-se-angazuje-u-poplavljenjim-podrucjima\\\/\",\"url\":\"https:\\\/\\\/serbia.com\\\/srpski\\\/vojska-se-angazuje-u-poplavljenjim-podrucjima\\\/\",\"name\":\"I vojska se anga\u017euje u poplavljenjim podru\u010djima - Serbia.com\",\"isPartOf\":{\"@id\":\"https:\\\/\\\/serbia.com\\\/#website\"},\"primaryImageOfPage\":{\"@id\":\"https:\\\/\\\/serbia.com\\\/srpski\\\/vojska-se-angazuje-u-poplavljenjim-podrucjima\\\/#primaryimage\"},\"image\":{\"@id\":\"https:\\\/\\\/serbia.com\\\/srpski\\\/vojska-se-angazuje-u-poplavljenjim-podrucjima\\\/#primaryimage\"},\"thumbnailUrl\":\"https:\\\/\\\/serbia.com\\\/wp-content\\\/uploads\\\/2016\\\/03\\\/zoran-djordjevic.jpg\",\"datePublished\":\"2016-03-08T10:39:40+00:00\",\"author\":{\"@id\":\"https:\\\/\\\/serbia.com\\\/#\\\/schema\\\/person\\\/6fe28d3055f5f291d832531e555da490\"},\"breadcrumb\":{\"@id\":\"https:\\\/\\\/serbia.com\\\/srpski\\\/vojska-se-angazuje-u-poplavljenjim-podrucjima\\\/#breadcrumb\"},\"inLanguage\":\"srpski\",\"potentialAction\":[{\"@type\":\"ReadAction\",\"target\":[\"https:\\\/\\\/serbia.com\\\/srpski\\\/vojska-se-angazuje-u-poplavljenjim-podrucjima\\\/\"]}]},{\"@type\":\"ImageObject\",\"inLanguage\":\"srpski\",\"@id\":\"https:\\\/\\\/serbia.com\\\/srpski\\\/vojska-se-angazuje-u-poplavljenjim-podrucjima\\\/#primaryimage\",\"url\":\"https:\\\/\\\/serbia.com\\\/wp-content\\\/uploads\\\/2016\\\/03\\\/zoran-djordjevic.jpg\",\"contentUrl\":\"https:\\\/\\\/serbia.com\\\/wp-content\\\/uploads\\\/2016\\\/03\\\/zoran-djordjevic.jpg\",\"width\":800,\"height\":487,\"caption\":\"Zoran Djordjevic\"},{\"@type\":\"BreadcrumbList\",\"@id\":\"https:\\\/\\\/serbia.com\\\/srpski\\\/vojska-se-angazuje-u-poplavljenjim-podrucjima\\\/#breadcrumb\",\"itemListElement\":[{\"@type\":\"ListItem\",\"position\":1,\"name\":\"Home\",\"item\":\"https:\\\/\\\/serbia.com\\\/srpski\\\/srbija\\\/\"},{\"@type\":\"ListItem\",\"position\":2,\"name\":\"I vojska se anga\u017euje u poplavljenjim podru\u010djima\"}]},{\"@type\":\"WebSite\",\"@id\":\"https:\\\/\\\/serbia.com\\\/#website\",\"url\":\"https:\\\/\\\/serbia.com\\\/\",\"name\":\"Serbia.com\",\"description\":\"Your Gateway to Serbia\",\"potentialAction\":[{\"@type\":\"SearchAction\",\"target\":{\"@type\":\"EntryPoint\",\"urlTemplate\":\"https:\\\/\\\/serbia.com\\\/?s={search_term_string}\"},\"query-input\":{\"@type\":\"PropertyValueSpecification\",\"valueRequired\":true,\"valueName\":\"search_term_string\"}}],\"inLanguage\":\"srpski\"},{\"@type\":\"Person\",\"@id\":\"https:\\\/\\\/serbia.com\\\/#\\\/schema\\\/person\\\/6fe28d3055f5f291d832531e555da490\",\"name\":\"Serbia.com\",\"image\":{\"@type\":\"ImageObject\",\"inLanguage\":\"srpski\",\"@id\":\"https:\\\/\\\/secure.gravatar.com\\\/avatar\\\/8381eb54f5b393857857cb5fd6c42264c9e14b10435326bc567fcc3511bd8df4?s=96&d=mm&r=g\",\"url\":\"https:\\\/\\\/secure.gravatar.com\\\/avatar\\\/8381eb54f5b393857857cb5fd6c42264c9e14b10435326bc567fcc3511bd8df4?s=96&d=mm&r=g\",\"contentUrl\":\"https:\\\/\\\/secure.gravatar.com\\\/avatar\\\/8381eb54f5b393857857cb5fd6c42264c9e14b10435326bc567fcc3511bd8df4?s=96&d=mm&r=g\",\"caption\":\"Serbia.com\"},\"url\":\"https:\\\/\\\/serbia.com\\\/srpski\\\/author\\\/serbia-com\\\/\"}]}<\/script>\n<!-- \/ Yoast SEO plugin. -->","yoast_head_json":{"title":"I vojska se anga\u017euje u poplavljenjim podru\u010djima - Serbia.com","robots":{"index":"index","follow":"follow","max-snippet":"max-snippet:-1","max-image-preview":"max-image-preview:large","max-video-preview":"max-video-preview:-1"},"canonical":"https:\/\/serbia.com\/srpski\/vojska-se-angazuje-u-poplavljenjim-podrucjima\/","og_locale":"en_US","og_type":"article","og_title":"I vojska se anga\u017euje u poplavljenjim podru\u010djima - Serbia.com","og_description":"Ministar odbrane Zoran \u0110or\u0111evi\u0107 doneo je danas odluku o anga\u017eovanju pripadnika Vojske Srbije na pru\u017eanju pomo\u0107i nadle\u017enim organima lokalne samouprave u poplavljenim podru\u010djima i podr\u0161ci Ministarstvu unutra\u0161njih poslova-Sektoru za vanredne [&hellip;]","og_url":"https:\/\/serbia.com\/srpski\/vojska-se-angazuje-u-poplavljenjim-podrucjima\/","og_site_name":"Serbia.com","article_published_time":"2016-03-08T10:39:40+00:00","og_image":[{"width":800,"height":487,"url":"https:\/\/serbia.com\/wp-content\/uploads\/2016\/03\/zoran-djordjevic.jpg","type":"image\/jpeg"}],"author":"Serbia.com","twitter_misc":{"Written by":"Serbia.com","Est. reading time":"1 minute"},"schema":{"@context":"https:\/\/schema.org","@graph":[{"@type":"Article","@id":"https:\/\/serbia.com\/srpski\/vojska-se-angazuje-u-poplavljenjim-podrucjima\/#article","isPartOf":{"@id":"https:\/\/serbia.com\/srpski\/vojska-se-angazuje-u-poplavljenjim-podrucjima\/"},"author":{"name":"Serbia.com","@id":"https:\/\/serbia.com\/#\/schema\/person\/6fe28d3055f5f291d832531e555da490"},"headline":"I vojska se anga\u017euje u poplavljenjim podru\u010djima","datePublished":"2016-03-08T10:39:40+00:00","mainEntityOfPage":{"@id":"https:\/\/serbia.com\/srpski\/vojska-se-angazuje-u-poplavljenjim-podrucjima\/"},"wordCount":174,"image":{"@id":"https:\/\/serbia.com\/srpski\/vojska-se-angazuje-u-poplavljenjim-podrucjima\/#primaryimage"},"thumbnailUrl":"https:\/\/serbia.com\/wp-content\/uploads\/2016\/03\/zoran-djordjevic.jpg","keywords":["poplave","Poplave u Srbiji","Vojska Srbije","Zoran \u0110or\u0111evi\u0107"],"articleSection":["Vesti"],"inLanguage":"srpski"},{"@type":"WebPage","@id":"https:\/\/serbia.com\/srpski\/vojska-se-angazuje-u-poplavljenjim-podrucjima\/","url":"https:\/\/serbia.com\/srpski\/vojska-se-angazuje-u-poplavljenjim-podrucjima\/","name":"I vojska se anga\u017euje u poplavljenjim podru\u010djima - Serbia.com","isPartOf":{"@id":"https:\/\/serbia.com\/#website"},"primaryImageOfPage":{"@id":"https:\/\/serbia.com\/srpski\/vojska-se-angazuje-u-poplavljenjim-podrucjima\/#primaryimage"},"image":{"@id":"https:\/\/serbia.com\/srpski\/vojska-se-angazuje-u-poplavljenjim-podrucjima\/#primaryimage"},"thumbnailUrl":"https:\/\/serbia.com\/wp-content\/uploads\/2016\/03\/zoran-djordjevic.jpg","datePublished":"2016-03-08T10:39:40+00:00","author":{"@id":"https:\/\/serbia.com\/#\/schema\/person\/6fe28d3055f5f291d832531e555da490"},"breadcrumb":{"@id":"https:\/\/serbia.com\/srpski\/vojska-se-angazuje-u-poplavljenjim-podrucjima\/#breadcrumb"},"inLanguage":"srpski","potentialAction":[{"@type":"ReadAction","target":["https:\/\/serbia.com\/srpski\/vojska-se-angazuje-u-poplavljenjim-podrucjima\/"]}]},{"@type":"ImageObject","inLanguage":"srpski","@id":"https:\/\/serbia.com\/srpski\/vojska-se-angazuje-u-poplavljenjim-podrucjima\/#primaryimage","url":"https:\/\/serbia.com\/wp-content\/uploads\/2016\/03\/zoran-djordjevic.jpg","contentUrl":"https:\/\/serbia.com\/wp-content\/uploads\/2016\/03\/zoran-djordjevic.jpg","width":800,"height":487,"caption":"Zoran Djordjevic"},{"@type":"BreadcrumbList","@id":"https:\/\/serbia.com\/srpski\/vojska-se-angazuje-u-poplavljenjim-podrucjima\/#breadcrumb","itemListElement":[{"@type":"ListItem","position":1,"name":"Home","item":"https:\/\/serbia.com\/srpski\/srbija\/"},{"@type":"ListItem","position":2,"name":"I vojska se anga\u017euje u poplavljenjim podru\u010djima"}]},{"@type":"WebSite","@id":"https:\/\/serbia.com\/#website","url":"https:\/\/serbia.com\/","name":"Serbia.com","description":"Your Gateway to Serbia","potentialAction":[{"@type":"SearchAction","target":{"@type":"EntryPoint","urlTemplate":"https:\/\/serbia.com\/?s={search_term_string}"},"query-input":{"@type":"PropertyValueSpecification","valueRequired":true,"valueName":"search_term_string"}}],"inLanguage":"srpski"},{"@type":"Person","@id":"https:\/\/serbia.com\/#\/schema\/person\/6fe28d3055f5f291d832531e555da490","name":"Serbia.com","image":{"@type":"ImageObject","inLanguage":"srpski","@id":"https:\/\/secure.gravatar.com\/avatar\/8381eb54f5b393857857cb5fd6c42264c9e14b10435326bc567fcc3511bd8df4?s=96&d=mm&r=g","url":"https:\/\/secure.gravatar.com\/avatar\/8381eb54f5b393857857cb5fd6c42264c9e14b10435326bc567fcc3511bd8df4?s=96&d=mm&r=g","contentUrl":"https:\/\/secure.gravatar.com\/avatar\/8381eb54f5b393857857cb5fd6c42264c9e14b10435326bc567fcc3511bd8df4?s=96&d=mm&r=g","caption":"Serbia.com"},"url":"https:\/\/serbia.com\/srpski\/author\/serbia-com\/"}]}},"brizy_media":[],"_links":{"self":[{"href":"https:\/\/serbia.com\/srpski\/wp-json\/wp\/v2\/posts\/47218","targetHints":{"allow":["GET"]}}],"collection":[{"href":"https:\/\/serbia.com\/srpski\/wp-json\/wp\/v2\/posts"}],"about":[{"href":"https:\/\/serbia.com\/srpski\/wp-json\/wp\/v2\/types\/post"}],"author":[{"embeddable":true,"href":"https:\/\/serbia.com\/srpski\/wp-json\/wp\/v2\/users\/9"}],"replies":[{"embeddable":true,"href":"https:\/\/serbia.com\/srpski\/wp-json\/wp\/v2\/comments?post=47218"}],"version-history":[{"count":0,"href":"https:\/\/serbia.com\/srpski\/wp-json\/wp\/v2\/posts\/47218\/revisions"}],"wp:featuredmedia":[{"embeddable":true,"href":"https:\/\/serbia.com\/srpski\/wp-json\/wp\/v2\/media\/47215"}],"wp:attachment":[{"href":"https:\/\/serbia.com\/srpski\/wp-json\/wp\/v2\/media?parent=47218"}],"wp:term":[{"taxonomy":"category","embeddable":true,"href":"https:\/\/serbia.com\/srpski\/wp-json\/wp\/v2\/categories?post=47218"},{"taxonomy":"post_tag","embeddable":true,"href":"https:\/\/serbia.com\/srpski\/wp-json\/wp\/v2\/tags?post=47218"}],"curies":[{"name":"wp","href":"https:\/\/api.w.org\/{rel}","templated":true}]}}