{"id":47201,"date":"2016-03-07T17:21:33","date_gmt":"2016-03-07T16:21:33","guid":{"rendered":"http:\/\/www.serbia.com\/srpski\/?p=47201"},"modified":"2016-03-07T17:21:33","modified_gmt":"2016-03-07T16:21:33","slug":"sta-je-voz-zabave-odakle-700-hrvata-u-beogradu","status":"publish","type":"post","link":"https:\/\/serbia.com\/srpski\/sta-je-voz-zabave-odakle-700-hrvata-u-beogradu\/","title":{"rendered":"\u0160ta je voz zabave i odakle 700 Hrvata u Beogradu?"},"content":{"rendered":"<h4>Uz zvuke trube, gromoglasnog smeha, veselih povika i aplauza, krcati \u201eparty voz\u201c na relaciji Hrvatska-Srbija doputovao je na Glavnu \u017eelezni\u010dku stanicu u Beogradu. Spremni da provedu nezaboravan vikend u srpskoj prestonici, preko 700 studenata uputilo se, u kako mnogi od njih smatraju, avanturu \u017eivota!<\/h4>\n<p>Uz poznate bitove <em>\u201eMese\u010dine\u201c<\/em>, <em>\u201e\u0110ur\u0111evdana\u201c<\/em> i <em>\u201eKala\u0161njikova\u201c<\/em>, mladi akademci iz Rijeke, Slavonskog Broda, Vinkovaca i Zagreba, ushi\u0107eno su zakora\u010dili na ulice glavnog grada Srbije. Putovanje vozom zabave i nezaboravan provod u prestoni\u010dkim klubovima i kafanama, sada je ve\u0107 postalo tradicija. Ono \u0161to se iz godine u godinu menja, jeste broj onih koji po\u017eele da osete duh beogradskog <strong><a href=\"http:\/\/www.serbia.com\/srpski\/posetite-srbiju\/provedi-se\/nocni-zivot\/\" target=\"_blank\">no\u0107nog \u017eivota<\/a><\/strong>.<\/p>\n<p>Ove godine se taj broj udvostru\u010dio u odnosu na prethodnu, a po ushi\u0107enosti i radoznalosti hrvatskih turista, mo\u017ee se zaklju\u010diti da \u0107e on u budu\u0107nosti biti u stalnom porastu. Provod u srpskim <strong><a href=\"http:\/\/www.serbia.com\/srpski\/posetite-srbiju\/provedi-se\/nocni-zivot\/nocni-klubovi\/\" target=\"_blank\">klubovima<\/a><\/strong>, <strong><a href=\"http:\/\/www.serbia.com\/srpski\/posetite-srbiju\/provedi-se\/nocni-zivot\/splavovi-epicentri-dobrog-provoda\/\" target=\"_blank\">splavovima<\/a><\/strong> i <strong><a href=\"http:\/\/www.serbia.com\/srpski\/posetite-srbiju\/provedi-se\/nocni-zivot\/kafana-centar-zivota-u-srbiji\/\" target=\"_blank\">kafanama<\/a><\/strong>, mnogi prepri\u010davaju. Ipak, kako ka\u017eu, to je ne\u0161to se ne mo\u017ee re\u010dima opisati, ve\u0107 ne\u0161to \u0161to se mora do\u017eiveti i osetiti.<\/p>\n<p><img loading=\"lazy\" decoding=\"async\" class=\"aligncenter size-full wp-image-47195\" src=\"http:\/\/www.serbia.com\/wp-content\/uploads\/2016\/03\/Hrvatski-studenti-u-Beogradu-foto-Milena-Djorjdevic-17.jpg\" alt=\"Hrvatski-studenti-u-Beogradu-foto-Milena-Djorjdevic-17\" width=\"830\" height=\"553\" srcset=\"https:\/\/serbia.com\/wp-content\/uploads\/2016\/03\/Hrvatski-studenti-u-Beogradu-foto-Milena-Djorjdevic-17.jpg 830w, https:\/\/serbia.com\/wp-content\/uploads\/2016\/03\/Hrvatski-studenti-u-Beogradu-foto-Milena-Djorjdevic-17-300x200.jpg 300w, https:\/\/serbia.com\/wp-content\/uploads\/2016\/03\/Hrvatski-studenti-u-Beogradu-foto-Milena-Djorjdevic-17-768x512.jpg 768w\" sizes=\"auto, (max-width: 830px) 100vw, 830px\" \/><\/p>\n<p>Upravo zbog toga, mnogi su odlu\u010dili da se upuste u avanturu i provere zbog \u010dega je \u201eLonely planet\u201c proglasio <strong><a href=\"http:\/\/www.serbia.com\/srpski\/posetite-srbiju\/gradovi\/beograd\/\" target=\"_blank\">Beograd<\/a><\/strong> za <strong>najbolji grad za no\u0107ni \u017eivot<\/strong>. <em>\u201eSad nas je toliko da moramo da putujemo vozom. Ideja je da upravo mladi iz obe zemlje budu ti koji \u0107e uspostaviti neku novu, pozitivniju vrstu kontakta. Svrha svega je da<strong> putuju, da se zabave i u\u017eivaju u dru\u017eenju<\/strong>\u201c<\/em>, obja\u0161njava organizatorka putovanja Sara za Telegraf.<\/p>\n<p><img loading=\"lazy\" decoding=\"async\" class=\"aligncenter size-full wp-image-47197\" src=\"http:\/\/www.serbia.com\/wp-content\/uploads\/2016\/03\/Hrvatski-studenti-u-provodu-u-Beogradu-17-e1457367260270.jpg\" alt=\"Hrvatski-studenti-u-provodu-u-Beogradu-17\" width=\"800\" height=\"533\" \/><\/p>\n<p>Njeno mi\u0161ljenje dele na stotine drugih koji imaju samo re\u010di hvale za <strong>gostoprimstvo, ljubaznost i srda\u010dnost srpskih doma\u0107ina<\/strong>. Pored ludog i nazaboravnog provoda do ranih jutranjih \u010dasova, hrvatski studenti su odvojili vreme i za obilazak najpoznatijih znamenitosti glavnog grada. Na njih su najve\u0107i utisak ostavili <strong><a href=\"http:\/\/www.serbia.com\/srpski\/posetite-srbiju\/kulturne-atrakcije\/dvorci-i-tvrdave\/beogradska-tvrdava-put-stopama-istorije\/\" target=\"_blank\">Kalemegdanska tvr\u0111ava<\/a><\/strong>, Knez Mihailova ulica i Skadarlija.<\/p>\n<p>&nbsp;<\/p>\n<p>Foto: Telegraf.rs<\/p>\n","protected":false},"excerpt":{"rendered":"<p>Uz zvuke trube, gromoglasnog smeha, veselih povika i aplauza, krcati \u201eparty voz\u201c na relaciji Hrvatska-Srbija doputovao je na Glavnu \u017eelezni\u010dku stanicu u Beogradu. Spremni da provedu nezaboravan vikend u srpskoj [&hellip;]<\/p>\n","protected":false},"author":9,"featured_media":47191,"comment_status":"closed","ping_status":"closed","sticky":false,"template":"","format":"standard","meta":{"_acf_changed":false,"inline_featured_image":false,"_monsterinsights_skip_tracking":false,"_monsterinsights_sitenote_active":false,"_monsterinsights_sitenote_note":"","_monsterinsights_sitenote_category":0,"footnotes":""},"categories":[2846,1691,2700],"tags":[4801,5109,5110,657,5108],"class_list":["post-47201","post","type-post","status-publish","format-standard","has-post-thumbnail","hentry","category-istaknuto","category-nocni-zivot","category-vesti","tag-hrvatska","tag-hrvatski-studenti","tag-noni-ivot","tag-srbija-srpski","tag-voz-zabave"],"acf":[],"yoast_head":"<!-- This site is optimized with the Yoast SEO plugin v27.4 - https:\/\/yoast.com\/product\/yoast-seo-wordpress\/ -->\n<title>\u0160ta je voz zabave i odakle 700 Hrvata u Beogradu? - Serbia.com<\/title>\n<meta name=\"robots\" content=\"index, follow, max-snippet:-1, max-image-preview:large, max-video-preview:-1\" \/>\n<link rel=\"canonical\" href=\"https:\/\/serbia.com\/srpski\/sta-je-voz-zabave-odakle-700-hrvata-u-beogradu\/\" \/>\n<meta property=\"og:locale\" content=\"en_US\" \/>\n<meta property=\"og:type\" content=\"article\" \/>\n<meta property=\"og:title\" content=\"\u0160ta je voz zabave i odakle 700 Hrvata u Beogradu? - Serbia.com\" \/>\n<meta property=\"og:description\" content=\"Uz zvuke trube, gromoglasnog smeha, veselih povika i aplauza, krcati \u201eparty voz\u201c na relaciji Hrvatska-Srbija doputovao je na Glavnu \u017eelezni\u010dku stanicu u Beogradu. Spremni da provedu nezaboravan vikend u srpskoj [&hellip;]\" \/>\n<meta property=\"og:url\" content=\"https:\/\/serbia.com\/srpski\/sta-je-voz-zabave-odakle-700-hrvata-u-beogradu\/\" \/>\n<meta property=\"og:site_name\" content=\"Serbia.com\" \/>\n<meta property=\"article:published_time\" content=\"2016-03-07T16:21:33+00:00\" \/>\n<meta property=\"og:image\" content=\"https:\/\/serbia.com\/wp-content\/uploads\/2016\/03\/Hrvatski-studenti-u-Beogradu-foto-Milena-Djorjdevic-2100000.jpg\" \/>\n\t<meta property=\"og:image:width\" content=\"830\" \/>\n\t<meta property=\"og:image:height\" content=\"553\" \/>\n\t<meta property=\"og:image:type\" content=\"image\/jpeg\" \/>\n<meta name=\"author\" content=\"Serbia.com\" \/>\n<meta name=\"twitter:label1\" content=\"Written by\" \/>\n\t<meta name=\"twitter:data1\" content=\"Serbia.com\" \/>\n\t<meta name=\"twitter:label2\" content=\"Est. reading time\" \/>\n\t<meta name=\"twitter:data2\" content=\"2 minutes\" \/>\n<script type=\"application\/ld+json\" class=\"yoast-schema-graph\">{\"@context\":\"https:\\\/\\\/schema.org\",\"@graph\":[{\"@type\":\"Article\",\"@id\":\"https:\\\/\\\/serbia.com\\\/srpski\\\/sta-je-voz-zabave-odakle-700-hrvata-u-beogradu\\\/#article\",\"isPartOf\":{\"@id\":\"https:\\\/\\\/serbia.com\\\/srpski\\\/sta-je-voz-zabave-odakle-700-hrvata-u-beogradu\\\/\"},\"author\":{\"name\":\"Serbia.com\",\"@id\":\"https:\\\/\\\/serbia.com\\\/#\\\/schema\\\/person\\\/6fe28d3055f5f291d832531e555da490\"},\"headline\":\"\u0160ta je voz zabave i odakle 700 Hrvata u Beogradu?\",\"datePublished\":\"2016-03-07T16:21:33+00:00\",\"mainEntityOfPage\":{\"@id\":\"https:\\\/\\\/serbia.com\\\/srpski\\\/sta-je-voz-zabave-odakle-700-hrvata-u-beogradu\\\/\"},\"wordCount\":327,\"image\":{\"@id\":\"https:\\\/\\\/serbia.com\\\/srpski\\\/sta-je-voz-zabave-odakle-700-hrvata-u-beogradu\\\/#primaryimage\"},\"thumbnailUrl\":\"https:\\\/\\\/serbia.com\\\/wp-content\\\/uploads\\\/2016\\\/03\\\/Hrvatski-studenti-u-Beogradu-foto-Milena-Djorjdevic-2100000.jpg\",\"keywords\":[\"Hrvatska\",\"Hrvatski studenti\",\"No'ni \\\\ivot\",\"Srbija\",\"Voz zabave\"],\"articleSection\":[\"Istaknuto\",\"No\u0107ni \u017eivot\",\"Vesti\"],\"inLanguage\":\"srpski\"},{\"@type\":\"WebPage\",\"@id\":\"https:\\\/\\\/serbia.com\\\/srpski\\\/sta-je-voz-zabave-odakle-700-hrvata-u-beogradu\\\/\",\"url\":\"https:\\\/\\\/serbia.com\\\/srpski\\\/sta-je-voz-zabave-odakle-700-hrvata-u-beogradu\\\/\",\"name\":\"\u0160ta je voz zabave i odakle 700 Hrvata u Beogradu? - Serbia.com\",\"isPartOf\":{\"@id\":\"https:\\\/\\\/serbia.com\\\/#website\"},\"primaryImageOfPage\":{\"@id\":\"https:\\\/\\\/serbia.com\\\/srpski\\\/sta-je-voz-zabave-odakle-700-hrvata-u-beogradu\\\/#primaryimage\"},\"image\":{\"@id\":\"https:\\\/\\\/serbia.com\\\/srpski\\\/sta-je-voz-zabave-odakle-700-hrvata-u-beogradu\\\/#primaryimage\"},\"thumbnailUrl\":\"https:\\\/\\\/serbia.com\\\/wp-content\\\/uploads\\\/2016\\\/03\\\/Hrvatski-studenti-u-Beogradu-foto-Milena-Djorjdevic-2100000.jpg\",\"datePublished\":\"2016-03-07T16:21:33+00:00\",\"author\":{\"@id\":\"https:\\\/\\\/serbia.com\\\/#\\\/schema\\\/person\\\/6fe28d3055f5f291d832531e555da490\"},\"breadcrumb\":{\"@id\":\"https:\\\/\\\/serbia.com\\\/srpski\\\/sta-je-voz-zabave-odakle-700-hrvata-u-beogradu\\\/#breadcrumb\"},\"inLanguage\":\"srpski\",\"potentialAction\":[{\"@type\":\"ReadAction\",\"target\":[\"https:\\\/\\\/serbia.com\\\/srpski\\\/sta-je-voz-zabave-odakle-700-hrvata-u-beogradu\\\/\"]}]},{\"@type\":\"ImageObject\",\"inLanguage\":\"srpski\",\"@id\":\"https:\\\/\\\/serbia.com\\\/srpski\\\/sta-je-voz-zabave-odakle-700-hrvata-u-beogradu\\\/#primaryimage\",\"url\":\"https:\\\/\\\/serbia.com\\\/wp-content\\\/uploads\\\/2016\\\/03\\\/Hrvatski-studenti-u-Beogradu-foto-Milena-Djorjdevic-2100000.jpg\",\"contentUrl\":\"https:\\\/\\\/serbia.com\\\/wp-content\\\/uploads\\\/2016\\\/03\\\/Hrvatski-studenti-u-Beogradu-foto-Milena-Djorjdevic-2100000.jpg\",\"width\":830,\"height\":553,\"caption\":\"Hrvatski-studenti-u-Beogradu-foto-Milena-Djorjdevic\"},{\"@type\":\"BreadcrumbList\",\"@id\":\"https:\\\/\\\/serbia.com\\\/srpski\\\/sta-je-voz-zabave-odakle-700-hrvata-u-beogradu\\\/#breadcrumb\",\"itemListElement\":[{\"@type\":\"ListItem\",\"position\":1,\"name\":\"Home\",\"item\":\"https:\\\/\\\/serbia.com\\\/srpski\\\/srbija\\\/\"},{\"@type\":\"ListItem\",\"position\":2,\"name\":\"\u0160ta je voz zabave i odakle 700 Hrvata u Beogradu?\"}]},{\"@type\":\"WebSite\",\"@id\":\"https:\\\/\\\/serbia.com\\\/#website\",\"url\":\"https:\\\/\\\/serbia.com\\\/\",\"name\":\"Serbia.com\",\"description\":\"Your Gateway to Serbia\",\"potentialAction\":[{\"@type\":\"SearchAction\",\"target\":{\"@type\":\"EntryPoint\",\"urlTemplate\":\"https:\\\/\\\/serbia.com\\\/?s={search_term_string}\"},\"query-input\":{\"@type\":\"PropertyValueSpecification\",\"valueRequired\":true,\"valueName\":\"search_term_string\"}}],\"inLanguage\":\"srpski\"},{\"@type\":\"Person\",\"@id\":\"https:\\\/\\\/serbia.com\\\/#\\\/schema\\\/person\\\/6fe28d3055f5f291d832531e555da490\",\"name\":\"Serbia.com\",\"image\":{\"@type\":\"ImageObject\",\"inLanguage\":\"srpski\",\"@id\":\"https:\\\/\\\/secure.gravatar.com\\\/avatar\\\/8381eb54f5b393857857cb5fd6c42264c9e14b10435326bc567fcc3511bd8df4?s=96&d=mm&r=g\",\"url\":\"https:\\\/\\\/secure.gravatar.com\\\/avatar\\\/8381eb54f5b393857857cb5fd6c42264c9e14b10435326bc567fcc3511bd8df4?s=96&d=mm&r=g\",\"contentUrl\":\"https:\\\/\\\/secure.gravatar.com\\\/avatar\\\/8381eb54f5b393857857cb5fd6c42264c9e14b10435326bc567fcc3511bd8df4?s=96&d=mm&r=g\",\"caption\":\"Serbia.com\"},\"url\":\"https:\\\/\\\/serbia.com\\\/srpski\\\/author\\\/serbia-com\\\/\"}]}<\/script>\n<!-- \/ Yoast SEO plugin. -->","yoast_head_json":{"title":"\u0160ta je voz zabave i odakle 700 Hrvata u Beogradu? - Serbia.com","robots":{"index":"index","follow":"follow","max-snippet":"max-snippet:-1","max-image-preview":"max-image-preview:large","max-video-preview":"max-video-preview:-1"},"canonical":"https:\/\/serbia.com\/srpski\/sta-je-voz-zabave-odakle-700-hrvata-u-beogradu\/","og_locale":"en_US","og_type":"article","og_title":"\u0160ta je voz zabave i odakle 700 Hrvata u Beogradu? - Serbia.com","og_description":"Uz zvuke trube, gromoglasnog smeha, veselih povika i aplauza, krcati \u201eparty voz\u201c na relaciji Hrvatska-Srbija doputovao je na Glavnu \u017eelezni\u010dku stanicu u Beogradu. Spremni da provedu nezaboravan vikend u srpskoj [&hellip;]","og_url":"https:\/\/serbia.com\/srpski\/sta-je-voz-zabave-odakle-700-hrvata-u-beogradu\/","og_site_name":"Serbia.com","article_published_time":"2016-03-07T16:21:33+00:00","og_image":[{"width":830,"height":553,"url":"https:\/\/serbia.com\/wp-content\/uploads\/2016\/03\/Hrvatski-studenti-u-Beogradu-foto-Milena-Djorjdevic-2100000.jpg","type":"image\/jpeg"}],"author":"Serbia.com","twitter_misc":{"Written by":"Serbia.com","Est. reading time":"2 minutes"},"schema":{"@context":"https:\/\/schema.org","@graph":[{"@type":"Article","@id":"https:\/\/serbia.com\/srpski\/sta-je-voz-zabave-odakle-700-hrvata-u-beogradu\/#article","isPartOf":{"@id":"https:\/\/serbia.com\/srpski\/sta-je-voz-zabave-odakle-700-hrvata-u-beogradu\/"},"author":{"name":"Serbia.com","@id":"https:\/\/serbia.com\/#\/schema\/person\/6fe28d3055f5f291d832531e555da490"},"headline":"\u0160ta je voz zabave i odakle 700 Hrvata u Beogradu?","datePublished":"2016-03-07T16:21:33+00:00","mainEntityOfPage":{"@id":"https:\/\/serbia.com\/srpski\/sta-je-voz-zabave-odakle-700-hrvata-u-beogradu\/"},"wordCount":327,"image":{"@id":"https:\/\/serbia.com\/srpski\/sta-je-voz-zabave-odakle-700-hrvata-u-beogradu\/#primaryimage"},"thumbnailUrl":"https:\/\/serbia.com\/wp-content\/uploads\/2016\/03\/Hrvatski-studenti-u-Beogradu-foto-Milena-Djorjdevic-2100000.jpg","keywords":["Hrvatska","Hrvatski studenti","No'ni \\ivot","Srbija","Voz zabave"],"articleSection":["Istaknuto","No\u0107ni \u017eivot","Vesti"],"inLanguage":"srpski"},{"@type":"WebPage","@id":"https:\/\/serbia.com\/srpski\/sta-je-voz-zabave-odakle-700-hrvata-u-beogradu\/","url":"https:\/\/serbia.com\/srpski\/sta-je-voz-zabave-odakle-700-hrvata-u-beogradu\/","name":"\u0160ta je voz zabave i odakle 700 Hrvata u Beogradu? - Serbia.com","isPartOf":{"@id":"https:\/\/serbia.com\/#website"},"primaryImageOfPage":{"@id":"https:\/\/serbia.com\/srpski\/sta-je-voz-zabave-odakle-700-hrvata-u-beogradu\/#primaryimage"},"image":{"@id":"https:\/\/serbia.com\/srpski\/sta-je-voz-zabave-odakle-700-hrvata-u-beogradu\/#primaryimage"},"thumbnailUrl":"https:\/\/serbia.com\/wp-content\/uploads\/2016\/03\/Hrvatski-studenti-u-Beogradu-foto-Milena-Djorjdevic-2100000.jpg","datePublished":"2016-03-07T16:21:33+00:00","author":{"@id":"https:\/\/serbia.com\/#\/schema\/person\/6fe28d3055f5f291d832531e555da490"},"breadcrumb":{"@id":"https:\/\/serbia.com\/srpski\/sta-je-voz-zabave-odakle-700-hrvata-u-beogradu\/#breadcrumb"},"inLanguage":"srpski","potentialAction":[{"@type":"ReadAction","target":["https:\/\/serbia.com\/srpski\/sta-je-voz-zabave-odakle-700-hrvata-u-beogradu\/"]}]},{"@type":"ImageObject","inLanguage":"srpski","@id":"https:\/\/serbia.com\/srpski\/sta-je-voz-zabave-odakle-700-hrvata-u-beogradu\/#primaryimage","url":"https:\/\/serbia.com\/wp-content\/uploads\/2016\/03\/Hrvatski-studenti-u-Beogradu-foto-Milena-Djorjdevic-2100000.jpg","contentUrl":"https:\/\/serbia.com\/wp-content\/uploads\/2016\/03\/Hrvatski-studenti-u-Beogradu-foto-Milena-Djorjdevic-2100000.jpg","width":830,"height":553,"caption":"Hrvatski-studenti-u-Beogradu-foto-Milena-Djorjdevic"},{"@type":"BreadcrumbList","@id":"https:\/\/serbia.com\/srpski\/sta-je-voz-zabave-odakle-700-hrvata-u-beogradu\/#breadcrumb","itemListElement":[{"@type":"ListItem","position":1,"name":"Home","item":"https:\/\/serbia.com\/srpski\/srbija\/"},{"@type":"ListItem","position":2,"name":"\u0160ta je voz zabave i odakle 700 Hrvata u Beogradu?"}]},{"@type":"WebSite","@id":"https:\/\/serbia.com\/#website","url":"https:\/\/serbia.com\/","name":"Serbia.com","description":"Your Gateway to Serbia","potentialAction":[{"@type":"SearchAction","target":{"@type":"EntryPoint","urlTemplate":"https:\/\/serbia.com\/?s={search_term_string}"},"query-input":{"@type":"PropertyValueSpecification","valueRequired":true,"valueName":"search_term_string"}}],"inLanguage":"srpski"},{"@type":"Person","@id":"https:\/\/serbia.com\/#\/schema\/person\/6fe28d3055f5f291d832531e555da490","name":"Serbia.com","image":{"@type":"ImageObject","inLanguage":"srpski","@id":"https:\/\/secure.gravatar.com\/avatar\/8381eb54f5b393857857cb5fd6c42264c9e14b10435326bc567fcc3511bd8df4?s=96&d=mm&r=g","url":"https:\/\/secure.gravatar.com\/avatar\/8381eb54f5b393857857cb5fd6c42264c9e14b10435326bc567fcc3511bd8df4?s=96&d=mm&r=g","contentUrl":"https:\/\/secure.gravatar.com\/avatar\/8381eb54f5b393857857cb5fd6c42264c9e14b10435326bc567fcc3511bd8df4?s=96&d=mm&r=g","caption":"Serbia.com"},"url":"https:\/\/serbia.com\/srpski\/author\/serbia-com\/"}]}},"brizy_media":[],"_links":{"self":[{"href":"https:\/\/serbia.com\/srpski\/wp-json\/wp\/v2\/posts\/47201","targetHints":{"allow":["GET"]}}],"collection":[{"href":"https:\/\/serbia.com\/srpski\/wp-json\/wp\/v2\/posts"}],"about":[{"href":"https:\/\/serbia.com\/srpski\/wp-json\/wp\/v2\/types\/post"}],"author":[{"embeddable":true,"href":"https:\/\/serbia.com\/srpski\/wp-json\/wp\/v2\/users\/9"}],"replies":[{"embeddable":true,"href":"https:\/\/serbia.com\/srpski\/wp-json\/wp\/v2\/comments?post=47201"}],"version-history":[{"count":0,"href":"https:\/\/serbia.com\/srpski\/wp-json\/wp\/v2\/posts\/47201\/revisions"}],"wp:featuredmedia":[{"embeddable":true,"href":"https:\/\/serbia.com\/srpski\/wp-json\/wp\/v2\/media\/47191"}],"wp:attachment":[{"href":"https:\/\/serbia.com\/srpski\/wp-json\/wp\/v2\/media?parent=47201"}],"wp:term":[{"taxonomy":"category","embeddable":true,"href":"https:\/\/serbia.com\/srpski\/wp-json\/wp\/v2\/categories?post=47201"},{"taxonomy":"post_tag","embeddable":true,"href":"https:\/\/serbia.com\/srpski\/wp-json\/wp\/v2\/tags?post=47201"}],"curies":[{"name":"wp","href":"https:\/\/api.w.org\/{rel}","templated":true}]}}