{"id":47142,"date":"2016-03-07T14:18:30","date_gmt":"2016-03-07T13:18:30","guid":{"rendered":"http:\/\/www.serbia.com\/srpski\/?p=47142"},"modified":"2016-03-07T14:18:30","modified_gmt":"2016-03-07T13:18:30","slug":"vanredna-situacija-proglasena-u-tri-opstine-u-srbiji","status":"publish","type":"post","link":"https:\/\/serbia.com\/srpski\/vanredna-situacija-proglasena-u-tri-opstine-u-srbiji\/","title":{"rendered":"Vanredna situacija progla\u0161ena u tri op\u0161tine u Srbiji"},"content":{"rendered":"<h4>Ministarstvo unutra\u0161njih poslova Srbije saop\u0161tilo je danas da je vanredna situacija na teritoriji Srbije progla\u0161ena u op\u0161tinama \u010ca\u010dak, Arilje i Lu\u010dani, dok je no\u0107as iz Gornjeg Milanovca, Priboja i \u010ca\u010dka evakuisano 15 osoba.<\/h4>\n<p>Pripadnici Sektora za vanredne situacije MUP-a zajedno sa ostalim nadle\u017enim slu\u017ebama neprekidno prate stanje na terenu.<\/p>\n<p>Iz tog sektora nalo\u017een je poja\u010dan rad operativnih centara i intenzivno izve\u0161tavanje Republi\u010dkog centra za obave\u0161tavanje, na delovima teritorija gde su prognozirane ve\u0107e koli\u010dine padavina.<\/p>\n<p>U prpravnost su stavljeni Specijalisti\u010dki timovi za spasavanje i rad na vodi i Specijalizovane jednice civilne za\u0161tite za spasavanje na vodi i pod vodom.<\/p>\n<p>Ina\u010de, u toku no\u0107i pripadnici Vatrogasno spasilac\u0107ih jedinica SVS MUP-a evakuisali su ukupno 15 osoba zbog ugro\u017eenosti poplavom i to: u Gornjem Milanovcu sedam, u \u010ca\u010dku tri, u Priboju pet osoba.<\/p>\n<p>Na predlog Op\u0161tinskog \u0161taba za vanredne situacije op\u0161tine Lu\u010dani, na sednici odr\u017eanoj danas 7.3.2016.godine, predsednik op\u0161tine Lu\u010dani doneo je Odluku o progla\u0161enju vanredne situacije na celoj teritoriji te op\u0161tine.<\/p>\n<p>Vanredna situacija progla\u0161ena je usled ugro\u017eenosti od poplava i klizi\u0161ta.<\/p>\n<p>Konjevi\u0107i i Preljinska baluga, reka \u010cemernica se trenutno izliva i sa leve i desne strane i potencijalno je ugro\u017eeno oko 500 doma\u0107instava.<\/p>\n<p>Do sada evakuisano je 15 osoba a u toku je evakuacija \u0161est lica.<\/p>\n<p>Na teritoriji Op\u0161tine \u010ca\u010dka anga\u017eovano je \u00a047 \u00a0pripadnika vatrogasno spasila\u010dkih jedinica sa 14 vozila.<\/p>\n<p>Specijalisti\u010dki tim za spasavanje i rad na vodi iz Ni\u0161a (\u0161est pripadnika, dva vozila i dva \u010damca) se trenutno nalazi u Konjevi\u0107ima, a na putu ka \u010ca\u010dku su i specijalisti\u010dki timovi iz Beograda (14 pripadnika, 3 vozila i 5 \u010damaca) i Novog Sada (10 pripadnika, tri vozila i tri \u010damca). Na lice mesta su upu\u0107ena i \u010detiri predstavnika Uprave za VSJ.<\/p>\n<p>Iz Kraljeva u \u010ca\u010dak upu\u0107eno je 71 pripadnik \u017dandarmerije.<\/p>\n<p>Reka \u0110etina na teritoriji Op\u0161tine U\u017eice je nabujala i tokom no\u0107i je ra\u0111eno na obezbe\u0111ivanju korita. Postavljeno je 15 tona peska.<\/p>\n<p>Trenutno nema padavina.<\/p>\n<p>Kosijeri\u0107, u toku no\u0107i je bio prese\u010den put prema mestu Se\u010da Reka zbog nabujale reke Skrape\u017e. Anga\u017eovan Specijalisti\u010dki tim za spasavanje i rad na vodi iz U\u017eica na de\u017eurstvu. Nije bilo zahteva za evakuacijom. VSJ intervenisala na na dva crpljenja vode.<\/p>\n<p>Trenutno su u prekidu samo lokalni putevi.<\/p>\n<p>Na predlog \u0160taba za vanredne situacije op\u0161tine Arilje, na sednici odr\u017eanoj danas 7.3.2016.godine, predsednik op\u0161tine Arilje proglasio je vanrednu situaciju na celoj teritoriji op\u0161tine Arilje zbog izlivanja Moravice i Rzava. Vatrogasno spasila\u010dka jedinica SVS-a intervenisala je na dva crpljenja vode.<\/p>\n<p>VSJ je na teritoriji op\u0161tine \u00a0Bajina Ba\u0161ta &#8211; intervenisala na dva crpljenja vode.<\/p>\n<p>U naselju Luka op\u0161tina Priboj, u toku no\u0107i se aktiviralo klizi\u0161te.<\/p>\n<p>Iz jednog doma\u0107instva evakuisano pet osoba.<\/p>\n<p>Ugro\u017eenih nema, navodi se u saop\u0161tenju MUP-a.<\/p>\n<p>&nbsp;<\/p>\n<p>Izvor: Tanjug<\/p>\n","protected":false},"excerpt":{"rendered":"<p>Ministarstvo unutra\u0161njih poslova Srbije saop\u0161tilo je danas da je vanredna situacija na teritoriji Srbije progla\u0161ena u op\u0161tinama \u010ca\u010dak, Arilje i Lu\u010dani, dok je no\u0107as iz Gornjeg Milanovca, Priboja i \u010ca\u010dka [&hellip;]<\/p>\n","protected":false},"author":9,"featured_media":47139,"comment_status":"closed","ping_status":"closed","sticky":false,"template":"","format":"standard","meta":{"_acf_changed":false,"inline_featured_image":false,"_monsterinsights_skip_tracking":false,"_monsterinsights_sitenote_active":false,"_monsterinsights_sitenote_note":"","_monsterinsights_sitenote_category":0,"footnotes":""},"categories":[2700],"tags":[5092,698,4278,5094,3239,5095],"class_list":["post-47142","post","type-post","status-publish","format-standard","has-post-thumbnail","hentry","category-vesti","tag-arilje","tag-cacak-srpski","tag-gornji-milanovac","tag-lucani","tag-poplave","tag-poplave-u-srbiji"],"acf":[],"yoast_head":"<!-- This site is optimized with the Yoast SEO plugin v27.4 - https:\/\/yoast.com\/product\/yoast-seo-wordpress\/ -->\n<title>Vanredna situacija progla\u0161ena u tri op\u0161tine u Srbiji - Serbia.com<\/title>\n<meta name=\"robots\" content=\"index, follow, max-snippet:-1, max-image-preview:large, max-video-preview:-1\" \/>\n<link rel=\"canonical\" href=\"https:\/\/serbia.com\/srpski\/vanredna-situacija-proglasena-u-tri-opstine-u-srbiji\/\" \/>\n<meta property=\"og:locale\" content=\"en_US\" \/>\n<meta property=\"og:type\" content=\"article\" \/>\n<meta property=\"og:title\" content=\"Vanredna situacija progla\u0161ena u tri op\u0161tine u Srbiji - Serbia.com\" \/>\n<meta property=\"og:description\" content=\"Ministarstvo unutra\u0161njih poslova Srbije saop\u0161tilo je danas da je vanredna situacija na teritoriji Srbije progla\u0161ena u op\u0161tinama \u010ca\u010dak, Arilje i Lu\u010dani, dok je no\u0107as iz Gornjeg Milanovca, Priboja i \u010ca\u010dka [&hellip;]\" \/>\n<meta property=\"og:url\" content=\"https:\/\/serbia.com\/srpski\/vanredna-situacija-proglasena-u-tri-opstine-u-srbiji\/\" \/>\n<meta property=\"og:site_name\" content=\"Serbia.com\" \/>\n<meta property=\"article:published_time\" content=\"2016-03-07T13:18:30+00:00\" \/>\n<meta property=\"og:image\" content=\"https:\/\/serbia.com\/wp-content\/uploads\/2016\/03\/poplave.jpg\" \/>\n\t<meta property=\"og:image:width\" content=\"981\" \/>\n\t<meta property=\"og:image:height\" content=\"526\" \/>\n\t<meta property=\"og:image:type\" content=\"image\/jpeg\" \/>\n<meta name=\"author\" content=\"Serbia.com\" \/>\n<meta name=\"twitter:label1\" content=\"Written by\" \/>\n\t<meta name=\"twitter:data1\" content=\"Serbia.com\" \/>\n\t<meta name=\"twitter:label2\" content=\"Est. reading time\" \/>\n\t<meta name=\"twitter:data2\" content=\"3 minutes\" \/>\n<script type=\"application\/ld+json\" class=\"yoast-schema-graph\">{\"@context\":\"https:\\\/\\\/schema.org\",\"@graph\":[{\"@type\":\"Article\",\"@id\":\"https:\\\/\\\/serbia.com\\\/srpski\\\/vanredna-situacija-proglasena-u-tri-opstine-u-srbiji\\\/#article\",\"isPartOf\":{\"@id\":\"https:\\\/\\\/serbia.com\\\/srpski\\\/vanredna-situacija-proglasena-u-tri-opstine-u-srbiji\\\/\"},\"author\":{\"name\":\"Serbia.com\",\"@id\":\"https:\\\/\\\/serbia.com\\\/#\\\/schema\\\/person\\\/6fe28d3055f5f291d832531e555da490\"},\"headline\":\"Vanredna situacija progla\u0161ena u tri op\u0161tine u Srbiji\",\"datePublished\":\"2016-03-07T13:18:30+00:00\",\"mainEntityOfPage\":{\"@id\":\"https:\\\/\\\/serbia.com\\\/srpski\\\/vanredna-situacija-proglasena-u-tri-opstine-u-srbiji\\\/\"},\"wordCount\":512,\"image\":{\"@id\":\"https:\\\/\\\/serbia.com\\\/srpski\\\/vanredna-situacija-proglasena-u-tri-opstine-u-srbiji\\\/#primaryimage\"},\"thumbnailUrl\":\"https:\\\/\\\/serbia.com\\\/wp-content\\\/uploads\\\/2016\\\/03\\\/poplave.jpg\",\"keywords\":[\"Arilje\",\"\u010ca\u010dak\",\"Gornji Milanovac\",\"Lucani\",\"poplave\",\"Poplave u Srbiji\"],\"articleSection\":[\"Vesti\"],\"inLanguage\":\"srpski\"},{\"@type\":\"WebPage\",\"@id\":\"https:\\\/\\\/serbia.com\\\/srpski\\\/vanredna-situacija-proglasena-u-tri-opstine-u-srbiji\\\/\",\"url\":\"https:\\\/\\\/serbia.com\\\/srpski\\\/vanredna-situacija-proglasena-u-tri-opstine-u-srbiji\\\/\",\"name\":\"Vanredna situacija progla\u0161ena u tri op\u0161tine u Srbiji - Serbia.com\",\"isPartOf\":{\"@id\":\"https:\\\/\\\/serbia.com\\\/#website\"},\"primaryImageOfPage\":{\"@id\":\"https:\\\/\\\/serbia.com\\\/srpski\\\/vanredna-situacija-proglasena-u-tri-opstine-u-srbiji\\\/#primaryimage\"},\"image\":{\"@id\":\"https:\\\/\\\/serbia.com\\\/srpski\\\/vanredna-situacija-proglasena-u-tri-opstine-u-srbiji\\\/#primaryimage\"},\"thumbnailUrl\":\"https:\\\/\\\/serbia.com\\\/wp-content\\\/uploads\\\/2016\\\/03\\\/poplave.jpg\",\"datePublished\":\"2016-03-07T13:18:30+00:00\",\"author\":{\"@id\":\"https:\\\/\\\/serbia.com\\\/#\\\/schema\\\/person\\\/6fe28d3055f5f291d832531e555da490\"},\"breadcrumb\":{\"@id\":\"https:\\\/\\\/serbia.com\\\/srpski\\\/vanredna-situacija-proglasena-u-tri-opstine-u-srbiji\\\/#breadcrumb\"},\"inLanguage\":\"srpski\",\"potentialAction\":[{\"@type\":\"ReadAction\",\"target\":[\"https:\\\/\\\/serbia.com\\\/srpski\\\/vanredna-situacija-proglasena-u-tri-opstine-u-srbiji\\\/\"]}]},{\"@type\":\"ImageObject\",\"inLanguage\":\"srpski\",\"@id\":\"https:\\\/\\\/serbia.com\\\/srpski\\\/vanredna-situacija-proglasena-u-tri-opstine-u-srbiji\\\/#primaryimage\",\"url\":\"https:\\\/\\\/serbia.com\\\/wp-content\\\/uploads\\\/2016\\\/03\\\/poplave.jpg\",\"contentUrl\":\"https:\\\/\\\/serbia.com\\\/wp-content\\\/uploads\\\/2016\\\/03\\\/poplave.jpg\",\"width\":981,\"height\":526,\"caption\":\"Floods in Serbia\"},{\"@type\":\"BreadcrumbList\",\"@id\":\"https:\\\/\\\/serbia.com\\\/srpski\\\/vanredna-situacija-proglasena-u-tri-opstine-u-srbiji\\\/#breadcrumb\",\"itemListElement\":[{\"@type\":\"ListItem\",\"position\":1,\"name\":\"Home\",\"item\":\"https:\\\/\\\/serbia.com\\\/srpski\\\/srbija\\\/\"},{\"@type\":\"ListItem\",\"position\":2,\"name\":\"Vanredna situacija progla\u0161ena u tri op\u0161tine u Srbiji\"}]},{\"@type\":\"WebSite\",\"@id\":\"https:\\\/\\\/serbia.com\\\/#website\",\"url\":\"https:\\\/\\\/serbia.com\\\/\",\"name\":\"Serbia.com\",\"description\":\"Your Gateway to Serbia\",\"potentialAction\":[{\"@type\":\"SearchAction\",\"target\":{\"@type\":\"EntryPoint\",\"urlTemplate\":\"https:\\\/\\\/serbia.com\\\/?s={search_term_string}\"},\"query-input\":{\"@type\":\"PropertyValueSpecification\",\"valueRequired\":true,\"valueName\":\"search_term_string\"}}],\"inLanguage\":\"srpski\"},{\"@type\":\"Person\",\"@id\":\"https:\\\/\\\/serbia.com\\\/#\\\/schema\\\/person\\\/6fe28d3055f5f291d832531e555da490\",\"name\":\"Serbia.com\",\"image\":{\"@type\":\"ImageObject\",\"inLanguage\":\"srpski\",\"@id\":\"https:\\\/\\\/secure.gravatar.com\\\/avatar\\\/8381eb54f5b393857857cb5fd6c42264c9e14b10435326bc567fcc3511bd8df4?s=96&d=mm&r=g\",\"url\":\"https:\\\/\\\/secure.gravatar.com\\\/avatar\\\/8381eb54f5b393857857cb5fd6c42264c9e14b10435326bc567fcc3511bd8df4?s=96&d=mm&r=g\",\"contentUrl\":\"https:\\\/\\\/secure.gravatar.com\\\/avatar\\\/8381eb54f5b393857857cb5fd6c42264c9e14b10435326bc567fcc3511bd8df4?s=96&d=mm&r=g\",\"caption\":\"Serbia.com\"},\"url\":\"https:\\\/\\\/serbia.com\\\/srpski\\\/author\\\/serbia-com\\\/\"}]}<\/script>\n<!-- \/ Yoast SEO plugin. -->","yoast_head_json":{"title":"Vanredna situacija progla\u0161ena u tri op\u0161tine u Srbiji - Serbia.com","robots":{"index":"index","follow":"follow","max-snippet":"max-snippet:-1","max-image-preview":"max-image-preview:large","max-video-preview":"max-video-preview:-1"},"canonical":"https:\/\/serbia.com\/srpski\/vanredna-situacija-proglasena-u-tri-opstine-u-srbiji\/","og_locale":"en_US","og_type":"article","og_title":"Vanredna situacija progla\u0161ena u tri op\u0161tine u Srbiji - Serbia.com","og_description":"Ministarstvo unutra\u0161njih poslova Srbije saop\u0161tilo je danas da je vanredna situacija na teritoriji Srbije progla\u0161ena u op\u0161tinama \u010ca\u010dak, Arilje i Lu\u010dani, dok je no\u0107as iz Gornjeg Milanovca, Priboja i \u010ca\u010dka [&hellip;]","og_url":"https:\/\/serbia.com\/srpski\/vanredna-situacija-proglasena-u-tri-opstine-u-srbiji\/","og_site_name":"Serbia.com","article_published_time":"2016-03-07T13:18:30+00:00","og_image":[{"width":981,"height":526,"url":"https:\/\/serbia.com\/wp-content\/uploads\/2016\/03\/poplave.jpg","type":"image\/jpeg"}],"author":"Serbia.com","twitter_misc":{"Written by":"Serbia.com","Est. reading time":"3 minutes"},"schema":{"@context":"https:\/\/schema.org","@graph":[{"@type":"Article","@id":"https:\/\/serbia.com\/srpski\/vanredna-situacija-proglasena-u-tri-opstine-u-srbiji\/#article","isPartOf":{"@id":"https:\/\/serbia.com\/srpski\/vanredna-situacija-proglasena-u-tri-opstine-u-srbiji\/"},"author":{"name":"Serbia.com","@id":"https:\/\/serbia.com\/#\/schema\/person\/6fe28d3055f5f291d832531e555da490"},"headline":"Vanredna situacija progla\u0161ena u tri op\u0161tine u Srbiji","datePublished":"2016-03-07T13:18:30+00:00","mainEntityOfPage":{"@id":"https:\/\/serbia.com\/srpski\/vanredna-situacija-proglasena-u-tri-opstine-u-srbiji\/"},"wordCount":512,"image":{"@id":"https:\/\/serbia.com\/srpski\/vanredna-situacija-proglasena-u-tri-opstine-u-srbiji\/#primaryimage"},"thumbnailUrl":"https:\/\/serbia.com\/wp-content\/uploads\/2016\/03\/poplave.jpg","keywords":["Arilje","\u010ca\u010dak","Gornji Milanovac","Lucani","poplave","Poplave u Srbiji"],"articleSection":["Vesti"],"inLanguage":"srpski"},{"@type":"WebPage","@id":"https:\/\/serbia.com\/srpski\/vanredna-situacija-proglasena-u-tri-opstine-u-srbiji\/","url":"https:\/\/serbia.com\/srpski\/vanredna-situacija-proglasena-u-tri-opstine-u-srbiji\/","name":"Vanredna situacija progla\u0161ena u tri op\u0161tine u Srbiji - Serbia.com","isPartOf":{"@id":"https:\/\/serbia.com\/#website"},"primaryImageOfPage":{"@id":"https:\/\/serbia.com\/srpski\/vanredna-situacija-proglasena-u-tri-opstine-u-srbiji\/#primaryimage"},"image":{"@id":"https:\/\/serbia.com\/srpski\/vanredna-situacija-proglasena-u-tri-opstine-u-srbiji\/#primaryimage"},"thumbnailUrl":"https:\/\/serbia.com\/wp-content\/uploads\/2016\/03\/poplave.jpg","datePublished":"2016-03-07T13:18:30+00:00","author":{"@id":"https:\/\/serbia.com\/#\/schema\/person\/6fe28d3055f5f291d832531e555da490"},"breadcrumb":{"@id":"https:\/\/serbia.com\/srpski\/vanredna-situacija-proglasena-u-tri-opstine-u-srbiji\/#breadcrumb"},"inLanguage":"srpski","potentialAction":[{"@type":"ReadAction","target":["https:\/\/serbia.com\/srpski\/vanredna-situacija-proglasena-u-tri-opstine-u-srbiji\/"]}]},{"@type":"ImageObject","inLanguage":"srpski","@id":"https:\/\/serbia.com\/srpski\/vanredna-situacija-proglasena-u-tri-opstine-u-srbiji\/#primaryimage","url":"https:\/\/serbia.com\/wp-content\/uploads\/2016\/03\/poplave.jpg","contentUrl":"https:\/\/serbia.com\/wp-content\/uploads\/2016\/03\/poplave.jpg","width":981,"height":526,"caption":"Floods in Serbia"},{"@type":"BreadcrumbList","@id":"https:\/\/serbia.com\/srpski\/vanredna-situacija-proglasena-u-tri-opstine-u-srbiji\/#breadcrumb","itemListElement":[{"@type":"ListItem","position":1,"name":"Home","item":"https:\/\/serbia.com\/srpski\/srbija\/"},{"@type":"ListItem","position":2,"name":"Vanredna situacija progla\u0161ena u tri op\u0161tine u Srbiji"}]},{"@type":"WebSite","@id":"https:\/\/serbia.com\/#website","url":"https:\/\/serbia.com\/","name":"Serbia.com","description":"Your Gateway to Serbia","potentialAction":[{"@type":"SearchAction","target":{"@type":"EntryPoint","urlTemplate":"https:\/\/serbia.com\/?s={search_term_string}"},"query-input":{"@type":"PropertyValueSpecification","valueRequired":true,"valueName":"search_term_string"}}],"inLanguage":"srpski"},{"@type":"Person","@id":"https:\/\/serbia.com\/#\/schema\/person\/6fe28d3055f5f291d832531e555da490","name":"Serbia.com","image":{"@type":"ImageObject","inLanguage":"srpski","@id":"https:\/\/secure.gravatar.com\/avatar\/8381eb54f5b393857857cb5fd6c42264c9e14b10435326bc567fcc3511bd8df4?s=96&d=mm&r=g","url":"https:\/\/secure.gravatar.com\/avatar\/8381eb54f5b393857857cb5fd6c42264c9e14b10435326bc567fcc3511bd8df4?s=96&d=mm&r=g","contentUrl":"https:\/\/secure.gravatar.com\/avatar\/8381eb54f5b393857857cb5fd6c42264c9e14b10435326bc567fcc3511bd8df4?s=96&d=mm&r=g","caption":"Serbia.com"},"url":"https:\/\/serbia.com\/srpski\/author\/serbia-com\/"}]}},"brizy_media":[],"_links":{"self":[{"href":"https:\/\/serbia.com\/srpski\/wp-json\/wp\/v2\/posts\/47142","targetHints":{"allow":["GET"]}}],"collection":[{"href":"https:\/\/serbia.com\/srpski\/wp-json\/wp\/v2\/posts"}],"about":[{"href":"https:\/\/serbia.com\/srpski\/wp-json\/wp\/v2\/types\/post"}],"author":[{"embeddable":true,"href":"https:\/\/serbia.com\/srpski\/wp-json\/wp\/v2\/users\/9"}],"replies":[{"embeddable":true,"href":"https:\/\/serbia.com\/srpski\/wp-json\/wp\/v2\/comments?post=47142"}],"version-history":[{"count":0,"href":"https:\/\/serbia.com\/srpski\/wp-json\/wp\/v2\/posts\/47142\/revisions"}],"wp:featuredmedia":[{"embeddable":true,"href":"https:\/\/serbia.com\/srpski\/wp-json\/wp\/v2\/media\/47139"}],"wp:attachment":[{"href":"https:\/\/serbia.com\/srpski\/wp-json\/wp\/v2\/media?parent=47142"}],"wp:term":[{"taxonomy":"category","embeddable":true,"href":"https:\/\/serbia.com\/srpski\/wp-json\/wp\/v2\/categories?post=47142"},{"taxonomy":"post_tag","embeddable":true,"href":"https:\/\/serbia.com\/srpski\/wp-json\/wp\/v2\/tags?post=47142"}],"curies":[{"name":"wp","href":"https:\/\/api.w.org\/{rel}","templated":true}]}}