{"id":47101,"date":"2016-03-05T19:04:52","date_gmt":"2016-03-05T18:04:52","guid":{"rendered":"http:\/\/www.serbia.com\/srpski\/?p=47101"},"modified":"2016-03-05T19:04:52","modified_gmt":"2016-03-05T18:04:52","slug":"migranti-u-presevu-uz-muziku-cekaju-resenje-svog-statusa","status":"publish","type":"post","link":"https:\/\/serbia.com\/srpski\/migranti-u-presevu-uz-muziku-cekaju-resenje-svog-statusa\/","title":{"rendered":"Migranti u Pre\u0161evu uz muziku \u010dekaju re\u0161enje svog statusa"},"content":{"rendered":"<h4>U okviru Prihvatnog centra u Pre\u0161evu sino\u0107 je u organizaciji mladih volontera organizovan prigodan kulturno-zabavni program u kome su u\u010destvovali migranti koji borave u tom kampu.<\/h4>\n<p>Kako je Tanjugu rekao Valjon Arifi, predsednik udru\u017eenja &#8220;Youth for Refugees&#8221;, me\u0111u migrantima ima i onih koji su veoma nadareni pa su volonteri do\u0161li na ideju da organizuju prigodan program u kojem u\u010destvuju sami migranti.<\/p>\n<p>&#8220;Cilj na\u0161ih aktivnosti u kampu je da poka\u017eemo svetu da me\u0111u migrantima ima mnogo talentovanih ljudi. Videli ste, imali smo ma\u0111ioni\u010dara, komi\u010dara, peva\u010da. Na\u0161 cilj je da se ovde dru\u017ee Avganistanci, Sirijici, Ira\u010dani i drugi&#8221;.<\/p>\n<p>Muzi\u010dki izvo\u0111a\u010d Dija Aduan koji je u Pre\u0161evo do\u0161ao iz Iraka ka\u017ee da svojim muzi\u010dkim nastupom \u017eeli da malo oraspolo\u017ei ljude koji su umorni i koji su pro\u0161li dug put do Pre\u0161eva.<\/p>\n<p>&#8220;Ne mislim da \u0107e mi ovaj nastup pomo\u0107i da odem do Evrope, ovo radim zato \u0161to volim muziku. Oti\u0161ao sam iz Iraka zato \u0161to \u017eelim da se borim za svoj muzi\u010dki talenat, jer tamo to nisam uspeo&#8221;, kazao je Aduan Tanjugu.<\/p>\n<p>Program je organizovan u jednom od \u0161atora u okviru Prihvatnog centra a prisustvovalo je oko 200 migranata.<\/p>\n<p>U \u00a0Centru u Pre\u0161evu ima oko 520 migranata koji su vra\u0107eni iz Hrvatske, a koji \u010dekaju na re\u0161enje svog statusa.<\/p>\n<p>&nbsp;<\/p>\n<p>izvor: Tanjug<\/p>\n","protected":false},"excerpt":{"rendered":"<p>U okviru Prihvatnog centra u Pre\u0161evu sino\u0107 je u organizaciji mladih volontera organizovan prigodan kulturno-zabavni program u kome su u\u010destvovali migranti koji borave u tom kampu. Kako je Tanjugu rekao [&hellip;]<\/p>\n","protected":false},"author":9,"featured_media":37975,"comment_status":"closed","ping_status":"closed","sticky":false,"template":"","format":"standard","meta":{"_acf_changed":false,"inline_featured_image":false,"_monsterinsights_skip_tracking":false,"_monsterinsights_sitenote_active":false,"_monsterinsights_sitenote_note":"","_monsterinsights_sitenote_category":0,"footnotes":""},"categories":[2700],"tags":[4146,4759,3904,3878,5079],"class_list":["post-47101","post","type-post","status-publish","format-standard","has-post-thumbnail","hentry","category-vesti","tag-izbeglice","tag-izbeglicka-kriza","tag-migranti","tag-migrantska-kriza","tag-presevo"],"acf":[],"yoast_head":"<!-- This site is optimized with the Yoast SEO plugin v27.4 - https:\/\/yoast.com\/product\/yoast-seo-wordpress\/ -->\n<title>Migranti u Pre\u0161evu uz muziku \u010dekaju re\u0161enje svog statusa - Serbia.com<\/title>\n<meta name=\"robots\" content=\"index, follow, max-snippet:-1, max-image-preview:large, max-video-preview:-1\" \/>\n<link rel=\"canonical\" href=\"https:\/\/serbia.com\/srpski\/migranti-u-presevu-uz-muziku-cekaju-resenje-svog-statusa\/\" \/>\n<meta property=\"og:locale\" content=\"en_US\" \/>\n<meta property=\"og:type\" content=\"article\" \/>\n<meta property=\"og:title\" content=\"Migranti u Pre\u0161evu uz muziku \u010dekaju re\u0161enje svog statusa - Serbia.com\" \/>\n<meta property=\"og:description\" content=\"U okviru Prihvatnog centra u Pre\u0161evu sino\u0107 je u organizaciji mladih volontera organizovan prigodan kulturno-zabavni program u kome su u\u010destvovali migranti koji borave u tom kampu. Kako je Tanjugu rekao [&hellip;]\" \/>\n<meta property=\"og:url\" content=\"https:\/\/serbia.com\/srpski\/migranti-u-presevu-uz-muziku-cekaju-resenje-svog-statusa\/\" \/>\n<meta property=\"og:site_name\" content=\"Serbia.com\" \/>\n<meta property=\"article:published_time\" content=\"2016-03-05T18:04:52+00:00\" \/>\n<meta property=\"og:image\" content=\"https:\/\/serbia.com\/wp-content\/uploads\/2015\/11\/migranti-soccorsi-augusta-reuters1111.jpg\" \/>\n\t<meta property=\"og:image:width\" content=\"800\" \/>\n\t<meta property=\"og:image:height\" content=\"542\" \/>\n\t<meta property=\"og:image:type\" content=\"image\/jpeg\" \/>\n<meta name=\"author\" content=\"Serbia.com\" \/>\n<meta name=\"twitter:label1\" content=\"Written by\" \/>\n\t<meta name=\"twitter:data1\" content=\"Serbia.com\" \/>\n\t<meta name=\"twitter:label2\" content=\"Est. reading time\" \/>\n\t<meta name=\"twitter:data2\" content=\"1 minute\" \/>\n<script type=\"application\/ld+json\" class=\"yoast-schema-graph\">{\"@context\":\"https:\\\/\\\/schema.org\",\"@graph\":[{\"@type\":\"Article\",\"@id\":\"https:\\\/\\\/serbia.com\\\/srpski\\\/migranti-u-presevu-uz-muziku-cekaju-resenje-svog-statusa\\\/#article\",\"isPartOf\":{\"@id\":\"https:\\\/\\\/serbia.com\\\/srpski\\\/migranti-u-presevu-uz-muziku-cekaju-resenje-svog-statusa\\\/\"},\"author\":{\"name\":\"Serbia.com\",\"@id\":\"https:\\\/\\\/serbia.com\\\/#\\\/schema\\\/person\\\/6fe28d3055f5f291d832531e555da490\"},\"headline\":\"Migranti u Pre\u0161evu uz muziku \u010dekaju re\u0161enje svog statusa\",\"datePublished\":\"2016-03-05T18:04:52+00:00\",\"mainEntityOfPage\":{\"@id\":\"https:\\\/\\\/serbia.com\\\/srpski\\\/migranti-u-presevu-uz-muziku-cekaju-resenje-svog-statusa\\\/\"},\"wordCount\":248,\"image\":{\"@id\":\"https:\\\/\\\/serbia.com\\\/srpski\\\/migranti-u-presevu-uz-muziku-cekaju-resenje-svog-statusa\\\/#primaryimage\"},\"thumbnailUrl\":\"https:\\\/\\\/serbia.com\\\/wp-content\\\/uploads\\\/2015\\\/11\\\/migranti-soccorsi-augusta-reuters1111.jpg\",\"keywords\":[\"Izbeglice\",\"Izbegli\u010dka kriza\",\"Migranti\",\"Migrantska kriza\",\"Presevo\"],\"articleSection\":[\"Vesti\"],\"inLanguage\":\"srpski\"},{\"@type\":\"WebPage\",\"@id\":\"https:\\\/\\\/serbia.com\\\/srpski\\\/migranti-u-presevu-uz-muziku-cekaju-resenje-svog-statusa\\\/\",\"url\":\"https:\\\/\\\/serbia.com\\\/srpski\\\/migranti-u-presevu-uz-muziku-cekaju-resenje-svog-statusa\\\/\",\"name\":\"Migranti u Pre\u0161evu uz muziku \u010dekaju re\u0161enje svog statusa - Serbia.com\",\"isPartOf\":{\"@id\":\"https:\\\/\\\/serbia.com\\\/#website\"},\"primaryImageOfPage\":{\"@id\":\"https:\\\/\\\/serbia.com\\\/srpski\\\/migranti-u-presevu-uz-muziku-cekaju-resenje-svog-statusa\\\/#primaryimage\"},\"image\":{\"@id\":\"https:\\\/\\\/serbia.com\\\/srpski\\\/migranti-u-presevu-uz-muziku-cekaju-resenje-svog-statusa\\\/#primaryimage\"},\"thumbnailUrl\":\"https:\\\/\\\/serbia.com\\\/wp-content\\\/uploads\\\/2015\\\/11\\\/migranti-soccorsi-augusta-reuters1111.jpg\",\"datePublished\":\"2016-03-05T18:04:52+00:00\",\"author\":{\"@id\":\"https:\\\/\\\/serbia.com\\\/#\\\/schema\\\/person\\\/6fe28d3055f5f291d832531e555da490\"},\"breadcrumb\":{\"@id\":\"https:\\\/\\\/serbia.com\\\/srpski\\\/migranti-u-presevu-uz-muziku-cekaju-resenje-svog-statusa\\\/#breadcrumb\"},\"inLanguage\":\"srpski\",\"potentialAction\":[{\"@type\":\"ReadAction\",\"target\":[\"https:\\\/\\\/serbia.com\\\/srpski\\\/migranti-u-presevu-uz-muziku-cekaju-resenje-svog-statusa\\\/\"]}]},{\"@type\":\"ImageObject\",\"inLanguage\":\"srpski\",\"@id\":\"https:\\\/\\\/serbia.com\\\/srpski\\\/migranti-u-presevu-uz-muziku-cekaju-resenje-svog-statusa\\\/#primaryimage\",\"url\":\"https:\\\/\\\/serbia.com\\\/wp-content\\\/uploads\\\/2015\\\/11\\\/migranti-soccorsi-augusta-reuters1111.jpg\",\"contentUrl\":\"https:\\\/\\\/serbia.com\\\/wp-content\\\/uploads\\\/2015\\\/11\\\/migranti-soccorsi-augusta-reuters1111.jpg\",\"width\":800,\"height\":542,\"caption\":\"Migrants\"},{\"@type\":\"BreadcrumbList\",\"@id\":\"https:\\\/\\\/serbia.com\\\/srpski\\\/migranti-u-presevu-uz-muziku-cekaju-resenje-svog-statusa\\\/#breadcrumb\",\"itemListElement\":[{\"@type\":\"ListItem\",\"position\":1,\"name\":\"Home\",\"item\":\"https:\\\/\\\/serbia.com\\\/srpski\\\/\"},{\"@type\":\"ListItem\",\"position\":2,\"name\":\"Migranti u Pre\u0161evu uz muziku \u010dekaju re\u0161enje svog statusa\"}]},{\"@type\":\"WebSite\",\"@id\":\"https:\\\/\\\/serbia.com\\\/#website\",\"url\":\"https:\\\/\\\/serbia.com\\\/\",\"name\":\"Serbia.com\",\"description\":\"Your Gateway to Serbia\",\"potentialAction\":[{\"@type\":\"SearchAction\",\"target\":{\"@type\":\"EntryPoint\",\"urlTemplate\":\"https:\\\/\\\/serbia.com\\\/?s={search_term_string}\"},\"query-input\":{\"@type\":\"PropertyValueSpecification\",\"valueRequired\":true,\"valueName\":\"search_term_string\"}}],\"inLanguage\":\"srpski\"},{\"@type\":\"Person\",\"@id\":\"https:\\\/\\\/serbia.com\\\/#\\\/schema\\\/person\\\/6fe28d3055f5f291d832531e555da490\",\"name\":\"Serbia.com\",\"image\":{\"@type\":\"ImageObject\",\"inLanguage\":\"srpski\",\"@id\":\"https:\\\/\\\/secure.gravatar.com\\\/avatar\\\/8381eb54f5b393857857cb5fd6c42264c9e14b10435326bc567fcc3511bd8df4?s=96&d=mm&r=g\",\"url\":\"https:\\\/\\\/secure.gravatar.com\\\/avatar\\\/8381eb54f5b393857857cb5fd6c42264c9e14b10435326bc567fcc3511bd8df4?s=96&d=mm&r=g\",\"contentUrl\":\"https:\\\/\\\/secure.gravatar.com\\\/avatar\\\/8381eb54f5b393857857cb5fd6c42264c9e14b10435326bc567fcc3511bd8df4?s=96&d=mm&r=g\",\"caption\":\"Serbia.com\"},\"url\":\"https:\\\/\\\/serbia.com\\\/srpski\\\/author\\\/serbia-com\\\/\"}]}<\/script>\n<!-- \/ Yoast SEO plugin. -->","yoast_head_json":{"title":"Migranti u Pre\u0161evu uz muziku \u010dekaju re\u0161enje svog statusa - Serbia.com","robots":{"index":"index","follow":"follow","max-snippet":"max-snippet:-1","max-image-preview":"max-image-preview:large","max-video-preview":"max-video-preview:-1"},"canonical":"https:\/\/serbia.com\/srpski\/migranti-u-presevu-uz-muziku-cekaju-resenje-svog-statusa\/","og_locale":"en_US","og_type":"article","og_title":"Migranti u Pre\u0161evu uz muziku \u010dekaju re\u0161enje svog statusa - Serbia.com","og_description":"U okviru Prihvatnog centra u Pre\u0161evu sino\u0107 je u organizaciji mladih volontera organizovan prigodan kulturno-zabavni program u kome su u\u010destvovali migranti koji borave u tom kampu. Kako je Tanjugu rekao [&hellip;]","og_url":"https:\/\/serbia.com\/srpski\/migranti-u-presevu-uz-muziku-cekaju-resenje-svog-statusa\/","og_site_name":"Serbia.com","article_published_time":"2016-03-05T18:04:52+00:00","og_image":[{"width":800,"height":542,"url":"https:\/\/serbia.com\/wp-content\/uploads\/2015\/11\/migranti-soccorsi-augusta-reuters1111.jpg","type":"image\/jpeg"}],"author":"Serbia.com","twitter_misc":{"Written by":"Serbia.com","Est. reading time":"1 minute"},"schema":{"@context":"https:\/\/schema.org","@graph":[{"@type":"Article","@id":"https:\/\/serbia.com\/srpski\/migranti-u-presevu-uz-muziku-cekaju-resenje-svog-statusa\/#article","isPartOf":{"@id":"https:\/\/serbia.com\/srpski\/migranti-u-presevu-uz-muziku-cekaju-resenje-svog-statusa\/"},"author":{"name":"Serbia.com","@id":"https:\/\/serbia.com\/#\/schema\/person\/6fe28d3055f5f291d832531e555da490"},"headline":"Migranti u Pre\u0161evu uz muziku \u010dekaju re\u0161enje svog statusa","datePublished":"2016-03-05T18:04:52+00:00","mainEntityOfPage":{"@id":"https:\/\/serbia.com\/srpski\/migranti-u-presevu-uz-muziku-cekaju-resenje-svog-statusa\/"},"wordCount":248,"image":{"@id":"https:\/\/serbia.com\/srpski\/migranti-u-presevu-uz-muziku-cekaju-resenje-svog-statusa\/#primaryimage"},"thumbnailUrl":"https:\/\/serbia.com\/wp-content\/uploads\/2015\/11\/migranti-soccorsi-augusta-reuters1111.jpg","keywords":["Izbeglice","Izbegli\u010dka kriza","Migranti","Migrantska kriza","Presevo"],"articleSection":["Vesti"],"inLanguage":"srpski"},{"@type":"WebPage","@id":"https:\/\/serbia.com\/srpski\/migranti-u-presevu-uz-muziku-cekaju-resenje-svog-statusa\/","url":"https:\/\/serbia.com\/srpski\/migranti-u-presevu-uz-muziku-cekaju-resenje-svog-statusa\/","name":"Migranti u Pre\u0161evu uz muziku \u010dekaju re\u0161enje svog statusa - Serbia.com","isPartOf":{"@id":"https:\/\/serbia.com\/#website"},"primaryImageOfPage":{"@id":"https:\/\/serbia.com\/srpski\/migranti-u-presevu-uz-muziku-cekaju-resenje-svog-statusa\/#primaryimage"},"image":{"@id":"https:\/\/serbia.com\/srpski\/migranti-u-presevu-uz-muziku-cekaju-resenje-svog-statusa\/#primaryimage"},"thumbnailUrl":"https:\/\/serbia.com\/wp-content\/uploads\/2015\/11\/migranti-soccorsi-augusta-reuters1111.jpg","datePublished":"2016-03-05T18:04:52+00:00","author":{"@id":"https:\/\/serbia.com\/#\/schema\/person\/6fe28d3055f5f291d832531e555da490"},"breadcrumb":{"@id":"https:\/\/serbia.com\/srpski\/migranti-u-presevu-uz-muziku-cekaju-resenje-svog-statusa\/#breadcrumb"},"inLanguage":"srpski","potentialAction":[{"@type":"ReadAction","target":["https:\/\/serbia.com\/srpski\/migranti-u-presevu-uz-muziku-cekaju-resenje-svog-statusa\/"]}]},{"@type":"ImageObject","inLanguage":"srpski","@id":"https:\/\/serbia.com\/srpski\/migranti-u-presevu-uz-muziku-cekaju-resenje-svog-statusa\/#primaryimage","url":"https:\/\/serbia.com\/wp-content\/uploads\/2015\/11\/migranti-soccorsi-augusta-reuters1111.jpg","contentUrl":"https:\/\/serbia.com\/wp-content\/uploads\/2015\/11\/migranti-soccorsi-augusta-reuters1111.jpg","width":800,"height":542,"caption":"Migrants"},{"@type":"BreadcrumbList","@id":"https:\/\/serbia.com\/srpski\/migranti-u-presevu-uz-muziku-cekaju-resenje-svog-statusa\/#breadcrumb","itemListElement":[{"@type":"ListItem","position":1,"name":"Home","item":"https:\/\/serbia.com\/srpski\/"},{"@type":"ListItem","position":2,"name":"Migranti u Pre\u0161evu uz muziku \u010dekaju re\u0161enje svog statusa"}]},{"@type":"WebSite","@id":"https:\/\/serbia.com\/#website","url":"https:\/\/serbia.com\/","name":"Serbia.com","description":"Your Gateway to Serbia","potentialAction":[{"@type":"SearchAction","target":{"@type":"EntryPoint","urlTemplate":"https:\/\/serbia.com\/?s={search_term_string}"},"query-input":{"@type":"PropertyValueSpecification","valueRequired":true,"valueName":"search_term_string"}}],"inLanguage":"srpski"},{"@type":"Person","@id":"https:\/\/serbia.com\/#\/schema\/person\/6fe28d3055f5f291d832531e555da490","name":"Serbia.com","image":{"@type":"ImageObject","inLanguage":"srpski","@id":"https:\/\/secure.gravatar.com\/avatar\/8381eb54f5b393857857cb5fd6c42264c9e14b10435326bc567fcc3511bd8df4?s=96&d=mm&r=g","url":"https:\/\/secure.gravatar.com\/avatar\/8381eb54f5b393857857cb5fd6c42264c9e14b10435326bc567fcc3511bd8df4?s=96&d=mm&r=g","contentUrl":"https:\/\/secure.gravatar.com\/avatar\/8381eb54f5b393857857cb5fd6c42264c9e14b10435326bc567fcc3511bd8df4?s=96&d=mm&r=g","caption":"Serbia.com"},"url":"https:\/\/serbia.com\/srpski\/author\/serbia-com\/"}]}},"brizy_media":[],"_links":{"self":[{"href":"https:\/\/serbia.com\/srpski\/wp-json\/wp\/v2\/posts\/47101","targetHints":{"allow":["GET"]}}],"collection":[{"href":"https:\/\/serbia.com\/srpski\/wp-json\/wp\/v2\/posts"}],"about":[{"href":"https:\/\/serbia.com\/srpski\/wp-json\/wp\/v2\/types\/post"}],"author":[{"embeddable":true,"href":"https:\/\/serbia.com\/srpski\/wp-json\/wp\/v2\/users\/9"}],"replies":[{"embeddable":true,"href":"https:\/\/serbia.com\/srpski\/wp-json\/wp\/v2\/comments?post=47101"}],"version-history":[{"count":0,"href":"https:\/\/serbia.com\/srpski\/wp-json\/wp\/v2\/posts\/47101\/revisions"}],"wp:featuredmedia":[{"embeddable":true,"href":"https:\/\/serbia.com\/srpski\/wp-json\/wp\/v2\/media\/37975"}],"wp:attachment":[{"href":"https:\/\/serbia.com\/srpski\/wp-json\/wp\/v2\/media?parent=47101"}],"wp:term":[{"taxonomy":"category","embeddable":true,"href":"https:\/\/serbia.com\/srpski\/wp-json\/wp\/v2\/categories?post=47101"},{"taxonomy":"post_tag","embeddable":true,"href":"https:\/\/serbia.com\/srpski\/wp-json\/wp\/v2\/tags?post=47101"}],"curies":[{"name":"wp","href":"https:\/\/api.w.org\/{rel}","templated":true}]}}