{"id":47097,"date":"2016-03-05T19:00:19","date_gmt":"2016-03-05T18:00:19","guid":{"rendered":"http:\/\/www.serbia.com\/srpski\/?p=47097"},"modified":"2016-03-05T19:00:19","modified_gmt":"2016-03-05T18:00:19","slug":"bekman-dirkes-srbija-primerna-u-ophodenju-prema-izbeglicama","status":"publish","type":"post","link":"https:\/\/serbia.com\/srpski\/bekman-dirkes-srbija-primerna-u-ophodenju-prema-izbeglicama\/","title":{"rendered":"Bekman-Dirkes: Srbija primerna u opho\u0111enju prema izbeglicama"},"content":{"rendered":"<h4>Direktor nema\u010dke Konrad Adenauer Fondacije u u Beogradu Norbert Bekman-Dirkes ocenjuje da je Srbija bila i ostala primerna u opho\u0111enju sa izbeglicama, i isti\u010de da ne treba razgovarati o zatvaranju granica, ve\u0107 o zajedni\u010dkom evropskom re\u0161enju.<\/h4>\n<p>On je Tanjugu kazao da je Nema\u010dka od po\u010detka krize ustanovila da su se srpska vlada, njena administracija, ali i nevladin sektor sna\u017eno anga\u017eovali oko ljudi koji be\u017ee od bombi i rata i koji se nadaju sigurnoj budu\u0107nosti u Evropi.<\/p>\n<p>&#8220;Uveren sam da Srbija i dalje obavlja odli\u010dan posao u saradnji sa me\u0111unarodnim i nevladinim orgaizacijama. Ukupno gledano, Srbija dli\u010dno obavlja svoj posao u ovoj krizi&#8221;, naglasio je Bekman-Dirkes.<\/p>\n<p>Upitan kako Nema\u010dka gleda na dogovor zemalja du\u017e balkanske rute i Austrije oko smanjenja talasa izbeglica, on je istakao da ne treba voditi diskusiju o zatvaranju granica, ve\u0107 o dogovaranju zajedni\u010dkog evropskog re\u0161enja.<\/p>\n<p>&#8220;Nema\u010dka dobro sara\u0111uje sa svojim partnerima u ovoj krizi, a tako i sa Srbijom. Nema\u010dka i Srbija imaju tesne odnose i po pitanju migranata su uvek tesno sara\u0111ivale. Nisam ustanovio da postoje razlike u proceni i stavovima&#8221;, naglasio je Bekman-Dirkes.<\/p>\n<p>On je kazao da su svi saglasni da se osobama koje be\u017ee od rata mora pru\u017eiti krov nad gladom i da se na tome radi, a da je to i u interesu Austrije i dr\u017eava balkanske rute.<\/p>\n<p>&nbsp;<\/p>\n<p>Izvor: Tanjug<\/p>\n","protected":false},"excerpt":{"rendered":"<p>Direktor nema\u010dke Konrad Adenauer Fondacije u u Beogradu Norbert Bekman-Dirkes ocenjuje da je Srbija bila i ostala primerna u opho\u0111enju sa izbeglicama, i isti\u010de da ne treba razgovarati o zatvaranju [&hellip;]<\/p>\n","protected":false},"author":9,"featured_media":47094,"comment_status":"closed","ping_status":"closed","sticky":false,"template":"","format":"standard","meta":{"_acf_changed":false,"inline_featured_image":false,"_monsterinsights_skip_tracking":false,"_monsterinsights_sitenote_active":false,"_monsterinsights_sitenote_note":"","_monsterinsights_sitenote_category":0,"footnotes":""},"categories":[2700],"tags":[5078,3904,3878,5077],"class_list":["post-47097","post","type-post","status-publish","format-standard","has-post-thumbnail","hentry","category-vesti","tag-konrad-fondacija","tag-migranti","tag-migrantska-kriza","tag-norbert-bekman-dirkes"],"acf":[],"yoast_head":"<!-- This site is optimized with the Yoast SEO plugin v27.4 - https:\/\/yoast.com\/product\/yoast-seo-wordpress\/ -->\n<title>Bekman-Dirkes: Srbija primerna u opho\u0111enju prema izbeglicama - Serbia.com<\/title>\n<meta name=\"robots\" content=\"index, follow, max-snippet:-1, max-image-preview:large, max-video-preview:-1\" \/>\n<link rel=\"canonical\" href=\"https:\/\/serbia.com\/srpski\/bekman-dirkes-srbija-primerna-u-ophodenju-prema-izbeglicama\/\" \/>\n<meta property=\"og:locale\" content=\"en_US\" \/>\n<meta property=\"og:type\" content=\"article\" \/>\n<meta property=\"og:title\" content=\"Bekman-Dirkes: Srbija primerna u opho\u0111enju prema izbeglicama - Serbia.com\" \/>\n<meta property=\"og:description\" content=\"Direktor nema\u010dke Konrad Adenauer Fondacije u u Beogradu Norbert Bekman-Dirkes ocenjuje da je Srbija bila i ostala primerna u opho\u0111enju sa izbeglicama, i isti\u010de da ne treba razgovarati o zatvaranju [&hellip;]\" \/>\n<meta property=\"og:url\" content=\"https:\/\/serbia.com\/srpski\/bekman-dirkes-srbija-primerna-u-ophodenju-prema-izbeglicama\/\" \/>\n<meta property=\"og:site_name\" content=\"Serbia.com\" \/>\n<meta property=\"article:published_time\" content=\"2016-03-05T18:00:19+00:00\" \/>\n<meta property=\"og:image\" content=\"https:\/\/serbia.com\/wp-content\/uploads\/2016\/03\/IMG_7641-1.jpg\" \/>\n\t<meta property=\"og:image:width\" content=\"800\" \/>\n\t<meta property=\"og:image:height\" content=\"454\" \/>\n\t<meta property=\"og:image:type\" content=\"image\/jpeg\" \/>\n<meta name=\"author\" content=\"Serbia.com\" \/>\n<meta name=\"twitter:label1\" content=\"Written by\" \/>\n\t<meta name=\"twitter:data1\" content=\"Serbia.com\" \/>\n\t<meta name=\"twitter:label2\" content=\"Est. reading time\" \/>\n\t<meta name=\"twitter:data2\" content=\"1 minute\" \/>\n<script type=\"application\/ld+json\" class=\"yoast-schema-graph\">{\"@context\":\"https:\\\/\\\/schema.org\",\"@graph\":[{\"@type\":\"Article\",\"@id\":\"https:\\\/\\\/serbia.com\\\/srpski\\\/bekman-dirkes-srbija-primerna-u-ophodenju-prema-izbeglicama\\\/#article\",\"isPartOf\":{\"@id\":\"https:\\\/\\\/serbia.com\\\/srpski\\\/bekman-dirkes-srbija-primerna-u-ophodenju-prema-izbeglicama\\\/\"},\"author\":{\"name\":\"Serbia.com\",\"@id\":\"https:\\\/\\\/serbia.com\\\/#\\\/schema\\\/person\\\/6fe28d3055f5f291d832531e555da490\"},\"headline\":\"Bekman-Dirkes: Srbija primerna u opho\u0111enju prema izbeglicama\",\"datePublished\":\"2016-03-05T18:00:19+00:00\",\"mainEntityOfPage\":{\"@id\":\"https:\\\/\\\/serbia.com\\\/srpski\\\/bekman-dirkes-srbija-primerna-u-ophodenju-prema-izbeglicama\\\/\"},\"wordCount\":250,\"image\":{\"@id\":\"https:\\\/\\\/serbia.com\\\/srpski\\\/bekman-dirkes-srbija-primerna-u-ophodenju-prema-izbeglicama\\\/#primaryimage\"},\"thumbnailUrl\":\"https:\\\/\\\/serbia.com\\\/wp-content\\\/uploads\\\/2016\\\/03\\\/IMG_7641-1.jpg\",\"keywords\":[\"Konrad Fondacija\",\"Migranti\",\"Migrantska kriza\",\"Norbert Bekman-Dirkes\"],\"articleSection\":[\"Vesti\"],\"inLanguage\":\"srpski\"},{\"@type\":\"WebPage\",\"@id\":\"https:\\\/\\\/serbia.com\\\/srpski\\\/bekman-dirkes-srbija-primerna-u-ophodenju-prema-izbeglicama\\\/\",\"url\":\"https:\\\/\\\/serbia.com\\\/srpski\\\/bekman-dirkes-srbija-primerna-u-ophodenju-prema-izbeglicama\\\/\",\"name\":\"Bekman-Dirkes: Srbija primerna u opho\u0111enju prema izbeglicama - Serbia.com\",\"isPartOf\":{\"@id\":\"https:\\\/\\\/serbia.com\\\/#website\"},\"primaryImageOfPage\":{\"@id\":\"https:\\\/\\\/serbia.com\\\/srpski\\\/bekman-dirkes-srbija-primerna-u-ophodenju-prema-izbeglicama\\\/#primaryimage\"},\"image\":{\"@id\":\"https:\\\/\\\/serbia.com\\\/srpski\\\/bekman-dirkes-srbija-primerna-u-ophodenju-prema-izbeglicama\\\/#primaryimage\"},\"thumbnailUrl\":\"https:\\\/\\\/serbia.com\\\/wp-content\\\/uploads\\\/2016\\\/03\\\/IMG_7641-1.jpg\",\"datePublished\":\"2016-03-05T18:00:19+00:00\",\"author\":{\"@id\":\"https:\\\/\\\/serbia.com\\\/#\\\/schema\\\/person\\\/6fe28d3055f5f291d832531e555da490\"},\"breadcrumb\":{\"@id\":\"https:\\\/\\\/serbia.com\\\/srpski\\\/bekman-dirkes-srbija-primerna-u-ophodenju-prema-izbeglicama\\\/#breadcrumb\"},\"inLanguage\":\"srpski\",\"potentialAction\":[{\"@type\":\"ReadAction\",\"target\":[\"https:\\\/\\\/serbia.com\\\/srpski\\\/bekman-dirkes-srbija-primerna-u-ophodenju-prema-izbeglicama\\\/\"]}]},{\"@type\":\"ImageObject\",\"inLanguage\":\"srpski\",\"@id\":\"https:\\\/\\\/serbia.com\\\/srpski\\\/bekman-dirkes-srbija-primerna-u-ophodenju-prema-izbeglicama\\\/#primaryimage\",\"url\":\"https:\\\/\\\/serbia.com\\\/wp-content\\\/uploads\\\/2016\\\/03\\\/IMG_7641-1.jpg\",\"contentUrl\":\"https:\\\/\\\/serbia.com\\\/wp-content\\\/uploads\\\/2016\\\/03\\\/IMG_7641-1.jpg\",\"width\":800,\"height\":454,\"caption\":\"Norbert Beckmann-Dierkes\"},{\"@type\":\"BreadcrumbList\",\"@id\":\"https:\\\/\\\/serbia.com\\\/srpski\\\/bekman-dirkes-srbija-primerna-u-ophodenju-prema-izbeglicama\\\/#breadcrumb\",\"itemListElement\":[{\"@type\":\"ListItem\",\"position\":1,\"name\":\"Home\",\"item\":\"https:\\\/\\\/serbia.com\\\/srpski\\\/\"},{\"@type\":\"ListItem\",\"position\":2,\"name\":\"Bekman-Dirkes: Srbija primerna u opho\u0111enju prema izbeglicama\"}]},{\"@type\":\"WebSite\",\"@id\":\"https:\\\/\\\/serbia.com\\\/#website\",\"url\":\"https:\\\/\\\/serbia.com\\\/\",\"name\":\"Serbia.com\",\"description\":\"Your Gateway to Serbia\",\"potentialAction\":[{\"@type\":\"SearchAction\",\"target\":{\"@type\":\"EntryPoint\",\"urlTemplate\":\"https:\\\/\\\/serbia.com\\\/?s={search_term_string}\"},\"query-input\":{\"@type\":\"PropertyValueSpecification\",\"valueRequired\":true,\"valueName\":\"search_term_string\"}}],\"inLanguage\":\"srpski\"},{\"@type\":\"Person\",\"@id\":\"https:\\\/\\\/serbia.com\\\/#\\\/schema\\\/person\\\/6fe28d3055f5f291d832531e555da490\",\"name\":\"Serbia.com\",\"image\":{\"@type\":\"ImageObject\",\"inLanguage\":\"srpski\",\"@id\":\"https:\\\/\\\/secure.gravatar.com\\\/avatar\\\/8381eb54f5b393857857cb5fd6c42264c9e14b10435326bc567fcc3511bd8df4?s=96&d=mm&r=g\",\"url\":\"https:\\\/\\\/secure.gravatar.com\\\/avatar\\\/8381eb54f5b393857857cb5fd6c42264c9e14b10435326bc567fcc3511bd8df4?s=96&d=mm&r=g\",\"contentUrl\":\"https:\\\/\\\/secure.gravatar.com\\\/avatar\\\/8381eb54f5b393857857cb5fd6c42264c9e14b10435326bc567fcc3511bd8df4?s=96&d=mm&r=g\",\"caption\":\"Serbia.com\"},\"url\":\"https:\\\/\\\/serbia.com\\\/srpski\\\/author\\\/serbia-com\\\/\"}]}<\/script>\n<!-- \/ Yoast SEO plugin. -->","yoast_head_json":{"title":"Bekman-Dirkes: Srbija primerna u opho\u0111enju prema izbeglicama - Serbia.com","robots":{"index":"index","follow":"follow","max-snippet":"max-snippet:-1","max-image-preview":"max-image-preview:large","max-video-preview":"max-video-preview:-1"},"canonical":"https:\/\/serbia.com\/srpski\/bekman-dirkes-srbija-primerna-u-ophodenju-prema-izbeglicama\/","og_locale":"en_US","og_type":"article","og_title":"Bekman-Dirkes: Srbija primerna u opho\u0111enju prema izbeglicama - Serbia.com","og_description":"Direktor nema\u010dke Konrad Adenauer Fondacije u u Beogradu Norbert Bekman-Dirkes ocenjuje da je Srbija bila i ostala primerna u opho\u0111enju sa izbeglicama, i isti\u010de da ne treba razgovarati o zatvaranju [&hellip;]","og_url":"https:\/\/serbia.com\/srpski\/bekman-dirkes-srbija-primerna-u-ophodenju-prema-izbeglicama\/","og_site_name":"Serbia.com","article_published_time":"2016-03-05T18:00:19+00:00","og_image":[{"width":800,"height":454,"url":"https:\/\/serbia.com\/wp-content\/uploads\/2016\/03\/IMG_7641-1.jpg","type":"image\/jpeg"}],"author":"Serbia.com","twitter_misc":{"Written by":"Serbia.com","Est. reading time":"1 minute"},"schema":{"@context":"https:\/\/schema.org","@graph":[{"@type":"Article","@id":"https:\/\/serbia.com\/srpski\/bekman-dirkes-srbija-primerna-u-ophodenju-prema-izbeglicama\/#article","isPartOf":{"@id":"https:\/\/serbia.com\/srpski\/bekman-dirkes-srbija-primerna-u-ophodenju-prema-izbeglicama\/"},"author":{"name":"Serbia.com","@id":"https:\/\/serbia.com\/#\/schema\/person\/6fe28d3055f5f291d832531e555da490"},"headline":"Bekman-Dirkes: Srbija primerna u opho\u0111enju prema izbeglicama","datePublished":"2016-03-05T18:00:19+00:00","mainEntityOfPage":{"@id":"https:\/\/serbia.com\/srpski\/bekman-dirkes-srbija-primerna-u-ophodenju-prema-izbeglicama\/"},"wordCount":250,"image":{"@id":"https:\/\/serbia.com\/srpski\/bekman-dirkes-srbija-primerna-u-ophodenju-prema-izbeglicama\/#primaryimage"},"thumbnailUrl":"https:\/\/serbia.com\/wp-content\/uploads\/2016\/03\/IMG_7641-1.jpg","keywords":["Konrad Fondacija","Migranti","Migrantska kriza","Norbert Bekman-Dirkes"],"articleSection":["Vesti"],"inLanguage":"srpski"},{"@type":"WebPage","@id":"https:\/\/serbia.com\/srpski\/bekman-dirkes-srbija-primerna-u-ophodenju-prema-izbeglicama\/","url":"https:\/\/serbia.com\/srpski\/bekman-dirkes-srbija-primerna-u-ophodenju-prema-izbeglicama\/","name":"Bekman-Dirkes: Srbija primerna u opho\u0111enju prema izbeglicama - Serbia.com","isPartOf":{"@id":"https:\/\/serbia.com\/#website"},"primaryImageOfPage":{"@id":"https:\/\/serbia.com\/srpski\/bekman-dirkes-srbija-primerna-u-ophodenju-prema-izbeglicama\/#primaryimage"},"image":{"@id":"https:\/\/serbia.com\/srpski\/bekman-dirkes-srbija-primerna-u-ophodenju-prema-izbeglicama\/#primaryimage"},"thumbnailUrl":"https:\/\/serbia.com\/wp-content\/uploads\/2016\/03\/IMG_7641-1.jpg","datePublished":"2016-03-05T18:00:19+00:00","author":{"@id":"https:\/\/serbia.com\/#\/schema\/person\/6fe28d3055f5f291d832531e555da490"},"breadcrumb":{"@id":"https:\/\/serbia.com\/srpski\/bekman-dirkes-srbija-primerna-u-ophodenju-prema-izbeglicama\/#breadcrumb"},"inLanguage":"srpski","potentialAction":[{"@type":"ReadAction","target":["https:\/\/serbia.com\/srpski\/bekman-dirkes-srbija-primerna-u-ophodenju-prema-izbeglicama\/"]}]},{"@type":"ImageObject","inLanguage":"srpski","@id":"https:\/\/serbia.com\/srpski\/bekman-dirkes-srbija-primerna-u-ophodenju-prema-izbeglicama\/#primaryimage","url":"https:\/\/serbia.com\/wp-content\/uploads\/2016\/03\/IMG_7641-1.jpg","contentUrl":"https:\/\/serbia.com\/wp-content\/uploads\/2016\/03\/IMG_7641-1.jpg","width":800,"height":454,"caption":"Norbert Beckmann-Dierkes"},{"@type":"BreadcrumbList","@id":"https:\/\/serbia.com\/srpski\/bekman-dirkes-srbija-primerna-u-ophodenju-prema-izbeglicama\/#breadcrumb","itemListElement":[{"@type":"ListItem","position":1,"name":"Home","item":"https:\/\/serbia.com\/srpski\/"},{"@type":"ListItem","position":2,"name":"Bekman-Dirkes: Srbija primerna u opho\u0111enju prema izbeglicama"}]},{"@type":"WebSite","@id":"https:\/\/serbia.com\/#website","url":"https:\/\/serbia.com\/","name":"Serbia.com","description":"Your Gateway to Serbia","potentialAction":[{"@type":"SearchAction","target":{"@type":"EntryPoint","urlTemplate":"https:\/\/serbia.com\/?s={search_term_string}"},"query-input":{"@type":"PropertyValueSpecification","valueRequired":true,"valueName":"search_term_string"}}],"inLanguage":"srpski"},{"@type":"Person","@id":"https:\/\/serbia.com\/#\/schema\/person\/6fe28d3055f5f291d832531e555da490","name":"Serbia.com","image":{"@type":"ImageObject","inLanguage":"srpski","@id":"https:\/\/secure.gravatar.com\/avatar\/8381eb54f5b393857857cb5fd6c42264c9e14b10435326bc567fcc3511bd8df4?s=96&d=mm&r=g","url":"https:\/\/secure.gravatar.com\/avatar\/8381eb54f5b393857857cb5fd6c42264c9e14b10435326bc567fcc3511bd8df4?s=96&d=mm&r=g","contentUrl":"https:\/\/secure.gravatar.com\/avatar\/8381eb54f5b393857857cb5fd6c42264c9e14b10435326bc567fcc3511bd8df4?s=96&d=mm&r=g","caption":"Serbia.com"},"url":"https:\/\/serbia.com\/srpski\/author\/serbia-com\/"}]}},"brizy_media":[],"_links":{"self":[{"href":"https:\/\/serbia.com\/srpski\/wp-json\/wp\/v2\/posts\/47097","targetHints":{"allow":["GET"]}}],"collection":[{"href":"https:\/\/serbia.com\/srpski\/wp-json\/wp\/v2\/posts"}],"about":[{"href":"https:\/\/serbia.com\/srpski\/wp-json\/wp\/v2\/types\/post"}],"author":[{"embeddable":true,"href":"https:\/\/serbia.com\/srpski\/wp-json\/wp\/v2\/users\/9"}],"replies":[{"embeddable":true,"href":"https:\/\/serbia.com\/srpski\/wp-json\/wp\/v2\/comments?post=47097"}],"version-history":[{"count":0,"href":"https:\/\/serbia.com\/srpski\/wp-json\/wp\/v2\/posts\/47097\/revisions"}],"wp:featuredmedia":[{"embeddable":true,"href":"https:\/\/serbia.com\/srpski\/wp-json\/wp\/v2\/media\/47094"}],"wp:attachment":[{"href":"https:\/\/serbia.com\/srpski\/wp-json\/wp\/v2\/media?parent=47097"}],"wp:term":[{"taxonomy":"category","embeddable":true,"href":"https:\/\/serbia.com\/srpski\/wp-json\/wp\/v2\/categories?post=47097"},{"taxonomy":"post_tag","embeddable":true,"href":"https:\/\/serbia.com\/srpski\/wp-json\/wp\/v2\/tags?post=47097"}],"curies":[{"name":"wp","href":"https:\/\/api.w.org\/{rel}","templated":true}]}}