{"id":46768,"date":"2016-03-02T11:05:14","date_gmt":"2016-03-02T10:05:14","guid":{"rendered":"http:\/\/www.serbia.com\/srpski\/?p=46768"},"modified":"2016-03-02T11:05:14","modified_gmt":"2016-03-02T10:05:14","slug":"predsednik-nikolic-otvorio-novu-atletsku-dvoranu","status":"publish","type":"post","link":"https:\/\/serbia.com\/srpski\/predsednik-nikolic-otvorio-novu-atletsku-dvoranu\/","title":{"rendered":"Predsednik Nikoli\u0107 otvorio novu atletsku dvoranu"},"content":{"rendered":"<h4>Predsednik Srbije Tomislav Nikoli\u0107 danas je sve\u010dano otvorio novoizgra\u0111enu atletsku dvoranu na Banjici, uo\u010di prvog me\u0111unarodnog mitinga &#8220;Serbian open&#8221;, isti\u010du\u0107i da je ovo istorijski trenutak za na\u0161e atleti\u010dare i na\u0161u zemlju.<\/h4>\n<p>&#8220;Niko nije kao atleti\u010dari, osvajaju medalje ispod na\u0161e zastave slu\u0161aju\u0107i na\u0161u himnu, a u svojoj zemlji do danas nisu imali atletsku dvoranu ni za trening, a kamoli za organizovanje presti\u017enih takmi\u010denja. Ali, ovde se ra\u0111aju takva deca, pobe\u0111uju i kada im nije mnogo pru\u017eeno, kada se najmanje o\u010dekuje, jer snaga za pobedu je u nama i na\u0161em odnosu prema zastavi ispod koje stojimo&#8221;, rekao je Nikoli\u0107.<\/p>\n<p>On je podsetio da je izgradnja dvorane trajala \u0161est godina i da je napravljena po standradima Svetske atletske federacije.<\/p>\n<p>&#8220;Ovo je primer kako dobra ideja lako povezuje dva ministarstva koja brinu o mladima, Ministarstvo odbrane i Ministarstvo omladine i sporta, i kako se zajedni\u010dkim naporima dolazi do uspeha. Ova dvorana va\u017ena je za na\u0161e proslavljene sportiste i decu koja tek otkrivaju lepotu kraljice sportova, za razvoj i afirmaciju atletike u Srbiji i \u010ditavom regionu&#8221;, rekao je Nikoli\u0107.<\/p>\n<p>Gradona\u010delnik Beograda Sini\u0161a Mali bio je odu\u0161evljen \u0161to je srpska atletika dobila novi dom.<\/p>\n<p>&#8220;Atletika kao kraljica sportova kona\u010dno je dobila svoj dom. Ova dvorana dolazi u pravom trenutku, uo\u010di Evropskog prvenstva u atletici slede\u0107e godine, kako bismo napravili mnoge rekorde i uspehe&#8221;, naveo je Mali.<\/p>\n<p>Predsednik Atletskog saveza Srbije Veselin Jevrosimovi\u0107 zahvalio se Vladi Srbije na pomo\u0107i oko izgradnje ovog zdanja.<\/p>\n<p>&#8220;Na ulasku u dvoranu stoji tabla i zahvalnica Vladi Srbije, toj istoj koja je sagradila 10 atletskih stadiona, kao i ovaj hram atletike. U ime svih radnika \u017eelim da se zahvalim predsedniku Tomislavu Nikoli\u0107u, koji je svojim uticajem i kao biv\u0161i atleti\u010dar u\u010destvovao u ovom projektu, premijeru Srbije Aleksandru Vu\u010di\u0107u na velikom doprinosu, gradona\u010delniku Sini\u0161i Malom i svima koji su pomogli. Hvala vam \u0161to ste nam ispunili san i \u0161to smo dobili modernu dvoranu&#8221;, poru\u010dio je Jevrosimovi\u0107.<\/p>\n<p>Otvaranju su prisustvovali ministar omladine i sporta Vanja Udovi\u010di\u0107a, prvi \u010dovek Evropske atletske federacije Sven Arne Hansen, a sve\u010danost je uveli\u010dao i najbolji teniser sveta Novak \u0110okovi\u0107, koji se u Beogradu sprema sa reprezentacijom Srbije za me\u010d protiv Kazahstana u 1.kolu Svetske grupe Dejvis kupa.<\/p>\n<p>Posle otvaranja, u novoj dvorani se odr\u017eava internacionalni miting &#8220;Serbia open&#8221;, na kome u\u010destvuju takmi\u010dari iz petnaestak zemalja.<\/p>\n<p>Dvorana, kapaciteta 1.500 mesta, srpskim atleti\u010darima bi\u0107e na raspolaganju tokom cele godine.<\/p>\n<p>Prostire se na 9.270 kvadratnih metara, ima \u010detiri kru\u017ene staze du\u017eine 200 metara, a unutra\u0161njost terena je predvi\u0111ena za skok u dalj, skok s motkom, skok u vis i bacanje kugle.<\/p>\n<p>&nbsp;<\/p>\n<p>Izvor: Tanjug<\/p>\n","protected":false},"excerpt":{"rendered":"<p>Predsednik Srbije Tomislav Nikoli\u0107 danas je sve\u010dano otvorio novoizgra\u0111enu atletsku dvoranu na Banjici, uo\u010di prvog me\u0111unarodnog mitinga &#8220;Serbian open&#8221;, isti\u010du\u0107i da je ovo istorijski trenutak za na\u0161e atleti\u010dare i na\u0161u [&hellip;]<\/p>\n","protected":false},"author":9,"featured_media":46765,"comment_status":"closed","ping_status":"closed","sticky":false,"template":"","format":"standard","meta":{"_acf_changed":false,"inline_featured_image":false,"_monsterinsights_skip_tracking":false,"_monsterinsights_sitenote_active":false,"_monsterinsights_sitenote_note":"","_monsterinsights_sitenote_category":0,"footnotes":""},"categories":[2700],"tags":[5022,729,4377,4015],"class_list":["post-46768","post","type-post","status-publish","format-standard","has-post-thumbnail","hentry","category-vesti","tag-atletska-dvorana-beograd","tag-beograd-srpski","tag-srpski-sport","tag-tomislav-nikolic"],"acf":[],"yoast_head":"<!-- This site is optimized with the Yoast SEO plugin v27.4 - https:\/\/yoast.com\/product\/yoast-seo-wordpress\/ -->\n<title>Predsednik Nikoli\u0107 otvorio novu atletsku dvoranu - Serbia.com<\/title>\n<meta name=\"robots\" content=\"index, follow, max-snippet:-1, max-image-preview:large, max-video-preview:-1\" \/>\n<link rel=\"canonical\" href=\"https:\/\/serbia.com\/srpski\/predsednik-nikolic-otvorio-novu-atletsku-dvoranu\/\" \/>\n<meta property=\"og:locale\" content=\"en_US\" \/>\n<meta property=\"og:type\" content=\"article\" \/>\n<meta property=\"og:title\" content=\"Predsednik Nikoli\u0107 otvorio novu atletsku dvoranu - Serbia.com\" \/>\n<meta property=\"og:description\" content=\"Predsednik Srbije Tomislav Nikoli\u0107 danas je sve\u010dano otvorio novoizgra\u0111enu atletsku dvoranu na Banjici, uo\u010di prvog me\u0111unarodnog mitinga &#8220;Serbian open&#8221;, isti\u010du\u0107i da je ovo istorijski trenutak za na\u0161e atleti\u010dare i na\u0161u [&hellip;]\" \/>\n<meta property=\"og:url\" content=\"https:\/\/serbia.com\/srpski\/predsednik-nikolic-otvorio-novu-atletsku-dvoranu\/\" \/>\n<meta property=\"og:site_name\" content=\"Serbia.com\" \/>\n<meta property=\"article:published_time\" content=\"2016-03-02T10:05:14+00:00\" \/>\n<meta property=\"og:image\" content=\"https:\/\/serbia.com\/wp-content\/uploads\/2016\/03\/Otvaranje-dvorane-620x350.jpg\" \/>\n\t<meta property=\"og:image:width\" content=\"620\" \/>\n\t<meta property=\"og:image:height\" content=\"350\" \/>\n\t<meta property=\"og:image:type\" content=\"image\/jpeg\" \/>\n<meta name=\"author\" content=\"Serbia.com\" \/>\n<meta name=\"twitter:label1\" content=\"Written by\" \/>\n\t<meta name=\"twitter:data1\" content=\"Serbia.com\" \/>\n\t<meta name=\"twitter:label2\" content=\"Est. reading time\" \/>\n\t<meta name=\"twitter:data2\" content=\"2 minutes\" \/>\n<script type=\"application\/ld+json\" class=\"yoast-schema-graph\">{\"@context\":\"https:\\\/\\\/schema.org\",\"@graph\":[{\"@type\":\"Article\",\"@id\":\"https:\\\/\\\/serbia.com\\\/srpski\\\/predsednik-nikolic-otvorio-novu-atletsku-dvoranu\\\/#article\",\"isPartOf\":{\"@id\":\"https:\\\/\\\/serbia.com\\\/srpski\\\/predsednik-nikolic-otvorio-novu-atletsku-dvoranu\\\/\"},\"author\":{\"name\":\"Serbia.com\",\"@id\":\"https:\\\/\\\/serbia.com\\\/#\\\/schema\\\/person\\\/6fe28d3055f5f291d832531e555da490\"},\"headline\":\"Predsednik Nikoli\u0107 otvorio novu atletsku dvoranu\",\"datePublished\":\"2016-03-02T10:05:14+00:00\",\"mainEntityOfPage\":{\"@id\":\"https:\\\/\\\/serbia.com\\\/srpski\\\/predsednik-nikolic-otvorio-novu-atletsku-dvoranu\\\/\"},\"wordCount\":477,\"image\":{\"@id\":\"https:\\\/\\\/serbia.com\\\/srpski\\\/predsednik-nikolic-otvorio-novu-atletsku-dvoranu\\\/#primaryimage\"},\"thumbnailUrl\":\"https:\\\/\\\/serbia.com\\\/wp-content\\\/uploads\\\/2016\\\/03\\\/Otvaranje-dvorane-620x350.jpg\",\"keywords\":[\"Atletska dvorana Beograd\",\"Beograd\",\"Srpski sport\",\"Tomislav Nikolic\"],\"articleSection\":[\"Vesti\"],\"inLanguage\":\"srpski\"},{\"@type\":\"WebPage\",\"@id\":\"https:\\\/\\\/serbia.com\\\/srpski\\\/predsednik-nikolic-otvorio-novu-atletsku-dvoranu\\\/\",\"url\":\"https:\\\/\\\/serbia.com\\\/srpski\\\/predsednik-nikolic-otvorio-novu-atletsku-dvoranu\\\/\",\"name\":\"Predsednik Nikoli\u0107 otvorio novu atletsku dvoranu - Serbia.com\",\"isPartOf\":{\"@id\":\"https:\\\/\\\/serbia.com\\\/#website\"},\"primaryImageOfPage\":{\"@id\":\"https:\\\/\\\/serbia.com\\\/srpski\\\/predsednik-nikolic-otvorio-novu-atletsku-dvoranu\\\/#primaryimage\"},\"image\":{\"@id\":\"https:\\\/\\\/serbia.com\\\/srpski\\\/predsednik-nikolic-otvorio-novu-atletsku-dvoranu\\\/#primaryimage\"},\"thumbnailUrl\":\"https:\\\/\\\/serbia.com\\\/wp-content\\\/uploads\\\/2016\\\/03\\\/Otvaranje-dvorane-620x350.jpg\",\"datePublished\":\"2016-03-02T10:05:14+00:00\",\"author\":{\"@id\":\"https:\\\/\\\/serbia.com\\\/#\\\/schema\\\/person\\\/6fe28d3055f5f291d832531e555da490\"},\"breadcrumb\":{\"@id\":\"https:\\\/\\\/serbia.com\\\/srpski\\\/predsednik-nikolic-otvorio-novu-atletsku-dvoranu\\\/#breadcrumb\"},\"inLanguage\":\"srpski\",\"potentialAction\":[{\"@type\":\"ReadAction\",\"target\":[\"https:\\\/\\\/serbia.com\\\/srpski\\\/predsednik-nikolic-otvorio-novu-atletsku-dvoranu\\\/\"]}]},{\"@type\":\"ImageObject\",\"inLanguage\":\"srpski\",\"@id\":\"https:\\\/\\\/serbia.com\\\/srpski\\\/predsednik-nikolic-otvorio-novu-atletsku-dvoranu\\\/#primaryimage\",\"url\":\"https:\\\/\\\/serbia.com\\\/wp-content\\\/uploads\\\/2016\\\/03\\\/Otvaranje-dvorane-620x350.jpg\",\"contentUrl\":\"https:\\\/\\\/serbia.com\\\/wp-content\\\/uploads\\\/2016\\\/03\\\/Otvaranje-dvorane-620x350.jpg\",\"width\":620,\"height\":350,\"caption\":\"Otvaranje nove dvorane u Beogradu\"},{\"@type\":\"BreadcrumbList\",\"@id\":\"https:\\\/\\\/serbia.com\\\/srpski\\\/predsednik-nikolic-otvorio-novu-atletsku-dvoranu\\\/#breadcrumb\",\"itemListElement\":[{\"@type\":\"ListItem\",\"position\":1,\"name\":\"Home\",\"item\":\"https:\\\/\\\/serbia.com\\\/srpski\\\/srbija\\\/\"},{\"@type\":\"ListItem\",\"position\":2,\"name\":\"Predsednik Nikoli\u0107 otvorio novu atletsku dvoranu\"}]},{\"@type\":\"WebSite\",\"@id\":\"https:\\\/\\\/serbia.com\\\/#website\",\"url\":\"https:\\\/\\\/serbia.com\\\/\",\"name\":\"Serbia.com\",\"description\":\"Your Gateway to Serbia\",\"potentialAction\":[{\"@type\":\"SearchAction\",\"target\":{\"@type\":\"EntryPoint\",\"urlTemplate\":\"https:\\\/\\\/serbia.com\\\/?s={search_term_string}\"},\"query-input\":{\"@type\":\"PropertyValueSpecification\",\"valueRequired\":true,\"valueName\":\"search_term_string\"}}],\"inLanguage\":\"srpski\"},{\"@type\":\"Person\",\"@id\":\"https:\\\/\\\/serbia.com\\\/#\\\/schema\\\/person\\\/6fe28d3055f5f291d832531e555da490\",\"name\":\"Serbia.com\",\"image\":{\"@type\":\"ImageObject\",\"inLanguage\":\"srpski\",\"@id\":\"https:\\\/\\\/secure.gravatar.com\\\/avatar\\\/8381eb54f5b393857857cb5fd6c42264c9e14b10435326bc567fcc3511bd8df4?s=96&d=mm&r=g\",\"url\":\"https:\\\/\\\/secure.gravatar.com\\\/avatar\\\/8381eb54f5b393857857cb5fd6c42264c9e14b10435326bc567fcc3511bd8df4?s=96&d=mm&r=g\",\"contentUrl\":\"https:\\\/\\\/secure.gravatar.com\\\/avatar\\\/8381eb54f5b393857857cb5fd6c42264c9e14b10435326bc567fcc3511bd8df4?s=96&d=mm&r=g\",\"caption\":\"Serbia.com\"},\"url\":\"https:\\\/\\\/serbia.com\\\/srpski\\\/author\\\/serbia-com\\\/\"}]}<\/script>\n<!-- \/ Yoast SEO plugin. -->","yoast_head_json":{"title":"Predsednik Nikoli\u0107 otvorio novu atletsku dvoranu - Serbia.com","robots":{"index":"index","follow":"follow","max-snippet":"max-snippet:-1","max-image-preview":"max-image-preview:large","max-video-preview":"max-video-preview:-1"},"canonical":"https:\/\/serbia.com\/srpski\/predsednik-nikolic-otvorio-novu-atletsku-dvoranu\/","og_locale":"en_US","og_type":"article","og_title":"Predsednik Nikoli\u0107 otvorio novu atletsku dvoranu - Serbia.com","og_description":"Predsednik Srbije Tomislav Nikoli\u0107 danas je sve\u010dano otvorio novoizgra\u0111enu atletsku dvoranu na Banjici, uo\u010di prvog me\u0111unarodnog mitinga &#8220;Serbian open&#8221;, isti\u010du\u0107i da je ovo istorijski trenutak za na\u0161e atleti\u010dare i na\u0161u [&hellip;]","og_url":"https:\/\/serbia.com\/srpski\/predsednik-nikolic-otvorio-novu-atletsku-dvoranu\/","og_site_name":"Serbia.com","article_published_time":"2016-03-02T10:05:14+00:00","og_image":[{"width":620,"height":350,"url":"https:\/\/serbia.com\/wp-content\/uploads\/2016\/03\/Otvaranje-dvorane-620x350.jpg","type":"image\/jpeg"}],"author":"Serbia.com","twitter_misc":{"Written by":"Serbia.com","Est. reading time":"2 minutes"},"schema":{"@context":"https:\/\/schema.org","@graph":[{"@type":"Article","@id":"https:\/\/serbia.com\/srpski\/predsednik-nikolic-otvorio-novu-atletsku-dvoranu\/#article","isPartOf":{"@id":"https:\/\/serbia.com\/srpski\/predsednik-nikolic-otvorio-novu-atletsku-dvoranu\/"},"author":{"name":"Serbia.com","@id":"https:\/\/serbia.com\/#\/schema\/person\/6fe28d3055f5f291d832531e555da490"},"headline":"Predsednik Nikoli\u0107 otvorio novu atletsku dvoranu","datePublished":"2016-03-02T10:05:14+00:00","mainEntityOfPage":{"@id":"https:\/\/serbia.com\/srpski\/predsednik-nikolic-otvorio-novu-atletsku-dvoranu\/"},"wordCount":477,"image":{"@id":"https:\/\/serbia.com\/srpski\/predsednik-nikolic-otvorio-novu-atletsku-dvoranu\/#primaryimage"},"thumbnailUrl":"https:\/\/serbia.com\/wp-content\/uploads\/2016\/03\/Otvaranje-dvorane-620x350.jpg","keywords":["Atletska dvorana Beograd","Beograd","Srpski sport","Tomislav Nikolic"],"articleSection":["Vesti"],"inLanguage":"srpski"},{"@type":"WebPage","@id":"https:\/\/serbia.com\/srpski\/predsednik-nikolic-otvorio-novu-atletsku-dvoranu\/","url":"https:\/\/serbia.com\/srpski\/predsednik-nikolic-otvorio-novu-atletsku-dvoranu\/","name":"Predsednik Nikoli\u0107 otvorio novu atletsku dvoranu - Serbia.com","isPartOf":{"@id":"https:\/\/serbia.com\/#website"},"primaryImageOfPage":{"@id":"https:\/\/serbia.com\/srpski\/predsednik-nikolic-otvorio-novu-atletsku-dvoranu\/#primaryimage"},"image":{"@id":"https:\/\/serbia.com\/srpski\/predsednik-nikolic-otvorio-novu-atletsku-dvoranu\/#primaryimage"},"thumbnailUrl":"https:\/\/serbia.com\/wp-content\/uploads\/2016\/03\/Otvaranje-dvorane-620x350.jpg","datePublished":"2016-03-02T10:05:14+00:00","author":{"@id":"https:\/\/serbia.com\/#\/schema\/person\/6fe28d3055f5f291d832531e555da490"},"breadcrumb":{"@id":"https:\/\/serbia.com\/srpski\/predsednik-nikolic-otvorio-novu-atletsku-dvoranu\/#breadcrumb"},"inLanguage":"srpski","potentialAction":[{"@type":"ReadAction","target":["https:\/\/serbia.com\/srpski\/predsednik-nikolic-otvorio-novu-atletsku-dvoranu\/"]}]},{"@type":"ImageObject","inLanguage":"srpski","@id":"https:\/\/serbia.com\/srpski\/predsednik-nikolic-otvorio-novu-atletsku-dvoranu\/#primaryimage","url":"https:\/\/serbia.com\/wp-content\/uploads\/2016\/03\/Otvaranje-dvorane-620x350.jpg","contentUrl":"https:\/\/serbia.com\/wp-content\/uploads\/2016\/03\/Otvaranje-dvorane-620x350.jpg","width":620,"height":350,"caption":"Otvaranje nove dvorane u Beogradu"},{"@type":"BreadcrumbList","@id":"https:\/\/serbia.com\/srpski\/predsednik-nikolic-otvorio-novu-atletsku-dvoranu\/#breadcrumb","itemListElement":[{"@type":"ListItem","position":1,"name":"Home","item":"https:\/\/serbia.com\/srpski\/srbija\/"},{"@type":"ListItem","position":2,"name":"Predsednik Nikoli\u0107 otvorio novu atletsku dvoranu"}]},{"@type":"WebSite","@id":"https:\/\/serbia.com\/#website","url":"https:\/\/serbia.com\/","name":"Serbia.com","description":"Your Gateway to Serbia","potentialAction":[{"@type":"SearchAction","target":{"@type":"EntryPoint","urlTemplate":"https:\/\/serbia.com\/?s={search_term_string}"},"query-input":{"@type":"PropertyValueSpecification","valueRequired":true,"valueName":"search_term_string"}}],"inLanguage":"srpski"},{"@type":"Person","@id":"https:\/\/serbia.com\/#\/schema\/person\/6fe28d3055f5f291d832531e555da490","name":"Serbia.com","image":{"@type":"ImageObject","inLanguage":"srpski","@id":"https:\/\/secure.gravatar.com\/avatar\/8381eb54f5b393857857cb5fd6c42264c9e14b10435326bc567fcc3511bd8df4?s=96&d=mm&r=g","url":"https:\/\/secure.gravatar.com\/avatar\/8381eb54f5b393857857cb5fd6c42264c9e14b10435326bc567fcc3511bd8df4?s=96&d=mm&r=g","contentUrl":"https:\/\/secure.gravatar.com\/avatar\/8381eb54f5b393857857cb5fd6c42264c9e14b10435326bc567fcc3511bd8df4?s=96&d=mm&r=g","caption":"Serbia.com"},"url":"https:\/\/serbia.com\/srpski\/author\/serbia-com\/"}]}},"brizy_media":[],"_links":{"self":[{"href":"https:\/\/serbia.com\/srpski\/wp-json\/wp\/v2\/posts\/46768","targetHints":{"allow":["GET"]}}],"collection":[{"href":"https:\/\/serbia.com\/srpski\/wp-json\/wp\/v2\/posts"}],"about":[{"href":"https:\/\/serbia.com\/srpski\/wp-json\/wp\/v2\/types\/post"}],"author":[{"embeddable":true,"href":"https:\/\/serbia.com\/srpski\/wp-json\/wp\/v2\/users\/9"}],"replies":[{"embeddable":true,"href":"https:\/\/serbia.com\/srpski\/wp-json\/wp\/v2\/comments?post=46768"}],"version-history":[{"count":0,"href":"https:\/\/serbia.com\/srpski\/wp-json\/wp\/v2\/posts\/46768\/revisions"}],"wp:featuredmedia":[{"embeddable":true,"href":"https:\/\/serbia.com\/srpski\/wp-json\/wp\/v2\/media\/46765"}],"wp:attachment":[{"href":"https:\/\/serbia.com\/srpski\/wp-json\/wp\/v2\/media?parent=46768"}],"wp:term":[{"taxonomy":"category","embeddable":true,"href":"https:\/\/serbia.com\/srpski\/wp-json\/wp\/v2\/categories?post=46768"},{"taxonomy":"post_tag","embeddable":true,"href":"https:\/\/serbia.com\/srpski\/wp-json\/wp\/v2\/tags?post=46768"}],"curies":[{"name":"wp","href":"https:\/\/api.w.org\/{rel}","templated":true}]}}