{"id":46516,"date":"2016-02-26T12:11:40","date_gmt":"2016-02-26T11:11:40","guid":{"rendered":"http:\/\/www.serbia.com\/srpski\/?p=46516"},"modified":"2016-02-26T12:11:40","modified_gmt":"2016-02-26T11:11:40","slug":"ohrabrujuce-ocene-izazov-javni-dug-i-strukturne-reforme","status":"publish","type":"post","link":"https:\/\/serbia.com\/srpski\/ohrabrujuce-ocene-izazov-javni-dug-i-strukturne-reforme\/","title":{"rendered":"Ohrabruju\u0107e ocene, izazov javni dug i strukturne reforme"},"content":{"rendered":"<h4>\u0160ef delegacije MMF D\u017eejms Ruf izjavio je danas da su pozitivne ocene koje je Srbija dobila od svih me\u0111unarodnih finansijskih institucija veoma ohrabruju\u0107e, da je pozitivan pomak vidljiv i da program napreduje u smeru uspe\u0161ne realizacije.<\/h4>\n<p>Ruf je na sastanku sa premijerom Srbije Aleksandrom Vu\u010di\u0107em ocenio da predstoje\u0107i parlamentarni izbori u Srbiji ne bi trebalo da se odraze na nastavak reformi.<\/p>\n<p>On je dodao da su smanjenje javnog duga, racionalizacija i strukturne reforme najva\u017eniji izazovi i da u ovim oblastima o\u010dekuje jo\u0161 bolje rezultate u narednom periodu.<\/p>\n<p>Premijer i delagacija MMF sastali su se povodom \u010detvrte revizije aran\u017emana iz predostro\u017enosti, koji je Vlada Srbije potpisala sa ovom me\u0111unarodnom finansijskom institucijom.<\/p>\n<p>U uvodnoj re\u010di premijer Vu\u010di\u0107 je zahvalio delegaciji MMF na \u010destitkama za uspeh koji je postignut do ovog trenutka i rekao da je namera Srbije da ulo\u017ei jo\u0161 mnogo rada kako bi ostala na dobrom putu.<\/p>\n<p>Vu\u010di\u0107 je izrazio uverenje da \u0107e se, do slede\u0107eg dolaska misije u Beograd, Vlada Srbije i on li\u010dno dodatno anga\u017eovati u cilju uspe\u0161ne realizacije procesa racionalizacije javnog sektora.<\/p>\n<p>Tema razgovora bila su i preduze\u0107a u restruktuiranju, me\u0111u kojima se najvi\u0161e razgovaralo o Elektroprivredi Srbije, \u017deleznicama, Srbijagasu i RTB Bor.<\/p>\n<p>Vu\u010di\u0107 je \u00a0istakao da je ponosan na rezultate u fiskalnom deficitu i dodao da \u0107e, i pored te\u0161kih razgovora o preduze\u0107ima u dr\u017eavnom vlasni\u0161tvu, kao i problemu privatizacije preostalih 10 preduze\u0107a u restrukturiranju, sve obaveze Srbije biti ispunjene u dogovorenom roku uz njegovo li\u010dno anga\u017eovanje.<\/p>\n<p>\u201eZadatak Srbije je da nastavi marljivo da radi u cilju pove\u0107anja bruto doma\u0107eg proizvoda i stabilizacije javnog duga. Pored racionalizacije, privatizacija preduze\u0107a bi\u0107e na\u0161 glavni zadatak u narednom periodu&#8221;, izjavio je premijer.<\/p>\n<p>On je u ime Vlade Srbije zahvalio svim \u010dlanovima delegacije MMF koji u\u010destvuju u kreiranju bolje i uspe\u0161ne Srbije.<\/p>\n<p>Predsednik Vlade je izrazio o\u010dekivanja da \u0107e Srbija, uz pomo\u0107 stru\u010dnih saveta \u010dlanova misije MMF, ostvariti pozitivne rezultate \u010detvrte i pete revizije aran\u017emana iz predostro\u017enosti.<\/p>\n<p>&nbsp;<\/p>\n<p>Izvor: Tanjug<\/p>\n","protected":false},"excerpt":{"rendered":"<p>\u0160ef delegacije MMF D\u017eejms Ruf izjavio je danas da su pozitivne ocene koje je Srbija dobila od svih me\u0111unarodnih finansijskih institucija veoma ohrabruju\u0107e, da je pozitivan pomak vidljiv i da [&hellip;]<\/p>\n","protected":false},"author":9,"featured_media":45942,"comment_status":"closed","ping_status":"closed","sticky":false,"template":"","format":"standard","meta":{"_acf_changed":false,"inline_featured_image":false,"_monsterinsights_skip_tracking":false,"_monsterinsights_sitenote_active":false,"_monsterinsights_sitenote_note":"","_monsterinsights_sitenote_category":0,"footnotes":""},"categories":[2700],"tags":[4790,4789],"class_list":["post-46516","post","type-post","status-publish","format-standard","has-post-thumbnail","hentry","category-vesti","tag-dzejms-ruf","tag-mmf"],"acf":[],"yoast_head":"<!-- This site is optimized with the Yoast SEO plugin v27.4 - https:\/\/yoast.com\/product\/yoast-seo-wordpress\/ -->\n<title>Ohrabruju\u0107e ocene, izazov javni dug i strukturne reforme - Serbia.com<\/title>\n<meta name=\"robots\" content=\"index, follow, max-snippet:-1, max-image-preview:large, max-video-preview:-1\" \/>\n<link rel=\"canonical\" href=\"https:\/\/serbia.com\/srpski\/ohrabrujuce-ocene-izazov-javni-dug-i-strukturne-reforme\/\" \/>\n<meta property=\"og:locale\" content=\"en_US\" \/>\n<meta property=\"og:type\" content=\"article\" \/>\n<meta property=\"og:title\" content=\"Ohrabruju\u0107e ocene, izazov javni dug i strukturne reforme - Serbia.com\" \/>\n<meta property=\"og:description\" content=\"\u0160ef delegacije MMF D\u017eejms Ruf izjavio je danas da su pozitivne ocene koje je Srbija dobila od svih me\u0111unarodnih finansijskih institucija veoma ohrabruju\u0107e, da je pozitivan pomak vidljiv i da [&hellip;]\" \/>\n<meta property=\"og:url\" content=\"https:\/\/serbia.com\/srpski\/ohrabrujuce-ocene-izazov-javni-dug-i-strukturne-reforme\/\" \/>\n<meta property=\"og:site_name\" content=\"Serbia.com\" \/>\n<meta property=\"article:published_time\" content=\"2016-02-26T11:11:40+00:00\" \/>\n<meta property=\"og:image\" content=\"https:\/\/serbia.com\/wp-content\/uploads\/2016\/02\/james-.jpg\" \/>\n\t<meta property=\"og:image:width\" content=\"650\" \/>\n\t<meta property=\"og:image:height\" content=\"431\" \/>\n\t<meta property=\"og:image:type\" content=\"image\/jpeg\" \/>\n<meta name=\"author\" content=\"Serbia.com\" \/>\n<meta name=\"twitter:label1\" content=\"Written by\" \/>\n\t<meta name=\"twitter:data1\" content=\"Serbia.com\" \/>\n\t<meta name=\"twitter:label2\" content=\"Est. reading time\" \/>\n\t<meta name=\"twitter:data2\" content=\"2 minutes\" \/>\n<script type=\"application\/ld+json\" class=\"yoast-schema-graph\">{\"@context\":\"https:\\\/\\\/schema.org\",\"@graph\":[{\"@type\":\"Article\",\"@id\":\"https:\\\/\\\/serbia.com\\\/srpski\\\/ohrabrujuce-ocene-izazov-javni-dug-i-strukturne-reforme\\\/#article\",\"isPartOf\":{\"@id\":\"https:\\\/\\\/serbia.com\\\/srpski\\\/ohrabrujuce-ocene-izazov-javni-dug-i-strukturne-reforme\\\/\"},\"author\":{\"name\":\"Serbia.com\",\"@id\":\"https:\\\/\\\/serbia.com\\\/#\\\/schema\\\/person\\\/6fe28d3055f5f291d832531e555da490\"},\"headline\":\"Ohrabruju\u0107e ocene, izazov javni dug i strukturne reforme\",\"datePublished\":\"2016-02-26T11:11:40+00:00\",\"mainEntityOfPage\":{\"@id\":\"https:\\\/\\\/serbia.com\\\/srpski\\\/ohrabrujuce-ocene-izazov-javni-dug-i-strukturne-reforme\\\/\"},\"wordCount\":368,\"image\":{\"@id\":\"https:\\\/\\\/serbia.com\\\/srpski\\\/ohrabrujuce-ocene-izazov-javni-dug-i-strukturne-reforme\\\/#primaryimage\"},\"thumbnailUrl\":\"https:\\\/\\\/serbia.com\\\/wp-content\\\/uploads\\\/2016\\\/02\\\/james-.jpg\",\"keywords\":[\"D\u017eejms Ruf\",\"MMF\"],\"articleSection\":[\"Vesti\"],\"inLanguage\":\"srpski\"},{\"@type\":\"WebPage\",\"@id\":\"https:\\\/\\\/serbia.com\\\/srpski\\\/ohrabrujuce-ocene-izazov-javni-dug-i-strukturne-reforme\\\/\",\"url\":\"https:\\\/\\\/serbia.com\\\/srpski\\\/ohrabrujuce-ocene-izazov-javni-dug-i-strukturne-reforme\\\/\",\"name\":\"Ohrabruju\u0107e ocene, izazov javni dug i strukturne reforme - Serbia.com\",\"isPartOf\":{\"@id\":\"https:\\\/\\\/serbia.com\\\/#website\"},\"primaryImageOfPage\":{\"@id\":\"https:\\\/\\\/serbia.com\\\/srpski\\\/ohrabrujuce-ocene-izazov-javni-dug-i-strukturne-reforme\\\/#primaryimage\"},\"image\":{\"@id\":\"https:\\\/\\\/serbia.com\\\/srpski\\\/ohrabrujuce-ocene-izazov-javni-dug-i-strukturne-reforme\\\/#primaryimage\"},\"thumbnailUrl\":\"https:\\\/\\\/serbia.com\\\/wp-content\\\/uploads\\\/2016\\\/02\\\/james-.jpg\",\"datePublished\":\"2016-02-26T11:11:40+00:00\",\"author\":{\"@id\":\"https:\\\/\\\/serbia.com\\\/#\\\/schema\\\/person\\\/6fe28d3055f5f291d832531e555da490\"},\"breadcrumb\":{\"@id\":\"https:\\\/\\\/serbia.com\\\/srpski\\\/ohrabrujuce-ocene-izazov-javni-dug-i-strukturne-reforme\\\/#breadcrumb\"},\"inLanguage\":\"srpski\",\"potentialAction\":[{\"@type\":\"ReadAction\",\"target\":[\"https:\\\/\\\/serbia.com\\\/srpski\\\/ohrabrujuce-ocene-izazov-javni-dug-i-strukturne-reforme\\\/\"]}]},{\"@type\":\"ImageObject\",\"inLanguage\":\"srpski\",\"@id\":\"https:\\\/\\\/serbia.com\\\/srpski\\\/ohrabrujuce-ocene-izazov-javni-dug-i-strukturne-reforme\\\/#primaryimage\",\"url\":\"https:\\\/\\\/serbia.com\\\/wp-content\\\/uploads\\\/2016\\\/02\\\/james-.jpg\",\"contentUrl\":\"https:\\\/\\\/serbia.com\\\/wp-content\\\/uploads\\\/2016\\\/02\\\/james-.jpg\",\"width\":650,\"height\":431,\"caption\":\"James Roaf\"},{\"@type\":\"BreadcrumbList\",\"@id\":\"https:\\\/\\\/serbia.com\\\/srpski\\\/ohrabrujuce-ocene-izazov-javni-dug-i-strukturne-reforme\\\/#breadcrumb\",\"itemListElement\":[{\"@type\":\"ListItem\",\"position\":1,\"name\":\"Home\",\"item\":\"https:\\\/\\\/serbia.com\\\/srpski\\\/srbija\\\/\"},{\"@type\":\"ListItem\",\"position\":2,\"name\":\"Ohrabruju\u0107e ocene, izazov javni dug i strukturne reforme\"}]},{\"@type\":\"WebSite\",\"@id\":\"https:\\\/\\\/serbia.com\\\/#website\",\"url\":\"https:\\\/\\\/serbia.com\\\/\",\"name\":\"Serbia.com\",\"description\":\"Your Gateway to Serbia\",\"potentialAction\":[{\"@type\":\"SearchAction\",\"target\":{\"@type\":\"EntryPoint\",\"urlTemplate\":\"https:\\\/\\\/serbia.com\\\/?s={search_term_string}\"},\"query-input\":{\"@type\":\"PropertyValueSpecification\",\"valueRequired\":true,\"valueName\":\"search_term_string\"}}],\"inLanguage\":\"srpski\"},{\"@type\":\"Person\",\"@id\":\"https:\\\/\\\/serbia.com\\\/#\\\/schema\\\/person\\\/6fe28d3055f5f291d832531e555da490\",\"name\":\"Serbia.com\",\"image\":{\"@type\":\"ImageObject\",\"inLanguage\":\"srpski\",\"@id\":\"https:\\\/\\\/secure.gravatar.com\\\/avatar\\\/8381eb54f5b393857857cb5fd6c42264c9e14b10435326bc567fcc3511bd8df4?s=96&d=mm&r=g\",\"url\":\"https:\\\/\\\/secure.gravatar.com\\\/avatar\\\/8381eb54f5b393857857cb5fd6c42264c9e14b10435326bc567fcc3511bd8df4?s=96&d=mm&r=g\",\"contentUrl\":\"https:\\\/\\\/secure.gravatar.com\\\/avatar\\\/8381eb54f5b393857857cb5fd6c42264c9e14b10435326bc567fcc3511bd8df4?s=96&d=mm&r=g\",\"caption\":\"Serbia.com\"},\"url\":\"https:\\\/\\\/serbia.com\\\/srpski\\\/author\\\/serbia-com\\\/\"}]}<\/script>\n<!-- \/ Yoast SEO plugin. -->","yoast_head_json":{"title":"Ohrabruju\u0107e ocene, izazov javni dug i strukturne reforme - Serbia.com","robots":{"index":"index","follow":"follow","max-snippet":"max-snippet:-1","max-image-preview":"max-image-preview:large","max-video-preview":"max-video-preview:-1"},"canonical":"https:\/\/serbia.com\/srpski\/ohrabrujuce-ocene-izazov-javni-dug-i-strukturne-reforme\/","og_locale":"en_US","og_type":"article","og_title":"Ohrabruju\u0107e ocene, izazov javni dug i strukturne reforme - Serbia.com","og_description":"\u0160ef delegacije MMF D\u017eejms Ruf izjavio je danas da su pozitivne ocene koje je Srbija dobila od svih me\u0111unarodnih finansijskih institucija veoma ohrabruju\u0107e, da je pozitivan pomak vidljiv i da [&hellip;]","og_url":"https:\/\/serbia.com\/srpski\/ohrabrujuce-ocene-izazov-javni-dug-i-strukturne-reforme\/","og_site_name":"Serbia.com","article_published_time":"2016-02-26T11:11:40+00:00","og_image":[{"width":650,"height":431,"url":"https:\/\/serbia.com\/wp-content\/uploads\/2016\/02\/james-.jpg","type":"image\/jpeg"}],"author":"Serbia.com","twitter_misc":{"Written by":"Serbia.com","Est. reading time":"2 minutes"},"schema":{"@context":"https:\/\/schema.org","@graph":[{"@type":"Article","@id":"https:\/\/serbia.com\/srpski\/ohrabrujuce-ocene-izazov-javni-dug-i-strukturne-reforme\/#article","isPartOf":{"@id":"https:\/\/serbia.com\/srpski\/ohrabrujuce-ocene-izazov-javni-dug-i-strukturne-reforme\/"},"author":{"name":"Serbia.com","@id":"https:\/\/serbia.com\/#\/schema\/person\/6fe28d3055f5f291d832531e555da490"},"headline":"Ohrabruju\u0107e ocene, izazov javni dug i strukturne reforme","datePublished":"2016-02-26T11:11:40+00:00","mainEntityOfPage":{"@id":"https:\/\/serbia.com\/srpski\/ohrabrujuce-ocene-izazov-javni-dug-i-strukturne-reforme\/"},"wordCount":368,"image":{"@id":"https:\/\/serbia.com\/srpski\/ohrabrujuce-ocene-izazov-javni-dug-i-strukturne-reforme\/#primaryimage"},"thumbnailUrl":"https:\/\/serbia.com\/wp-content\/uploads\/2016\/02\/james-.jpg","keywords":["D\u017eejms Ruf","MMF"],"articleSection":["Vesti"],"inLanguage":"srpski"},{"@type":"WebPage","@id":"https:\/\/serbia.com\/srpski\/ohrabrujuce-ocene-izazov-javni-dug-i-strukturne-reforme\/","url":"https:\/\/serbia.com\/srpski\/ohrabrujuce-ocene-izazov-javni-dug-i-strukturne-reforme\/","name":"Ohrabruju\u0107e ocene, izazov javni dug i strukturne reforme - Serbia.com","isPartOf":{"@id":"https:\/\/serbia.com\/#website"},"primaryImageOfPage":{"@id":"https:\/\/serbia.com\/srpski\/ohrabrujuce-ocene-izazov-javni-dug-i-strukturne-reforme\/#primaryimage"},"image":{"@id":"https:\/\/serbia.com\/srpski\/ohrabrujuce-ocene-izazov-javni-dug-i-strukturne-reforme\/#primaryimage"},"thumbnailUrl":"https:\/\/serbia.com\/wp-content\/uploads\/2016\/02\/james-.jpg","datePublished":"2016-02-26T11:11:40+00:00","author":{"@id":"https:\/\/serbia.com\/#\/schema\/person\/6fe28d3055f5f291d832531e555da490"},"breadcrumb":{"@id":"https:\/\/serbia.com\/srpski\/ohrabrujuce-ocene-izazov-javni-dug-i-strukturne-reforme\/#breadcrumb"},"inLanguage":"srpski","potentialAction":[{"@type":"ReadAction","target":["https:\/\/serbia.com\/srpski\/ohrabrujuce-ocene-izazov-javni-dug-i-strukturne-reforme\/"]}]},{"@type":"ImageObject","inLanguage":"srpski","@id":"https:\/\/serbia.com\/srpski\/ohrabrujuce-ocene-izazov-javni-dug-i-strukturne-reforme\/#primaryimage","url":"https:\/\/serbia.com\/wp-content\/uploads\/2016\/02\/james-.jpg","contentUrl":"https:\/\/serbia.com\/wp-content\/uploads\/2016\/02\/james-.jpg","width":650,"height":431,"caption":"James Roaf"},{"@type":"BreadcrumbList","@id":"https:\/\/serbia.com\/srpski\/ohrabrujuce-ocene-izazov-javni-dug-i-strukturne-reforme\/#breadcrumb","itemListElement":[{"@type":"ListItem","position":1,"name":"Home","item":"https:\/\/serbia.com\/srpski\/srbija\/"},{"@type":"ListItem","position":2,"name":"Ohrabruju\u0107e ocene, izazov javni dug i strukturne reforme"}]},{"@type":"WebSite","@id":"https:\/\/serbia.com\/#website","url":"https:\/\/serbia.com\/","name":"Serbia.com","description":"Your Gateway to Serbia","potentialAction":[{"@type":"SearchAction","target":{"@type":"EntryPoint","urlTemplate":"https:\/\/serbia.com\/?s={search_term_string}"},"query-input":{"@type":"PropertyValueSpecification","valueRequired":true,"valueName":"search_term_string"}}],"inLanguage":"srpski"},{"@type":"Person","@id":"https:\/\/serbia.com\/#\/schema\/person\/6fe28d3055f5f291d832531e555da490","name":"Serbia.com","image":{"@type":"ImageObject","inLanguage":"srpski","@id":"https:\/\/secure.gravatar.com\/avatar\/8381eb54f5b393857857cb5fd6c42264c9e14b10435326bc567fcc3511bd8df4?s=96&d=mm&r=g","url":"https:\/\/secure.gravatar.com\/avatar\/8381eb54f5b393857857cb5fd6c42264c9e14b10435326bc567fcc3511bd8df4?s=96&d=mm&r=g","contentUrl":"https:\/\/secure.gravatar.com\/avatar\/8381eb54f5b393857857cb5fd6c42264c9e14b10435326bc567fcc3511bd8df4?s=96&d=mm&r=g","caption":"Serbia.com"},"url":"https:\/\/serbia.com\/srpski\/author\/serbia-com\/"}]}},"brizy_media":[],"_links":{"self":[{"href":"https:\/\/serbia.com\/srpski\/wp-json\/wp\/v2\/posts\/46516","targetHints":{"allow":["GET"]}}],"collection":[{"href":"https:\/\/serbia.com\/srpski\/wp-json\/wp\/v2\/posts"}],"about":[{"href":"https:\/\/serbia.com\/srpski\/wp-json\/wp\/v2\/types\/post"}],"author":[{"embeddable":true,"href":"https:\/\/serbia.com\/srpski\/wp-json\/wp\/v2\/users\/9"}],"replies":[{"embeddable":true,"href":"https:\/\/serbia.com\/srpski\/wp-json\/wp\/v2\/comments?post=46516"}],"version-history":[{"count":0,"href":"https:\/\/serbia.com\/srpski\/wp-json\/wp\/v2\/posts\/46516\/revisions"}],"wp:featuredmedia":[{"embeddable":true,"href":"https:\/\/serbia.com\/srpski\/wp-json\/wp\/v2\/media\/45942"}],"wp:attachment":[{"href":"https:\/\/serbia.com\/srpski\/wp-json\/wp\/v2\/media?parent=46516"}],"wp:term":[{"taxonomy":"category","embeddable":true,"href":"https:\/\/serbia.com\/srpski\/wp-json\/wp\/v2\/categories?post=46516"},{"taxonomy":"post_tag","embeddable":true,"href":"https:\/\/serbia.com\/srpski\/wp-json\/wp\/v2\/tags?post=46516"}],"curies":[{"name":"wp","href":"https:\/\/api.w.org\/{rel}","templated":true}]}}