{"id":46503,"date":"2016-02-26T12:07:42","date_gmt":"2016-02-26T11:07:42","guid":{"rendered":"http:\/\/www.serbia.com\/srpski\/?p=46503"},"modified":"2016-02-26T12:07:42","modified_gmt":"2016-02-26T11:07:42","slug":"prolece-u-februaru-prva-stanica-dorcol","status":"publish","type":"post","link":"https:\/\/serbia.com\/srpski\/prolece-u-februaru-prva-stanica-dorcol\/","title":{"rendered":"Prole\u0107e u februaru: prva stanica &#8211; Dor\u0107ol!"},"content":{"rendered":"<h4>Sigurno ste \u010duli za onu izreku: ,,Pro\u0161ao je zimski san, prole\u0107e je tu!\u2019\u2019. Jedno drvo na Dor\u0107olu slo\u017eilo se sa tom re\u010denicom i odlu\u010dilo da se ranije probudi iz svog sna. Uskoro \u0107e, nadamo se, ovo, najstarije, jezgro grada Beograda mo\u0107i da se pohvali prelepim prole\u0107nim prizorima.<\/h4>\n<p>[doptg id=&#8221;65&#8243;]<\/p>\n<p>&nbsp;<\/p>\n<p>Nemogu\u0107e je ne radovati se prole\u0107u i ba\u0161 iz tog razloga voleli bismo da nam u komentarima \u0161aljete slike prole\u0107a u Srbiji kad bude pristiglo i u va\u0161 kraj.<\/p>\n<p>I iako je danas je ki\u0161no i obla\u010dno vreme u <a href=\"http:\/\/www.serbia.com\/srpski\/posetite-srbiju\/gradovi\/beograd\/\" target=\"_blank\">Beogradu<\/a>, potrudite se da ga provedete kao da je sun\u010dan prole\u0107ni dan. Ipak je petak, a to je dovoljan razlog za radovanje!<\/p>\n<p><img loading=\"lazy\" decoding=\"async\" class=\"aligncenter size-full wp-image-46507\" src=\"http:\/\/www.serbia.com\/wp-content\/uploads\/2016\/02\/prolece-citat.jpg\" alt=\"Prole\u0107e u Srbiji\" width=\"800\" height=\"500\" srcset=\"https:\/\/serbia.com\/wp-content\/uploads\/2016\/02\/prolece-citat.jpg 800w, https:\/\/serbia.com\/wp-content\/uploads\/2016\/02\/prolece-citat-300x188.jpg 300w, https:\/\/serbia.com\/wp-content\/uploads\/2016\/02\/prolece-citat-768x480.jpg 768w\" sizes=\"auto, (max-width: 800px) 100vw, 800px\" \/><\/p>\n<p>&nbsp;<\/p>\n","protected":false},"excerpt":{"rendered":"<p>Sigurno ste \u010duli za onu izreku: ,,Pro\u0161ao je zimski san, prole\u0107e je tu!\u2019\u2019. Jedno drvo na Dor\u0107olu slo\u017eilo se sa tom re\u010denicom i odlu\u010dilo da se ranije probudi iz svog [&hellip;]<\/p>\n","protected":false},"author":9,"featured_media":46499,"comment_status":"closed","ping_status":"closed","sticky":false,"template":"","format":"standard","meta":{"_acf_changed":false,"inline_featured_image":false,"_monsterinsights_skip_tracking":false,"_monsterinsights_sitenote_active":false,"_monsterinsights_sitenote_note":"","_monsterinsights_sitenote_category":0,"footnotes":""},"categories":[2497,2846],"tags":[3623,4947,4944,4946],"class_list":["post-46503","post","type-post","status-publish","format-standard","has-post-thumbnail","hentry","category-beograd-gradovi","category-istaknuto","tag-beograd","tag-cvetanje","tag-dorcol","tag-prolece"],"acf":[],"yoast_head":"<!-- This site is optimized with the Yoast SEO plugin v27.4 - https:\/\/yoast.com\/product\/yoast-seo-wordpress\/ -->\n<title>Prole\u0107e u februaru: prva stanica - Dor\u0107ol! - Serbia.com<\/title>\n<meta name=\"robots\" content=\"index, follow, max-snippet:-1, max-image-preview:large, max-video-preview:-1\" \/>\n<link rel=\"canonical\" href=\"https:\/\/serbia.com\/srpski\/prolece-u-februaru-prva-stanica-dorcol\/\" \/>\n<meta property=\"og:locale\" content=\"en_US\" \/>\n<meta property=\"og:type\" content=\"article\" \/>\n<meta property=\"og:title\" content=\"Prole\u0107e u februaru: prva stanica - Dor\u0107ol! - Serbia.com\" \/>\n<meta property=\"og:description\" content=\"Sigurno ste \u010duli za onu izreku: ,,Pro\u0161ao je zimski san, prole\u0107e je tu!\u2019\u2019. Jedno drvo na Dor\u0107olu slo\u017eilo se sa tom re\u010denicom i odlu\u010dilo da se ranije probudi iz svog [&hellip;]\" \/>\n<meta property=\"og:url\" content=\"https:\/\/serbia.com\/srpski\/prolece-u-februaru-prva-stanica-dorcol\/\" \/>\n<meta property=\"og:site_name\" content=\"Serbia.com\" \/>\n<meta property=\"article:published_time\" content=\"2016-02-26T11:07:42+00:00\" \/>\n<meta property=\"og:image\" content=\"https:\/\/serbia.com\/wp-content\/uploads\/2016\/02\/featured-e1456484320185.jpg\" \/>\n\t<meta property=\"og:image:width\" content=\"800\" \/>\n\t<meta property=\"og:image:height\" content=\"408\" \/>\n\t<meta property=\"og:image:type\" content=\"image\/jpeg\" \/>\n<meta name=\"author\" content=\"Serbia.com\" \/>\n<meta name=\"twitter:label1\" content=\"Written by\" \/>\n\t<meta name=\"twitter:data1\" content=\"Serbia.com\" \/>\n\t<meta name=\"twitter:label2\" content=\"Est. reading time\" \/>\n\t<meta name=\"twitter:data2\" content=\"1 minute\" \/>\n<script type=\"application\/ld+json\" class=\"yoast-schema-graph\">{\"@context\":\"https:\\\/\\\/schema.org\",\"@graph\":[{\"@type\":\"Article\",\"@id\":\"https:\\\/\\\/serbia.com\\\/srpski\\\/prolece-u-februaru-prva-stanica-dorcol\\\/#article\",\"isPartOf\":{\"@id\":\"https:\\\/\\\/serbia.com\\\/srpski\\\/prolece-u-februaru-prva-stanica-dorcol\\\/\"},\"author\":{\"name\":\"Serbia.com\",\"@id\":\"https:\\\/\\\/serbia.com\\\/#\\\/schema\\\/person\\\/6fe28d3055f5f291d832531e555da490\"},\"headline\":\"Prole\u0107e u februaru: prva stanica &#8211; Dor\u0107ol!\",\"datePublished\":\"2016-02-26T11:07:42+00:00\",\"mainEntityOfPage\":{\"@id\":\"https:\\\/\\\/serbia.com\\\/srpski\\\/prolece-u-februaru-prva-stanica-dorcol\\\/\"},\"wordCount\":136,\"image\":{\"@id\":\"https:\\\/\\\/serbia.com\\\/srpski\\\/prolece-u-februaru-prva-stanica-dorcol\\\/#primaryimage\"},\"thumbnailUrl\":\"https:\\\/\\\/serbia.com\\\/wp-content\\\/uploads\\\/2016\\\/02\\\/featured-e1456484320185.jpg\",\"keywords\":[\"Beograd\",\"Cvetanje\",\"Dor\u0107ol\",\"Prole\u0107e\"],\"articleSection\":[\"Beograd\",\"Istaknuto\"],\"inLanguage\":\"srpski\"},{\"@type\":\"WebPage\",\"@id\":\"https:\\\/\\\/serbia.com\\\/srpski\\\/prolece-u-februaru-prva-stanica-dorcol\\\/\",\"url\":\"https:\\\/\\\/serbia.com\\\/srpski\\\/prolece-u-februaru-prva-stanica-dorcol\\\/\",\"name\":\"Prole\u0107e u februaru: prva stanica - Dor\u0107ol! - Serbia.com\",\"isPartOf\":{\"@id\":\"https:\\\/\\\/serbia.com\\\/#website\"},\"primaryImageOfPage\":{\"@id\":\"https:\\\/\\\/serbia.com\\\/srpski\\\/prolece-u-februaru-prva-stanica-dorcol\\\/#primaryimage\"},\"image\":{\"@id\":\"https:\\\/\\\/serbia.com\\\/srpski\\\/prolece-u-februaru-prva-stanica-dorcol\\\/#primaryimage\"},\"thumbnailUrl\":\"https:\\\/\\\/serbia.com\\\/wp-content\\\/uploads\\\/2016\\\/02\\\/featured-e1456484320185.jpg\",\"datePublished\":\"2016-02-26T11:07:42+00:00\",\"author\":{\"@id\":\"https:\\\/\\\/serbia.com\\\/#\\\/schema\\\/person\\\/6fe28d3055f5f291d832531e555da490\"},\"breadcrumb\":{\"@id\":\"https:\\\/\\\/serbia.com\\\/srpski\\\/prolece-u-februaru-prva-stanica-dorcol\\\/#breadcrumb\"},\"inLanguage\":\"srpski\",\"potentialAction\":[{\"@type\":\"ReadAction\",\"target\":[\"https:\\\/\\\/serbia.com\\\/srpski\\\/prolece-u-februaru-prva-stanica-dorcol\\\/\"]}]},{\"@type\":\"ImageObject\",\"inLanguage\":\"srpski\",\"@id\":\"https:\\\/\\\/serbia.com\\\/srpski\\\/prolece-u-februaru-prva-stanica-dorcol\\\/#primaryimage\",\"url\":\"https:\\\/\\\/serbia.com\\\/wp-content\\\/uploads\\\/2016\\\/02\\\/featured-e1456484320185.jpg\",\"contentUrl\":\"https:\\\/\\\/serbia.com\\\/wp-content\\\/uploads\\\/2016\\\/02\\\/featured-e1456484320185.jpg\",\"width\":800,\"height\":408,\"caption\":\"Spring in Dor\u0107ol Serbia\"},{\"@type\":\"BreadcrumbList\",\"@id\":\"https:\\\/\\\/serbia.com\\\/srpski\\\/prolece-u-februaru-prva-stanica-dorcol\\\/#breadcrumb\",\"itemListElement\":[{\"@type\":\"ListItem\",\"position\":1,\"name\":\"Home\",\"item\":\"https:\\\/\\\/serbia.com\\\/srpski\\\/\"},{\"@type\":\"ListItem\",\"position\":2,\"name\":\"Prole\u0107e u februaru: prva stanica &#8211; Dor\u0107ol!\"}]},{\"@type\":\"WebSite\",\"@id\":\"https:\\\/\\\/serbia.com\\\/#website\",\"url\":\"https:\\\/\\\/serbia.com\\\/\",\"name\":\"Serbia.com\",\"description\":\"Your Gateway to Serbia\",\"potentialAction\":[{\"@type\":\"SearchAction\",\"target\":{\"@type\":\"EntryPoint\",\"urlTemplate\":\"https:\\\/\\\/serbia.com\\\/?s={search_term_string}\"},\"query-input\":{\"@type\":\"PropertyValueSpecification\",\"valueRequired\":true,\"valueName\":\"search_term_string\"}}],\"inLanguage\":\"srpski\"},{\"@type\":\"Person\",\"@id\":\"https:\\\/\\\/serbia.com\\\/#\\\/schema\\\/person\\\/6fe28d3055f5f291d832531e555da490\",\"name\":\"Serbia.com\",\"image\":{\"@type\":\"ImageObject\",\"inLanguage\":\"srpski\",\"@id\":\"https:\\\/\\\/secure.gravatar.com\\\/avatar\\\/8381eb54f5b393857857cb5fd6c42264c9e14b10435326bc567fcc3511bd8df4?s=96&d=mm&r=g\",\"url\":\"https:\\\/\\\/secure.gravatar.com\\\/avatar\\\/8381eb54f5b393857857cb5fd6c42264c9e14b10435326bc567fcc3511bd8df4?s=96&d=mm&r=g\",\"contentUrl\":\"https:\\\/\\\/secure.gravatar.com\\\/avatar\\\/8381eb54f5b393857857cb5fd6c42264c9e14b10435326bc567fcc3511bd8df4?s=96&d=mm&r=g\",\"caption\":\"Serbia.com\"},\"url\":\"https:\\\/\\\/serbia.com\\\/srpski\\\/author\\\/serbia-com\\\/\"}]}<\/script>\n<!-- \/ Yoast SEO plugin. -->","yoast_head_json":{"title":"Prole\u0107e u februaru: prva stanica - Dor\u0107ol! - Serbia.com","robots":{"index":"index","follow":"follow","max-snippet":"max-snippet:-1","max-image-preview":"max-image-preview:large","max-video-preview":"max-video-preview:-1"},"canonical":"https:\/\/serbia.com\/srpski\/prolece-u-februaru-prva-stanica-dorcol\/","og_locale":"en_US","og_type":"article","og_title":"Prole\u0107e u februaru: prva stanica - Dor\u0107ol! - Serbia.com","og_description":"Sigurno ste \u010duli za onu izreku: ,,Pro\u0161ao je zimski san, prole\u0107e je tu!\u2019\u2019. Jedno drvo na Dor\u0107olu slo\u017eilo se sa tom re\u010denicom i odlu\u010dilo da se ranije probudi iz svog [&hellip;]","og_url":"https:\/\/serbia.com\/srpski\/prolece-u-februaru-prva-stanica-dorcol\/","og_site_name":"Serbia.com","article_published_time":"2016-02-26T11:07:42+00:00","og_image":[{"width":800,"height":408,"url":"https:\/\/serbia.com\/wp-content\/uploads\/2016\/02\/featured-e1456484320185.jpg","type":"image\/jpeg"}],"author":"Serbia.com","twitter_misc":{"Written by":"Serbia.com","Est. reading time":"1 minute"},"schema":{"@context":"https:\/\/schema.org","@graph":[{"@type":"Article","@id":"https:\/\/serbia.com\/srpski\/prolece-u-februaru-prva-stanica-dorcol\/#article","isPartOf":{"@id":"https:\/\/serbia.com\/srpski\/prolece-u-februaru-prva-stanica-dorcol\/"},"author":{"name":"Serbia.com","@id":"https:\/\/serbia.com\/#\/schema\/person\/6fe28d3055f5f291d832531e555da490"},"headline":"Prole\u0107e u februaru: prva stanica &#8211; Dor\u0107ol!","datePublished":"2016-02-26T11:07:42+00:00","mainEntityOfPage":{"@id":"https:\/\/serbia.com\/srpski\/prolece-u-februaru-prva-stanica-dorcol\/"},"wordCount":136,"image":{"@id":"https:\/\/serbia.com\/srpski\/prolece-u-februaru-prva-stanica-dorcol\/#primaryimage"},"thumbnailUrl":"https:\/\/serbia.com\/wp-content\/uploads\/2016\/02\/featured-e1456484320185.jpg","keywords":["Beograd","Cvetanje","Dor\u0107ol","Prole\u0107e"],"articleSection":["Beograd","Istaknuto"],"inLanguage":"srpski"},{"@type":"WebPage","@id":"https:\/\/serbia.com\/srpski\/prolece-u-februaru-prva-stanica-dorcol\/","url":"https:\/\/serbia.com\/srpski\/prolece-u-februaru-prva-stanica-dorcol\/","name":"Prole\u0107e u februaru: prva stanica - Dor\u0107ol! - Serbia.com","isPartOf":{"@id":"https:\/\/serbia.com\/#website"},"primaryImageOfPage":{"@id":"https:\/\/serbia.com\/srpski\/prolece-u-februaru-prva-stanica-dorcol\/#primaryimage"},"image":{"@id":"https:\/\/serbia.com\/srpski\/prolece-u-februaru-prva-stanica-dorcol\/#primaryimage"},"thumbnailUrl":"https:\/\/serbia.com\/wp-content\/uploads\/2016\/02\/featured-e1456484320185.jpg","datePublished":"2016-02-26T11:07:42+00:00","author":{"@id":"https:\/\/serbia.com\/#\/schema\/person\/6fe28d3055f5f291d832531e555da490"},"breadcrumb":{"@id":"https:\/\/serbia.com\/srpski\/prolece-u-februaru-prva-stanica-dorcol\/#breadcrumb"},"inLanguage":"srpski","potentialAction":[{"@type":"ReadAction","target":["https:\/\/serbia.com\/srpski\/prolece-u-februaru-prva-stanica-dorcol\/"]}]},{"@type":"ImageObject","inLanguage":"srpski","@id":"https:\/\/serbia.com\/srpski\/prolece-u-februaru-prva-stanica-dorcol\/#primaryimage","url":"https:\/\/serbia.com\/wp-content\/uploads\/2016\/02\/featured-e1456484320185.jpg","contentUrl":"https:\/\/serbia.com\/wp-content\/uploads\/2016\/02\/featured-e1456484320185.jpg","width":800,"height":408,"caption":"Spring in Dor\u0107ol Serbia"},{"@type":"BreadcrumbList","@id":"https:\/\/serbia.com\/srpski\/prolece-u-februaru-prva-stanica-dorcol\/#breadcrumb","itemListElement":[{"@type":"ListItem","position":1,"name":"Home","item":"https:\/\/serbia.com\/srpski\/"},{"@type":"ListItem","position":2,"name":"Prole\u0107e u februaru: prva stanica &#8211; Dor\u0107ol!"}]},{"@type":"WebSite","@id":"https:\/\/serbia.com\/#website","url":"https:\/\/serbia.com\/","name":"Serbia.com","description":"Your Gateway to Serbia","potentialAction":[{"@type":"SearchAction","target":{"@type":"EntryPoint","urlTemplate":"https:\/\/serbia.com\/?s={search_term_string}"},"query-input":{"@type":"PropertyValueSpecification","valueRequired":true,"valueName":"search_term_string"}}],"inLanguage":"srpski"},{"@type":"Person","@id":"https:\/\/serbia.com\/#\/schema\/person\/6fe28d3055f5f291d832531e555da490","name":"Serbia.com","image":{"@type":"ImageObject","inLanguage":"srpski","@id":"https:\/\/secure.gravatar.com\/avatar\/8381eb54f5b393857857cb5fd6c42264c9e14b10435326bc567fcc3511bd8df4?s=96&d=mm&r=g","url":"https:\/\/secure.gravatar.com\/avatar\/8381eb54f5b393857857cb5fd6c42264c9e14b10435326bc567fcc3511bd8df4?s=96&d=mm&r=g","contentUrl":"https:\/\/secure.gravatar.com\/avatar\/8381eb54f5b393857857cb5fd6c42264c9e14b10435326bc567fcc3511bd8df4?s=96&d=mm&r=g","caption":"Serbia.com"},"url":"https:\/\/serbia.com\/srpski\/author\/serbia-com\/"}]}},"brizy_media":[],"_links":{"self":[{"href":"https:\/\/serbia.com\/srpski\/wp-json\/wp\/v2\/posts\/46503","targetHints":{"allow":["GET"]}}],"collection":[{"href":"https:\/\/serbia.com\/srpski\/wp-json\/wp\/v2\/posts"}],"about":[{"href":"https:\/\/serbia.com\/srpski\/wp-json\/wp\/v2\/types\/post"}],"author":[{"embeddable":true,"href":"https:\/\/serbia.com\/srpski\/wp-json\/wp\/v2\/users\/9"}],"replies":[{"embeddable":true,"href":"https:\/\/serbia.com\/srpski\/wp-json\/wp\/v2\/comments?post=46503"}],"version-history":[{"count":0,"href":"https:\/\/serbia.com\/srpski\/wp-json\/wp\/v2\/posts\/46503\/revisions"}],"wp:featuredmedia":[{"embeddable":true,"href":"https:\/\/serbia.com\/srpski\/wp-json\/wp\/v2\/media\/46499"}],"wp:attachment":[{"href":"https:\/\/serbia.com\/srpski\/wp-json\/wp\/v2\/media?parent=46503"}],"wp:term":[{"taxonomy":"category","embeddable":true,"href":"https:\/\/serbia.com\/srpski\/wp-json\/wp\/v2\/categories?post=46503"},{"taxonomy":"post_tag","embeddable":true,"href":"https:\/\/serbia.com\/srpski\/wp-json\/wp\/v2\/tags?post=46503"}],"curies":[{"name":"wp","href":"https:\/\/api.w.org\/{rel}","templated":true}]}}