{"id":46242,"date":"2016-02-24T13:11:39","date_gmt":"2016-02-24T12:11:39","guid":{"rendered":"http:\/\/www.serbia.com\/srpski\/?p=46242"},"modified":"2016-02-24T13:11:39","modified_gmt":"2016-02-24T12:11:39","slug":"stefanovic-cilj-beckog-sastanka-zajednicko-resenje","status":"publish","type":"post","link":"https:\/\/serbia.com\/srpski\/stefanovic-cilj-beckog-sastanka-zajednicko-resenje\/","title":{"rendered":"Stefanovi\u0107: Cilj be\u010dkog sastanka zajedni\u010dko re\u0161enje"},"content":{"rendered":"<h4>Ministar unutra\u0161njih poslova Srbije Neboj\u0161a Stefanovi\u0107 istakao je danas da je cilj dana\u0161nje konferencije ministara unutra\u0161njih i spoljnih poslova zemalja zapadnog Balkana, koji se odr\u017eava u Be\u010du na inicijativu Austrije, da se postigne zajedni\u010dko re\u0161enje za izbegli\u010dku krizu.<\/h4>\n<p>\u201eNadam se da \u0107emo mo\u0107i da postignemo zajedni\u010dko re\u0161enje na ovoj konferenciji, soluciju koja \u0107e omogu\u0107iti lak\u0161i prolaz migranata, ali i ujedno i da za\u0161titimo bezbednost i sugurnost na\u0161ih zemlaja\u201c, naglasio je Stefanovi\u0107 po dolasku u Ministarstvo unutra\u0161njih poslova Austrije, gde ga je do\u010dekala njegova austrijska resorna koleginica Johana Mikl-Lajtner.<\/p>\n<p>On je kazao da je cilj da se postigne dogovor o \u00a0jedinstvenom sistemu kontrole, da mere omogu\u0107e lak\u0161i tanzit migranata, ali i lak\u0161u situaciju za sve zemlje tranzita i destinacije.<\/p>\n<p>Prema njegovim re\u010dima potrebno je re\u0161iti pitanje ko su ekonomski migranti.<\/p>\n<p>Sa skupa, kako je podvukao, va\u017eno je uputiti poruku jedinstva i te\u017enje ka zajedni\u010dkom re\u0161enju.<\/p>\n<p>Ministarka Mikl-Lajtner naglasila je da je Austrija zainteresovana za evropskim re\u0161enjem.<\/p>\n<p>\u201eMe\u0111utim po pitanju zajedni\u010dkog evropskog re\u0161enja trenutno tapkamo u mestu i zato su neophodne nacionalne mere. Tako\u0111e je potreban savez sa zemljama na Balkanu, kako bi napravili ve\u0107i pritisak na Gr\u010dku da se kona\u010dno uspostavi za\u0161tita spoljne granice EU\u201c, poru\u010dila je ona.<\/p>\n<p>Na inicijativu ministarke Mikl-Lajtner i \u0161efa austrijske diplomatije Sebastijana Kurca, u Be\u010du se danas okupilo 18 ministara zapadnog Balkana kako bi razgovarali o situaciji du\u017e balkanske rute.<\/p>\n<p>Re\u010d je o skupu koji je izazvao pa\u017enju i pre odr\u017eavanja, po\u0161to je Gr\u010dka protestovala \u0161to nije pozvana, a Evropska komisija kritikovala jednostrane inicitaive pojedina\u010dnih zemalja kad je re\u010d o migrantima.<\/p>\n<p>Ministri Mikl-Lajtner i Kurc do\u010dekali su svoje kolege u zdanju Ministarstva unutra\u0161njih poslova Austrije u kojem se odr\u017eava skup.<\/p>\n<p>Ministar Stefanovi\u0107 stigao je me\u0111u prvima na ovaj skup, dok \u0107e \u0161ef srpske diplomatije Ivica Da\u010di\u0107 naknadno da se pridru\u017ei zbog ka\u0161njenja aviona.<\/p>\n<p>Na konferenciju, na temu &#8220;Zajednicko upravljanje migracijom&#8221;, koja je po\u010dela ne\u0161to posle 10 \u010dasova, pozvani su ministri unutra\u0161njih i spoljnih poslova Albanije, Bosne i Hercegovine, Bugarske, Crne Gore, Hrvatske, Kosova, Makedonije, Slovenije i Srbije.<\/p>\n<p>Cilj skupa je usagla\u0161avanje u vezi aktuelnih migracionih izazova u ve\u0107 dokazanom formatu Austrije i partnera sa Balkana.<\/p>\n<p>Na skup su pozvane i zemlje koje \u010dine Salcbur\u0161ki forum, a koje su pogo\u0111ene situacijom na zapadnom Balkanu, kao \u0161to su Bugarska, Hrvatska i Slovenija.<\/p>\n<p>U\u010desnici konferencije razgovara\u0107e na prvom panelu o temama koje se ti\u010du unutra\u0161nje bezbednosti, kao \u0161to su upravljanje granicama, borba protiv krijum\u010dara i ekstremizma.<\/p>\n<p>Drugi panel bavi\u0107e se temama koje su izazov za spoljnu politiku kao \u0161to su mere za borbu protiv uzroka za bekstvo, saradnja sa tre\u0107im zemljama i informacije o zemljama porekla.<\/p>\n<p>Na radnom ru\u010dku \u0107e u\u010destvovati i ministar odbrane Austrije Hans Peter Doskocil, koji \u0107e sa ministrima sa Balkana razgovarati o &#8220;civilno-vojnoj saradnji i upravljanju granicama&#8221;.<\/p>\n<p>Po zavr\u0161etku konferencije, ne\u0161to posle 13.15 \u010dasova, planirana je zajedni\u010dka konferencija za \u0161tampu.<\/p>\n<p>Srpski premijer Aleksandar Vu\u010di\u0107 zakazao je za danas posle podne, u 15 \u010dasova, sednicu Biroa za koordinaciju slu\u017ebi bezbednosti, kako je saznao Tanjug u kabinetu premijera.<\/p>\n<p>Prema nezvani\u010dnim informacijama, tema zasedanja biroa je najnovija situacija sa migrantima na &#8220;balkanskoj ruti&#8221;.<\/p>\n<p>&nbsp;<\/p>\n<p>Izvor: Tanjug<\/p>\n","protected":false},"excerpt":{"rendered":"<p>Ministar unutra\u0161njih poslova Srbije Neboj\u0161a Stefanovi\u0107 istakao je danas da je cilj dana\u0161nje konferencije ministara unutra\u0161njih i spoljnih poslova zemalja zapadnog Balkana, koji se odr\u017eava u Be\u010du na inicijativu Austrije, [&hellip;]<\/p>\n","protected":false},"author":9,"featured_media":37778,"comment_status":"closed","ping_status":"closed","sticky":false,"template":"","format":"standard","meta":{"_acf_changed":false,"inline_featured_image":false,"_monsterinsights_skip_tracking":false,"_monsterinsights_sitenote_active":false,"_monsterinsights_sitenote_note":"","_monsterinsights_sitenote_category":0,"footnotes":""},"categories":[2700],"tags":[4662,4907,3876],"class_list":["post-46242","post","type-post","status-publish","format-standard","has-post-thumbnail","hentry","category-vesti","tag-bec","tag-becki-sastanak","tag-nebojsa-stefanovic"],"acf":[],"yoast_head":"<!-- This site is optimized with the Yoast SEO plugin v27.4 - https:\/\/yoast.com\/product\/yoast-seo-wordpress\/ -->\n<title>Stefanovi\u0107: Cilj be\u010dkog sastanka zajedni\u010dko re\u0161enje - Serbia.com<\/title>\n<meta name=\"robots\" content=\"index, follow, max-snippet:-1, max-image-preview:large, max-video-preview:-1\" \/>\n<link rel=\"canonical\" href=\"https:\/\/serbia.com\/srpski\/stefanovic-cilj-beckog-sastanka-zajednicko-resenje\/\" \/>\n<meta property=\"og:locale\" content=\"en_US\" \/>\n<meta property=\"og:type\" content=\"article\" \/>\n<meta property=\"og:title\" content=\"Stefanovi\u0107: Cilj be\u010dkog sastanka zajedni\u010dko re\u0161enje - Serbia.com\" \/>\n<meta property=\"og:description\" content=\"Ministar unutra\u0161njih poslova Srbije Neboj\u0161a Stefanovi\u0107 istakao je danas da je cilj dana\u0161nje konferencije ministara unutra\u0161njih i spoljnih poslova zemalja zapadnog Balkana, koji se odr\u017eava u Be\u010du na inicijativu Austrije, [&hellip;]\" \/>\n<meta property=\"og:url\" content=\"https:\/\/serbia.com\/srpski\/stefanovic-cilj-beckog-sastanka-zajednicko-resenje\/\" \/>\n<meta property=\"og:site_name\" content=\"Serbia.com\" \/>\n<meta property=\"article:published_time\" content=\"2016-02-24T12:11:39+00:00\" \/>\n<meta property=\"og:image\" content=\"https:\/\/serbia.com\/wp-content\/uploads\/2015\/11\/nebojsa-stefanovic-1-e1448448656841.jpg\" \/>\n\t<meta property=\"og:image:width\" content=\"800\" \/>\n\t<meta property=\"og:image:height\" content=\"520\" \/>\n\t<meta property=\"og:image:type\" content=\"image\/jpeg\" \/>\n<meta name=\"author\" content=\"Serbia.com\" \/>\n<meta name=\"twitter:label1\" content=\"Written by\" \/>\n\t<meta name=\"twitter:data1\" content=\"Serbia.com\" \/>\n\t<meta name=\"twitter:label2\" content=\"Est. reading time\" \/>\n\t<meta name=\"twitter:data2\" content=\"3 minutes\" \/>\n<script type=\"application\/ld+json\" class=\"yoast-schema-graph\">{\"@context\":\"https:\\\/\\\/schema.org\",\"@graph\":[{\"@type\":\"Article\",\"@id\":\"https:\\\/\\\/serbia.com\\\/srpski\\\/stefanovic-cilj-beckog-sastanka-zajednicko-resenje\\\/#article\",\"isPartOf\":{\"@id\":\"https:\\\/\\\/serbia.com\\\/srpski\\\/stefanovic-cilj-beckog-sastanka-zajednicko-resenje\\\/\"},\"author\":{\"name\":\"Serbia.com\",\"@id\":\"https:\\\/\\\/serbia.com\\\/#\\\/schema\\\/person\\\/6fe28d3055f5f291d832531e555da490\"},\"headline\":\"Stefanovi\u0107: Cilj be\u010dkog sastanka zajedni\u010dko re\u0161enje\",\"datePublished\":\"2016-02-24T12:11:39+00:00\",\"mainEntityOfPage\":{\"@id\":\"https:\\\/\\\/serbia.com\\\/srpski\\\/stefanovic-cilj-beckog-sastanka-zajednicko-resenje\\\/\"},\"wordCount\":584,\"image\":{\"@id\":\"https:\\\/\\\/serbia.com\\\/srpski\\\/stefanovic-cilj-beckog-sastanka-zajednicko-resenje\\\/#primaryimage\"},\"thumbnailUrl\":\"https:\\\/\\\/serbia.com\\\/wp-content\\\/uploads\\\/2015\\\/11\\\/nebojsa-stefanovic-1-e1448448656841.jpg\",\"keywords\":[\"Be\u010d\",\"Be\u010dki sastanak\",\"Neboj\u0161a Stefanovi\u0107\"],\"articleSection\":[\"Vesti\"],\"inLanguage\":\"srpski\"},{\"@type\":\"WebPage\",\"@id\":\"https:\\\/\\\/serbia.com\\\/srpski\\\/stefanovic-cilj-beckog-sastanka-zajednicko-resenje\\\/\",\"url\":\"https:\\\/\\\/serbia.com\\\/srpski\\\/stefanovic-cilj-beckog-sastanka-zajednicko-resenje\\\/\",\"name\":\"Stefanovi\u0107: Cilj be\u010dkog sastanka zajedni\u010dko re\u0161enje - Serbia.com\",\"isPartOf\":{\"@id\":\"https:\\\/\\\/serbia.com\\\/#website\"},\"primaryImageOfPage\":{\"@id\":\"https:\\\/\\\/serbia.com\\\/srpski\\\/stefanovic-cilj-beckog-sastanka-zajednicko-resenje\\\/#primaryimage\"},\"image\":{\"@id\":\"https:\\\/\\\/serbia.com\\\/srpski\\\/stefanovic-cilj-beckog-sastanka-zajednicko-resenje\\\/#primaryimage\"},\"thumbnailUrl\":\"https:\\\/\\\/serbia.com\\\/wp-content\\\/uploads\\\/2015\\\/11\\\/nebojsa-stefanovic-1-e1448448656841.jpg\",\"datePublished\":\"2016-02-24T12:11:39+00:00\",\"author\":{\"@id\":\"https:\\\/\\\/serbia.com\\\/#\\\/schema\\\/person\\\/6fe28d3055f5f291d832531e555da490\"},\"breadcrumb\":{\"@id\":\"https:\\\/\\\/serbia.com\\\/srpski\\\/stefanovic-cilj-beckog-sastanka-zajednicko-resenje\\\/#breadcrumb\"},\"inLanguage\":\"srpski\",\"potentialAction\":[{\"@type\":\"ReadAction\",\"target\":[\"https:\\\/\\\/serbia.com\\\/srpski\\\/stefanovic-cilj-beckog-sastanka-zajednicko-resenje\\\/\"]}]},{\"@type\":\"ImageObject\",\"inLanguage\":\"srpski\",\"@id\":\"https:\\\/\\\/serbia.com\\\/srpski\\\/stefanovic-cilj-beckog-sastanka-zajednicko-resenje\\\/#primaryimage\",\"url\":\"https:\\\/\\\/serbia.com\\\/wp-content\\\/uploads\\\/2015\\\/11\\\/nebojsa-stefanovic-1-e1448448656841.jpg\",\"contentUrl\":\"https:\\\/\\\/serbia.com\\\/wp-content\\\/uploads\\\/2015\\\/11\\\/nebojsa-stefanovic-1-e1448448656841.jpg\",\"width\":800,\"height\":520,\"caption\":\"Beograd, 29. septembra 2014. - Ministar unutrasnjih poslova Nebojsa Stefanovica (na slici) govori na konferenciji za novinare nakon potpisvanja sporazuma. U Beogradu je danas potpisan Sporazum o saradnji izmedju Srbije i Sjedinjenih Americkih Drzava o kontroli narkotika i sprovodjenju zakona.Sporazum su potpisali ministar unutrasnjih poslova Nebojsa Stefanovic, ministar pravde Nikola Selakovic i ambasador SAD u Srbiji Majkl Kirbi.FOTO TANJUG\\\/ SAVA RADOVANOVIC\\\/ nr\"},{\"@type\":\"BreadcrumbList\",\"@id\":\"https:\\\/\\\/serbia.com\\\/srpski\\\/stefanovic-cilj-beckog-sastanka-zajednicko-resenje\\\/#breadcrumb\",\"itemListElement\":[{\"@type\":\"ListItem\",\"position\":1,\"name\":\"Home\",\"item\":\"https:\\\/\\\/serbia.com\\\/srpski\\\/\"},{\"@type\":\"ListItem\",\"position\":2,\"name\":\"Stefanovi\u0107: Cilj be\u010dkog sastanka zajedni\u010dko re\u0161enje\"}]},{\"@type\":\"WebSite\",\"@id\":\"https:\\\/\\\/serbia.com\\\/#website\",\"url\":\"https:\\\/\\\/serbia.com\\\/\",\"name\":\"Serbia.com\",\"description\":\"Your Gateway to Serbia\",\"potentialAction\":[{\"@type\":\"SearchAction\",\"target\":{\"@type\":\"EntryPoint\",\"urlTemplate\":\"https:\\\/\\\/serbia.com\\\/?s={search_term_string}\"},\"query-input\":{\"@type\":\"PropertyValueSpecification\",\"valueRequired\":true,\"valueName\":\"search_term_string\"}}],\"inLanguage\":\"srpski\"},{\"@type\":\"Person\",\"@id\":\"https:\\\/\\\/serbia.com\\\/#\\\/schema\\\/person\\\/6fe28d3055f5f291d832531e555da490\",\"name\":\"Serbia.com\",\"image\":{\"@type\":\"ImageObject\",\"inLanguage\":\"srpski\",\"@id\":\"https:\\\/\\\/secure.gravatar.com\\\/avatar\\\/8381eb54f5b393857857cb5fd6c42264c9e14b10435326bc567fcc3511bd8df4?s=96&d=mm&r=g\",\"url\":\"https:\\\/\\\/secure.gravatar.com\\\/avatar\\\/8381eb54f5b393857857cb5fd6c42264c9e14b10435326bc567fcc3511bd8df4?s=96&d=mm&r=g\",\"contentUrl\":\"https:\\\/\\\/secure.gravatar.com\\\/avatar\\\/8381eb54f5b393857857cb5fd6c42264c9e14b10435326bc567fcc3511bd8df4?s=96&d=mm&r=g\",\"caption\":\"Serbia.com\"},\"url\":\"https:\\\/\\\/serbia.com\\\/srpski\\\/author\\\/serbia-com\\\/\"}]}<\/script>\n<!-- \/ Yoast SEO plugin. -->","yoast_head_json":{"title":"Stefanovi\u0107: Cilj be\u010dkog sastanka zajedni\u010dko re\u0161enje - Serbia.com","robots":{"index":"index","follow":"follow","max-snippet":"max-snippet:-1","max-image-preview":"max-image-preview:large","max-video-preview":"max-video-preview:-1"},"canonical":"https:\/\/serbia.com\/srpski\/stefanovic-cilj-beckog-sastanka-zajednicko-resenje\/","og_locale":"en_US","og_type":"article","og_title":"Stefanovi\u0107: Cilj be\u010dkog sastanka zajedni\u010dko re\u0161enje - Serbia.com","og_description":"Ministar unutra\u0161njih poslova Srbije Neboj\u0161a Stefanovi\u0107 istakao je danas da je cilj dana\u0161nje konferencije ministara unutra\u0161njih i spoljnih poslova zemalja zapadnog Balkana, koji se odr\u017eava u Be\u010du na inicijativu Austrije, [&hellip;]","og_url":"https:\/\/serbia.com\/srpski\/stefanovic-cilj-beckog-sastanka-zajednicko-resenje\/","og_site_name":"Serbia.com","article_published_time":"2016-02-24T12:11:39+00:00","og_image":[{"width":800,"height":520,"url":"https:\/\/serbia.com\/wp-content\/uploads\/2015\/11\/nebojsa-stefanovic-1-e1448448656841.jpg","type":"image\/jpeg"}],"author":"Serbia.com","twitter_misc":{"Written by":"Serbia.com","Est. reading time":"3 minutes"},"schema":{"@context":"https:\/\/schema.org","@graph":[{"@type":"Article","@id":"https:\/\/serbia.com\/srpski\/stefanovic-cilj-beckog-sastanka-zajednicko-resenje\/#article","isPartOf":{"@id":"https:\/\/serbia.com\/srpski\/stefanovic-cilj-beckog-sastanka-zajednicko-resenje\/"},"author":{"name":"Serbia.com","@id":"https:\/\/serbia.com\/#\/schema\/person\/6fe28d3055f5f291d832531e555da490"},"headline":"Stefanovi\u0107: Cilj be\u010dkog sastanka zajedni\u010dko re\u0161enje","datePublished":"2016-02-24T12:11:39+00:00","mainEntityOfPage":{"@id":"https:\/\/serbia.com\/srpski\/stefanovic-cilj-beckog-sastanka-zajednicko-resenje\/"},"wordCount":584,"image":{"@id":"https:\/\/serbia.com\/srpski\/stefanovic-cilj-beckog-sastanka-zajednicko-resenje\/#primaryimage"},"thumbnailUrl":"https:\/\/serbia.com\/wp-content\/uploads\/2015\/11\/nebojsa-stefanovic-1-e1448448656841.jpg","keywords":["Be\u010d","Be\u010dki sastanak","Neboj\u0161a Stefanovi\u0107"],"articleSection":["Vesti"],"inLanguage":"srpski"},{"@type":"WebPage","@id":"https:\/\/serbia.com\/srpski\/stefanovic-cilj-beckog-sastanka-zajednicko-resenje\/","url":"https:\/\/serbia.com\/srpski\/stefanovic-cilj-beckog-sastanka-zajednicko-resenje\/","name":"Stefanovi\u0107: Cilj be\u010dkog sastanka zajedni\u010dko re\u0161enje - Serbia.com","isPartOf":{"@id":"https:\/\/serbia.com\/#website"},"primaryImageOfPage":{"@id":"https:\/\/serbia.com\/srpski\/stefanovic-cilj-beckog-sastanka-zajednicko-resenje\/#primaryimage"},"image":{"@id":"https:\/\/serbia.com\/srpski\/stefanovic-cilj-beckog-sastanka-zajednicko-resenje\/#primaryimage"},"thumbnailUrl":"https:\/\/serbia.com\/wp-content\/uploads\/2015\/11\/nebojsa-stefanovic-1-e1448448656841.jpg","datePublished":"2016-02-24T12:11:39+00:00","author":{"@id":"https:\/\/serbia.com\/#\/schema\/person\/6fe28d3055f5f291d832531e555da490"},"breadcrumb":{"@id":"https:\/\/serbia.com\/srpski\/stefanovic-cilj-beckog-sastanka-zajednicko-resenje\/#breadcrumb"},"inLanguage":"srpski","potentialAction":[{"@type":"ReadAction","target":["https:\/\/serbia.com\/srpski\/stefanovic-cilj-beckog-sastanka-zajednicko-resenje\/"]}]},{"@type":"ImageObject","inLanguage":"srpski","@id":"https:\/\/serbia.com\/srpski\/stefanovic-cilj-beckog-sastanka-zajednicko-resenje\/#primaryimage","url":"https:\/\/serbia.com\/wp-content\/uploads\/2015\/11\/nebojsa-stefanovic-1-e1448448656841.jpg","contentUrl":"https:\/\/serbia.com\/wp-content\/uploads\/2015\/11\/nebojsa-stefanovic-1-e1448448656841.jpg","width":800,"height":520,"caption":"Beograd, 29. septembra 2014. - Ministar unutrasnjih poslova Nebojsa Stefanovica (na slici) govori na konferenciji za novinare nakon potpisvanja sporazuma. U Beogradu je danas potpisan Sporazum o saradnji izmedju Srbije i Sjedinjenih Americkih Drzava o kontroli narkotika i sprovodjenju zakona.Sporazum su potpisali ministar unutrasnjih poslova Nebojsa Stefanovic, ministar pravde Nikola Selakovic i ambasador SAD u Srbiji Majkl Kirbi.FOTO TANJUG\/ SAVA RADOVANOVIC\/ nr"},{"@type":"BreadcrumbList","@id":"https:\/\/serbia.com\/srpski\/stefanovic-cilj-beckog-sastanka-zajednicko-resenje\/#breadcrumb","itemListElement":[{"@type":"ListItem","position":1,"name":"Home","item":"https:\/\/serbia.com\/srpski\/"},{"@type":"ListItem","position":2,"name":"Stefanovi\u0107: Cilj be\u010dkog sastanka zajedni\u010dko re\u0161enje"}]},{"@type":"WebSite","@id":"https:\/\/serbia.com\/#website","url":"https:\/\/serbia.com\/","name":"Serbia.com","description":"Your Gateway to Serbia","potentialAction":[{"@type":"SearchAction","target":{"@type":"EntryPoint","urlTemplate":"https:\/\/serbia.com\/?s={search_term_string}"},"query-input":{"@type":"PropertyValueSpecification","valueRequired":true,"valueName":"search_term_string"}}],"inLanguage":"srpski"},{"@type":"Person","@id":"https:\/\/serbia.com\/#\/schema\/person\/6fe28d3055f5f291d832531e555da490","name":"Serbia.com","image":{"@type":"ImageObject","inLanguage":"srpski","@id":"https:\/\/secure.gravatar.com\/avatar\/8381eb54f5b393857857cb5fd6c42264c9e14b10435326bc567fcc3511bd8df4?s=96&d=mm&r=g","url":"https:\/\/secure.gravatar.com\/avatar\/8381eb54f5b393857857cb5fd6c42264c9e14b10435326bc567fcc3511bd8df4?s=96&d=mm&r=g","contentUrl":"https:\/\/secure.gravatar.com\/avatar\/8381eb54f5b393857857cb5fd6c42264c9e14b10435326bc567fcc3511bd8df4?s=96&d=mm&r=g","caption":"Serbia.com"},"url":"https:\/\/serbia.com\/srpski\/author\/serbia-com\/"}]}},"brizy_media":[],"_links":{"self":[{"href":"https:\/\/serbia.com\/srpski\/wp-json\/wp\/v2\/posts\/46242","targetHints":{"allow":["GET"]}}],"collection":[{"href":"https:\/\/serbia.com\/srpski\/wp-json\/wp\/v2\/posts"}],"about":[{"href":"https:\/\/serbia.com\/srpski\/wp-json\/wp\/v2\/types\/post"}],"author":[{"embeddable":true,"href":"https:\/\/serbia.com\/srpski\/wp-json\/wp\/v2\/users\/9"}],"replies":[{"embeddable":true,"href":"https:\/\/serbia.com\/srpski\/wp-json\/wp\/v2\/comments?post=46242"}],"version-history":[{"count":0,"href":"https:\/\/serbia.com\/srpski\/wp-json\/wp\/v2\/posts\/46242\/revisions"}],"wp:featuredmedia":[{"embeddable":true,"href":"https:\/\/serbia.com\/srpski\/wp-json\/wp\/v2\/media\/37778"}],"wp:attachment":[{"href":"https:\/\/serbia.com\/srpski\/wp-json\/wp\/v2\/media?parent=46242"}],"wp:term":[{"taxonomy":"category","embeddable":true,"href":"https:\/\/serbia.com\/srpski\/wp-json\/wp\/v2\/categories?post=46242"},{"taxonomy":"post_tag","embeddable":true,"href":"https:\/\/serbia.com\/srpski\/wp-json\/wp\/v2\/tags?post=46242"}],"curies":[{"name":"wp","href":"https:\/\/api.w.org\/{rel}","templated":true}]}}