{"id":46174,"date":"2016-02-23T11:42:52","date_gmt":"2016-02-23T10:42:52","guid":{"rendered":"http:\/\/www.serbia.com\/srpski\/?p=46174"},"modified":"2016-02-23T11:42:52","modified_gmt":"2016-02-23T10:42:52","slug":"avion-sa-telima-stradalih-u-libiji-ocekuje-se-popodne","status":"publish","type":"post","link":"https:\/\/serbia.com\/srpski\/avion-sa-telima-stradalih-u-libiji-ocekuje-se-popodne\/","title":{"rendered":"Avion sa telima stradalih u Libiji o\u010dekuje se popodne"},"content":{"rendered":"<h4>Ministar spoljnih poslova Ivica Da\u010di\u0107 izjavio je danas da se dolazak aviona sa telima slu\u017ebenika ambasade Srbije Sla\u0111ane Stankovi\u0107 i Jovice Stepi\u0107a koji su poginuli u Libiji u Beogradu o\u010dekuje oko 18 sati.<\/h4>\n<p>Avion iz Tripolija sa telima slu\u017ebenika treba da poleti u ovim trenucima, rekao je Da\u010di\u0107 za TV Pink navode\u0107i da \u0107e avion leteti iz Tripolija do Istanbula, odakle \u0107e tela do Beograda biti dopremljena redovnim letom.<\/p>\n<p>&#8220;Ako u toku ovog razgovora polete, pretpostavljam da \u0107e u Beogradu biti oko \u0161est sati popodne&#8221;, rekao je Da\u010di\u0107 za TV Pink i ddoao da su ulo\u017eeni ogromni napori da avion iz Tripolija poleti.<\/p>\n<p>&#8220;Tu je re\u010d o ogromnim naporima da avion poleti, na\u0161a kompanija nije dobila dozvolu za preletanje. Ceo dan smo radili na tome, libijska vlada je davala svoj avion, mi smo hteli da po\u0161aljemo na\u0161, nije nam bilo dozvoljeno ni jedno ni drugo&#8221;, rekao je Da\u010di\u0107.<\/p>\n<p>Kako je dodao, tek no\u0107as je dobijena dozvoau da se anga\u017euje avion koji \u0107e tela preneti do Istanbula, odakle \u0107e redovnom linijom za Beograd biti dopremljena u Srbiju.<\/p>\n<p>Da\u010di\u0107 je istakao i da su za smrt Sla\u0111ane i Jovice krivi oni koji su ih oteli i ubili.<\/p>\n<p>On je rekao da na\u0161e diplomate nisu imale odobrenje da napuste Tripoli i da nisu po\u0161tovane procedure, ali da ne smeju da se zamenjuju teze i odbacio navode o eventualnoj trgovini oru\u017ejem.<\/p>\n<p>Oni sigurno, nisu trgovali oru\u017ejem, naglasio je Da\u010di\u0107.<\/p>\n<p>&#8220;Da su po\u0161tovane procedure sigurno ne bi do\u0161lo do ovoga&#8221;, naglasio je on i dodao da \u0107e sve okolnosti utvrditi radna grupa i dr\u017eavni organi.<\/p>\n<p>Ministar je rekao i da Srbija tra\u017ei istragu o tome da li su Amerikanci znali da se tamo nalaze na\u0161i dr\u017eavljani.<\/p>\n<p>&#8220;Amerikanci ka\u017eu da nisu znali, ali dajte nam dokaze, na\u0161e slu\u017ebe ka\u017eu da su ih obavestili&#8221;, naveo je on i dodao da je &#8220;o\u010digledno napravljena gre\u0161ka.<\/p>\n<p>&#8220;Oni bi bili \u017eivi da nisu ubijeni u bombarodavnju&#8221;, rekao je Da\u010di\u0107.<\/p>\n<p>On je najavio i da \u0107e ambasador u Tripoliju biti povu\u010den, kao i da treba ozbiljno razmotriti eventualno zatvaranje na\u0161ih ambasada u Siriji i Tunisu imaju\u0107i u vidu da tamo ima dosta na\u0161ih ljudi, kao i da postoje ekonomski interesi.<\/p>\n<p>&nbsp;<\/p>\n<p>Izvor: Tanjug<\/p>\n","protected":false},"excerpt":{"rendered":"<p>Ministar spoljnih poslova Ivica Da\u010di\u0107 izjavio je danas da se dolazak aviona sa telima slu\u017ebenika ambasade Srbije Sla\u0111ane Stankovi\u0107 i Jovice Stepi\u0107a koji su poginuli u Libiji u Beogradu o\u010dekuje [&hellip;]<\/p>\n","protected":false},"author":9,"featured_media":46171,"comment_status":"closed","ping_status":"closed","sticky":false,"template":"","format":"standard","meta":{"_acf_changed":false,"inline_featured_image":false,"_monsterinsights_skip_tracking":false,"_monsterinsights_sitenote_active":false,"_monsterinsights_sitenote_note":"","_monsterinsights_sitenote_category":0,"footnotes":""},"categories":[2700],"tags":[4882,4839,4884,4856],"class_list":["post-46174","post","type-post","status-publish","format-standard","has-post-thumbnail","hentry","category-vesti","tag-jovica-stepic","tag-libija","tag-sladana-stankovic","tag-srpski-ambasadori-u-libiji"],"acf":[],"yoast_head":"<!-- This site is optimized with the Yoast SEO plugin v27.4 - https:\/\/yoast.com\/product\/yoast-seo-wordpress\/ -->\n<title>Avion sa telima stradalih u Libiji o\u010dekuje se popodne - Serbia.com<\/title>\n<meta name=\"robots\" content=\"index, follow, max-snippet:-1, max-image-preview:large, max-video-preview:-1\" \/>\n<link rel=\"canonical\" href=\"https:\/\/serbia.com\/srpski\/avion-sa-telima-stradalih-u-libiji-ocekuje-se-popodne\/\" \/>\n<meta property=\"og:locale\" content=\"en_US\" \/>\n<meta property=\"og:type\" content=\"article\" \/>\n<meta property=\"og:title\" content=\"Avion sa telima stradalih u Libiji o\u010dekuje se popodne - Serbia.com\" \/>\n<meta property=\"og:description\" content=\"Ministar spoljnih poslova Ivica Da\u010di\u0107 izjavio je danas da se dolazak aviona sa telima slu\u017ebenika ambasade Srbije Sla\u0111ane Stankovi\u0107 i Jovice Stepi\u0107a koji su poginuli u Libiji u Beogradu o\u010dekuje [&hellip;]\" \/>\n<meta property=\"og:url\" content=\"https:\/\/serbia.com\/srpski\/avion-sa-telima-stradalih-u-libiji-ocekuje-se-popodne\/\" \/>\n<meta property=\"og:site_name\" content=\"Serbia.com\" \/>\n<meta property=\"article:published_time\" content=\"2016-02-23T10:42:52+00:00\" \/>\n<meta property=\"og:image\" content=\"https:\/\/serbia.com\/wp-content\/uploads\/2016\/02\/dru-bomb_620x0.jpg\" \/>\n\t<meta property=\"og:image:width\" content=\"620\" \/>\n\t<meta property=\"og:image:height\" content=\"384\" \/>\n\t<meta property=\"og:image:type\" content=\"image\/jpeg\" \/>\n<meta name=\"author\" content=\"Serbia.com\" \/>\n<meta name=\"twitter:label1\" content=\"Written by\" \/>\n\t<meta name=\"twitter:data1\" content=\"Serbia.com\" \/>\n\t<meta name=\"twitter:label2\" content=\"Est. reading time\" \/>\n\t<meta name=\"twitter:data2\" content=\"2 minutes\" \/>\n<script type=\"application\/ld+json\" class=\"yoast-schema-graph\">{\"@context\":\"https:\\\/\\\/schema.org\",\"@graph\":[{\"@type\":\"Article\",\"@id\":\"https:\\\/\\\/serbia.com\\\/srpski\\\/avion-sa-telima-stradalih-u-libiji-ocekuje-se-popodne\\\/#article\",\"isPartOf\":{\"@id\":\"https:\\\/\\\/serbia.com\\\/srpski\\\/avion-sa-telima-stradalih-u-libiji-ocekuje-se-popodne\\\/\"},\"author\":{\"name\":\"Serbia.com\",\"@id\":\"https:\\\/\\\/serbia.com\\\/#\\\/schema\\\/person\\\/6fe28d3055f5f291d832531e555da490\"},\"headline\":\"Avion sa telima stradalih u Libiji o\u010dekuje se popodne\",\"datePublished\":\"2016-02-23T10:42:52+00:00\",\"mainEntityOfPage\":{\"@id\":\"https:\\\/\\\/serbia.com\\\/srpski\\\/avion-sa-telima-stradalih-u-libiji-ocekuje-se-popodne\\\/\"},\"wordCount\":410,\"image\":{\"@id\":\"https:\\\/\\\/serbia.com\\\/srpski\\\/avion-sa-telima-stradalih-u-libiji-ocekuje-se-popodne\\\/#primaryimage\"},\"thumbnailUrl\":\"https:\\\/\\\/serbia.com\\\/wp-content\\\/uploads\\\/2016\\\/02\\\/dru-bomb_620x0.jpg\",\"keywords\":[\"Jovica Stepic\",\"Libija\",\"Sla\u0111ana Stankovi\u0107\",\"Srpski ambasadori u Libiji\"],\"articleSection\":[\"Vesti\"],\"inLanguage\":\"srpski\"},{\"@type\":\"WebPage\",\"@id\":\"https:\\\/\\\/serbia.com\\\/srpski\\\/avion-sa-telima-stradalih-u-libiji-ocekuje-se-popodne\\\/\",\"url\":\"https:\\\/\\\/serbia.com\\\/srpski\\\/avion-sa-telima-stradalih-u-libiji-ocekuje-se-popodne\\\/\",\"name\":\"Avion sa telima stradalih u Libiji o\u010dekuje se popodne - Serbia.com\",\"isPartOf\":{\"@id\":\"https:\\\/\\\/serbia.com\\\/#website\"},\"primaryImageOfPage\":{\"@id\":\"https:\\\/\\\/serbia.com\\\/srpski\\\/avion-sa-telima-stradalih-u-libiji-ocekuje-se-popodne\\\/#primaryimage\"},\"image\":{\"@id\":\"https:\\\/\\\/serbia.com\\\/srpski\\\/avion-sa-telima-stradalih-u-libiji-ocekuje-se-popodne\\\/#primaryimage\"},\"thumbnailUrl\":\"https:\\\/\\\/serbia.com\\\/wp-content\\\/uploads\\\/2016\\\/02\\\/dru-bomb_620x0.jpg\",\"datePublished\":\"2016-02-23T10:42:52+00:00\",\"author\":{\"@id\":\"https:\\\/\\\/serbia.com\\\/#\\\/schema\\\/person\\\/6fe28d3055f5f291d832531e555da490\"},\"breadcrumb\":{\"@id\":\"https:\\\/\\\/serbia.com\\\/srpski\\\/avion-sa-telima-stradalih-u-libiji-ocekuje-se-popodne\\\/#breadcrumb\"},\"inLanguage\":\"srpski\",\"potentialAction\":[{\"@type\":\"ReadAction\",\"target\":[\"https:\\\/\\\/serbia.com\\\/srpski\\\/avion-sa-telima-stradalih-u-libiji-ocekuje-se-popodne\\\/\"]}]},{\"@type\":\"ImageObject\",\"inLanguage\":\"srpski\",\"@id\":\"https:\\\/\\\/serbia.com\\\/srpski\\\/avion-sa-telima-stradalih-u-libiji-ocekuje-se-popodne\\\/#primaryimage\",\"url\":\"https:\\\/\\\/serbia.com\\\/wp-content\\\/uploads\\\/2016\\\/02\\\/dru-bomb_620x0.jpg\",\"contentUrl\":\"https:\\\/\\\/serbia.com\\\/wp-content\\\/uploads\\\/2016\\\/02\\\/dru-bomb_620x0.jpg\",\"width\":620,\"height\":384,\"caption\":\"Serbian diplomats in Libya\"},{\"@type\":\"BreadcrumbList\",\"@id\":\"https:\\\/\\\/serbia.com\\\/srpski\\\/avion-sa-telima-stradalih-u-libiji-ocekuje-se-popodne\\\/#breadcrumb\",\"itemListElement\":[{\"@type\":\"ListItem\",\"position\":1,\"name\":\"Home\",\"item\":\"https:\\\/\\\/serbia.com\\\/srpski\\\/\"},{\"@type\":\"ListItem\",\"position\":2,\"name\":\"Avion sa telima stradalih u Libiji o\u010dekuje se popodne\"}]},{\"@type\":\"WebSite\",\"@id\":\"https:\\\/\\\/serbia.com\\\/#website\",\"url\":\"https:\\\/\\\/serbia.com\\\/\",\"name\":\"Serbia.com\",\"description\":\"Your Gateway to Serbia\",\"potentialAction\":[{\"@type\":\"SearchAction\",\"target\":{\"@type\":\"EntryPoint\",\"urlTemplate\":\"https:\\\/\\\/serbia.com\\\/?s={search_term_string}\"},\"query-input\":{\"@type\":\"PropertyValueSpecification\",\"valueRequired\":true,\"valueName\":\"search_term_string\"}}],\"inLanguage\":\"srpski\"},{\"@type\":\"Person\",\"@id\":\"https:\\\/\\\/serbia.com\\\/#\\\/schema\\\/person\\\/6fe28d3055f5f291d832531e555da490\",\"name\":\"Serbia.com\",\"image\":{\"@type\":\"ImageObject\",\"inLanguage\":\"srpski\",\"@id\":\"https:\\\/\\\/secure.gravatar.com\\\/avatar\\\/8381eb54f5b393857857cb5fd6c42264c9e14b10435326bc567fcc3511bd8df4?s=96&d=mm&r=g\",\"url\":\"https:\\\/\\\/secure.gravatar.com\\\/avatar\\\/8381eb54f5b393857857cb5fd6c42264c9e14b10435326bc567fcc3511bd8df4?s=96&d=mm&r=g\",\"contentUrl\":\"https:\\\/\\\/secure.gravatar.com\\\/avatar\\\/8381eb54f5b393857857cb5fd6c42264c9e14b10435326bc567fcc3511bd8df4?s=96&d=mm&r=g\",\"caption\":\"Serbia.com\"},\"url\":\"https:\\\/\\\/serbia.com\\\/srpski\\\/author\\\/serbia-com\\\/\"}]}<\/script>\n<!-- \/ Yoast SEO plugin. -->","yoast_head_json":{"title":"Avion sa telima stradalih u Libiji o\u010dekuje se popodne - Serbia.com","robots":{"index":"index","follow":"follow","max-snippet":"max-snippet:-1","max-image-preview":"max-image-preview:large","max-video-preview":"max-video-preview:-1"},"canonical":"https:\/\/serbia.com\/srpski\/avion-sa-telima-stradalih-u-libiji-ocekuje-se-popodne\/","og_locale":"en_US","og_type":"article","og_title":"Avion sa telima stradalih u Libiji o\u010dekuje se popodne - Serbia.com","og_description":"Ministar spoljnih poslova Ivica Da\u010di\u0107 izjavio je danas da se dolazak aviona sa telima slu\u017ebenika ambasade Srbije Sla\u0111ane Stankovi\u0107 i Jovice Stepi\u0107a koji su poginuli u Libiji u Beogradu o\u010dekuje [&hellip;]","og_url":"https:\/\/serbia.com\/srpski\/avion-sa-telima-stradalih-u-libiji-ocekuje-se-popodne\/","og_site_name":"Serbia.com","article_published_time":"2016-02-23T10:42:52+00:00","og_image":[{"width":620,"height":384,"url":"https:\/\/serbia.com\/wp-content\/uploads\/2016\/02\/dru-bomb_620x0.jpg","type":"image\/jpeg"}],"author":"Serbia.com","twitter_misc":{"Written by":"Serbia.com","Est. reading time":"2 minutes"},"schema":{"@context":"https:\/\/schema.org","@graph":[{"@type":"Article","@id":"https:\/\/serbia.com\/srpski\/avion-sa-telima-stradalih-u-libiji-ocekuje-se-popodne\/#article","isPartOf":{"@id":"https:\/\/serbia.com\/srpski\/avion-sa-telima-stradalih-u-libiji-ocekuje-se-popodne\/"},"author":{"name":"Serbia.com","@id":"https:\/\/serbia.com\/#\/schema\/person\/6fe28d3055f5f291d832531e555da490"},"headline":"Avion sa telima stradalih u Libiji o\u010dekuje se popodne","datePublished":"2016-02-23T10:42:52+00:00","mainEntityOfPage":{"@id":"https:\/\/serbia.com\/srpski\/avion-sa-telima-stradalih-u-libiji-ocekuje-se-popodne\/"},"wordCount":410,"image":{"@id":"https:\/\/serbia.com\/srpski\/avion-sa-telima-stradalih-u-libiji-ocekuje-se-popodne\/#primaryimage"},"thumbnailUrl":"https:\/\/serbia.com\/wp-content\/uploads\/2016\/02\/dru-bomb_620x0.jpg","keywords":["Jovica Stepic","Libija","Sla\u0111ana Stankovi\u0107","Srpski ambasadori u Libiji"],"articleSection":["Vesti"],"inLanguage":"srpski"},{"@type":"WebPage","@id":"https:\/\/serbia.com\/srpski\/avion-sa-telima-stradalih-u-libiji-ocekuje-se-popodne\/","url":"https:\/\/serbia.com\/srpski\/avion-sa-telima-stradalih-u-libiji-ocekuje-se-popodne\/","name":"Avion sa telima stradalih u Libiji o\u010dekuje se popodne - Serbia.com","isPartOf":{"@id":"https:\/\/serbia.com\/#website"},"primaryImageOfPage":{"@id":"https:\/\/serbia.com\/srpski\/avion-sa-telima-stradalih-u-libiji-ocekuje-se-popodne\/#primaryimage"},"image":{"@id":"https:\/\/serbia.com\/srpski\/avion-sa-telima-stradalih-u-libiji-ocekuje-se-popodne\/#primaryimage"},"thumbnailUrl":"https:\/\/serbia.com\/wp-content\/uploads\/2016\/02\/dru-bomb_620x0.jpg","datePublished":"2016-02-23T10:42:52+00:00","author":{"@id":"https:\/\/serbia.com\/#\/schema\/person\/6fe28d3055f5f291d832531e555da490"},"breadcrumb":{"@id":"https:\/\/serbia.com\/srpski\/avion-sa-telima-stradalih-u-libiji-ocekuje-se-popodne\/#breadcrumb"},"inLanguage":"srpski","potentialAction":[{"@type":"ReadAction","target":["https:\/\/serbia.com\/srpski\/avion-sa-telima-stradalih-u-libiji-ocekuje-se-popodne\/"]}]},{"@type":"ImageObject","inLanguage":"srpski","@id":"https:\/\/serbia.com\/srpski\/avion-sa-telima-stradalih-u-libiji-ocekuje-se-popodne\/#primaryimage","url":"https:\/\/serbia.com\/wp-content\/uploads\/2016\/02\/dru-bomb_620x0.jpg","contentUrl":"https:\/\/serbia.com\/wp-content\/uploads\/2016\/02\/dru-bomb_620x0.jpg","width":620,"height":384,"caption":"Serbian diplomats in Libya"},{"@type":"BreadcrumbList","@id":"https:\/\/serbia.com\/srpski\/avion-sa-telima-stradalih-u-libiji-ocekuje-se-popodne\/#breadcrumb","itemListElement":[{"@type":"ListItem","position":1,"name":"Home","item":"https:\/\/serbia.com\/srpski\/"},{"@type":"ListItem","position":2,"name":"Avion sa telima stradalih u Libiji o\u010dekuje se popodne"}]},{"@type":"WebSite","@id":"https:\/\/serbia.com\/#website","url":"https:\/\/serbia.com\/","name":"Serbia.com","description":"Your Gateway to Serbia","potentialAction":[{"@type":"SearchAction","target":{"@type":"EntryPoint","urlTemplate":"https:\/\/serbia.com\/?s={search_term_string}"},"query-input":{"@type":"PropertyValueSpecification","valueRequired":true,"valueName":"search_term_string"}}],"inLanguage":"srpski"},{"@type":"Person","@id":"https:\/\/serbia.com\/#\/schema\/person\/6fe28d3055f5f291d832531e555da490","name":"Serbia.com","image":{"@type":"ImageObject","inLanguage":"srpski","@id":"https:\/\/secure.gravatar.com\/avatar\/8381eb54f5b393857857cb5fd6c42264c9e14b10435326bc567fcc3511bd8df4?s=96&d=mm&r=g","url":"https:\/\/secure.gravatar.com\/avatar\/8381eb54f5b393857857cb5fd6c42264c9e14b10435326bc567fcc3511bd8df4?s=96&d=mm&r=g","contentUrl":"https:\/\/secure.gravatar.com\/avatar\/8381eb54f5b393857857cb5fd6c42264c9e14b10435326bc567fcc3511bd8df4?s=96&d=mm&r=g","caption":"Serbia.com"},"url":"https:\/\/serbia.com\/srpski\/author\/serbia-com\/"}]}},"brizy_media":[],"_links":{"self":[{"href":"https:\/\/serbia.com\/srpski\/wp-json\/wp\/v2\/posts\/46174","targetHints":{"allow":["GET"]}}],"collection":[{"href":"https:\/\/serbia.com\/srpski\/wp-json\/wp\/v2\/posts"}],"about":[{"href":"https:\/\/serbia.com\/srpski\/wp-json\/wp\/v2\/types\/post"}],"author":[{"embeddable":true,"href":"https:\/\/serbia.com\/srpski\/wp-json\/wp\/v2\/users\/9"}],"replies":[{"embeddable":true,"href":"https:\/\/serbia.com\/srpski\/wp-json\/wp\/v2\/comments?post=46174"}],"version-history":[{"count":0,"href":"https:\/\/serbia.com\/srpski\/wp-json\/wp\/v2\/posts\/46174\/revisions"}],"wp:featuredmedia":[{"embeddable":true,"href":"https:\/\/serbia.com\/srpski\/wp-json\/wp\/v2\/media\/46171"}],"wp:attachment":[{"href":"https:\/\/serbia.com\/srpski\/wp-json\/wp\/v2\/media?parent=46174"}],"wp:term":[{"taxonomy":"category","embeddable":true,"href":"https:\/\/serbia.com\/srpski\/wp-json\/wp\/v2\/categories?post=46174"},{"taxonomy":"post_tag","embeddable":true,"href":"https:\/\/serbia.com\/srpski\/wp-json\/wp\/v2\/tags?post=46174"}],"curies":[{"name":"wp","href":"https:\/\/api.w.org\/{rel}","templated":true}]}}