{"id":46089,"date":"2016-02-20T13:30:50","date_gmt":"2016-02-20T12:30:50","guid":{"rendered":"http:\/\/www.serbia.com\/srpski\/?p=46089"},"modified":"2016-02-20T13:30:50","modified_gmt":"2016-02-20T12:30:50","slug":"nikolic-potpisao-zakon-o-nato","status":"publish","type":"post","link":"https:\/\/serbia.com\/srpski\/nikolic-potpisao-zakon-o-nato\/","title":{"rendered":"Nikoli\u0107 potpisao Zakon o NATO"},"content":{"rendered":"<h4>Predsednik Srbije Tomislav Nikoli\u0107 potpisao je danas Zakon o potvr\u0111ivanju sporazuma izmedu Srbije i NATO, potvr\u0111eno je Tanjugu u kabinetu predsednika.<\/h4>\n<p>Skup\u0161tina Srbije ratifikovala je 12. februara sporazum Srbije i Organizacije NATO za podr\u0161ku i nabavku (NSPO) o saradnji u oblasti logisti\u010dke podr\u0161ke.<\/p>\n<p>Sporazum sa NATO, izme\u0111u ostalog, predvi\u0111a slobodu kretanja i diplomatski imunitet svim pripadnicima NATO u na\u0161oj zemlji, NSPO i njena sredstva, prihodi i druga imovina bi\u0107e izuzeti od svih poreza i drugih da\u017ebina, osim pla\u0107anja komunalnih usluga i carina, dok \u0107e osoblje NSPA, uklju\u010duju\u0107i i njihova vozila, u\u017eivati pravo slobodnog prolaza i pristupa kroz \u010ditavu Srbiju.<\/p>\n<p>Premijer Aleksandar Vu\u010di\u0107 izjavio je danas da je Srbiji potrebna saradnja sa NATO, te da samo oni koji bi zemlju da vrate u 17. vek smatraju da je to nepotrebno.<\/p>\n<p>Vu\u010di\u0107 je odgovaraju\u0107i na pitanja novinara o sporazumu sa NATO, nakon dogovora o zajedni\u010dkom izlasku na izbore sa PUPS-om, poru\u010dio:<\/p>\n<p>&#8220;Nemojte da mi dr\u017eite patriotske pridike vi koji ste doneli lo\u0161e sporazume. Mi smo ih ispravili i napravili pravu saradnju kakvu nezavisna i suverena dr\u017eava mo\u017ee, sme i treba da pravi&#8221;.<\/p>\n<p>Kako je naveo, o sporazumu s NATO re\u0161io je da odgovori svima koji su poslednjih dana imali primedbe na taj sporazum, istakav\u0161i da je na\u0161a politika jasna, a to je da ho\u0107emo da budemo nezavisna suverena zemlja koja ho\u0107e da sara\u0111uje i sa NATO i Ruskom Federacijom.<\/p>\n<p>Ovaj sporazum se primenjuje na pripadnike stranih oru\u017eanih snaga i prvi put Republika Srbija obezbe\u0111uje sebi prava koja je pre mnogo godina Alijansa dala svojim \u010dlanicama.<\/p>\n<p>On je objasnio da pripadnici Vojske Srbije po tom sporazumu kad ide u misije na Kipar ili Liban ne\u0107e pla\u0107ati da\u017ebine ve\u0107 prolaze isto tako kao i drugi kod nas, objasnio je Vu\u010di\u0107 dodaju\u0107i da je to sve ono \u0161to nismo imali a danas imamo.<\/p>\n<p>&#8220;Ovaj sporazum, prema onome \u0161to smo usvojili, ne primenjuje se automatski, ne omogu\u0107ava nekontrolisani ulazak, prolazak i boravak, nego za svaki konkretan slu\u010daj&#8221;, dodao je i primetio da time valjda treba da se di\u010dimo, a ne da obmanjujemo i pogre\u0161no informi\u0161emo narod, kako to, rekao je, \u010dine neki.<\/p>\n<p>Vu\u010di\u0107 je novinarima pokazao sporazum izme\u0111u Vlade Srbije i SAD, koji je 2006. godine potpisao tada\u0161nji predsednik Republike Boris Tadi\u0107, a o \u010demu je odluku donela vlada koju su \u010dinili D S S, koju su tad podr\u017eavale Dveri.<\/p>\n<p>Tim sporazumom su, ka\u017ee, DS i DS S sa SAD postigle dogovor da oru\u017eane snage SAD i civilno osoblje ministarstva odbrane SAD dobiju diplomatski imunitet, imaju pravo na no\u0161enje oru\u017eja i uniforme bez prava pregleda i inspekcijskog nadzora, a bili su oslobo\u0111eni i od pla\u0107anja poreza i drugih sli\u010dnih da\u017ebina koje se primenjuju u Srbiji.<\/p>\n<p>I partneri SAD su bili izuzeti od pla\u0107anja poreza i drugih da\u017ebina koji se primenjuju u Srbiji, naglasio je Vu\u010di\u0107.<\/p>\n<p>&#8220;Taj sporazum je 7. septembra 2006. u Va\u0161ingtonu potpisao Boris Tadi\u0107, uz ovla\u0161\u0107enje vlade u kojoj je ve\u0107inu predstavlja DS S koja nam danas soli pamet&#8221;, rekao je Vu\u010di\u0107.<\/p>\n<p>Na pitanje da li bi rusko osoblje u Srpsko-ruskog humanitarnog centru u Ni\u0161u trebalo da dobije diplomatski status, kao \u0161to smatra predsednik SNP-a Nenad Popovi\u0107, Vu\u010di\u0107 je odgovorio da veruje da je ta odluka trebalo da se donese 2006. kada je formiran Centar.<\/p>\n<p>&#8220;To je bilo logi\u010dno pitanje za njega po\u0161to je i tada bio potpredsednik DS S-a. \u010cudi me da to tada nisu uradili&#8221;, rekao je Vu\u010di\u0107.&#8221;<\/p>\n<p>On je dodao da se u Srbiji svi bave &#8220;belosvetskom politikom&#8221; i da se, kao u filmu &#8220;Tri karte za Holivud&#8221;, dele na one koji su za Ruse i one koji su za Amerikance.<\/p>\n<p>Vu\u010di\u0107 je poru\u010dio da je on Srbin i da ova vlast voli i po\u0161tuje sve, ali najvi\u0161e Srbiju.<\/p>\n<p>&#8220;Mi smo jedini za na\u0161u zemlju. I mislim da je to jedini pravilan put za Srbiju, ali istovremeno po\u0161tuju\u0107i sve njih i odr\u017eavaju\u0107i najbolje mogu\u0107e odnose&#8221;, rekao je Vu\u010di\u0107.<\/p>\n<p>Izvor: Tanjug<\/p>\n","protected":false},"excerpt":{"rendered":"<p>Predsednik Srbije Tomislav Nikoli\u0107 potpisao je danas Zakon o potvr\u0111ivanju sporazuma izmedu Srbije i NATO, potvr\u0111eno je Tanjugu u kabinetu predsednika. Skup\u0161tina Srbije ratifikovala je 12. februara sporazum Srbije i [&hellip;]<\/p>\n","protected":false},"author":9,"featured_media":42383,"comment_status":"closed","ping_status":"closed","sticky":false,"template":"","format":"standard","meta":{"_acf_changed":false,"inline_featured_image":false,"_monsterinsights_skip_tracking":false,"_monsterinsights_sitenote_active":false,"_monsterinsights_sitenote_note":"","_monsterinsights_sitenote_category":0,"footnotes":""},"categories":[2700],"tags":[3911,4015],"class_list":["post-46089","post","type-post","status-publish","format-standard","has-post-thumbnail","hentry","category-vesti","tag-nato","tag-tomislav-nikolic"],"acf":[],"yoast_head":"<!-- This site is optimized with the Yoast SEO plugin v27.4 - https:\/\/yoast.com\/product\/yoast-seo-wordpress\/ -->\n<title>Nikoli\u0107 potpisao Zakon o NATO - Serbia.com<\/title>\n<meta name=\"robots\" content=\"index, follow, max-snippet:-1, max-image-preview:large, max-video-preview:-1\" \/>\n<link rel=\"canonical\" href=\"https:\/\/serbia.com\/srpski\/nikolic-potpisao-zakon-o-nato\/\" \/>\n<meta property=\"og:locale\" content=\"en_US\" \/>\n<meta property=\"og:type\" content=\"article\" \/>\n<meta property=\"og:title\" content=\"Nikoli\u0107 potpisao Zakon o NATO - Serbia.com\" \/>\n<meta property=\"og:description\" content=\"Predsednik Srbije Tomislav Nikoli\u0107 potpisao je danas Zakon o potvr\u0111ivanju sporazuma izmedu Srbije i NATO, potvr\u0111eno je Tanjugu u kabinetu predsednika. Skup\u0161tina Srbije ratifikovala je 12. februara sporazum Srbije i [&hellip;]\" \/>\n<meta property=\"og:url\" content=\"https:\/\/serbia.com\/srpski\/nikolic-potpisao-zakon-o-nato\/\" \/>\n<meta property=\"og:site_name\" content=\"Serbia.com\" \/>\n<meta property=\"article:published_time\" content=\"2016-02-20T12:30:50+00:00\" \/>\n<meta property=\"og:image\" content=\"https:\/\/serbia.com\/wp-content\/uploads\/2015\/12\/Tomislav-Nikolic.jpg\" \/>\n\t<meta property=\"og:image:width\" content=\"800\" \/>\n\t<meta property=\"og:image:height\" content=\"474\" \/>\n\t<meta property=\"og:image:type\" content=\"image\/jpeg\" \/>\n<meta name=\"author\" content=\"Serbia.com\" \/>\n<meta name=\"twitter:label1\" content=\"Written by\" \/>\n\t<meta name=\"twitter:data1\" content=\"Serbia.com\" \/>\n\t<meta name=\"twitter:label2\" content=\"Est. reading time\" \/>\n\t<meta name=\"twitter:data2\" content=\"4 minutes\" \/>\n<script type=\"application\/ld+json\" class=\"yoast-schema-graph\">{\"@context\":\"https:\\\/\\\/schema.org\",\"@graph\":[{\"@type\":\"Article\",\"@id\":\"https:\\\/\\\/serbia.com\\\/srpski\\\/nikolic-potpisao-zakon-o-nato\\\/#article\",\"isPartOf\":{\"@id\":\"https:\\\/\\\/serbia.com\\\/srpski\\\/nikolic-potpisao-zakon-o-nato\\\/\"},\"author\":{\"name\":\"Serbia.com\",\"@id\":\"https:\\\/\\\/serbia.com\\\/#\\\/schema\\\/person\\\/6fe28d3055f5f291d832531e555da490\"},\"headline\":\"Nikoli\u0107 potpisao Zakon o NATO\",\"datePublished\":\"2016-02-20T12:30:50+00:00\",\"mainEntityOfPage\":{\"@id\":\"https:\\\/\\\/serbia.com\\\/srpski\\\/nikolic-potpisao-zakon-o-nato\\\/\"},\"wordCount\":715,\"image\":{\"@id\":\"https:\\\/\\\/serbia.com\\\/srpski\\\/nikolic-potpisao-zakon-o-nato\\\/#primaryimage\"},\"thumbnailUrl\":\"https:\\\/\\\/serbia.com\\\/wp-content\\\/uploads\\\/2015\\\/12\\\/Tomislav-Nikolic.jpg\",\"keywords\":[\"NATO\",\"Tomislav Nikolic\"],\"articleSection\":[\"Vesti\"],\"inLanguage\":\"srpski\"},{\"@type\":\"WebPage\",\"@id\":\"https:\\\/\\\/serbia.com\\\/srpski\\\/nikolic-potpisao-zakon-o-nato\\\/\",\"url\":\"https:\\\/\\\/serbia.com\\\/srpski\\\/nikolic-potpisao-zakon-o-nato\\\/\",\"name\":\"Nikoli\u0107 potpisao Zakon o NATO - Serbia.com\",\"isPartOf\":{\"@id\":\"https:\\\/\\\/serbia.com\\\/#website\"},\"primaryImageOfPage\":{\"@id\":\"https:\\\/\\\/serbia.com\\\/srpski\\\/nikolic-potpisao-zakon-o-nato\\\/#primaryimage\"},\"image\":{\"@id\":\"https:\\\/\\\/serbia.com\\\/srpski\\\/nikolic-potpisao-zakon-o-nato\\\/#primaryimage\"},\"thumbnailUrl\":\"https:\\\/\\\/serbia.com\\\/wp-content\\\/uploads\\\/2015\\\/12\\\/Tomislav-Nikolic.jpg\",\"datePublished\":\"2016-02-20T12:30:50+00:00\",\"author\":{\"@id\":\"https:\\\/\\\/serbia.com\\\/#\\\/schema\\\/person\\\/6fe28d3055f5f291d832531e555da490\"},\"breadcrumb\":{\"@id\":\"https:\\\/\\\/serbia.com\\\/srpski\\\/nikolic-potpisao-zakon-o-nato\\\/#breadcrumb\"},\"inLanguage\":\"srpski\",\"potentialAction\":[{\"@type\":\"ReadAction\",\"target\":[\"https:\\\/\\\/serbia.com\\\/srpski\\\/nikolic-potpisao-zakon-o-nato\\\/\"]}]},{\"@type\":\"ImageObject\",\"inLanguage\":\"srpski\",\"@id\":\"https:\\\/\\\/serbia.com\\\/srpski\\\/nikolic-potpisao-zakon-o-nato\\\/#primaryimage\",\"url\":\"https:\\\/\\\/serbia.com\\\/wp-content\\\/uploads\\\/2015\\\/12\\\/Tomislav-Nikolic.jpg\",\"contentUrl\":\"https:\\\/\\\/serbia.com\\\/wp-content\\\/uploads\\\/2015\\\/12\\\/Tomislav-Nikolic.jpg\",\"width\":800,\"height\":474,\"caption\":\"Tomislav-Nikolic\"},{\"@type\":\"BreadcrumbList\",\"@id\":\"https:\\\/\\\/serbia.com\\\/srpski\\\/nikolic-potpisao-zakon-o-nato\\\/#breadcrumb\",\"itemListElement\":[{\"@type\":\"ListItem\",\"position\":1,\"name\":\"Home\",\"item\":\"https:\\\/\\\/serbia.com\\\/srpski\\\/srbija\\\/\"},{\"@type\":\"ListItem\",\"position\":2,\"name\":\"Nikoli\u0107 potpisao Zakon o NATO\"}]},{\"@type\":\"WebSite\",\"@id\":\"https:\\\/\\\/serbia.com\\\/#website\",\"url\":\"https:\\\/\\\/serbia.com\\\/\",\"name\":\"Serbia.com\",\"description\":\"Your Gateway to Serbia\",\"potentialAction\":[{\"@type\":\"SearchAction\",\"target\":{\"@type\":\"EntryPoint\",\"urlTemplate\":\"https:\\\/\\\/serbia.com\\\/?s={search_term_string}\"},\"query-input\":{\"@type\":\"PropertyValueSpecification\",\"valueRequired\":true,\"valueName\":\"search_term_string\"}}],\"inLanguage\":\"srpski\"},{\"@type\":\"Person\",\"@id\":\"https:\\\/\\\/serbia.com\\\/#\\\/schema\\\/person\\\/6fe28d3055f5f291d832531e555da490\",\"name\":\"Serbia.com\",\"image\":{\"@type\":\"ImageObject\",\"inLanguage\":\"srpski\",\"@id\":\"https:\\\/\\\/secure.gravatar.com\\\/avatar\\\/8381eb54f5b393857857cb5fd6c42264c9e14b10435326bc567fcc3511bd8df4?s=96&d=mm&r=g\",\"url\":\"https:\\\/\\\/secure.gravatar.com\\\/avatar\\\/8381eb54f5b393857857cb5fd6c42264c9e14b10435326bc567fcc3511bd8df4?s=96&d=mm&r=g\",\"contentUrl\":\"https:\\\/\\\/secure.gravatar.com\\\/avatar\\\/8381eb54f5b393857857cb5fd6c42264c9e14b10435326bc567fcc3511bd8df4?s=96&d=mm&r=g\",\"caption\":\"Serbia.com\"},\"url\":\"https:\\\/\\\/serbia.com\\\/srpski\\\/author\\\/serbia-com\\\/\"}]}<\/script>\n<!-- \/ Yoast SEO plugin. -->","yoast_head_json":{"title":"Nikoli\u0107 potpisao Zakon o NATO - Serbia.com","robots":{"index":"index","follow":"follow","max-snippet":"max-snippet:-1","max-image-preview":"max-image-preview:large","max-video-preview":"max-video-preview:-1"},"canonical":"https:\/\/serbia.com\/srpski\/nikolic-potpisao-zakon-o-nato\/","og_locale":"en_US","og_type":"article","og_title":"Nikoli\u0107 potpisao Zakon o NATO - Serbia.com","og_description":"Predsednik Srbije Tomislav Nikoli\u0107 potpisao je danas Zakon o potvr\u0111ivanju sporazuma izmedu Srbije i NATO, potvr\u0111eno je Tanjugu u kabinetu predsednika. Skup\u0161tina Srbije ratifikovala je 12. februara sporazum Srbije i [&hellip;]","og_url":"https:\/\/serbia.com\/srpski\/nikolic-potpisao-zakon-o-nato\/","og_site_name":"Serbia.com","article_published_time":"2016-02-20T12:30:50+00:00","og_image":[{"width":800,"height":474,"url":"https:\/\/serbia.com\/wp-content\/uploads\/2015\/12\/Tomislav-Nikolic.jpg","type":"image\/jpeg"}],"author":"Serbia.com","twitter_misc":{"Written by":"Serbia.com","Est. reading time":"4 minutes"},"schema":{"@context":"https:\/\/schema.org","@graph":[{"@type":"Article","@id":"https:\/\/serbia.com\/srpski\/nikolic-potpisao-zakon-o-nato\/#article","isPartOf":{"@id":"https:\/\/serbia.com\/srpski\/nikolic-potpisao-zakon-o-nato\/"},"author":{"name":"Serbia.com","@id":"https:\/\/serbia.com\/#\/schema\/person\/6fe28d3055f5f291d832531e555da490"},"headline":"Nikoli\u0107 potpisao Zakon o NATO","datePublished":"2016-02-20T12:30:50+00:00","mainEntityOfPage":{"@id":"https:\/\/serbia.com\/srpski\/nikolic-potpisao-zakon-o-nato\/"},"wordCount":715,"image":{"@id":"https:\/\/serbia.com\/srpski\/nikolic-potpisao-zakon-o-nato\/#primaryimage"},"thumbnailUrl":"https:\/\/serbia.com\/wp-content\/uploads\/2015\/12\/Tomislav-Nikolic.jpg","keywords":["NATO","Tomislav Nikolic"],"articleSection":["Vesti"],"inLanguage":"srpski"},{"@type":"WebPage","@id":"https:\/\/serbia.com\/srpski\/nikolic-potpisao-zakon-o-nato\/","url":"https:\/\/serbia.com\/srpski\/nikolic-potpisao-zakon-o-nato\/","name":"Nikoli\u0107 potpisao Zakon o NATO - Serbia.com","isPartOf":{"@id":"https:\/\/serbia.com\/#website"},"primaryImageOfPage":{"@id":"https:\/\/serbia.com\/srpski\/nikolic-potpisao-zakon-o-nato\/#primaryimage"},"image":{"@id":"https:\/\/serbia.com\/srpski\/nikolic-potpisao-zakon-o-nato\/#primaryimage"},"thumbnailUrl":"https:\/\/serbia.com\/wp-content\/uploads\/2015\/12\/Tomislav-Nikolic.jpg","datePublished":"2016-02-20T12:30:50+00:00","author":{"@id":"https:\/\/serbia.com\/#\/schema\/person\/6fe28d3055f5f291d832531e555da490"},"breadcrumb":{"@id":"https:\/\/serbia.com\/srpski\/nikolic-potpisao-zakon-o-nato\/#breadcrumb"},"inLanguage":"srpski","potentialAction":[{"@type":"ReadAction","target":["https:\/\/serbia.com\/srpski\/nikolic-potpisao-zakon-o-nato\/"]}]},{"@type":"ImageObject","inLanguage":"srpski","@id":"https:\/\/serbia.com\/srpski\/nikolic-potpisao-zakon-o-nato\/#primaryimage","url":"https:\/\/serbia.com\/wp-content\/uploads\/2015\/12\/Tomislav-Nikolic.jpg","contentUrl":"https:\/\/serbia.com\/wp-content\/uploads\/2015\/12\/Tomislav-Nikolic.jpg","width":800,"height":474,"caption":"Tomislav-Nikolic"},{"@type":"BreadcrumbList","@id":"https:\/\/serbia.com\/srpski\/nikolic-potpisao-zakon-o-nato\/#breadcrumb","itemListElement":[{"@type":"ListItem","position":1,"name":"Home","item":"https:\/\/serbia.com\/srpski\/srbija\/"},{"@type":"ListItem","position":2,"name":"Nikoli\u0107 potpisao Zakon o NATO"}]},{"@type":"WebSite","@id":"https:\/\/serbia.com\/#website","url":"https:\/\/serbia.com\/","name":"Serbia.com","description":"Your Gateway to Serbia","potentialAction":[{"@type":"SearchAction","target":{"@type":"EntryPoint","urlTemplate":"https:\/\/serbia.com\/?s={search_term_string}"},"query-input":{"@type":"PropertyValueSpecification","valueRequired":true,"valueName":"search_term_string"}}],"inLanguage":"srpski"},{"@type":"Person","@id":"https:\/\/serbia.com\/#\/schema\/person\/6fe28d3055f5f291d832531e555da490","name":"Serbia.com","image":{"@type":"ImageObject","inLanguage":"srpski","@id":"https:\/\/secure.gravatar.com\/avatar\/8381eb54f5b393857857cb5fd6c42264c9e14b10435326bc567fcc3511bd8df4?s=96&d=mm&r=g","url":"https:\/\/secure.gravatar.com\/avatar\/8381eb54f5b393857857cb5fd6c42264c9e14b10435326bc567fcc3511bd8df4?s=96&d=mm&r=g","contentUrl":"https:\/\/secure.gravatar.com\/avatar\/8381eb54f5b393857857cb5fd6c42264c9e14b10435326bc567fcc3511bd8df4?s=96&d=mm&r=g","caption":"Serbia.com"},"url":"https:\/\/serbia.com\/srpski\/author\/serbia-com\/"}]}},"brizy_media":[],"_links":{"self":[{"href":"https:\/\/serbia.com\/srpski\/wp-json\/wp\/v2\/posts\/46089","targetHints":{"allow":["GET"]}}],"collection":[{"href":"https:\/\/serbia.com\/srpski\/wp-json\/wp\/v2\/posts"}],"about":[{"href":"https:\/\/serbia.com\/srpski\/wp-json\/wp\/v2\/types\/post"}],"author":[{"embeddable":true,"href":"https:\/\/serbia.com\/srpski\/wp-json\/wp\/v2\/users\/9"}],"replies":[{"embeddable":true,"href":"https:\/\/serbia.com\/srpski\/wp-json\/wp\/v2\/comments?post=46089"}],"version-history":[{"count":0,"href":"https:\/\/serbia.com\/srpski\/wp-json\/wp\/v2\/posts\/46089\/revisions"}],"wp:featuredmedia":[{"embeddable":true,"href":"https:\/\/serbia.com\/srpski\/wp-json\/wp\/v2\/media\/42383"}],"wp:attachment":[{"href":"https:\/\/serbia.com\/srpski\/wp-json\/wp\/v2\/media?parent=46089"}],"wp:term":[{"taxonomy":"category","embeddable":true,"href":"https:\/\/serbia.com\/srpski\/wp-json\/wp\/v2\/categories?post=46089"},{"taxonomy":"post_tag","embeddable":true,"href":"https:\/\/serbia.com\/srpski\/wp-json\/wp\/v2\/tags?post=46089"}],"curies":[{"name":"wp","href":"https:\/\/api.w.org\/{rel}","templated":true}]}}