{"id":46056,"date":"2016-02-19T17:07:41","date_gmt":"2016-02-19T16:07:41","guid":{"rendered":"http:\/\/www.serbia.com\/srpski\/?p=46056"},"modified":"2016-02-19T17:07:41","modified_gmt":"2016-02-19T16:07:41","slug":"srbija-nije-zatvorila-granicu-sa-makedonijom-vrsi-se-profilacija-migranata","status":"publish","type":"post","link":"https:\/\/serbia.com\/srpski\/srbija-nije-zatvorila-granicu-sa-makedonijom-vrsi-se-profilacija-migranata\/","title":{"rendered":"Srbija nije zatvorila granicu sa Makedonijom, vr\u0161i se profilacija migranata"},"content":{"rendered":"<h4>Srbija nije zatvorila granicu sa Makedonijom, re\u010deno je Tanjugu u Ministarstvu unutra\u0161njih poslova.<\/h4>\n<p>\u0160efica Biroa MUP-a za saradnju sa medijima Biljana Popovi\u0107 Ivkovi\u0107 rekla je Tanjugu da je Srbija po\u010dela da primenjuje ju\u010dera\u0161nji dogovor direktora policija zemalja regiona, kojim je predvi\u0111eno zajedni\u010dko registrovanje izbeglica na gr\u010dko-makedonskoj granici i organizovanje njihovog prevoza do Austrije.<\/p>\n<p>&#8220;Od danas se zapravo vr\u0161i profilacija migranta od strane svih potpisnika pomenutog protokola, \u0161to podrazumeva ja\u010du kontrolu granice u cilju spre\u010davanja ilegalnih migracija&#8221;, rekla je Popovi\u0107 Ivkovi\u0107.<\/p>\n<p>Ona je precizirala da se od danas pravi razlika izme\u0111u ekonomskih ili ilegalnih migranta i izbeglica koje dolaze iz ratom zahva\u0107enih podru\u010dja.<\/p>\n<p>&#8220;\u017delimo da spre\u010dimo evenutalne zloupotrebe u kretanju migranta&#8221;, naglasila je Popovi\u0107 Ivkovi\u0107 i naglasila da je od danas kontrola na makedonsko-gr\u010dkoj i makedonsko-srpskoj granici mnogo ja\u010da.<\/p>\n<p>I makedonski ministar policije Oliver Spasovski rekao je Tanjugu da granica te zemlje sa Srbijom, ali ni sa Gr\u010dkom, nije zatvorena.<\/p>\n<p>&#8220;Mi propu\u0161tamo migrante prema Srbiji&#8221;, rekao je Spasovski Tanjugu.<\/p>\n<p>On je ponovio da se radi profilacija na osnovu ju\u010dera\u0161njeg dogovora direktora policija.<\/p>\n<p>Komesar za izbeglice i migracije Vladimir Cuci\u0107 rekao je Tanjugu da se ne radi o zatvaranju ve\u0107 usporavanju koji je tehni\u010dki uslovljen kako bi se stvorili uslovi za po\u010detak primene sporazuma.<\/p>\n<p>Direktor Centra za pomo\u0107 i za\u0161titu tra\u017eiocima azila Rado\u0161 \u0110urovi\u0107 rekao je da Tanjugu da prema njegovim informacijama migranti ceo dan ne mogu iz Srbije da pre\u0111u u Hrvatsku.<\/p>\n<p>On ka\u017ee i da, prema njegovim informacijama sa terena, ni na jug Srbije ne ulaze migranti iz Makedonije.<\/p>\n<p>&#8220;Mo\u017eda je to samo privremeno. Ali takva je situacija ceo dan&#8221;, rekao je \u0110urovi\u0107.<\/p>\n<p>&nbsp;<\/p>\n<p>Izvor&gt; Tanjug<\/p>\n","protected":false},"excerpt":{"rendered":"<p>Srbija nije zatvorila granicu sa Makedonijom, re\u010deno je Tanjugu u Ministarstvu unutra\u0161njih poslova. \u0160efica Biroa MUP-a za saradnju sa medijima Biljana Popovi\u0107 Ivkovi\u0107 rekla je Tanjugu da je Srbija po\u010dela [&hellip;]<\/p>\n","protected":false},"author":9,"featured_media":37540,"comment_status":"closed","ping_status":"closed","sticky":false,"template":"","format":"standard","meta":{"_acf_changed":false,"inline_featured_image":false,"_monsterinsights_skip_tracking":false,"_monsterinsights_sitenote_active":false,"_monsterinsights_sitenote_note":"","_monsterinsights_sitenote_category":0,"footnotes":""},"categories":[2700],"tags":[4827,4828,4101,3904,3878],"class_list":["post-46056","post","type-post","status-publish","format-standard","has-post-thumbnail","hentry","category-vesti","tag-granica-sa-makedonijom","tag-izbeglika-kriza","tag-makedonija","tag-migranti","tag-migrantska-kriza"],"acf":[],"yoast_head":"<!-- This site is optimized with the Yoast SEO plugin v27.4 - https:\/\/yoast.com\/product\/yoast-seo-wordpress\/ -->\n<title>Srbija nije zatvorila granicu sa Makedonijom, vr\u0161i se profilacija migranata - Serbia.com<\/title>\n<meta name=\"robots\" content=\"index, follow, max-snippet:-1, max-image-preview:large, max-video-preview:-1\" \/>\n<link rel=\"canonical\" href=\"https:\/\/serbia.com\/srpski\/srbija-nije-zatvorila-granicu-sa-makedonijom-vrsi-se-profilacija-migranata\/\" \/>\n<meta property=\"og:locale\" content=\"en_US\" \/>\n<meta property=\"og:type\" content=\"article\" \/>\n<meta property=\"og:title\" content=\"Srbija nije zatvorila granicu sa Makedonijom, vr\u0161i se profilacija migranata - Serbia.com\" \/>\n<meta property=\"og:description\" content=\"Srbija nije zatvorila granicu sa Makedonijom, re\u010deno je Tanjugu u Ministarstvu unutra\u0161njih poslova. \u0160efica Biroa MUP-a za saradnju sa medijima Biljana Popovi\u0107 Ivkovi\u0107 rekla je Tanjugu da je Srbija po\u010dela [&hellip;]\" \/>\n<meta property=\"og:url\" content=\"https:\/\/serbia.com\/srpski\/srbija-nije-zatvorila-granicu-sa-makedonijom-vrsi-se-profilacija-migranata\/\" \/>\n<meta property=\"og:site_name\" content=\"Serbia.com\" \/>\n<meta property=\"article:published_time\" content=\"2016-02-19T16:07:41+00:00\" \/>\n<meta property=\"og:image\" content=\"https:\/\/serbia.com\/wp-content\/uploads\/2015\/11\/f-migrants-b-20150909-e1448283099146.jpg\" \/>\n\t<meta property=\"og:image:width\" content=\"734\" \/>\n\t<meta property=\"og:image:height\" content=\"489\" \/>\n\t<meta property=\"og:image:type\" content=\"image\/jpeg\" \/>\n<meta name=\"author\" content=\"Serbia.com\" \/>\n<meta name=\"twitter:label1\" content=\"Written by\" \/>\n\t<meta name=\"twitter:data1\" content=\"Serbia.com\" \/>\n\t<meta name=\"twitter:label2\" content=\"Est. reading time\" \/>\n\t<meta name=\"twitter:data2\" content=\"1 minute\" \/>\n<script type=\"application\/ld+json\" class=\"yoast-schema-graph\">{\"@context\":\"https:\\\/\\\/schema.org\",\"@graph\":[{\"@type\":\"Article\",\"@id\":\"https:\\\/\\\/serbia.com\\\/srpski\\\/srbija-nije-zatvorila-granicu-sa-makedonijom-vrsi-se-profilacija-migranata\\\/#article\",\"isPartOf\":{\"@id\":\"https:\\\/\\\/serbia.com\\\/srpski\\\/srbija-nije-zatvorila-granicu-sa-makedonijom-vrsi-se-profilacija-migranata\\\/\"},\"author\":{\"name\":\"Serbia.com\",\"@id\":\"https:\\\/\\\/serbia.com\\\/#\\\/schema\\\/person\\\/6fe28d3055f5f291d832531e555da490\"},\"headline\":\"Srbija nije zatvorila granicu sa Makedonijom, vr\u0161i se profilacija migranata\",\"datePublished\":\"2016-02-19T16:07:41+00:00\",\"mainEntityOfPage\":{\"@id\":\"https:\\\/\\\/serbia.com\\\/srpski\\\/srbija-nije-zatvorila-granicu-sa-makedonijom-vrsi-se-profilacija-migranata\\\/\"},\"wordCount\":306,\"image\":{\"@id\":\"https:\\\/\\\/serbia.com\\\/srpski\\\/srbija-nije-zatvorila-granicu-sa-makedonijom-vrsi-se-profilacija-migranata\\\/#primaryimage\"},\"thumbnailUrl\":\"https:\\\/\\\/serbia.com\\\/wp-content\\\/uploads\\\/2015\\\/11\\\/f-migrants-b-20150909-e1448283099146.jpg\",\"keywords\":[\"Granica sa Makedonijom\",\"Izbegli;ka kriza\",\"Makedonija\",\"Migranti\",\"Migrantska kriza\"],\"articleSection\":[\"Vesti\"],\"inLanguage\":\"srpski\"},{\"@type\":\"WebPage\",\"@id\":\"https:\\\/\\\/serbia.com\\\/srpski\\\/srbija-nije-zatvorila-granicu-sa-makedonijom-vrsi-se-profilacija-migranata\\\/\",\"url\":\"https:\\\/\\\/serbia.com\\\/srpski\\\/srbija-nije-zatvorila-granicu-sa-makedonijom-vrsi-se-profilacija-migranata\\\/\",\"name\":\"Srbija nije zatvorila granicu sa Makedonijom, vr\u0161i se profilacija migranata - Serbia.com\",\"isPartOf\":{\"@id\":\"https:\\\/\\\/serbia.com\\\/#website\"},\"primaryImageOfPage\":{\"@id\":\"https:\\\/\\\/serbia.com\\\/srpski\\\/srbija-nije-zatvorila-granicu-sa-makedonijom-vrsi-se-profilacija-migranata\\\/#primaryimage\"},\"image\":{\"@id\":\"https:\\\/\\\/serbia.com\\\/srpski\\\/srbija-nije-zatvorila-granicu-sa-makedonijom-vrsi-se-profilacija-migranata\\\/#primaryimage\"},\"thumbnailUrl\":\"https:\\\/\\\/serbia.com\\\/wp-content\\\/uploads\\\/2015\\\/11\\\/f-migrants-b-20150909-e1448283099146.jpg\",\"datePublished\":\"2016-02-19T16:07:41+00:00\",\"author\":{\"@id\":\"https:\\\/\\\/serbia.com\\\/#\\\/schema\\\/person\\\/6fe28d3055f5f291d832531e555da490\"},\"breadcrumb\":{\"@id\":\"https:\\\/\\\/serbia.com\\\/srpski\\\/srbija-nije-zatvorila-granicu-sa-makedonijom-vrsi-se-profilacija-migranata\\\/#breadcrumb\"},\"inLanguage\":\"srpski\",\"potentialAction\":[{\"@type\":\"ReadAction\",\"target\":[\"https:\\\/\\\/serbia.com\\\/srpski\\\/srbija-nije-zatvorila-granicu-sa-makedonijom-vrsi-se-profilacija-migranata\\\/\"]}]},{\"@type\":\"ImageObject\",\"inLanguage\":\"srpski\",\"@id\":\"https:\\\/\\\/serbia.com\\\/srpski\\\/srbija-nije-zatvorila-granicu-sa-makedonijom-vrsi-se-profilacija-migranata\\\/#primaryimage\",\"url\":\"https:\\\/\\\/serbia.com\\\/wp-content\\\/uploads\\\/2015\\\/11\\\/f-migrants-b-20150909-e1448283099146.jpg\",\"contentUrl\":\"https:\\\/\\\/serbia.com\\\/wp-content\\\/uploads\\\/2015\\\/11\\\/f-migrants-b-20150909-e1448283099146.jpg\",\"width\":734,\"height\":489,\"caption\":\"Migrants move away from a temporary holding center controlled by Hungarian authorities in Roszke, southern Hungary, Monday, Sept. 7, 2015, inside Hungary, just over the border from Serbia. The situation is confused with many hundreds of migrants moving in several directions and trying to reach a migrant registration camp, rather than wait for a unreliable bus service. (AP Photo\\\/Marko Drobnjakovic)\"},{\"@type\":\"BreadcrumbList\",\"@id\":\"https:\\\/\\\/serbia.com\\\/srpski\\\/srbija-nije-zatvorila-granicu-sa-makedonijom-vrsi-se-profilacija-migranata\\\/#breadcrumb\",\"itemListElement\":[{\"@type\":\"ListItem\",\"position\":1,\"name\":\"Home\",\"item\":\"https:\\\/\\\/serbia.com\\\/srpski\\\/srbija\\\/\"},{\"@type\":\"ListItem\",\"position\":2,\"name\":\"Srbija nije zatvorila granicu sa Makedonijom, vr\u0161i se profilacija migranata\"}]},{\"@type\":\"WebSite\",\"@id\":\"https:\\\/\\\/serbia.com\\\/#website\",\"url\":\"https:\\\/\\\/serbia.com\\\/\",\"name\":\"Serbia.com\",\"description\":\"Your Gateway to Serbia\",\"potentialAction\":[{\"@type\":\"SearchAction\",\"target\":{\"@type\":\"EntryPoint\",\"urlTemplate\":\"https:\\\/\\\/serbia.com\\\/?s={search_term_string}\"},\"query-input\":{\"@type\":\"PropertyValueSpecification\",\"valueRequired\":true,\"valueName\":\"search_term_string\"}}],\"inLanguage\":\"srpski\"},{\"@type\":\"Person\",\"@id\":\"https:\\\/\\\/serbia.com\\\/#\\\/schema\\\/person\\\/6fe28d3055f5f291d832531e555da490\",\"name\":\"Serbia.com\",\"image\":{\"@type\":\"ImageObject\",\"inLanguage\":\"srpski\",\"@id\":\"https:\\\/\\\/secure.gravatar.com\\\/avatar\\\/8381eb54f5b393857857cb5fd6c42264c9e14b10435326bc567fcc3511bd8df4?s=96&d=mm&r=g\",\"url\":\"https:\\\/\\\/secure.gravatar.com\\\/avatar\\\/8381eb54f5b393857857cb5fd6c42264c9e14b10435326bc567fcc3511bd8df4?s=96&d=mm&r=g\",\"contentUrl\":\"https:\\\/\\\/secure.gravatar.com\\\/avatar\\\/8381eb54f5b393857857cb5fd6c42264c9e14b10435326bc567fcc3511bd8df4?s=96&d=mm&r=g\",\"caption\":\"Serbia.com\"},\"url\":\"https:\\\/\\\/serbia.com\\\/srpski\\\/author\\\/serbia-com\\\/\"}]}<\/script>\n<!-- \/ Yoast SEO plugin. -->","yoast_head_json":{"title":"Srbija nije zatvorila granicu sa Makedonijom, vr\u0161i se profilacija migranata - Serbia.com","robots":{"index":"index","follow":"follow","max-snippet":"max-snippet:-1","max-image-preview":"max-image-preview:large","max-video-preview":"max-video-preview:-1"},"canonical":"https:\/\/serbia.com\/srpski\/srbija-nije-zatvorila-granicu-sa-makedonijom-vrsi-se-profilacija-migranata\/","og_locale":"en_US","og_type":"article","og_title":"Srbija nije zatvorila granicu sa Makedonijom, vr\u0161i se profilacija migranata - Serbia.com","og_description":"Srbija nije zatvorila granicu sa Makedonijom, re\u010deno je Tanjugu u Ministarstvu unutra\u0161njih poslova. \u0160efica Biroa MUP-a za saradnju sa medijima Biljana Popovi\u0107 Ivkovi\u0107 rekla je Tanjugu da je Srbija po\u010dela [&hellip;]","og_url":"https:\/\/serbia.com\/srpski\/srbija-nije-zatvorila-granicu-sa-makedonijom-vrsi-se-profilacija-migranata\/","og_site_name":"Serbia.com","article_published_time":"2016-02-19T16:07:41+00:00","og_image":[{"width":734,"height":489,"url":"https:\/\/serbia.com\/wp-content\/uploads\/2015\/11\/f-migrants-b-20150909-e1448283099146.jpg","type":"image\/jpeg"}],"author":"Serbia.com","twitter_misc":{"Written by":"Serbia.com","Est. reading time":"1 minute"},"schema":{"@context":"https:\/\/schema.org","@graph":[{"@type":"Article","@id":"https:\/\/serbia.com\/srpski\/srbija-nije-zatvorila-granicu-sa-makedonijom-vrsi-se-profilacija-migranata\/#article","isPartOf":{"@id":"https:\/\/serbia.com\/srpski\/srbija-nije-zatvorila-granicu-sa-makedonijom-vrsi-se-profilacija-migranata\/"},"author":{"name":"Serbia.com","@id":"https:\/\/serbia.com\/#\/schema\/person\/6fe28d3055f5f291d832531e555da490"},"headline":"Srbija nije zatvorila granicu sa Makedonijom, vr\u0161i se profilacija migranata","datePublished":"2016-02-19T16:07:41+00:00","mainEntityOfPage":{"@id":"https:\/\/serbia.com\/srpski\/srbija-nije-zatvorila-granicu-sa-makedonijom-vrsi-se-profilacija-migranata\/"},"wordCount":306,"image":{"@id":"https:\/\/serbia.com\/srpski\/srbija-nije-zatvorila-granicu-sa-makedonijom-vrsi-se-profilacija-migranata\/#primaryimage"},"thumbnailUrl":"https:\/\/serbia.com\/wp-content\/uploads\/2015\/11\/f-migrants-b-20150909-e1448283099146.jpg","keywords":["Granica sa Makedonijom","Izbegli;ka kriza","Makedonija","Migranti","Migrantska kriza"],"articleSection":["Vesti"],"inLanguage":"srpski"},{"@type":"WebPage","@id":"https:\/\/serbia.com\/srpski\/srbija-nije-zatvorila-granicu-sa-makedonijom-vrsi-se-profilacija-migranata\/","url":"https:\/\/serbia.com\/srpski\/srbija-nije-zatvorila-granicu-sa-makedonijom-vrsi-se-profilacija-migranata\/","name":"Srbija nije zatvorila granicu sa Makedonijom, vr\u0161i se profilacija migranata - Serbia.com","isPartOf":{"@id":"https:\/\/serbia.com\/#website"},"primaryImageOfPage":{"@id":"https:\/\/serbia.com\/srpski\/srbija-nije-zatvorila-granicu-sa-makedonijom-vrsi-se-profilacija-migranata\/#primaryimage"},"image":{"@id":"https:\/\/serbia.com\/srpski\/srbija-nije-zatvorila-granicu-sa-makedonijom-vrsi-se-profilacija-migranata\/#primaryimage"},"thumbnailUrl":"https:\/\/serbia.com\/wp-content\/uploads\/2015\/11\/f-migrants-b-20150909-e1448283099146.jpg","datePublished":"2016-02-19T16:07:41+00:00","author":{"@id":"https:\/\/serbia.com\/#\/schema\/person\/6fe28d3055f5f291d832531e555da490"},"breadcrumb":{"@id":"https:\/\/serbia.com\/srpski\/srbija-nije-zatvorila-granicu-sa-makedonijom-vrsi-se-profilacija-migranata\/#breadcrumb"},"inLanguage":"srpski","potentialAction":[{"@type":"ReadAction","target":["https:\/\/serbia.com\/srpski\/srbija-nije-zatvorila-granicu-sa-makedonijom-vrsi-se-profilacija-migranata\/"]}]},{"@type":"ImageObject","inLanguage":"srpski","@id":"https:\/\/serbia.com\/srpski\/srbija-nije-zatvorila-granicu-sa-makedonijom-vrsi-se-profilacija-migranata\/#primaryimage","url":"https:\/\/serbia.com\/wp-content\/uploads\/2015\/11\/f-migrants-b-20150909-e1448283099146.jpg","contentUrl":"https:\/\/serbia.com\/wp-content\/uploads\/2015\/11\/f-migrants-b-20150909-e1448283099146.jpg","width":734,"height":489,"caption":"Migrants move away from a temporary holding center controlled by Hungarian authorities in Roszke, southern Hungary, Monday, Sept. 7, 2015, inside Hungary, just over the border from Serbia. The situation is confused with many hundreds of migrants moving in several directions and trying to reach a migrant registration camp, rather than wait for a unreliable bus service. (AP Photo\/Marko Drobnjakovic)"},{"@type":"BreadcrumbList","@id":"https:\/\/serbia.com\/srpski\/srbija-nije-zatvorila-granicu-sa-makedonijom-vrsi-se-profilacija-migranata\/#breadcrumb","itemListElement":[{"@type":"ListItem","position":1,"name":"Home","item":"https:\/\/serbia.com\/srpski\/srbija\/"},{"@type":"ListItem","position":2,"name":"Srbija nije zatvorila granicu sa Makedonijom, vr\u0161i se profilacija migranata"}]},{"@type":"WebSite","@id":"https:\/\/serbia.com\/#website","url":"https:\/\/serbia.com\/","name":"Serbia.com","description":"Your Gateway to Serbia","potentialAction":[{"@type":"SearchAction","target":{"@type":"EntryPoint","urlTemplate":"https:\/\/serbia.com\/?s={search_term_string}"},"query-input":{"@type":"PropertyValueSpecification","valueRequired":true,"valueName":"search_term_string"}}],"inLanguage":"srpski"},{"@type":"Person","@id":"https:\/\/serbia.com\/#\/schema\/person\/6fe28d3055f5f291d832531e555da490","name":"Serbia.com","image":{"@type":"ImageObject","inLanguage":"srpski","@id":"https:\/\/secure.gravatar.com\/avatar\/8381eb54f5b393857857cb5fd6c42264c9e14b10435326bc567fcc3511bd8df4?s=96&d=mm&r=g","url":"https:\/\/secure.gravatar.com\/avatar\/8381eb54f5b393857857cb5fd6c42264c9e14b10435326bc567fcc3511bd8df4?s=96&d=mm&r=g","contentUrl":"https:\/\/secure.gravatar.com\/avatar\/8381eb54f5b393857857cb5fd6c42264c9e14b10435326bc567fcc3511bd8df4?s=96&d=mm&r=g","caption":"Serbia.com"},"url":"https:\/\/serbia.com\/srpski\/author\/serbia-com\/"}]}},"brizy_media":[],"_links":{"self":[{"href":"https:\/\/serbia.com\/srpski\/wp-json\/wp\/v2\/posts\/46056","targetHints":{"allow":["GET"]}}],"collection":[{"href":"https:\/\/serbia.com\/srpski\/wp-json\/wp\/v2\/posts"}],"about":[{"href":"https:\/\/serbia.com\/srpski\/wp-json\/wp\/v2\/types\/post"}],"author":[{"embeddable":true,"href":"https:\/\/serbia.com\/srpski\/wp-json\/wp\/v2\/users\/9"}],"replies":[{"embeddable":true,"href":"https:\/\/serbia.com\/srpski\/wp-json\/wp\/v2\/comments?post=46056"}],"version-history":[{"count":0,"href":"https:\/\/serbia.com\/srpski\/wp-json\/wp\/v2\/posts\/46056\/revisions"}],"wp:featuredmedia":[{"embeddable":true,"href":"https:\/\/serbia.com\/srpski\/wp-json\/wp\/v2\/media\/37540"}],"wp:attachment":[{"href":"https:\/\/serbia.com\/srpski\/wp-json\/wp\/v2\/media?parent=46056"}],"wp:term":[{"taxonomy":"category","embeddable":true,"href":"https:\/\/serbia.com\/srpski\/wp-json\/wp\/v2\/categories?post=46056"},{"taxonomy":"post_tag","embeddable":true,"href":"https:\/\/serbia.com\/srpski\/wp-json\/wp\/v2\/tags?post=46056"}],"curies":[{"name":"wp","href":"https:\/\/api.w.org\/{rel}","templated":true}]}}