{"id":46019,"date":"2016-02-19T10:03:07","date_gmt":"2016-02-19T09:03:07","guid":{"rendered":"http:\/\/www.serbia.com\/srpski\/?p=46019"},"modified":"2016-02-19T10:03:07","modified_gmt":"2016-02-19T09:03:07","slug":"rebic-dogovor-iz-zagreba-olasace-mup-u-srbije","status":"publish","type":"post","link":"https:\/\/serbia.com\/srpski\/rebic-dogovor-iz-zagreba-olasace-mup-u-srbije\/","title":{"rendered":"Rebi\u0107: Dogovor iz Zagreba olak\u0161a\u0107e MUP-u Srbije"},"content":{"rendered":"<h4>Vr\u0161ilac du\u017enosti direktora srpske policije Vladimir Rebi\u0107 \u00a0izjavio je danas da \u0107e Protokol o saradnji koji su u Zagrebu potpisali \u0161efovi policija iz regiona staviti srpski MUP u povoljniji polo\u017eaj, jer je predvi\u0111eno uvo\u0111enje zajedni\u010dkog registrovanja izbeglica na gr\u010dko-makedonskoj granici.<\/h4>\n<p>&#8220;Novina je da \u0107e se od sutra prakti\u010dno, na gr\u010dko-makedonskoj granici vr\u0161iti profilacija migranata od strane svih subjekata potpisnica dana\u0161njeg sporazuma, \u0161to podrazumeva i ja\u010du kontrolu makedonsko-gr\u010dke granice u cilju spre\u010davanja ilegalnih migracija&#8221;, istakao je Rebi\u0107, koji je u\u010destvovao na sastanku direktora policija Srbije, Hrvatske, Austrije, Makedonije i Slovenije u Zagrebu, saop\u0161tio je MUP.<\/p>\n<p>On je rekao da \u0107e se, u narednom periodu, na gr\u010dko-makedonskoj granici izdavati novi obrazac sa fotografijom, koji podrazumeva lak\u0161e kretanje migranata kroz sve zemlje balkanske rute.<\/p>\n<p>Rebi\u0107 je naglasio da \u0107e ta novina dovesti do spre\u010davanja eventualnih zloupotreba u njihovom kretanju, ali i do spre\u010davanja zna\u010dajnijeg povratka migranata, u odnosu na dosada\u0161nju praksu da se migranti vra\u0107aju u obrnutom smeru prema Makedoniji.<\/p>\n<p>&#8220;Na taj na\u010din \u0107emo zna\u010dajno u\u0161tedeti i ljudske i materijalne resurse Ministarstva unutra\u0161njih poslova\u201c, poru\u010dio je Rebi\u0107.anju izbeglica<\/p>\n<p>\u0160efovi policija Hrvatske, Srbije, Slovenije, Makedonije i Austrije, dogovorili su se danas o uvo\u0111enju zajedni\u010dkog registrovanja izbeglica na gr\u010dko-makedonskoj granici i organizovanju njihovog prevoza do Austrije.<\/p>\n<p>Kroz taj proces, bi\u0107e obavljena identifikacija i uzeti biometrijski podaci migranata, kako bi se odredilo da li dolaze iz zemalja u kojima im je \u017eivot ugro\u017een, poput Sirije, Iraka i Avganistana.<\/p>\n<p>Njima se ne\u0107e odmah na gr\u010dko-makedonskoj granici davati status tra\u017eilaca azila, ve\u0107 je to biti u\u010dinjeno u Austriji ili u nekoj drugoj zemlji u koju su krenuli, javio je Rojters.<\/p>\n<p>Doma\u0107in sastanka, hrvatski ministar Vlado Domini\u0107, izavio je da je cilj dogovora da bi se spre\u010dilo da zemlje na &#8220;balkanskoj ruti&#8221; vra\u0107aju izbeglice jedne drugima.<\/p>\n<p>Izvor&gt; Tanjug<\/p>\n","protected":false},"excerpt":{"rendered":"<p>Vr\u0161ilac du\u017enosti direktora srpske policije Vladimir Rebi\u0107 \u00a0izjavio je danas da \u0107e Protokol o saradnji koji su u Zagrebu potpisali \u0161efovi policija iz regiona staviti srpski MUP u povoljniji polo\u017eaj, [&hellip;]<\/p>\n","protected":false},"author":9,"featured_media":46016,"comment_status":"closed","ping_status":"closed","sticky":false,"template":"","format":"standard","meta":{"_acf_changed":false,"inline_featured_image":false,"_monsterinsights_skip_tracking":false,"_monsterinsights_sitenote_active":false,"_monsterinsights_sitenote_note":"","_monsterinsights_sitenote_category":0,"footnotes":""},"categories":[2700],"tags":[3901,4814,4813,3936],"class_list":["post-46019","post","type-post","status-publish","format-standard","has-post-thumbnail","hentry","category-vesti","tag-mup","tag-sporazum-iz-zagreba","tag-vladimir-rebic","tag-zagreb"],"acf":[],"yoast_head":"<!-- This site is optimized with the Yoast SEO plugin v27.4 - https:\/\/yoast.com\/product\/yoast-seo-wordpress\/ -->\n<title>Rebi\u0107: Dogovor iz Zagreba olak\u0161a\u0107e MUP-u Srbije - Serbia.com<\/title>\n<meta name=\"robots\" content=\"index, follow, max-snippet:-1, max-image-preview:large, max-video-preview:-1\" \/>\n<link rel=\"canonical\" href=\"https:\/\/serbia.com\/srpski\/rebic-dogovor-iz-zagreba-olasace-mup-u-srbije\/\" \/>\n<meta property=\"og:locale\" content=\"en_US\" \/>\n<meta property=\"og:type\" content=\"article\" \/>\n<meta property=\"og:title\" content=\"Rebi\u0107: Dogovor iz Zagreba olak\u0161a\u0107e MUP-u Srbije - Serbia.com\" \/>\n<meta property=\"og:description\" content=\"Vr\u0161ilac du\u017enosti direktora srpske policije Vladimir Rebi\u0107 \u00a0izjavio je danas da \u0107e Protokol o saradnji koji su u Zagrebu potpisali \u0161efovi policija iz regiona staviti srpski MUP u povoljniji polo\u017eaj, [&hellip;]\" \/>\n<meta property=\"og:url\" content=\"https:\/\/serbia.com\/srpski\/rebic-dogovor-iz-zagreba-olasace-mup-u-srbije\/\" \/>\n<meta property=\"og:site_name\" content=\"Serbia.com\" \/>\n<meta property=\"article:published_time\" content=\"2016-02-19T09:03:07+00:00\" \/>\n<meta property=\"og:image\" content=\"https:\/\/serbia.com\/wp-content\/uploads\/2016\/02\/vladimir-rebic-foto-mup-1450522259-807341.jpg\" \/>\n\t<meta property=\"og:image:width\" content=\"724\" \/>\n\t<meta property=\"og:image:height\" content=\"489\" \/>\n\t<meta property=\"og:image:type\" content=\"image\/jpeg\" \/>\n<meta name=\"author\" content=\"Serbia.com\" \/>\n<meta name=\"twitter:label1\" content=\"Written by\" \/>\n\t<meta name=\"twitter:data1\" content=\"Serbia.com\" \/>\n\t<meta name=\"twitter:label2\" content=\"Est. reading time\" \/>\n\t<meta name=\"twitter:data2\" content=\"2 minutes\" \/>\n<script type=\"application\/ld+json\" class=\"yoast-schema-graph\">{\"@context\":\"https:\\\/\\\/schema.org\",\"@graph\":[{\"@type\":\"Article\",\"@id\":\"https:\\\/\\\/serbia.com\\\/srpski\\\/rebic-dogovor-iz-zagreba-olasace-mup-u-srbije\\\/#article\",\"isPartOf\":{\"@id\":\"https:\\\/\\\/serbia.com\\\/srpski\\\/rebic-dogovor-iz-zagreba-olasace-mup-u-srbije\\\/\"},\"author\":{\"name\":\"Serbia.com\",\"@id\":\"https:\\\/\\\/serbia.com\\\/#\\\/schema\\\/person\\\/6fe28d3055f5f291d832531e555da490\"},\"headline\":\"Rebi\u0107: Dogovor iz Zagreba olak\u0161a\u0107e MUP-u Srbije\",\"datePublished\":\"2016-02-19T09:03:07+00:00\",\"mainEntityOfPage\":{\"@id\":\"https:\\\/\\\/serbia.com\\\/srpski\\\/rebic-dogovor-iz-zagreba-olasace-mup-u-srbije\\\/\"},\"wordCount\":340,\"image\":{\"@id\":\"https:\\\/\\\/serbia.com\\\/srpski\\\/rebic-dogovor-iz-zagreba-olasace-mup-u-srbije\\\/#primaryimage\"},\"thumbnailUrl\":\"https:\\\/\\\/serbia.com\\\/wp-content\\\/uploads\\\/2016\\\/02\\\/vladimir-rebic-foto-mup-1450522259-807341.jpg\",\"keywords\":[\"MUP\",\"Sporazum iz Zagreba\",\"Vladimir Rebic\",\"Zagreb\"],\"articleSection\":[\"Vesti\"],\"inLanguage\":\"srpski\"},{\"@type\":\"WebPage\",\"@id\":\"https:\\\/\\\/serbia.com\\\/srpski\\\/rebic-dogovor-iz-zagreba-olasace-mup-u-srbije\\\/\",\"url\":\"https:\\\/\\\/serbia.com\\\/srpski\\\/rebic-dogovor-iz-zagreba-olasace-mup-u-srbije\\\/\",\"name\":\"Rebi\u0107: Dogovor iz Zagreba olak\u0161a\u0107e MUP-u Srbije - Serbia.com\",\"isPartOf\":{\"@id\":\"https:\\\/\\\/serbia.com\\\/#website\"},\"primaryImageOfPage\":{\"@id\":\"https:\\\/\\\/serbia.com\\\/srpski\\\/rebic-dogovor-iz-zagreba-olasace-mup-u-srbije\\\/#primaryimage\"},\"image\":{\"@id\":\"https:\\\/\\\/serbia.com\\\/srpski\\\/rebic-dogovor-iz-zagreba-olasace-mup-u-srbije\\\/#primaryimage\"},\"thumbnailUrl\":\"https:\\\/\\\/serbia.com\\\/wp-content\\\/uploads\\\/2016\\\/02\\\/vladimir-rebic-foto-mup-1450522259-807341.jpg\",\"datePublished\":\"2016-02-19T09:03:07+00:00\",\"author\":{\"@id\":\"https:\\\/\\\/serbia.com\\\/#\\\/schema\\\/person\\\/6fe28d3055f5f291d832531e555da490\"},\"breadcrumb\":{\"@id\":\"https:\\\/\\\/serbia.com\\\/srpski\\\/rebic-dogovor-iz-zagreba-olasace-mup-u-srbije\\\/#breadcrumb\"},\"inLanguage\":\"srpski\",\"potentialAction\":[{\"@type\":\"ReadAction\",\"target\":[\"https:\\\/\\\/serbia.com\\\/srpski\\\/rebic-dogovor-iz-zagreba-olasace-mup-u-srbije\\\/\"]}]},{\"@type\":\"ImageObject\",\"inLanguage\":\"srpski\",\"@id\":\"https:\\\/\\\/serbia.com\\\/srpski\\\/rebic-dogovor-iz-zagreba-olasace-mup-u-srbije\\\/#primaryimage\",\"url\":\"https:\\\/\\\/serbia.com\\\/wp-content\\\/uploads\\\/2016\\\/02\\\/vladimir-rebic-foto-mup-1450522259-807341.jpg\",\"contentUrl\":\"https:\\\/\\\/serbia.com\\\/wp-content\\\/uploads\\\/2016\\\/02\\\/vladimir-rebic-foto-mup-1450522259-807341.jpg\",\"width\":724,\"height\":489,\"caption\":\"Vladimir Rebic\"},{\"@type\":\"BreadcrumbList\",\"@id\":\"https:\\\/\\\/serbia.com\\\/srpski\\\/rebic-dogovor-iz-zagreba-olasace-mup-u-srbije\\\/#breadcrumb\",\"itemListElement\":[{\"@type\":\"ListItem\",\"position\":1,\"name\":\"Home\",\"item\":\"https:\\\/\\\/serbia.com\\\/srpski\\\/srbija\\\/\"},{\"@type\":\"ListItem\",\"position\":2,\"name\":\"Rebi\u0107: Dogovor iz Zagreba olak\u0161a\u0107e MUP-u Srbije\"}]},{\"@type\":\"WebSite\",\"@id\":\"https:\\\/\\\/serbia.com\\\/#website\",\"url\":\"https:\\\/\\\/serbia.com\\\/\",\"name\":\"Serbia.com\",\"description\":\"Your Gateway to Serbia\",\"potentialAction\":[{\"@type\":\"SearchAction\",\"target\":{\"@type\":\"EntryPoint\",\"urlTemplate\":\"https:\\\/\\\/serbia.com\\\/?s={search_term_string}\"},\"query-input\":{\"@type\":\"PropertyValueSpecification\",\"valueRequired\":true,\"valueName\":\"search_term_string\"}}],\"inLanguage\":\"srpski\"},{\"@type\":\"Person\",\"@id\":\"https:\\\/\\\/serbia.com\\\/#\\\/schema\\\/person\\\/6fe28d3055f5f291d832531e555da490\",\"name\":\"Serbia.com\",\"image\":{\"@type\":\"ImageObject\",\"inLanguage\":\"srpski\",\"@id\":\"https:\\\/\\\/secure.gravatar.com\\\/avatar\\\/8381eb54f5b393857857cb5fd6c42264c9e14b10435326bc567fcc3511bd8df4?s=96&d=mm&r=g\",\"url\":\"https:\\\/\\\/secure.gravatar.com\\\/avatar\\\/8381eb54f5b393857857cb5fd6c42264c9e14b10435326bc567fcc3511bd8df4?s=96&d=mm&r=g\",\"contentUrl\":\"https:\\\/\\\/secure.gravatar.com\\\/avatar\\\/8381eb54f5b393857857cb5fd6c42264c9e14b10435326bc567fcc3511bd8df4?s=96&d=mm&r=g\",\"caption\":\"Serbia.com\"},\"url\":\"https:\\\/\\\/serbia.com\\\/srpski\\\/author\\\/serbia-com\\\/\"}]}<\/script>\n<!-- \/ Yoast SEO plugin. -->","yoast_head_json":{"title":"Rebi\u0107: Dogovor iz Zagreba olak\u0161a\u0107e MUP-u Srbije - Serbia.com","robots":{"index":"index","follow":"follow","max-snippet":"max-snippet:-1","max-image-preview":"max-image-preview:large","max-video-preview":"max-video-preview:-1"},"canonical":"https:\/\/serbia.com\/srpski\/rebic-dogovor-iz-zagreba-olasace-mup-u-srbije\/","og_locale":"en_US","og_type":"article","og_title":"Rebi\u0107: Dogovor iz Zagreba olak\u0161a\u0107e MUP-u Srbije - Serbia.com","og_description":"Vr\u0161ilac du\u017enosti direktora srpske policije Vladimir Rebi\u0107 \u00a0izjavio je danas da \u0107e Protokol o saradnji koji su u Zagrebu potpisali \u0161efovi policija iz regiona staviti srpski MUP u povoljniji polo\u017eaj, [&hellip;]","og_url":"https:\/\/serbia.com\/srpski\/rebic-dogovor-iz-zagreba-olasace-mup-u-srbije\/","og_site_name":"Serbia.com","article_published_time":"2016-02-19T09:03:07+00:00","og_image":[{"width":724,"height":489,"url":"https:\/\/serbia.com\/wp-content\/uploads\/2016\/02\/vladimir-rebic-foto-mup-1450522259-807341.jpg","type":"image\/jpeg"}],"author":"Serbia.com","twitter_misc":{"Written by":"Serbia.com","Est. reading time":"2 minutes"},"schema":{"@context":"https:\/\/schema.org","@graph":[{"@type":"Article","@id":"https:\/\/serbia.com\/srpski\/rebic-dogovor-iz-zagreba-olasace-mup-u-srbije\/#article","isPartOf":{"@id":"https:\/\/serbia.com\/srpski\/rebic-dogovor-iz-zagreba-olasace-mup-u-srbije\/"},"author":{"name":"Serbia.com","@id":"https:\/\/serbia.com\/#\/schema\/person\/6fe28d3055f5f291d832531e555da490"},"headline":"Rebi\u0107: Dogovor iz Zagreba olak\u0161a\u0107e MUP-u Srbije","datePublished":"2016-02-19T09:03:07+00:00","mainEntityOfPage":{"@id":"https:\/\/serbia.com\/srpski\/rebic-dogovor-iz-zagreba-olasace-mup-u-srbije\/"},"wordCount":340,"image":{"@id":"https:\/\/serbia.com\/srpski\/rebic-dogovor-iz-zagreba-olasace-mup-u-srbije\/#primaryimage"},"thumbnailUrl":"https:\/\/serbia.com\/wp-content\/uploads\/2016\/02\/vladimir-rebic-foto-mup-1450522259-807341.jpg","keywords":["MUP","Sporazum iz Zagreba","Vladimir Rebic","Zagreb"],"articleSection":["Vesti"],"inLanguage":"srpski"},{"@type":"WebPage","@id":"https:\/\/serbia.com\/srpski\/rebic-dogovor-iz-zagreba-olasace-mup-u-srbije\/","url":"https:\/\/serbia.com\/srpski\/rebic-dogovor-iz-zagreba-olasace-mup-u-srbije\/","name":"Rebi\u0107: Dogovor iz Zagreba olak\u0161a\u0107e MUP-u Srbije - Serbia.com","isPartOf":{"@id":"https:\/\/serbia.com\/#website"},"primaryImageOfPage":{"@id":"https:\/\/serbia.com\/srpski\/rebic-dogovor-iz-zagreba-olasace-mup-u-srbije\/#primaryimage"},"image":{"@id":"https:\/\/serbia.com\/srpski\/rebic-dogovor-iz-zagreba-olasace-mup-u-srbije\/#primaryimage"},"thumbnailUrl":"https:\/\/serbia.com\/wp-content\/uploads\/2016\/02\/vladimir-rebic-foto-mup-1450522259-807341.jpg","datePublished":"2016-02-19T09:03:07+00:00","author":{"@id":"https:\/\/serbia.com\/#\/schema\/person\/6fe28d3055f5f291d832531e555da490"},"breadcrumb":{"@id":"https:\/\/serbia.com\/srpski\/rebic-dogovor-iz-zagreba-olasace-mup-u-srbije\/#breadcrumb"},"inLanguage":"srpski","potentialAction":[{"@type":"ReadAction","target":["https:\/\/serbia.com\/srpski\/rebic-dogovor-iz-zagreba-olasace-mup-u-srbije\/"]}]},{"@type":"ImageObject","inLanguage":"srpski","@id":"https:\/\/serbia.com\/srpski\/rebic-dogovor-iz-zagreba-olasace-mup-u-srbije\/#primaryimage","url":"https:\/\/serbia.com\/wp-content\/uploads\/2016\/02\/vladimir-rebic-foto-mup-1450522259-807341.jpg","contentUrl":"https:\/\/serbia.com\/wp-content\/uploads\/2016\/02\/vladimir-rebic-foto-mup-1450522259-807341.jpg","width":724,"height":489,"caption":"Vladimir Rebic"},{"@type":"BreadcrumbList","@id":"https:\/\/serbia.com\/srpski\/rebic-dogovor-iz-zagreba-olasace-mup-u-srbije\/#breadcrumb","itemListElement":[{"@type":"ListItem","position":1,"name":"Home","item":"https:\/\/serbia.com\/srpski\/srbija\/"},{"@type":"ListItem","position":2,"name":"Rebi\u0107: Dogovor iz Zagreba olak\u0161a\u0107e MUP-u Srbije"}]},{"@type":"WebSite","@id":"https:\/\/serbia.com\/#website","url":"https:\/\/serbia.com\/","name":"Serbia.com","description":"Your Gateway to Serbia","potentialAction":[{"@type":"SearchAction","target":{"@type":"EntryPoint","urlTemplate":"https:\/\/serbia.com\/?s={search_term_string}"},"query-input":{"@type":"PropertyValueSpecification","valueRequired":true,"valueName":"search_term_string"}}],"inLanguage":"srpski"},{"@type":"Person","@id":"https:\/\/serbia.com\/#\/schema\/person\/6fe28d3055f5f291d832531e555da490","name":"Serbia.com","image":{"@type":"ImageObject","inLanguage":"srpski","@id":"https:\/\/secure.gravatar.com\/avatar\/8381eb54f5b393857857cb5fd6c42264c9e14b10435326bc567fcc3511bd8df4?s=96&d=mm&r=g","url":"https:\/\/secure.gravatar.com\/avatar\/8381eb54f5b393857857cb5fd6c42264c9e14b10435326bc567fcc3511bd8df4?s=96&d=mm&r=g","contentUrl":"https:\/\/secure.gravatar.com\/avatar\/8381eb54f5b393857857cb5fd6c42264c9e14b10435326bc567fcc3511bd8df4?s=96&d=mm&r=g","caption":"Serbia.com"},"url":"https:\/\/serbia.com\/srpski\/author\/serbia-com\/"}]}},"brizy_media":[],"_links":{"self":[{"href":"https:\/\/serbia.com\/srpski\/wp-json\/wp\/v2\/posts\/46019","targetHints":{"allow":["GET"]}}],"collection":[{"href":"https:\/\/serbia.com\/srpski\/wp-json\/wp\/v2\/posts"}],"about":[{"href":"https:\/\/serbia.com\/srpski\/wp-json\/wp\/v2\/types\/post"}],"author":[{"embeddable":true,"href":"https:\/\/serbia.com\/srpski\/wp-json\/wp\/v2\/users\/9"}],"replies":[{"embeddable":true,"href":"https:\/\/serbia.com\/srpski\/wp-json\/wp\/v2\/comments?post=46019"}],"version-history":[{"count":0,"href":"https:\/\/serbia.com\/srpski\/wp-json\/wp\/v2\/posts\/46019\/revisions"}],"wp:featuredmedia":[{"embeddable":true,"href":"https:\/\/serbia.com\/srpski\/wp-json\/wp\/v2\/media\/46016"}],"wp:attachment":[{"href":"https:\/\/serbia.com\/srpski\/wp-json\/wp\/v2\/media?parent=46019"}],"wp:term":[{"taxonomy":"category","embeddable":true,"href":"https:\/\/serbia.com\/srpski\/wp-json\/wp\/v2\/categories?post=46019"},{"taxonomy":"post_tag","embeddable":true,"href":"https:\/\/serbia.com\/srpski\/wp-json\/wp\/v2\/tags?post=46019"}],"curies":[{"name":"wp","href":"https:\/\/api.w.org\/{rel}","templated":true}]}}