{"id":46013,"date":"2016-02-19T09:57:48","date_gmt":"2016-02-19T08:57:48","guid":{"rendered":"http:\/\/www.serbia.com\/srpski\/?p=46013"},"modified":"2016-02-19T09:57:48","modified_gmt":"2016-02-19T08:57:48","slug":"skat-sporazum-sa-nato-najnormalnija-stvar","status":"publish","type":"post","link":"https:\/\/serbia.com\/srpski\/skat-sporazum-sa-nato-najnormalnija-stvar\/","title":{"rendered":"Skat: Sporazum sa NATO najnormalnija stvar"},"content":{"rendered":"<h4>Ameri\u010dki ambasador u Srbiji Kajl Skat izjavio je danas da je Sporazum Srbije sa NATO-om \u00a0&#8220;najnormalnija stvar&#8221; i dodao da ne razume velike kontroverze u javnosti oko tog sporazuma.<\/h4>\n<p>On je, u Klini\u010dkom centru Srbije, kome je Evropska komanda ameri\u010dke vojske donirala opremu ta radiologiju, rekao da i to pokazuje da takav vid saradnje zna\u010di mnogo stvari, &#8220;ne samo kada je re\u010d o vojnoj, ve\u0107 i o medicinskoj tehnici&#8221;.<\/p>\n<p>Upitan kako se ose\u0107a u Srbiji, on je rekao da za 14 dana od kako je stupio na du\u017enost ambasadora, nije mogao mnogo da vidi, ali je ukazao da je posetio Sajam turizma, gde je video toliko mesta u Srbiji koje treba da obi\u0111e.<\/p>\n<p>&#8220;Moja kalendar \u0107e biti pun za narednih godinu dana &#8211; da vidim zemlju&#8221;, rekao je Skat.<\/p>\n<p>On je primetio da su ljudi i Srbiji vrlo ljubazni i otvoreni.<\/p>\n<p>Izvor: Tanjug<\/p>\n","protected":false},"excerpt":{"rendered":"<p>Ameri\u010dki ambasador u Srbiji Kajl Skat izjavio je danas da je Sporazum Srbije sa NATO-om \u00a0&#8220;najnormalnija stvar&#8221; i dodao da ne razume velike kontroverze u javnosti oko tog sporazuma. On [&hellip;]<\/p>\n","protected":false},"author":9,"featured_media":46010,"comment_status":"closed","ping_status":"closed","sticky":false,"template":"","format":"standard","meta":{"_acf_changed":false,"inline_featured_image":false,"_monsterinsights_skip_tracking":false,"_monsterinsights_sitenote_active":false,"_monsterinsights_sitenote_note":"","_monsterinsights_sitenote_category":0,"footnotes":""},"categories":[2700],"tags":[4812,3911,1209],"class_list":["post-46013","post","type-post","status-publish","format-standard","has-post-thumbnail","hentry","category-vesti","tag-kajl-skat","tag-nato","tag-sad-srpski"],"acf":[],"yoast_head":"<!-- This site is optimized with the Yoast SEO plugin v27.4 - https:\/\/yoast.com\/product\/yoast-seo-wordpress\/ -->\n<title>Skat: Sporazum sa NATO najnormalnija stvar - Serbia.com<\/title>\n<meta name=\"robots\" content=\"index, follow, max-snippet:-1, max-image-preview:large, max-video-preview:-1\" \/>\n<link rel=\"canonical\" href=\"https:\/\/serbia.com\/srpski\/skat-sporazum-sa-nato-najnormalnija-stvar\/\" \/>\n<meta property=\"og:locale\" content=\"en_US\" \/>\n<meta property=\"og:type\" content=\"article\" \/>\n<meta property=\"og:title\" content=\"Skat: Sporazum sa NATO najnormalnija stvar - Serbia.com\" \/>\n<meta property=\"og:description\" content=\"Ameri\u010dki ambasador u Srbiji Kajl Skat izjavio je danas da je Sporazum Srbije sa NATO-om \u00a0&#8220;najnormalnija stvar&#8221; i dodao da ne razume velike kontroverze u javnosti oko tog sporazuma. On [&hellip;]\" \/>\n<meta property=\"og:url\" content=\"https:\/\/serbia.com\/srpski\/skat-sporazum-sa-nato-najnormalnija-stvar\/\" \/>\n<meta property=\"og:site_name\" content=\"Serbia.com\" \/>\n<meta property=\"article:published_time\" content=\"2016-02-19T08:57:48+00:00\" \/>\n<meta property=\"og:image\" content=\"https:\/\/serbia.com\/wp-content\/uploads\/2016\/02\/Flag_of_NATO.svg_.jpg\" \/>\n\t<meta property=\"og:image:width\" content=\"800\" \/>\n\t<meta property=\"og:image:height\" content=\"524\" \/>\n\t<meta property=\"og:image:type\" content=\"image\/jpeg\" \/>\n<meta name=\"author\" content=\"Serbia.com\" \/>\n<meta name=\"twitter:label1\" content=\"Written by\" \/>\n\t<meta name=\"twitter:data1\" content=\"Serbia.com\" \/>\n\t<meta name=\"twitter:label2\" content=\"Est. reading time\" \/>\n\t<meta name=\"twitter:data2\" content=\"1 minute\" \/>\n<script type=\"application\/ld+json\" class=\"yoast-schema-graph\">{\"@context\":\"https:\\\/\\\/schema.org\",\"@graph\":[{\"@type\":\"Article\",\"@id\":\"https:\\\/\\\/serbia.com\\\/srpski\\\/skat-sporazum-sa-nato-najnormalnija-stvar\\\/#article\",\"isPartOf\":{\"@id\":\"https:\\\/\\\/serbia.com\\\/srpski\\\/skat-sporazum-sa-nato-najnormalnija-stvar\\\/\"},\"author\":{\"name\":\"Serbia.com\",\"@id\":\"https:\\\/\\\/serbia.com\\\/#\\\/schema\\\/person\\\/6fe28d3055f5f291d832531e555da490\"},\"headline\":\"Skat: Sporazum sa NATO najnormalnija stvar\",\"datePublished\":\"2016-02-19T08:57:48+00:00\",\"mainEntityOfPage\":{\"@id\":\"https:\\\/\\\/serbia.com\\\/srpski\\\/skat-sporazum-sa-nato-najnormalnija-stvar\\\/\"},\"wordCount\":155,\"image\":{\"@id\":\"https:\\\/\\\/serbia.com\\\/srpski\\\/skat-sporazum-sa-nato-najnormalnija-stvar\\\/#primaryimage\"},\"thumbnailUrl\":\"https:\\\/\\\/serbia.com\\\/wp-content\\\/uploads\\\/2016\\\/02\\\/Flag_of_NATO.svg_.jpg\",\"keywords\":[\"Kajl Skat\",\"NATO\",\"SAD\"],\"articleSection\":[\"Vesti\"],\"inLanguage\":\"srpski\"},{\"@type\":\"WebPage\",\"@id\":\"https:\\\/\\\/serbia.com\\\/srpski\\\/skat-sporazum-sa-nato-najnormalnija-stvar\\\/\",\"url\":\"https:\\\/\\\/serbia.com\\\/srpski\\\/skat-sporazum-sa-nato-najnormalnija-stvar\\\/\",\"name\":\"Skat: Sporazum sa NATO najnormalnija stvar - Serbia.com\",\"isPartOf\":{\"@id\":\"https:\\\/\\\/serbia.com\\\/#website\"},\"primaryImageOfPage\":{\"@id\":\"https:\\\/\\\/serbia.com\\\/srpski\\\/skat-sporazum-sa-nato-najnormalnija-stvar\\\/#primaryimage\"},\"image\":{\"@id\":\"https:\\\/\\\/serbia.com\\\/srpski\\\/skat-sporazum-sa-nato-najnormalnija-stvar\\\/#primaryimage\"},\"thumbnailUrl\":\"https:\\\/\\\/serbia.com\\\/wp-content\\\/uploads\\\/2016\\\/02\\\/Flag_of_NATO.svg_.jpg\",\"datePublished\":\"2016-02-19T08:57:48+00:00\",\"author\":{\"@id\":\"https:\\\/\\\/serbia.com\\\/#\\\/schema\\\/person\\\/6fe28d3055f5f291d832531e555da490\"},\"breadcrumb\":{\"@id\":\"https:\\\/\\\/serbia.com\\\/srpski\\\/skat-sporazum-sa-nato-najnormalnija-stvar\\\/#breadcrumb\"},\"inLanguage\":\"srpski\",\"potentialAction\":[{\"@type\":\"ReadAction\",\"target\":[\"https:\\\/\\\/serbia.com\\\/srpski\\\/skat-sporazum-sa-nato-najnormalnija-stvar\\\/\"]}]},{\"@type\":\"ImageObject\",\"inLanguage\":\"srpski\",\"@id\":\"https:\\\/\\\/serbia.com\\\/srpski\\\/skat-sporazum-sa-nato-najnormalnija-stvar\\\/#primaryimage\",\"url\":\"https:\\\/\\\/serbia.com\\\/wp-content\\\/uploads\\\/2016\\\/02\\\/Flag_of_NATO.svg_.jpg\",\"contentUrl\":\"https:\\\/\\\/serbia.com\\\/wp-content\\\/uploads\\\/2016\\\/02\\\/Flag_of_NATO.svg_.jpg\",\"width\":800,\"height\":524,\"caption\":\"Flag of NATO\"},{\"@type\":\"BreadcrumbList\",\"@id\":\"https:\\\/\\\/serbia.com\\\/srpski\\\/skat-sporazum-sa-nato-najnormalnija-stvar\\\/#breadcrumb\",\"itemListElement\":[{\"@type\":\"ListItem\",\"position\":1,\"name\":\"Home\",\"item\":\"https:\\\/\\\/serbia.com\\\/srpski\\\/srbija\\\/\"},{\"@type\":\"ListItem\",\"position\":2,\"name\":\"Skat: Sporazum sa NATO najnormalnija stvar\"}]},{\"@type\":\"WebSite\",\"@id\":\"https:\\\/\\\/serbia.com\\\/#website\",\"url\":\"https:\\\/\\\/serbia.com\\\/\",\"name\":\"Serbia.com\",\"description\":\"Your Gateway to Serbia\",\"potentialAction\":[{\"@type\":\"SearchAction\",\"target\":{\"@type\":\"EntryPoint\",\"urlTemplate\":\"https:\\\/\\\/serbia.com\\\/?s={search_term_string}\"},\"query-input\":{\"@type\":\"PropertyValueSpecification\",\"valueRequired\":true,\"valueName\":\"search_term_string\"}}],\"inLanguage\":\"srpski\"},{\"@type\":\"Person\",\"@id\":\"https:\\\/\\\/serbia.com\\\/#\\\/schema\\\/person\\\/6fe28d3055f5f291d832531e555da490\",\"name\":\"Serbia.com\",\"image\":{\"@type\":\"ImageObject\",\"inLanguage\":\"srpski\",\"@id\":\"https:\\\/\\\/secure.gravatar.com\\\/avatar\\\/8381eb54f5b393857857cb5fd6c42264c9e14b10435326bc567fcc3511bd8df4?s=96&d=mm&r=g\",\"url\":\"https:\\\/\\\/secure.gravatar.com\\\/avatar\\\/8381eb54f5b393857857cb5fd6c42264c9e14b10435326bc567fcc3511bd8df4?s=96&d=mm&r=g\",\"contentUrl\":\"https:\\\/\\\/secure.gravatar.com\\\/avatar\\\/8381eb54f5b393857857cb5fd6c42264c9e14b10435326bc567fcc3511bd8df4?s=96&d=mm&r=g\",\"caption\":\"Serbia.com\"},\"url\":\"https:\\\/\\\/serbia.com\\\/srpski\\\/author\\\/serbia-com\\\/\"}]}<\/script>\n<!-- \/ Yoast SEO plugin. -->","yoast_head_json":{"title":"Skat: Sporazum sa NATO najnormalnija stvar - Serbia.com","robots":{"index":"index","follow":"follow","max-snippet":"max-snippet:-1","max-image-preview":"max-image-preview:large","max-video-preview":"max-video-preview:-1"},"canonical":"https:\/\/serbia.com\/srpski\/skat-sporazum-sa-nato-najnormalnija-stvar\/","og_locale":"en_US","og_type":"article","og_title":"Skat: Sporazum sa NATO najnormalnija stvar - Serbia.com","og_description":"Ameri\u010dki ambasador u Srbiji Kajl Skat izjavio je danas da je Sporazum Srbije sa NATO-om \u00a0&#8220;najnormalnija stvar&#8221; i dodao da ne razume velike kontroverze u javnosti oko tog sporazuma. On [&hellip;]","og_url":"https:\/\/serbia.com\/srpski\/skat-sporazum-sa-nato-najnormalnija-stvar\/","og_site_name":"Serbia.com","article_published_time":"2016-02-19T08:57:48+00:00","og_image":[{"width":800,"height":524,"url":"https:\/\/serbia.com\/wp-content\/uploads\/2016\/02\/Flag_of_NATO.svg_.jpg","type":"image\/jpeg"}],"author":"Serbia.com","twitter_misc":{"Written by":"Serbia.com","Est. reading time":"1 minute"},"schema":{"@context":"https:\/\/schema.org","@graph":[{"@type":"Article","@id":"https:\/\/serbia.com\/srpski\/skat-sporazum-sa-nato-najnormalnija-stvar\/#article","isPartOf":{"@id":"https:\/\/serbia.com\/srpski\/skat-sporazum-sa-nato-najnormalnija-stvar\/"},"author":{"name":"Serbia.com","@id":"https:\/\/serbia.com\/#\/schema\/person\/6fe28d3055f5f291d832531e555da490"},"headline":"Skat: Sporazum sa NATO najnormalnija stvar","datePublished":"2016-02-19T08:57:48+00:00","mainEntityOfPage":{"@id":"https:\/\/serbia.com\/srpski\/skat-sporazum-sa-nato-najnormalnija-stvar\/"},"wordCount":155,"image":{"@id":"https:\/\/serbia.com\/srpski\/skat-sporazum-sa-nato-najnormalnija-stvar\/#primaryimage"},"thumbnailUrl":"https:\/\/serbia.com\/wp-content\/uploads\/2016\/02\/Flag_of_NATO.svg_.jpg","keywords":["Kajl Skat","NATO","SAD"],"articleSection":["Vesti"],"inLanguage":"srpski"},{"@type":"WebPage","@id":"https:\/\/serbia.com\/srpski\/skat-sporazum-sa-nato-najnormalnija-stvar\/","url":"https:\/\/serbia.com\/srpski\/skat-sporazum-sa-nato-najnormalnija-stvar\/","name":"Skat: Sporazum sa NATO najnormalnija stvar - Serbia.com","isPartOf":{"@id":"https:\/\/serbia.com\/#website"},"primaryImageOfPage":{"@id":"https:\/\/serbia.com\/srpski\/skat-sporazum-sa-nato-najnormalnija-stvar\/#primaryimage"},"image":{"@id":"https:\/\/serbia.com\/srpski\/skat-sporazum-sa-nato-najnormalnija-stvar\/#primaryimage"},"thumbnailUrl":"https:\/\/serbia.com\/wp-content\/uploads\/2016\/02\/Flag_of_NATO.svg_.jpg","datePublished":"2016-02-19T08:57:48+00:00","author":{"@id":"https:\/\/serbia.com\/#\/schema\/person\/6fe28d3055f5f291d832531e555da490"},"breadcrumb":{"@id":"https:\/\/serbia.com\/srpski\/skat-sporazum-sa-nato-najnormalnija-stvar\/#breadcrumb"},"inLanguage":"srpski","potentialAction":[{"@type":"ReadAction","target":["https:\/\/serbia.com\/srpski\/skat-sporazum-sa-nato-najnormalnija-stvar\/"]}]},{"@type":"ImageObject","inLanguage":"srpski","@id":"https:\/\/serbia.com\/srpski\/skat-sporazum-sa-nato-najnormalnija-stvar\/#primaryimage","url":"https:\/\/serbia.com\/wp-content\/uploads\/2016\/02\/Flag_of_NATO.svg_.jpg","contentUrl":"https:\/\/serbia.com\/wp-content\/uploads\/2016\/02\/Flag_of_NATO.svg_.jpg","width":800,"height":524,"caption":"Flag of NATO"},{"@type":"BreadcrumbList","@id":"https:\/\/serbia.com\/srpski\/skat-sporazum-sa-nato-najnormalnija-stvar\/#breadcrumb","itemListElement":[{"@type":"ListItem","position":1,"name":"Home","item":"https:\/\/serbia.com\/srpski\/srbija\/"},{"@type":"ListItem","position":2,"name":"Skat: Sporazum sa NATO najnormalnija stvar"}]},{"@type":"WebSite","@id":"https:\/\/serbia.com\/#website","url":"https:\/\/serbia.com\/","name":"Serbia.com","description":"Your Gateway to Serbia","potentialAction":[{"@type":"SearchAction","target":{"@type":"EntryPoint","urlTemplate":"https:\/\/serbia.com\/?s={search_term_string}"},"query-input":{"@type":"PropertyValueSpecification","valueRequired":true,"valueName":"search_term_string"}}],"inLanguage":"srpski"},{"@type":"Person","@id":"https:\/\/serbia.com\/#\/schema\/person\/6fe28d3055f5f291d832531e555da490","name":"Serbia.com","image":{"@type":"ImageObject","inLanguage":"srpski","@id":"https:\/\/secure.gravatar.com\/avatar\/8381eb54f5b393857857cb5fd6c42264c9e14b10435326bc567fcc3511bd8df4?s=96&d=mm&r=g","url":"https:\/\/secure.gravatar.com\/avatar\/8381eb54f5b393857857cb5fd6c42264c9e14b10435326bc567fcc3511bd8df4?s=96&d=mm&r=g","contentUrl":"https:\/\/secure.gravatar.com\/avatar\/8381eb54f5b393857857cb5fd6c42264c9e14b10435326bc567fcc3511bd8df4?s=96&d=mm&r=g","caption":"Serbia.com"},"url":"https:\/\/serbia.com\/srpski\/author\/serbia-com\/"}]}},"brizy_media":[],"_links":{"self":[{"href":"https:\/\/serbia.com\/srpski\/wp-json\/wp\/v2\/posts\/46013","targetHints":{"allow":["GET"]}}],"collection":[{"href":"https:\/\/serbia.com\/srpski\/wp-json\/wp\/v2\/posts"}],"about":[{"href":"https:\/\/serbia.com\/srpski\/wp-json\/wp\/v2\/types\/post"}],"author":[{"embeddable":true,"href":"https:\/\/serbia.com\/srpski\/wp-json\/wp\/v2\/users\/9"}],"replies":[{"embeddable":true,"href":"https:\/\/serbia.com\/srpski\/wp-json\/wp\/v2\/comments?post=46013"}],"version-history":[{"count":0,"href":"https:\/\/serbia.com\/srpski\/wp-json\/wp\/v2\/posts\/46013\/revisions"}],"wp:featuredmedia":[{"embeddable":true,"href":"https:\/\/serbia.com\/srpski\/wp-json\/wp\/v2\/media\/46010"}],"wp:attachment":[{"href":"https:\/\/serbia.com\/srpski\/wp-json\/wp\/v2\/media?parent=46013"}],"wp:term":[{"taxonomy":"category","embeddable":true,"href":"https:\/\/serbia.com\/srpski\/wp-json\/wp\/v2\/categories?post=46013"},{"taxonomy":"post_tag","embeddable":true,"href":"https:\/\/serbia.com\/srpski\/wp-json\/wp\/v2\/tags?post=46013"}],"curies":[{"name":"wp","href":"https:\/\/api.w.org\/{rel}","templated":true}]}}